{"id":6756,"date":"2021-06-27T21:33:00","date_gmt":"2021-06-28T00:33:00","guid":{"rendered":"https:\/\/fadeu.urantiacos.cl\/?p=6756"},"modified":"2023-09-07T21:34:49","modified_gmt":"2023-09-08T00:34:49","slug":"horacio-torrent-fue-el-editor-invitado-del-numero-64-del-docomomo-journal","status":"publish","type":"post","link":"https:\/\/fadeu.urantiacos.cl\/en\/2021\/06\/27\/horacio-torrent-fue-el-editor-invitado-del-numero-64-del-docomomo-journal\/","title":{"rendered":"Horacio Torrent fue el editor invitado del n\u00famero 64 del Docomomo Journal"},"content":{"rendered":"\n<figure class=\"wp-block-image size-full\"><img decoding=\"async\" width=\"350\" height=\"250\" src=\"https:\/\/fadeu.urantiacos.cl\/wp-content\/uploads\/2023\/09\/DJ-64_cover-1-scaled_web.jpg\" alt=\"\" class=\"wp-image-6757\" srcset=\"https:\/\/fadeu.urantiacos.cl\/wp-content\/uploads\/2023\/09\/DJ-64_cover-1-scaled_web.jpg 350w, https:\/\/fadeu.urantiacos.cl\/wp-content\/uploads\/2023\/09\/DJ-64_cover-1-scaled_web-300x214.jpg 300w\" sizes=\"(max-width: 350px) 100vw, 350px\" \/><\/figure>\n\n\n\n<p>Bajo el t\u00edtulo &#8220;Searching Paradise&#8221;, los editores invitados Louise Noelle y Horacio Torrent introdujeron la tem\u00e1tica del n\u00famero 64 del Docomomo Journal, dedicado a la casa unifamiliar del Movimiento Moderno. Este texto inicial va acompa\u00f1ado de una serie comparativa con las plantas de las casas presentadas a lo largo de la revista, labor organizada por el profesor ARQ UC Horacio Torrent y cuyo trabajo gr\u00e1fico estuvo a cargo de la profesora ARQ UC Mar\u00eda de la Paz Fa\u00fandez.&nbsp;A la introducci\u00f3n de los editores invitados, le sigue la editorial &#8220;The Home at the core of Modernity, an optimistic architecture&#8221;, texto de la editora general del Docomomo Journal, la arquitecta e historiadora portuguesa Ana Tost\u00f5es.<\/p>\n\n\n\n<p>Por otro lado, el n\u00famero incluye los art\u00edculos: &#8220;Modern Heritage, organic space, material permanence: Torres Posse House in Taf\u00ed del Valle&#8221;, escrito por el profesor ARQ UC Horacio Torrent junto a Anna Braghini, candidata al Doctorado en Arquitectura y Estudios Urbanos UC, y las acad\u00e9micas argentinas Olga Paterlini y Laura Cuezzo; y &#8220;Past Readings, Present Findings: on Intervening Emilio Duhart\u2019s PDVN House&#8221; de los profesores ARQ UC Loreto Lyon y Alejandro Beals.<\/p>\n\n\n\n<p>Junto con obras de \u00c1lvaro Siza (Portugal), Richard Neutra (Austria), Eduardo Sacriste (Argentina), Gregori Warchavchik (Ukrania), Emilio Duhart (Chile), Augusto \u00c1lvarez (M\u00e9xico), Koji Fujii (Jap\u00f3n), Iwan Iwanoff (Bulgaria), Ernst May (Kenia)&nbsp; y Henry Klumb (Puerto Rico), entre otros; la revista incluye textos de autores como Ruth Verde Zein (Brasil), Scott Robertson y Noni Boyd, (Australia), Richard Klein (Francia), Silvia Segarra (Italia), Akira Matsukuma (Jap\u00f3n), Andr\u00e9s Mignucci (Puerto Rico) y Lourdes Cruz (M\u00e9xico) y Ana Tost\u00f5es (Portugal).<\/p>\n\n\n\n<p>Sobre Docomomo Journal #64_<br>Entendiendo el rol clave que jugaron las casas unifamiliares en la definici\u00f3n ideal de la arquitectura del Movimiento Moderno, el n\u00famero aborda no s\u00f3lo la transformaci\u00f3n de la vida cotidiana, sino tambi\u00e9n los desaf\u00edos arquitect\u00f3nicos que surgieron de la &#8220;alegr\u00eda contenida&#8221; en lo que podr\u00eda llamarse la \u201carquitectura de la felicidad\u201d. Mientras seguimos soportando una pandemia que ya lleva m\u00e1s de un a\u00f1o, Docomomo desea declarar que &#8220;hasta el momento, los arquitectos inventaron la mejor vacuna para prevenir el contagio: la casa\u201d.<\/p>\n\n\n\n<p>Leer Docomomo Journal #64 en el siguiente&nbsp;<a href=\"https:\/\/www.docomomo.com\/journal\/modern-houses\" target=\"_blank\" rel=\"noreferrer noopener\">link<\/a>&nbsp;<\/p>\n\n\n\n<p>Noticias<br>Contacto:&nbsp;<a href=\"mailto:redesarq@uc.cl\">redesarq@uc.cl<\/a>&nbsp;| +56 2 2354 7747<br>www.arquitectura.uc.cl<\/p>\n","protected":false},"excerpt":{"rendered":"<p>El profesor ARQ UC fue invitado a participar como editor \u2014junto a la acad\u00e9mica mexicana Louise Noelle\u2014 de este n\u00famero dedicado a la vivienda moderna, recientemente lanzado al p\u00fablico en formato open source.<\/p>\n","protected":false},"author":1,"featured_media":6757,"comment_status":"open","ping_status":"open","sticky":false,"template":"","format":"standard","meta":{"_acf_changed":false,"footnotes":""},"categories":[1],"tags":[],"class_list":["post-6756","post","type-post","status-publish","format-standard","has-post-thumbnail","hentry","category-sin-categorizar"],"acf":[],"yoast_head":"<!-- This site is optimized with the Yoast SEO plugin v27.1.1 - https:\/\/yoast.com\/product\/yoast-seo-wordpress\/ -->\n<title>Horacio Torrent fue el editor invitado del n\u00famero 64 del Docomomo Journal - Facultad de Arquitectura, Dise\u00f1o y Estudios Urbanos<\/title>\n<meta name=\"description\" content=\"El profesor ARQ UC fue invitado a participar como editor \u2014junto a la acad\u00e9mica mexicana Louise Noelle\u2014 de este n\u00famero dedicado a la vivienda moderna, recientemente lanzado al p\u00fablico en formato open source.\" \/>\n<meta name=\"robots\" content=\"index, follow, max-snippet:-1, max-image-preview:large, max-video-preview:-1\" \/>\n<link rel=\"canonical\" href=\"https:\/\/fadeu.urantiacos.cl\/en\/2021\/06\/27\/horacio-torrent-fue-el-editor-invitado-del-numero-64-del-docomomo-journal\/\" \/>\n<meta property=\"og:locale\" content=\"en_US\" \/>\n<meta property=\"og:type\" content=\"article\" \/>\n<meta property=\"og:title\" content=\"Horacio Torrent fue el editor invitado del n\u00famero 64 del Docomomo Journal - Facultad de Arquitectura, Dise\u00f1o y Estudios Urbanos\" \/>\n<meta property=\"og:description\" content=\"El profesor ARQ UC fue invitado a participar como editor \u2014junto a la acad\u00e9mica mexicana Louise Noelle\u2014 de este n\u00famero dedicado a la vivienda moderna, recientemente lanzado al p\u00fablico en formato open source.\" \/>\n<meta property=\"og:url\" content=\"https:\/\/fadeu.urantiacos.cl\/en\/2021\/06\/27\/horacio-torrent-fue-el-editor-invitado-del-numero-64-del-docomomo-journal\/\" \/>\n<meta property=\"og:site_name\" content=\"Facultad de Arquitectura, Dise\u00f1o y Estudios Urbanos\" \/>\n<meta property=\"article:published_time\" content=\"2021-06-28T00:33:00+00:00\" \/>\n<meta property=\"article:modified_time\" content=\"2023-09-08T00:34:49+00:00\" \/>\n<meta property=\"og:image\" content=\"https:\/\/fadeu.urantiacos.cl\/wp-content\/uploads\/2023\/09\/DJ-64_cover-1-scaled_web.jpg\" \/>\n\t<meta property=\"og:image:width\" content=\"350\" \/>\n\t<meta property=\"og:image:height\" content=\"250\" \/>\n\t<meta property=\"og:image:type\" content=\"image\/jpeg\" \/>\n<meta name=\"author\" content=\"manadmin\" \/>\n<meta name=\"twitter:card\" content=\"summary_large_image\" \/>\n<meta name=\"twitter:label1\" content=\"Written by\" \/>\n\t<meta name=\"twitter:data1\" content=\"manadmin\" \/>\n\t<meta name=\"twitter:label2\" content=\"Est. reading time\" \/>\n\t<meta name=\"twitter:data2\" content=\"2 minutes\" \/>\n<script type=\"application\/ld+json\" class=\"yoast-schema-graph\">{\"@context\":\"https:\/\/schema.org\",\"@graph\":[{\"@type\":\"Article\",\"@id\":\"https:\/\/fadeu.urantiacos.cl\/en\/2021\/06\/27\/horacio-torrent-fue-el-editor-invitado-del-numero-64-del-docomomo-journal\/#article\",\"isPartOf\":{\"@id\":\"https:\/\/fadeu.urantiacos.cl\/en\/2021\/06\/27\/horacio-torrent-fue-el-editor-invitado-del-numero-64-del-docomomo-journal\/\"},\"author\":{\"name\":\"manadmin\",\"@id\":\"https:\/\/fadeu.urantiacos.cl\/en\/#\/schema\/person\/d203e2e84b1c40275eac77b3061a19a2\"},\"headline\":\"Horacio Torrent fue el editor invitado del n\u00famero 64 del Docomomo Journal\",\"datePublished\":\"2021-06-28T00:33:00+00:00\",\"dateModified\":\"2023-09-08T00:34:49+00:00\",\"mainEntityOfPage\":{\"@id\":\"https:\/\/fadeu.urantiacos.cl\/en\/2021\/06\/27\/horacio-torrent-fue-el-editor-invitado-del-numero-64-del-docomomo-journal\/\"},\"wordCount\":409,\"commentCount\":0,\"image\":{\"@id\":\"https:\/\/fadeu.urantiacos.cl\/en\/2021\/06\/27\/horacio-torrent-fue-el-editor-invitado-del-numero-64-del-docomomo-journal\/#primaryimage\"},\"thumbnailUrl\":\"https:\/\/fadeu.urantiacos.cl\/wp-content\/uploads\/2023\/09\/DJ-64_cover-1-scaled_web.jpg\",\"articleSection\":[\"Sin categorizar\"],\"inLanguage\":\"en-US\",\"potentialAction\":[{\"@type\":\"CommentAction\",\"name\":\"Comment\",\"target\":[\"https:\/\/fadeu.urantiacos.cl\/en\/2021\/06\/27\/horacio-torrent-fue-el-editor-invitado-del-numero-64-del-docomomo-journal\/#respond\"]}]},{\"@type\":\"WebPage\",\"@id\":\"https:\/\/fadeu.urantiacos.cl\/en\/2021\/06\/27\/horacio-torrent-fue-el-editor-invitado-del-numero-64-del-docomomo-journal\/\",\"url\":\"https:\/\/fadeu.urantiacos.cl\/en\/2021\/06\/27\/horacio-torrent-fue-el-editor-invitado-del-numero-64-del-docomomo-journal\/\",\"name\":\"Horacio Torrent fue el editor invitado del n\u00famero 64 del Docomomo Journal - Facultad de Arquitectura, Dise\u00f1o y Estudios Urbanos\",\"isPartOf\":{\"@id\":\"https:\/\/fadeu.urantiacos.cl\/en\/#website\"},\"primaryImageOfPage\":{\"@id\":\"https:\/\/fadeu.urantiacos.cl\/en\/2021\/06\/27\/horacio-torrent-fue-el-editor-invitado-del-numero-64-del-docomomo-journal\/#primaryimage\"},\"image\":{\"@id\":\"https:\/\/fadeu.urantiacos.cl\/en\/2021\/06\/27\/horacio-torrent-fue-el-editor-invitado-del-numero-64-del-docomomo-journal\/#primaryimage\"},\"thumbnailUrl\":\"https:\/\/fadeu.urantiacos.cl\/wp-content\/uploads\/2023\/09\/DJ-64_cover-1-scaled_web.jpg\",\"datePublished\":\"2021-06-28T00:33:00+00:00\",\"dateModified\":\"2023-09-08T00:34:49+00:00\",\"author\":{\"@id\":\"https:\/\/fadeu.urantiacos.cl\/en\/#\/schema\/person\/d203e2e84b1c40275eac77b3061a19a2\"},\"description\":\"El profesor ARQ UC fue invitado a participar como editor \u2014junto a la acad\u00e9mica mexicana Louise Noelle\u2014 de este n\u00famero dedicado a la vivienda moderna, recientemente lanzado al p\u00fablico en formato open source.\",\"breadcrumb\":{\"@id\":\"https:\/\/fadeu.urantiacos.cl\/en\/2021\/06\/27\/horacio-torrent-fue-el-editor-invitado-del-numero-64-del-docomomo-journal\/#breadcrumb\"},\"inLanguage\":\"en-US\",\"potentialAction\":[{\"@type\":\"ReadAction\",\"target\":[\"https:\/\/fadeu.urantiacos.cl\/en\/2021\/06\/27\/horacio-torrent-fue-el-editor-invitado-del-numero-64-del-docomomo-journal\/\"]}]},{\"@type\":\"ImageObject\",\"inLanguage\":\"en-US\",\"@id\":\"https:\/\/fadeu.urantiacos.cl\/en\/2021\/06\/27\/horacio-torrent-fue-el-editor-invitado-del-numero-64-del-docomomo-journal\/#primaryimage\",\"url\":\"https:\/\/fadeu.urantiacos.cl\/wp-content\/uploads\/2023\/09\/DJ-64_cover-1-scaled_web.jpg\",\"contentUrl\":\"https:\/\/fadeu.urantiacos.cl\/wp-content\/uploads\/2023\/09\/DJ-64_cover-1-scaled_web.jpg\",\"width\":350,\"height\":250},{\"@type\":\"BreadcrumbList\",\"@id\":\"https:\/\/fadeu.urantiacos.cl\/en\/2021\/06\/27\/horacio-torrent-fue-el-editor-invitado-del-numero-64-del-docomomo-journal\/#breadcrumb\",\"itemListElement\":[{\"@type\":\"ListItem\",\"position\":1,\"name\":\"Portada\",\"item\":\"https:\/\/fadeu.urantiacos.cl\/en\/\"},{\"@type\":\"ListItem\",\"position\":2,\"name\":\"Horacio Torrent fue el editor invitado del n\u00famero 64 del Docomomo Journal\"}]},{\"@type\":\"WebSite\",\"@id\":\"https:\/\/fadeu.urantiacos.cl\/en\/#website\",\"url\":\"https:\/\/fadeu.urantiacos.cl\/en\/\",\"name\":\"Facultad de Arquitectura, Dise\u00f1o y Estudios Urbanos\",\"description\":\"Campus Lo Contador\",\"potentialAction\":[{\"@type\":\"SearchAction\",\"target\":{\"@type\":\"EntryPoint\",\"urlTemplate\":\"https:\/\/fadeu.urantiacos.cl\/en\/?s={search_term_string}\"},\"query-input\":{\"@type\":\"PropertyValueSpecification\",\"valueRequired\":true,\"valueName\":\"search_term_string\"}}],\"inLanguage\":\"en-US\"},{\"@type\":\"Person\",\"@id\":\"https:\/\/fadeu.urantiacos.cl\/en\/#\/schema\/person\/d203e2e84b1c40275eac77b3061a19a2\",\"name\":\"manadmin\",\"image\":{\"@type\":\"ImageObject\",\"inLanguage\":\"en-US\",\"@id\":\"https:\/\/fadeu.urantiacos.cl\/en\/#\/schema\/person\/image\/\",\"url\":\"https:\/\/secure.gravatar.com\/avatar\/4b1d8e3303b4a9d8968ac578947d8bc80d9aea359f388cdd4aac15cadc0e8447?s=96&d=mm&r=g\",\"contentUrl\":\"https:\/\/secure.gravatar.com\/avatar\/4b1d8e3303b4a9d8968ac578947d8bc80d9aea359f388cdd4aac15cadc0e8447?s=96&d=mm&r=g\",\"caption\":\"manadmin\"},\"sameAs\":[\"https:\/\/fadeu.urantiacos.cl\"]}]}<\/script>\n<!-- \/ Yoast SEO plugin. -->","yoast_head_json":{"title":"Horacio Torrent fue el editor invitado del n\u00famero 64 del Docomomo Journal - Facultad de Arquitectura, Dise\u00f1o y Estudios Urbanos","description":"El profesor ARQ UC fue invitado a participar como editor \u2014junto a la acad\u00e9mica mexicana Louise Noelle\u2014 de este n\u00famero dedicado a la vivienda moderna, recientemente lanzado al p\u00fablico en formato open source.","robots":{"index":"index","follow":"follow","max-snippet":"max-snippet:-1","max-image-preview":"max-image-preview:large","max-video-preview":"max-video-preview:-1"},"canonical":"https:\/\/fadeu.urantiacos.cl\/en\/2021\/06\/27\/horacio-torrent-fue-el-editor-invitado-del-numero-64-del-docomomo-journal\/","og_locale":"en_US","og_type":"article","og_title":"Horacio Torrent fue el editor invitado del n\u00famero 64 del Docomomo Journal - Facultad de Arquitectura, Dise\u00f1o y Estudios Urbanos","og_description":"El profesor ARQ UC fue invitado a participar como editor \u2014junto a la acad\u00e9mica mexicana Louise Noelle\u2014 de este n\u00famero dedicado a la vivienda moderna, recientemente lanzado al p\u00fablico en formato open source.","og_url":"https:\/\/fadeu.urantiacos.cl\/en\/2021\/06\/27\/horacio-torrent-fue-el-editor-invitado-del-numero-64-del-docomomo-journal\/","og_site_name":"Facultad de Arquitectura, Dise\u00f1o y Estudios Urbanos","article_published_time":"2021-06-28T00:33:00+00:00","article_modified_time":"2023-09-08T00:34:49+00:00","og_image":[{"width":350,"height":250,"url":"https:\/\/fadeu.urantiacos.cl\/wp-content\/uploads\/2023\/09\/DJ-64_cover-1-scaled_web.jpg","type":"image\/jpeg"}],"author":"manadmin","twitter_card":"summary_large_image","twitter_misc":{"Written by":"manadmin","Est. reading time":"2 minutes"},"schema":{"@context":"https:\/\/schema.org","@graph":[{"@type":"Article","@id":"https:\/\/fadeu.urantiacos.cl\/en\/2021\/06\/27\/horacio-torrent-fue-el-editor-invitado-del-numero-64-del-docomomo-journal\/#article","isPartOf":{"@id":"https:\/\/fadeu.urantiacos.cl\/en\/2021\/06\/27\/horacio-torrent-fue-el-editor-invitado-del-numero-64-del-docomomo-journal\/"},"author":{"name":"manadmin","@id":"https:\/\/fadeu.urantiacos.cl\/en\/#\/schema\/person\/d203e2e84b1c40275eac77b3061a19a2"},"headline":"Horacio Torrent fue el editor invitado del n\u00famero 64 del Docomomo Journal","datePublished":"2021-06-28T00:33:00+00:00","dateModified":"2023-09-08T00:34:49+00:00","mainEntityOfPage":{"@id":"https:\/\/fadeu.urantiacos.cl\/en\/2021\/06\/27\/horacio-torrent-fue-el-editor-invitado-del-numero-64-del-docomomo-journal\/"},"wordCount":409,"commentCount":0,"image":{"@id":"https:\/\/fadeu.urantiacos.cl\/en\/2021\/06\/27\/horacio-torrent-fue-el-editor-invitado-del-numero-64-del-docomomo-journal\/#primaryimage"},"thumbnailUrl":"https:\/\/fadeu.urantiacos.cl\/wp-content\/uploads\/2023\/09\/DJ-64_cover-1-scaled_web.jpg","articleSection":["Sin categorizar"],"inLanguage":"en-US","potentialAction":[{"@type":"CommentAction","name":"Comment","target":["https:\/\/fadeu.urantiacos.cl\/en\/2021\/06\/27\/horacio-torrent-fue-el-editor-invitado-del-numero-64-del-docomomo-journal\/#respond"]}]},{"@type":"WebPage","@id":"https:\/\/fadeu.urantiacos.cl\/en\/2021\/06\/27\/horacio-torrent-fue-el-editor-invitado-del-numero-64-del-docomomo-journal\/","url":"https:\/\/fadeu.urantiacos.cl\/en\/2021\/06\/27\/horacio-torrent-fue-el-editor-invitado-del-numero-64-del-docomomo-journal\/","name":"Horacio Torrent fue el editor invitado del n\u00famero 64 del Docomomo Journal - Facultad de Arquitectura, Dise\u00f1o y Estudios Urbanos","isPartOf":{"@id":"https:\/\/fadeu.urantiacos.cl\/en\/#website"},"primaryImageOfPage":{"@id":"https:\/\/fadeu.urantiacos.cl\/en\/2021\/06\/27\/horacio-torrent-fue-el-editor-invitado-del-numero-64-del-docomomo-journal\/#primaryimage"},"image":{"@id":"https:\/\/fadeu.urantiacos.cl\/en\/2021\/06\/27\/horacio-torrent-fue-el-editor-invitado-del-numero-64-del-docomomo-journal\/#primaryimage"},"thumbnailUrl":"https:\/\/fadeu.urantiacos.cl\/wp-content\/uploads\/2023\/09\/DJ-64_cover-1-scaled_web.jpg","datePublished":"2021-06-28T00:33:00+00:00","dateModified":"2023-09-08T00:34:49+00:00","author":{"@id":"https:\/\/fadeu.urantiacos.cl\/en\/#\/schema\/person\/d203e2e84b1c40275eac77b3061a19a2"},"description":"El profesor ARQ UC fue invitado a participar como editor \u2014junto a la acad\u00e9mica mexicana Louise Noelle\u2014 de este n\u00famero dedicado a la vivienda moderna, recientemente lanzado al p\u00fablico en formato open source.","breadcrumb":{"@id":"https:\/\/fadeu.urantiacos.cl\/en\/2021\/06\/27\/horacio-torrent-fue-el-editor-invitado-del-numero-64-del-docomomo-journal\/#breadcrumb"},"inLanguage":"en-US","potentialAction":[{"@type":"ReadAction","target":["https:\/\/fadeu.urantiacos.cl\/en\/2021\/06\/27\/horacio-torrent-fue-el-editor-invitado-del-numero-64-del-docomomo-journal\/"]}]},{"@type":"ImageObject","inLanguage":"en-US","@id":"https:\/\/fadeu.urantiacos.cl\/en\/2021\/06\/27\/horacio-torrent-fue-el-editor-invitado-del-numero-64-del-docomomo-journal\/#primaryimage","url":"https:\/\/fadeu.urantiacos.cl\/wp-content\/uploads\/2023\/09\/DJ-64_cover-1-scaled_web.jpg","contentUrl":"https:\/\/fadeu.urantiacos.cl\/wp-content\/uploads\/2023\/09\/DJ-64_cover-1-scaled_web.jpg","width":350,"height":250},{"@type":"BreadcrumbList","@id":"https:\/\/fadeu.urantiacos.cl\/en\/2021\/06\/27\/horacio-torrent-fue-el-editor-invitado-del-numero-64-del-docomomo-journal\/#breadcrumb","itemListElement":[{"@type":"ListItem","position":1,"name":"Portada","item":"https:\/\/fadeu.urantiacos.cl\/en\/"},{"@type":"ListItem","position":2,"name":"Horacio Torrent fue el editor invitado del n\u00famero 64 del Docomomo Journal"}]},{"@type":"WebSite","@id":"https:\/\/fadeu.urantiacos.cl\/en\/#website","url":"https:\/\/fadeu.urantiacos.cl\/en\/","name":"Facultad de Arquitectura, Dise\u00f1o y Estudios Urbanos","description":"Campus Lo Contador","potentialAction":[{"@type":"SearchAction","target":{"@type":"EntryPoint","urlTemplate":"https:\/\/fadeu.urantiacos.cl\/en\/?s={search_term_string}"},"query-input":{"@type":"PropertyValueSpecification","valueRequired":true,"valueName":"search_term_string"}}],"inLanguage":"en-US"},{"@type":"Person","@id":"https:\/\/fadeu.urantiacos.cl\/en\/#\/schema\/person\/d203e2e84b1c40275eac77b3061a19a2","name":"manadmin","image":{"@type":"ImageObject","inLanguage":"en-US","@id":"https:\/\/fadeu.urantiacos.cl\/en\/#\/schema\/person\/image\/","url":"https:\/\/secure.gravatar.com\/avatar\/4b1d8e3303b4a9d8968ac578947d8bc80d9aea359f388cdd4aac15cadc0e8447?s=96&d=mm&r=g","contentUrl":"https:\/\/secure.gravatar.com\/avatar\/4b1d8e3303b4a9d8968ac578947d8bc80d9aea359f388cdd4aac15cadc0e8447?s=96&d=mm&r=g","caption":"manadmin"},"sameAs":["https:\/\/fadeu.urantiacos.cl"]}]}},"_links":{"self":[{"href":"https:\/\/fadeu.urantiacos.cl\/en\/wp-json\/wp\/v2\/posts\/6756","targetHints":{"allow":["GET"]}}],"collection":[{"href":"https:\/\/fadeu.urantiacos.cl\/en\/wp-json\/wp\/v2\/posts"}],"about":[{"href":"https:\/\/fadeu.urantiacos.cl\/en\/wp-json\/wp\/v2\/types\/post"}],"author":[{"embeddable":true,"href":"https:\/\/fadeu.urantiacos.cl\/en\/wp-json\/wp\/v2\/users\/1"}],"replies":[{"embeddable":true,"href":"https:\/\/fadeu.urantiacos.cl\/en\/wp-json\/wp\/v2\/comments?post=6756"}],"version-history":[{"count":1,"href":"https:\/\/fadeu.urantiacos.cl\/en\/wp-json\/wp\/v2\/posts\/6756\/revisions"}],"predecessor-version":[{"id":6758,"href":"https:\/\/fadeu.urantiacos.cl\/en\/wp-json\/wp\/v2\/posts\/6756\/revisions\/6758"}],"wp:featuredmedia":[{"embeddable":true,"href":"https:\/\/fadeu.urantiacos.cl\/en\/wp-json\/wp\/v2\/media\/6757"}],"wp:attachment":[{"href":"https:\/\/fadeu.urantiacos.cl\/en\/wp-json\/wp\/v2\/media?parent=6756"}],"wp:term":[{"taxonomy":"category","embeddable":true,"href":"https:\/\/fadeu.urantiacos.cl\/en\/wp-json\/wp\/v2\/categories?post=6756"},{"taxonomy":"post_tag","embeddable":true,"href":"https:\/\/fadeu.urantiacos.cl\/en\/wp-json\/wp\/v2\/tags?post=6756"}],"curies":[{"name":"wp","href":"https:\/\/api.w.org\/{rel}","templated":true}]}}