{"id":6729,"date":"2021-07-01T21:14:00","date_gmt":"2021-07-02T00:14:00","guid":{"rendered":"https:\/\/fadeu.urantiacos.cl\/?p=6729"},"modified":"2023-09-07T21:16:59","modified_gmt":"2023-09-08T00:16:59","slug":"proyecto-lugun-bosques-memoriales-obtiene-el-primer-lugar-en-la-categoria-comunidad-del-concurso-index","status":"publish","type":"post","link":"https:\/\/fadeu.urantiacos.cl\/en\/2021\/07\/01\/proyecto-lugun-bosques-memoriales-obtiene-el-primer-lugar-en-la-categoria-comunidad-del-concurso-index\/","title":{"rendered":"Proyecto L\u00fcgun, bosques memoriales obtiene el primer lugar en la categor\u00eda comunidad del concurso INDEX"},"content":{"rendered":"\n<figure class=\"wp-block-image size-full\"><img decoding=\"async\" width=\"350\" height=\"250\" src=\"https:\/\/fadeu.urantiacos.cl\/wp-content\/uploads\/2023\/09\/LUGUN_WEB.png\" alt=\"\" class=\"wp-image-6730\" srcset=\"https:\/\/fadeu.urantiacos.cl\/wp-content\/uploads\/2023\/09\/LUGUN_WEB.png 350w, https:\/\/fadeu.urantiacos.cl\/wp-content\/uploads\/2023\/09\/LUGUN_WEB-300x214.png 300w\" sizes=\"(max-width: 350px) 100vw, 350px\" \/><\/figure>\n\n\n\n<p>\u201cLug\u00fcn es un proyecto sobre bosques memoriales que permiten conectar con nuestros seres queridos que han partido de esta vida, a trav\u00e9s de un entierro ecol\u00f3gico, sustentable y que permite la conexi\u00f3n con la m\u00fasica\u201d, explica Ignacia.<\/p>\n\n\n\n<p>Organizado por la fundaci\u00f3n danesa&nbsp;The Index Project&nbsp;en conjunto con la la Facultad de Dise\u00f1o de la Universidad del Desarrollo, el concurso busc\u00f3 estimular la creatividad de los nuevos dise\u00f1adores, para proyectarse como agentes de cambio enfoc\u00e1ndose en la b\u00fasqueda de soluciones frente a los desaf\u00edos que ha dejado el Covid-19.<\/p>\n\n\n\n<p>\u201cLa iniciativa L\u00fcg\u00fan, parte de la necesidad de encontrar una nueva forma de enterrar a los muertos, ya que la pandemia nos hizo enfrentarnos a la muerte de manera abrupta. El entierro natural permite que los nutrientes se devuelvan al ecosistema, y adem\u00e1s, como trata el rito mapuche de enterrar los cuerpos cerca de alg\u00fan \u00e1rbol, le aporta una cierta m\u00edstica sobre el alma de la persona qued\u00e1ndose en \u00e9l\u201d, comenta Ignacia.<\/p>\n\n\n\n<figure class=\"wp-block-embed is-type-video is-provider-youtube wp-block-embed-youtube wp-embed-aspect-16-9 wp-has-aspect-ratio\"><div class=\"wp-block-embed__wrapper\">\nhttps:\/\/youtu.be\/-cPF9MOtdsw\n<\/div><\/figure>\n\n\n\n<p>Mariano Alesandro, Head of Future Thinking and Technology de Index, declar\u00f3:\u00a0\u201cMe parece que los proyectos seleccionados representan las principales problem\u00e1ticas que ha enfrentado Latinoam\u00e9rica, una regi\u00f3n tan diversa y a la vez con tantas \u00e1reas en com\u00fan, que se distingue por su capacidad de dar vuelta las cat\u00e1strofes. Ha sido una experiencia muy exitosa y estamos seguros que los ganadores entrar\u00e1n a competir de igual a igual por el Index Award\u201d.<\/p>\n","protected":false},"excerpt":{"rendered":"<p>Un total de 399 proyectos participaron en el concurso \u201cDise\u00f1o Responde: Desaf\u00edo Latinoamericano Index Award + UDD\u201d , de ellos, L\u00fcg\u00fan, Bosques Memoriales, desarrollado por la estudiante de Dise\u00f1o UC, Ignacia Gonz\u00e1lez, obtuvo el primer lugar en la categor\u00eda Comunidad, respondiendo con este a alguna de las problem\u00e1ticas que se plantearon en el concurso y que tienen relaci\u00f3n con la coyuntura pand\u00e9mica desde una mirada que integra la innovaci\u00f3n con el Dise\u00f1o.<\/p>\n","protected":false},"author":1,"featured_media":6730,"comment_status":"open","ping_status":"open","sticky":false,"template":"","format":"standard","meta":{"_acf_changed":false,"footnotes":""},"categories":[1],"tags":[],"class_list":["post-6729","post","type-post","status-publish","format-standard","has-post-thumbnail","hentry","category-sin-categorizar"],"acf":[],"yoast_head":"<!-- This site is optimized with the Yoast SEO plugin v27.1.1 - https:\/\/yoast.com\/product\/yoast-seo-wordpress\/ -->\n<title>Proyecto L\u00fcgun, bosques memoriales obtiene el primer lugar en la categor\u00eda comunidad del concurso INDEX - Facultad de Arquitectura, Dise\u00f1o y Estudios Urbanos<\/title>\n<meta name=\"description\" content=\"Un total de 399 proyectos participaron en el concurso \u201cDise\u00f1o Responde: Desaf\u00edo Latinoamericano Index Award + UDD\u201d , de ellos, L\u00fcg\u00fan, Bosques Memoriales, desarrollado por la estudiante de Dise\u00f1o UC, Ignacia Gonz\u00e1lez, obtuvo el primer lugar en la categor\u00eda Comunidad, respondiendo con este a alguna de las problem\u00e1ticas que se plantearon en el concurso y que tienen relaci\u00f3n con la coyuntura pand\u00e9mica desde una mirada que integra la innovaci\u00f3n con el Dise\u00f1o.\" \/>\n<meta name=\"robots\" content=\"index, follow, max-snippet:-1, max-image-preview:large, max-video-preview:-1\" \/>\n<link rel=\"canonical\" href=\"https:\/\/fadeu.urantiacos.cl\/en\/2021\/07\/01\/proyecto-lugun-bosques-memoriales-obtiene-el-primer-lugar-en-la-categoria-comunidad-del-concurso-index\/\" \/>\n<meta property=\"og:locale\" content=\"en_US\" \/>\n<meta property=\"og:type\" content=\"article\" \/>\n<meta property=\"og:title\" content=\"Proyecto L\u00fcgun, bosques memoriales obtiene el primer lugar en la categor\u00eda comunidad del concurso INDEX - Facultad de Arquitectura, Dise\u00f1o y Estudios Urbanos\" \/>\n<meta property=\"og:description\" content=\"Un total de 399 proyectos participaron en el concurso \u201cDise\u00f1o Responde: Desaf\u00edo Latinoamericano Index Award + UDD\u201d , de ellos, L\u00fcg\u00fan, Bosques Memoriales, desarrollado por la estudiante de Dise\u00f1o UC, Ignacia Gonz\u00e1lez, obtuvo el primer lugar en la categor\u00eda Comunidad, respondiendo con este a alguna de las problem\u00e1ticas que se plantearon en el concurso y que tienen relaci\u00f3n con la coyuntura pand\u00e9mica desde una mirada que integra la innovaci\u00f3n con el Dise\u00f1o.\" \/>\n<meta property=\"og:url\" content=\"https:\/\/fadeu.urantiacos.cl\/en\/2021\/07\/01\/proyecto-lugun-bosques-memoriales-obtiene-el-primer-lugar-en-la-categoria-comunidad-del-concurso-index\/\" \/>\n<meta property=\"og:site_name\" content=\"Facultad de Arquitectura, Dise\u00f1o y Estudios Urbanos\" \/>\n<meta property=\"article:published_time\" content=\"2021-07-02T00:14:00+00:00\" \/>\n<meta property=\"article:modified_time\" content=\"2023-09-08T00:16:59+00:00\" \/>\n<meta property=\"og:image\" content=\"https:\/\/fadeu.urantiacos.cl\/wp-content\/uploads\/2023\/09\/LUGUN_WEB.png\" \/>\n\t<meta property=\"og:image:width\" content=\"350\" \/>\n\t<meta property=\"og:image:height\" content=\"250\" \/>\n\t<meta property=\"og:image:type\" content=\"image\/png\" \/>\n<meta name=\"author\" content=\"manadmin\" \/>\n<meta name=\"twitter:card\" content=\"summary_large_image\" \/>\n<meta name=\"twitter:label1\" content=\"Written by\" \/>\n\t<meta name=\"twitter:data1\" content=\"manadmin\" \/>\n\t<meta name=\"twitter:label2\" content=\"Est. reading time\" \/>\n\t<meta name=\"twitter:data2\" content=\"1 minute\" \/>\n<script type=\"application\/ld+json\" class=\"yoast-schema-graph\">{\"@context\":\"https:\/\/schema.org\",\"@graph\":[{\"@type\":\"Article\",\"@id\":\"https:\/\/fadeu.urantiacos.cl\/en\/2021\/07\/01\/proyecto-lugun-bosques-memoriales-obtiene-el-primer-lugar-en-la-categoria-comunidad-del-concurso-index\/#article\",\"isPartOf\":{\"@id\":\"https:\/\/fadeu.urantiacos.cl\/en\/2021\/07\/01\/proyecto-lugun-bosques-memoriales-obtiene-el-primer-lugar-en-la-categoria-comunidad-del-concurso-index\/\"},\"author\":{\"name\":\"manadmin\",\"@id\":\"https:\/\/fadeu.urantiacos.cl\/en\/#\/schema\/person\/d203e2e84b1c40275eac77b3061a19a2\"},\"headline\":\"Proyecto L\u00fcgun, bosques memoriales obtiene el primer lugar en la categor\u00eda comunidad del concurso INDEX\",\"datePublished\":\"2021-07-02T00:14:00+00:00\",\"dateModified\":\"2023-09-08T00:16:59+00:00\",\"mainEntityOfPage\":{\"@id\":\"https:\/\/fadeu.urantiacos.cl\/en\/2021\/07\/01\/proyecto-lugun-bosques-memoriales-obtiene-el-primer-lugar-en-la-categoria-comunidad-del-concurso-index\/\"},\"wordCount\":280,\"commentCount\":0,\"image\":{\"@id\":\"https:\/\/fadeu.urantiacos.cl\/en\/2021\/07\/01\/proyecto-lugun-bosques-memoriales-obtiene-el-primer-lugar-en-la-categoria-comunidad-del-concurso-index\/#primaryimage\"},\"thumbnailUrl\":\"https:\/\/fadeu.urantiacos.cl\/wp-content\/uploads\/2023\/09\/LUGUN_WEB.png\",\"articleSection\":[\"Sin categorizar\"],\"inLanguage\":\"en-US\",\"potentialAction\":[{\"@type\":\"CommentAction\",\"name\":\"Comment\",\"target\":[\"https:\/\/fadeu.urantiacos.cl\/en\/2021\/07\/01\/proyecto-lugun-bosques-memoriales-obtiene-el-primer-lugar-en-la-categoria-comunidad-del-concurso-index\/#respond\"]}]},{\"@type\":\"WebPage\",\"@id\":\"https:\/\/fadeu.urantiacos.cl\/en\/2021\/07\/01\/proyecto-lugun-bosques-memoriales-obtiene-el-primer-lugar-en-la-categoria-comunidad-del-concurso-index\/\",\"url\":\"https:\/\/fadeu.urantiacos.cl\/en\/2021\/07\/01\/proyecto-lugun-bosques-memoriales-obtiene-el-primer-lugar-en-la-categoria-comunidad-del-concurso-index\/\",\"name\":\"Proyecto L\u00fcgun, bosques memoriales obtiene el primer lugar en la categor\u00eda comunidad del concurso INDEX - Facultad de Arquitectura, Dise\u00f1o y Estudios Urbanos\",\"isPartOf\":{\"@id\":\"https:\/\/fadeu.urantiacos.cl\/en\/#website\"},\"primaryImageOfPage\":{\"@id\":\"https:\/\/fadeu.urantiacos.cl\/en\/2021\/07\/01\/proyecto-lugun-bosques-memoriales-obtiene-el-primer-lugar-en-la-categoria-comunidad-del-concurso-index\/#primaryimage\"},\"image\":{\"@id\":\"https:\/\/fadeu.urantiacos.cl\/en\/2021\/07\/01\/proyecto-lugun-bosques-memoriales-obtiene-el-primer-lugar-en-la-categoria-comunidad-del-concurso-index\/#primaryimage\"},\"thumbnailUrl\":\"https:\/\/fadeu.urantiacos.cl\/wp-content\/uploads\/2023\/09\/LUGUN_WEB.png\",\"datePublished\":\"2021-07-02T00:14:00+00:00\",\"dateModified\":\"2023-09-08T00:16:59+00:00\",\"author\":{\"@id\":\"https:\/\/fadeu.urantiacos.cl\/en\/#\/schema\/person\/d203e2e84b1c40275eac77b3061a19a2\"},\"description\":\"Un total de 399 proyectos participaron en el concurso \u201cDise\u00f1o Responde: Desaf\u00edo Latinoamericano Index Award + UDD\u201d , de ellos, L\u00fcg\u00fan, Bosques Memoriales, desarrollado por la estudiante de Dise\u00f1o UC, Ignacia Gonz\u00e1lez, obtuvo el primer lugar en la categor\u00eda Comunidad, respondiendo con este a alguna de las problem\u00e1ticas que se plantearon en el concurso y que tienen relaci\u00f3n con la coyuntura pand\u00e9mica desde una mirada que integra la innovaci\u00f3n con el Dise\u00f1o.\",\"breadcrumb\":{\"@id\":\"https:\/\/fadeu.urantiacos.cl\/en\/2021\/07\/01\/proyecto-lugun-bosques-memoriales-obtiene-el-primer-lugar-en-la-categoria-comunidad-del-concurso-index\/#breadcrumb\"},\"inLanguage\":\"en-US\",\"potentialAction\":[{\"@type\":\"ReadAction\",\"target\":[\"https:\/\/fadeu.urantiacos.cl\/en\/2021\/07\/01\/proyecto-lugun-bosques-memoriales-obtiene-el-primer-lugar-en-la-categoria-comunidad-del-concurso-index\/\"]}]},{\"@type\":\"ImageObject\",\"inLanguage\":\"en-US\",\"@id\":\"https:\/\/fadeu.urantiacos.cl\/en\/2021\/07\/01\/proyecto-lugun-bosques-memoriales-obtiene-el-primer-lugar-en-la-categoria-comunidad-del-concurso-index\/#primaryimage\",\"url\":\"https:\/\/fadeu.urantiacos.cl\/wp-content\/uploads\/2023\/09\/LUGUN_WEB.png\",\"contentUrl\":\"https:\/\/fadeu.urantiacos.cl\/wp-content\/uploads\/2023\/09\/LUGUN_WEB.png\",\"width\":350,\"height\":250},{\"@type\":\"BreadcrumbList\",\"@id\":\"https:\/\/fadeu.urantiacos.cl\/en\/2021\/07\/01\/proyecto-lugun-bosques-memoriales-obtiene-el-primer-lugar-en-la-categoria-comunidad-del-concurso-index\/#breadcrumb\",\"itemListElement\":[{\"@type\":\"ListItem\",\"position\":1,\"name\":\"Portada\",\"item\":\"https:\/\/fadeu.urantiacos.cl\/en\/\"},{\"@type\":\"ListItem\",\"position\":2,\"name\":\"Proyecto L\u00fcgun, bosques memoriales obtiene el primer lugar en la categor\u00eda comunidad del concurso INDEX\"}]},{\"@type\":\"WebSite\",\"@id\":\"https:\/\/fadeu.urantiacos.cl\/en\/#website\",\"url\":\"https:\/\/fadeu.urantiacos.cl\/en\/\",\"name\":\"Facultad de Arquitectura, Dise\u00f1o y Estudios Urbanos\",\"description\":\"Campus Lo Contador\",\"potentialAction\":[{\"@type\":\"SearchAction\",\"target\":{\"@type\":\"EntryPoint\",\"urlTemplate\":\"https:\/\/fadeu.urantiacos.cl\/en\/?s={search_term_string}\"},\"query-input\":{\"@type\":\"PropertyValueSpecification\",\"valueRequired\":true,\"valueName\":\"search_term_string\"}}],\"inLanguage\":\"en-US\"},{\"@type\":\"Person\",\"@id\":\"https:\/\/fadeu.urantiacos.cl\/en\/#\/schema\/person\/d203e2e84b1c40275eac77b3061a19a2\",\"name\":\"manadmin\",\"image\":{\"@type\":\"ImageObject\",\"inLanguage\":\"en-US\",\"@id\":\"https:\/\/fadeu.urantiacos.cl\/en\/#\/schema\/person\/image\/\",\"url\":\"https:\/\/secure.gravatar.com\/avatar\/4b1d8e3303b4a9d8968ac578947d8bc80d9aea359f388cdd4aac15cadc0e8447?s=96&d=mm&r=g\",\"contentUrl\":\"https:\/\/secure.gravatar.com\/avatar\/4b1d8e3303b4a9d8968ac578947d8bc80d9aea359f388cdd4aac15cadc0e8447?s=96&d=mm&r=g\",\"caption\":\"manadmin\"},\"sameAs\":[\"https:\/\/fadeu.urantiacos.cl\"]}]}<\/script>\n<!-- \/ Yoast SEO plugin. -->","yoast_head_json":{"title":"Proyecto L\u00fcgun, bosques memoriales obtiene el primer lugar en la categor\u00eda comunidad del concurso INDEX - Facultad de Arquitectura, Dise\u00f1o y Estudios Urbanos","description":"Un total de 399 proyectos participaron en el concurso \u201cDise\u00f1o Responde: Desaf\u00edo Latinoamericano Index Award + UDD\u201d , de ellos, L\u00fcg\u00fan, Bosques Memoriales, desarrollado por la estudiante de Dise\u00f1o UC, Ignacia Gonz\u00e1lez, obtuvo el primer lugar en la categor\u00eda Comunidad, respondiendo con este a alguna de las problem\u00e1ticas que se plantearon en el concurso y que tienen relaci\u00f3n con la coyuntura pand\u00e9mica desde una mirada que integra la innovaci\u00f3n con el Dise\u00f1o.","robots":{"index":"index","follow":"follow","max-snippet":"max-snippet:-1","max-image-preview":"max-image-preview:large","max-video-preview":"max-video-preview:-1"},"canonical":"https:\/\/fadeu.urantiacos.cl\/en\/2021\/07\/01\/proyecto-lugun-bosques-memoriales-obtiene-el-primer-lugar-en-la-categoria-comunidad-del-concurso-index\/","og_locale":"en_US","og_type":"article","og_title":"Proyecto L\u00fcgun, bosques memoriales obtiene el primer lugar en la categor\u00eda comunidad del concurso INDEX - Facultad de Arquitectura, Dise\u00f1o y Estudios Urbanos","og_description":"Un total de 399 proyectos participaron en el concurso \u201cDise\u00f1o Responde: Desaf\u00edo Latinoamericano Index Award + UDD\u201d , de ellos, L\u00fcg\u00fan, Bosques Memoriales, desarrollado por la estudiante de Dise\u00f1o UC, Ignacia Gonz\u00e1lez, obtuvo el primer lugar en la categor\u00eda Comunidad, respondiendo con este a alguna de las problem\u00e1ticas que se plantearon en el concurso y que tienen relaci\u00f3n con la coyuntura pand\u00e9mica desde una mirada que integra la innovaci\u00f3n con el Dise\u00f1o.","og_url":"https:\/\/fadeu.urantiacos.cl\/en\/2021\/07\/01\/proyecto-lugun-bosques-memoriales-obtiene-el-primer-lugar-en-la-categoria-comunidad-del-concurso-index\/","og_site_name":"Facultad de Arquitectura, Dise\u00f1o y Estudios Urbanos","article_published_time":"2021-07-02T00:14:00+00:00","article_modified_time":"2023-09-08T00:16:59+00:00","og_image":[{"width":350,"height":250,"url":"https:\/\/fadeu.urantiacos.cl\/wp-content\/uploads\/2023\/09\/LUGUN_WEB.png","type":"image\/png"}],"author":"manadmin","twitter_card":"summary_large_image","twitter_misc":{"Written by":"manadmin","Est. reading time":"1 minute"},"schema":{"@context":"https:\/\/schema.org","@graph":[{"@type":"Article","@id":"https:\/\/fadeu.urantiacos.cl\/en\/2021\/07\/01\/proyecto-lugun-bosques-memoriales-obtiene-el-primer-lugar-en-la-categoria-comunidad-del-concurso-index\/#article","isPartOf":{"@id":"https:\/\/fadeu.urantiacos.cl\/en\/2021\/07\/01\/proyecto-lugun-bosques-memoriales-obtiene-el-primer-lugar-en-la-categoria-comunidad-del-concurso-index\/"},"author":{"name":"manadmin","@id":"https:\/\/fadeu.urantiacos.cl\/en\/#\/schema\/person\/d203e2e84b1c40275eac77b3061a19a2"},"headline":"Proyecto L\u00fcgun, bosques memoriales obtiene el primer lugar en la categor\u00eda comunidad del concurso INDEX","datePublished":"2021-07-02T00:14:00+00:00","dateModified":"2023-09-08T00:16:59+00:00","mainEntityOfPage":{"@id":"https:\/\/fadeu.urantiacos.cl\/en\/2021\/07\/01\/proyecto-lugun-bosques-memoriales-obtiene-el-primer-lugar-en-la-categoria-comunidad-del-concurso-index\/"},"wordCount":280,"commentCount":0,"image":{"@id":"https:\/\/fadeu.urantiacos.cl\/en\/2021\/07\/01\/proyecto-lugun-bosques-memoriales-obtiene-el-primer-lugar-en-la-categoria-comunidad-del-concurso-index\/#primaryimage"},"thumbnailUrl":"https:\/\/fadeu.urantiacos.cl\/wp-content\/uploads\/2023\/09\/LUGUN_WEB.png","articleSection":["Sin categorizar"],"inLanguage":"en-US","potentialAction":[{"@type":"CommentAction","name":"Comment","target":["https:\/\/fadeu.urantiacos.cl\/en\/2021\/07\/01\/proyecto-lugun-bosques-memoriales-obtiene-el-primer-lugar-en-la-categoria-comunidad-del-concurso-index\/#respond"]}]},{"@type":"WebPage","@id":"https:\/\/fadeu.urantiacos.cl\/en\/2021\/07\/01\/proyecto-lugun-bosques-memoriales-obtiene-el-primer-lugar-en-la-categoria-comunidad-del-concurso-index\/","url":"https:\/\/fadeu.urantiacos.cl\/en\/2021\/07\/01\/proyecto-lugun-bosques-memoriales-obtiene-el-primer-lugar-en-la-categoria-comunidad-del-concurso-index\/","name":"Proyecto L\u00fcgun, bosques memoriales obtiene el primer lugar en la categor\u00eda comunidad del concurso INDEX - Facultad de Arquitectura, Dise\u00f1o y Estudios Urbanos","isPartOf":{"@id":"https:\/\/fadeu.urantiacos.cl\/en\/#website"},"primaryImageOfPage":{"@id":"https:\/\/fadeu.urantiacos.cl\/en\/2021\/07\/01\/proyecto-lugun-bosques-memoriales-obtiene-el-primer-lugar-en-la-categoria-comunidad-del-concurso-index\/#primaryimage"},"image":{"@id":"https:\/\/fadeu.urantiacos.cl\/en\/2021\/07\/01\/proyecto-lugun-bosques-memoriales-obtiene-el-primer-lugar-en-la-categoria-comunidad-del-concurso-index\/#primaryimage"},"thumbnailUrl":"https:\/\/fadeu.urantiacos.cl\/wp-content\/uploads\/2023\/09\/LUGUN_WEB.png","datePublished":"2021-07-02T00:14:00+00:00","dateModified":"2023-09-08T00:16:59+00:00","author":{"@id":"https:\/\/fadeu.urantiacos.cl\/en\/#\/schema\/person\/d203e2e84b1c40275eac77b3061a19a2"},"description":"Un total de 399 proyectos participaron en el concurso \u201cDise\u00f1o Responde: Desaf\u00edo Latinoamericano Index Award + UDD\u201d , de ellos, L\u00fcg\u00fan, Bosques Memoriales, desarrollado por la estudiante de Dise\u00f1o UC, Ignacia Gonz\u00e1lez, obtuvo el primer lugar en la categor\u00eda Comunidad, respondiendo con este a alguna de las problem\u00e1ticas que se plantearon en el concurso y que tienen relaci\u00f3n con la coyuntura pand\u00e9mica desde una mirada que integra la innovaci\u00f3n con el Dise\u00f1o.","breadcrumb":{"@id":"https:\/\/fadeu.urantiacos.cl\/en\/2021\/07\/01\/proyecto-lugun-bosques-memoriales-obtiene-el-primer-lugar-en-la-categoria-comunidad-del-concurso-index\/#breadcrumb"},"inLanguage":"en-US","potentialAction":[{"@type":"ReadAction","target":["https:\/\/fadeu.urantiacos.cl\/en\/2021\/07\/01\/proyecto-lugun-bosques-memoriales-obtiene-el-primer-lugar-en-la-categoria-comunidad-del-concurso-index\/"]}]},{"@type":"ImageObject","inLanguage":"en-US","@id":"https:\/\/fadeu.urantiacos.cl\/en\/2021\/07\/01\/proyecto-lugun-bosques-memoriales-obtiene-el-primer-lugar-en-la-categoria-comunidad-del-concurso-index\/#primaryimage","url":"https:\/\/fadeu.urantiacos.cl\/wp-content\/uploads\/2023\/09\/LUGUN_WEB.png","contentUrl":"https:\/\/fadeu.urantiacos.cl\/wp-content\/uploads\/2023\/09\/LUGUN_WEB.png","width":350,"height":250},{"@type":"BreadcrumbList","@id":"https:\/\/fadeu.urantiacos.cl\/en\/2021\/07\/01\/proyecto-lugun-bosques-memoriales-obtiene-el-primer-lugar-en-la-categoria-comunidad-del-concurso-index\/#breadcrumb","itemListElement":[{"@type":"ListItem","position":1,"name":"Portada","item":"https:\/\/fadeu.urantiacos.cl\/en\/"},{"@type":"ListItem","position":2,"name":"Proyecto L\u00fcgun, bosques memoriales obtiene el primer lugar en la categor\u00eda comunidad del concurso INDEX"}]},{"@type":"WebSite","@id":"https:\/\/fadeu.urantiacos.cl\/en\/#website","url":"https:\/\/fadeu.urantiacos.cl\/en\/","name":"Facultad de Arquitectura, Dise\u00f1o y Estudios Urbanos","description":"Campus Lo Contador","potentialAction":[{"@type":"SearchAction","target":{"@type":"EntryPoint","urlTemplate":"https:\/\/fadeu.urantiacos.cl\/en\/?s={search_term_string}"},"query-input":{"@type":"PropertyValueSpecification","valueRequired":true,"valueName":"search_term_string"}}],"inLanguage":"en-US"},{"@type":"Person","@id":"https:\/\/fadeu.urantiacos.cl\/en\/#\/schema\/person\/d203e2e84b1c40275eac77b3061a19a2","name":"manadmin","image":{"@type":"ImageObject","inLanguage":"en-US","@id":"https:\/\/fadeu.urantiacos.cl\/en\/#\/schema\/person\/image\/","url":"https:\/\/secure.gravatar.com\/avatar\/4b1d8e3303b4a9d8968ac578947d8bc80d9aea359f388cdd4aac15cadc0e8447?s=96&d=mm&r=g","contentUrl":"https:\/\/secure.gravatar.com\/avatar\/4b1d8e3303b4a9d8968ac578947d8bc80d9aea359f388cdd4aac15cadc0e8447?s=96&d=mm&r=g","caption":"manadmin"},"sameAs":["https:\/\/fadeu.urantiacos.cl"]}]}},"_links":{"self":[{"href":"https:\/\/fadeu.urantiacos.cl\/en\/wp-json\/wp\/v2\/posts\/6729","targetHints":{"allow":["GET"]}}],"collection":[{"href":"https:\/\/fadeu.urantiacos.cl\/en\/wp-json\/wp\/v2\/posts"}],"about":[{"href":"https:\/\/fadeu.urantiacos.cl\/en\/wp-json\/wp\/v2\/types\/post"}],"author":[{"embeddable":true,"href":"https:\/\/fadeu.urantiacos.cl\/en\/wp-json\/wp\/v2\/users\/1"}],"replies":[{"embeddable":true,"href":"https:\/\/fadeu.urantiacos.cl\/en\/wp-json\/wp\/v2\/comments?post=6729"}],"version-history":[{"count":1,"href":"https:\/\/fadeu.urantiacos.cl\/en\/wp-json\/wp\/v2\/posts\/6729\/revisions"}],"predecessor-version":[{"id":6731,"href":"https:\/\/fadeu.urantiacos.cl\/en\/wp-json\/wp\/v2\/posts\/6729\/revisions\/6731"}],"wp:featuredmedia":[{"embeddable":true,"href":"https:\/\/fadeu.urantiacos.cl\/en\/wp-json\/wp\/v2\/media\/6730"}],"wp:attachment":[{"href":"https:\/\/fadeu.urantiacos.cl\/en\/wp-json\/wp\/v2\/media?parent=6729"}],"wp:term":[{"taxonomy":"category","embeddable":true,"href":"https:\/\/fadeu.urantiacos.cl\/en\/wp-json\/wp\/v2\/categories?post=6729"},{"taxonomy":"post_tag","embeddable":true,"href":"https:\/\/fadeu.urantiacos.cl\/en\/wp-json\/wp\/v2\/tags?post=6729"}],"curies":[{"name":"wp","href":"https:\/\/api.w.org\/{rel}","templated":true}]}}