{"id":6716,"date":"2021-07-02T21:06:00","date_gmt":"2021-07-03T00:06:00","guid":{"rendered":"https:\/\/fadeu.urantiacos.cl\/?p=6716"},"modified":"2023-09-07T21:10:40","modified_gmt":"2023-09-08T00:10:40","slug":"campus-lo-contador-retoma-actividades-en-fase-2-con-resguardo-sanitario-y-estrictas-medidas-de-autocuidado","status":"publish","type":"post","link":"https:\/\/fadeu.urantiacos.cl\/en\/2021\/07\/02\/campus-lo-contador-retoma-actividades-en-fase-2-con-resguardo-sanitario-y-estrictas-medidas-de-autocuidado\/","title":{"rendered":"Campus Lo Contador retoma actividades en Fase 2 con resguardo sanitario y estrictas medidas de autocuidado"},"content":{"rendered":"\n<figure class=\"wp-block-image size-full\"><img decoding=\"async\" width=\"350\" height=\"250\" src=\"https:\/\/fadeu.urantiacos.cl\/wp-content\/uploads\/2023\/09\/WEB_210371989_1695390337319766_1816378234912986486_n.jpg\" alt=\"\" class=\"wp-image-6717\" srcset=\"https:\/\/fadeu.urantiacos.cl\/wp-content\/uploads\/2023\/09\/WEB_210371989_1695390337319766_1816378234912986486_n.jpg 350w, https:\/\/fadeu.urantiacos.cl\/wp-content\/uploads\/2023\/09\/WEB_210371989_1695390337319766_1816378234912986486_n-300x214.jpg 300w\" sizes=\"(max-width: 350px) 100vw, 350px\" \/><\/figure>\n\n\n\n<p>Las medidas, irrenunciables y excluyentes para hacer ingreso al campus son: respetar los aforos, mantener siempre el distanciamiento f\u00edsico y ejercer medidas de autocuidado como el uso de mascarilla de manera permanente en espacios abiertos y cerrados. Para ello, el Campus se encuentra dotado de m\u00f3dulos de disposici\u00f3n de alcohol gel, toma de temperatura, se\u00f1al\u00e9tica e informaci\u00f3n gr\u00e1fica referida a estos temas en todos sus espacios.<\/p>\n\n\n\n<p>Los accesos ser\u00e1n controlados y solo se realizar\u00e1n por el ingreso principal de la Casona (El Comendador 1916). Para ello, toda persona deber\u00e1 llenar el formulario habilitado por la UC ((<a href=\"https:\/\/www.uc.cl\/uc-contra-el-coronavirus\/#formularios\">https:\/\/www.uc.cl\/uc-contra-el-coronavirus\/#formularios<\/a>) y presentar el acceso permitido al cuerpo de guardias del control de ingreso, adem\u00e1s de tomar la temperatura y limpiar las manos con alcohol gel.<\/p>\n\n\n\n<p>Todos los espacios exteriores son de libre uso (patio de los Naranjos, patio de Madera, cancha, y jardines en general), donde se puede tener momentos de ocio, siempre respetando el distanciamiento f\u00edsico y haciendo uso de mascarilla. Adem\u00e1s, se encuentran abiertos la Librer\u00eda UC en la Casona, y Librer\u00eda Tala, Iplot y Cafeter\u00eda del patio de Madera.<\/p>\n\n\n\n<p>Las salas se encuentran habilitadas y para trabajos pr\u00e1cticos, y desde la Facultad se sugiere el uso de las salas Capilla y Refectorio, ambas ubicadas en la Casona Lo Contador. Se debe respetar el aforo que se establece en la se\u00f1al\u00e9tica en cada sala, mantener distanciamiento f\u00edsico en su interior y usar mascarilla en todo momento. (Se debe verificar que no hay programaci\u00f3n de actividades docentes en ese lugar).<\/p>\n\n\n\n<p><strong>Sobre los laboratorios y la biblioteca<\/strong><\/p>\n\n\n\n<p>En el caso de la Sala Alfero de computaci\u00f3n, donde se puede trabajar en computadores e imprimir, se debe reservar el puesto de trabajo en el siguiente link:&nbsp;<a href=\"https:\/\/reservadesalas.bibliotecas.uc.cl\/space\/93936\">https:\/\/reservadesalas.bibliotecas.uc.cl\/space\/93936<\/a><\/p>\n\n\n\n<p>La Biblioteca se encuentra abierta y se pueden revisar los materiales en el siguiente link:&nbsp;<a href=\"https:\/\/bibliotecas.uc.cl\/\">https:\/\/bibliotecas.uc.cl\/<\/a>&nbsp;y\/o acceder directamente a los libros que est\u00e1n disponibles en horario de atenci\u00f3n (9.00 a 12.00 y 14.00 a 17.00 horas). Adem\u00e1s, puedes informarte sobre el plan de retorno de la bibliotecas UC aqu\u00ed:&nbsp;<a href=\"https:\/\/bibliotecas.uc.cl\/retorno#aviso-retorno-de-lo-contador-y-campus-oriente\">https:\/\/bibliotecas.uc.cl\/retorno#aviso-retorno-de-lo-contador-y-campus-oriente<\/a><\/p>\n\n\n\n<p>Por otro lado, para el Laboratorio de Fabricaci\u00f3n Digital puedes reservar tus horas aqu\u00ed:&nbsp;<a href=\"https:\/\/www.fabhaus.org\/\">https:\/\/www.fabhaus.org\/<\/a><\/p>\n\n\n\n<p>En el caso del Laboratorio de Modelos y Prototipos, especialmente el Taller de Herramientas, \u00e9ste funcionar\u00e1 en el horario de 9:00 a 13:00 y 14:00 a 16:00 horas. El aforo m\u00e1ximo es de 20 personas y se aceptar\u00e1n solo alumnos con capacitaci\u00f3n al d\u00eda (y manteniendo en todo momento distanciamiento f\u00edsico, sanitizaci\u00f3n de manos con alcohol gel y uso de mascarilla).<\/p>\n\n\n\n<p>La Universidad, motivada por un profundo compromiso con la salud de su comunidad acad\u00e9mica, estudiantil y funcionaria, ha implementado estrictos protocolos sanitarios que invitamos a cumplir para resguardar no solo nuestra salud personal, sino la de todos nuestros seres queridos y de quienes nos rodean.<\/p>\n\n\n\n<p>Para mantenerte al tanto de todas las informaciones de la comunidad Lo Contador, puedes revisar siempre nuestras plataformas que se encuentran actualizadas para darte la mejor informaci\u00f3n. Esto es, nuestra Web (www.fadeu.urantiacos.cl), y nuestras cuentas de Facebook, Twitter e Instagram.<\/p>\n\n\n\n<figure class=\"wp-block-image size-large\"><img decoding=\"async\" width=\"768\" height=\"1024\" src=\"https:\/\/fadeu.urantiacos.cl\/wp-content\/uploads\/2023\/09\/210242138_1695390440653089_2321044593321810333_n-768x1024.jpeg\" alt=\"\" class=\"wp-image-6718\" srcset=\"https:\/\/fadeu.urantiacos.cl\/wp-content\/uploads\/2023\/09\/210242138_1695390440653089_2321044593321810333_n-768x1024.jpeg 768w, https:\/\/fadeu.urantiacos.cl\/wp-content\/uploads\/2023\/09\/210242138_1695390440653089_2321044593321810333_n-225x300.jpeg 225w, https:\/\/fadeu.urantiacos.cl\/wp-content\/uploads\/2023\/09\/210242138_1695390440653089_2321044593321810333_n-1152x1536.jpeg 1152w, https:\/\/fadeu.urantiacos.cl\/wp-content\/uploads\/2023\/09\/210242138_1695390440653089_2321044593321810333_n.jpeg 900w\" sizes=\"(max-width: 768px) 100vw, 768px\" \/><\/figure>\n\n\n\n<figure class=\"wp-block-image size-large\"><img decoding=\"async\" width=\"768\" height=\"1024\" src=\"https:\/\/fadeu.urantiacos.cl\/wp-content\/uploads\/2023\/09\/210011636_1695390690653064_8618703459699753882_n-768x1024.jpeg\" alt=\"\" class=\"wp-image-6719\" srcset=\"https:\/\/fadeu.urantiacos.cl\/wp-content\/uploads\/2023\/09\/210011636_1695390690653064_8618703459699753882_n-768x1024.jpeg 768w, https:\/\/fadeu.urantiacos.cl\/wp-content\/uploads\/2023\/09\/210011636_1695390690653064_8618703459699753882_n-225x300.jpeg 225w, https:\/\/fadeu.urantiacos.cl\/wp-content\/uploads\/2023\/09\/210011636_1695390690653064_8618703459699753882_n-1152x1536.jpeg 1152w, https:\/\/fadeu.urantiacos.cl\/wp-content\/uploads\/2023\/09\/210011636_1695390690653064_8618703459699753882_n.jpeg 900w\" sizes=\"(max-width: 768px) 100vw, 768px\" \/><\/figure>\n\n\n\n<figure class=\"wp-block-image size-large\"><img decoding=\"async\" width=\"768\" height=\"1024\" src=\"https:\/\/fadeu.urantiacos.cl\/wp-content\/uploads\/2023\/09\/211330336_1695390777319722_824336991327676465_n-768x1024.jpeg\" alt=\"\" class=\"wp-image-6720\" srcset=\"https:\/\/fadeu.urantiacos.cl\/wp-content\/uploads\/2023\/09\/211330336_1695390777319722_824336991327676465_n-768x1024.jpeg 768w, https:\/\/fadeu.urantiacos.cl\/wp-content\/uploads\/2023\/09\/211330336_1695390777319722_824336991327676465_n-225x300.jpeg 225w, https:\/\/fadeu.urantiacos.cl\/wp-content\/uploads\/2023\/09\/211330336_1695390777319722_824336991327676465_n-1152x1536.jpeg 1152w, https:\/\/fadeu.urantiacos.cl\/wp-content\/uploads\/2023\/09\/211330336_1695390777319722_824336991327676465_n.jpeg 900w\" sizes=\"(max-width: 768px) 100vw, 768px\" \/><\/figure>\n\n\n\n<figure class=\"wp-block-image size-large\"><img decoding=\"async\" width=\"768\" height=\"1024\" src=\"https:\/\/fadeu.urantiacos.cl\/wp-content\/uploads\/2023\/09\/207495972_1695390290653104_2605337055427583935_n-768x1024.jpeg\" alt=\"\" class=\"wp-image-6721\" srcset=\"https:\/\/fadeu.urantiacos.cl\/wp-content\/uploads\/2023\/09\/207495972_1695390290653104_2605337055427583935_n-768x1024.jpeg 768w, https:\/\/fadeu.urantiacos.cl\/wp-content\/uploads\/2023\/09\/207495972_1695390290653104_2605337055427583935_n-225x300.jpeg 225w, https:\/\/fadeu.urantiacos.cl\/wp-content\/uploads\/2023\/09\/207495972_1695390290653104_2605337055427583935_n-1152x1536.jpeg 1152w, https:\/\/fadeu.urantiacos.cl\/wp-content\/uploads\/2023\/09\/207495972_1695390290653104_2605337055427583935_n.jpeg 900w\" sizes=\"(max-width: 768px) 100vw, 768px\" \/><\/figure>\n","protected":false},"excerpt":{"rendered":"<p>Tras el anuncio de la Autoridad Sanitaria del paso a Fase 2 (plan Paso a Paso) de la comuna de Providencia, la Direcci\u00f3n de Comunicaciones de la Facultad de Arquitectura, Dise\u00f1o y Estudios Urbanos ha informado que se ha reabierto el Campus Lo Contador, y ha desplegado una serie de medidas para conocimiento del cuerpo acad\u00e9mico, estudiantil y funcionario.<\/p>\n","protected":false},"author":1,"featured_media":6717,"comment_status":"open","ping_status":"open","sticky":false,"template":"","format":"standard","meta":{"_acf_changed":false,"footnotes":""},"categories":[1],"tags":[],"class_list":["post-6716","post","type-post","status-publish","format-standard","has-post-thumbnail","hentry","category-sin-categorizar"],"acf":[],"yoast_head":"<!-- This site is optimized with the Yoast SEO plugin v27.1.1 - https:\/\/yoast.com\/product\/yoast-seo-wordpress\/ -->\n<title>Campus Lo Contador retoma actividades en Fase 2 con resguardo sanitario y estrictas medidas de autocuidado - Facultad de Arquitectura, Dise\u00f1o y Estudios Urbanos<\/title>\n<meta name=\"description\" content=\"Tras el anuncio de la Autoridad Sanitaria del paso a Fase 2 (plan Paso a Paso) de la comuna de Providencia, la Direcci\u00f3n de Comunicaciones de la Facultad de Arquitectura, Dise\u00f1o y Estudios Urbanos ha informado que se ha reabierto el Campus Lo Contador, y ha desplegado una serie de medidas para conocimiento del cuerpo acad\u00e9mico, estudiantil y funcionario.\" \/>\n<meta name=\"robots\" content=\"index, follow, max-snippet:-1, max-image-preview:large, max-video-preview:-1\" \/>\n<link rel=\"canonical\" href=\"https:\/\/fadeu.urantiacos.cl\/en\/2021\/07\/02\/campus-lo-contador-retoma-actividades-en-fase-2-con-resguardo-sanitario-y-estrictas-medidas-de-autocuidado\/\" \/>\n<meta property=\"og:locale\" content=\"en_US\" \/>\n<meta property=\"og:type\" content=\"article\" \/>\n<meta property=\"og:title\" content=\"Campus Lo Contador retoma actividades en Fase 2 con resguardo sanitario y estrictas medidas de autocuidado - Facultad de Arquitectura, Dise\u00f1o y Estudios Urbanos\" \/>\n<meta property=\"og:description\" content=\"Tras el anuncio de la Autoridad Sanitaria del paso a Fase 2 (plan Paso a Paso) de la comuna de Providencia, la Direcci\u00f3n de Comunicaciones de la Facultad de Arquitectura, Dise\u00f1o y Estudios Urbanos ha informado que se ha reabierto el Campus Lo Contador, y ha desplegado una serie de medidas para conocimiento del cuerpo acad\u00e9mico, estudiantil y funcionario.\" \/>\n<meta property=\"og:url\" content=\"https:\/\/fadeu.urantiacos.cl\/en\/2021\/07\/02\/campus-lo-contador-retoma-actividades-en-fase-2-con-resguardo-sanitario-y-estrictas-medidas-de-autocuidado\/\" \/>\n<meta property=\"og:site_name\" content=\"Facultad de Arquitectura, Dise\u00f1o y Estudios Urbanos\" \/>\n<meta property=\"article:published_time\" content=\"2021-07-03T00:06:00+00:00\" \/>\n<meta property=\"article:modified_time\" content=\"2023-09-08T00:10:40+00:00\" \/>\n<meta property=\"og:image\" content=\"https:\/\/fadeu.urantiacos.cl\/wp-content\/uploads\/2023\/09\/WEB_210371989_1695390337319766_1816378234912986486_n.jpg\" \/>\n\t<meta property=\"og:image:width\" content=\"350\" \/>\n\t<meta property=\"og:image:height\" content=\"250\" \/>\n\t<meta property=\"og:image:type\" content=\"image\/jpeg\" \/>\n<meta name=\"author\" content=\"manadmin\" \/>\n<meta name=\"twitter:card\" content=\"summary_large_image\" \/>\n<meta name=\"twitter:label1\" content=\"Written by\" \/>\n\t<meta name=\"twitter:data1\" content=\"manadmin\" \/>\n\t<meta name=\"twitter:label2\" content=\"Est. reading time\" \/>\n\t<meta name=\"twitter:data2\" content=\"3 minutes\" \/>\n<script type=\"application\/ld+json\" class=\"yoast-schema-graph\">{\"@context\":\"https:\/\/schema.org\",\"@graph\":[{\"@type\":\"Article\",\"@id\":\"https:\/\/fadeu.urantiacos.cl\/en\/2021\/07\/02\/campus-lo-contador-retoma-actividades-en-fase-2-con-resguardo-sanitario-y-estrictas-medidas-de-autocuidado\/#article\",\"isPartOf\":{\"@id\":\"https:\/\/fadeu.urantiacos.cl\/en\/2021\/07\/02\/campus-lo-contador-retoma-actividades-en-fase-2-con-resguardo-sanitario-y-estrictas-medidas-de-autocuidado\/\"},\"author\":{\"name\":\"manadmin\",\"@id\":\"https:\/\/fadeu.urantiacos.cl\/en\/#\/schema\/person\/d203e2e84b1c40275eac77b3061a19a2\"},\"headline\":\"Campus Lo Contador retoma actividades en Fase 2 con resguardo sanitario y estrictas medidas de autocuidado\",\"datePublished\":\"2021-07-03T00:06:00+00:00\",\"dateModified\":\"2023-09-08T00:10:40+00:00\",\"mainEntityOfPage\":{\"@id\":\"https:\/\/fadeu.urantiacos.cl\/en\/2021\/07\/02\/campus-lo-contador-retoma-actividades-en-fase-2-con-resguardo-sanitario-y-estrictas-medidas-de-autocuidado\/\"},\"wordCount\":563,\"commentCount\":0,\"image\":{\"@id\":\"https:\/\/fadeu.urantiacos.cl\/en\/2021\/07\/02\/campus-lo-contador-retoma-actividades-en-fase-2-con-resguardo-sanitario-y-estrictas-medidas-de-autocuidado\/#primaryimage\"},\"thumbnailUrl\":\"https:\/\/fadeu.urantiacos.cl\/wp-content\/uploads\/2023\/09\/WEB_210371989_1695390337319766_1816378234912986486_n.jpg\",\"articleSection\":[\"Sin categorizar\"],\"inLanguage\":\"en-US\",\"potentialAction\":[{\"@type\":\"CommentAction\",\"name\":\"Comment\",\"target\":[\"https:\/\/fadeu.urantiacos.cl\/en\/2021\/07\/02\/campus-lo-contador-retoma-actividades-en-fase-2-con-resguardo-sanitario-y-estrictas-medidas-de-autocuidado\/#respond\"]}]},{\"@type\":\"WebPage\",\"@id\":\"https:\/\/fadeu.urantiacos.cl\/en\/2021\/07\/02\/campus-lo-contador-retoma-actividades-en-fase-2-con-resguardo-sanitario-y-estrictas-medidas-de-autocuidado\/\",\"url\":\"https:\/\/fadeu.urantiacos.cl\/en\/2021\/07\/02\/campus-lo-contador-retoma-actividades-en-fase-2-con-resguardo-sanitario-y-estrictas-medidas-de-autocuidado\/\",\"name\":\"Campus Lo Contador retoma actividades en Fase 2 con resguardo sanitario y estrictas medidas de autocuidado - Facultad de Arquitectura, Dise\u00f1o y Estudios Urbanos\",\"isPartOf\":{\"@id\":\"https:\/\/fadeu.urantiacos.cl\/en\/#website\"},\"primaryImageOfPage\":{\"@id\":\"https:\/\/fadeu.urantiacos.cl\/en\/2021\/07\/02\/campus-lo-contador-retoma-actividades-en-fase-2-con-resguardo-sanitario-y-estrictas-medidas-de-autocuidado\/#primaryimage\"},\"image\":{\"@id\":\"https:\/\/fadeu.urantiacos.cl\/en\/2021\/07\/02\/campus-lo-contador-retoma-actividades-en-fase-2-con-resguardo-sanitario-y-estrictas-medidas-de-autocuidado\/#primaryimage\"},\"thumbnailUrl\":\"https:\/\/fadeu.urantiacos.cl\/wp-content\/uploads\/2023\/09\/WEB_210371989_1695390337319766_1816378234912986486_n.jpg\",\"datePublished\":\"2021-07-03T00:06:00+00:00\",\"dateModified\":\"2023-09-08T00:10:40+00:00\",\"author\":{\"@id\":\"https:\/\/fadeu.urantiacos.cl\/en\/#\/schema\/person\/d203e2e84b1c40275eac77b3061a19a2\"},\"description\":\"Tras el anuncio de la Autoridad Sanitaria del paso a Fase 2 (plan Paso a Paso) de la comuna de Providencia, la Direcci\u00f3n de Comunicaciones de la Facultad de Arquitectura, Dise\u00f1o y Estudios Urbanos ha informado que se ha reabierto el Campus Lo Contador, y ha desplegado una serie de medidas para conocimiento del cuerpo acad\u00e9mico, estudiantil y funcionario.\",\"breadcrumb\":{\"@id\":\"https:\/\/fadeu.urantiacos.cl\/en\/2021\/07\/02\/campus-lo-contador-retoma-actividades-en-fase-2-con-resguardo-sanitario-y-estrictas-medidas-de-autocuidado\/#breadcrumb\"},\"inLanguage\":\"en-US\",\"potentialAction\":[{\"@type\":\"ReadAction\",\"target\":[\"https:\/\/fadeu.urantiacos.cl\/en\/2021\/07\/02\/campus-lo-contador-retoma-actividades-en-fase-2-con-resguardo-sanitario-y-estrictas-medidas-de-autocuidado\/\"]}]},{\"@type\":\"ImageObject\",\"inLanguage\":\"en-US\",\"@id\":\"https:\/\/fadeu.urantiacos.cl\/en\/2021\/07\/02\/campus-lo-contador-retoma-actividades-en-fase-2-con-resguardo-sanitario-y-estrictas-medidas-de-autocuidado\/#primaryimage\",\"url\":\"https:\/\/fadeu.urantiacos.cl\/wp-content\/uploads\/2023\/09\/WEB_210371989_1695390337319766_1816378234912986486_n.jpg\",\"contentUrl\":\"https:\/\/fadeu.urantiacos.cl\/wp-content\/uploads\/2023\/09\/WEB_210371989_1695390337319766_1816378234912986486_n.jpg\",\"width\":350,\"height\":250},{\"@type\":\"BreadcrumbList\",\"@id\":\"https:\/\/fadeu.urantiacos.cl\/en\/2021\/07\/02\/campus-lo-contador-retoma-actividades-en-fase-2-con-resguardo-sanitario-y-estrictas-medidas-de-autocuidado\/#breadcrumb\",\"itemListElement\":[{\"@type\":\"ListItem\",\"position\":1,\"name\":\"Portada\",\"item\":\"https:\/\/fadeu.urantiacos.cl\/en\/\"},{\"@type\":\"ListItem\",\"position\":2,\"name\":\"Campus Lo Contador retoma actividades en Fase 2 con resguardo sanitario y estrictas medidas de autocuidado\"}]},{\"@type\":\"WebSite\",\"@id\":\"https:\/\/fadeu.urantiacos.cl\/en\/#website\",\"url\":\"https:\/\/fadeu.urantiacos.cl\/en\/\",\"name\":\"Facultad de Arquitectura, Dise\u00f1o y Estudios Urbanos\",\"description\":\"Campus Lo Contador\",\"potentialAction\":[{\"@type\":\"SearchAction\",\"target\":{\"@type\":\"EntryPoint\",\"urlTemplate\":\"https:\/\/fadeu.urantiacos.cl\/en\/?s={search_term_string}\"},\"query-input\":{\"@type\":\"PropertyValueSpecification\",\"valueRequired\":true,\"valueName\":\"search_term_string\"}}],\"inLanguage\":\"en-US\"},{\"@type\":\"Person\",\"@id\":\"https:\/\/fadeu.urantiacos.cl\/en\/#\/schema\/person\/d203e2e84b1c40275eac77b3061a19a2\",\"name\":\"manadmin\",\"image\":{\"@type\":\"ImageObject\",\"inLanguage\":\"en-US\",\"@id\":\"https:\/\/fadeu.urantiacos.cl\/en\/#\/schema\/person\/image\/\",\"url\":\"https:\/\/secure.gravatar.com\/avatar\/4b1d8e3303b4a9d8968ac578947d8bc80d9aea359f388cdd4aac15cadc0e8447?s=96&d=mm&r=g\",\"contentUrl\":\"https:\/\/secure.gravatar.com\/avatar\/4b1d8e3303b4a9d8968ac578947d8bc80d9aea359f388cdd4aac15cadc0e8447?s=96&d=mm&r=g\",\"caption\":\"manadmin\"},\"sameAs\":[\"https:\/\/fadeu.urantiacos.cl\"]}]}<\/script>\n<!-- \/ Yoast SEO plugin. -->","yoast_head_json":{"title":"Campus Lo Contador retoma actividades en Fase 2 con resguardo sanitario y estrictas medidas de autocuidado - Facultad de Arquitectura, Dise\u00f1o y Estudios Urbanos","description":"Tras el anuncio de la Autoridad Sanitaria del paso a Fase 2 (plan Paso a Paso) de la comuna de Providencia, la Direcci\u00f3n de Comunicaciones de la Facultad de Arquitectura, Dise\u00f1o y Estudios Urbanos ha informado que se ha reabierto el Campus Lo Contador, y ha desplegado una serie de medidas para conocimiento del cuerpo acad\u00e9mico, estudiantil y funcionario.","robots":{"index":"index","follow":"follow","max-snippet":"max-snippet:-1","max-image-preview":"max-image-preview:large","max-video-preview":"max-video-preview:-1"},"canonical":"https:\/\/fadeu.urantiacos.cl\/en\/2021\/07\/02\/campus-lo-contador-retoma-actividades-en-fase-2-con-resguardo-sanitario-y-estrictas-medidas-de-autocuidado\/","og_locale":"en_US","og_type":"article","og_title":"Campus Lo Contador retoma actividades en Fase 2 con resguardo sanitario y estrictas medidas de autocuidado - Facultad de Arquitectura, Dise\u00f1o y Estudios Urbanos","og_description":"Tras el anuncio de la Autoridad Sanitaria del paso a Fase 2 (plan Paso a Paso) de la comuna de Providencia, la Direcci\u00f3n de Comunicaciones de la Facultad de Arquitectura, Dise\u00f1o y Estudios Urbanos ha informado que se ha reabierto el Campus Lo Contador, y ha desplegado una serie de medidas para conocimiento del cuerpo acad\u00e9mico, estudiantil y funcionario.","og_url":"https:\/\/fadeu.urantiacos.cl\/en\/2021\/07\/02\/campus-lo-contador-retoma-actividades-en-fase-2-con-resguardo-sanitario-y-estrictas-medidas-de-autocuidado\/","og_site_name":"Facultad de Arquitectura, Dise\u00f1o y Estudios Urbanos","article_published_time":"2021-07-03T00:06:00+00:00","article_modified_time":"2023-09-08T00:10:40+00:00","og_image":[{"width":350,"height":250,"url":"https:\/\/fadeu.urantiacos.cl\/wp-content\/uploads\/2023\/09\/WEB_210371989_1695390337319766_1816378234912986486_n.jpg","type":"image\/jpeg"}],"author":"manadmin","twitter_card":"summary_large_image","twitter_misc":{"Written by":"manadmin","Est. reading time":"3 minutes"},"schema":{"@context":"https:\/\/schema.org","@graph":[{"@type":"Article","@id":"https:\/\/fadeu.urantiacos.cl\/en\/2021\/07\/02\/campus-lo-contador-retoma-actividades-en-fase-2-con-resguardo-sanitario-y-estrictas-medidas-de-autocuidado\/#article","isPartOf":{"@id":"https:\/\/fadeu.urantiacos.cl\/en\/2021\/07\/02\/campus-lo-contador-retoma-actividades-en-fase-2-con-resguardo-sanitario-y-estrictas-medidas-de-autocuidado\/"},"author":{"name":"manadmin","@id":"https:\/\/fadeu.urantiacos.cl\/en\/#\/schema\/person\/d203e2e84b1c40275eac77b3061a19a2"},"headline":"Campus Lo Contador retoma actividades en Fase 2 con resguardo sanitario y estrictas medidas de autocuidado","datePublished":"2021-07-03T00:06:00+00:00","dateModified":"2023-09-08T00:10:40+00:00","mainEntityOfPage":{"@id":"https:\/\/fadeu.urantiacos.cl\/en\/2021\/07\/02\/campus-lo-contador-retoma-actividades-en-fase-2-con-resguardo-sanitario-y-estrictas-medidas-de-autocuidado\/"},"wordCount":563,"commentCount":0,"image":{"@id":"https:\/\/fadeu.urantiacos.cl\/en\/2021\/07\/02\/campus-lo-contador-retoma-actividades-en-fase-2-con-resguardo-sanitario-y-estrictas-medidas-de-autocuidado\/#primaryimage"},"thumbnailUrl":"https:\/\/fadeu.urantiacos.cl\/wp-content\/uploads\/2023\/09\/WEB_210371989_1695390337319766_1816378234912986486_n.jpg","articleSection":["Sin categorizar"],"inLanguage":"en-US","potentialAction":[{"@type":"CommentAction","name":"Comment","target":["https:\/\/fadeu.urantiacos.cl\/en\/2021\/07\/02\/campus-lo-contador-retoma-actividades-en-fase-2-con-resguardo-sanitario-y-estrictas-medidas-de-autocuidado\/#respond"]}]},{"@type":"WebPage","@id":"https:\/\/fadeu.urantiacos.cl\/en\/2021\/07\/02\/campus-lo-contador-retoma-actividades-en-fase-2-con-resguardo-sanitario-y-estrictas-medidas-de-autocuidado\/","url":"https:\/\/fadeu.urantiacos.cl\/en\/2021\/07\/02\/campus-lo-contador-retoma-actividades-en-fase-2-con-resguardo-sanitario-y-estrictas-medidas-de-autocuidado\/","name":"Campus Lo Contador retoma actividades en Fase 2 con resguardo sanitario y estrictas medidas de autocuidado - Facultad de Arquitectura, Dise\u00f1o y Estudios Urbanos","isPartOf":{"@id":"https:\/\/fadeu.urantiacos.cl\/en\/#website"},"primaryImageOfPage":{"@id":"https:\/\/fadeu.urantiacos.cl\/en\/2021\/07\/02\/campus-lo-contador-retoma-actividades-en-fase-2-con-resguardo-sanitario-y-estrictas-medidas-de-autocuidado\/#primaryimage"},"image":{"@id":"https:\/\/fadeu.urantiacos.cl\/en\/2021\/07\/02\/campus-lo-contador-retoma-actividades-en-fase-2-con-resguardo-sanitario-y-estrictas-medidas-de-autocuidado\/#primaryimage"},"thumbnailUrl":"https:\/\/fadeu.urantiacos.cl\/wp-content\/uploads\/2023\/09\/WEB_210371989_1695390337319766_1816378234912986486_n.jpg","datePublished":"2021-07-03T00:06:00+00:00","dateModified":"2023-09-08T00:10:40+00:00","author":{"@id":"https:\/\/fadeu.urantiacos.cl\/en\/#\/schema\/person\/d203e2e84b1c40275eac77b3061a19a2"},"description":"Tras el anuncio de la Autoridad Sanitaria del paso a Fase 2 (plan Paso a Paso) de la comuna de Providencia, la Direcci\u00f3n de Comunicaciones de la Facultad de Arquitectura, Dise\u00f1o y Estudios Urbanos ha informado que se ha reabierto el Campus Lo Contador, y ha desplegado una serie de medidas para conocimiento del cuerpo acad\u00e9mico, estudiantil y funcionario.","breadcrumb":{"@id":"https:\/\/fadeu.urantiacos.cl\/en\/2021\/07\/02\/campus-lo-contador-retoma-actividades-en-fase-2-con-resguardo-sanitario-y-estrictas-medidas-de-autocuidado\/#breadcrumb"},"inLanguage":"en-US","potentialAction":[{"@type":"ReadAction","target":["https:\/\/fadeu.urantiacos.cl\/en\/2021\/07\/02\/campus-lo-contador-retoma-actividades-en-fase-2-con-resguardo-sanitario-y-estrictas-medidas-de-autocuidado\/"]}]},{"@type":"ImageObject","inLanguage":"en-US","@id":"https:\/\/fadeu.urantiacos.cl\/en\/2021\/07\/02\/campus-lo-contador-retoma-actividades-en-fase-2-con-resguardo-sanitario-y-estrictas-medidas-de-autocuidado\/#primaryimage","url":"https:\/\/fadeu.urantiacos.cl\/wp-content\/uploads\/2023\/09\/WEB_210371989_1695390337319766_1816378234912986486_n.jpg","contentUrl":"https:\/\/fadeu.urantiacos.cl\/wp-content\/uploads\/2023\/09\/WEB_210371989_1695390337319766_1816378234912986486_n.jpg","width":350,"height":250},{"@type":"BreadcrumbList","@id":"https:\/\/fadeu.urantiacos.cl\/en\/2021\/07\/02\/campus-lo-contador-retoma-actividades-en-fase-2-con-resguardo-sanitario-y-estrictas-medidas-de-autocuidado\/#breadcrumb","itemListElement":[{"@type":"ListItem","position":1,"name":"Portada","item":"https:\/\/fadeu.urantiacos.cl\/en\/"},{"@type":"ListItem","position":2,"name":"Campus Lo Contador retoma actividades en Fase 2 con resguardo sanitario y estrictas medidas de autocuidado"}]},{"@type":"WebSite","@id":"https:\/\/fadeu.urantiacos.cl\/en\/#website","url":"https:\/\/fadeu.urantiacos.cl\/en\/","name":"Facultad de Arquitectura, Dise\u00f1o y Estudios Urbanos","description":"Campus Lo Contador","potentialAction":[{"@type":"SearchAction","target":{"@type":"EntryPoint","urlTemplate":"https:\/\/fadeu.urantiacos.cl\/en\/?s={search_term_string}"},"query-input":{"@type":"PropertyValueSpecification","valueRequired":true,"valueName":"search_term_string"}}],"inLanguage":"en-US"},{"@type":"Person","@id":"https:\/\/fadeu.urantiacos.cl\/en\/#\/schema\/person\/d203e2e84b1c40275eac77b3061a19a2","name":"manadmin","image":{"@type":"ImageObject","inLanguage":"en-US","@id":"https:\/\/fadeu.urantiacos.cl\/en\/#\/schema\/person\/image\/","url":"https:\/\/secure.gravatar.com\/avatar\/4b1d8e3303b4a9d8968ac578947d8bc80d9aea359f388cdd4aac15cadc0e8447?s=96&d=mm&r=g","contentUrl":"https:\/\/secure.gravatar.com\/avatar\/4b1d8e3303b4a9d8968ac578947d8bc80d9aea359f388cdd4aac15cadc0e8447?s=96&d=mm&r=g","caption":"manadmin"},"sameAs":["https:\/\/fadeu.urantiacos.cl"]}]}},"_links":{"self":[{"href":"https:\/\/fadeu.urantiacos.cl\/en\/wp-json\/wp\/v2\/posts\/6716","targetHints":{"allow":["GET"]}}],"collection":[{"href":"https:\/\/fadeu.urantiacos.cl\/en\/wp-json\/wp\/v2\/posts"}],"about":[{"href":"https:\/\/fadeu.urantiacos.cl\/en\/wp-json\/wp\/v2\/types\/post"}],"author":[{"embeddable":true,"href":"https:\/\/fadeu.urantiacos.cl\/en\/wp-json\/wp\/v2\/users\/1"}],"replies":[{"embeddable":true,"href":"https:\/\/fadeu.urantiacos.cl\/en\/wp-json\/wp\/v2\/comments?post=6716"}],"version-history":[{"count":1,"href":"https:\/\/fadeu.urantiacos.cl\/en\/wp-json\/wp\/v2\/posts\/6716\/revisions"}],"predecessor-version":[{"id":6722,"href":"https:\/\/fadeu.urantiacos.cl\/en\/wp-json\/wp\/v2\/posts\/6716\/revisions\/6722"}],"wp:featuredmedia":[{"embeddable":true,"href":"https:\/\/fadeu.urantiacos.cl\/en\/wp-json\/wp\/v2\/media\/6717"}],"wp:attachment":[{"href":"https:\/\/fadeu.urantiacos.cl\/en\/wp-json\/wp\/v2\/media?parent=6716"}],"wp:term":[{"taxonomy":"category","embeddable":true,"href":"https:\/\/fadeu.urantiacos.cl\/en\/wp-json\/wp\/v2\/categories?post=6716"},{"taxonomy":"post_tag","embeddable":true,"href":"https:\/\/fadeu.urantiacos.cl\/en\/wp-json\/wp\/v2\/tags?post=6716"}],"curies":[{"name":"wp","href":"https:\/\/api.w.org\/{rel}","templated":true}]}}