{"id":6713,"date":"2021-07-03T21:04:00","date_gmt":"2021-07-04T00:04:00","guid":{"rendered":"https:\/\/fadeu.urantiacos.cl\/?p=6713"},"modified":"2023-10-23T15:32:27","modified_gmt":"2023-10-23T18:32:27","slug":"loreto-lyon-participo-en-eventos-de-la-ie-university-y-la-international-union-of-architects","status":"publish","type":"post","link":"https:\/\/fadeu.urantiacos.cl\/en\/2021\/07\/03\/loreto-lyon-participo-en-eventos-de-la-ie-university-y-la-international-union-of-architects\/","title":{"rendered":"Loreto Lyon particip\u00f3 en eventos de la IE University y la International Union of Architects"},"content":{"rendered":"\n<figure class=\"wp-block-image size-full\"><img decoding=\"async\" width=\"350\" height=\"250\" src=\"https:\/\/fadeu.urantiacos.cl\/wp-content\/uploads\/2023\/09\/utc_june_flyer_web_350x250.png\" alt=\"\" class=\"wp-image-6714\" srcset=\"https:\/\/fadeu.urantiacos.cl\/wp-content\/uploads\/2023\/09\/utc_june_flyer_web_350x250.png 350w, https:\/\/fadeu.urantiacos.cl\/wp-content\/uploads\/2023\/09\/utc_june_flyer_web_350x250-300x214.png 300w\" sizes=\"(max-width: 350px) 100vw, 350px\" \/><\/figure>\n\n\n\n<p>El webinar de la UIA \u2014que tuvo lugar el 21 de junio de 2021\u2014 se titul\u00f3 \u201cAcercamientos femeninos para construir la resiliencia clim\u00e1tica\u201d. En esta oportunidad, Lyon fue invitada en representaci\u00f3n de Latinoam\u00e9rica en su calidad de arquitecta y directora del Colegio de Arquitectos, participando de una conversaci\u00f3n junto a profesionales de diferentes pa\u00edses y continentes. En el panel, la acad\u00e9mica ARQ UC habl\u00f3, entre otras cosas, sobre el concepto de \u201cmultitasking\u201d, estableciendo un paralelo entre la infraestructura verde, las mujeres y las posibles mejoras a la calidad de nuestras ciudades: \u201cAl igual que las mujeres, que comprenden la importancia vital de la multitarea, es hora de pensar en infraestructura como sistemas multifuncionales. En un contexto de calentamiento global y escasez de recursos, es una forma de obtener beneficios adicionales por el mismo precio\u201d.<\/p>\n\n\n\n<p>Por otro lado, la conferencia online de Loreto Lyon en la IE University \u2014que tuvo lugar el 24 de junio de 2021\u2014 se situ\u00f3 en el marco de la ceremonia de final de carrera para los mag\u00edsteres y doctorados del programa de arquitectura de la sede en Madrid. En esta instancia, la profesora ARQ UC present\u00f3 el trabajo de su oficina \u2014Beals Lyon Arquitectos\u2014 para luego participar de una mesa redonda, ofreciendo su perspectiva y comentarios sobre algunas de las tesis y proyectos seleccionados.<\/p>\n\n\n\n<p>Estos eventos se suman a la participaci\u00f3n de Lyon \u2014junto al profesor ARQ UC Alejandro Beals\u2014, en los ex\u00e1menes de Cornell University (<a href=\"http:\/\/arquitectura.uc.cl\/proyectos\/noticias\/6159-loreto-lyon-y-alejandro-beals-participaron-de-los-examenes-de-cornell-university.html\" target=\"_blank\" rel=\"noreferrer noopener\">ver nota<\/a>) y en el congreso internacional de arquitectura latinoamericana en el marco de la Bienal Internacional de Arquitectura de Lima (BIALIMA 2021,&nbsp;<a href=\"http:\/\/arquitectura.uc.cl\/proyectos\/noticias\/6273-loreto-lyon-y-alejandro-beals-participaron-en-congreso-internacional-pre-bienal-de-lima-2021.html\" target=\"_blank\" rel=\"noreferrer noopener\">ver nota<\/a>).<\/p>\n\n\n\n<p><\/p>\n\n\n\n<p>Noticias<br>Contacto:&nbsp;<a href=\"mailto:redesarq@uc.cl\">redesarq@uc.cl<\/a>&nbsp;| +56 2 2354 7747<br>www.arquitectura.uc.cl<\/p>\n","protected":false},"excerpt":{"rendered":"<p>La profesora ARQ UC, directora de actividades del Colegio de Arquitectos de Chile y socia de Beals Lyon Arquitectos, particip\u00f3 en un webinar organizado por la UIA (International Union of Architects) y en una conferencia de la sede madrile\u00f1a del IE School of Architecture and Design.<\/p>\n","protected":false},"author":1,"featured_media":6714,"comment_status":"open","ping_status":"open","sticky":false,"template":"","format":"standard","meta":{"_acf_changed":false,"footnotes":""},"categories":[1],"tags":[],"class_list":["post-6713","post","type-post","status-publish","format-standard","has-post-thumbnail","hentry","category-sin-categorizar"],"acf":[],"yoast_head":"<!-- This site is optimized with the Yoast SEO plugin v27.1.1 - https:\/\/yoast.com\/product\/yoast-seo-wordpress\/ -->\n<title>Loreto Lyon particip\u00f3 en eventos de la IE University y la International Union of Architects - Facultad de Arquitectura, Dise\u00f1o y Estudios Urbanos<\/title>\n<meta name=\"description\" content=\"La profesora ARQ UC, directora de actividades del Colegio de Arquitectos de Chile y socia de Beals Lyon Arquitectos, particip\u00f3 en un webinar organizado por la UIA (International Union of Architects) y en una conferencia de la sede madrile\u00f1a del IE School of Architecture and Design.\" \/>\n<meta name=\"robots\" content=\"index, follow, max-snippet:-1, max-image-preview:large, max-video-preview:-1\" \/>\n<link rel=\"canonical\" href=\"https:\/\/fadeu.urantiacos.cl\/en\/2021\/07\/03\/loreto-lyon-participo-en-eventos-de-la-ie-university-y-la-international-union-of-architects\/\" \/>\n<meta property=\"og:locale\" content=\"en_US\" \/>\n<meta property=\"og:type\" content=\"article\" \/>\n<meta property=\"og:title\" content=\"Loreto Lyon particip\u00f3 en eventos de la IE University y la International Union of Architects - Facultad de Arquitectura, Dise\u00f1o y Estudios Urbanos\" \/>\n<meta property=\"og:description\" content=\"La profesora ARQ UC, directora de actividades del Colegio de Arquitectos de Chile y socia de Beals Lyon Arquitectos, particip\u00f3 en un webinar organizado por la UIA (International Union of Architects) y en una conferencia de la sede madrile\u00f1a del IE School of Architecture and Design.\" \/>\n<meta property=\"og:url\" content=\"https:\/\/fadeu.urantiacos.cl\/en\/2021\/07\/03\/loreto-lyon-participo-en-eventos-de-la-ie-university-y-la-international-union-of-architects\/\" \/>\n<meta property=\"og:site_name\" content=\"Facultad de Arquitectura, Dise\u00f1o y Estudios Urbanos\" \/>\n<meta property=\"article:published_time\" content=\"2021-07-04T00:04:00+00:00\" \/>\n<meta property=\"article:modified_time\" content=\"2023-10-23T18:32:27+00:00\" \/>\n<meta property=\"og:image\" content=\"https:\/\/fadeu.urantiacos.cl\/wp-content\/uploads\/2023\/09\/utc_june_flyer_web_350x250.png\" \/>\n\t<meta property=\"og:image:width\" content=\"350\" \/>\n\t<meta property=\"og:image:height\" content=\"250\" \/>\n\t<meta property=\"og:image:type\" content=\"image\/png\" \/>\n<meta name=\"author\" content=\"manadmin\" \/>\n<meta name=\"twitter:card\" content=\"summary_large_image\" \/>\n<meta name=\"twitter:label1\" content=\"Written by\" \/>\n\t<meta name=\"twitter:data1\" content=\"manadmin\" \/>\n\t<meta name=\"twitter:label2\" content=\"Est. reading time\" \/>\n\t<meta name=\"twitter:data2\" content=\"2 minutes\" \/>\n<script type=\"application\/ld+json\" class=\"yoast-schema-graph\">{\"@context\":\"https:\/\/schema.org\",\"@graph\":[{\"@type\":\"Article\",\"@id\":\"https:\/\/fadeu.urantiacos.cl\/en\/2021\/07\/03\/loreto-lyon-participo-en-eventos-de-la-ie-university-y-la-international-union-of-architects\/#article\",\"isPartOf\":{\"@id\":\"https:\/\/fadeu.urantiacos.cl\/en\/2021\/07\/03\/loreto-lyon-participo-en-eventos-de-la-ie-university-y-la-international-union-of-architects\/\"},\"author\":{\"name\":\"manadmin\",\"@id\":\"https:\/\/fadeu.urantiacos.cl\/en\/#\/schema\/person\/d203e2e84b1c40275eac77b3061a19a2\"},\"headline\":\"Loreto Lyon particip\u00f3 en eventos de la IE University y la International Union of Architects\",\"datePublished\":\"2021-07-04T00:04:00+00:00\",\"dateModified\":\"2023-10-23T18:32:27+00:00\",\"mainEntityOfPage\":{\"@id\":\"https:\/\/fadeu.urantiacos.cl\/en\/2021\/07\/03\/loreto-lyon-participo-en-eventos-de-la-ie-university-y-la-international-union-of-architects\/\"},\"wordCount\":295,\"commentCount\":0,\"image\":{\"@id\":\"https:\/\/fadeu.urantiacos.cl\/en\/2021\/07\/03\/loreto-lyon-participo-en-eventos-de-la-ie-university-y-la-international-union-of-architects\/#primaryimage\"},\"thumbnailUrl\":\"https:\/\/fadeu.urantiacos.cl\/wp-content\/uploads\/2023\/09\/utc_june_flyer_web_350x250.png\",\"articleSection\":[\"Sin categorizar\"],\"inLanguage\":\"en-US\",\"potentialAction\":[{\"@type\":\"CommentAction\",\"name\":\"Comment\",\"target\":[\"https:\/\/fadeu.urantiacos.cl\/en\/2021\/07\/03\/loreto-lyon-participo-en-eventos-de-la-ie-university-y-la-international-union-of-architects\/#respond\"]}]},{\"@type\":\"WebPage\",\"@id\":\"https:\/\/fadeu.urantiacos.cl\/en\/2021\/07\/03\/loreto-lyon-participo-en-eventos-de-la-ie-university-y-la-international-union-of-architects\/\",\"url\":\"https:\/\/fadeu.urantiacos.cl\/en\/2021\/07\/03\/loreto-lyon-participo-en-eventos-de-la-ie-university-y-la-international-union-of-architects\/\",\"name\":\"Loreto Lyon particip\u00f3 en eventos de la IE University y la International Union of Architects - Facultad de Arquitectura, Dise\u00f1o y Estudios Urbanos\",\"isPartOf\":{\"@id\":\"https:\/\/fadeu.urantiacos.cl\/en\/#website\"},\"primaryImageOfPage\":{\"@id\":\"https:\/\/fadeu.urantiacos.cl\/en\/2021\/07\/03\/loreto-lyon-participo-en-eventos-de-la-ie-university-y-la-international-union-of-architects\/#primaryimage\"},\"image\":{\"@id\":\"https:\/\/fadeu.urantiacos.cl\/en\/2021\/07\/03\/loreto-lyon-participo-en-eventos-de-la-ie-university-y-la-international-union-of-architects\/#primaryimage\"},\"thumbnailUrl\":\"https:\/\/fadeu.urantiacos.cl\/wp-content\/uploads\/2023\/09\/utc_june_flyer_web_350x250.png\",\"datePublished\":\"2021-07-04T00:04:00+00:00\",\"dateModified\":\"2023-10-23T18:32:27+00:00\",\"author\":{\"@id\":\"https:\/\/fadeu.urantiacos.cl\/en\/#\/schema\/person\/d203e2e84b1c40275eac77b3061a19a2\"},\"description\":\"La profesora ARQ UC, directora de actividades del Colegio de Arquitectos de Chile y socia de Beals Lyon Arquitectos, particip\u00f3 en un webinar organizado por la UIA (International Union of Architects) y en una conferencia de la sede madrile\u00f1a del IE School of Architecture and Design.\",\"breadcrumb\":{\"@id\":\"https:\/\/fadeu.urantiacos.cl\/en\/2021\/07\/03\/loreto-lyon-participo-en-eventos-de-la-ie-university-y-la-international-union-of-architects\/#breadcrumb\"},\"inLanguage\":\"en-US\",\"potentialAction\":[{\"@type\":\"ReadAction\",\"target\":[\"https:\/\/fadeu.urantiacos.cl\/en\/2021\/07\/03\/loreto-lyon-participo-en-eventos-de-la-ie-university-y-la-international-union-of-architects\/\"]}]},{\"@type\":\"ImageObject\",\"inLanguage\":\"en-US\",\"@id\":\"https:\/\/fadeu.urantiacos.cl\/en\/2021\/07\/03\/loreto-lyon-participo-en-eventos-de-la-ie-university-y-la-international-union-of-architects\/#primaryimage\",\"url\":\"https:\/\/fadeu.urantiacos.cl\/wp-content\/uploads\/2023\/09\/utc_june_flyer_web_350x250.png\",\"contentUrl\":\"https:\/\/fadeu.urantiacos.cl\/wp-content\/uploads\/2023\/09\/utc_june_flyer_web_350x250.png\",\"width\":350,\"height\":250},{\"@type\":\"BreadcrumbList\",\"@id\":\"https:\/\/fadeu.urantiacos.cl\/en\/2021\/07\/03\/loreto-lyon-participo-en-eventos-de-la-ie-university-y-la-international-union-of-architects\/#breadcrumb\",\"itemListElement\":[{\"@type\":\"ListItem\",\"position\":1,\"name\":\"Portada\",\"item\":\"https:\/\/fadeu.urantiacos.cl\/en\/\"},{\"@type\":\"ListItem\",\"position\":2,\"name\":\"Loreto Lyon particip\u00f3 en eventos de la IE University y la International Union of Architects\"}]},{\"@type\":\"WebSite\",\"@id\":\"https:\/\/fadeu.urantiacos.cl\/en\/#website\",\"url\":\"https:\/\/fadeu.urantiacos.cl\/en\/\",\"name\":\"Facultad de Arquitectura, Dise\u00f1o y Estudios Urbanos\",\"description\":\"Campus Lo Contador\",\"potentialAction\":[{\"@type\":\"SearchAction\",\"target\":{\"@type\":\"EntryPoint\",\"urlTemplate\":\"https:\/\/fadeu.urantiacos.cl\/en\/?s={search_term_string}\"},\"query-input\":{\"@type\":\"PropertyValueSpecification\",\"valueRequired\":true,\"valueName\":\"search_term_string\"}}],\"inLanguage\":\"en-US\"},{\"@type\":\"Person\",\"@id\":\"https:\/\/fadeu.urantiacos.cl\/en\/#\/schema\/person\/d203e2e84b1c40275eac77b3061a19a2\",\"name\":\"manadmin\",\"image\":{\"@type\":\"ImageObject\",\"inLanguage\":\"en-US\",\"@id\":\"https:\/\/fadeu.urantiacos.cl\/en\/#\/schema\/person\/image\/\",\"url\":\"https:\/\/secure.gravatar.com\/avatar\/4b1d8e3303b4a9d8968ac578947d8bc80d9aea359f388cdd4aac15cadc0e8447?s=96&d=mm&r=g\",\"contentUrl\":\"https:\/\/secure.gravatar.com\/avatar\/4b1d8e3303b4a9d8968ac578947d8bc80d9aea359f388cdd4aac15cadc0e8447?s=96&d=mm&r=g\",\"caption\":\"manadmin\"},\"sameAs\":[\"https:\/\/fadeu.urantiacos.cl\"]}]}<\/script>\n<!-- \/ Yoast SEO plugin. -->","yoast_head_json":{"title":"Loreto Lyon particip\u00f3 en eventos de la IE University y la International Union of Architects - Facultad de Arquitectura, Dise\u00f1o y Estudios Urbanos","description":"La profesora ARQ UC, directora de actividades del Colegio de Arquitectos de Chile y socia de Beals Lyon Arquitectos, particip\u00f3 en un webinar organizado por la UIA (International Union of Architects) y en una conferencia de la sede madrile\u00f1a del IE School of Architecture and Design.","robots":{"index":"index","follow":"follow","max-snippet":"max-snippet:-1","max-image-preview":"max-image-preview:large","max-video-preview":"max-video-preview:-1"},"canonical":"https:\/\/fadeu.urantiacos.cl\/en\/2021\/07\/03\/loreto-lyon-participo-en-eventos-de-la-ie-university-y-la-international-union-of-architects\/","og_locale":"en_US","og_type":"article","og_title":"Loreto Lyon particip\u00f3 en eventos de la IE University y la International Union of Architects - Facultad de Arquitectura, Dise\u00f1o y Estudios Urbanos","og_description":"La profesora ARQ UC, directora de actividades del Colegio de Arquitectos de Chile y socia de Beals Lyon Arquitectos, particip\u00f3 en un webinar organizado por la UIA (International Union of Architects) y en una conferencia de la sede madrile\u00f1a del IE School of Architecture and Design.","og_url":"https:\/\/fadeu.urantiacos.cl\/en\/2021\/07\/03\/loreto-lyon-participo-en-eventos-de-la-ie-university-y-la-international-union-of-architects\/","og_site_name":"Facultad de Arquitectura, Dise\u00f1o y Estudios Urbanos","article_published_time":"2021-07-04T00:04:00+00:00","article_modified_time":"2023-10-23T18:32:27+00:00","og_image":[{"width":350,"height":250,"url":"https:\/\/fadeu.urantiacos.cl\/wp-content\/uploads\/2023\/09\/utc_june_flyer_web_350x250.png","type":"image\/png"}],"author":"manadmin","twitter_card":"summary_large_image","twitter_misc":{"Written by":"manadmin","Est. reading time":"2 minutes"},"schema":{"@context":"https:\/\/schema.org","@graph":[{"@type":"Article","@id":"https:\/\/fadeu.urantiacos.cl\/en\/2021\/07\/03\/loreto-lyon-participo-en-eventos-de-la-ie-university-y-la-international-union-of-architects\/#article","isPartOf":{"@id":"https:\/\/fadeu.urantiacos.cl\/en\/2021\/07\/03\/loreto-lyon-participo-en-eventos-de-la-ie-university-y-la-international-union-of-architects\/"},"author":{"name":"manadmin","@id":"https:\/\/fadeu.urantiacos.cl\/en\/#\/schema\/person\/d203e2e84b1c40275eac77b3061a19a2"},"headline":"Loreto Lyon particip\u00f3 en eventos de la IE University y la International Union of Architects","datePublished":"2021-07-04T00:04:00+00:00","dateModified":"2023-10-23T18:32:27+00:00","mainEntityOfPage":{"@id":"https:\/\/fadeu.urantiacos.cl\/en\/2021\/07\/03\/loreto-lyon-participo-en-eventos-de-la-ie-university-y-la-international-union-of-architects\/"},"wordCount":295,"commentCount":0,"image":{"@id":"https:\/\/fadeu.urantiacos.cl\/en\/2021\/07\/03\/loreto-lyon-participo-en-eventos-de-la-ie-university-y-la-international-union-of-architects\/#primaryimage"},"thumbnailUrl":"https:\/\/fadeu.urantiacos.cl\/wp-content\/uploads\/2023\/09\/utc_june_flyer_web_350x250.png","articleSection":["Sin categorizar"],"inLanguage":"en-US","potentialAction":[{"@type":"CommentAction","name":"Comment","target":["https:\/\/fadeu.urantiacos.cl\/en\/2021\/07\/03\/loreto-lyon-participo-en-eventos-de-la-ie-university-y-la-international-union-of-architects\/#respond"]}]},{"@type":"WebPage","@id":"https:\/\/fadeu.urantiacos.cl\/en\/2021\/07\/03\/loreto-lyon-participo-en-eventos-de-la-ie-university-y-la-international-union-of-architects\/","url":"https:\/\/fadeu.urantiacos.cl\/en\/2021\/07\/03\/loreto-lyon-participo-en-eventos-de-la-ie-university-y-la-international-union-of-architects\/","name":"Loreto Lyon particip\u00f3 en eventos de la IE University y la International Union of Architects - Facultad de Arquitectura, Dise\u00f1o y Estudios Urbanos","isPartOf":{"@id":"https:\/\/fadeu.urantiacos.cl\/en\/#website"},"primaryImageOfPage":{"@id":"https:\/\/fadeu.urantiacos.cl\/en\/2021\/07\/03\/loreto-lyon-participo-en-eventos-de-la-ie-university-y-la-international-union-of-architects\/#primaryimage"},"image":{"@id":"https:\/\/fadeu.urantiacos.cl\/en\/2021\/07\/03\/loreto-lyon-participo-en-eventos-de-la-ie-university-y-la-international-union-of-architects\/#primaryimage"},"thumbnailUrl":"https:\/\/fadeu.urantiacos.cl\/wp-content\/uploads\/2023\/09\/utc_june_flyer_web_350x250.png","datePublished":"2021-07-04T00:04:00+00:00","dateModified":"2023-10-23T18:32:27+00:00","author":{"@id":"https:\/\/fadeu.urantiacos.cl\/en\/#\/schema\/person\/d203e2e84b1c40275eac77b3061a19a2"},"description":"La profesora ARQ UC, directora de actividades del Colegio de Arquitectos de Chile y socia de Beals Lyon Arquitectos, particip\u00f3 en un webinar organizado por la UIA (International Union of Architects) y en una conferencia de la sede madrile\u00f1a del IE School of Architecture and Design.","breadcrumb":{"@id":"https:\/\/fadeu.urantiacos.cl\/en\/2021\/07\/03\/loreto-lyon-participo-en-eventos-de-la-ie-university-y-la-international-union-of-architects\/#breadcrumb"},"inLanguage":"en-US","potentialAction":[{"@type":"ReadAction","target":["https:\/\/fadeu.urantiacos.cl\/en\/2021\/07\/03\/loreto-lyon-participo-en-eventos-de-la-ie-university-y-la-international-union-of-architects\/"]}]},{"@type":"ImageObject","inLanguage":"en-US","@id":"https:\/\/fadeu.urantiacos.cl\/en\/2021\/07\/03\/loreto-lyon-participo-en-eventos-de-la-ie-university-y-la-international-union-of-architects\/#primaryimage","url":"https:\/\/fadeu.urantiacos.cl\/wp-content\/uploads\/2023\/09\/utc_june_flyer_web_350x250.png","contentUrl":"https:\/\/fadeu.urantiacos.cl\/wp-content\/uploads\/2023\/09\/utc_june_flyer_web_350x250.png","width":350,"height":250},{"@type":"BreadcrumbList","@id":"https:\/\/fadeu.urantiacos.cl\/en\/2021\/07\/03\/loreto-lyon-participo-en-eventos-de-la-ie-university-y-la-international-union-of-architects\/#breadcrumb","itemListElement":[{"@type":"ListItem","position":1,"name":"Portada","item":"https:\/\/fadeu.urantiacos.cl\/en\/"},{"@type":"ListItem","position":2,"name":"Loreto Lyon particip\u00f3 en eventos de la IE University y la International Union of Architects"}]},{"@type":"WebSite","@id":"https:\/\/fadeu.urantiacos.cl\/en\/#website","url":"https:\/\/fadeu.urantiacos.cl\/en\/","name":"Facultad de Arquitectura, Dise\u00f1o y Estudios Urbanos","description":"Campus Lo Contador","potentialAction":[{"@type":"SearchAction","target":{"@type":"EntryPoint","urlTemplate":"https:\/\/fadeu.urantiacos.cl\/en\/?s={search_term_string}"},"query-input":{"@type":"PropertyValueSpecification","valueRequired":true,"valueName":"search_term_string"}}],"inLanguage":"en-US"},{"@type":"Person","@id":"https:\/\/fadeu.urantiacos.cl\/en\/#\/schema\/person\/d203e2e84b1c40275eac77b3061a19a2","name":"manadmin","image":{"@type":"ImageObject","inLanguage":"en-US","@id":"https:\/\/fadeu.urantiacos.cl\/en\/#\/schema\/person\/image\/","url":"https:\/\/secure.gravatar.com\/avatar\/4b1d8e3303b4a9d8968ac578947d8bc80d9aea359f388cdd4aac15cadc0e8447?s=96&d=mm&r=g","contentUrl":"https:\/\/secure.gravatar.com\/avatar\/4b1d8e3303b4a9d8968ac578947d8bc80d9aea359f388cdd4aac15cadc0e8447?s=96&d=mm&r=g","caption":"manadmin"},"sameAs":["https:\/\/fadeu.urantiacos.cl"]}]}},"_links":{"self":[{"href":"https:\/\/fadeu.urantiacos.cl\/en\/wp-json\/wp\/v2\/posts\/6713","targetHints":{"allow":["GET"]}}],"collection":[{"href":"https:\/\/fadeu.urantiacos.cl\/en\/wp-json\/wp\/v2\/posts"}],"about":[{"href":"https:\/\/fadeu.urantiacos.cl\/en\/wp-json\/wp\/v2\/types\/post"}],"author":[{"embeddable":true,"href":"https:\/\/fadeu.urantiacos.cl\/en\/wp-json\/wp\/v2\/users\/1"}],"replies":[{"embeddable":true,"href":"https:\/\/fadeu.urantiacos.cl\/en\/wp-json\/wp\/v2\/comments?post=6713"}],"version-history":[{"count":2,"href":"https:\/\/fadeu.urantiacos.cl\/en\/wp-json\/wp\/v2\/posts\/6713\/revisions"}],"predecessor-version":[{"id":17526,"href":"https:\/\/fadeu.urantiacos.cl\/en\/wp-json\/wp\/v2\/posts\/6713\/revisions\/17526"}],"wp:featuredmedia":[{"embeddable":true,"href":"https:\/\/fadeu.urantiacos.cl\/en\/wp-json\/wp\/v2\/media\/6714"}],"wp:attachment":[{"href":"https:\/\/fadeu.urantiacos.cl\/en\/wp-json\/wp\/v2\/media?parent=6713"}],"wp:term":[{"taxonomy":"category","embeddable":true,"href":"https:\/\/fadeu.urantiacos.cl\/en\/wp-json\/wp\/v2\/categories?post=6713"},{"taxonomy":"post_tag","embeddable":true,"href":"https:\/\/fadeu.urantiacos.cl\/en\/wp-json\/wp\/v2\/tags?post=6713"}],"curies":[{"name":"wp","href":"https:\/\/api.w.org\/{rel}","templated":true}]}}