{"id":6707,"date":"2021-07-04T21:00:00","date_gmt":"2021-07-05T00:00:00","guid":{"rendered":"https:\/\/fadeu.urantiacos.cl\/?p=6707"},"modified":"2023-09-07T21:02:20","modified_gmt":"2023-09-08T00:02:20","slug":"macarena-cortes-realiza-conferencia-en-la-universidad-catolica-del-norte","status":"publish","type":"post","link":"https:\/\/fadeu.urantiacos.cl\/en\/2021\/07\/04\/macarena-cortes-realiza-conferencia-en-la-universidad-catolica-del-norte\/","title":{"rendered":"Macarena Cort\u00e9s realiza conferencia en la Universidad Cat\u00f3lica del Norte"},"content":{"rendered":"\n<figure class=\"wp-block-image size-full\"><img decoding=\"async\" width=\"350\" height=\"250\" src=\"https:\/\/fadeu.urantiacos.cl\/wp-content\/uploads\/2023\/09\/charla_MCD_UCN.png\" alt=\"\" class=\"wp-image-6708\" srcset=\"https:\/\/fadeu.urantiacos.cl\/wp-content\/uploads\/2023\/09\/charla_MCD_UCN.png 350w, https:\/\/fadeu.urantiacos.cl\/wp-content\/uploads\/2023\/09\/charla_MCD_UCN-300x214.png 300w\" sizes=\"(max-width: 350px) 100vw, 350px\" \/><\/figure>\n\n\n\n<p>En su presentaci\u00f3n, la profesora ARQ UC Macarena Cort\u00e9s hizo una sobreposici\u00f3n entre paisaje y memoria, presentando el caso de los \u2018balnearios populares\u2019 (1971-1973) utilizados tras el golpe de Estado como centros de detenci\u00f3n y torturas. As\u00ed, la acad\u00e9mica presenta estos lugares desde el paisaje cultural \u2014visto como un \u201c\u00e1mbito geogr\u00e1fico asociado a un evento, a una actividad o a un personaje hist\u00f3rico, que contiene valores est\u00e9ticos y culturales\u201d\u2014; y desde la concepci\u00f3n de los espacios de memoria, donde \u201cfamiliares, amigos, sobrevivientes y\/o v\u00edctimas de abusos de derechos humanos conmemoran y honran a v\u00edctimas de abuso y personas que resistieron la represi\u00f3n. Pero tambi\u00e9n, cada uno de estos sitios opera como una declaraci\u00f3n y pol\u00edtica que intenta provocar una reflexi\u00f3n cr\u00edtica sobre el tema de la violaci\u00f3n de los derechos humanos\u201d.<\/p>\n\n\n\n<figure class=\"wp-block-embed is-type-video is-provider-youtube wp-block-embed-youtube wp-embed-aspect-16-9 wp-has-aspect-ratio\"><div class=\"wp-block-embed__wrapper\">\n<iframe loading=\"lazy\" title=\"Conferencia MAZA: Turismo popular, paisaje y memoria: los balnearios populares, 1971-1973\" width=\"500\" height=\"281\" src=\"https:\/\/www.youtube.com\/embed\/p75sajhBgss?feature=oembed\" frameborder=\"0\" allow=\"accelerometer; autoplay; clipboard-write; encrypted-media; gyroscope; picture-in-picture; web-share\" referrerpolicy=\"strict-origin-when-cross-origin\" allowfullscreen><\/iframe>\n<\/div><\/figure>\n","protected":false},"excerpt":{"rendered":"<p>La charla, titulada \u201cTurismo popular, paisaje y memoria: los balnearios populares, 1971-1973\u201d, estuvo enmarcada por el Mag\u00edster Arquitectura en Zonas \u00c1ridas (MAZA) de la Universidad Cat\u00f3lica del Norte (UCN), programa dirigido por Claudio Galeno.<\/p>\n","protected":false},"author":1,"featured_media":6708,"comment_status":"open","ping_status":"open","sticky":false,"template":"","format":"standard","meta":{"_acf_changed":false,"footnotes":""},"categories":[1],"tags":[],"class_list":["post-6707","post","type-post","status-publish","format-standard","has-post-thumbnail","hentry","category-sin-categorizar"],"acf":[],"yoast_head":"<!-- This site is optimized with the Yoast SEO plugin v27.1.1 - https:\/\/yoast.com\/product\/yoast-seo-wordpress\/ -->\n<title>Macarena Cort\u00e9s realiza conferencia en la Universidad Cat\u00f3lica del Norte - Facultad de Arquitectura, Dise\u00f1o y Estudios Urbanos<\/title>\n<meta name=\"description\" content=\"La charla, titulada \u201cTurismo popular, paisaje y memoria: los balnearios populares, 1971-1973\u201d, estuvo enmarcada por el Mag\u00edster Arquitectura en Zonas \u00c1ridas (MAZA) de la Universidad Cat\u00f3lica del Norte (UCN), programa dirigido por Claudio Galeno.\" \/>\n<meta name=\"robots\" content=\"index, follow, max-snippet:-1, max-image-preview:large, max-video-preview:-1\" \/>\n<link rel=\"canonical\" href=\"https:\/\/fadeu.urantiacos.cl\/en\/2021\/07\/04\/macarena-cortes-realiza-conferencia-en-la-universidad-catolica-del-norte\/\" \/>\n<meta property=\"og:locale\" content=\"en_US\" \/>\n<meta property=\"og:type\" content=\"article\" \/>\n<meta property=\"og:title\" content=\"Macarena Cort\u00e9s realiza conferencia en la Universidad Cat\u00f3lica del Norte - Facultad de Arquitectura, Dise\u00f1o y Estudios Urbanos\" \/>\n<meta property=\"og:description\" content=\"La charla, titulada \u201cTurismo popular, paisaje y memoria: los balnearios populares, 1971-1973\u201d, estuvo enmarcada por el Mag\u00edster Arquitectura en Zonas \u00c1ridas (MAZA) de la Universidad Cat\u00f3lica del Norte (UCN), programa dirigido por Claudio Galeno.\" \/>\n<meta property=\"og:url\" content=\"https:\/\/fadeu.urantiacos.cl\/en\/2021\/07\/04\/macarena-cortes-realiza-conferencia-en-la-universidad-catolica-del-norte\/\" \/>\n<meta property=\"og:site_name\" content=\"Facultad de Arquitectura, Dise\u00f1o y Estudios Urbanos\" \/>\n<meta property=\"article:published_time\" content=\"2021-07-05T00:00:00+00:00\" \/>\n<meta property=\"article:modified_time\" content=\"2023-09-08T00:02:20+00:00\" \/>\n<meta property=\"og:image\" content=\"https:\/\/fadeu.urantiacos.cl\/wp-content\/uploads\/2023\/09\/charla_MCD_UCN.png\" \/>\n\t<meta property=\"og:image:width\" content=\"350\" \/>\n\t<meta property=\"og:image:height\" content=\"250\" \/>\n\t<meta property=\"og:image:type\" content=\"image\/png\" \/>\n<meta name=\"author\" content=\"manadmin\" \/>\n<meta name=\"twitter:card\" content=\"summary_large_image\" \/>\n<meta name=\"twitter:label1\" content=\"Written by\" \/>\n\t<meta name=\"twitter:data1\" content=\"manadmin\" \/>\n\t<meta name=\"twitter:label2\" content=\"Est. reading time\" \/>\n\t<meta name=\"twitter:data2\" content=\"1 minute\" \/>\n<script type=\"application\/ld+json\" class=\"yoast-schema-graph\">{\"@context\":\"https:\/\/schema.org\",\"@graph\":[{\"@type\":\"Article\",\"@id\":\"https:\/\/fadeu.urantiacos.cl\/en\/2021\/07\/04\/macarena-cortes-realiza-conferencia-en-la-universidad-catolica-del-norte\/#article\",\"isPartOf\":{\"@id\":\"https:\/\/fadeu.urantiacos.cl\/en\/2021\/07\/04\/macarena-cortes-realiza-conferencia-en-la-universidad-catolica-del-norte\/\"},\"author\":{\"name\":\"manadmin\",\"@id\":\"https:\/\/fadeu.urantiacos.cl\/en\/#\/schema\/person\/d203e2e84b1c40275eac77b3061a19a2\"},\"headline\":\"Macarena Cort\u00e9s realiza conferencia en la Universidad Cat\u00f3lica del Norte\",\"datePublished\":\"2021-07-05T00:00:00+00:00\",\"dateModified\":\"2023-09-08T00:02:20+00:00\",\"mainEntityOfPage\":{\"@id\":\"https:\/\/fadeu.urantiacos.cl\/en\/2021\/07\/04\/macarena-cortes-realiza-conferencia-en-la-universidad-catolica-del-norte\/\"},\"wordCount\":167,\"commentCount\":0,\"image\":{\"@id\":\"https:\/\/fadeu.urantiacos.cl\/en\/2021\/07\/04\/macarena-cortes-realiza-conferencia-en-la-universidad-catolica-del-norte\/#primaryimage\"},\"thumbnailUrl\":\"https:\/\/fadeu.urantiacos.cl\/wp-content\/uploads\/2023\/09\/charla_MCD_UCN.png\",\"articleSection\":[\"Sin categorizar\"],\"inLanguage\":\"en-US\",\"potentialAction\":[{\"@type\":\"CommentAction\",\"name\":\"Comment\",\"target\":[\"https:\/\/fadeu.urantiacos.cl\/en\/2021\/07\/04\/macarena-cortes-realiza-conferencia-en-la-universidad-catolica-del-norte\/#respond\"]}]},{\"@type\":\"WebPage\",\"@id\":\"https:\/\/fadeu.urantiacos.cl\/en\/2021\/07\/04\/macarena-cortes-realiza-conferencia-en-la-universidad-catolica-del-norte\/\",\"url\":\"https:\/\/fadeu.urantiacos.cl\/en\/2021\/07\/04\/macarena-cortes-realiza-conferencia-en-la-universidad-catolica-del-norte\/\",\"name\":\"Macarena Cort\u00e9s realiza conferencia en la Universidad Cat\u00f3lica del Norte - Facultad de Arquitectura, Dise\u00f1o y Estudios Urbanos\",\"isPartOf\":{\"@id\":\"https:\/\/fadeu.urantiacos.cl\/en\/#website\"},\"primaryImageOfPage\":{\"@id\":\"https:\/\/fadeu.urantiacos.cl\/en\/2021\/07\/04\/macarena-cortes-realiza-conferencia-en-la-universidad-catolica-del-norte\/#primaryimage\"},\"image\":{\"@id\":\"https:\/\/fadeu.urantiacos.cl\/en\/2021\/07\/04\/macarena-cortes-realiza-conferencia-en-la-universidad-catolica-del-norte\/#primaryimage\"},\"thumbnailUrl\":\"https:\/\/fadeu.urantiacos.cl\/wp-content\/uploads\/2023\/09\/charla_MCD_UCN.png\",\"datePublished\":\"2021-07-05T00:00:00+00:00\",\"dateModified\":\"2023-09-08T00:02:20+00:00\",\"author\":{\"@id\":\"https:\/\/fadeu.urantiacos.cl\/en\/#\/schema\/person\/d203e2e84b1c40275eac77b3061a19a2\"},\"description\":\"La charla, titulada \u201cTurismo popular, paisaje y memoria: los balnearios populares, 1971-1973\u201d, estuvo enmarcada por el Mag\u00edster Arquitectura en Zonas \u00c1ridas (MAZA) de la Universidad Cat\u00f3lica del Norte (UCN), programa dirigido por Claudio Galeno.\",\"breadcrumb\":{\"@id\":\"https:\/\/fadeu.urantiacos.cl\/en\/2021\/07\/04\/macarena-cortes-realiza-conferencia-en-la-universidad-catolica-del-norte\/#breadcrumb\"},\"inLanguage\":\"en-US\",\"potentialAction\":[{\"@type\":\"ReadAction\",\"target\":[\"https:\/\/fadeu.urantiacos.cl\/en\/2021\/07\/04\/macarena-cortes-realiza-conferencia-en-la-universidad-catolica-del-norte\/\"]}]},{\"@type\":\"ImageObject\",\"inLanguage\":\"en-US\",\"@id\":\"https:\/\/fadeu.urantiacos.cl\/en\/2021\/07\/04\/macarena-cortes-realiza-conferencia-en-la-universidad-catolica-del-norte\/#primaryimage\",\"url\":\"https:\/\/fadeu.urantiacos.cl\/wp-content\/uploads\/2023\/09\/charla_MCD_UCN.png\",\"contentUrl\":\"https:\/\/fadeu.urantiacos.cl\/wp-content\/uploads\/2023\/09\/charla_MCD_UCN.png\",\"width\":350,\"height\":250},{\"@type\":\"BreadcrumbList\",\"@id\":\"https:\/\/fadeu.urantiacos.cl\/en\/2021\/07\/04\/macarena-cortes-realiza-conferencia-en-la-universidad-catolica-del-norte\/#breadcrumb\",\"itemListElement\":[{\"@type\":\"ListItem\",\"position\":1,\"name\":\"Portada\",\"item\":\"https:\/\/fadeu.urantiacos.cl\/en\/\"},{\"@type\":\"ListItem\",\"position\":2,\"name\":\"Macarena Cort\u00e9s realiza conferencia en la Universidad Cat\u00f3lica del Norte\"}]},{\"@type\":\"WebSite\",\"@id\":\"https:\/\/fadeu.urantiacos.cl\/en\/#website\",\"url\":\"https:\/\/fadeu.urantiacos.cl\/en\/\",\"name\":\"Facultad de Arquitectura, Dise\u00f1o y Estudios Urbanos\",\"description\":\"Campus Lo Contador\",\"potentialAction\":[{\"@type\":\"SearchAction\",\"target\":{\"@type\":\"EntryPoint\",\"urlTemplate\":\"https:\/\/fadeu.urantiacos.cl\/en\/?s={search_term_string}\"},\"query-input\":{\"@type\":\"PropertyValueSpecification\",\"valueRequired\":true,\"valueName\":\"search_term_string\"}}],\"inLanguage\":\"en-US\"},{\"@type\":\"Person\",\"@id\":\"https:\/\/fadeu.urantiacos.cl\/en\/#\/schema\/person\/d203e2e84b1c40275eac77b3061a19a2\",\"name\":\"manadmin\",\"image\":{\"@type\":\"ImageObject\",\"inLanguage\":\"en-US\",\"@id\":\"https:\/\/fadeu.urantiacos.cl\/en\/#\/schema\/person\/image\/\",\"url\":\"https:\/\/secure.gravatar.com\/avatar\/4b1d8e3303b4a9d8968ac578947d8bc80d9aea359f388cdd4aac15cadc0e8447?s=96&d=mm&r=g\",\"contentUrl\":\"https:\/\/secure.gravatar.com\/avatar\/4b1d8e3303b4a9d8968ac578947d8bc80d9aea359f388cdd4aac15cadc0e8447?s=96&d=mm&r=g\",\"caption\":\"manadmin\"},\"sameAs\":[\"https:\/\/fadeu.urantiacos.cl\"]}]}<\/script>\n<!-- \/ Yoast SEO plugin. -->","yoast_head_json":{"title":"Macarena Cort\u00e9s realiza conferencia en la Universidad Cat\u00f3lica del Norte - Facultad de Arquitectura, Dise\u00f1o y Estudios Urbanos","description":"La charla, titulada \u201cTurismo popular, paisaje y memoria: los balnearios populares, 1971-1973\u201d, estuvo enmarcada por el Mag\u00edster Arquitectura en Zonas \u00c1ridas (MAZA) de la Universidad Cat\u00f3lica del Norte (UCN), programa dirigido por Claudio Galeno.","robots":{"index":"index","follow":"follow","max-snippet":"max-snippet:-1","max-image-preview":"max-image-preview:large","max-video-preview":"max-video-preview:-1"},"canonical":"https:\/\/fadeu.urantiacos.cl\/en\/2021\/07\/04\/macarena-cortes-realiza-conferencia-en-la-universidad-catolica-del-norte\/","og_locale":"en_US","og_type":"article","og_title":"Macarena Cort\u00e9s realiza conferencia en la Universidad Cat\u00f3lica del Norte - Facultad de Arquitectura, Dise\u00f1o y Estudios Urbanos","og_description":"La charla, titulada \u201cTurismo popular, paisaje y memoria: los balnearios populares, 1971-1973\u201d, estuvo enmarcada por el Mag\u00edster Arquitectura en Zonas \u00c1ridas (MAZA) de la Universidad Cat\u00f3lica del Norte (UCN), programa dirigido por Claudio Galeno.","og_url":"https:\/\/fadeu.urantiacos.cl\/en\/2021\/07\/04\/macarena-cortes-realiza-conferencia-en-la-universidad-catolica-del-norte\/","og_site_name":"Facultad de Arquitectura, Dise\u00f1o y Estudios Urbanos","article_published_time":"2021-07-05T00:00:00+00:00","article_modified_time":"2023-09-08T00:02:20+00:00","og_image":[{"width":350,"height":250,"url":"https:\/\/fadeu.urantiacos.cl\/wp-content\/uploads\/2023\/09\/charla_MCD_UCN.png","type":"image\/png"}],"author":"manadmin","twitter_card":"summary_large_image","twitter_misc":{"Written by":"manadmin","Est. reading time":"1 minute"},"schema":{"@context":"https:\/\/schema.org","@graph":[{"@type":"Article","@id":"https:\/\/fadeu.urantiacos.cl\/en\/2021\/07\/04\/macarena-cortes-realiza-conferencia-en-la-universidad-catolica-del-norte\/#article","isPartOf":{"@id":"https:\/\/fadeu.urantiacos.cl\/en\/2021\/07\/04\/macarena-cortes-realiza-conferencia-en-la-universidad-catolica-del-norte\/"},"author":{"name":"manadmin","@id":"https:\/\/fadeu.urantiacos.cl\/en\/#\/schema\/person\/d203e2e84b1c40275eac77b3061a19a2"},"headline":"Macarena Cort\u00e9s realiza conferencia en la Universidad Cat\u00f3lica del Norte","datePublished":"2021-07-05T00:00:00+00:00","dateModified":"2023-09-08T00:02:20+00:00","mainEntityOfPage":{"@id":"https:\/\/fadeu.urantiacos.cl\/en\/2021\/07\/04\/macarena-cortes-realiza-conferencia-en-la-universidad-catolica-del-norte\/"},"wordCount":167,"commentCount":0,"image":{"@id":"https:\/\/fadeu.urantiacos.cl\/en\/2021\/07\/04\/macarena-cortes-realiza-conferencia-en-la-universidad-catolica-del-norte\/#primaryimage"},"thumbnailUrl":"https:\/\/fadeu.urantiacos.cl\/wp-content\/uploads\/2023\/09\/charla_MCD_UCN.png","articleSection":["Sin categorizar"],"inLanguage":"en-US","potentialAction":[{"@type":"CommentAction","name":"Comment","target":["https:\/\/fadeu.urantiacos.cl\/en\/2021\/07\/04\/macarena-cortes-realiza-conferencia-en-la-universidad-catolica-del-norte\/#respond"]}]},{"@type":"WebPage","@id":"https:\/\/fadeu.urantiacos.cl\/en\/2021\/07\/04\/macarena-cortes-realiza-conferencia-en-la-universidad-catolica-del-norte\/","url":"https:\/\/fadeu.urantiacos.cl\/en\/2021\/07\/04\/macarena-cortes-realiza-conferencia-en-la-universidad-catolica-del-norte\/","name":"Macarena Cort\u00e9s realiza conferencia en la Universidad Cat\u00f3lica del Norte - Facultad de Arquitectura, Dise\u00f1o y Estudios Urbanos","isPartOf":{"@id":"https:\/\/fadeu.urantiacos.cl\/en\/#website"},"primaryImageOfPage":{"@id":"https:\/\/fadeu.urantiacos.cl\/en\/2021\/07\/04\/macarena-cortes-realiza-conferencia-en-la-universidad-catolica-del-norte\/#primaryimage"},"image":{"@id":"https:\/\/fadeu.urantiacos.cl\/en\/2021\/07\/04\/macarena-cortes-realiza-conferencia-en-la-universidad-catolica-del-norte\/#primaryimage"},"thumbnailUrl":"https:\/\/fadeu.urantiacos.cl\/wp-content\/uploads\/2023\/09\/charla_MCD_UCN.png","datePublished":"2021-07-05T00:00:00+00:00","dateModified":"2023-09-08T00:02:20+00:00","author":{"@id":"https:\/\/fadeu.urantiacos.cl\/en\/#\/schema\/person\/d203e2e84b1c40275eac77b3061a19a2"},"description":"La charla, titulada \u201cTurismo popular, paisaje y memoria: los balnearios populares, 1971-1973\u201d, estuvo enmarcada por el Mag\u00edster Arquitectura en Zonas \u00c1ridas (MAZA) de la Universidad Cat\u00f3lica del Norte (UCN), programa dirigido por Claudio Galeno.","breadcrumb":{"@id":"https:\/\/fadeu.urantiacos.cl\/en\/2021\/07\/04\/macarena-cortes-realiza-conferencia-en-la-universidad-catolica-del-norte\/#breadcrumb"},"inLanguage":"en-US","potentialAction":[{"@type":"ReadAction","target":["https:\/\/fadeu.urantiacos.cl\/en\/2021\/07\/04\/macarena-cortes-realiza-conferencia-en-la-universidad-catolica-del-norte\/"]}]},{"@type":"ImageObject","inLanguage":"en-US","@id":"https:\/\/fadeu.urantiacos.cl\/en\/2021\/07\/04\/macarena-cortes-realiza-conferencia-en-la-universidad-catolica-del-norte\/#primaryimage","url":"https:\/\/fadeu.urantiacos.cl\/wp-content\/uploads\/2023\/09\/charla_MCD_UCN.png","contentUrl":"https:\/\/fadeu.urantiacos.cl\/wp-content\/uploads\/2023\/09\/charla_MCD_UCN.png","width":350,"height":250},{"@type":"BreadcrumbList","@id":"https:\/\/fadeu.urantiacos.cl\/en\/2021\/07\/04\/macarena-cortes-realiza-conferencia-en-la-universidad-catolica-del-norte\/#breadcrumb","itemListElement":[{"@type":"ListItem","position":1,"name":"Portada","item":"https:\/\/fadeu.urantiacos.cl\/en\/"},{"@type":"ListItem","position":2,"name":"Macarena Cort\u00e9s realiza conferencia en la Universidad Cat\u00f3lica del Norte"}]},{"@type":"WebSite","@id":"https:\/\/fadeu.urantiacos.cl\/en\/#website","url":"https:\/\/fadeu.urantiacos.cl\/en\/","name":"Facultad de Arquitectura, Dise\u00f1o y Estudios Urbanos","description":"Campus Lo Contador","potentialAction":[{"@type":"SearchAction","target":{"@type":"EntryPoint","urlTemplate":"https:\/\/fadeu.urantiacos.cl\/en\/?s={search_term_string}"},"query-input":{"@type":"PropertyValueSpecification","valueRequired":true,"valueName":"search_term_string"}}],"inLanguage":"en-US"},{"@type":"Person","@id":"https:\/\/fadeu.urantiacos.cl\/en\/#\/schema\/person\/d203e2e84b1c40275eac77b3061a19a2","name":"manadmin","image":{"@type":"ImageObject","inLanguage":"en-US","@id":"https:\/\/fadeu.urantiacos.cl\/en\/#\/schema\/person\/image\/","url":"https:\/\/secure.gravatar.com\/avatar\/4b1d8e3303b4a9d8968ac578947d8bc80d9aea359f388cdd4aac15cadc0e8447?s=96&d=mm&r=g","contentUrl":"https:\/\/secure.gravatar.com\/avatar\/4b1d8e3303b4a9d8968ac578947d8bc80d9aea359f388cdd4aac15cadc0e8447?s=96&d=mm&r=g","caption":"manadmin"},"sameAs":["https:\/\/fadeu.urantiacos.cl"]}]}},"_links":{"self":[{"href":"https:\/\/fadeu.urantiacos.cl\/en\/wp-json\/wp\/v2\/posts\/6707","targetHints":{"allow":["GET"]}}],"collection":[{"href":"https:\/\/fadeu.urantiacos.cl\/en\/wp-json\/wp\/v2\/posts"}],"about":[{"href":"https:\/\/fadeu.urantiacos.cl\/en\/wp-json\/wp\/v2\/types\/post"}],"author":[{"embeddable":true,"href":"https:\/\/fadeu.urantiacos.cl\/en\/wp-json\/wp\/v2\/users\/1"}],"replies":[{"embeddable":true,"href":"https:\/\/fadeu.urantiacos.cl\/en\/wp-json\/wp\/v2\/comments?post=6707"}],"version-history":[{"count":1,"href":"https:\/\/fadeu.urantiacos.cl\/en\/wp-json\/wp\/v2\/posts\/6707\/revisions"}],"predecessor-version":[{"id":6709,"href":"https:\/\/fadeu.urantiacos.cl\/en\/wp-json\/wp\/v2\/posts\/6707\/revisions\/6709"}],"wp:featuredmedia":[{"embeddable":true,"href":"https:\/\/fadeu.urantiacos.cl\/en\/wp-json\/wp\/v2\/media\/6708"}],"wp:attachment":[{"href":"https:\/\/fadeu.urantiacos.cl\/en\/wp-json\/wp\/v2\/media?parent=6707"}],"wp:term":[{"taxonomy":"category","embeddable":true,"href":"https:\/\/fadeu.urantiacos.cl\/en\/wp-json\/wp\/v2\/categories?post=6707"},{"taxonomy":"post_tag","embeddable":true,"href":"https:\/\/fadeu.urantiacos.cl\/en\/wp-json\/wp\/v2\/tags?post=6707"}],"curies":[{"name":"wp","href":"https:\/\/api.w.org\/{rel}","templated":true}]}}