{"id":6703,"date":"2021-07-04T20:57:00","date_gmt":"2021-07-04T23:57:00","guid":{"rendered":"https:\/\/fadeu.urantiacos.cl\/?p=6703"},"modified":"2023-10-24T14:07:44","modified_gmt":"2023-10-24T17:07:44","slug":"rodrigo-ramirez-participo-de-cumulus-roma-2021-design-cultures","status":"publish","type":"post","link":"https:\/\/fadeu.urantiacos.cl\/en\/2021\/07\/04\/rodrigo-ramirez-participo-de-cumulus-roma-2021-design-cultures\/","title":{"rendered":"Rodrigo Ram\u00edrez particip\u00f3 de CUMULUS Roma 2021: Design Culture(s)"},"content":{"rendered":"\n<figure class=\"wp-block-image size-full\"><img decoding=\"async\" width=\"350\" height=\"250\" src=\"https:\/\/fadeu.urantiacos.cl\/wp-content\/uploads\/2023\/09\/Cumulus2021_RR.jpg\" alt=\"\" class=\"wp-image-6704\" srcset=\"https:\/\/fadeu.urantiacos.cl\/wp-content\/uploads\/2023\/09\/Cumulus2021_RR.jpg 350w, https:\/\/fadeu.urantiacos.cl\/wp-content\/uploads\/2023\/09\/Cumulus2021_RR-300x214.jpg 300w\" sizes=\"(max-width: 350px) 100vw, 350px\" \/><\/figure>\n\n\n\n<p>\u201cDesign Culture (s) est\u00e1 investigando no simplemente sobre el concepto de cultura como una expresi\u00f3n monol\u00edtica de un conocimiento espec\u00edfico que se refleja en s\u00ed mismo, sino como el producto de una investigaci\u00f3n abierta a muchas \u201cCulturas\u201d diferentes que est\u00e1n surgiendo y girando en torno a ella. en la sociedad, en los lugares y en la historia\u201d, explican desde la organizaci\u00f3n.<\/p>\n\n\n\n<p>Rodrigo Ram\u00edrez, director de Dise\u00f1o UC, expuso en el track Lenguaje la ponencia&nbsp;What does mean this symbol?&nbsp;&nbsp;Icons as a Language for Emergency, desde donde se reflexion\u00f3 en torno al significado y legibilidad de s\u00edmbolos en contextos de emergencia, y las metodolog\u00edas que se emplearon para recopilar interpretaciones, a nivel local y mundial.<\/p>\n\n\n\n<figure class=\"wp-block-image size-full\"><img decoding=\"async\" width=\"894\" height=\"684\" src=\"https:\/\/fadeu.urantiacos.cl\/wp-content\/uploads\/2023\/10\/Captura-de-Pantalla-2021-07-01-a-las-15.58.02.png\" alt=\"\" class=\"wp-image-17832\" srcset=\"https:\/\/fadeu.urantiacos.cl\/wp-content\/uploads\/2023\/10\/Captura-de-Pantalla-2021-07-01-a-las-15.58.02.png 894w, https:\/\/fadeu.urantiacos.cl\/wp-content\/uploads\/2023\/10\/Captura-de-Pantalla-2021-07-01-a-las-15.58.02-300x230.png 300w, https:\/\/fadeu.urantiacos.cl\/wp-content\/uploads\/2023\/10\/Captura-de-Pantalla-2021-07-01-a-las-15.58.02-768x588.png 768w\" sizes=\"(max-width: 894px) 100vw, 894px\" \/><\/figure>\n\n\n\n<p>La Conferencia se organiz\u00f3 en 9 tracks paralelos para abordar las diversas Culturas de Dise\u00f1o. Los tracks fueron los siguientes: artificial, lenguajes, vida, hacer, multiplicidad, nueva normalidad, proximidad, resiliencia, revoluci\u00f3n y pensamiento.<\/p>\n\n\n\n<p>\u201cEl dise\u00f1o como expresi\u00f3n de la (s) cultura (s) es tomar en consideraci\u00f3n las culturas que heredamos del pasado y que deben otorgarse en beneficio de las generaciones futuras, entrelazando pasado y futuro, tangible e intangible, innovaci\u00f3n y tradici\u00f3n\u201d.<\/p>\n","protected":false},"excerpt":{"rendered":"<p>Despu\u00e9s de un a\u00f1o de crisis pand\u00e9mica se realiz\u00f3, la conferencia Cumulus Roma 2021, Design Culture (S), que en esta edici\u00f3n tiene como foco mapear la investigaci\u00f3n y la educaci\u00f3n m\u00e1s avanzadas en dise\u00f1o, reflexionando sobre la idea del dise\u00f1o como una forma de cultura, mientras se dibuja su campo y se abre a nuevos direcciones.<\/p>\n","protected":false},"author":1,"featured_media":6704,"comment_status":"open","ping_status":"open","sticky":false,"template":"","format":"standard","meta":{"_acf_changed":false,"footnotes":""},"categories":[1],"tags":[],"class_list":["post-6703","post","type-post","status-publish","format-standard","has-post-thumbnail","hentry","category-sin-categorizar"],"acf":[],"yoast_head":"<!-- This site is optimized with the Yoast SEO plugin v27.1.1 - https:\/\/yoast.com\/product\/yoast-seo-wordpress\/ -->\n<title>Rodrigo Ram\u00edrez particip\u00f3 de CUMULUS Roma 2021: Design Culture(s) - Facultad de Arquitectura, Dise\u00f1o y Estudios Urbanos<\/title>\n<meta name=\"description\" content=\"Despu\u00e9s de un a\u00f1o de crisis pand\u00e9mica se realiz\u00f3, la conferencia Cumulus Roma 2021, Design Culture (S), que en esta edici\u00f3n tiene como foco mapear la investigaci\u00f3n y la educaci\u00f3n m\u00e1s avanzadas en dise\u00f1o, reflexionando sobre la idea del dise\u00f1o como una forma de cultura, mientras se dibuja su campo y se abre a nuevos direcciones.\" \/>\n<meta name=\"robots\" content=\"index, follow, max-snippet:-1, max-image-preview:large, max-video-preview:-1\" \/>\n<link rel=\"canonical\" href=\"https:\/\/fadeu.urantiacos.cl\/en\/2021\/07\/04\/rodrigo-ramirez-participo-de-cumulus-roma-2021-design-cultures\/\" \/>\n<meta property=\"og:locale\" content=\"en_US\" \/>\n<meta property=\"og:type\" content=\"article\" \/>\n<meta property=\"og:title\" content=\"Rodrigo Ram\u00edrez particip\u00f3 de CUMULUS Roma 2021: Design Culture(s) - Facultad de Arquitectura, Dise\u00f1o y Estudios Urbanos\" \/>\n<meta property=\"og:description\" content=\"Despu\u00e9s de un a\u00f1o de crisis pand\u00e9mica se realiz\u00f3, la conferencia Cumulus Roma 2021, Design Culture (S), que en esta edici\u00f3n tiene como foco mapear la investigaci\u00f3n y la educaci\u00f3n m\u00e1s avanzadas en dise\u00f1o, reflexionando sobre la idea del dise\u00f1o como una forma de cultura, mientras se dibuja su campo y se abre a nuevos direcciones.\" \/>\n<meta property=\"og:url\" content=\"https:\/\/fadeu.urantiacos.cl\/en\/2021\/07\/04\/rodrigo-ramirez-participo-de-cumulus-roma-2021-design-cultures\/\" \/>\n<meta property=\"og:site_name\" content=\"Facultad de Arquitectura, Dise\u00f1o y Estudios Urbanos\" \/>\n<meta property=\"article:published_time\" content=\"2021-07-04T23:57:00+00:00\" \/>\n<meta property=\"article:modified_time\" content=\"2023-10-24T17:07:44+00:00\" \/>\n<meta property=\"og:image\" content=\"https:\/\/fadeu.urantiacos.cl\/wp-content\/uploads\/2023\/09\/Cumulus2021_RR.jpg\" \/>\n\t<meta property=\"og:image:width\" content=\"350\" \/>\n\t<meta property=\"og:image:height\" content=\"250\" \/>\n\t<meta property=\"og:image:type\" content=\"image\/jpeg\" \/>\n<meta name=\"author\" content=\"manadmin\" \/>\n<meta name=\"twitter:card\" content=\"summary_large_image\" \/>\n<meta name=\"twitter:label1\" content=\"Written by\" \/>\n\t<meta name=\"twitter:data1\" content=\"manadmin\" \/>\n\t<meta name=\"twitter:label2\" content=\"Est. reading time\" \/>\n\t<meta name=\"twitter:data2\" content=\"2 minutes\" \/>\n<script type=\"application\/ld+json\" class=\"yoast-schema-graph\">{\"@context\":\"https:\/\/schema.org\",\"@graph\":[{\"@type\":\"Article\",\"@id\":\"https:\/\/fadeu.urantiacos.cl\/en\/2021\/07\/04\/rodrigo-ramirez-participo-de-cumulus-roma-2021-design-cultures\/#article\",\"isPartOf\":{\"@id\":\"https:\/\/fadeu.urantiacos.cl\/en\/2021\/07\/04\/rodrigo-ramirez-participo-de-cumulus-roma-2021-design-cultures\/\"},\"author\":{\"name\":\"manadmin\",\"@id\":\"https:\/\/fadeu.urantiacos.cl\/en\/#\/schema\/person\/d203e2e84b1c40275eac77b3061a19a2\"},\"headline\":\"Rodrigo Ram\u00edrez particip\u00f3 de CUMULUS Roma 2021: Design Culture(s)\",\"datePublished\":\"2021-07-04T23:57:00+00:00\",\"dateModified\":\"2023-10-24T17:07:44+00:00\",\"mainEntityOfPage\":{\"@id\":\"https:\/\/fadeu.urantiacos.cl\/en\/2021\/07\/04\/rodrigo-ramirez-participo-de-cumulus-roma-2021-design-cultures\/\"},\"wordCount\":215,\"commentCount\":0,\"image\":{\"@id\":\"https:\/\/fadeu.urantiacos.cl\/en\/2021\/07\/04\/rodrigo-ramirez-participo-de-cumulus-roma-2021-design-cultures\/#primaryimage\"},\"thumbnailUrl\":\"https:\/\/fadeu.urantiacos.cl\/wp-content\/uploads\/2023\/09\/Cumulus2021_RR.jpg\",\"articleSection\":[\"Sin categorizar\"],\"inLanguage\":\"en-US\",\"potentialAction\":[{\"@type\":\"CommentAction\",\"name\":\"Comment\",\"target\":[\"https:\/\/fadeu.urantiacos.cl\/en\/2021\/07\/04\/rodrigo-ramirez-participo-de-cumulus-roma-2021-design-cultures\/#respond\"]}]},{\"@type\":\"WebPage\",\"@id\":\"https:\/\/fadeu.urantiacos.cl\/en\/2021\/07\/04\/rodrigo-ramirez-participo-de-cumulus-roma-2021-design-cultures\/\",\"url\":\"https:\/\/fadeu.urantiacos.cl\/en\/2021\/07\/04\/rodrigo-ramirez-participo-de-cumulus-roma-2021-design-cultures\/\",\"name\":\"Rodrigo Ram\u00edrez particip\u00f3 de CUMULUS Roma 2021: Design Culture(s) - Facultad de Arquitectura, Dise\u00f1o y Estudios Urbanos\",\"isPartOf\":{\"@id\":\"https:\/\/fadeu.urantiacos.cl\/en\/#website\"},\"primaryImageOfPage\":{\"@id\":\"https:\/\/fadeu.urantiacos.cl\/en\/2021\/07\/04\/rodrigo-ramirez-participo-de-cumulus-roma-2021-design-cultures\/#primaryimage\"},\"image\":{\"@id\":\"https:\/\/fadeu.urantiacos.cl\/en\/2021\/07\/04\/rodrigo-ramirez-participo-de-cumulus-roma-2021-design-cultures\/#primaryimage\"},\"thumbnailUrl\":\"https:\/\/fadeu.urantiacos.cl\/wp-content\/uploads\/2023\/09\/Cumulus2021_RR.jpg\",\"datePublished\":\"2021-07-04T23:57:00+00:00\",\"dateModified\":\"2023-10-24T17:07:44+00:00\",\"author\":{\"@id\":\"https:\/\/fadeu.urantiacos.cl\/en\/#\/schema\/person\/d203e2e84b1c40275eac77b3061a19a2\"},\"description\":\"Despu\u00e9s de un a\u00f1o de crisis pand\u00e9mica se realiz\u00f3, la conferencia Cumulus Roma 2021, Design Culture (S), que en esta edici\u00f3n tiene como foco mapear la investigaci\u00f3n y la educaci\u00f3n m\u00e1s avanzadas en dise\u00f1o, reflexionando sobre la idea del dise\u00f1o como una forma de cultura, mientras se dibuja su campo y se abre a nuevos direcciones.\",\"breadcrumb\":{\"@id\":\"https:\/\/fadeu.urantiacos.cl\/en\/2021\/07\/04\/rodrigo-ramirez-participo-de-cumulus-roma-2021-design-cultures\/#breadcrumb\"},\"inLanguage\":\"en-US\",\"potentialAction\":[{\"@type\":\"ReadAction\",\"target\":[\"https:\/\/fadeu.urantiacos.cl\/en\/2021\/07\/04\/rodrigo-ramirez-participo-de-cumulus-roma-2021-design-cultures\/\"]}]},{\"@type\":\"ImageObject\",\"inLanguage\":\"en-US\",\"@id\":\"https:\/\/fadeu.urantiacos.cl\/en\/2021\/07\/04\/rodrigo-ramirez-participo-de-cumulus-roma-2021-design-cultures\/#primaryimage\",\"url\":\"https:\/\/fadeu.urantiacos.cl\/wp-content\/uploads\/2023\/09\/Cumulus2021_RR.jpg\",\"contentUrl\":\"https:\/\/fadeu.urantiacos.cl\/wp-content\/uploads\/2023\/09\/Cumulus2021_RR.jpg\",\"width\":350,\"height\":250},{\"@type\":\"BreadcrumbList\",\"@id\":\"https:\/\/fadeu.urantiacos.cl\/en\/2021\/07\/04\/rodrigo-ramirez-participo-de-cumulus-roma-2021-design-cultures\/#breadcrumb\",\"itemListElement\":[{\"@type\":\"ListItem\",\"position\":1,\"name\":\"Portada\",\"item\":\"https:\/\/fadeu.urantiacos.cl\/en\/\"},{\"@type\":\"ListItem\",\"position\":2,\"name\":\"Rodrigo Ram\u00edrez particip\u00f3 de CUMULUS Roma 2021: Design Culture(s)\"}]},{\"@type\":\"WebSite\",\"@id\":\"https:\/\/fadeu.urantiacos.cl\/en\/#website\",\"url\":\"https:\/\/fadeu.urantiacos.cl\/en\/\",\"name\":\"Facultad de Arquitectura, Dise\u00f1o y Estudios Urbanos\",\"description\":\"Campus Lo Contador\",\"potentialAction\":[{\"@type\":\"SearchAction\",\"target\":{\"@type\":\"EntryPoint\",\"urlTemplate\":\"https:\/\/fadeu.urantiacos.cl\/en\/?s={search_term_string}\"},\"query-input\":{\"@type\":\"PropertyValueSpecification\",\"valueRequired\":true,\"valueName\":\"search_term_string\"}}],\"inLanguage\":\"en-US\"},{\"@type\":\"Person\",\"@id\":\"https:\/\/fadeu.urantiacos.cl\/en\/#\/schema\/person\/d203e2e84b1c40275eac77b3061a19a2\",\"name\":\"manadmin\",\"image\":{\"@type\":\"ImageObject\",\"inLanguage\":\"en-US\",\"@id\":\"https:\/\/fadeu.urantiacos.cl\/en\/#\/schema\/person\/image\/\",\"url\":\"https:\/\/secure.gravatar.com\/avatar\/4b1d8e3303b4a9d8968ac578947d8bc80d9aea359f388cdd4aac15cadc0e8447?s=96&d=mm&r=g\",\"contentUrl\":\"https:\/\/secure.gravatar.com\/avatar\/4b1d8e3303b4a9d8968ac578947d8bc80d9aea359f388cdd4aac15cadc0e8447?s=96&d=mm&r=g\",\"caption\":\"manadmin\"},\"sameAs\":[\"https:\/\/fadeu.urantiacos.cl\"]}]}<\/script>\n<!-- \/ Yoast SEO plugin. -->","yoast_head_json":{"title":"Rodrigo Ram\u00edrez particip\u00f3 de CUMULUS Roma 2021: Design Culture(s) - Facultad de Arquitectura, Dise\u00f1o y Estudios Urbanos","description":"Despu\u00e9s de un a\u00f1o de crisis pand\u00e9mica se realiz\u00f3, la conferencia Cumulus Roma 2021, Design Culture (S), que en esta edici\u00f3n tiene como foco mapear la investigaci\u00f3n y la educaci\u00f3n m\u00e1s avanzadas en dise\u00f1o, reflexionando sobre la idea del dise\u00f1o como una forma de cultura, mientras se dibuja su campo y se abre a nuevos direcciones.","robots":{"index":"index","follow":"follow","max-snippet":"max-snippet:-1","max-image-preview":"max-image-preview:large","max-video-preview":"max-video-preview:-1"},"canonical":"https:\/\/fadeu.urantiacos.cl\/en\/2021\/07\/04\/rodrigo-ramirez-participo-de-cumulus-roma-2021-design-cultures\/","og_locale":"en_US","og_type":"article","og_title":"Rodrigo Ram\u00edrez particip\u00f3 de CUMULUS Roma 2021: Design Culture(s) - Facultad de Arquitectura, Dise\u00f1o y Estudios Urbanos","og_description":"Despu\u00e9s de un a\u00f1o de crisis pand\u00e9mica se realiz\u00f3, la conferencia Cumulus Roma 2021, Design Culture (S), que en esta edici\u00f3n tiene como foco mapear la investigaci\u00f3n y la educaci\u00f3n m\u00e1s avanzadas en dise\u00f1o, reflexionando sobre la idea del dise\u00f1o como una forma de cultura, mientras se dibuja su campo y se abre a nuevos direcciones.","og_url":"https:\/\/fadeu.urantiacos.cl\/en\/2021\/07\/04\/rodrigo-ramirez-participo-de-cumulus-roma-2021-design-cultures\/","og_site_name":"Facultad de Arquitectura, Dise\u00f1o y Estudios Urbanos","article_published_time":"2021-07-04T23:57:00+00:00","article_modified_time":"2023-10-24T17:07:44+00:00","og_image":[{"width":350,"height":250,"url":"https:\/\/fadeu.urantiacos.cl\/wp-content\/uploads\/2023\/09\/Cumulus2021_RR.jpg","type":"image\/jpeg"}],"author":"manadmin","twitter_card":"summary_large_image","twitter_misc":{"Written by":"manadmin","Est. reading time":"2 minutes"},"schema":{"@context":"https:\/\/schema.org","@graph":[{"@type":"Article","@id":"https:\/\/fadeu.urantiacos.cl\/en\/2021\/07\/04\/rodrigo-ramirez-participo-de-cumulus-roma-2021-design-cultures\/#article","isPartOf":{"@id":"https:\/\/fadeu.urantiacos.cl\/en\/2021\/07\/04\/rodrigo-ramirez-participo-de-cumulus-roma-2021-design-cultures\/"},"author":{"name":"manadmin","@id":"https:\/\/fadeu.urantiacos.cl\/en\/#\/schema\/person\/d203e2e84b1c40275eac77b3061a19a2"},"headline":"Rodrigo Ram\u00edrez particip\u00f3 de CUMULUS Roma 2021: Design Culture(s)","datePublished":"2021-07-04T23:57:00+00:00","dateModified":"2023-10-24T17:07:44+00:00","mainEntityOfPage":{"@id":"https:\/\/fadeu.urantiacos.cl\/en\/2021\/07\/04\/rodrigo-ramirez-participo-de-cumulus-roma-2021-design-cultures\/"},"wordCount":215,"commentCount":0,"image":{"@id":"https:\/\/fadeu.urantiacos.cl\/en\/2021\/07\/04\/rodrigo-ramirez-participo-de-cumulus-roma-2021-design-cultures\/#primaryimage"},"thumbnailUrl":"https:\/\/fadeu.urantiacos.cl\/wp-content\/uploads\/2023\/09\/Cumulus2021_RR.jpg","articleSection":["Sin categorizar"],"inLanguage":"en-US","potentialAction":[{"@type":"CommentAction","name":"Comment","target":["https:\/\/fadeu.urantiacos.cl\/en\/2021\/07\/04\/rodrigo-ramirez-participo-de-cumulus-roma-2021-design-cultures\/#respond"]}]},{"@type":"WebPage","@id":"https:\/\/fadeu.urantiacos.cl\/en\/2021\/07\/04\/rodrigo-ramirez-participo-de-cumulus-roma-2021-design-cultures\/","url":"https:\/\/fadeu.urantiacos.cl\/en\/2021\/07\/04\/rodrigo-ramirez-participo-de-cumulus-roma-2021-design-cultures\/","name":"Rodrigo Ram\u00edrez particip\u00f3 de CUMULUS Roma 2021: Design Culture(s) - Facultad de Arquitectura, Dise\u00f1o y Estudios Urbanos","isPartOf":{"@id":"https:\/\/fadeu.urantiacos.cl\/en\/#website"},"primaryImageOfPage":{"@id":"https:\/\/fadeu.urantiacos.cl\/en\/2021\/07\/04\/rodrigo-ramirez-participo-de-cumulus-roma-2021-design-cultures\/#primaryimage"},"image":{"@id":"https:\/\/fadeu.urantiacos.cl\/en\/2021\/07\/04\/rodrigo-ramirez-participo-de-cumulus-roma-2021-design-cultures\/#primaryimage"},"thumbnailUrl":"https:\/\/fadeu.urantiacos.cl\/wp-content\/uploads\/2023\/09\/Cumulus2021_RR.jpg","datePublished":"2021-07-04T23:57:00+00:00","dateModified":"2023-10-24T17:07:44+00:00","author":{"@id":"https:\/\/fadeu.urantiacos.cl\/en\/#\/schema\/person\/d203e2e84b1c40275eac77b3061a19a2"},"description":"Despu\u00e9s de un a\u00f1o de crisis pand\u00e9mica se realiz\u00f3, la conferencia Cumulus Roma 2021, Design Culture (S), que en esta edici\u00f3n tiene como foco mapear la investigaci\u00f3n y la educaci\u00f3n m\u00e1s avanzadas en dise\u00f1o, reflexionando sobre la idea del dise\u00f1o como una forma de cultura, mientras se dibuja su campo y se abre a nuevos direcciones.","breadcrumb":{"@id":"https:\/\/fadeu.urantiacos.cl\/en\/2021\/07\/04\/rodrigo-ramirez-participo-de-cumulus-roma-2021-design-cultures\/#breadcrumb"},"inLanguage":"en-US","potentialAction":[{"@type":"ReadAction","target":["https:\/\/fadeu.urantiacos.cl\/en\/2021\/07\/04\/rodrigo-ramirez-participo-de-cumulus-roma-2021-design-cultures\/"]}]},{"@type":"ImageObject","inLanguage":"en-US","@id":"https:\/\/fadeu.urantiacos.cl\/en\/2021\/07\/04\/rodrigo-ramirez-participo-de-cumulus-roma-2021-design-cultures\/#primaryimage","url":"https:\/\/fadeu.urantiacos.cl\/wp-content\/uploads\/2023\/09\/Cumulus2021_RR.jpg","contentUrl":"https:\/\/fadeu.urantiacos.cl\/wp-content\/uploads\/2023\/09\/Cumulus2021_RR.jpg","width":350,"height":250},{"@type":"BreadcrumbList","@id":"https:\/\/fadeu.urantiacos.cl\/en\/2021\/07\/04\/rodrigo-ramirez-participo-de-cumulus-roma-2021-design-cultures\/#breadcrumb","itemListElement":[{"@type":"ListItem","position":1,"name":"Portada","item":"https:\/\/fadeu.urantiacos.cl\/en\/"},{"@type":"ListItem","position":2,"name":"Rodrigo Ram\u00edrez particip\u00f3 de CUMULUS Roma 2021: Design Culture(s)"}]},{"@type":"WebSite","@id":"https:\/\/fadeu.urantiacos.cl\/en\/#website","url":"https:\/\/fadeu.urantiacos.cl\/en\/","name":"Facultad de Arquitectura, Dise\u00f1o y Estudios Urbanos","description":"Campus Lo Contador","potentialAction":[{"@type":"SearchAction","target":{"@type":"EntryPoint","urlTemplate":"https:\/\/fadeu.urantiacos.cl\/en\/?s={search_term_string}"},"query-input":{"@type":"PropertyValueSpecification","valueRequired":true,"valueName":"search_term_string"}}],"inLanguage":"en-US"},{"@type":"Person","@id":"https:\/\/fadeu.urantiacos.cl\/en\/#\/schema\/person\/d203e2e84b1c40275eac77b3061a19a2","name":"manadmin","image":{"@type":"ImageObject","inLanguage":"en-US","@id":"https:\/\/fadeu.urantiacos.cl\/en\/#\/schema\/person\/image\/","url":"https:\/\/secure.gravatar.com\/avatar\/4b1d8e3303b4a9d8968ac578947d8bc80d9aea359f388cdd4aac15cadc0e8447?s=96&d=mm&r=g","contentUrl":"https:\/\/secure.gravatar.com\/avatar\/4b1d8e3303b4a9d8968ac578947d8bc80d9aea359f388cdd4aac15cadc0e8447?s=96&d=mm&r=g","caption":"manadmin"},"sameAs":["https:\/\/fadeu.urantiacos.cl"]}]}},"_links":{"self":[{"href":"https:\/\/fadeu.urantiacos.cl\/en\/wp-json\/wp\/v2\/posts\/6703","targetHints":{"allow":["GET"]}}],"collection":[{"href":"https:\/\/fadeu.urantiacos.cl\/en\/wp-json\/wp\/v2\/posts"}],"about":[{"href":"https:\/\/fadeu.urantiacos.cl\/en\/wp-json\/wp\/v2\/types\/post"}],"author":[{"embeddable":true,"href":"https:\/\/fadeu.urantiacos.cl\/en\/wp-json\/wp\/v2\/users\/1"}],"replies":[{"embeddable":true,"href":"https:\/\/fadeu.urantiacos.cl\/en\/wp-json\/wp\/v2\/comments?post=6703"}],"version-history":[{"count":2,"href":"https:\/\/fadeu.urantiacos.cl\/en\/wp-json\/wp\/v2\/posts\/6703\/revisions"}],"predecessor-version":[{"id":17833,"href":"https:\/\/fadeu.urantiacos.cl\/en\/wp-json\/wp\/v2\/posts\/6703\/revisions\/17833"}],"wp:featuredmedia":[{"embeddable":true,"href":"https:\/\/fadeu.urantiacos.cl\/en\/wp-json\/wp\/v2\/media\/6704"}],"wp:attachment":[{"href":"https:\/\/fadeu.urantiacos.cl\/en\/wp-json\/wp\/v2\/media?parent=6703"}],"wp:term":[{"taxonomy":"category","embeddable":true,"href":"https:\/\/fadeu.urantiacos.cl\/en\/wp-json\/wp\/v2\/categories?post=6703"},{"taxonomy":"post_tag","embeddable":true,"href":"https:\/\/fadeu.urantiacos.cl\/en\/wp-json\/wp\/v2\/tags?post=6703"}],"curies":[{"name":"wp","href":"https:\/\/api.w.org\/{rel}","templated":true}]}}