{"id":6699,"date":"2021-07-04T20:54:00","date_gmt":"2021-07-04T23:54:00","guid":{"rendered":"https:\/\/fadeu.urantiacos.cl\/?p=6699"},"modified":"2023-09-07T20:57:18","modified_gmt":"2023-09-07T23:57:18","slug":"soledad-hoces-de-la-guardia-participo-en-la-charla-construccion-de-saberes-en-el-tiempo","status":"publish","type":"post","link":"https:\/\/fadeu.urantiacos.cl\/en\/2021\/07\/04\/soledad-hoces-de-la-guardia-participo-en-la-charla-construccion-de-saberes-en-el-tiempo\/","title":{"rendered":"Soledad Hoces de la Guardia particip\u00f3 en la charla Construcci\u00f3n de Saberes en el Tiempo"},"content":{"rendered":"\n<figure class=\"wp-block-image size-full\"><img decoding=\"async\" width=\"350\" height=\"250\" src=\"https:\/\/fadeu.urantiacos.cl\/wp-content\/uploads\/2023\/09\/SHDG_2021.png\" alt=\"\" class=\"wp-image-6700\" srcset=\"https:\/\/fadeu.urantiacos.cl\/wp-content\/uploads\/2023\/09\/SHDG_2021.png 350w, https:\/\/fadeu.urantiacos.cl\/wp-content\/uploads\/2023\/09\/SHDG_2021-300x214.png 300w\" sizes=\"(max-width: 350px) 100vw, 350px\" \/><\/figure>\n\n\n\n<p>Soledad habl\u00f3 sobre la importancia del registro y documentaci\u00f3n de los artefactos textiles andinos en el tiempo, y c\u00f3mo han ido permaneciendo sus atributos est\u00e9ticos; mostrando adem\u00e1s parte de su colecci\u00f3n personal, explorando el mundo del tejido y sus valores sociales y culturales.<\/p>\n\n\n\n<p><strong>AMPARA SAWURE<\/strong><br><br>Ampara Sawure -Manos que tejen, en lengua aymara- es el nombre que eligieron 13 artesanos y artesanas que participaron en esta colecci\u00f3n. Realizadas en Isluga, localidad ubicada en el altiplano de la regi\u00f3n de Tarapac\u00e1, \u00fanico lugar en Chile donde se mantiene vivo el tejido aymara de herencia prehisp\u00e1nica, entre ellas hay tres Sellos de Artesan\u00eda Ind\u00edgena.<\/p>\n\n\n\n<figure class=\"wp-block-image size-full\"><img decoding=\"async\" width=\"992\" height=\"532\" src=\"https:\/\/fadeu.urantiacos.cl\/wp-content\/uploads\/2023\/09\/Captura-de-Pantalla-2021-07-05-a-las-15.27.14-992x532-1.png\" alt=\"\" class=\"wp-image-6701\" srcset=\"https:\/\/fadeu.urantiacos.cl\/wp-content\/uploads\/2023\/09\/Captura-de-Pantalla-2021-07-05-a-las-15.27.14-992x532-1.png 992w, https:\/\/fadeu.urantiacos.cl\/wp-content\/uploads\/2023\/09\/Captura-de-Pantalla-2021-07-05-a-las-15.27.14-992x532-1-300x161.png 300w, https:\/\/fadeu.urantiacos.cl\/wp-content\/uploads\/2023\/09\/Captura-de-Pantalla-2021-07-05-a-las-15.27.14-992x532-1-768x412.png 768w\" sizes=\"(max-width: 992px) 100vw, 992px\" \/><\/figure>\n","protected":false},"excerpt":{"rendered":"<p>La docente de Dise\u00f1o UC, Soledad Hoces de la Guardia particip\u00f3 de la charla magistral Construcci\u00f3n de Saberes en el tiempo, en el contexto del lanzamiento de Ampare Sawure: colecci\u00f3n de tejidos tradicionales de Isluga.<\/p>\n","protected":false},"author":1,"featured_media":6700,"comment_status":"open","ping_status":"open","sticky":false,"template":"","format":"standard","meta":{"_acf_changed":false,"footnotes":""},"categories":[1],"tags":[],"class_list":["post-6699","post","type-post","status-publish","format-standard","has-post-thumbnail","hentry","category-sin-categorizar"],"acf":[],"yoast_head":"<!-- This site is optimized with the Yoast SEO plugin v27.1.1 - https:\/\/yoast.com\/product\/yoast-seo-wordpress\/ -->\n<title>Soledad Hoces de la Guardia particip\u00f3 en la charla Construcci\u00f3n de Saberes en el Tiempo - Facultad de Arquitectura, Dise\u00f1o y Estudios Urbanos<\/title>\n<meta name=\"description\" content=\"La docente de Dise\u00f1o UC, Soledad Hoces de la Guardia particip\u00f3 de la charla magistral Construcci\u00f3n de Saberes en el tiempo, en el contexto del lanzamiento de Ampare Sawure: colecci\u00f3n de tejidos tradicionales de Isluga.\" \/>\n<meta name=\"robots\" content=\"index, follow, max-snippet:-1, max-image-preview:large, max-video-preview:-1\" \/>\n<link rel=\"canonical\" href=\"https:\/\/fadeu.urantiacos.cl\/en\/2021\/07\/04\/soledad-hoces-de-la-guardia-participo-en-la-charla-construccion-de-saberes-en-el-tiempo\/\" \/>\n<meta property=\"og:locale\" content=\"en_US\" \/>\n<meta property=\"og:type\" content=\"article\" \/>\n<meta property=\"og:title\" content=\"Soledad Hoces de la Guardia particip\u00f3 en la charla Construcci\u00f3n de Saberes en el Tiempo - Facultad de Arquitectura, Dise\u00f1o y Estudios Urbanos\" \/>\n<meta property=\"og:description\" content=\"La docente de Dise\u00f1o UC, Soledad Hoces de la Guardia particip\u00f3 de la charla magistral Construcci\u00f3n de Saberes en el tiempo, en el contexto del lanzamiento de Ampare Sawure: colecci\u00f3n de tejidos tradicionales de Isluga.\" \/>\n<meta property=\"og:url\" content=\"https:\/\/fadeu.urantiacos.cl\/en\/2021\/07\/04\/soledad-hoces-de-la-guardia-participo-en-la-charla-construccion-de-saberes-en-el-tiempo\/\" \/>\n<meta property=\"og:site_name\" content=\"Facultad de Arquitectura, Dise\u00f1o y Estudios Urbanos\" \/>\n<meta property=\"article:published_time\" content=\"2021-07-04T23:54:00+00:00\" \/>\n<meta property=\"article:modified_time\" content=\"2023-09-07T23:57:18+00:00\" \/>\n<meta property=\"og:image\" content=\"https:\/\/fadeu.urantiacos.cl\/wp-content\/uploads\/2023\/09\/SHDG_2021.png\" \/>\n\t<meta property=\"og:image:width\" content=\"350\" \/>\n\t<meta property=\"og:image:height\" content=\"250\" \/>\n\t<meta property=\"og:image:type\" content=\"image\/png\" \/>\n<meta name=\"author\" content=\"manadmin\" \/>\n<meta name=\"twitter:card\" content=\"summary_large_image\" \/>\n<meta name=\"twitter:label1\" content=\"Written by\" \/>\n\t<meta name=\"twitter:data1\" content=\"manadmin\" \/>\n\t<meta name=\"twitter:label2\" content=\"Est. reading time\" \/>\n\t<meta name=\"twitter:data2\" content=\"1 minute\" \/>\n<script type=\"application\/ld+json\" class=\"yoast-schema-graph\">{\"@context\":\"https:\/\/schema.org\",\"@graph\":[{\"@type\":\"Article\",\"@id\":\"https:\/\/fadeu.urantiacos.cl\/en\/2021\/07\/04\/soledad-hoces-de-la-guardia-participo-en-la-charla-construccion-de-saberes-en-el-tiempo\/#article\",\"isPartOf\":{\"@id\":\"https:\/\/fadeu.urantiacos.cl\/en\/2021\/07\/04\/soledad-hoces-de-la-guardia-participo-en-la-charla-construccion-de-saberes-en-el-tiempo\/\"},\"author\":{\"name\":\"manadmin\",\"@id\":\"https:\/\/fadeu.urantiacos.cl\/en\/#\/schema\/person\/d203e2e84b1c40275eac77b3061a19a2\"},\"headline\":\"Soledad Hoces de la Guardia particip\u00f3 en la charla Construcci\u00f3n de Saberes en el Tiempo\",\"datePublished\":\"2021-07-04T23:54:00+00:00\",\"dateModified\":\"2023-09-07T23:57:18+00:00\",\"mainEntityOfPage\":{\"@id\":\"https:\/\/fadeu.urantiacos.cl\/en\/2021\/07\/04\/soledad-hoces-de-la-guardia-participo-en-la-charla-construccion-de-saberes-en-el-tiempo\/\"},\"wordCount\":127,\"commentCount\":0,\"image\":{\"@id\":\"https:\/\/fadeu.urantiacos.cl\/en\/2021\/07\/04\/soledad-hoces-de-la-guardia-participo-en-la-charla-construccion-de-saberes-en-el-tiempo\/#primaryimage\"},\"thumbnailUrl\":\"https:\/\/fadeu.urantiacos.cl\/wp-content\/uploads\/2023\/09\/SHDG_2021.png\",\"articleSection\":[\"Sin categorizar\"],\"inLanguage\":\"en-US\",\"potentialAction\":[{\"@type\":\"CommentAction\",\"name\":\"Comment\",\"target\":[\"https:\/\/fadeu.urantiacos.cl\/en\/2021\/07\/04\/soledad-hoces-de-la-guardia-participo-en-la-charla-construccion-de-saberes-en-el-tiempo\/#respond\"]}]},{\"@type\":\"WebPage\",\"@id\":\"https:\/\/fadeu.urantiacos.cl\/en\/2021\/07\/04\/soledad-hoces-de-la-guardia-participo-en-la-charla-construccion-de-saberes-en-el-tiempo\/\",\"url\":\"https:\/\/fadeu.urantiacos.cl\/en\/2021\/07\/04\/soledad-hoces-de-la-guardia-participo-en-la-charla-construccion-de-saberes-en-el-tiempo\/\",\"name\":\"Soledad Hoces de la Guardia particip\u00f3 en la charla Construcci\u00f3n de Saberes en el Tiempo - Facultad de Arquitectura, Dise\u00f1o y Estudios Urbanos\",\"isPartOf\":{\"@id\":\"https:\/\/fadeu.urantiacos.cl\/en\/#website\"},\"primaryImageOfPage\":{\"@id\":\"https:\/\/fadeu.urantiacos.cl\/en\/2021\/07\/04\/soledad-hoces-de-la-guardia-participo-en-la-charla-construccion-de-saberes-en-el-tiempo\/#primaryimage\"},\"image\":{\"@id\":\"https:\/\/fadeu.urantiacos.cl\/en\/2021\/07\/04\/soledad-hoces-de-la-guardia-participo-en-la-charla-construccion-de-saberes-en-el-tiempo\/#primaryimage\"},\"thumbnailUrl\":\"https:\/\/fadeu.urantiacos.cl\/wp-content\/uploads\/2023\/09\/SHDG_2021.png\",\"datePublished\":\"2021-07-04T23:54:00+00:00\",\"dateModified\":\"2023-09-07T23:57:18+00:00\",\"author\":{\"@id\":\"https:\/\/fadeu.urantiacos.cl\/en\/#\/schema\/person\/d203e2e84b1c40275eac77b3061a19a2\"},\"description\":\"La docente de Dise\u00f1o UC, Soledad Hoces de la Guardia particip\u00f3 de la charla magistral Construcci\u00f3n de Saberes en el tiempo, en el contexto del lanzamiento de Ampare Sawure: colecci\u00f3n de tejidos tradicionales de Isluga.\",\"breadcrumb\":{\"@id\":\"https:\/\/fadeu.urantiacos.cl\/en\/2021\/07\/04\/soledad-hoces-de-la-guardia-participo-en-la-charla-construccion-de-saberes-en-el-tiempo\/#breadcrumb\"},\"inLanguage\":\"en-US\",\"potentialAction\":[{\"@type\":\"ReadAction\",\"target\":[\"https:\/\/fadeu.urantiacos.cl\/en\/2021\/07\/04\/soledad-hoces-de-la-guardia-participo-en-la-charla-construccion-de-saberes-en-el-tiempo\/\"]}]},{\"@type\":\"ImageObject\",\"inLanguage\":\"en-US\",\"@id\":\"https:\/\/fadeu.urantiacos.cl\/en\/2021\/07\/04\/soledad-hoces-de-la-guardia-participo-en-la-charla-construccion-de-saberes-en-el-tiempo\/#primaryimage\",\"url\":\"https:\/\/fadeu.urantiacos.cl\/wp-content\/uploads\/2023\/09\/SHDG_2021.png\",\"contentUrl\":\"https:\/\/fadeu.urantiacos.cl\/wp-content\/uploads\/2023\/09\/SHDG_2021.png\",\"width\":350,\"height\":250},{\"@type\":\"BreadcrumbList\",\"@id\":\"https:\/\/fadeu.urantiacos.cl\/en\/2021\/07\/04\/soledad-hoces-de-la-guardia-participo-en-la-charla-construccion-de-saberes-en-el-tiempo\/#breadcrumb\",\"itemListElement\":[{\"@type\":\"ListItem\",\"position\":1,\"name\":\"Portada\",\"item\":\"https:\/\/fadeu.urantiacos.cl\/en\/\"},{\"@type\":\"ListItem\",\"position\":2,\"name\":\"Soledad Hoces de la Guardia particip\u00f3 en la charla Construcci\u00f3n de Saberes en el Tiempo\"}]},{\"@type\":\"WebSite\",\"@id\":\"https:\/\/fadeu.urantiacos.cl\/en\/#website\",\"url\":\"https:\/\/fadeu.urantiacos.cl\/en\/\",\"name\":\"Facultad de Arquitectura, Dise\u00f1o y Estudios Urbanos\",\"description\":\"Campus Lo Contador\",\"potentialAction\":[{\"@type\":\"SearchAction\",\"target\":{\"@type\":\"EntryPoint\",\"urlTemplate\":\"https:\/\/fadeu.urantiacos.cl\/en\/?s={search_term_string}\"},\"query-input\":{\"@type\":\"PropertyValueSpecification\",\"valueRequired\":true,\"valueName\":\"search_term_string\"}}],\"inLanguage\":\"en-US\"},{\"@type\":\"Person\",\"@id\":\"https:\/\/fadeu.urantiacos.cl\/en\/#\/schema\/person\/d203e2e84b1c40275eac77b3061a19a2\",\"name\":\"manadmin\",\"image\":{\"@type\":\"ImageObject\",\"inLanguage\":\"en-US\",\"@id\":\"https:\/\/fadeu.urantiacos.cl\/en\/#\/schema\/person\/image\/\",\"url\":\"https:\/\/secure.gravatar.com\/avatar\/4b1d8e3303b4a9d8968ac578947d8bc80d9aea359f388cdd4aac15cadc0e8447?s=96&d=mm&r=g\",\"contentUrl\":\"https:\/\/secure.gravatar.com\/avatar\/4b1d8e3303b4a9d8968ac578947d8bc80d9aea359f388cdd4aac15cadc0e8447?s=96&d=mm&r=g\",\"caption\":\"manadmin\"},\"sameAs\":[\"https:\/\/fadeu.urantiacos.cl\"]}]}<\/script>\n<!-- \/ Yoast SEO plugin. -->","yoast_head_json":{"title":"Soledad Hoces de la Guardia particip\u00f3 en la charla Construcci\u00f3n de Saberes en el Tiempo - Facultad de Arquitectura, Dise\u00f1o y Estudios Urbanos","description":"La docente de Dise\u00f1o UC, Soledad Hoces de la Guardia particip\u00f3 de la charla magistral Construcci\u00f3n de Saberes en el tiempo, en el contexto del lanzamiento de Ampare Sawure: colecci\u00f3n de tejidos tradicionales de Isluga.","robots":{"index":"index","follow":"follow","max-snippet":"max-snippet:-1","max-image-preview":"max-image-preview:large","max-video-preview":"max-video-preview:-1"},"canonical":"https:\/\/fadeu.urantiacos.cl\/en\/2021\/07\/04\/soledad-hoces-de-la-guardia-participo-en-la-charla-construccion-de-saberes-en-el-tiempo\/","og_locale":"en_US","og_type":"article","og_title":"Soledad Hoces de la Guardia particip\u00f3 en la charla Construcci\u00f3n de Saberes en el Tiempo - Facultad de Arquitectura, Dise\u00f1o y Estudios Urbanos","og_description":"La docente de Dise\u00f1o UC, Soledad Hoces de la Guardia particip\u00f3 de la charla magistral Construcci\u00f3n de Saberes en el tiempo, en el contexto del lanzamiento de Ampare Sawure: colecci\u00f3n de tejidos tradicionales de Isluga.","og_url":"https:\/\/fadeu.urantiacos.cl\/en\/2021\/07\/04\/soledad-hoces-de-la-guardia-participo-en-la-charla-construccion-de-saberes-en-el-tiempo\/","og_site_name":"Facultad de Arquitectura, Dise\u00f1o y Estudios Urbanos","article_published_time":"2021-07-04T23:54:00+00:00","article_modified_time":"2023-09-07T23:57:18+00:00","og_image":[{"width":350,"height":250,"url":"https:\/\/fadeu.urantiacos.cl\/wp-content\/uploads\/2023\/09\/SHDG_2021.png","type":"image\/png"}],"author":"manadmin","twitter_card":"summary_large_image","twitter_misc":{"Written by":"manadmin","Est. reading time":"1 minute"},"schema":{"@context":"https:\/\/schema.org","@graph":[{"@type":"Article","@id":"https:\/\/fadeu.urantiacos.cl\/en\/2021\/07\/04\/soledad-hoces-de-la-guardia-participo-en-la-charla-construccion-de-saberes-en-el-tiempo\/#article","isPartOf":{"@id":"https:\/\/fadeu.urantiacos.cl\/en\/2021\/07\/04\/soledad-hoces-de-la-guardia-participo-en-la-charla-construccion-de-saberes-en-el-tiempo\/"},"author":{"name":"manadmin","@id":"https:\/\/fadeu.urantiacos.cl\/en\/#\/schema\/person\/d203e2e84b1c40275eac77b3061a19a2"},"headline":"Soledad Hoces de la Guardia particip\u00f3 en la charla Construcci\u00f3n de Saberes en el Tiempo","datePublished":"2021-07-04T23:54:00+00:00","dateModified":"2023-09-07T23:57:18+00:00","mainEntityOfPage":{"@id":"https:\/\/fadeu.urantiacos.cl\/en\/2021\/07\/04\/soledad-hoces-de-la-guardia-participo-en-la-charla-construccion-de-saberes-en-el-tiempo\/"},"wordCount":127,"commentCount":0,"image":{"@id":"https:\/\/fadeu.urantiacos.cl\/en\/2021\/07\/04\/soledad-hoces-de-la-guardia-participo-en-la-charla-construccion-de-saberes-en-el-tiempo\/#primaryimage"},"thumbnailUrl":"https:\/\/fadeu.urantiacos.cl\/wp-content\/uploads\/2023\/09\/SHDG_2021.png","articleSection":["Sin categorizar"],"inLanguage":"en-US","potentialAction":[{"@type":"CommentAction","name":"Comment","target":["https:\/\/fadeu.urantiacos.cl\/en\/2021\/07\/04\/soledad-hoces-de-la-guardia-participo-en-la-charla-construccion-de-saberes-en-el-tiempo\/#respond"]}]},{"@type":"WebPage","@id":"https:\/\/fadeu.urantiacos.cl\/en\/2021\/07\/04\/soledad-hoces-de-la-guardia-participo-en-la-charla-construccion-de-saberes-en-el-tiempo\/","url":"https:\/\/fadeu.urantiacos.cl\/en\/2021\/07\/04\/soledad-hoces-de-la-guardia-participo-en-la-charla-construccion-de-saberes-en-el-tiempo\/","name":"Soledad Hoces de la Guardia particip\u00f3 en la charla Construcci\u00f3n de Saberes en el Tiempo - Facultad de Arquitectura, Dise\u00f1o y Estudios Urbanos","isPartOf":{"@id":"https:\/\/fadeu.urantiacos.cl\/en\/#website"},"primaryImageOfPage":{"@id":"https:\/\/fadeu.urantiacos.cl\/en\/2021\/07\/04\/soledad-hoces-de-la-guardia-participo-en-la-charla-construccion-de-saberes-en-el-tiempo\/#primaryimage"},"image":{"@id":"https:\/\/fadeu.urantiacos.cl\/en\/2021\/07\/04\/soledad-hoces-de-la-guardia-participo-en-la-charla-construccion-de-saberes-en-el-tiempo\/#primaryimage"},"thumbnailUrl":"https:\/\/fadeu.urantiacos.cl\/wp-content\/uploads\/2023\/09\/SHDG_2021.png","datePublished":"2021-07-04T23:54:00+00:00","dateModified":"2023-09-07T23:57:18+00:00","author":{"@id":"https:\/\/fadeu.urantiacos.cl\/en\/#\/schema\/person\/d203e2e84b1c40275eac77b3061a19a2"},"description":"La docente de Dise\u00f1o UC, Soledad Hoces de la Guardia particip\u00f3 de la charla magistral Construcci\u00f3n de Saberes en el tiempo, en el contexto del lanzamiento de Ampare Sawure: colecci\u00f3n de tejidos tradicionales de Isluga.","breadcrumb":{"@id":"https:\/\/fadeu.urantiacos.cl\/en\/2021\/07\/04\/soledad-hoces-de-la-guardia-participo-en-la-charla-construccion-de-saberes-en-el-tiempo\/#breadcrumb"},"inLanguage":"en-US","potentialAction":[{"@type":"ReadAction","target":["https:\/\/fadeu.urantiacos.cl\/en\/2021\/07\/04\/soledad-hoces-de-la-guardia-participo-en-la-charla-construccion-de-saberes-en-el-tiempo\/"]}]},{"@type":"ImageObject","inLanguage":"en-US","@id":"https:\/\/fadeu.urantiacos.cl\/en\/2021\/07\/04\/soledad-hoces-de-la-guardia-participo-en-la-charla-construccion-de-saberes-en-el-tiempo\/#primaryimage","url":"https:\/\/fadeu.urantiacos.cl\/wp-content\/uploads\/2023\/09\/SHDG_2021.png","contentUrl":"https:\/\/fadeu.urantiacos.cl\/wp-content\/uploads\/2023\/09\/SHDG_2021.png","width":350,"height":250},{"@type":"BreadcrumbList","@id":"https:\/\/fadeu.urantiacos.cl\/en\/2021\/07\/04\/soledad-hoces-de-la-guardia-participo-en-la-charla-construccion-de-saberes-en-el-tiempo\/#breadcrumb","itemListElement":[{"@type":"ListItem","position":1,"name":"Portada","item":"https:\/\/fadeu.urantiacos.cl\/en\/"},{"@type":"ListItem","position":2,"name":"Soledad Hoces de la Guardia particip\u00f3 en la charla Construcci\u00f3n de Saberes en el Tiempo"}]},{"@type":"WebSite","@id":"https:\/\/fadeu.urantiacos.cl\/en\/#website","url":"https:\/\/fadeu.urantiacos.cl\/en\/","name":"Facultad de Arquitectura, Dise\u00f1o y Estudios Urbanos","description":"Campus Lo Contador","potentialAction":[{"@type":"SearchAction","target":{"@type":"EntryPoint","urlTemplate":"https:\/\/fadeu.urantiacos.cl\/en\/?s={search_term_string}"},"query-input":{"@type":"PropertyValueSpecification","valueRequired":true,"valueName":"search_term_string"}}],"inLanguage":"en-US"},{"@type":"Person","@id":"https:\/\/fadeu.urantiacos.cl\/en\/#\/schema\/person\/d203e2e84b1c40275eac77b3061a19a2","name":"manadmin","image":{"@type":"ImageObject","inLanguage":"en-US","@id":"https:\/\/fadeu.urantiacos.cl\/en\/#\/schema\/person\/image\/","url":"https:\/\/secure.gravatar.com\/avatar\/4b1d8e3303b4a9d8968ac578947d8bc80d9aea359f388cdd4aac15cadc0e8447?s=96&d=mm&r=g","contentUrl":"https:\/\/secure.gravatar.com\/avatar\/4b1d8e3303b4a9d8968ac578947d8bc80d9aea359f388cdd4aac15cadc0e8447?s=96&d=mm&r=g","caption":"manadmin"},"sameAs":["https:\/\/fadeu.urantiacos.cl"]}]}},"_links":{"self":[{"href":"https:\/\/fadeu.urantiacos.cl\/en\/wp-json\/wp\/v2\/posts\/6699","targetHints":{"allow":["GET"]}}],"collection":[{"href":"https:\/\/fadeu.urantiacos.cl\/en\/wp-json\/wp\/v2\/posts"}],"about":[{"href":"https:\/\/fadeu.urantiacos.cl\/en\/wp-json\/wp\/v2\/types\/post"}],"author":[{"embeddable":true,"href":"https:\/\/fadeu.urantiacos.cl\/en\/wp-json\/wp\/v2\/users\/1"}],"replies":[{"embeddable":true,"href":"https:\/\/fadeu.urantiacos.cl\/en\/wp-json\/wp\/v2\/comments?post=6699"}],"version-history":[{"count":1,"href":"https:\/\/fadeu.urantiacos.cl\/en\/wp-json\/wp\/v2\/posts\/6699\/revisions"}],"predecessor-version":[{"id":6702,"href":"https:\/\/fadeu.urantiacos.cl\/en\/wp-json\/wp\/v2\/posts\/6699\/revisions\/6702"}],"wp:featuredmedia":[{"embeddable":true,"href":"https:\/\/fadeu.urantiacos.cl\/en\/wp-json\/wp\/v2\/media\/6700"}],"wp:attachment":[{"href":"https:\/\/fadeu.urantiacos.cl\/en\/wp-json\/wp\/v2\/media?parent=6699"}],"wp:term":[{"taxonomy":"category","embeddable":true,"href":"https:\/\/fadeu.urantiacos.cl\/en\/wp-json\/wp\/v2\/categories?post=6699"},{"taxonomy":"post_tag","embeddable":true,"href":"https:\/\/fadeu.urantiacos.cl\/en\/wp-json\/wp\/v2\/tags?post=6699"}],"curies":[{"name":"wp","href":"https:\/\/api.w.org\/{rel}","templated":true}]}}