{"id":6696,"date":"2021-07-05T20:52:00","date_gmt":"2021-07-05T23:52:00","guid":{"rendered":"https:\/\/fadeu.urantiacos.cl\/?p=6696"},"modified":"2023-11-15T10:11:34","modified_gmt":"2023-11-15T13:11:34","slug":"ejecutivo-promulgo-la-politica-nacional-de-ordenamiento-territorial-tras-consultoria-de-la-dese-fadeu","status":"publish","type":"post","link":"https:\/\/fadeu.urantiacos.cl\/en\/2021\/07\/05\/ejecutivo-promulgo-la-politica-nacional-de-ordenamiento-territorial-tras-consultoria-de-la-dese-fadeu\/","title":{"rendered":"Ejecutivo promulg\u00f3 la Pol\u00edtica Nacional de Ordenamiento Territorial tras consultor\u00eda de la DESE FADEU"},"content":{"rendered":"\n<p>\u201cLa posibilidad de que un equipo integrado por acad\u00e9micos, profesionales y administrativos casi en su totalidad de nuestra casa de estudio, as\u00ed como la mayor\u00eda de nuestra Facultad, haya sido responsable de contribuir a la elaboraci\u00f3n de la primera PNOT en la historia de Chile, sin duda constituye un logro significativo en el aporte a la sociedad en el marco de nuestra misi\u00f3n de una permanente vinculaci\u00f3n con el medio\u201d, sostuvo Arturo Orellana, acad\u00e9mico del Instituto de Estudios Urbanos y Territoriales (IEUT), quien junto a su par del Instituto de Geograf\u00eda, Federico Arenas, tuvo la misi\u00f3n de conducir el equipo durante el proceso.<\/p>\n\n\n\n<p>Dicho equipo estuvo conformado, adem\u00e1s, por acad\u00e9micos de Ingenier\u00eda Forestal, Geograf\u00eda y cinco profesores\/as del IEUT: Magdalena Vicu\u00f1a, Kay Bergamini, Ricardo Truffello, Christian Matus y Oscar Figueroa.<\/p>\n\n\n\n<p>A este equipo, explic\u00f3 Orellana, se sumaron varios profesionales del DESE, incluyendo tambi\u00e9n a una alumna del Doctorado FADEU y un egresado del Mag\u00edster en Asentamientos Humanos y Medio Ambiente. \u201cDurante casi 14 meses que dur\u00f3 este proyecto de elaboraci\u00f3n de la PNOT, se hicieron regularmente reuniones de trabajo semanales todos los viernes con los representantes de los 12 ministerios que integran la COMICIVYT&nbsp;para ir revisando los avances y acercar posiciones,&nbsp;considerando la complejidad de poder balancear objetivos econ\u00f3micos, sociales, culturales y ambientales para el desarrollo regional y nacional, en un contexto de cambio clim\u00e1tico y la necesidad de considerar los factores de riesgos naturales y antr\u00f3picos existentes en todo el pa\u00eds\u201d, dijo. Adicionalmente, agreg\u00f3, \u201cse hicieron dos visitas a cada una de&nbsp;las regiones, para conocer la experiencia y puntos de vista de las autoridades, profesionales y t\u00e9cnicos vinculados&nbsp;al quehacer de los Gobiernos Regionales, as\u00ed como tambi\u00e9n para realizar talleres con representantes del sector p\u00fablico, sector privado y la sociedad civil\u201d.<\/p>\n\n\n\n<p>El proceso fue sometido a Evaluaci\u00f3n Ambiental Estrat\u00e9gica desde el principio y se constituy\u00f3&nbsp;un Consejo Consultivo P\u00fablico-Privado presidido por la Ministra de Vivienda y Urbanismo en la \u00e9poca (Paulina Saball) de formulaci\u00f3n de la PNOT, todas instancias que, en palabras de Orellana, \u201caportaron significativamente a legitimar la propuesta final\u201d.<\/p>\n\n\n\n<p>Existe gran consenso a nivel nacional respecto de la importancia de la promulgaci\u00f3n de esta iniciativa, ya que, tal como declara la propia PNOT, \u201cpermitir\u00e1 contar con una herramienta aplicable a todo el territorio de nuestro pa\u00eds, que contribuya a armonizar y dotar de coherencia a la interacci\u00f3n de los diversos instrumentos, pol\u00edticas y planes sectoriales y regionales, con incidencia territorial&#8221;.<\/p>\n\n\n\n<p>Se espera que prontamente se apruebe el reglamento para legitimar los Planes Regionales de&nbsp;Ordenamiento Territorial (PROT), donde tambi\u00e9n se especifiquen ciertas orientaciones metodol\u00f3gicas para su elaboraci\u00f3n, materia sobre la cual este equipo de trabajo tambi\u00e9n entreg\u00f3 una propuesta coherente con la PNOT.&nbsp;<\/p>\n\n\n\n<p>INFORMACI\u00d3N PERIOD\u00cdSTICA<br>JUAN ANDR\u00c9S INZUNZA<\/p>\n","protected":false},"excerpt":{"rendered":"<p>El pasado lunes 29 de junio de 2021 se promulg\u00f3 la Pol\u00edtica Nacional de Ordenamiento Territorial (PNOT). El diagn\u00f3stico de contexto, su visi\u00f3n, principios, objetivos, ejes estrat\u00e9gicos y directrices son el resultado de la consultor\u00eda realizada por Direcci\u00f3n de Extensi\u00f3n y Servicios Externos (DESE) de la Facultad de Arquitectura, Dise\u00f1o y Estudios Urbanos, realizada por encargo de la Comisi\u00f3n Interministerial de Ciudad, Vivienda y Territorio (COMICIVYT) entre diciembre de 2017 y enero 2018, licitada a trav\u00e9s del PNUD.<\/p>\n","protected":false},"author":1,"featured_media":6697,"comment_status":"open","ping_status":"open","sticky":false,"template":"","format":"standard","meta":{"_acf_changed":false,"footnotes":""},"categories":[1],"tags":[],"class_list":["post-6696","post","type-post","status-publish","format-standard","has-post-thumbnail","hentry","category-sin-categorizar"],"acf":[],"yoast_head":"<!-- This site is optimized with the Yoast SEO plugin v27.1.1 - https:\/\/yoast.com\/product\/yoast-seo-wordpress\/ -->\n<title>Ejecutivo promulg\u00f3 la Pol\u00edtica Nacional de Ordenamiento Territorial tras consultor\u00eda de la DESE FADEU - Facultad de Arquitectura, Dise\u00f1o y Estudios Urbanos<\/title>\n<meta name=\"description\" content=\"El pasado lunes 29 de junio de 2021 se promulg\u00f3 la Pol\u00edtica Nacional de Ordenamiento Territorial (PNOT). El diagn\u00f3stico de contexto, su visi\u00f3n, principios, objetivos, ejes estrat\u00e9gicos y directrices son el resultado de la consultor\u00eda realizada por Direcci\u00f3n de Extensi\u00f3n y Servicios Externos (DESE) de la Facultad de Arquitectura, Dise\u00f1o y Estudios Urbanos, realizada por encargo de la Comisi\u00f3n Interministerial de Ciudad, Vivienda y Territorio (COMICIVYT) entre diciembre de 2017 y enero 2018, licitada a trav\u00e9s del PNUD.\" \/>\n<meta name=\"robots\" content=\"index, follow, max-snippet:-1, max-image-preview:large, max-video-preview:-1\" \/>\n<link rel=\"canonical\" href=\"https:\/\/fadeu.urantiacos.cl\/en\/2021\/07\/05\/ejecutivo-promulgo-la-politica-nacional-de-ordenamiento-territorial-tras-consultoria-de-la-dese-fadeu\/\" \/>\n<meta property=\"og:locale\" content=\"en_US\" \/>\n<meta property=\"og:type\" content=\"article\" \/>\n<meta property=\"og:title\" content=\"Ejecutivo promulg\u00f3 la Pol\u00edtica Nacional de Ordenamiento Territorial tras consultor\u00eda de la DESE FADEU - Facultad de Arquitectura, Dise\u00f1o y Estudios Urbanos\" \/>\n<meta property=\"og:description\" content=\"El pasado lunes 29 de junio de 2021 se promulg\u00f3 la Pol\u00edtica Nacional de Ordenamiento Territorial (PNOT). El diagn\u00f3stico de contexto, su visi\u00f3n, principios, objetivos, ejes estrat\u00e9gicos y directrices son el resultado de la consultor\u00eda realizada por Direcci\u00f3n de Extensi\u00f3n y Servicios Externos (DESE) de la Facultad de Arquitectura, Dise\u00f1o y Estudios Urbanos, realizada por encargo de la Comisi\u00f3n Interministerial de Ciudad, Vivienda y Territorio (COMICIVYT) entre diciembre de 2017 y enero 2018, licitada a trav\u00e9s del PNUD.\" \/>\n<meta property=\"og:url\" content=\"https:\/\/fadeu.urantiacos.cl\/en\/2021\/07\/05\/ejecutivo-promulgo-la-politica-nacional-de-ordenamiento-territorial-tras-consultoria-de-la-dese-fadeu\/\" \/>\n<meta property=\"og:site_name\" content=\"Facultad de Arquitectura, Dise\u00f1o y Estudios Urbanos\" \/>\n<meta property=\"article:published_time\" content=\"2021-07-05T23:52:00+00:00\" \/>\n<meta property=\"article:modified_time\" content=\"2023-11-15T13:11:34+00:00\" \/>\n<meta property=\"og:image\" content=\"https:\/\/fadeu.urantiacos.cl\/wp-content\/uploads\/2023\/09\/Noticias_Orellana_2.png\" \/>\n\t<meta property=\"og:image:width\" content=\"350\" \/>\n\t<meta property=\"og:image:height\" content=\"250\" \/>\n\t<meta property=\"og:image:type\" content=\"image\/png\" \/>\n<meta name=\"author\" content=\"manadmin\" \/>\n<meta name=\"twitter:card\" content=\"summary_large_image\" \/>\n<meta name=\"twitter:label1\" content=\"Written by\" \/>\n\t<meta name=\"twitter:data1\" content=\"manadmin\" \/>\n<script type=\"application\/ld+json\" class=\"yoast-schema-graph\">{\"@context\":\"https:\/\/schema.org\",\"@graph\":[{\"@type\":\"Article\",\"@id\":\"https:\/\/fadeu.urantiacos.cl\/en\/2021\/07\/05\/ejecutivo-promulgo-la-politica-nacional-de-ordenamiento-territorial-tras-consultoria-de-la-dese-fadeu\/#article\",\"isPartOf\":{\"@id\":\"https:\/\/fadeu.urantiacos.cl\/en\/2021\/07\/05\/ejecutivo-promulgo-la-politica-nacional-de-ordenamiento-territorial-tras-consultoria-de-la-dese-fadeu\/\"},\"author\":{\"name\":\"manadmin\",\"@id\":\"https:\/\/fadeu.urantiacos.cl\/en\/#\/schema\/person\/d203e2e84b1c40275eac77b3061a19a2\"},\"headline\":\"Ejecutivo promulg\u00f3 la Pol\u00edtica Nacional de Ordenamiento Territorial tras consultor\u00eda de la DESE FADEU\",\"datePublished\":\"2021-07-05T23:52:00+00:00\",\"dateModified\":\"2023-11-15T13:11:34+00:00\",\"mainEntityOfPage\":{\"@id\":\"https:\/\/fadeu.urantiacos.cl\/en\/2021\/07\/05\/ejecutivo-promulgo-la-politica-nacional-de-ordenamiento-territorial-tras-consultoria-de-la-dese-fadeu\/\"},\"wordCount\":512,\"commentCount\":0,\"image\":{\"@id\":\"https:\/\/fadeu.urantiacos.cl\/en\/2021\/07\/05\/ejecutivo-promulgo-la-politica-nacional-de-ordenamiento-territorial-tras-consultoria-de-la-dese-fadeu\/#primaryimage\"},\"thumbnailUrl\":\"https:\/\/fadeu.urantiacos.cl\/wp-content\/uploads\/2023\/09\/Noticias_Orellana_2.png\",\"articleSection\":[\"Sin categorizar\"],\"inLanguage\":\"en-US\",\"potentialAction\":[{\"@type\":\"CommentAction\",\"name\":\"Comment\",\"target\":[\"https:\/\/fadeu.urantiacos.cl\/en\/2021\/07\/05\/ejecutivo-promulgo-la-politica-nacional-de-ordenamiento-territorial-tras-consultoria-de-la-dese-fadeu\/#respond\"]}]},{\"@type\":\"WebPage\",\"@id\":\"https:\/\/fadeu.urantiacos.cl\/en\/2021\/07\/05\/ejecutivo-promulgo-la-politica-nacional-de-ordenamiento-territorial-tras-consultoria-de-la-dese-fadeu\/\",\"url\":\"https:\/\/fadeu.urantiacos.cl\/en\/2021\/07\/05\/ejecutivo-promulgo-la-politica-nacional-de-ordenamiento-territorial-tras-consultoria-de-la-dese-fadeu\/\",\"name\":\"Ejecutivo promulg\u00f3 la Pol\u00edtica Nacional de Ordenamiento Territorial tras consultor\u00eda de la DESE FADEU - Facultad de Arquitectura, Dise\u00f1o y Estudios Urbanos\",\"isPartOf\":{\"@id\":\"https:\/\/fadeu.urantiacos.cl\/en\/#website\"},\"primaryImageOfPage\":{\"@id\":\"https:\/\/fadeu.urantiacos.cl\/en\/2021\/07\/05\/ejecutivo-promulgo-la-politica-nacional-de-ordenamiento-territorial-tras-consultoria-de-la-dese-fadeu\/#primaryimage\"},\"image\":{\"@id\":\"https:\/\/fadeu.urantiacos.cl\/en\/2021\/07\/05\/ejecutivo-promulgo-la-politica-nacional-de-ordenamiento-territorial-tras-consultoria-de-la-dese-fadeu\/#primaryimage\"},\"thumbnailUrl\":\"https:\/\/fadeu.urantiacos.cl\/wp-content\/uploads\/2023\/09\/Noticias_Orellana_2.png\",\"datePublished\":\"2021-07-05T23:52:00+00:00\",\"dateModified\":\"2023-11-15T13:11:34+00:00\",\"author\":{\"@id\":\"https:\/\/fadeu.urantiacos.cl\/en\/#\/schema\/person\/d203e2e84b1c40275eac77b3061a19a2\"},\"description\":\"El pasado lunes 29 de junio de 2021 se promulg\u00f3 la Pol\u00edtica Nacional de Ordenamiento Territorial (PNOT). El diagn\u00f3stico de contexto, su visi\u00f3n, principios, objetivos, ejes estrat\u00e9gicos y directrices son el resultado de la consultor\u00eda realizada por Direcci\u00f3n de Extensi\u00f3n y Servicios Externos (DESE) de la Facultad de Arquitectura, Dise\u00f1o y Estudios Urbanos, realizada por encargo de la Comisi\u00f3n Interministerial de Ciudad, Vivienda y Territorio (COMICIVYT) entre diciembre de 2017 y enero 2018, licitada a trav\u00e9s del PNUD.\",\"breadcrumb\":{\"@id\":\"https:\/\/fadeu.urantiacos.cl\/en\/2021\/07\/05\/ejecutivo-promulgo-la-politica-nacional-de-ordenamiento-territorial-tras-consultoria-de-la-dese-fadeu\/#breadcrumb\"},\"inLanguage\":\"en-US\",\"potentialAction\":[{\"@type\":\"ReadAction\",\"target\":[\"https:\/\/fadeu.urantiacos.cl\/en\/2021\/07\/05\/ejecutivo-promulgo-la-politica-nacional-de-ordenamiento-territorial-tras-consultoria-de-la-dese-fadeu\/\"]}]},{\"@type\":\"ImageObject\",\"inLanguage\":\"en-US\",\"@id\":\"https:\/\/fadeu.urantiacos.cl\/en\/2021\/07\/05\/ejecutivo-promulgo-la-politica-nacional-de-ordenamiento-territorial-tras-consultoria-de-la-dese-fadeu\/#primaryimage\",\"url\":\"https:\/\/fadeu.urantiacos.cl\/wp-content\/uploads\/2023\/09\/Noticias_Orellana_2.png\",\"contentUrl\":\"https:\/\/fadeu.urantiacos.cl\/wp-content\/uploads\/2023\/09\/Noticias_Orellana_2.png\",\"width\":350,\"height\":250},{\"@type\":\"BreadcrumbList\",\"@id\":\"https:\/\/fadeu.urantiacos.cl\/en\/2021\/07\/05\/ejecutivo-promulgo-la-politica-nacional-de-ordenamiento-territorial-tras-consultoria-de-la-dese-fadeu\/#breadcrumb\",\"itemListElement\":[{\"@type\":\"ListItem\",\"position\":1,\"name\":\"Portada\",\"item\":\"https:\/\/fadeu.urantiacos.cl\/en\/\"},{\"@type\":\"ListItem\",\"position\":2,\"name\":\"Ejecutivo promulg\u00f3 la Pol\u00edtica Nacional de Ordenamiento Territorial tras consultor\u00eda de la DESE FADEU\"}]},{\"@type\":\"WebSite\",\"@id\":\"https:\/\/fadeu.urantiacos.cl\/en\/#website\",\"url\":\"https:\/\/fadeu.urantiacos.cl\/en\/\",\"name\":\"Facultad de Arquitectura, Dise\u00f1o y Estudios Urbanos\",\"description\":\"Campus Lo Contador\",\"potentialAction\":[{\"@type\":\"SearchAction\",\"target\":{\"@type\":\"EntryPoint\",\"urlTemplate\":\"https:\/\/fadeu.urantiacos.cl\/en\/?s={search_term_string}\"},\"query-input\":{\"@type\":\"PropertyValueSpecification\",\"valueRequired\":true,\"valueName\":\"search_term_string\"}}],\"inLanguage\":\"en-US\"},{\"@type\":\"Person\",\"@id\":\"https:\/\/fadeu.urantiacos.cl\/en\/#\/schema\/person\/d203e2e84b1c40275eac77b3061a19a2\",\"name\":\"manadmin\",\"image\":{\"@type\":\"ImageObject\",\"inLanguage\":\"en-US\",\"@id\":\"https:\/\/fadeu.urantiacos.cl\/en\/#\/schema\/person\/image\/\",\"url\":\"https:\/\/secure.gravatar.com\/avatar\/4b1d8e3303b4a9d8968ac578947d8bc80d9aea359f388cdd4aac15cadc0e8447?s=96&d=mm&r=g\",\"contentUrl\":\"https:\/\/secure.gravatar.com\/avatar\/4b1d8e3303b4a9d8968ac578947d8bc80d9aea359f388cdd4aac15cadc0e8447?s=96&d=mm&r=g\",\"caption\":\"manadmin\"},\"sameAs\":[\"https:\/\/fadeu.urantiacos.cl\"]}]}<\/script>\n<!-- \/ Yoast SEO plugin. -->","yoast_head_json":{"title":"Ejecutivo promulg\u00f3 la Pol\u00edtica Nacional de Ordenamiento Territorial tras consultor\u00eda de la DESE FADEU - Facultad de Arquitectura, Dise\u00f1o y Estudios Urbanos","description":"El pasado lunes 29 de junio de 2021 se promulg\u00f3 la Pol\u00edtica Nacional de Ordenamiento Territorial (PNOT). El diagn\u00f3stico de contexto, su visi\u00f3n, principios, objetivos, ejes estrat\u00e9gicos y directrices son el resultado de la consultor\u00eda realizada por Direcci\u00f3n de Extensi\u00f3n y Servicios Externos (DESE) de la Facultad de Arquitectura, Dise\u00f1o y Estudios Urbanos, realizada por encargo de la Comisi\u00f3n Interministerial de Ciudad, Vivienda y Territorio (COMICIVYT) entre diciembre de 2017 y enero 2018, licitada a trav\u00e9s del PNUD.","robots":{"index":"index","follow":"follow","max-snippet":"max-snippet:-1","max-image-preview":"max-image-preview:large","max-video-preview":"max-video-preview:-1"},"canonical":"https:\/\/fadeu.urantiacos.cl\/en\/2021\/07\/05\/ejecutivo-promulgo-la-politica-nacional-de-ordenamiento-territorial-tras-consultoria-de-la-dese-fadeu\/","og_locale":"en_US","og_type":"article","og_title":"Ejecutivo promulg\u00f3 la Pol\u00edtica Nacional de Ordenamiento Territorial tras consultor\u00eda de la DESE FADEU - Facultad de Arquitectura, Dise\u00f1o y Estudios Urbanos","og_description":"El pasado lunes 29 de junio de 2021 se promulg\u00f3 la Pol\u00edtica Nacional de Ordenamiento Territorial (PNOT). El diagn\u00f3stico de contexto, su visi\u00f3n, principios, objetivos, ejes estrat\u00e9gicos y directrices son el resultado de la consultor\u00eda realizada por Direcci\u00f3n de Extensi\u00f3n y Servicios Externos (DESE) de la Facultad de Arquitectura, Dise\u00f1o y Estudios Urbanos, realizada por encargo de la Comisi\u00f3n Interministerial de Ciudad, Vivienda y Territorio (COMICIVYT) entre diciembre de 2017 y enero 2018, licitada a trav\u00e9s del PNUD.","og_url":"https:\/\/fadeu.urantiacos.cl\/en\/2021\/07\/05\/ejecutivo-promulgo-la-politica-nacional-de-ordenamiento-territorial-tras-consultoria-de-la-dese-fadeu\/","og_site_name":"Facultad de Arquitectura, Dise\u00f1o y Estudios Urbanos","article_published_time":"2021-07-05T23:52:00+00:00","article_modified_time":"2023-11-15T13:11:34+00:00","og_image":[{"width":350,"height":250,"url":"https:\/\/fadeu.urantiacos.cl\/wp-content\/uploads\/2023\/09\/Noticias_Orellana_2.png","type":"image\/png"}],"author":"manadmin","twitter_card":"summary_large_image","twitter_misc":{"Written by":"manadmin"},"schema":{"@context":"https:\/\/schema.org","@graph":[{"@type":"Article","@id":"https:\/\/fadeu.urantiacos.cl\/en\/2021\/07\/05\/ejecutivo-promulgo-la-politica-nacional-de-ordenamiento-territorial-tras-consultoria-de-la-dese-fadeu\/#article","isPartOf":{"@id":"https:\/\/fadeu.urantiacos.cl\/en\/2021\/07\/05\/ejecutivo-promulgo-la-politica-nacional-de-ordenamiento-territorial-tras-consultoria-de-la-dese-fadeu\/"},"author":{"name":"manadmin","@id":"https:\/\/fadeu.urantiacos.cl\/en\/#\/schema\/person\/d203e2e84b1c40275eac77b3061a19a2"},"headline":"Ejecutivo promulg\u00f3 la Pol\u00edtica Nacional de Ordenamiento Territorial tras consultor\u00eda de la DESE FADEU","datePublished":"2021-07-05T23:52:00+00:00","dateModified":"2023-11-15T13:11:34+00:00","mainEntityOfPage":{"@id":"https:\/\/fadeu.urantiacos.cl\/en\/2021\/07\/05\/ejecutivo-promulgo-la-politica-nacional-de-ordenamiento-territorial-tras-consultoria-de-la-dese-fadeu\/"},"wordCount":512,"commentCount":0,"image":{"@id":"https:\/\/fadeu.urantiacos.cl\/en\/2021\/07\/05\/ejecutivo-promulgo-la-politica-nacional-de-ordenamiento-territorial-tras-consultoria-de-la-dese-fadeu\/#primaryimage"},"thumbnailUrl":"https:\/\/fadeu.urantiacos.cl\/wp-content\/uploads\/2023\/09\/Noticias_Orellana_2.png","articleSection":["Sin categorizar"],"inLanguage":"en-US","potentialAction":[{"@type":"CommentAction","name":"Comment","target":["https:\/\/fadeu.urantiacos.cl\/en\/2021\/07\/05\/ejecutivo-promulgo-la-politica-nacional-de-ordenamiento-territorial-tras-consultoria-de-la-dese-fadeu\/#respond"]}]},{"@type":"WebPage","@id":"https:\/\/fadeu.urantiacos.cl\/en\/2021\/07\/05\/ejecutivo-promulgo-la-politica-nacional-de-ordenamiento-territorial-tras-consultoria-de-la-dese-fadeu\/","url":"https:\/\/fadeu.urantiacos.cl\/en\/2021\/07\/05\/ejecutivo-promulgo-la-politica-nacional-de-ordenamiento-territorial-tras-consultoria-de-la-dese-fadeu\/","name":"Ejecutivo promulg\u00f3 la Pol\u00edtica Nacional de Ordenamiento Territorial tras consultor\u00eda de la DESE FADEU - Facultad de Arquitectura, Dise\u00f1o y Estudios Urbanos","isPartOf":{"@id":"https:\/\/fadeu.urantiacos.cl\/en\/#website"},"primaryImageOfPage":{"@id":"https:\/\/fadeu.urantiacos.cl\/en\/2021\/07\/05\/ejecutivo-promulgo-la-politica-nacional-de-ordenamiento-territorial-tras-consultoria-de-la-dese-fadeu\/#primaryimage"},"image":{"@id":"https:\/\/fadeu.urantiacos.cl\/en\/2021\/07\/05\/ejecutivo-promulgo-la-politica-nacional-de-ordenamiento-territorial-tras-consultoria-de-la-dese-fadeu\/#primaryimage"},"thumbnailUrl":"https:\/\/fadeu.urantiacos.cl\/wp-content\/uploads\/2023\/09\/Noticias_Orellana_2.png","datePublished":"2021-07-05T23:52:00+00:00","dateModified":"2023-11-15T13:11:34+00:00","author":{"@id":"https:\/\/fadeu.urantiacos.cl\/en\/#\/schema\/person\/d203e2e84b1c40275eac77b3061a19a2"},"description":"El pasado lunes 29 de junio de 2021 se promulg\u00f3 la Pol\u00edtica Nacional de Ordenamiento Territorial (PNOT). El diagn\u00f3stico de contexto, su visi\u00f3n, principios, objetivos, ejes estrat\u00e9gicos y directrices son el resultado de la consultor\u00eda realizada por Direcci\u00f3n de Extensi\u00f3n y Servicios Externos (DESE) de la Facultad de Arquitectura, Dise\u00f1o y Estudios Urbanos, realizada por encargo de la Comisi\u00f3n Interministerial de Ciudad, Vivienda y Territorio (COMICIVYT) entre diciembre de 2017 y enero 2018, licitada a trav\u00e9s del PNUD.","breadcrumb":{"@id":"https:\/\/fadeu.urantiacos.cl\/en\/2021\/07\/05\/ejecutivo-promulgo-la-politica-nacional-de-ordenamiento-territorial-tras-consultoria-de-la-dese-fadeu\/#breadcrumb"},"inLanguage":"en-US","potentialAction":[{"@type":"ReadAction","target":["https:\/\/fadeu.urantiacos.cl\/en\/2021\/07\/05\/ejecutivo-promulgo-la-politica-nacional-de-ordenamiento-territorial-tras-consultoria-de-la-dese-fadeu\/"]}]},{"@type":"ImageObject","inLanguage":"en-US","@id":"https:\/\/fadeu.urantiacos.cl\/en\/2021\/07\/05\/ejecutivo-promulgo-la-politica-nacional-de-ordenamiento-territorial-tras-consultoria-de-la-dese-fadeu\/#primaryimage","url":"https:\/\/fadeu.urantiacos.cl\/wp-content\/uploads\/2023\/09\/Noticias_Orellana_2.png","contentUrl":"https:\/\/fadeu.urantiacos.cl\/wp-content\/uploads\/2023\/09\/Noticias_Orellana_2.png","width":350,"height":250},{"@type":"BreadcrumbList","@id":"https:\/\/fadeu.urantiacos.cl\/en\/2021\/07\/05\/ejecutivo-promulgo-la-politica-nacional-de-ordenamiento-territorial-tras-consultoria-de-la-dese-fadeu\/#breadcrumb","itemListElement":[{"@type":"ListItem","position":1,"name":"Portada","item":"https:\/\/fadeu.urantiacos.cl\/en\/"},{"@type":"ListItem","position":2,"name":"Ejecutivo promulg\u00f3 la Pol\u00edtica Nacional de Ordenamiento Territorial tras consultor\u00eda de la DESE FADEU"}]},{"@type":"WebSite","@id":"https:\/\/fadeu.urantiacos.cl\/en\/#website","url":"https:\/\/fadeu.urantiacos.cl\/en\/","name":"Facultad de Arquitectura, Dise\u00f1o y Estudios Urbanos","description":"Campus Lo Contador","potentialAction":[{"@type":"SearchAction","target":{"@type":"EntryPoint","urlTemplate":"https:\/\/fadeu.urantiacos.cl\/en\/?s={search_term_string}"},"query-input":{"@type":"PropertyValueSpecification","valueRequired":true,"valueName":"search_term_string"}}],"inLanguage":"en-US"},{"@type":"Person","@id":"https:\/\/fadeu.urantiacos.cl\/en\/#\/schema\/person\/d203e2e84b1c40275eac77b3061a19a2","name":"manadmin","image":{"@type":"ImageObject","inLanguage":"en-US","@id":"https:\/\/fadeu.urantiacos.cl\/en\/#\/schema\/person\/image\/","url":"https:\/\/secure.gravatar.com\/avatar\/4b1d8e3303b4a9d8968ac578947d8bc80d9aea359f388cdd4aac15cadc0e8447?s=96&d=mm&r=g","contentUrl":"https:\/\/secure.gravatar.com\/avatar\/4b1d8e3303b4a9d8968ac578947d8bc80d9aea359f388cdd4aac15cadc0e8447?s=96&d=mm&r=g","caption":"manadmin"},"sameAs":["https:\/\/fadeu.urantiacos.cl"]}]}},"_links":{"self":[{"href":"https:\/\/fadeu.urantiacos.cl\/en\/wp-json\/wp\/v2\/posts\/6696","targetHints":{"allow":["GET"]}}],"collection":[{"href":"https:\/\/fadeu.urantiacos.cl\/en\/wp-json\/wp\/v2\/posts"}],"about":[{"href":"https:\/\/fadeu.urantiacos.cl\/en\/wp-json\/wp\/v2\/types\/post"}],"author":[{"embeddable":true,"href":"https:\/\/fadeu.urantiacos.cl\/en\/wp-json\/wp\/v2\/users\/1"}],"replies":[{"embeddable":true,"href":"https:\/\/fadeu.urantiacos.cl\/en\/wp-json\/wp\/v2\/comments?post=6696"}],"version-history":[{"count":2,"href":"https:\/\/fadeu.urantiacos.cl\/en\/wp-json\/wp\/v2\/posts\/6696\/revisions"}],"predecessor-version":[{"id":18141,"href":"https:\/\/fadeu.urantiacos.cl\/en\/wp-json\/wp\/v2\/posts\/6696\/revisions\/18141"}],"wp:featuredmedia":[{"embeddable":true,"href":"https:\/\/fadeu.urantiacos.cl\/en\/wp-json\/wp\/v2\/media\/6697"}],"wp:attachment":[{"href":"https:\/\/fadeu.urantiacos.cl\/en\/wp-json\/wp\/v2\/media?parent=6696"}],"wp:term":[{"taxonomy":"category","embeddable":true,"href":"https:\/\/fadeu.urantiacos.cl\/en\/wp-json\/wp\/v2\/categories?post=6696"},{"taxonomy":"post_tag","embeddable":true,"href":"https:\/\/fadeu.urantiacos.cl\/en\/wp-json\/wp\/v2\/tags?post=6696"}],"curies":[{"name":"wp","href":"https:\/\/api.w.org\/{rel}","templated":true}]}}