{"id":6691,"date":"2021-07-05T20:49:00","date_gmt":"2021-07-05T23:49:00","guid":{"rendered":"https:\/\/fadeu.urantiacos.cl\/?p=6691"},"modified":"2023-09-07T20:52:40","modified_gmt":"2023-09-07T23:52:40","slug":"obras-del-nuevo-edificio-de-facultad-avanzan-conforme-los-plazos-establecidos","status":"publish","type":"post","link":"https:\/\/fadeu.urantiacos.cl\/en\/2021\/07\/05\/obras-del-nuevo-edificio-de-facultad-avanzan-conforme-los-plazos-establecidos\/","title":{"rendered":"Obras del nuevo Edificio de Facultad avanzan conforme los plazos establecidos"},"content":{"rendered":"\n<figure class=\"wp-block-image size-full\"><img decoding=\"async\" width=\"350\" height=\"250\" src=\"https:\/\/fadeu.urantiacos.cl\/wp-content\/uploads\/2023\/09\/20210615_145920_WEB.jpg\" alt=\"\" class=\"wp-image-6692\" srcset=\"https:\/\/fadeu.urantiacos.cl\/wp-content\/uploads\/2023\/09\/20210615_145920_WEB.jpg 350w, https:\/\/fadeu.urantiacos.cl\/wp-content\/uploads\/2023\/09\/20210615_145920_WEB-300x214.jpg 300w\" sizes=\"(max-width: 350px) 100vw, 350px\" \/><\/figure>\n\n\n\n<p>Se reconoce una leve disminuci\u00f3n en el normal funcionamiento, asociado a una merma en el n\u00famero de trabajadores de la obra, debido a las cuarentenas que se han dispuesto en diversas comunas de la regi\u00f3n Metropolitana durante lo que va del a\u00f1o. Los plazos corren conforme se han trazado desde un inicio de la construcci\u00f3n de la obra, que comenz\u00f3 en enero del 2021 y que se estiman dure 18 meses, por lo que se est\u00e1n solventando algunos inconvenientes referidos al stock de ciertos materiales de construcci\u00f3n.<\/p>\n\n\n\n<p><strong>Nuevo Edificio<\/strong><\/p>\n\n\n\n<p>El edificio tendr\u00e1 4.200 metros cuadrados, y responde a \u201cun anhelo de Facultad, pues est\u00e1 referido a nuestro rol m\u00e1s importante, que es el de formar personas, el de educar en el dise\u00f1o, la arquitectura y la ciudad. Por ello, el edificio pone su centro en las aulas, en el lugar donde se aprende y se reciben los conocimientos que van a ser determinantes en el futuro arquitecto, dise\u00f1ador y planificador urbano\u201d, coment\u00f3 el Decano Mario Ubilla.<\/p>\n\n\n\n<p>Seg\u00fan coment\u00f3 el arquitecto Alberto Molleto, quien, junto a Sebasti\u00e1n Paredes, se adjudicaron la propuesta que actualmente se construye en la Facultad de Arquitectura, Dise\u00f1o y Estudios Urbanos, se considera \u201cuna diversidad program\u00e1tica importante\u201d.<\/p>\n\n\n\n<p>\u201cEl Nivel -2 tiene 68 Estacionamientos, el cual se comunicar\u00e1 con el nivel inferior de estacionamientos del Edificio de la Escuela de Dise\u00f1o. &nbsp;En el nivel -1 hay una sala para ser utilizada como taller de 142 m. Adem\u00e1s, se considera el emplazamiento de un nuevo Casino de la Facultad y un n\u00facleo de servicios de para alumnos y personal de servicio. Este nivel, adem\u00e1s, cuenta con un patio y una escalinata que lo conectar\u00e1n con el patio de madera en el centro del Campus, mientras que el primer nivel del edificio ser\u00e1 en un 90% un nivel abierto, un gran patio cubierto que podr\u00e1 ser utilizado como espacio de extensi\u00f3n cubierto pero abierto en sus bordes\u201d, explic\u00f3 Moletto.<\/p>\n\n\n\n<p>Asimismo, agreg\u00f3, \u201cEl nivel +2 tiene un gran taller de 204 m2 (como referencia el refectorio tiene 145 m2) y 4 talleres m\u00e1s de 45 m2 en promedio. Tambi\u00e9n este nivel tiene un puente de conexi\u00f3n con el actual edificio de talleres. El nivel 3 y 4 ser\u00e1n destinados al uso del Instituto de Estudios Urbanos y Territoriales, espacio que contar\u00e1 tambi\u00e9n con una terraza en la cubierta\u201d.<\/p>\n\n\n\n<p>Sobre el desaf\u00edo que supone construir un edificio de estas caracter\u00edsticas, en una Facultad donde se ense\u00f1a arquitectura, dise\u00f1o y planificaci\u00f3n urbana, Moletto sostuvo que \u201cel nuevo edificio Fadeu no debe disputar el protagonismo de las piezas fundantes de este contexto particular, sino que, m\u00e1s bien, reconocer caracter\u00edsticas que mantengan la valoraci\u00f3n del conjunto, asumiendo niveles de neutralidad\u201d.<\/p>\n\n\n\n<p>Asimismo, agreg\u00f3, \u201cse debe proponer un edificio que responda a condiciones de encuentro y potencie los procesos educativos de una Facultad en constante intercambio con la calle, el barrio y la ciudad. Dado lo anterior, creemos que lo que se construya debe poner en jaque su propia visibilidad, responder a su entorno, perder materia, hacerse borroso, tanto por su relaci\u00f3n con las piezas interiores del campus como su proyecci\u00f3n hacia la calle\u201d.<\/p>\n\n\n\n<p><strong>Ficha t\u00e9cnica del proyecto<\/strong><\/p>\n\n\n\n<ul class=\"wp-block-list\">\n<li>Arquitectos:&nbsp;Alberto Moletto (Jefe de proyecto),&nbsp;Sebasti\u00e1n Paredes&nbsp;<\/li>\n\n\n\n<li>Equipo&nbsp;Proyecto:&nbsp;Sebasti\u00e1n&nbsp;Fache,&nbsp;Andrea Roverato, Bettina Kagelmacher,&nbsp;Sim\u00f3n Carre\u00f1o, Nicol\u00e1s Benoit<\/li>\n\n\n\n<li>Equipo Concurso:&nbsp;Sebasti\u00e1n&nbsp;Fache,&nbsp;Daniel&nbsp;Castro,&nbsp;RAlruiz ,&nbsp;Matias&nbsp;Alarcon, Antonio Espinoza&nbsp;<\/li>\n\n\n\n<li>C\u00e1lculo:&nbsp;&nbsp;Daniel Stagno, Hoehmann Stagno SA<\/li>\n\n\n\n<li>Superficie:<\/li>\n\n\n\n<li>Materialidad Predominante:&nbsp;Hormig\u00f3n pintado, Hormig\u00f3n Visto<\/li>\n\n\n\n<li>Empresa Constructora: Alc\u00e9rreca y Diaz<\/li>\n<\/ul>\n\n\n\n<figure class=\"wp-block-image size-large\"><img decoding=\"async\" width=\"1024\" height=\"502\" src=\"https:\/\/fadeu.urantiacos.cl\/wp-content\/uploads\/2023\/09\/20210616_094120_--1024x502.jpg\" alt=\"\" class=\"wp-image-6693\" srcset=\"https:\/\/fadeu.urantiacos.cl\/wp-content\/uploads\/2023\/09\/20210616_094120_--1024x502.jpg 1024w, https:\/\/fadeu.urantiacos.cl\/wp-content\/uploads\/2023\/09\/20210616_094120_--300x147.jpg 300w, https:\/\/fadeu.urantiacos.cl\/wp-content\/uploads\/2023\/09\/20210616_094120_--768x376.jpg 768w, https:\/\/fadeu.urantiacos.cl\/wp-content\/uploads\/2023\/09\/20210616_094120_--1536x753.jpg 1536w, https:\/\/fadeu.urantiacos.cl\/wp-content\/uploads\/2023\/09\/20210616_094120_-.jpg 1600w\" sizes=\"(max-width: 1024px) 100vw, 1024px\" \/><\/figure>\n\n\n\n<figure class=\"wp-block-image size-large\"><img decoding=\"async\" width=\"1024\" height=\"576\" src=\"https:\/\/fadeu.urantiacos.cl\/wp-content\/uploads\/2023\/09\/20210615_145920-1024x576.jpg\" alt=\"\" class=\"wp-image-6694\" srcset=\"https:\/\/fadeu.urantiacos.cl\/wp-content\/uploads\/2023\/09\/20210615_145920-1024x576.jpg 1024w, https:\/\/fadeu.urantiacos.cl\/wp-content\/uploads\/2023\/09\/20210615_145920-300x169.jpg 300w, https:\/\/fadeu.urantiacos.cl\/wp-content\/uploads\/2023\/09\/20210615_145920-768x432.jpg 768w, https:\/\/fadeu.urantiacos.cl\/wp-content\/uploads\/2023\/09\/20210615_145920-1536x865.jpg 1536w, https:\/\/fadeu.urantiacos.cl\/wp-content\/uploads\/2023\/09\/20210615_145920.jpg 1600w\" sizes=\"(max-width: 1024px) 100vw, 1024px\" \/><\/figure>\n","protected":false},"excerpt":{"rendered":"<p>Desde la Facultad de Arquitectura, Dise\u00f1o y Estudios Urbanos se ha informado que las obras de construcci\u00f3n del nuevo Edificio de Facultad siguen su curso conforme los plazos establecidos inicialmente, a pesar de las condiciones impuestas por la pandemia.<\/p>\n","protected":false},"author":1,"featured_media":6692,"comment_status":"open","ping_status":"open","sticky":false,"template":"","format":"standard","meta":{"_acf_changed":false,"footnotes":""},"categories":[1],"tags":[],"class_list":["post-6691","post","type-post","status-publish","format-standard","has-post-thumbnail","hentry","category-sin-categorizar"],"acf":[],"yoast_head":"<!-- This site is optimized with the Yoast SEO plugin v27.1.1 - https:\/\/yoast.com\/product\/yoast-seo-wordpress\/ -->\n<title>Obras del nuevo Edificio de Facultad avanzan conforme los plazos establecidos - Facultad de Arquitectura, Dise\u00f1o y Estudios Urbanos<\/title>\n<meta name=\"description\" content=\"Desde la Facultad de Arquitectura, Dise\u00f1o y Estudios Urbanos se ha informado que las obras de construcci\u00f3n del nuevo Edificio de Facultad siguen su curso conforme los plazos establecidos inicialmente, a pesar de las condiciones impuestas por la pandemia.\" \/>\n<meta name=\"robots\" content=\"index, follow, max-snippet:-1, max-image-preview:large, max-video-preview:-1\" \/>\n<link rel=\"canonical\" href=\"https:\/\/fadeu.urantiacos.cl\/en\/2021\/07\/05\/obras-del-nuevo-edificio-de-facultad-avanzan-conforme-los-plazos-establecidos\/\" \/>\n<meta property=\"og:locale\" content=\"en_US\" \/>\n<meta property=\"og:type\" content=\"article\" \/>\n<meta property=\"og:title\" content=\"Obras del nuevo Edificio de Facultad avanzan conforme los plazos establecidos - Facultad de Arquitectura, Dise\u00f1o y Estudios Urbanos\" \/>\n<meta property=\"og:description\" content=\"Desde la Facultad de Arquitectura, Dise\u00f1o y Estudios Urbanos se ha informado que las obras de construcci\u00f3n del nuevo Edificio de Facultad siguen su curso conforme los plazos establecidos inicialmente, a pesar de las condiciones impuestas por la pandemia.\" \/>\n<meta property=\"og:url\" content=\"https:\/\/fadeu.urantiacos.cl\/en\/2021\/07\/05\/obras-del-nuevo-edificio-de-facultad-avanzan-conforme-los-plazos-establecidos\/\" \/>\n<meta property=\"og:site_name\" content=\"Facultad de Arquitectura, Dise\u00f1o y Estudios Urbanos\" \/>\n<meta property=\"article:published_time\" content=\"2021-07-05T23:49:00+00:00\" \/>\n<meta property=\"article:modified_time\" content=\"2023-09-07T23:52:40+00:00\" \/>\n<meta property=\"og:image\" content=\"https:\/\/fadeu.urantiacos.cl\/wp-content\/uploads\/2023\/09\/20210615_145920_WEB.jpg\" \/>\n\t<meta property=\"og:image:width\" content=\"350\" \/>\n\t<meta property=\"og:image:height\" content=\"250\" \/>\n\t<meta property=\"og:image:type\" content=\"image\/jpeg\" \/>\n<meta name=\"author\" content=\"manadmin\" \/>\n<meta name=\"twitter:card\" content=\"summary_large_image\" \/>\n<meta name=\"twitter:label1\" content=\"Written by\" \/>\n\t<meta name=\"twitter:data1\" content=\"manadmin\" \/>\n\t<meta name=\"twitter:label2\" content=\"Est. reading time\" \/>\n\t<meta name=\"twitter:data2\" content=\"3 minutes\" \/>\n<script type=\"application\/ld+json\" class=\"yoast-schema-graph\">{\"@context\":\"https:\/\/schema.org\",\"@graph\":[{\"@type\":\"Article\",\"@id\":\"https:\/\/fadeu.urantiacos.cl\/en\/2021\/07\/05\/obras-del-nuevo-edificio-de-facultad-avanzan-conforme-los-plazos-establecidos\/#article\",\"isPartOf\":{\"@id\":\"https:\/\/fadeu.urantiacos.cl\/en\/2021\/07\/05\/obras-del-nuevo-edificio-de-facultad-avanzan-conforme-los-plazos-establecidos\/\"},\"author\":{\"name\":\"manadmin\",\"@id\":\"https:\/\/fadeu.urantiacos.cl\/en\/#\/schema\/person\/d203e2e84b1c40275eac77b3061a19a2\"},\"headline\":\"Obras del nuevo Edificio de Facultad avanzan conforme los plazos establecidos\",\"datePublished\":\"2021-07-05T23:49:00+00:00\",\"dateModified\":\"2023-09-07T23:52:40+00:00\",\"mainEntityOfPage\":{\"@id\":\"https:\/\/fadeu.urantiacos.cl\/en\/2021\/07\/05\/obras-del-nuevo-edificio-de-facultad-avanzan-conforme-los-plazos-establecidos\/\"},\"wordCount\":634,\"commentCount\":0,\"image\":{\"@id\":\"https:\/\/fadeu.urantiacos.cl\/en\/2021\/07\/05\/obras-del-nuevo-edificio-de-facultad-avanzan-conforme-los-plazos-establecidos\/#primaryimage\"},\"thumbnailUrl\":\"https:\/\/fadeu.urantiacos.cl\/wp-content\/uploads\/2023\/09\/20210615_145920_WEB.jpg\",\"articleSection\":[\"Sin categorizar\"],\"inLanguage\":\"en-US\",\"potentialAction\":[{\"@type\":\"CommentAction\",\"name\":\"Comment\",\"target\":[\"https:\/\/fadeu.urantiacos.cl\/en\/2021\/07\/05\/obras-del-nuevo-edificio-de-facultad-avanzan-conforme-los-plazos-establecidos\/#respond\"]}]},{\"@type\":\"WebPage\",\"@id\":\"https:\/\/fadeu.urantiacos.cl\/en\/2021\/07\/05\/obras-del-nuevo-edificio-de-facultad-avanzan-conforme-los-plazos-establecidos\/\",\"url\":\"https:\/\/fadeu.urantiacos.cl\/en\/2021\/07\/05\/obras-del-nuevo-edificio-de-facultad-avanzan-conforme-los-plazos-establecidos\/\",\"name\":\"Obras del nuevo Edificio de Facultad avanzan conforme los plazos establecidos - Facultad de Arquitectura, Dise\u00f1o y Estudios Urbanos\",\"isPartOf\":{\"@id\":\"https:\/\/fadeu.urantiacos.cl\/en\/#website\"},\"primaryImageOfPage\":{\"@id\":\"https:\/\/fadeu.urantiacos.cl\/en\/2021\/07\/05\/obras-del-nuevo-edificio-de-facultad-avanzan-conforme-los-plazos-establecidos\/#primaryimage\"},\"image\":{\"@id\":\"https:\/\/fadeu.urantiacos.cl\/en\/2021\/07\/05\/obras-del-nuevo-edificio-de-facultad-avanzan-conforme-los-plazos-establecidos\/#primaryimage\"},\"thumbnailUrl\":\"https:\/\/fadeu.urantiacos.cl\/wp-content\/uploads\/2023\/09\/20210615_145920_WEB.jpg\",\"datePublished\":\"2021-07-05T23:49:00+00:00\",\"dateModified\":\"2023-09-07T23:52:40+00:00\",\"author\":{\"@id\":\"https:\/\/fadeu.urantiacos.cl\/en\/#\/schema\/person\/d203e2e84b1c40275eac77b3061a19a2\"},\"description\":\"Desde la Facultad de Arquitectura, Dise\u00f1o y Estudios Urbanos se ha informado que las obras de construcci\u00f3n del nuevo Edificio de Facultad siguen su curso conforme los plazos establecidos inicialmente, a pesar de las condiciones impuestas por la pandemia.\",\"breadcrumb\":{\"@id\":\"https:\/\/fadeu.urantiacos.cl\/en\/2021\/07\/05\/obras-del-nuevo-edificio-de-facultad-avanzan-conforme-los-plazos-establecidos\/#breadcrumb\"},\"inLanguage\":\"en-US\",\"potentialAction\":[{\"@type\":\"ReadAction\",\"target\":[\"https:\/\/fadeu.urantiacos.cl\/en\/2021\/07\/05\/obras-del-nuevo-edificio-de-facultad-avanzan-conforme-los-plazos-establecidos\/\"]}]},{\"@type\":\"ImageObject\",\"inLanguage\":\"en-US\",\"@id\":\"https:\/\/fadeu.urantiacos.cl\/en\/2021\/07\/05\/obras-del-nuevo-edificio-de-facultad-avanzan-conforme-los-plazos-establecidos\/#primaryimage\",\"url\":\"https:\/\/fadeu.urantiacos.cl\/wp-content\/uploads\/2023\/09\/20210615_145920_WEB.jpg\",\"contentUrl\":\"https:\/\/fadeu.urantiacos.cl\/wp-content\/uploads\/2023\/09\/20210615_145920_WEB.jpg\",\"width\":350,\"height\":250},{\"@type\":\"BreadcrumbList\",\"@id\":\"https:\/\/fadeu.urantiacos.cl\/en\/2021\/07\/05\/obras-del-nuevo-edificio-de-facultad-avanzan-conforme-los-plazos-establecidos\/#breadcrumb\",\"itemListElement\":[{\"@type\":\"ListItem\",\"position\":1,\"name\":\"Portada\",\"item\":\"https:\/\/fadeu.urantiacos.cl\/en\/\"},{\"@type\":\"ListItem\",\"position\":2,\"name\":\"Obras del nuevo Edificio de Facultad avanzan conforme los plazos establecidos\"}]},{\"@type\":\"WebSite\",\"@id\":\"https:\/\/fadeu.urantiacos.cl\/en\/#website\",\"url\":\"https:\/\/fadeu.urantiacos.cl\/en\/\",\"name\":\"Facultad de Arquitectura, Dise\u00f1o y Estudios Urbanos\",\"description\":\"Campus Lo Contador\",\"potentialAction\":[{\"@type\":\"SearchAction\",\"target\":{\"@type\":\"EntryPoint\",\"urlTemplate\":\"https:\/\/fadeu.urantiacos.cl\/en\/?s={search_term_string}\"},\"query-input\":{\"@type\":\"PropertyValueSpecification\",\"valueRequired\":true,\"valueName\":\"search_term_string\"}}],\"inLanguage\":\"en-US\"},{\"@type\":\"Person\",\"@id\":\"https:\/\/fadeu.urantiacos.cl\/en\/#\/schema\/person\/d203e2e84b1c40275eac77b3061a19a2\",\"name\":\"manadmin\",\"image\":{\"@type\":\"ImageObject\",\"inLanguage\":\"en-US\",\"@id\":\"https:\/\/fadeu.urantiacos.cl\/en\/#\/schema\/person\/image\/\",\"url\":\"https:\/\/secure.gravatar.com\/avatar\/4b1d8e3303b4a9d8968ac578947d8bc80d9aea359f388cdd4aac15cadc0e8447?s=96&d=mm&r=g\",\"contentUrl\":\"https:\/\/secure.gravatar.com\/avatar\/4b1d8e3303b4a9d8968ac578947d8bc80d9aea359f388cdd4aac15cadc0e8447?s=96&d=mm&r=g\",\"caption\":\"manadmin\"},\"sameAs\":[\"https:\/\/fadeu.urantiacos.cl\"]}]}<\/script>\n<!-- \/ Yoast SEO plugin. -->","yoast_head_json":{"title":"Obras del nuevo Edificio de Facultad avanzan conforme los plazos establecidos - Facultad de Arquitectura, Dise\u00f1o y Estudios Urbanos","description":"Desde la Facultad de Arquitectura, Dise\u00f1o y Estudios Urbanos se ha informado que las obras de construcci\u00f3n del nuevo Edificio de Facultad siguen su curso conforme los plazos establecidos inicialmente, a pesar de las condiciones impuestas por la pandemia.","robots":{"index":"index","follow":"follow","max-snippet":"max-snippet:-1","max-image-preview":"max-image-preview:large","max-video-preview":"max-video-preview:-1"},"canonical":"https:\/\/fadeu.urantiacos.cl\/en\/2021\/07\/05\/obras-del-nuevo-edificio-de-facultad-avanzan-conforme-los-plazos-establecidos\/","og_locale":"en_US","og_type":"article","og_title":"Obras del nuevo Edificio de Facultad avanzan conforme los plazos establecidos - Facultad de Arquitectura, Dise\u00f1o y Estudios Urbanos","og_description":"Desde la Facultad de Arquitectura, Dise\u00f1o y Estudios Urbanos se ha informado que las obras de construcci\u00f3n del nuevo Edificio de Facultad siguen su curso conforme los plazos establecidos inicialmente, a pesar de las condiciones impuestas por la pandemia.","og_url":"https:\/\/fadeu.urantiacos.cl\/en\/2021\/07\/05\/obras-del-nuevo-edificio-de-facultad-avanzan-conforme-los-plazos-establecidos\/","og_site_name":"Facultad de Arquitectura, Dise\u00f1o y Estudios Urbanos","article_published_time":"2021-07-05T23:49:00+00:00","article_modified_time":"2023-09-07T23:52:40+00:00","og_image":[{"width":350,"height":250,"url":"https:\/\/fadeu.urantiacos.cl\/wp-content\/uploads\/2023\/09\/20210615_145920_WEB.jpg","type":"image\/jpeg"}],"author":"manadmin","twitter_card":"summary_large_image","twitter_misc":{"Written by":"manadmin","Est. reading time":"3 minutes"},"schema":{"@context":"https:\/\/schema.org","@graph":[{"@type":"Article","@id":"https:\/\/fadeu.urantiacos.cl\/en\/2021\/07\/05\/obras-del-nuevo-edificio-de-facultad-avanzan-conforme-los-plazos-establecidos\/#article","isPartOf":{"@id":"https:\/\/fadeu.urantiacos.cl\/en\/2021\/07\/05\/obras-del-nuevo-edificio-de-facultad-avanzan-conforme-los-plazos-establecidos\/"},"author":{"name":"manadmin","@id":"https:\/\/fadeu.urantiacos.cl\/en\/#\/schema\/person\/d203e2e84b1c40275eac77b3061a19a2"},"headline":"Obras del nuevo Edificio de Facultad avanzan conforme los plazos establecidos","datePublished":"2021-07-05T23:49:00+00:00","dateModified":"2023-09-07T23:52:40+00:00","mainEntityOfPage":{"@id":"https:\/\/fadeu.urantiacos.cl\/en\/2021\/07\/05\/obras-del-nuevo-edificio-de-facultad-avanzan-conforme-los-plazos-establecidos\/"},"wordCount":634,"commentCount":0,"image":{"@id":"https:\/\/fadeu.urantiacos.cl\/en\/2021\/07\/05\/obras-del-nuevo-edificio-de-facultad-avanzan-conforme-los-plazos-establecidos\/#primaryimage"},"thumbnailUrl":"https:\/\/fadeu.urantiacos.cl\/wp-content\/uploads\/2023\/09\/20210615_145920_WEB.jpg","articleSection":["Sin categorizar"],"inLanguage":"en-US","potentialAction":[{"@type":"CommentAction","name":"Comment","target":["https:\/\/fadeu.urantiacos.cl\/en\/2021\/07\/05\/obras-del-nuevo-edificio-de-facultad-avanzan-conforme-los-plazos-establecidos\/#respond"]}]},{"@type":"WebPage","@id":"https:\/\/fadeu.urantiacos.cl\/en\/2021\/07\/05\/obras-del-nuevo-edificio-de-facultad-avanzan-conforme-los-plazos-establecidos\/","url":"https:\/\/fadeu.urantiacos.cl\/en\/2021\/07\/05\/obras-del-nuevo-edificio-de-facultad-avanzan-conforme-los-plazos-establecidos\/","name":"Obras del nuevo Edificio de Facultad avanzan conforme los plazos establecidos - Facultad de Arquitectura, Dise\u00f1o y Estudios Urbanos","isPartOf":{"@id":"https:\/\/fadeu.urantiacos.cl\/en\/#website"},"primaryImageOfPage":{"@id":"https:\/\/fadeu.urantiacos.cl\/en\/2021\/07\/05\/obras-del-nuevo-edificio-de-facultad-avanzan-conforme-los-plazos-establecidos\/#primaryimage"},"image":{"@id":"https:\/\/fadeu.urantiacos.cl\/en\/2021\/07\/05\/obras-del-nuevo-edificio-de-facultad-avanzan-conforme-los-plazos-establecidos\/#primaryimage"},"thumbnailUrl":"https:\/\/fadeu.urantiacos.cl\/wp-content\/uploads\/2023\/09\/20210615_145920_WEB.jpg","datePublished":"2021-07-05T23:49:00+00:00","dateModified":"2023-09-07T23:52:40+00:00","author":{"@id":"https:\/\/fadeu.urantiacos.cl\/en\/#\/schema\/person\/d203e2e84b1c40275eac77b3061a19a2"},"description":"Desde la Facultad de Arquitectura, Dise\u00f1o y Estudios Urbanos se ha informado que las obras de construcci\u00f3n del nuevo Edificio de Facultad siguen su curso conforme los plazos establecidos inicialmente, a pesar de las condiciones impuestas por la pandemia.","breadcrumb":{"@id":"https:\/\/fadeu.urantiacos.cl\/en\/2021\/07\/05\/obras-del-nuevo-edificio-de-facultad-avanzan-conforme-los-plazos-establecidos\/#breadcrumb"},"inLanguage":"en-US","potentialAction":[{"@type":"ReadAction","target":["https:\/\/fadeu.urantiacos.cl\/en\/2021\/07\/05\/obras-del-nuevo-edificio-de-facultad-avanzan-conforme-los-plazos-establecidos\/"]}]},{"@type":"ImageObject","inLanguage":"en-US","@id":"https:\/\/fadeu.urantiacos.cl\/en\/2021\/07\/05\/obras-del-nuevo-edificio-de-facultad-avanzan-conforme-los-plazos-establecidos\/#primaryimage","url":"https:\/\/fadeu.urantiacos.cl\/wp-content\/uploads\/2023\/09\/20210615_145920_WEB.jpg","contentUrl":"https:\/\/fadeu.urantiacos.cl\/wp-content\/uploads\/2023\/09\/20210615_145920_WEB.jpg","width":350,"height":250},{"@type":"BreadcrumbList","@id":"https:\/\/fadeu.urantiacos.cl\/en\/2021\/07\/05\/obras-del-nuevo-edificio-de-facultad-avanzan-conforme-los-plazos-establecidos\/#breadcrumb","itemListElement":[{"@type":"ListItem","position":1,"name":"Portada","item":"https:\/\/fadeu.urantiacos.cl\/en\/"},{"@type":"ListItem","position":2,"name":"Obras del nuevo Edificio de Facultad avanzan conforme los plazos establecidos"}]},{"@type":"WebSite","@id":"https:\/\/fadeu.urantiacos.cl\/en\/#website","url":"https:\/\/fadeu.urantiacos.cl\/en\/","name":"Facultad de Arquitectura, Dise\u00f1o y Estudios Urbanos","description":"Campus Lo Contador","potentialAction":[{"@type":"SearchAction","target":{"@type":"EntryPoint","urlTemplate":"https:\/\/fadeu.urantiacos.cl\/en\/?s={search_term_string}"},"query-input":{"@type":"PropertyValueSpecification","valueRequired":true,"valueName":"search_term_string"}}],"inLanguage":"en-US"},{"@type":"Person","@id":"https:\/\/fadeu.urantiacos.cl\/en\/#\/schema\/person\/d203e2e84b1c40275eac77b3061a19a2","name":"manadmin","image":{"@type":"ImageObject","inLanguage":"en-US","@id":"https:\/\/fadeu.urantiacos.cl\/en\/#\/schema\/person\/image\/","url":"https:\/\/secure.gravatar.com\/avatar\/4b1d8e3303b4a9d8968ac578947d8bc80d9aea359f388cdd4aac15cadc0e8447?s=96&d=mm&r=g","contentUrl":"https:\/\/secure.gravatar.com\/avatar\/4b1d8e3303b4a9d8968ac578947d8bc80d9aea359f388cdd4aac15cadc0e8447?s=96&d=mm&r=g","caption":"manadmin"},"sameAs":["https:\/\/fadeu.urantiacos.cl"]}]}},"_links":{"self":[{"href":"https:\/\/fadeu.urantiacos.cl\/en\/wp-json\/wp\/v2\/posts\/6691","targetHints":{"allow":["GET"]}}],"collection":[{"href":"https:\/\/fadeu.urantiacos.cl\/en\/wp-json\/wp\/v2\/posts"}],"about":[{"href":"https:\/\/fadeu.urantiacos.cl\/en\/wp-json\/wp\/v2\/types\/post"}],"author":[{"embeddable":true,"href":"https:\/\/fadeu.urantiacos.cl\/en\/wp-json\/wp\/v2\/users\/1"}],"replies":[{"embeddable":true,"href":"https:\/\/fadeu.urantiacos.cl\/en\/wp-json\/wp\/v2\/comments?post=6691"}],"version-history":[{"count":1,"href":"https:\/\/fadeu.urantiacos.cl\/en\/wp-json\/wp\/v2\/posts\/6691\/revisions"}],"predecessor-version":[{"id":6695,"href":"https:\/\/fadeu.urantiacos.cl\/en\/wp-json\/wp\/v2\/posts\/6691\/revisions\/6695"}],"wp:featuredmedia":[{"embeddable":true,"href":"https:\/\/fadeu.urantiacos.cl\/en\/wp-json\/wp\/v2\/media\/6692"}],"wp:attachment":[{"href":"https:\/\/fadeu.urantiacos.cl\/en\/wp-json\/wp\/v2\/media?parent=6691"}],"wp:term":[{"taxonomy":"category","embeddable":true,"href":"https:\/\/fadeu.urantiacos.cl\/en\/wp-json\/wp\/v2\/categories?post=6691"},{"taxonomy":"post_tag","embeddable":true,"href":"https:\/\/fadeu.urantiacos.cl\/en\/wp-json\/wp\/v2\/tags?post=6691"}],"curies":[{"name":"wp","href":"https:\/\/api.w.org\/{rel}","templated":true}]}}