{"id":6682,"date":"2021-07-08T20:43:00","date_gmt":"2021-07-08T23:43:00","guid":{"rendered":"https:\/\/fadeu.urantiacos.cl\/?p=6682"},"modified":"2023-09-07T20:45:37","modified_gmt":"2023-09-07T23:45:37","slug":"capitulo-de-los-academicos-de-la-escuela-de-diseno-es-parte-de-libro-internacional","status":"publish","type":"post","link":"https:\/\/fadeu.urantiacos.cl\/en\/2021\/07\/08\/capitulo-de-los-academicos-de-la-escuela-de-diseno-es-parte-de-libro-internacional\/","title":{"rendered":"Cap\u00edtulo de los acad\u00e9micos de la Escuela de Dise\u00f1o es parte de libro internacional"},"content":{"rendered":"\n<figure class=\"wp-block-image size-full\"><img decoding=\"async\" width=\"350\" height=\"250\" src=\"https:\/\/fadeu.urantiacos.cl\/wp-content\/uploads\/2023\/09\/across_WEB.jpg\" alt=\"\" class=\"wp-image-6683\" srcset=\"https:\/\/fadeu.urantiacos.cl\/wp-content\/uploads\/2023\/09\/across_WEB.jpg 350w, https:\/\/fadeu.urantiacos.cl\/wp-content\/uploads\/2023\/09\/across_WEB-300x214.jpg 300w\" sizes=\"(max-width: 350px) 100vw, 350px\" \/><\/figure>\n\n\n\n<p>Esta publicaci\u00f3n internacional e interdisciplinaria presenta una reflexi\u00f3n coral sobre las diversas aplicaciones del prototipado como forma de investigaci\u00f3n desde el dise\u00f1o en variados contextos. Mediante el estudio de casos, los distintos autores argumentan s\u00f3lidamente c\u00f3mo el proceso de prototipado aporta transferibilidad te\u00f3rica y metodol\u00f3gica entre disciplinas que, normalmente, no suelen vincularse. En su conjunto, este libro es una importante contribuci\u00f3n al campo emergente del&nbsp;dise\u00f1o integrador.<\/p>\n\n\n\n<p>El cap\u00edtulo de Hermansen y Tironi, titulado \u201cCosmopolitical interventions: Prototyping inter-species encounters\u201d, fue elegido para abrir el libro, es decir la primera de sus tres partes. M\u00e1s informaci\u00f3n sobre este libro y sus autores est\u00e1 disponible en&nbsp;<a href=\"https:\/\/www.intellectbooks.com\/prototyping-across-the-disciplines\" target=\"_blank\" rel=\"noreferrer noopener\">https:\/\/www.intellectbooks.<wbr>com\/prototyping-across-the-<wbr>disciplines<\/a>.&#8221;<\/p>\n\n\n\n<p>INFORMACI\u00d3N PERIOD\u00cdSTICA<br>ESCUELA DE DISE\u00d1O UC<\/p>\n","protected":false},"excerpt":{"rendered":"<p>&#8220;Producto de sus investigaciones sobre las condiciones para la coexistencia interespecies y los entornos m\u00e1s-que-humanos, los acad\u00e9micos de Dise\u00f1o UC Pablo Hermansen y Mart\u00edn Tironi fueron invitados a ser parte del libro Prototyping across the Disciplines; Designing Better Futures, publicado recientemente por la editorial brit\u00e1nica Intellect. El libro fue editado por Jennifer Roberts-Smith (University of Waterloo), Stan Ruecker (Professor in Design, University of Illinois) y Milena Radzikowska (qLab Intersectional Feminist Design Research Lab).<\/p>\n","protected":false},"author":1,"featured_media":6683,"comment_status":"open","ping_status":"open","sticky":false,"template":"","format":"standard","meta":{"_acf_changed":false,"footnotes":""},"categories":[1],"tags":[],"class_list":["post-6682","post","type-post","status-publish","format-standard","has-post-thumbnail","hentry","category-sin-categorizar"],"acf":[],"yoast_head":"<!-- This site is optimized with the Yoast SEO plugin v27.1.1 - https:\/\/yoast.com\/product\/yoast-seo-wordpress\/ -->\n<title>Cap\u00edtulo de los acad\u00e9micos de la Escuela de Dise\u00f1o es parte de libro internacional - Facultad de Arquitectura, Dise\u00f1o y Estudios Urbanos<\/title>\n<meta name=\"description\" content=\"&quot;Producto de sus investigaciones sobre las condiciones para la coexistencia interespecies y los entornos m\u00e1s-que-humanos, los acad\u00e9micos de Dise\u00f1o UC Pablo Hermansen y Mart\u00edn Tironi fueron invitados a ser parte del libro Prototyping across the Disciplines; Designing Better Futures, publicado recientemente por la editorial brit\u00e1nica Intellect. El libro fue editado por Jennifer Roberts-Smith (University of Waterloo), Stan Ruecker (Professor in Design, University of Illinois) y Milena Radzikowska (qLab Intersectional Feminist Design Research Lab).\" \/>\n<meta name=\"robots\" content=\"index, follow, max-snippet:-1, max-image-preview:large, max-video-preview:-1\" \/>\n<link rel=\"canonical\" href=\"https:\/\/fadeu.urantiacos.cl\/en\/2021\/07\/08\/capitulo-de-los-academicos-de-la-escuela-de-diseno-es-parte-de-libro-internacional\/\" \/>\n<meta property=\"og:locale\" content=\"en_US\" \/>\n<meta property=\"og:type\" content=\"article\" \/>\n<meta property=\"og:title\" content=\"Cap\u00edtulo de los acad\u00e9micos de la Escuela de Dise\u00f1o es parte de libro internacional - Facultad de Arquitectura, Dise\u00f1o y Estudios Urbanos\" \/>\n<meta property=\"og:description\" content=\"&quot;Producto de sus investigaciones sobre las condiciones para la coexistencia interespecies y los entornos m\u00e1s-que-humanos, los acad\u00e9micos de Dise\u00f1o UC Pablo Hermansen y Mart\u00edn Tironi fueron invitados a ser parte del libro Prototyping across the Disciplines; Designing Better Futures, publicado recientemente por la editorial brit\u00e1nica Intellect. El libro fue editado por Jennifer Roberts-Smith (University of Waterloo), Stan Ruecker (Professor in Design, University of Illinois) y Milena Radzikowska (qLab Intersectional Feminist Design Research Lab).\" \/>\n<meta property=\"og:url\" content=\"https:\/\/fadeu.urantiacos.cl\/en\/2021\/07\/08\/capitulo-de-los-academicos-de-la-escuela-de-diseno-es-parte-de-libro-internacional\/\" \/>\n<meta property=\"og:site_name\" content=\"Facultad de Arquitectura, Dise\u00f1o y Estudios Urbanos\" \/>\n<meta property=\"article:published_time\" content=\"2021-07-08T23:43:00+00:00\" \/>\n<meta property=\"article:modified_time\" content=\"2023-09-07T23:45:37+00:00\" \/>\n<meta property=\"og:image\" content=\"https:\/\/fadeu.urantiacos.cl\/wp-content\/uploads\/2023\/09\/across_WEB.jpg\" \/>\n\t<meta property=\"og:image:width\" content=\"350\" \/>\n\t<meta property=\"og:image:height\" content=\"250\" \/>\n\t<meta property=\"og:image:type\" content=\"image\/jpeg\" \/>\n<meta name=\"author\" content=\"manadmin\" \/>\n<meta name=\"twitter:card\" content=\"summary_large_image\" \/>\n<meta name=\"twitter:label1\" content=\"Written by\" \/>\n\t<meta name=\"twitter:data1\" content=\"manadmin\" \/>\n\t<meta name=\"twitter:label2\" content=\"Est. reading time\" \/>\n\t<meta name=\"twitter:data2\" content=\"1 minute\" \/>\n<script type=\"application\/ld+json\" class=\"yoast-schema-graph\">{\"@context\":\"https:\/\/schema.org\",\"@graph\":[{\"@type\":\"Article\",\"@id\":\"https:\/\/fadeu.urantiacos.cl\/en\/2021\/07\/08\/capitulo-de-los-academicos-de-la-escuela-de-diseno-es-parte-de-libro-internacional\/#article\",\"isPartOf\":{\"@id\":\"https:\/\/fadeu.urantiacos.cl\/en\/2021\/07\/08\/capitulo-de-los-academicos-de-la-escuela-de-diseno-es-parte-de-libro-internacional\/\"},\"author\":{\"name\":\"manadmin\",\"@id\":\"https:\/\/fadeu.urantiacos.cl\/en\/#\/schema\/person\/d203e2e84b1c40275eac77b3061a19a2\"},\"headline\":\"Cap\u00edtulo de los acad\u00e9micos de la Escuela de Dise\u00f1o es parte de libro internacional\",\"datePublished\":\"2021-07-08T23:43:00+00:00\",\"dateModified\":\"2023-09-07T23:45:37+00:00\",\"mainEntityOfPage\":{\"@id\":\"https:\/\/fadeu.urantiacos.cl\/en\/2021\/07\/08\/capitulo-de-los-academicos-de-la-escuela-de-diseno-es-parte-de-libro-internacional\/\"},\"wordCount\":149,\"commentCount\":0,\"image\":{\"@id\":\"https:\/\/fadeu.urantiacos.cl\/en\/2021\/07\/08\/capitulo-de-los-academicos-de-la-escuela-de-diseno-es-parte-de-libro-internacional\/#primaryimage\"},\"thumbnailUrl\":\"https:\/\/fadeu.urantiacos.cl\/wp-content\/uploads\/2023\/09\/across_WEB.jpg\",\"articleSection\":[\"Sin categorizar\"],\"inLanguage\":\"en-US\",\"potentialAction\":[{\"@type\":\"CommentAction\",\"name\":\"Comment\",\"target\":[\"https:\/\/fadeu.urantiacos.cl\/en\/2021\/07\/08\/capitulo-de-los-academicos-de-la-escuela-de-diseno-es-parte-de-libro-internacional\/#respond\"]}]},{\"@type\":\"WebPage\",\"@id\":\"https:\/\/fadeu.urantiacos.cl\/en\/2021\/07\/08\/capitulo-de-los-academicos-de-la-escuela-de-diseno-es-parte-de-libro-internacional\/\",\"url\":\"https:\/\/fadeu.urantiacos.cl\/en\/2021\/07\/08\/capitulo-de-los-academicos-de-la-escuela-de-diseno-es-parte-de-libro-internacional\/\",\"name\":\"Cap\u00edtulo de los acad\u00e9micos de la Escuela de Dise\u00f1o es parte de libro internacional - Facultad de Arquitectura, Dise\u00f1o y Estudios Urbanos\",\"isPartOf\":{\"@id\":\"https:\/\/fadeu.urantiacos.cl\/en\/#website\"},\"primaryImageOfPage\":{\"@id\":\"https:\/\/fadeu.urantiacos.cl\/en\/2021\/07\/08\/capitulo-de-los-academicos-de-la-escuela-de-diseno-es-parte-de-libro-internacional\/#primaryimage\"},\"image\":{\"@id\":\"https:\/\/fadeu.urantiacos.cl\/en\/2021\/07\/08\/capitulo-de-los-academicos-de-la-escuela-de-diseno-es-parte-de-libro-internacional\/#primaryimage\"},\"thumbnailUrl\":\"https:\/\/fadeu.urantiacos.cl\/wp-content\/uploads\/2023\/09\/across_WEB.jpg\",\"datePublished\":\"2021-07-08T23:43:00+00:00\",\"dateModified\":\"2023-09-07T23:45:37+00:00\",\"author\":{\"@id\":\"https:\/\/fadeu.urantiacos.cl\/en\/#\/schema\/person\/d203e2e84b1c40275eac77b3061a19a2\"},\"description\":\"\\\"Producto de sus investigaciones sobre las condiciones para la coexistencia interespecies y los entornos m\u00e1s-que-humanos, los acad\u00e9micos de Dise\u00f1o UC Pablo Hermansen y Mart\u00edn Tironi fueron invitados a ser parte del libro Prototyping across the Disciplines; Designing Better Futures, publicado recientemente por la editorial brit\u00e1nica Intellect. El libro fue editado por Jennifer Roberts-Smith (University of Waterloo), Stan Ruecker (Professor in Design, University of Illinois) y Milena Radzikowska (qLab Intersectional Feminist Design Research Lab).\",\"breadcrumb\":{\"@id\":\"https:\/\/fadeu.urantiacos.cl\/en\/2021\/07\/08\/capitulo-de-los-academicos-de-la-escuela-de-diseno-es-parte-de-libro-internacional\/#breadcrumb\"},\"inLanguage\":\"en-US\",\"potentialAction\":[{\"@type\":\"ReadAction\",\"target\":[\"https:\/\/fadeu.urantiacos.cl\/en\/2021\/07\/08\/capitulo-de-los-academicos-de-la-escuela-de-diseno-es-parte-de-libro-internacional\/\"]}]},{\"@type\":\"ImageObject\",\"inLanguage\":\"en-US\",\"@id\":\"https:\/\/fadeu.urantiacos.cl\/en\/2021\/07\/08\/capitulo-de-los-academicos-de-la-escuela-de-diseno-es-parte-de-libro-internacional\/#primaryimage\",\"url\":\"https:\/\/fadeu.urantiacos.cl\/wp-content\/uploads\/2023\/09\/across_WEB.jpg\",\"contentUrl\":\"https:\/\/fadeu.urantiacos.cl\/wp-content\/uploads\/2023\/09\/across_WEB.jpg\",\"width\":350,\"height\":250},{\"@type\":\"BreadcrumbList\",\"@id\":\"https:\/\/fadeu.urantiacos.cl\/en\/2021\/07\/08\/capitulo-de-los-academicos-de-la-escuela-de-diseno-es-parte-de-libro-internacional\/#breadcrumb\",\"itemListElement\":[{\"@type\":\"ListItem\",\"position\":1,\"name\":\"Portada\",\"item\":\"https:\/\/fadeu.urantiacos.cl\/en\/\"},{\"@type\":\"ListItem\",\"position\":2,\"name\":\"Cap\u00edtulo de los acad\u00e9micos de la Escuela de Dise\u00f1o es parte de libro internacional\"}]},{\"@type\":\"WebSite\",\"@id\":\"https:\/\/fadeu.urantiacos.cl\/en\/#website\",\"url\":\"https:\/\/fadeu.urantiacos.cl\/en\/\",\"name\":\"Facultad de Arquitectura, Dise\u00f1o y Estudios Urbanos\",\"description\":\"Campus Lo Contador\",\"potentialAction\":[{\"@type\":\"SearchAction\",\"target\":{\"@type\":\"EntryPoint\",\"urlTemplate\":\"https:\/\/fadeu.urantiacos.cl\/en\/?s={search_term_string}\"},\"query-input\":{\"@type\":\"PropertyValueSpecification\",\"valueRequired\":true,\"valueName\":\"search_term_string\"}}],\"inLanguage\":\"en-US\"},{\"@type\":\"Person\",\"@id\":\"https:\/\/fadeu.urantiacos.cl\/en\/#\/schema\/person\/d203e2e84b1c40275eac77b3061a19a2\",\"name\":\"manadmin\",\"image\":{\"@type\":\"ImageObject\",\"inLanguage\":\"en-US\",\"@id\":\"https:\/\/fadeu.urantiacos.cl\/en\/#\/schema\/person\/image\/\",\"url\":\"https:\/\/secure.gravatar.com\/avatar\/4b1d8e3303b4a9d8968ac578947d8bc80d9aea359f388cdd4aac15cadc0e8447?s=96&d=mm&r=g\",\"contentUrl\":\"https:\/\/secure.gravatar.com\/avatar\/4b1d8e3303b4a9d8968ac578947d8bc80d9aea359f388cdd4aac15cadc0e8447?s=96&d=mm&r=g\",\"caption\":\"manadmin\"},\"sameAs\":[\"https:\/\/fadeu.urantiacos.cl\"]}]}<\/script>\n<!-- \/ Yoast SEO plugin. -->","yoast_head_json":{"title":"Cap\u00edtulo de los acad\u00e9micos de la Escuela de Dise\u00f1o es parte de libro internacional - Facultad de Arquitectura, Dise\u00f1o y Estudios Urbanos","description":"\"Producto de sus investigaciones sobre las condiciones para la coexistencia interespecies y los entornos m\u00e1s-que-humanos, los acad\u00e9micos de Dise\u00f1o UC Pablo Hermansen y Mart\u00edn Tironi fueron invitados a ser parte del libro Prototyping across the Disciplines; Designing Better Futures, publicado recientemente por la editorial brit\u00e1nica Intellect. El libro fue editado por Jennifer Roberts-Smith (University of Waterloo), Stan Ruecker (Professor in Design, University of Illinois) y Milena Radzikowska (qLab Intersectional Feminist Design Research Lab).","robots":{"index":"index","follow":"follow","max-snippet":"max-snippet:-1","max-image-preview":"max-image-preview:large","max-video-preview":"max-video-preview:-1"},"canonical":"https:\/\/fadeu.urantiacos.cl\/en\/2021\/07\/08\/capitulo-de-los-academicos-de-la-escuela-de-diseno-es-parte-de-libro-internacional\/","og_locale":"en_US","og_type":"article","og_title":"Cap\u00edtulo de los acad\u00e9micos de la Escuela de Dise\u00f1o es parte de libro internacional - Facultad de Arquitectura, Dise\u00f1o y Estudios Urbanos","og_description":"\"Producto de sus investigaciones sobre las condiciones para la coexistencia interespecies y los entornos m\u00e1s-que-humanos, los acad\u00e9micos de Dise\u00f1o UC Pablo Hermansen y Mart\u00edn Tironi fueron invitados a ser parte del libro Prototyping across the Disciplines; Designing Better Futures, publicado recientemente por la editorial brit\u00e1nica Intellect. El libro fue editado por Jennifer Roberts-Smith (University of Waterloo), Stan Ruecker (Professor in Design, University of Illinois) y Milena Radzikowska (qLab Intersectional Feminist Design Research Lab).","og_url":"https:\/\/fadeu.urantiacos.cl\/en\/2021\/07\/08\/capitulo-de-los-academicos-de-la-escuela-de-diseno-es-parte-de-libro-internacional\/","og_site_name":"Facultad de Arquitectura, Dise\u00f1o y Estudios Urbanos","article_published_time":"2021-07-08T23:43:00+00:00","article_modified_time":"2023-09-07T23:45:37+00:00","og_image":[{"width":350,"height":250,"url":"https:\/\/fadeu.urantiacos.cl\/wp-content\/uploads\/2023\/09\/across_WEB.jpg","type":"image\/jpeg"}],"author":"manadmin","twitter_card":"summary_large_image","twitter_misc":{"Written by":"manadmin","Est. reading time":"1 minute"},"schema":{"@context":"https:\/\/schema.org","@graph":[{"@type":"Article","@id":"https:\/\/fadeu.urantiacos.cl\/en\/2021\/07\/08\/capitulo-de-los-academicos-de-la-escuela-de-diseno-es-parte-de-libro-internacional\/#article","isPartOf":{"@id":"https:\/\/fadeu.urantiacos.cl\/en\/2021\/07\/08\/capitulo-de-los-academicos-de-la-escuela-de-diseno-es-parte-de-libro-internacional\/"},"author":{"name":"manadmin","@id":"https:\/\/fadeu.urantiacos.cl\/en\/#\/schema\/person\/d203e2e84b1c40275eac77b3061a19a2"},"headline":"Cap\u00edtulo de los acad\u00e9micos de la Escuela de Dise\u00f1o es parte de libro internacional","datePublished":"2021-07-08T23:43:00+00:00","dateModified":"2023-09-07T23:45:37+00:00","mainEntityOfPage":{"@id":"https:\/\/fadeu.urantiacos.cl\/en\/2021\/07\/08\/capitulo-de-los-academicos-de-la-escuela-de-diseno-es-parte-de-libro-internacional\/"},"wordCount":149,"commentCount":0,"image":{"@id":"https:\/\/fadeu.urantiacos.cl\/en\/2021\/07\/08\/capitulo-de-los-academicos-de-la-escuela-de-diseno-es-parte-de-libro-internacional\/#primaryimage"},"thumbnailUrl":"https:\/\/fadeu.urantiacos.cl\/wp-content\/uploads\/2023\/09\/across_WEB.jpg","articleSection":["Sin categorizar"],"inLanguage":"en-US","potentialAction":[{"@type":"CommentAction","name":"Comment","target":["https:\/\/fadeu.urantiacos.cl\/en\/2021\/07\/08\/capitulo-de-los-academicos-de-la-escuela-de-diseno-es-parte-de-libro-internacional\/#respond"]}]},{"@type":"WebPage","@id":"https:\/\/fadeu.urantiacos.cl\/en\/2021\/07\/08\/capitulo-de-los-academicos-de-la-escuela-de-diseno-es-parte-de-libro-internacional\/","url":"https:\/\/fadeu.urantiacos.cl\/en\/2021\/07\/08\/capitulo-de-los-academicos-de-la-escuela-de-diseno-es-parte-de-libro-internacional\/","name":"Cap\u00edtulo de los acad\u00e9micos de la Escuela de Dise\u00f1o es parte de libro internacional - Facultad de Arquitectura, Dise\u00f1o y Estudios Urbanos","isPartOf":{"@id":"https:\/\/fadeu.urantiacos.cl\/en\/#website"},"primaryImageOfPage":{"@id":"https:\/\/fadeu.urantiacos.cl\/en\/2021\/07\/08\/capitulo-de-los-academicos-de-la-escuela-de-diseno-es-parte-de-libro-internacional\/#primaryimage"},"image":{"@id":"https:\/\/fadeu.urantiacos.cl\/en\/2021\/07\/08\/capitulo-de-los-academicos-de-la-escuela-de-diseno-es-parte-de-libro-internacional\/#primaryimage"},"thumbnailUrl":"https:\/\/fadeu.urantiacos.cl\/wp-content\/uploads\/2023\/09\/across_WEB.jpg","datePublished":"2021-07-08T23:43:00+00:00","dateModified":"2023-09-07T23:45:37+00:00","author":{"@id":"https:\/\/fadeu.urantiacos.cl\/en\/#\/schema\/person\/d203e2e84b1c40275eac77b3061a19a2"},"description":"\"Producto de sus investigaciones sobre las condiciones para la coexistencia interespecies y los entornos m\u00e1s-que-humanos, los acad\u00e9micos de Dise\u00f1o UC Pablo Hermansen y Mart\u00edn Tironi fueron invitados a ser parte del libro Prototyping across the Disciplines; Designing Better Futures, publicado recientemente por la editorial brit\u00e1nica Intellect. El libro fue editado por Jennifer Roberts-Smith (University of Waterloo), Stan Ruecker (Professor in Design, University of Illinois) y Milena Radzikowska (qLab Intersectional Feminist Design Research Lab).","breadcrumb":{"@id":"https:\/\/fadeu.urantiacos.cl\/en\/2021\/07\/08\/capitulo-de-los-academicos-de-la-escuela-de-diseno-es-parte-de-libro-internacional\/#breadcrumb"},"inLanguage":"en-US","potentialAction":[{"@type":"ReadAction","target":["https:\/\/fadeu.urantiacos.cl\/en\/2021\/07\/08\/capitulo-de-los-academicos-de-la-escuela-de-diseno-es-parte-de-libro-internacional\/"]}]},{"@type":"ImageObject","inLanguage":"en-US","@id":"https:\/\/fadeu.urantiacos.cl\/en\/2021\/07\/08\/capitulo-de-los-academicos-de-la-escuela-de-diseno-es-parte-de-libro-internacional\/#primaryimage","url":"https:\/\/fadeu.urantiacos.cl\/wp-content\/uploads\/2023\/09\/across_WEB.jpg","contentUrl":"https:\/\/fadeu.urantiacos.cl\/wp-content\/uploads\/2023\/09\/across_WEB.jpg","width":350,"height":250},{"@type":"BreadcrumbList","@id":"https:\/\/fadeu.urantiacos.cl\/en\/2021\/07\/08\/capitulo-de-los-academicos-de-la-escuela-de-diseno-es-parte-de-libro-internacional\/#breadcrumb","itemListElement":[{"@type":"ListItem","position":1,"name":"Portada","item":"https:\/\/fadeu.urantiacos.cl\/en\/"},{"@type":"ListItem","position":2,"name":"Cap\u00edtulo de los acad\u00e9micos de la Escuela de Dise\u00f1o es parte de libro internacional"}]},{"@type":"WebSite","@id":"https:\/\/fadeu.urantiacos.cl\/en\/#website","url":"https:\/\/fadeu.urantiacos.cl\/en\/","name":"Facultad de Arquitectura, Dise\u00f1o y Estudios Urbanos","description":"Campus Lo Contador","potentialAction":[{"@type":"SearchAction","target":{"@type":"EntryPoint","urlTemplate":"https:\/\/fadeu.urantiacos.cl\/en\/?s={search_term_string}"},"query-input":{"@type":"PropertyValueSpecification","valueRequired":true,"valueName":"search_term_string"}}],"inLanguage":"en-US"},{"@type":"Person","@id":"https:\/\/fadeu.urantiacos.cl\/en\/#\/schema\/person\/d203e2e84b1c40275eac77b3061a19a2","name":"manadmin","image":{"@type":"ImageObject","inLanguage":"en-US","@id":"https:\/\/fadeu.urantiacos.cl\/en\/#\/schema\/person\/image\/","url":"https:\/\/secure.gravatar.com\/avatar\/4b1d8e3303b4a9d8968ac578947d8bc80d9aea359f388cdd4aac15cadc0e8447?s=96&d=mm&r=g","contentUrl":"https:\/\/secure.gravatar.com\/avatar\/4b1d8e3303b4a9d8968ac578947d8bc80d9aea359f388cdd4aac15cadc0e8447?s=96&d=mm&r=g","caption":"manadmin"},"sameAs":["https:\/\/fadeu.urantiacos.cl"]}]}},"_links":{"self":[{"href":"https:\/\/fadeu.urantiacos.cl\/en\/wp-json\/wp\/v2\/posts\/6682","targetHints":{"allow":["GET"]}}],"collection":[{"href":"https:\/\/fadeu.urantiacos.cl\/en\/wp-json\/wp\/v2\/posts"}],"about":[{"href":"https:\/\/fadeu.urantiacos.cl\/en\/wp-json\/wp\/v2\/types\/post"}],"author":[{"embeddable":true,"href":"https:\/\/fadeu.urantiacos.cl\/en\/wp-json\/wp\/v2\/users\/1"}],"replies":[{"embeddable":true,"href":"https:\/\/fadeu.urantiacos.cl\/en\/wp-json\/wp\/v2\/comments?post=6682"}],"version-history":[{"count":1,"href":"https:\/\/fadeu.urantiacos.cl\/en\/wp-json\/wp\/v2\/posts\/6682\/revisions"}],"predecessor-version":[{"id":6684,"href":"https:\/\/fadeu.urantiacos.cl\/en\/wp-json\/wp\/v2\/posts\/6682\/revisions\/6684"}],"wp:featuredmedia":[{"embeddable":true,"href":"https:\/\/fadeu.urantiacos.cl\/en\/wp-json\/wp\/v2\/media\/6683"}],"wp:attachment":[{"href":"https:\/\/fadeu.urantiacos.cl\/en\/wp-json\/wp\/v2\/media?parent=6682"}],"wp:term":[{"taxonomy":"category","embeddable":true,"href":"https:\/\/fadeu.urantiacos.cl\/en\/wp-json\/wp\/v2\/categories?post=6682"},{"taxonomy":"post_tag","embeddable":true,"href":"https:\/\/fadeu.urantiacos.cl\/en\/wp-json\/wp\/v2\/tags?post=6682"}],"curies":[{"name":"wp","href":"https:\/\/api.w.org\/{rel}","templated":true}]}}