{"id":6679,"date":"2021-07-11T20:38:00","date_gmt":"2021-07-11T23:38:00","guid":{"rendered":"https:\/\/fadeu.urantiacos.cl\/?p=6679"},"modified":"2023-09-07T20:43:47","modified_gmt":"2023-09-07T23:43:47","slug":"alejandra-celedon-participo-en-evento-de-la-usach-que-conmemora-los-50-anos-de-la-democratizacion-educacional","status":"publish","type":"post","link":"https:\/\/fadeu.urantiacos.cl\/en\/2021\/07\/11\/alejandra-celedon-participo-en-evento-de-la-usach-que-conmemora-los-50-anos-de-la-democratizacion-educacional\/","title":{"rendered":"Alejandra Celed\u00f3n particip\u00f3 en evento de la USACH que conmemora los 50 a\u00f1os de la \u201cDemocratizaci\u00f3n educacional\u201d"},"content":{"rendered":"\n<figure class=\"wp-block-image size-full\"><img decoding=\"async\" width=\"350\" height=\"250\" src=\"https:\/\/fadeu.urantiacos.cl\/wp-content\/uploads\/2023\/09\/alejandra_celedon350x250.jpeg\" alt=\"\" class=\"wp-image-6680\" srcset=\"https:\/\/fadeu.urantiacos.cl\/wp-content\/uploads\/2023\/09\/alejandra_celedon350x250.jpeg 350w, https:\/\/fadeu.urantiacos.cl\/wp-content\/uploads\/2023\/09\/alejandra_celedon350x250-300x214.jpeg 300w\" sizes=\"(max-width: 350px) 100vw, 350px\" \/><\/figure>\n\n\n\n<p>Las arquitectas presentaron \u201cBus-Aula: De la unidad m\u00ednima &#8211; material y ret\u00f3rica, a un proyecto territorial y pol\u00edtico\u201d, en una mesa moderada por el profesor de la Academia de Humanismo Cristiano, Fabi\u00e1n Cabaluz, titulada \u201cLa educaci\u00f3n desbordando las aulas\u201d. En la ponencia, Celed\u00f3n y G\u00f3mez expusieron una investigaci\u00f3n en el marco de la tesis de mag\u00edster de esta \u00faltima \u2014presentada en 2019\u2014, que se bas\u00f3 en la experiencia en la que cientos de buses en desuso fueron utilizados como salas de clases en un experimento educativo-social sin precedentes.<\/p>\n\n\n\n<p>Otras presentaciones de este panel fueron la de Ingrid Espinoza (UTEM) junto a Nelson Alvarado (UAndes), titulada \u201cDimensiones de las bibliotecas y bibliotecarios presentes en el proyecto educativo y cultural de la Unidad Popular\u201d; y la de Felipe Hidalgo Kawada (UCSH) junto a Diego Palacios D\u00edaz (Universidad Tecnol\u00f3gica Indoam\u00e9rica de Ecuador), con el t\u00edtulo \u201cReflexiones en torno a la educaci\u00f3n integral y salud en el proyecto educativo de la Unidad Popular (1969-1973)\u201d.<\/p>\n\n\n\n<p>El resultado de las jornadas ser\u00e1 parte de un libro que compilar\u00e1 el resultado de las investigaciones y que ser\u00e1 publicado con&nbsp;<a href=\"http:\/\/www.editorialsole.cl\/\" target=\"_blank\" rel=\"noreferrer noopener\">Editorial Sole<\/a>.<\/p>\n\n\n\n<figure class=\"wp-block-video\"><video controls src=\"blob:https:\/\/www.facebook.com\/f283ca98-a037-4a83-b1d2-fe9d5f434980\"><\/video><\/figure>\n\n\n\n<p>Noticias<br>Contacto:&nbsp;<a href=\"mailto:redesarq@uc.cl\">redesarq@uc.cl<\/a>&nbsp;| +56 2 2354 7747<br>www.arquitectura.uc.cl<\/p>\n","protected":false},"excerpt":{"rendered":"<p>La profesora ARQ UC y jefa del Mag\u00edster en Arquitectura UC (MARQ) fue invitada \u2014junto a la exalumna del MARQ Francisca G\u00f3mez\u2014 a las jornadas &#8220;Procesos y conflictos educativos durante la Unidad Popular. 1970-1973&#8221;, evento organizado por el Departamento de Historia de la Universidad de Santiago de Chile (USACH), en conmemoraci\u00f3n de los cincuenta a\u00f1os de la \u201cDemocratizaci\u00f3n educacional\u201d y del Congreso Nacional de Educaci\u00f3n.<\/p>\n","protected":false},"author":1,"featured_media":6680,"comment_status":"open","ping_status":"open","sticky":false,"template":"","format":"standard","meta":{"_acf_changed":false,"footnotes":""},"categories":[1],"tags":[],"class_list":["post-6679","post","type-post","status-publish","format-standard","has-post-thumbnail","hentry","category-sin-categorizar"],"acf":[],"yoast_head":"<!-- This site is optimized with the Yoast SEO plugin v27.1.1 - https:\/\/yoast.com\/product\/yoast-seo-wordpress\/ -->\n<title>Alejandra Celed\u00f3n particip\u00f3 en evento de la USACH que conmemora los 50 a\u00f1os de la \u201cDemocratizaci\u00f3n educacional\u201d - Facultad de Arquitectura, Dise\u00f1o y Estudios Urbanos<\/title>\n<meta name=\"description\" content=\"La profesora ARQ UC y jefa del Mag\u00edster en Arquitectura UC (MARQ) fue invitada \u2014junto a la exalumna del MARQ Francisca G\u00f3mez\u2014 a las jornadas &quot;Procesos y conflictos educativos durante la Unidad Popular. 1970-1973&quot;, evento organizado por el Departamento de Historia de la Universidad de Santiago de Chile (USACH), en conmemoraci\u00f3n de los cincuenta a\u00f1os de la \u201cDemocratizaci\u00f3n educacional\u201d y del Congreso Nacional de Educaci\u00f3n.\" \/>\n<meta name=\"robots\" content=\"index, follow, max-snippet:-1, max-image-preview:large, max-video-preview:-1\" \/>\n<link rel=\"canonical\" href=\"https:\/\/fadeu.urantiacos.cl\/en\/2021\/07\/11\/alejandra-celedon-participo-en-evento-de-la-usach-que-conmemora-los-50-anos-de-la-democratizacion-educacional\/\" \/>\n<meta property=\"og:locale\" content=\"en_US\" \/>\n<meta property=\"og:type\" content=\"article\" \/>\n<meta property=\"og:title\" content=\"Alejandra Celed\u00f3n particip\u00f3 en evento de la USACH que conmemora los 50 a\u00f1os de la \u201cDemocratizaci\u00f3n educacional\u201d - Facultad de Arquitectura, Dise\u00f1o y Estudios Urbanos\" \/>\n<meta property=\"og:description\" content=\"La profesora ARQ UC y jefa del Mag\u00edster en Arquitectura UC (MARQ) fue invitada \u2014junto a la exalumna del MARQ Francisca G\u00f3mez\u2014 a las jornadas &quot;Procesos y conflictos educativos durante la Unidad Popular. 1970-1973&quot;, evento organizado por el Departamento de Historia de la Universidad de Santiago de Chile (USACH), en conmemoraci\u00f3n de los cincuenta a\u00f1os de la \u201cDemocratizaci\u00f3n educacional\u201d y del Congreso Nacional de Educaci\u00f3n.\" \/>\n<meta property=\"og:url\" content=\"https:\/\/fadeu.urantiacos.cl\/en\/2021\/07\/11\/alejandra-celedon-participo-en-evento-de-la-usach-que-conmemora-los-50-anos-de-la-democratizacion-educacional\/\" \/>\n<meta property=\"og:site_name\" content=\"Facultad de Arquitectura, Dise\u00f1o y Estudios Urbanos\" \/>\n<meta property=\"article:published_time\" content=\"2021-07-11T23:38:00+00:00\" \/>\n<meta property=\"article:modified_time\" content=\"2023-09-07T23:43:47+00:00\" \/>\n<meta property=\"og:image\" content=\"https:\/\/fadeu.urantiacos.cl\/wp-content\/uploads\/2023\/09\/alejandra_celedon350x250.jpeg\" \/>\n\t<meta property=\"og:image:width\" content=\"350\" \/>\n\t<meta property=\"og:image:height\" content=\"250\" \/>\n\t<meta property=\"og:image:type\" content=\"image\/jpeg\" \/>\n<meta name=\"author\" content=\"manadmin\" \/>\n<meta name=\"twitter:card\" content=\"summary_large_image\" \/>\n<meta name=\"twitter:label1\" content=\"Written by\" \/>\n\t<meta name=\"twitter:data1\" content=\"manadmin\" \/>\n\t<meta name=\"twitter:label2\" content=\"Est. reading time\" \/>\n\t<meta name=\"twitter:data2\" content=\"1 minute\" \/>\n<script type=\"application\/ld+json\" class=\"yoast-schema-graph\">{\"@context\":\"https:\/\/schema.org\",\"@graph\":[{\"@type\":\"Article\",\"@id\":\"https:\/\/fadeu.urantiacos.cl\/en\/2021\/07\/11\/alejandra-celedon-participo-en-evento-de-la-usach-que-conmemora-los-50-anos-de-la-democratizacion-educacional\/#article\",\"isPartOf\":{\"@id\":\"https:\/\/fadeu.urantiacos.cl\/en\/2021\/07\/11\/alejandra-celedon-participo-en-evento-de-la-usach-que-conmemora-los-50-anos-de-la-democratizacion-educacional\/\"},\"author\":{\"name\":\"manadmin\",\"@id\":\"https:\/\/fadeu.urantiacos.cl\/en\/#\/schema\/person\/d203e2e84b1c40275eac77b3061a19a2\"},\"headline\":\"Alejandra Celed\u00f3n particip\u00f3 en evento de la USACH que conmemora los 50 a\u00f1os de la \u201cDemocratizaci\u00f3n educacional\u201d\",\"datePublished\":\"2021-07-11T23:38:00+00:00\",\"dateModified\":\"2023-09-07T23:43:47+00:00\",\"mainEntityOfPage\":{\"@id\":\"https:\/\/fadeu.urantiacos.cl\/en\/2021\/07\/11\/alejandra-celedon-participo-en-evento-de-la-usach-que-conmemora-los-50-anos-de-la-democratizacion-educacional\/\"},\"wordCount\":227,\"commentCount\":0,\"image\":{\"@id\":\"https:\/\/fadeu.urantiacos.cl\/en\/2021\/07\/11\/alejandra-celedon-participo-en-evento-de-la-usach-que-conmemora-los-50-anos-de-la-democratizacion-educacional\/#primaryimage\"},\"thumbnailUrl\":\"https:\/\/fadeu.urantiacos.cl\/wp-content\/uploads\/2023\/09\/alejandra_celedon350x250.jpeg\",\"articleSection\":[\"Sin categorizar\"],\"inLanguage\":\"en-US\",\"potentialAction\":[{\"@type\":\"CommentAction\",\"name\":\"Comment\",\"target\":[\"https:\/\/fadeu.urantiacos.cl\/en\/2021\/07\/11\/alejandra-celedon-participo-en-evento-de-la-usach-que-conmemora-los-50-anos-de-la-democratizacion-educacional\/#respond\"]}]},{\"@type\":\"WebPage\",\"@id\":\"https:\/\/fadeu.urantiacos.cl\/en\/2021\/07\/11\/alejandra-celedon-participo-en-evento-de-la-usach-que-conmemora-los-50-anos-de-la-democratizacion-educacional\/\",\"url\":\"https:\/\/fadeu.urantiacos.cl\/en\/2021\/07\/11\/alejandra-celedon-participo-en-evento-de-la-usach-que-conmemora-los-50-anos-de-la-democratizacion-educacional\/\",\"name\":\"Alejandra Celed\u00f3n particip\u00f3 en evento de la USACH que conmemora los 50 a\u00f1os de la \u201cDemocratizaci\u00f3n educacional\u201d - Facultad de Arquitectura, Dise\u00f1o y Estudios Urbanos\",\"isPartOf\":{\"@id\":\"https:\/\/fadeu.urantiacos.cl\/en\/#website\"},\"primaryImageOfPage\":{\"@id\":\"https:\/\/fadeu.urantiacos.cl\/en\/2021\/07\/11\/alejandra-celedon-participo-en-evento-de-la-usach-que-conmemora-los-50-anos-de-la-democratizacion-educacional\/#primaryimage\"},\"image\":{\"@id\":\"https:\/\/fadeu.urantiacos.cl\/en\/2021\/07\/11\/alejandra-celedon-participo-en-evento-de-la-usach-que-conmemora-los-50-anos-de-la-democratizacion-educacional\/#primaryimage\"},\"thumbnailUrl\":\"https:\/\/fadeu.urantiacos.cl\/wp-content\/uploads\/2023\/09\/alejandra_celedon350x250.jpeg\",\"datePublished\":\"2021-07-11T23:38:00+00:00\",\"dateModified\":\"2023-09-07T23:43:47+00:00\",\"author\":{\"@id\":\"https:\/\/fadeu.urantiacos.cl\/en\/#\/schema\/person\/d203e2e84b1c40275eac77b3061a19a2\"},\"description\":\"La profesora ARQ UC y jefa del Mag\u00edster en Arquitectura UC (MARQ) fue invitada \u2014junto a la exalumna del MARQ Francisca G\u00f3mez\u2014 a las jornadas \\\"Procesos y conflictos educativos durante la Unidad Popular. 1970-1973\\\", evento organizado por el Departamento de Historia de la Universidad de Santiago de Chile (USACH), en conmemoraci\u00f3n de los cincuenta a\u00f1os de la \u201cDemocratizaci\u00f3n educacional\u201d y del Congreso Nacional de Educaci\u00f3n.\",\"breadcrumb\":{\"@id\":\"https:\/\/fadeu.urantiacos.cl\/en\/2021\/07\/11\/alejandra-celedon-participo-en-evento-de-la-usach-que-conmemora-los-50-anos-de-la-democratizacion-educacional\/#breadcrumb\"},\"inLanguage\":\"en-US\",\"potentialAction\":[{\"@type\":\"ReadAction\",\"target\":[\"https:\/\/fadeu.urantiacos.cl\/en\/2021\/07\/11\/alejandra-celedon-participo-en-evento-de-la-usach-que-conmemora-los-50-anos-de-la-democratizacion-educacional\/\"]}]},{\"@type\":\"ImageObject\",\"inLanguage\":\"en-US\",\"@id\":\"https:\/\/fadeu.urantiacos.cl\/en\/2021\/07\/11\/alejandra-celedon-participo-en-evento-de-la-usach-que-conmemora-los-50-anos-de-la-democratizacion-educacional\/#primaryimage\",\"url\":\"https:\/\/fadeu.urantiacos.cl\/wp-content\/uploads\/2023\/09\/alejandra_celedon350x250.jpeg\",\"contentUrl\":\"https:\/\/fadeu.urantiacos.cl\/wp-content\/uploads\/2023\/09\/alejandra_celedon350x250.jpeg\",\"width\":350,\"height\":250},{\"@type\":\"BreadcrumbList\",\"@id\":\"https:\/\/fadeu.urantiacos.cl\/en\/2021\/07\/11\/alejandra-celedon-participo-en-evento-de-la-usach-que-conmemora-los-50-anos-de-la-democratizacion-educacional\/#breadcrumb\",\"itemListElement\":[{\"@type\":\"ListItem\",\"position\":1,\"name\":\"Portada\",\"item\":\"https:\/\/fadeu.urantiacos.cl\/en\/\"},{\"@type\":\"ListItem\",\"position\":2,\"name\":\"Alejandra Celed\u00f3n particip\u00f3 en evento de la USACH que conmemora los 50 a\u00f1os de la \u201cDemocratizaci\u00f3n educacional\u201d\"}]},{\"@type\":\"WebSite\",\"@id\":\"https:\/\/fadeu.urantiacos.cl\/en\/#website\",\"url\":\"https:\/\/fadeu.urantiacos.cl\/en\/\",\"name\":\"Facultad de Arquitectura, Dise\u00f1o y Estudios Urbanos\",\"description\":\"Campus Lo Contador\",\"potentialAction\":[{\"@type\":\"SearchAction\",\"target\":{\"@type\":\"EntryPoint\",\"urlTemplate\":\"https:\/\/fadeu.urantiacos.cl\/en\/?s={search_term_string}\"},\"query-input\":{\"@type\":\"PropertyValueSpecification\",\"valueRequired\":true,\"valueName\":\"search_term_string\"}}],\"inLanguage\":\"en-US\"},{\"@type\":\"Person\",\"@id\":\"https:\/\/fadeu.urantiacos.cl\/en\/#\/schema\/person\/d203e2e84b1c40275eac77b3061a19a2\",\"name\":\"manadmin\",\"image\":{\"@type\":\"ImageObject\",\"inLanguage\":\"en-US\",\"@id\":\"https:\/\/fadeu.urantiacos.cl\/en\/#\/schema\/person\/image\/\",\"url\":\"https:\/\/secure.gravatar.com\/avatar\/4b1d8e3303b4a9d8968ac578947d8bc80d9aea359f388cdd4aac15cadc0e8447?s=96&d=mm&r=g\",\"contentUrl\":\"https:\/\/secure.gravatar.com\/avatar\/4b1d8e3303b4a9d8968ac578947d8bc80d9aea359f388cdd4aac15cadc0e8447?s=96&d=mm&r=g\",\"caption\":\"manadmin\"},\"sameAs\":[\"https:\/\/fadeu.urantiacos.cl\"]}]}<\/script>\n<!-- \/ Yoast SEO plugin. -->","yoast_head_json":{"title":"Alejandra Celed\u00f3n particip\u00f3 en evento de la USACH que conmemora los 50 a\u00f1os de la \u201cDemocratizaci\u00f3n educacional\u201d - Facultad de Arquitectura, Dise\u00f1o y Estudios Urbanos","description":"La profesora ARQ UC y jefa del Mag\u00edster en Arquitectura UC (MARQ) fue invitada \u2014junto a la exalumna del MARQ Francisca G\u00f3mez\u2014 a las jornadas \"Procesos y conflictos educativos durante la Unidad Popular. 1970-1973\", evento organizado por el Departamento de Historia de la Universidad de Santiago de Chile (USACH), en conmemoraci\u00f3n de los cincuenta a\u00f1os de la \u201cDemocratizaci\u00f3n educacional\u201d y del Congreso Nacional de Educaci\u00f3n.","robots":{"index":"index","follow":"follow","max-snippet":"max-snippet:-1","max-image-preview":"max-image-preview:large","max-video-preview":"max-video-preview:-1"},"canonical":"https:\/\/fadeu.urantiacos.cl\/en\/2021\/07\/11\/alejandra-celedon-participo-en-evento-de-la-usach-que-conmemora-los-50-anos-de-la-democratizacion-educacional\/","og_locale":"en_US","og_type":"article","og_title":"Alejandra Celed\u00f3n particip\u00f3 en evento de la USACH que conmemora los 50 a\u00f1os de la \u201cDemocratizaci\u00f3n educacional\u201d - Facultad de Arquitectura, Dise\u00f1o y Estudios Urbanos","og_description":"La profesora ARQ UC y jefa del Mag\u00edster en Arquitectura UC (MARQ) fue invitada \u2014junto a la exalumna del MARQ Francisca G\u00f3mez\u2014 a las jornadas \"Procesos y conflictos educativos durante la Unidad Popular. 1970-1973\", evento organizado por el Departamento de Historia de la Universidad de Santiago de Chile (USACH), en conmemoraci\u00f3n de los cincuenta a\u00f1os de la \u201cDemocratizaci\u00f3n educacional\u201d y del Congreso Nacional de Educaci\u00f3n.","og_url":"https:\/\/fadeu.urantiacos.cl\/en\/2021\/07\/11\/alejandra-celedon-participo-en-evento-de-la-usach-que-conmemora-los-50-anos-de-la-democratizacion-educacional\/","og_site_name":"Facultad de Arquitectura, Dise\u00f1o y Estudios Urbanos","article_published_time":"2021-07-11T23:38:00+00:00","article_modified_time":"2023-09-07T23:43:47+00:00","og_image":[{"width":350,"height":250,"url":"https:\/\/fadeu.urantiacos.cl\/wp-content\/uploads\/2023\/09\/alejandra_celedon350x250.jpeg","type":"image\/jpeg"}],"author":"manadmin","twitter_card":"summary_large_image","twitter_misc":{"Written by":"manadmin","Est. reading time":"1 minute"},"schema":{"@context":"https:\/\/schema.org","@graph":[{"@type":"Article","@id":"https:\/\/fadeu.urantiacos.cl\/en\/2021\/07\/11\/alejandra-celedon-participo-en-evento-de-la-usach-que-conmemora-los-50-anos-de-la-democratizacion-educacional\/#article","isPartOf":{"@id":"https:\/\/fadeu.urantiacos.cl\/en\/2021\/07\/11\/alejandra-celedon-participo-en-evento-de-la-usach-que-conmemora-los-50-anos-de-la-democratizacion-educacional\/"},"author":{"name":"manadmin","@id":"https:\/\/fadeu.urantiacos.cl\/en\/#\/schema\/person\/d203e2e84b1c40275eac77b3061a19a2"},"headline":"Alejandra Celed\u00f3n particip\u00f3 en evento de la USACH que conmemora los 50 a\u00f1os de la \u201cDemocratizaci\u00f3n educacional\u201d","datePublished":"2021-07-11T23:38:00+00:00","dateModified":"2023-09-07T23:43:47+00:00","mainEntityOfPage":{"@id":"https:\/\/fadeu.urantiacos.cl\/en\/2021\/07\/11\/alejandra-celedon-participo-en-evento-de-la-usach-que-conmemora-los-50-anos-de-la-democratizacion-educacional\/"},"wordCount":227,"commentCount":0,"image":{"@id":"https:\/\/fadeu.urantiacos.cl\/en\/2021\/07\/11\/alejandra-celedon-participo-en-evento-de-la-usach-que-conmemora-los-50-anos-de-la-democratizacion-educacional\/#primaryimage"},"thumbnailUrl":"https:\/\/fadeu.urantiacos.cl\/wp-content\/uploads\/2023\/09\/alejandra_celedon350x250.jpeg","articleSection":["Sin categorizar"],"inLanguage":"en-US","potentialAction":[{"@type":"CommentAction","name":"Comment","target":["https:\/\/fadeu.urantiacos.cl\/en\/2021\/07\/11\/alejandra-celedon-participo-en-evento-de-la-usach-que-conmemora-los-50-anos-de-la-democratizacion-educacional\/#respond"]}]},{"@type":"WebPage","@id":"https:\/\/fadeu.urantiacos.cl\/en\/2021\/07\/11\/alejandra-celedon-participo-en-evento-de-la-usach-que-conmemora-los-50-anos-de-la-democratizacion-educacional\/","url":"https:\/\/fadeu.urantiacos.cl\/en\/2021\/07\/11\/alejandra-celedon-participo-en-evento-de-la-usach-que-conmemora-los-50-anos-de-la-democratizacion-educacional\/","name":"Alejandra Celed\u00f3n particip\u00f3 en evento de la USACH que conmemora los 50 a\u00f1os de la \u201cDemocratizaci\u00f3n educacional\u201d - Facultad de Arquitectura, Dise\u00f1o y Estudios Urbanos","isPartOf":{"@id":"https:\/\/fadeu.urantiacos.cl\/en\/#website"},"primaryImageOfPage":{"@id":"https:\/\/fadeu.urantiacos.cl\/en\/2021\/07\/11\/alejandra-celedon-participo-en-evento-de-la-usach-que-conmemora-los-50-anos-de-la-democratizacion-educacional\/#primaryimage"},"image":{"@id":"https:\/\/fadeu.urantiacos.cl\/en\/2021\/07\/11\/alejandra-celedon-participo-en-evento-de-la-usach-que-conmemora-los-50-anos-de-la-democratizacion-educacional\/#primaryimage"},"thumbnailUrl":"https:\/\/fadeu.urantiacos.cl\/wp-content\/uploads\/2023\/09\/alejandra_celedon350x250.jpeg","datePublished":"2021-07-11T23:38:00+00:00","dateModified":"2023-09-07T23:43:47+00:00","author":{"@id":"https:\/\/fadeu.urantiacos.cl\/en\/#\/schema\/person\/d203e2e84b1c40275eac77b3061a19a2"},"description":"La profesora ARQ UC y jefa del Mag\u00edster en Arquitectura UC (MARQ) fue invitada \u2014junto a la exalumna del MARQ Francisca G\u00f3mez\u2014 a las jornadas \"Procesos y conflictos educativos durante la Unidad Popular. 1970-1973\", evento organizado por el Departamento de Historia de la Universidad de Santiago de Chile (USACH), en conmemoraci\u00f3n de los cincuenta a\u00f1os de la \u201cDemocratizaci\u00f3n educacional\u201d y del Congreso Nacional de Educaci\u00f3n.","breadcrumb":{"@id":"https:\/\/fadeu.urantiacos.cl\/en\/2021\/07\/11\/alejandra-celedon-participo-en-evento-de-la-usach-que-conmemora-los-50-anos-de-la-democratizacion-educacional\/#breadcrumb"},"inLanguage":"en-US","potentialAction":[{"@type":"ReadAction","target":["https:\/\/fadeu.urantiacos.cl\/en\/2021\/07\/11\/alejandra-celedon-participo-en-evento-de-la-usach-que-conmemora-los-50-anos-de-la-democratizacion-educacional\/"]}]},{"@type":"ImageObject","inLanguage":"en-US","@id":"https:\/\/fadeu.urantiacos.cl\/en\/2021\/07\/11\/alejandra-celedon-participo-en-evento-de-la-usach-que-conmemora-los-50-anos-de-la-democratizacion-educacional\/#primaryimage","url":"https:\/\/fadeu.urantiacos.cl\/wp-content\/uploads\/2023\/09\/alejandra_celedon350x250.jpeg","contentUrl":"https:\/\/fadeu.urantiacos.cl\/wp-content\/uploads\/2023\/09\/alejandra_celedon350x250.jpeg","width":350,"height":250},{"@type":"BreadcrumbList","@id":"https:\/\/fadeu.urantiacos.cl\/en\/2021\/07\/11\/alejandra-celedon-participo-en-evento-de-la-usach-que-conmemora-los-50-anos-de-la-democratizacion-educacional\/#breadcrumb","itemListElement":[{"@type":"ListItem","position":1,"name":"Portada","item":"https:\/\/fadeu.urantiacos.cl\/en\/"},{"@type":"ListItem","position":2,"name":"Alejandra Celed\u00f3n particip\u00f3 en evento de la USACH que conmemora los 50 a\u00f1os de la \u201cDemocratizaci\u00f3n educacional\u201d"}]},{"@type":"WebSite","@id":"https:\/\/fadeu.urantiacos.cl\/en\/#website","url":"https:\/\/fadeu.urantiacos.cl\/en\/","name":"Facultad de Arquitectura, Dise\u00f1o y Estudios Urbanos","description":"Campus Lo Contador","potentialAction":[{"@type":"SearchAction","target":{"@type":"EntryPoint","urlTemplate":"https:\/\/fadeu.urantiacos.cl\/en\/?s={search_term_string}"},"query-input":{"@type":"PropertyValueSpecification","valueRequired":true,"valueName":"search_term_string"}}],"inLanguage":"en-US"},{"@type":"Person","@id":"https:\/\/fadeu.urantiacos.cl\/en\/#\/schema\/person\/d203e2e84b1c40275eac77b3061a19a2","name":"manadmin","image":{"@type":"ImageObject","inLanguage":"en-US","@id":"https:\/\/fadeu.urantiacos.cl\/en\/#\/schema\/person\/image\/","url":"https:\/\/secure.gravatar.com\/avatar\/4b1d8e3303b4a9d8968ac578947d8bc80d9aea359f388cdd4aac15cadc0e8447?s=96&d=mm&r=g","contentUrl":"https:\/\/secure.gravatar.com\/avatar\/4b1d8e3303b4a9d8968ac578947d8bc80d9aea359f388cdd4aac15cadc0e8447?s=96&d=mm&r=g","caption":"manadmin"},"sameAs":["https:\/\/fadeu.urantiacos.cl"]}]}},"_links":{"self":[{"href":"https:\/\/fadeu.urantiacos.cl\/en\/wp-json\/wp\/v2\/posts\/6679","targetHints":{"allow":["GET"]}}],"collection":[{"href":"https:\/\/fadeu.urantiacos.cl\/en\/wp-json\/wp\/v2\/posts"}],"about":[{"href":"https:\/\/fadeu.urantiacos.cl\/en\/wp-json\/wp\/v2\/types\/post"}],"author":[{"embeddable":true,"href":"https:\/\/fadeu.urantiacos.cl\/en\/wp-json\/wp\/v2\/users\/1"}],"replies":[{"embeddable":true,"href":"https:\/\/fadeu.urantiacos.cl\/en\/wp-json\/wp\/v2\/comments?post=6679"}],"version-history":[{"count":1,"href":"https:\/\/fadeu.urantiacos.cl\/en\/wp-json\/wp\/v2\/posts\/6679\/revisions"}],"predecessor-version":[{"id":6681,"href":"https:\/\/fadeu.urantiacos.cl\/en\/wp-json\/wp\/v2\/posts\/6679\/revisions\/6681"}],"wp:featuredmedia":[{"embeddable":true,"href":"https:\/\/fadeu.urantiacos.cl\/en\/wp-json\/wp\/v2\/media\/6680"}],"wp:attachment":[{"href":"https:\/\/fadeu.urantiacos.cl\/en\/wp-json\/wp\/v2\/media?parent=6679"}],"wp:term":[{"taxonomy":"category","embeddable":true,"href":"https:\/\/fadeu.urantiacos.cl\/en\/wp-json\/wp\/v2\/categories?post=6679"},{"taxonomy":"post_tag","embeddable":true,"href":"https:\/\/fadeu.urantiacos.cl\/en\/wp-json\/wp\/v2\/tags?post=6679"}],"curies":[{"name":"wp","href":"https:\/\/api.w.org\/{rel}","templated":true}]}}