{"id":6672,"date":"2021-07-12T20:33:00","date_gmt":"2021-07-12T23:33:00","guid":{"rendered":"https:\/\/fadeu.urantiacos.cl\/?p=6672"},"modified":"2023-09-07T20:36:37","modified_gmt":"2023-09-07T23:36:37","slug":"el-magister-en-arquitectura-del-paisaje-uc-sera-parte-de-plan-de-manejo-pnntc-ramsar-liderado-con-conaf-atacama","status":"publish","type":"post","link":"https:\/\/fadeu.urantiacos.cl\/en\/2021\/07\/12\/el-magister-en-arquitectura-del-paisaje-uc-sera-parte-de-plan-de-manejo-pnntc-ramsar-liderado-con-conaf-atacama\/","title":{"rendered":"El Mag\u00edster en Arquitectura del Paisaje UC ser\u00e1 parte de plan de manejo PNNTC-RAMSAR liderado con CONAF Atacama"},"content":{"rendered":"\n<figure class=\"wp-block-image size-full\"><img decoding=\"async\" width=\"350\" height=\"250\" src=\"https:\/\/fadeu.urantiacos.cl\/wp-content\/uploads\/2023\/09\/Moreno_12julio2021.png\" alt=\"\" class=\"wp-image-6673\" srcset=\"https:\/\/fadeu.urantiacos.cl\/wp-content\/uploads\/2023\/09\/Moreno_12julio2021.png 350w, https:\/\/fadeu.urantiacos.cl\/wp-content\/uploads\/2023\/09\/Moreno_12julio2021-300x214.png 300w\" sizes=\"(max-width: 350px) 100vw, 350px\" \/><\/figure>\n\n\n\n<p>La elaboraci\u00f3n de este plan contempla la participaci\u00f3n de todos los actores importantes vinculados a esta \u00e1rea protegida: comunidades Collas, operadores de turismo, servicios p\u00fablicos, acad\u00e9micos, empresas privadas, entre otros. La contribuci\u00f3n de los acad\u00e9micos ARQ UC se enmarca en un trabajo colaborativo de varios a\u00f1os con CONAF Atacama y diversas instituciones de la regi\u00f3n, desarrollando proyectos de innovaci\u00f3n e investigaci\u00f3n relacionados con la planificaci\u00f3n de paisaje, el turismo de intereses especiales, y la evaluaci\u00f3n de proyectos de miner\u00eda de litio, salares y humedales.<\/p>\n\n\n\n<p>Para Osvaldo Moreno uno de los desaf\u00edos en materia de conservaci\u00f3n de paisajes a nivel regional y nacional tiene justamente relaci\u00f3n con \u201clas capacidades de promover el fortalecimiento de instrumentos y estrategias de planificaci\u00f3n que apunten a prevenir y reducir los impactos de las actividades productivas y extractivas en \u00e1reas de alto valor ambiental y cultural, tal como ocurre con el Parque Nacional Nevado de Tres Cruces, el salar de Maricunga y el sitio Ramsar, complejo lacustre laguna del Negro Francisco-Laguna Santa Rosa.<\/p>\n\n\n\n<p>Ver la ficha t\u00e9cnica del plan de manejo PNNTC &#8211; RAMSAR&nbsp;<a href=\"http:\/\/arquitectura.uc.cl\/images\/documents\/Ficha-tecnica-PNNTC-Ramsar.pdf\" target=\"_blank\" rel=\"noreferrer noopener\">aqu\u00ed<\/a><\/p>\n\n\n\n<p>Noticias<br>Contacto:&nbsp;<a href=\"mailto:redesarq@uc.cl\">redesarq@uc.cl<\/a>&nbsp;| +56 2 2354 7747<br>www.arquitectura.uc.cl<\/p>\n","protected":false},"excerpt":{"rendered":"<p>Osvaldo Moreno, jefe del Mag\u00edster en Arquitectura del Paisaje UC (MAPA) y la profesora Ximena Arizaga, del mismo programa, iniciaron su participaci\u00f3n en el proceso de elaboraci\u00f3n del plan de manejo del Parque Nacional Nevado de Tres Cruces y el sitio Ramsar, instancia en la que representan a la UC a trav\u00e9s del MAPA.<\/p>\n","protected":false},"author":1,"featured_media":6673,"comment_status":"open","ping_status":"open","sticky":false,"template":"","format":"standard","meta":{"_acf_changed":false,"footnotes":""},"categories":[1],"tags":[],"class_list":["post-6672","post","type-post","status-publish","format-standard","has-post-thumbnail","hentry","category-sin-categorizar"],"acf":[],"yoast_head":"<!-- This site is optimized with the Yoast SEO plugin v27.1.1 - https:\/\/yoast.com\/product\/yoast-seo-wordpress\/ -->\n<title>El Mag\u00edster en Arquitectura del Paisaje UC ser\u00e1 parte de plan de manejo PNNTC-RAMSAR liderado con CONAF Atacama - Facultad de Arquitectura, Dise\u00f1o y Estudios Urbanos<\/title>\n<meta name=\"description\" content=\"Osvaldo Moreno, jefe del Mag\u00edster en Arquitectura del Paisaje UC (MAPA) y la profesora Ximena Arizaga, del mismo programa, iniciaron su participaci\u00f3n en el proceso de elaboraci\u00f3n del plan de manejo del Parque Nacional Nevado de Tres Cruces y el sitio Ramsar, instancia en la que representan a la UC a trav\u00e9s del MAPA.\" \/>\n<meta name=\"robots\" content=\"index, follow, max-snippet:-1, max-image-preview:large, max-video-preview:-1\" \/>\n<link rel=\"canonical\" href=\"https:\/\/fadeu.urantiacos.cl\/en\/2021\/07\/12\/el-magister-en-arquitectura-del-paisaje-uc-sera-parte-de-plan-de-manejo-pnntc-ramsar-liderado-con-conaf-atacama\/\" \/>\n<meta property=\"og:locale\" content=\"en_US\" \/>\n<meta property=\"og:type\" content=\"article\" \/>\n<meta property=\"og:title\" content=\"El Mag\u00edster en Arquitectura del Paisaje UC ser\u00e1 parte de plan de manejo PNNTC-RAMSAR liderado con CONAF Atacama - Facultad de Arquitectura, Dise\u00f1o y Estudios Urbanos\" \/>\n<meta property=\"og:description\" content=\"Osvaldo Moreno, jefe del Mag\u00edster en Arquitectura del Paisaje UC (MAPA) y la profesora Ximena Arizaga, del mismo programa, iniciaron su participaci\u00f3n en el proceso de elaboraci\u00f3n del plan de manejo del Parque Nacional Nevado de Tres Cruces y el sitio Ramsar, instancia en la que representan a la UC a trav\u00e9s del MAPA.\" \/>\n<meta property=\"og:url\" content=\"https:\/\/fadeu.urantiacos.cl\/en\/2021\/07\/12\/el-magister-en-arquitectura-del-paisaje-uc-sera-parte-de-plan-de-manejo-pnntc-ramsar-liderado-con-conaf-atacama\/\" \/>\n<meta property=\"og:site_name\" content=\"Facultad de Arquitectura, Dise\u00f1o y Estudios Urbanos\" \/>\n<meta property=\"article:published_time\" content=\"2021-07-12T23:33:00+00:00\" \/>\n<meta property=\"article:modified_time\" content=\"2023-09-07T23:36:37+00:00\" \/>\n<meta property=\"og:image\" content=\"https:\/\/fadeu.urantiacos.cl\/wp-content\/uploads\/2023\/09\/Moreno_12julio2021.png\" \/>\n\t<meta property=\"og:image:width\" content=\"350\" \/>\n\t<meta property=\"og:image:height\" content=\"250\" \/>\n\t<meta property=\"og:image:type\" content=\"image\/png\" \/>\n<meta name=\"author\" content=\"manadmin\" \/>\n<meta name=\"twitter:card\" content=\"summary_large_image\" \/>\n<meta name=\"twitter:label1\" content=\"Written by\" \/>\n\t<meta name=\"twitter:data1\" content=\"manadmin\" \/>\n\t<meta name=\"twitter:label2\" content=\"Est. reading time\" \/>\n\t<meta name=\"twitter:data2\" content=\"1 minute\" \/>\n<script type=\"application\/ld+json\" class=\"yoast-schema-graph\">{\"@context\":\"https:\/\/schema.org\",\"@graph\":[{\"@type\":\"Article\",\"@id\":\"https:\/\/fadeu.urantiacos.cl\/en\/2021\/07\/12\/el-magister-en-arquitectura-del-paisaje-uc-sera-parte-de-plan-de-manejo-pnntc-ramsar-liderado-con-conaf-atacama\/#article\",\"isPartOf\":{\"@id\":\"https:\/\/fadeu.urantiacos.cl\/en\/2021\/07\/12\/el-magister-en-arquitectura-del-paisaje-uc-sera-parte-de-plan-de-manejo-pnntc-ramsar-liderado-con-conaf-atacama\/\"},\"author\":{\"name\":\"manadmin\",\"@id\":\"https:\/\/fadeu.urantiacos.cl\/en\/#\/schema\/person\/d203e2e84b1c40275eac77b3061a19a2\"},\"headline\":\"El Mag\u00edster en Arquitectura del Paisaje UC ser\u00e1 parte de plan de manejo PNNTC-RAMSAR liderado con CONAF Atacama\",\"datePublished\":\"2021-07-12T23:33:00+00:00\",\"dateModified\":\"2023-09-07T23:36:37+00:00\",\"mainEntityOfPage\":{\"@id\":\"https:\/\/fadeu.urantiacos.cl\/en\/2021\/07\/12\/el-magister-en-arquitectura-del-paisaje-uc-sera-parte-de-plan-de-manejo-pnntc-ramsar-liderado-con-conaf-atacama\/\"},\"wordCount\":227,\"commentCount\":0,\"image\":{\"@id\":\"https:\/\/fadeu.urantiacos.cl\/en\/2021\/07\/12\/el-magister-en-arquitectura-del-paisaje-uc-sera-parte-de-plan-de-manejo-pnntc-ramsar-liderado-con-conaf-atacama\/#primaryimage\"},\"thumbnailUrl\":\"https:\/\/fadeu.urantiacos.cl\/wp-content\/uploads\/2023\/09\/Moreno_12julio2021.png\",\"articleSection\":[\"Sin categorizar\"],\"inLanguage\":\"en-US\",\"potentialAction\":[{\"@type\":\"CommentAction\",\"name\":\"Comment\",\"target\":[\"https:\/\/fadeu.urantiacos.cl\/en\/2021\/07\/12\/el-magister-en-arquitectura-del-paisaje-uc-sera-parte-de-plan-de-manejo-pnntc-ramsar-liderado-con-conaf-atacama\/#respond\"]}]},{\"@type\":\"WebPage\",\"@id\":\"https:\/\/fadeu.urantiacos.cl\/en\/2021\/07\/12\/el-magister-en-arquitectura-del-paisaje-uc-sera-parte-de-plan-de-manejo-pnntc-ramsar-liderado-con-conaf-atacama\/\",\"url\":\"https:\/\/fadeu.urantiacos.cl\/en\/2021\/07\/12\/el-magister-en-arquitectura-del-paisaje-uc-sera-parte-de-plan-de-manejo-pnntc-ramsar-liderado-con-conaf-atacama\/\",\"name\":\"El Mag\u00edster en Arquitectura del Paisaje UC ser\u00e1 parte de plan de manejo PNNTC-RAMSAR liderado con CONAF Atacama - Facultad de Arquitectura, Dise\u00f1o y Estudios Urbanos\",\"isPartOf\":{\"@id\":\"https:\/\/fadeu.urantiacos.cl\/en\/#website\"},\"primaryImageOfPage\":{\"@id\":\"https:\/\/fadeu.urantiacos.cl\/en\/2021\/07\/12\/el-magister-en-arquitectura-del-paisaje-uc-sera-parte-de-plan-de-manejo-pnntc-ramsar-liderado-con-conaf-atacama\/#primaryimage\"},\"image\":{\"@id\":\"https:\/\/fadeu.urantiacos.cl\/en\/2021\/07\/12\/el-magister-en-arquitectura-del-paisaje-uc-sera-parte-de-plan-de-manejo-pnntc-ramsar-liderado-con-conaf-atacama\/#primaryimage\"},\"thumbnailUrl\":\"https:\/\/fadeu.urantiacos.cl\/wp-content\/uploads\/2023\/09\/Moreno_12julio2021.png\",\"datePublished\":\"2021-07-12T23:33:00+00:00\",\"dateModified\":\"2023-09-07T23:36:37+00:00\",\"author\":{\"@id\":\"https:\/\/fadeu.urantiacos.cl\/en\/#\/schema\/person\/d203e2e84b1c40275eac77b3061a19a2\"},\"description\":\"Osvaldo Moreno, jefe del Mag\u00edster en Arquitectura del Paisaje UC (MAPA) y la profesora Ximena Arizaga, del mismo programa, iniciaron su participaci\u00f3n en el proceso de elaboraci\u00f3n del plan de manejo del Parque Nacional Nevado de Tres Cruces y el sitio Ramsar, instancia en la que representan a la UC a trav\u00e9s del MAPA.\",\"breadcrumb\":{\"@id\":\"https:\/\/fadeu.urantiacos.cl\/en\/2021\/07\/12\/el-magister-en-arquitectura-del-paisaje-uc-sera-parte-de-plan-de-manejo-pnntc-ramsar-liderado-con-conaf-atacama\/#breadcrumb\"},\"inLanguage\":\"en-US\",\"potentialAction\":[{\"@type\":\"ReadAction\",\"target\":[\"https:\/\/fadeu.urantiacos.cl\/en\/2021\/07\/12\/el-magister-en-arquitectura-del-paisaje-uc-sera-parte-de-plan-de-manejo-pnntc-ramsar-liderado-con-conaf-atacama\/\"]}]},{\"@type\":\"ImageObject\",\"inLanguage\":\"en-US\",\"@id\":\"https:\/\/fadeu.urantiacos.cl\/en\/2021\/07\/12\/el-magister-en-arquitectura-del-paisaje-uc-sera-parte-de-plan-de-manejo-pnntc-ramsar-liderado-con-conaf-atacama\/#primaryimage\",\"url\":\"https:\/\/fadeu.urantiacos.cl\/wp-content\/uploads\/2023\/09\/Moreno_12julio2021.png\",\"contentUrl\":\"https:\/\/fadeu.urantiacos.cl\/wp-content\/uploads\/2023\/09\/Moreno_12julio2021.png\",\"width\":350,\"height\":250},{\"@type\":\"BreadcrumbList\",\"@id\":\"https:\/\/fadeu.urantiacos.cl\/en\/2021\/07\/12\/el-magister-en-arquitectura-del-paisaje-uc-sera-parte-de-plan-de-manejo-pnntc-ramsar-liderado-con-conaf-atacama\/#breadcrumb\",\"itemListElement\":[{\"@type\":\"ListItem\",\"position\":1,\"name\":\"Portada\",\"item\":\"https:\/\/fadeu.urantiacos.cl\/en\/\"},{\"@type\":\"ListItem\",\"position\":2,\"name\":\"El Mag\u00edster en Arquitectura del Paisaje UC ser\u00e1 parte de plan de manejo PNNTC-RAMSAR liderado con CONAF Atacama\"}]},{\"@type\":\"WebSite\",\"@id\":\"https:\/\/fadeu.urantiacos.cl\/en\/#website\",\"url\":\"https:\/\/fadeu.urantiacos.cl\/en\/\",\"name\":\"Facultad de Arquitectura, Dise\u00f1o y Estudios Urbanos\",\"description\":\"Campus Lo Contador\",\"potentialAction\":[{\"@type\":\"SearchAction\",\"target\":{\"@type\":\"EntryPoint\",\"urlTemplate\":\"https:\/\/fadeu.urantiacos.cl\/en\/?s={search_term_string}\"},\"query-input\":{\"@type\":\"PropertyValueSpecification\",\"valueRequired\":true,\"valueName\":\"search_term_string\"}}],\"inLanguage\":\"en-US\"},{\"@type\":\"Person\",\"@id\":\"https:\/\/fadeu.urantiacos.cl\/en\/#\/schema\/person\/d203e2e84b1c40275eac77b3061a19a2\",\"name\":\"manadmin\",\"image\":{\"@type\":\"ImageObject\",\"inLanguage\":\"en-US\",\"@id\":\"https:\/\/fadeu.urantiacos.cl\/en\/#\/schema\/person\/image\/\",\"url\":\"https:\/\/secure.gravatar.com\/avatar\/4b1d8e3303b4a9d8968ac578947d8bc80d9aea359f388cdd4aac15cadc0e8447?s=96&d=mm&r=g\",\"contentUrl\":\"https:\/\/secure.gravatar.com\/avatar\/4b1d8e3303b4a9d8968ac578947d8bc80d9aea359f388cdd4aac15cadc0e8447?s=96&d=mm&r=g\",\"caption\":\"manadmin\"},\"sameAs\":[\"https:\/\/fadeu.urantiacos.cl\"]}]}<\/script>\n<!-- \/ Yoast SEO plugin. -->","yoast_head_json":{"title":"El Mag\u00edster en Arquitectura del Paisaje UC ser\u00e1 parte de plan de manejo PNNTC-RAMSAR liderado con CONAF Atacama - Facultad de Arquitectura, Dise\u00f1o y Estudios Urbanos","description":"Osvaldo Moreno, jefe del Mag\u00edster en Arquitectura del Paisaje UC (MAPA) y la profesora Ximena Arizaga, del mismo programa, iniciaron su participaci\u00f3n en el proceso de elaboraci\u00f3n del plan de manejo del Parque Nacional Nevado de Tres Cruces y el sitio Ramsar, instancia en la que representan a la UC a trav\u00e9s del MAPA.","robots":{"index":"index","follow":"follow","max-snippet":"max-snippet:-1","max-image-preview":"max-image-preview:large","max-video-preview":"max-video-preview:-1"},"canonical":"https:\/\/fadeu.urantiacos.cl\/en\/2021\/07\/12\/el-magister-en-arquitectura-del-paisaje-uc-sera-parte-de-plan-de-manejo-pnntc-ramsar-liderado-con-conaf-atacama\/","og_locale":"en_US","og_type":"article","og_title":"El Mag\u00edster en Arquitectura del Paisaje UC ser\u00e1 parte de plan de manejo PNNTC-RAMSAR liderado con CONAF Atacama - Facultad de Arquitectura, Dise\u00f1o y Estudios Urbanos","og_description":"Osvaldo Moreno, jefe del Mag\u00edster en Arquitectura del Paisaje UC (MAPA) y la profesora Ximena Arizaga, del mismo programa, iniciaron su participaci\u00f3n en el proceso de elaboraci\u00f3n del plan de manejo del Parque Nacional Nevado de Tres Cruces y el sitio Ramsar, instancia en la que representan a la UC a trav\u00e9s del MAPA.","og_url":"https:\/\/fadeu.urantiacos.cl\/en\/2021\/07\/12\/el-magister-en-arquitectura-del-paisaje-uc-sera-parte-de-plan-de-manejo-pnntc-ramsar-liderado-con-conaf-atacama\/","og_site_name":"Facultad de Arquitectura, Dise\u00f1o y Estudios Urbanos","article_published_time":"2021-07-12T23:33:00+00:00","article_modified_time":"2023-09-07T23:36:37+00:00","og_image":[{"width":350,"height":250,"url":"https:\/\/fadeu.urantiacos.cl\/wp-content\/uploads\/2023\/09\/Moreno_12julio2021.png","type":"image\/png"}],"author":"manadmin","twitter_card":"summary_large_image","twitter_misc":{"Written by":"manadmin","Est. reading time":"1 minute"},"schema":{"@context":"https:\/\/schema.org","@graph":[{"@type":"Article","@id":"https:\/\/fadeu.urantiacos.cl\/en\/2021\/07\/12\/el-magister-en-arquitectura-del-paisaje-uc-sera-parte-de-plan-de-manejo-pnntc-ramsar-liderado-con-conaf-atacama\/#article","isPartOf":{"@id":"https:\/\/fadeu.urantiacos.cl\/en\/2021\/07\/12\/el-magister-en-arquitectura-del-paisaje-uc-sera-parte-de-plan-de-manejo-pnntc-ramsar-liderado-con-conaf-atacama\/"},"author":{"name":"manadmin","@id":"https:\/\/fadeu.urantiacos.cl\/en\/#\/schema\/person\/d203e2e84b1c40275eac77b3061a19a2"},"headline":"El Mag\u00edster en Arquitectura del Paisaje UC ser\u00e1 parte de plan de manejo PNNTC-RAMSAR liderado con CONAF Atacama","datePublished":"2021-07-12T23:33:00+00:00","dateModified":"2023-09-07T23:36:37+00:00","mainEntityOfPage":{"@id":"https:\/\/fadeu.urantiacos.cl\/en\/2021\/07\/12\/el-magister-en-arquitectura-del-paisaje-uc-sera-parte-de-plan-de-manejo-pnntc-ramsar-liderado-con-conaf-atacama\/"},"wordCount":227,"commentCount":0,"image":{"@id":"https:\/\/fadeu.urantiacos.cl\/en\/2021\/07\/12\/el-magister-en-arquitectura-del-paisaje-uc-sera-parte-de-plan-de-manejo-pnntc-ramsar-liderado-con-conaf-atacama\/#primaryimage"},"thumbnailUrl":"https:\/\/fadeu.urantiacos.cl\/wp-content\/uploads\/2023\/09\/Moreno_12julio2021.png","articleSection":["Sin categorizar"],"inLanguage":"en-US","potentialAction":[{"@type":"CommentAction","name":"Comment","target":["https:\/\/fadeu.urantiacos.cl\/en\/2021\/07\/12\/el-magister-en-arquitectura-del-paisaje-uc-sera-parte-de-plan-de-manejo-pnntc-ramsar-liderado-con-conaf-atacama\/#respond"]}]},{"@type":"WebPage","@id":"https:\/\/fadeu.urantiacos.cl\/en\/2021\/07\/12\/el-magister-en-arquitectura-del-paisaje-uc-sera-parte-de-plan-de-manejo-pnntc-ramsar-liderado-con-conaf-atacama\/","url":"https:\/\/fadeu.urantiacos.cl\/en\/2021\/07\/12\/el-magister-en-arquitectura-del-paisaje-uc-sera-parte-de-plan-de-manejo-pnntc-ramsar-liderado-con-conaf-atacama\/","name":"El Mag\u00edster en Arquitectura del Paisaje UC ser\u00e1 parte de plan de manejo PNNTC-RAMSAR liderado con CONAF Atacama - Facultad de Arquitectura, Dise\u00f1o y Estudios Urbanos","isPartOf":{"@id":"https:\/\/fadeu.urantiacos.cl\/en\/#website"},"primaryImageOfPage":{"@id":"https:\/\/fadeu.urantiacos.cl\/en\/2021\/07\/12\/el-magister-en-arquitectura-del-paisaje-uc-sera-parte-de-plan-de-manejo-pnntc-ramsar-liderado-con-conaf-atacama\/#primaryimage"},"image":{"@id":"https:\/\/fadeu.urantiacos.cl\/en\/2021\/07\/12\/el-magister-en-arquitectura-del-paisaje-uc-sera-parte-de-plan-de-manejo-pnntc-ramsar-liderado-con-conaf-atacama\/#primaryimage"},"thumbnailUrl":"https:\/\/fadeu.urantiacos.cl\/wp-content\/uploads\/2023\/09\/Moreno_12julio2021.png","datePublished":"2021-07-12T23:33:00+00:00","dateModified":"2023-09-07T23:36:37+00:00","author":{"@id":"https:\/\/fadeu.urantiacos.cl\/en\/#\/schema\/person\/d203e2e84b1c40275eac77b3061a19a2"},"description":"Osvaldo Moreno, jefe del Mag\u00edster en Arquitectura del Paisaje UC (MAPA) y la profesora Ximena Arizaga, del mismo programa, iniciaron su participaci\u00f3n en el proceso de elaboraci\u00f3n del plan de manejo del Parque Nacional Nevado de Tres Cruces y el sitio Ramsar, instancia en la que representan a la UC a trav\u00e9s del MAPA.","breadcrumb":{"@id":"https:\/\/fadeu.urantiacos.cl\/en\/2021\/07\/12\/el-magister-en-arquitectura-del-paisaje-uc-sera-parte-de-plan-de-manejo-pnntc-ramsar-liderado-con-conaf-atacama\/#breadcrumb"},"inLanguage":"en-US","potentialAction":[{"@type":"ReadAction","target":["https:\/\/fadeu.urantiacos.cl\/en\/2021\/07\/12\/el-magister-en-arquitectura-del-paisaje-uc-sera-parte-de-plan-de-manejo-pnntc-ramsar-liderado-con-conaf-atacama\/"]}]},{"@type":"ImageObject","inLanguage":"en-US","@id":"https:\/\/fadeu.urantiacos.cl\/en\/2021\/07\/12\/el-magister-en-arquitectura-del-paisaje-uc-sera-parte-de-plan-de-manejo-pnntc-ramsar-liderado-con-conaf-atacama\/#primaryimage","url":"https:\/\/fadeu.urantiacos.cl\/wp-content\/uploads\/2023\/09\/Moreno_12julio2021.png","contentUrl":"https:\/\/fadeu.urantiacos.cl\/wp-content\/uploads\/2023\/09\/Moreno_12julio2021.png","width":350,"height":250},{"@type":"BreadcrumbList","@id":"https:\/\/fadeu.urantiacos.cl\/en\/2021\/07\/12\/el-magister-en-arquitectura-del-paisaje-uc-sera-parte-de-plan-de-manejo-pnntc-ramsar-liderado-con-conaf-atacama\/#breadcrumb","itemListElement":[{"@type":"ListItem","position":1,"name":"Portada","item":"https:\/\/fadeu.urantiacos.cl\/en\/"},{"@type":"ListItem","position":2,"name":"El Mag\u00edster en Arquitectura del Paisaje UC ser\u00e1 parte de plan de manejo PNNTC-RAMSAR liderado con CONAF Atacama"}]},{"@type":"WebSite","@id":"https:\/\/fadeu.urantiacos.cl\/en\/#website","url":"https:\/\/fadeu.urantiacos.cl\/en\/","name":"Facultad de Arquitectura, Dise\u00f1o y Estudios Urbanos","description":"Campus Lo Contador","potentialAction":[{"@type":"SearchAction","target":{"@type":"EntryPoint","urlTemplate":"https:\/\/fadeu.urantiacos.cl\/en\/?s={search_term_string}"},"query-input":{"@type":"PropertyValueSpecification","valueRequired":true,"valueName":"search_term_string"}}],"inLanguage":"en-US"},{"@type":"Person","@id":"https:\/\/fadeu.urantiacos.cl\/en\/#\/schema\/person\/d203e2e84b1c40275eac77b3061a19a2","name":"manadmin","image":{"@type":"ImageObject","inLanguage":"en-US","@id":"https:\/\/fadeu.urantiacos.cl\/en\/#\/schema\/person\/image\/","url":"https:\/\/secure.gravatar.com\/avatar\/4b1d8e3303b4a9d8968ac578947d8bc80d9aea359f388cdd4aac15cadc0e8447?s=96&d=mm&r=g","contentUrl":"https:\/\/secure.gravatar.com\/avatar\/4b1d8e3303b4a9d8968ac578947d8bc80d9aea359f388cdd4aac15cadc0e8447?s=96&d=mm&r=g","caption":"manadmin"},"sameAs":["https:\/\/fadeu.urantiacos.cl"]}]}},"_links":{"self":[{"href":"https:\/\/fadeu.urantiacos.cl\/en\/wp-json\/wp\/v2\/posts\/6672","targetHints":{"allow":["GET"]}}],"collection":[{"href":"https:\/\/fadeu.urantiacos.cl\/en\/wp-json\/wp\/v2\/posts"}],"about":[{"href":"https:\/\/fadeu.urantiacos.cl\/en\/wp-json\/wp\/v2\/types\/post"}],"author":[{"embeddable":true,"href":"https:\/\/fadeu.urantiacos.cl\/en\/wp-json\/wp\/v2\/users\/1"}],"replies":[{"embeddable":true,"href":"https:\/\/fadeu.urantiacos.cl\/en\/wp-json\/wp\/v2\/comments?post=6672"}],"version-history":[{"count":1,"href":"https:\/\/fadeu.urantiacos.cl\/en\/wp-json\/wp\/v2\/posts\/6672\/revisions"}],"predecessor-version":[{"id":6674,"href":"https:\/\/fadeu.urantiacos.cl\/en\/wp-json\/wp\/v2\/posts\/6672\/revisions\/6674"}],"wp:featuredmedia":[{"embeddable":true,"href":"https:\/\/fadeu.urantiacos.cl\/en\/wp-json\/wp\/v2\/media\/6673"}],"wp:attachment":[{"href":"https:\/\/fadeu.urantiacos.cl\/en\/wp-json\/wp\/v2\/media?parent=6672"}],"wp:term":[{"taxonomy":"category","embeddable":true,"href":"https:\/\/fadeu.urantiacos.cl\/en\/wp-json\/wp\/v2\/categories?post=6672"},{"taxonomy":"post_tag","embeddable":true,"href":"https:\/\/fadeu.urantiacos.cl\/en\/wp-json\/wp\/v2\/tags?post=6672"}],"curies":[{"name":"wp","href":"https:\/\/api.w.org\/{rel}","templated":true}]}}