{"id":6668,"date":"2021-07-12T20:30:00","date_gmt":"2021-07-12T23:30:00","guid":{"rendered":"https:\/\/fadeu.urantiacos.cl\/?p=6668"},"modified":"2023-10-23T15:31:43","modified_gmt":"2023-10-23T18:31:43","slug":"francisco-diaz-es-premiado-en-la-bienal-espanola-de-arquitectura-y-urbanismo-2021","status":"publish","type":"post","link":"https:\/\/fadeu.urantiacos.cl\/en\/2021\/07\/12\/francisco-diaz-es-premiado-en-la-bienal-espanola-de-arquitectura-y-urbanismo-2021\/","title":{"rendered":"Francisco D\u00edaz es premiado en la Bienal Espa\u00f1ola de Arquitectura y Urbanismo 2021"},"content":{"rendered":"\n<figure class=\"wp-block-image size-full\"><img decoding=\"async\" width=\"350\" height=\"250\" src=\"https:\/\/fadeu.urantiacos.cl\/wp-content\/uploads\/2023\/09\/WEB_WhatsApp_Image_2021-07-02_at_13.55.04.jpg\" alt=\"\" class=\"wp-image-6669\" srcset=\"https:\/\/fadeu.urantiacos.cl\/wp-content\/uploads\/2023\/09\/WEB_WhatsApp_Image_2021-07-02_at_13.55.04.jpg 350w, https:\/\/fadeu.urantiacos.cl\/wp-content\/uploads\/2023\/09\/WEB_WhatsApp_Image_2021-07-02_at_13.55.04-300x214.jpg 300w\" sizes=\"(max-width: 350px) 100vw, 350px\" \/><\/figure>\n\n\n\n<p>El d\u00eda 2 de julio de 2021 se llev\u00f3 a cabo en Valladolid \u2014de manera presencial\u2014 la ceremonia de entrega de premios de la XV Bienal Espa\u00f1ola de Arquitectura y Urbanismo (BEAU), instancia en la que el profesor ARQ UC Francisco D\u00edaz recibi\u00f3 uno de los premios entregados para los expositores de la muestra \u201cInvestigaci\u00f3n\u201d. La selecci\u00f3n de los premiados de esta secci\u00f3n en particular \u2014que asciende a 20 premios entre un total de 467 propuestas presentadas\u2014 estuvo a cargo del jurado compuesto por \u00d3scar Ares, Anna Bach y Eugeni Bach (curadores, XV BEAU), I\u00f1aqui Carnicero (director, Agenda Urbana y Arquitectura), Marta Vall-Llossera (vicepresidente, Consejo Superior de Colegios de Arquitectos de Espa\u00f1a) y los arquitectos espa\u00f1oles Carolina Garc\u00eda-Est\u00e9vez y Santiago de Molina.<\/p>\n\n\n\n<p><strong>Sobre Patolog\u00edas contempor\u00e1neas_<\/strong><\/p>\n\n\n\n<p><br>A partir de una serie de psicopatolog\u00edas (entendidas como lentes a trav\u00e9s de las cuales observar un fen\u00f3meno), el libro es un intento de analizar cr\u00edticamente diversas facetas de la arquitectura actual eludiendo sus cerrojos ret\u00f3ricos. Al definir un estado hipot\u00e9tico en que la arquitectura se tiende en el div\u00e1n \u2014como si estuviera aquejada por ciertas perturbaciones psicol\u00f3gicas\u2014 no se busca hacer el diagn\u00f3stico de una disciplina enferma, sino m\u00e1s bien forzar condiciones m\u00f3rbidas en las que sea posible apreciar aquellas anomal\u00edas o problemas invisibles en su estado de normalidad.<\/p>\n\n\n\n<p>La investigaci\u00f3n que recoge&nbsp;Patolog\u00edas contempor\u00e1neas: Ensayos de arquitectura tras la crisis de 2008&nbsp;se inici\u00f3 con la reformulaci\u00f3n que realiz\u00f3 el profesor ARQ UC Francisco D\u00edaz al dictar el curso &#8220;Problemas de Arquitectura Contempor\u00e1nea&#8221; del Mag\u00edster en Arquitectura UC entre 2017 y 2019, debates, discusiones e ideas que sigui\u00f3 desarrollando hasta plasmarlas en esta publicaci\u00f3n.<\/p>\n\n\n\n<p>Ver la nota de la ceremonia de premiaci\u00f3n de la BEAU en el siguiente\u00a0<a href=\"http:\/\/www.bienalesdearquitectura.es\/index.php\/es\/noticias-beau\/archivo-de-noticias\/10416-la-xv-bienal-espanola-de-arquitectura-y-urbanismo-da-comienzo-en-valladolid-con-el-anuncio-de-los-premiados-de-investigacion-fin-de-carrera-y-fotografia.html\" target=\"_blank\" rel=\"noreferrer noopener\">link<\/a>\u00a0<br><\/p>\n\n\n\n<p>Bienal Espa\u00f1ola de Arquitectura y Urbanismo 2021<\/p>\n\n\n\n<figure class=\"wp-block-image size-full\"><img decoding=\"async\" width=\"1024\" height=\"768\" src=\"https:\/\/fadeu.urantiacos.cl\/wp-content\/uploads\/2023\/09\/WhatsApp_Image_2021-07-02_at_13.55.04.jpeg\" alt=\"\" class=\"wp-image-6670\" srcset=\"https:\/\/fadeu.urantiacos.cl\/wp-content\/uploads\/2023\/09\/WhatsApp_Image_2021-07-02_at_13.55.04.jpeg 1024w, https:\/\/fadeu.urantiacos.cl\/wp-content\/uploads\/2023\/09\/WhatsApp_Image_2021-07-02_at_13.55.04-300x225.jpeg 300w, https:\/\/fadeu.urantiacos.cl\/wp-content\/uploads\/2023\/09\/WhatsApp_Image_2021-07-02_at_13.55.04-768x576.jpeg 768w\" sizes=\"(max-width: 1024px) 100vw, 1024px\" \/><\/figure>\n\n\n\n<p>Foto premiaci\u00f3n en Bienal Espa\u00f1ola de Arquitectura y Urbanismo 2021. Cortes\u00eda Francisco D\u00edaz.<\/p>\n\n\n\n<p>Noticias<br>Contacto:&nbsp;<a href=\"mailto:redesarq@uc.cl\">redesarq@uc.cl<\/a>&nbsp;| +56 2 2354 7747<br>www.arquitectura.uc.cl<\/p>\n","protected":false},"excerpt":{"rendered":"<p>Tras ser anunciado como uno de los finalistas hace un par de semanas (ver nota), el profesor fue uno de los galardonados en la categor\u00eda \u201cPublicaciones\u201d con su investigaci\u00f3n Patolog\u00edas contempor\u00e1neas: Ensayos de arquitectura tras la crisis de 2008 (Uqbar y dpr-barcelona, 2019).<\/p>\n","protected":false},"author":1,"featured_media":6669,"comment_status":"open","ping_status":"open","sticky":false,"template":"","format":"standard","meta":{"_acf_changed":false,"footnotes":""},"categories":[1],"tags":[],"class_list":["post-6668","post","type-post","status-publish","format-standard","has-post-thumbnail","hentry","category-sin-categorizar"],"acf":[],"yoast_head":"<!-- This site is optimized with the Yoast SEO plugin v27.1.1 - https:\/\/yoast.com\/product\/yoast-seo-wordpress\/ -->\n<title>Francisco D\u00edaz es premiado en la Bienal Espa\u00f1ola de Arquitectura y Urbanismo 2021 - Facultad de Arquitectura, Dise\u00f1o y Estudios Urbanos<\/title>\n<meta name=\"description\" content=\"Tras ser anunciado como uno de los finalistas hace un par de semanas (ver nota), el profesor fue uno de los galardonados en la categor\u00eda \u201cPublicaciones\u201d con su investigaci\u00f3n Patolog\u00edas contempor\u00e1neas: Ensayos de arquitectura tras la crisis de 2008 (Uqbar y dpr-barcelona, 2019).\" \/>\n<meta name=\"robots\" content=\"index, follow, max-snippet:-1, max-image-preview:large, max-video-preview:-1\" \/>\n<link rel=\"canonical\" href=\"https:\/\/fadeu.urantiacos.cl\/en\/2021\/07\/12\/francisco-diaz-es-premiado-en-la-bienal-espanola-de-arquitectura-y-urbanismo-2021\/\" \/>\n<meta property=\"og:locale\" content=\"en_US\" \/>\n<meta property=\"og:type\" content=\"article\" \/>\n<meta property=\"og:title\" content=\"Francisco D\u00edaz es premiado en la Bienal Espa\u00f1ola de Arquitectura y Urbanismo 2021 - Facultad de Arquitectura, Dise\u00f1o y Estudios Urbanos\" \/>\n<meta property=\"og:description\" content=\"Tras ser anunciado como uno de los finalistas hace un par de semanas (ver nota), el profesor fue uno de los galardonados en la categor\u00eda \u201cPublicaciones\u201d con su investigaci\u00f3n Patolog\u00edas contempor\u00e1neas: Ensayos de arquitectura tras la crisis de 2008 (Uqbar y dpr-barcelona, 2019).\" \/>\n<meta property=\"og:url\" content=\"https:\/\/fadeu.urantiacos.cl\/en\/2021\/07\/12\/francisco-diaz-es-premiado-en-la-bienal-espanola-de-arquitectura-y-urbanismo-2021\/\" \/>\n<meta property=\"og:site_name\" content=\"Facultad de Arquitectura, Dise\u00f1o y Estudios Urbanos\" \/>\n<meta property=\"article:published_time\" content=\"2021-07-12T23:30:00+00:00\" \/>\n<meta property=\"article:modified_time\" content=\"2023-10-23T18:31:43+00:00\" \/>\n<meta property=\"og:image\" content=\"https:\/\/fadeu.urantiacos.cl\/wp-content\/uploads\/2023\/09\/WEB_WhatsApp_Image_2021-07-02_at_13.55.04.jpg\" \/>\n\t<meta property=\"og:image:width\" content=\"350\" \/>\n\t<meta property=\"og:image:height\" content=\"250\" \/>\n\t<meta property=\"og:image:type\" content=\"image\/jpeg\" \/>\n<meta name=\"author\" content=\"manadmin\" \/>\n<meta name=\"twitter:card\" content=\"summary_large_image\" \/>\n<meta name=\"twitter:label1\" content=\"Written by\" \/>\n\t<meta name=\"twitter:data1\" content=\"manadmin\" \/>\n\t<meta name=\"twitter:label2\" content=\"Est. reading time\" \/>\n\t<meta name=\"twitter:data2\" content=\"2 minutes\" \/>\n<script type=\"application\/ld+json\" class=\"yoast-schema-graph\">{\"@context\":\"https:\/\/schema.org\",\"@graph\":[{\"@type\":\"Article\",\"@id\":\"https:\/\/fadeu.urantiacos.cl\/en\/2021\/07\/12\/francisco-diaz-es-premiado-en-la-bienal-espanola-de-arquitectura-y-urbanismo-2021\/#article\",\"isPartOf\":{\"@id\":\"https:\/\/fadeu.urantiacos.cl\/en\/2021\/07\/12\/francisco-diaz-es-premiado-en-la-bienal-espanola-de-arquitectura-y-urbanismo-2021\/\"},\"author\":{\"name\":\"manadmin\",\"@id\":\"https:\/\/fadeu.urantiacos.cl\/en\/#\/schema\/person\/d203e2e84b1c40275eac77b3061a19a2\"},\"headline\":\"Francisco D\u00edaz es premiado en la Bienal Espa\u00f1ola de Arquitectura y Urbanismo 2021\",\"datePublished\":\"2021-07-12T23:30:00+00:00\",\"dateModified\":\"2023-10-23T18:31:43+00:00\",\"mainEntityOfPage\":{\"@id\":\"https:\/\/fadeu.urantiacos.cl\/en\/2021\/07\/12\/francisco-diaz-es-premiado-en-la-bienal-espanola-de-arquitectura-y-urbanismo-2021\/\"},\"wordCount\":362,\"commentCount\":0,\"image\":{\"@id\":\"https:\/\/fadeu.urantiacos.cl\/en\/2021\/07\/12\/francisco-diaz-es-premiado-en-la-bienal-espanola-de-arquitectura-y-urbanismo-2021\/#primaryimage\"},\"thumbnailUrl\":\"https:\/\/fadeu.urantiacos.cl\/wp-content\/uploads\/2023\/09\/WEB_WhatsApp_Image_2021-07-02_at_13.55.04.jpg\",\"articleSection\":[\"Sin categorizar\"],\"inLanguage\":\"en-US\",\"potentialAction\":[{\"@type\":\"CommentAction\",\"name\":\"Comment\",\"target\":[\"https:\/\/fadeu.urantiacos.cl\/en\/2021\/07\/12\/francisco-diaz-es-premiado-en-la-bienal-espanola-de-arquitectura-y-urbanismo-2021\/#respond\"]}]},{\"@type\":\"WebPage\",\"@id\":\"https:\/\/fadeu.urantiacos.cl\/en\/2021\/07\/12\/francisco-diaz-es-premiado-en-la-bienal-espanola-de-arquitectura-y-urbanismo-2021\/\",\"url\":\"https:\/\/fadeu.urantiacos.cl\/en\/2021\/07\/12\/francisco-diaz-es-premiado-en-la-bienal-espanola-de-arquitectura-y-urbanismo-2021\/\",\"name\":\"Francisco D\u00edaz es premiado en la Bienal Espa\u00f1ola de Arquitectura y Urbanismo 2021 - Facultad de Arquitectura, Dise\u00f1o y Estudios Urbanos\",\"isPartOf\":{\"@id\":\"https:\/\/fadeu.urantiacos.cl\/en\/#website\"},\"primaryImageOfPage\":{\"@id\":\"https:\/\/fadeu.urantiacos.cl\/en\/2021\/07\/12\/francisco-diaz-es-premiado-en-la-bienal-espanola-de-arquitectura-y-urbanismo-2021\/#primaryimage\"},\"image\":{\"@id\":\"https:\/\/fadeu.urantiacos.cl\/en\/2021\/07\/12\/francisco-diaz-es-premiado-en-la-bienal-espanola-de-arquitectura-y-urbanismo-2021\/#primaryimage\"},\"thumbnailUrl\":\"https:\/\/fadeu.urantiacos.cl\/wp-content\/uploads\/2023\/09\/WEB_WhatsApp_Image_2021-07-02_at_13.55.04.jpg\",\"datePublished\":\"2021-07-12T23:30:00+00:00\",\"dateModified\":\"2023-10-23T18:31:43+00:00\",\"author\":{\"@id\":\"https:\/\/fadeu.urantiacos.cl\/en\/#\/schema\/person\/d203e2e84b1c40275eac77b3061a19a2\"},\"description\":\"Tras ser anunciado como uno de los finalistas hace un par de semanas (ver nota), el profesor fue uno de los galardonados en la categor\u00eda \u201cPublicaciones\u201d con su investigaci\u00f3n Patolog\u00edas contempor\u00e1neas: Ensayos de arquitectura tras la crisis de 2008 (Uqbar y dpr-barcelona, 2019).\",\"breadcrumb\":{\"@id\":\"https:\/\/fadeu.urantiacos.cl\/en\/2021\/07\/12\/francisco-diaz-es-premiado-en-la-bienal-espanola-de-arquitectura-y-urbanismo-2021\/#breadcrumb\"},\"inLanguage\":\"en-US\",\"potentialAction\":[{\"@type\":\"ReadAction\",\"target\":[\"https:\/\/fadeu.urantiacos.cl\/en\/2021\/07\/12\/francisco-diaz-es-premiado-en-la-bienal-espanola-de-arquitectura-y-urbanismo-2021\/\"]}]},{\"@type\":\"ImageObject\",\"inLanguage\":\"en-US\",\"@id\":\"https:\/\/fadeu.urantiacos.cl\/en\/2021\/07\/12\/francisco-diaz-es-premiado-en-la-bienal-espanola-de-arquitectura-y-urbanismo-2021\/#primaryimage\",\"url\":\"https:\/\/fadeu.urantiacos.cl\/wp-content\/uploads\/2023\/09\/WEB_WhatsApp_Image_2021-07-02_at_13.55.04.jpg\",\"contentUrl\":\"https:\/\/fadeu.urantiacos.cl\/wp-content\/uploads\/2023\/09\/WEB_WhatsApp_Image_2021-07-02_at_13.55.04.jpg\",\"width\":350,\"height\":250},{\"@type\":\"BreadcrumbList\",\"@id\":\"https:\/\/fadeu.urantiacos.cl\/en\/2021\/07\/12\/francisco-diaz-es-premiado-en-la-bienal-espanola-de-arquitectura-y-urbanismo-2021\/#breadcrumb\",\"itemListElement\":[{\"@type\":\"ListItem\",\"position\":1,\"name\":\"Portada\",\"item\":\"https:\/\/fadeu.urantiacos.cl\/en\/\"},{\"@type\":\"ListItem\",\"position\":2,\"name\":\"Francisco D\u00edaz es premiado en la Bienal Espa\u00f1ola de Arquitectura y Urbanismo 2021\"}]},{\"@type\":\"WebSite\",\"@id\":\"https:\/\/fadeu.urantiacos.cl\/en\/#website\",\"url\":\"https:\/\/fadeu.urantiacos.cl\/en\/\",\"name\":\"Facultad de Arquitectura, Dise\u00f1o y Estudios Urbanos\",\"description\":\"Campus Lo Contador\",\"potentialAction\":[{\"@type\":\"SearchAction\",\"target\":{\"@type\":\"EntryPoint\",\"urlTemplate\":\"https:\/\/fadeu.urantiacos.cl\/en\/?s={search_term_string}\"},\"query-input\":{\"@type\":\"PropertyValueSpecification\",\"valueRequired\":true,\"valueName\":\"search_term_string\"}}],\"inLanguage\":\"en-US\"},{\"@type\":\"Person\",\"@id\":\"https:\/\/fadeu.urantiacos.cl\/en\/#\/schema\/person\/d203e2e84b1c40275eac77b3061a19a2\",\"name\":\"manadmin\",\"image\":{\"@type\":\"ImageObject\",\"inLanguage\":\"en-US\",\"@id\":\"https:\/\/fadeu.urantiacos.cl\/en\/#\/schema\/person\/image\/\",\"url\":\"https:\/\/secure.gravatar.com\/avatar\/4b1d8e3303b4a9d8968ac578947d8bc80d9aea359f388cdd4aac15cadc0e8447?s=96&d=mm&r=g\",\"contentUrl\":\"https:\/\/secure.gravatar.com\/avatar\/4b1d8e3303b4a9d8968ac578947d8bc80d9aea359f388cdd4aac15cadc0e8447?s=96&d=mm&r=g\",\"caption\":\"manadmin\"},\"sameAs\":[\"https:\/\/fadeu.urantiacos.cl\"]}]}<\/script>\n<!-- \/ Yoast SEO plugin. -->","yoast_head_json":{"title":"Francisco D\u00edaz es premiado en la Bienal Espa\u00f1ola de Arquitectura y Urbanismo 2021 - Facultad de Arquitectura, Dise\u00f1o y Estudios Urbanos","description":"Tras ser anunciado como uno de los finalistas hace un par de semanas (ver nota), el profesor fue uno de los galardonados en la categor\u00eda \u201cPublicaciones\u201d con su investigaci\u00f3n Patolog\u00edas contempor\u00e1neas: Ensayos de arquitectura tras la crisis de 2008 (Uqbar y dpr-barcelona, 2019).","robots":{"index":"index","follow":"follow","max-snippet":"max-snippet:-1","max-image-preview":"max-image-preview:large","max-video-preview":"max-video-preview:-1"},"canonical":"https:\/\/fadeu.urantiacos.cl\/en\/2021\/07\/12\/francisco-diaz-es-premiado-en-la-bienal-espanola-de-arquitectura-y-urbanismo-2021\/","og_locale":"en_US","og_type":"article","og_title":"Francisco D\u00edaz es premiado en la Bienal Espa\u00f1ola de Arquitectura y Urbanismo 2021 - Facultad de Arquitectura, Dise\u00f1o y Estudios Urbanos","og_description":"Tras ser anunciado como uno de los finalistas hace un par de semanas (ver nota), el profesor fue uno de los galardonados en la categor\u00eda \u201cPublicaciones\u201d con su investigaci\u00f3n Patolog\u00edas contempor\u00e1neas: Ensayos de arquitectura tras la crisis de 2008 (Uqbar y dpr-barcelona, 2019).","og_url":"https:\/\/fadeu.urantiacos.cl\/en\/2021\/07\/12\/francisco-diaz-es-premiado-en-la-bienal-espanola-de-arquitectura-y-urbanismo-2021\/","og_site_name":"Facultad de Arquitectura, Dise\u00f1o y Estudios Urbanos","article_published_time":"2021-07-12T23:30:00+00:00","article_modified_time":"2023-10-23T18:31:43+00:00","og_image":[{"width":350,"height":250,"url":"https:\/\/fadeu.urantiacos.cl\/wp-content\/uploads\/2023\/09\/WEB_WhatsApp_Image_2021-07-02_at_13.55.04.jpg","type":"image\/jpeg"}],"author":"manadmin","twitter_card":"summary_large_image","twitter_misc":{"Written by":"manadmin","Est. reading time":"2 minutes"},"schema":{"@context":"https:\/\/schema.org","@graph":[{"@type":"Article","@id":"https:\/\/fadeu.urantiacos.cl\/en\/2021\/07\/12\/francisco-diaz-es-premiado-en-la-bienal-espanola-de-arquitectura-y-urbanismo-2021\/#article","isPartOf":{"@id":"https:\/\/fadeu.urantiacos.cl\/en\/2021\/07\/12\/francisco-diaz-es-premiado-en-la-bienal-espanola-de-arquitectura-y-urbanismo-2021\/"},"author":{"name":"manadmin","@id":"https:\/\/fadeu.urantiacos.cl\/en\/#\/schema\/person\/d203e2e84b1c40275eac77b3061a19a2"},"headline":"Francisco D\u00edaz es premiado en la Bienal Espa\u00f1ola de Arquitectura y Urbanismo 2021","datePublished":"2021-07-12T23:30:00+00:00","dateModified":"2023-10-23T18:31:43+00:00","mainEntityOfPage":{"@id":"https:\/\/fadeu.urantiacos.cl\/en\/2021\/07\/12\/francisco-diaz-es-premiado-en-la-bienal-espanola-de-arquitectura-y-urbanismo-2021\/"},"wordCount":362,"commentCount":0,"image":{"@id":"https:\/\/fadeu.urantiacos.cl\/en\/2021\/07\/12\/francisco-diaz-es-premiado-en-la-bienal-espanola-de-arquitectura-y-urbanismo-2021\/#primaryimage"},"thumbnailUrl":"https:\/\/fadeu.urantiacos.cl\/wp-content\/uploads\/2023\/09\/WEB_WhatsApp_Image_2021-07-02_at_13.55.04.jpg","articleSection":["Sin categorizar"],"inLanguage":"en-US","potentialAction":[{"@type":"CommentAction","name":"Comment","target":["https:\/\/fadeu.urantiacos.cl\/en\/2021\/07\/12\/francisco-diaz-es-premiado-en-la-bienal-espanola-de-arquitectura-y-urbanismo-2021\/#respond"]}]},{"@type":"WebPage","@id":"https:\/\/fadeu.urantiacos.cl\/en\/2021\/07\/12\/francisco-diaz-es-premiado-en-la-bienal-espanola-de-arquitectura-y-urbanismo-2021\/","url":"https:\/\/fadeu.urantiacos.cl\/en\/2021\/07\/12\/francisco-diaz-es-premiado-en-la-bienal-espanola-de-arquitectura-y-urbanismo-2021\/","name":"Francisco D\u00edaz es premiado en la Bienal Espa\u00f1ola de Arquitectura y Urbanismo 2021 - Facultad de Arquitectura, Dise\u00f1o y Estudios Urbanos","isPartOf":{"@id":"https:\/\/fadeu.urantiacos.cl\/en\/#website"},"primaryImageOfPage":{"@id":"https:\/\/fadeu.urantiacos.cl\/en\/2021\/07\/12\/francisco-diaz-es-premiado-en-la-bienal-espanola-de-arquitectura-y-urbanismo-2021\/#primaryimage"},"image":{"@id":"https:\/\/fadeu.urantiacos.cl\/en\/2021\/07\/12\/francisco-diaz-es-premiado-en-la-bienal-espanola-de-arquitectura-y-urbanismo-2021\/#primaryimage"},"thumbnailUrl":"https:\/\/fadeu.urantiacos.cl\/wp-content\/uploads\/2023\/09\/WEB_WhatsApp_Image_2021-07-02_at_13.55.04.jpg","datePublished":"2021-07-12T23:30:00+00:00","dateModified":"2023-10-23T18:31:43+00:00","author":{"@id":"https:\/\/fadeu.urantiacos.cl\/en\/#\/schema\/person\/d203e2e84b1c40275eac77b3061a19a2"},"description":"Tras ser anunciado como uno de los finalistas hace un par de semanas (ver nota), el profesor fue uno de los galardonados en la categor\u00eda \u201cPublicaciones\u201d con su investigaci\u00f3n Patolog\u00edas contempor\u00e1neas: Ensayos de arquitectura tras la crisis de 2008 (Uqbar y dpr-barcelona, 2019).","breadcrumb":{"@id":"https:\/\/fadeu.urantiacos.cl\/en\/2021\/07\/12\/francisco-diaz-es-premiado-en-la-bienal-espanola-de-arquitectura-y-urbanismo-2021\/#breadcrumb"},"inLanguage":"en-US","potentialAction":[{"@type":"ReadAction","target":["https:\/\/fadeu.urantiacos.cl\/en\/2021\/07\/12\/francisco-diaz-es-premiado-en-la-bienal-espanola-de-arquitectura-y-urbanismo-2021\/"]}]},{"@type":"ImageObject","inLanguage":"en-US","@id":"https:\/\/fadeu.urantiacos.cl\/en\/2021\/07\/12\/francisco-diaz-es-premiado-en-la-bienal-espanola-de-arquitectura-y-urbanismo-2021\/#primaryimage","url":"https:\/\/fadeu.urantiacos.cl\/wp-content\/uploads\/2023\/09\/WEB_WhatsApp_Image_2021-07-02_at_13.55.04.jpg","contentUrl":"https:\/\/fadeu.urantiacos.cl\/wp-content\/uploads\/2023\/09\/WEB_WhatsApp_Image_2021-07-02_at_13.55.04.jpg","width":350,"height":250},{"@type":"BreadcrumbList","@id":"https:\/\/fadeu.urantiacos.cl\/en\/2021\/07\/12\/francisco-diaz-es-premiado-en-la-bienal-espanola-de-arquitectura-y-urbanismo-2021\/#breadcrumb","itemListElement":[{"@type":"ListItem","position":1,"name":"Portada","item":"https:\/\/fadeu.urantiacos.cl\/en\/"},{"@type":"ListItem","position":2,"name":"Francisco D\u00edaz es premiado en la Bienal Espa\u00f1ola de Arquitectura y Urbanismo 2021"}]},{"@type":"WebSite","@id":"https:\/\/fadeu.urantiacos.cl\/en\/#website","url":"https:\/\/fadeu.urantiacos.cl\/en\/","name":"Facultad de Arquitectura, Dise\u00f1o y Estudios Urbanos","description":"Campus Lo Contador","potentialAction":[{"@type":"SearchAction","target":{"@type":"EntryPoint","urlTemplate":"https:\/\/fadeu.urantiacos.cl\/en\/?s={search_term_string}"},"query-input":{"@type":"PropertyValueSpecification","valueRequired":true,"valueName":"search_term_string"}}],"inLanguage":"en-US"},{"@type":"Person","@id":"https:\/\/fadeu.urantiacos.cl\/en\/#\/schema\/person\/d203e2e84b1c40275eac77b3061a19a2","name":"manadmin","image":{"@type":"ImageObject","inLanguage":"en-US","@id":"https:\/\/fadeu.urantiacos.cl\/en\/#\/schema\/person\/image\/","url":"https:\/\/secure.gravatar.com\/avatar\/4b1d8e3303b4a9d8968ac578947d8bc80d9aea359f388cdd4aac15cadc0e8447?s=96&d=mm&r=g","contentUrl":"https:\/\/secure.gravatar.com\/avatar\/4b1d8e3303b4a9d8968ac578947d8bc80d9aea359f388cdd4aac15cadc0e8447?s=96&d=mm&r=g","caption":"manadmin"},"sameAs":["https:\/\/fadeu.urantiacos.cl"]}]}},"_links":{"self":[{"href":"https:\/\/fadeu.urantiacos.cl\/en\/wp-json\/wp\/v2\/posts\/6668","targetHints":{"allow":["GET"]}}],"collection":[{"href":"https:\/\/fadeu.urantiacos.cl\/en\/wp-json\/wp\/v2\/posts"}],"about":[{"href":"https:\/\/fadeu.urantiacos.cl\/en\/wp-json\/wp\/v2\/types\/post"}],"author":[{"embeddable":true,"href":"https:\/\/fadeu.urantiacos.cl\/en\/wp-json\/wp\/v2\/users\/1"}],"replies":[{"embeddable":true,"href":"https:\/\/fadeu.urantiacos.cl\/en\/wp-json\/wp\/v2\/comments?post=6668"}],"version-history":[{"count":2,"href":"https:\/\/fadeu.urantiacos.cl\/en\/wp-json\/wp\/v2\/posts\/6668\/revisions"}],"predecessor-version":[{"id":17525,"href":"https:\/\/fadeu.urantiacos.cl\/en\/wp-json\/wp\/v2\/posts\/6668\/revisions\/17525"}],"wp:featuredmedia":[{"embeddable":true,"href":"https:\/\/fadeu.urantiacos.cl\/en\/wp-json\/wp\/v2\/media\/6669"}],"wp:attachment":[{"href":"https:\/\/fadeu.urantiacos.cl\/en\/wp-json\/wp\/v2\/media?parent=6668"}],"wp:term":[{"taxonomy":"category","embeddable":true,"href":"https:\/\/fadeu.urantiacos.cl\/en\/wp-json\/wp\/v2\/categories?post=6668"},{"taxonomy":"post_tag","embeddable":true,"href":"https:\/\/fadeu.urantiacos.cl\/en\/wp-json\/wp\/v2\/tags?post=6668"}],"curies":[{"name":"wp","href":"https:\/\/api.w.org\/{rel}","templated":true}]}}