{"id":6663,"date":"2021-07-14T20:26:00","date_gmt":"2021-07-14T23:26:00","guid":{"rendered":"https:\/\/fadeu.urantiacos.cl\/?p=6663"},"modified":"2023-09-07T20:30:04","modified_gmt":"2023-09-07T23:30:04","slug":"the-latin-america-university-rankings-situa-a-la-uc-lider-de-la-region","status":"publish","type":"post","link":"https:\/\/fadeu.urantiacos.cl\/en\/2021\/07\/14\/the-latin-america-university-rankings-situa-a-la-uc-lider-de-la-region\/","title":{"rendered":"THE Latin America University Rankings sit\u00faa a la UC l\u00edder de la regi\u00f3n"},"content":{"rendered":"\n<figure class=\"wp-block-image size-full\"><img decoding=\"async\" width=\"350\" height=\"250\" src=\"https:\/\/fadeu.urantiacos.cl\/wp-content\/uploads\/2023\/09\/fotooooooooooooo.700x532_web.jpg\" alt=\"\" class=\"wp-image-6664\" srcset=\"https:\/\/fadeu.urantiacos.cl\/wp-content\/uploads\/2023\/09\/fotooooooooooooo.700x532_web.jpg 350w, https:\/\/fadeu.urantiacos.cl\/wp-content\/uploads\/2023\/09\/fotooooooooooooo.700x532_web-300x214.jpg 300w\" sizes=\"(max-width: 350px) 100vw, 350px\" \/><\/figure>\n\n\n\n<p><a href=\"https:\/\/www.timeshighereducation.com\/world-university-rankings\/2021\/latin-america-university-rankings#!\/page\/0\/length\/25\/sort_by\/rank\/sort_order\/asc\/cols\/undefined\" target=\"_blank\" rel=\"noreferrer noopener\">THE&nbsp;Latin America University Rankings<\/a>&nbsp;entreg\u00f3 los resultados de su \u00faltima medici\u00f3n, donde aparece la&nbsp;<a href=\"https:\/\/www.uc.cl\/\" target=\"_blank\" rel=\"noreferrer noopener\">Universidad Cat\u00f3lica<\/a>&nbsp;liderando el ranking por tercer a\u00f1o consecutivo. La UC ocupa el lugar N\u00b01 con un puntaje total de 90,3 puntos, seguida de la&nbsp;<a href=\"https:\/\/www5.usp.br\/\" target=\"_blank\" rel=\"noreferrer noopener\">Universidad de Sao Paul<\/a>o (87,6) y la&nbsp;<a href=\"https:\/\/www.ehu.eus\/es\/web\/nazioarteko-harremanak\/unicamp\" target=\"_blank\" rel=\"noreferrer noopener\">Universidad Estatal de Campinas<\/a>&nbsp;(86,3). Estas instituciones mantienen sus posiciones&nbsp;respecto de la versi\u00f3n anterior del ranking.<\/p>\n\n\n\n<p>Son 177 universidades provenientes de 13 pa\u00edses latinoamericanos las que aparecen rankeadas en la versi\u00f3n 2021 de este estudio, 11 m\u00e1s que el a\u00f1o anterior. Brasil es el pa\u00eds con m\u00e1s instituciones en el ranking (67), seguido de Chile (28), Colombia (24) y M\u00e9xico (23).<\/p>\n\n\n\n<figure class=\"wp-block-image size-full\"><img decoding=\"async\" width=\"700\" height=\"312\" src=\"https:\/\/fadeu.urantiacos.cl\/wp-content\/uploads\/2023\/09\/grafico1ranking.jpg\" alt=\"\" class=\"wp-image-6665\" srcset=\"https:\/\/fadeu.urantiacos.cl\/wp-content\/uploads\/2023\/09\/grafico1ranking.jpg 700w, https:\/\/fadeu.urantiacos.cl\/wp-content\/uploads\/2023\/09\/grafico1ranking-300x134.jpg 300w\" sizes=\"(max-width: 700px) 100vw, 700px\" \/><\/figure>\n\n\n\n<p>A nivel nacional, 28 universidades chilenas aparecen en el ranking, 7 entre las top 50. A la UC (N\u00b01) y&nbsp;<a href=\"https:\/\/www.uchile.cl\/\" target=\"_blank\" rel=\"noreferrer noopener\">Universidad de Chile&nbsp;<\/a>(N\u00b06), le siguen la&nbsp;<a href=\"https:\/\/www.pucv.cl\/\" target=\"_blank\" rel=\"noreferrer noopener\">Pontificia Universidad Cat\u00f3lica de Valpara\u00edso&nbsp;<\/a>(N\u00b024) y la&nbsp;<a href=\"https:\/\/www.usach.cl\/\" target=\"_blank\" rel=\"noreferrer noopener\">Universidad de Santiago<\/a>&nbsp;(N\u00b030).&nbsp;&nbsp;<\/p>\n\n\n\n<p>En el caso de la UC, destaca su alto desempe\u00f1o en sus indicadores de investigaci\u00f3n (99,8 puntos) y citas (95,3), as\u00ed como en las m\u00e9tricas de internacionalizaci\u00f3n (93,1 puntos) e ingresos provenientes de la industria (99,4 puntos).<\/p>\n\n\n\n<p>El rector Ignacio S\u00e1nchez subraya la relevancia que tiene para nuestra universidad mantener su liderazgo en la regi\u00f3n por tercer a\u00f1o consecutivo, en especial en tiempos&nbsp;que han estado marcados por la pandemia y la crisis social. \u201cA pesar de lo complejo que ha sido el \u00faltimo a\u00f1o,&nbsp;la UC ha logrado reforzar y demostrar su compromiso con sus estudiantes, con la comunidad universitaria y con el pa\u00eds, junto con avanzar en investigaci\u00f3n e internacionalizaci\u00f3n, lo que se ve reflejado en los resultados de este ranking\u201d, sostiene.<\/p>\n\n\n\n<p>&#8220;Este reconocimiento internacional es fruto del trabajo, esfuerzo y dedicaci\u00f3n de todos nuestros estudiantes, profesores, profesionales y personal administrativo que conforman la gran comunidad universitaria (&#8230;) nos alegra y compromete con nuestras tareas futuras&#8221;- Ignacio S\u00e1nchez, rector<\/p>\n\n\n\n<p><a href=\"https:\/\/twitter.com\/intent\/tweet?text=%22Este%20reconocimiento%20internacional%20es%20fruto%20del%20trabajo,%20esfuerzo%20y%20dedicaci%C3%B3n%20de%20todos%20nuestros%20estudiantes,%20profesores,%20profesionales%20y%20personal%20administrativ...%20%3Ca%20href=\"><\/a><\/p>\n\n\n\n<p>Y agrega que \u201ceste reconocimiento internacional es fruto del trabajo, esfuerzo y dedicaci\u00f3n de todos nuestros estudiantes, profesores, profesionales y personal administrativo que conforman la gran comunidad universitaria. Un reconocimiento que nos alegra y compromete con nuestras tareas futuras\u201d.<\/p>\n\n\n\n<p>Por su parte, el prorrector Guillermo Marshall destaca que la UC por tercer a\u00f1o consecutivo sigue liderando el ranking de universidades latinoamericanas,&nbsp;\u201ccon un alto puntaje en las cinco dimensiones que incluye su metodolog\u00eda, docencia, investigaci\u00f3n, influencia en creaci\u00f3n, emprendimiento e internacionalizaci\u00f3n\u201d.<\/p>\n\n\n\n<figure class=\"wp-block-image size-full\"><img decoding=\"async\" width=\"700\" height=\"424\" src=\"https:\/\/fadeu.urantiacos.cl\/wp-content\/uploads\/2023\/09\/grafico2ranking.jpg\" alt=\"\" class=\"wp-image-6666\" srcset=\"https:\/\/fadeu.urantiacos.cl\/wp-content\/uploads\/2023\/09\/grafico2ranking.jpg 700w, https:\/\/fadeu.urantiacos.cl\/wp-content\/uploads\/2023\/09\/grafico2ranking-300x182.jpg 300w\" sizes=\"(max-width: 700px) 100vw, 700px\" \/><\/figure>\n\n\n\n<h3 class=\"wp-block-heading\">Rese\u00f1a<\/h3>\n\n\n\n<p>La&nbsp;<a href=\"https:\/\/www.timeshighereducation.com\/\" target=\"_blank\" rel=\"noreferrer noopener\">revista brit\u00e1nica Times Higher Education (THE<\/a>) publica desde el a\u00f1o 2004 su ranking mundial de universidades (THE World University Rankings).&nbsp; Se trata de uno de los rankings universitarios m\u00e1s reconocido y utilizado internacionalmente, junto con el&nbsp;<a href=\"https:\/\/www.topuniversities.com\/university-rankings\/world-university-rankings\/2022\" target=\"_blank\" rel=\"noreferrer noopener\">QS World University Rankings de la empresa Quacquarelli Symonds (QS)<\/a>&nbsp;y el&nbsp;<a href=\"https:\/\/www.shanghairanking.com\/rankings\/arwu\/2020\" target=\"_blank\" rel=\"noreferrer noopener\">Academic Ranking of World Universities (ARWU) de la Universidad de Shanghai Jiao Tong.<\/a><\/p>\n\n\n\n<p>Entre los a\u00f1os 2004 y 2009, la revista Times public\u00f3 anualmente su ranking de universidades en colaboraci\u00f3n con la empresa QS, ranking que fue conocido como THE-QS World University Rankings.<\/p>\n\n\n\n<p>En 2010, la revista Times comenz\u00f3 a elaborar un nuevo ranking con una metodolog\u00eda distinta y usando a&nbsp;<a href=\"https:\/\/www.thomsonreuters.cl\/PortalLN\/HomeTR\/Home.asp\" target=\"_blank\" rel=\"noreferrer noopener\">Thomson Reuters&nbsp;<\/a>como proveedor de informaci\u00f3n.&nbsp; Por su parte, la compa\u00f1\u00eda QS continu\u00f3 el desarrollo de su ranking con la metodolog\u00eda utilizada originalmente, trabajo que se publica anualmente en el sitio web de QS.&nbsp; Desde el a\u00f1o 2015, el ranking Times utiliza como fuente a&nbsp;<a href=\"https:\/\/scholar.google.cl\/scholar?q=SCOPUS+de+Elsevier&amp;hl=es&amp;as_sdt=0&amp;as_vis=1&amp;oi=scholart\" target=\"_blank\" rel=\"noreferrer noopener\">SCOPUS de Elsevier<\/a>&nbsp;en reemplazo de Thomson Reuters. Este estudio es actualmente conocido como&nbsp;<a href=\"https:\/\/www.timeshighereducation.com\/content\/world-university-rankings\" target=\"_blank\" rel=\"noreferrer noopener\">THE World University Rankings.<\/a><\/p>\n\n\n\n<p>En julio de 2016 THE Latin America University Rankings lanz\u00f3 un ranking piloto centrado solo en universidades de Latinoam\u00e9rica, basado en los mismos indicadores usados en el ranking mundial, pero con cambios en las ponderaciones de algunos de ellos para reflejar las prioridades de las instituciones de la regi\u00f3n. Este mes de julio de 2021 se public\u00f3 la sexta versi\u00f3n de este ranking regional.<\/p>\n\n\n\n<h3 class=\"wp-block-heading\">Metodolog\u00eda<\/h3>\n\n\n\n<p>La metodolog\u00eda usada por el THE Latin American University Rankings considera los mismos 13 indicadores utilizados por el ranking mundial, agrupados en 5 grandes \u00e1reas: docencia, investigaci\u00f3n, citas, perspectiva internacional e ingresos de la industria. La versi\u00f3n mundial del estudio y el nuevo ranking regional se diferencian en las ponderaciones dadas a cada indicador en cada uno de ellos. En t\u00e9rminos generales, el ranking latinoamericano reduce el peso del indicador de citaciones con respecto al ranking mundial (30% en world university rankings y 20% en la versi\u00f3n latinoamericana) para aumentar el peso del n\u00famero de publicaciones por profesor (de 6% a 10%) y de los indicadores asociados a docencia (30% a 36%, manteniendo el peso de la encuesta de reputaci\u00f3n acad\u00e9mica en 15%).<\/p>\n\n\n\n<p>Para obtener el puntaje de cada instituci\u00f3n en estos indicadores (que va entre 0 y 100), el ranking utiliza 3 fuentes de informaci\u00f3n:<\/p>\n\n\n\n<ul class=\"wp-block-list\">\n<li>Encuesta de reputaci\u00f3n acad\u00e9mica aplicada por el mismo THE Latin American University Rankings a acad\u00e9micos de todo el mundo.&nbsp;A partir de los resultados de esta encuesta anual se obtienen los indicadores de reputaci\u00f3n acad\u00e9mica asociados a docencia (15%) e investigaci\u00f3n (18%). La \u00faltima versi\u00f3n de la encuesta fue aplicada entre noviembre de 2020 y marzo de 2021. Los resultados 2021 fueron combinados con los obtenidos en la encuesta de 2020, totalizando m\u00e1s de 21.000 respuestas consideradas en el ranking.<\/li>\n\n\n\n<li>SCOPUS de Elsevier.&nbsp;Todos los datos de publicaciones y citaciones (incluyendo la coautor\u00eda internacional) se obtienen de la base de datos SCOPUS. Para el ranking latinoamericano 2021, se consideraron todas las publicaciones realizadas entre los a\u00f1os 2016 y 2020.<\/li>\n\n\n\n<li>Las propias instituciones. Los datos asociados a n\u00famero de alumnos, graduados y acad\u00e9micos, as\u00ed como los ingresos que reciben las universidades, son entregados a THE Latin American University Rankings por las propias instituciones.<\/li>\n<\/ul>\n\n\n\n<p>El ranking excluye a universidades que no impartan docencia de pregrado o que tengan menos de 200 publicaciones indexadas en el per\u00edodo 2016-2020. Tambi\u00e9n son excluidas las universidades en que m\u00e1s del 80% de su actividad se concentre en una de las once \u00e1reas del conocimiento consideradas en el ranking. &nbsp;<\/p>\n\n\n\n<p>M\u00e1s informaci\u00f3n sobre el ranking en:&nbsp;<a href=\"https:\/\/www.timeshighereducation.com\/world-university-rankings\/2021\/latin-america-university-rankings#!\/page\/0\/length\/25\/sort_by\/rank\/sort_order\/asc\/cols\/undefined\" target=\"_blank\" rel=\"noreferrer noopener\">https:\/\/www.timeshighereducation.com\/world-university-rankings\/2021\/latin-america-university-rankings<\/a>&nbsp;&nbsp; &nbsp; &nbsp; &nbsp;<\/p>\n","protected":false},"excerpt":{"rendered":"<p>El ranking destaca el alto desempe\u00f1o de la instituci\u00f3n en sus indicadores de investigaci\u00f3n (99,8 puntos) y citas (95,3), as\u00ed como en las m\u00e9tricas de internacionalizaci\u00f3n (93,1 puntos) e ingresos provenientes de la industria (99,4 puntos).<\/p>\n","protected":false},"author":1,"featured_media":6664,"comment_status":"open","ping_status":"open","sticky":false,"template":"","format":"standard","meta":{"_acf_changed":false,"footnotes":""},"categories":[1],"tags":[],"class_list":["post-6663","post","type-post","status-publish","format-standard","has-post-thumbnail","hentry","category-sin-categorizar"],"acf":[],"yoast_head":"<!-- This site is optimized with the Yoast SEO plugin v27.1.1 - https:\/\/yoast.com\/product\/yoast-seo-wordpress\/ -->\n<title>THE Latin America University Rankings sit\u00faa a la UC l\u00edder de la regi\u00f3n - Facultad de Arquitectura, Dise\u00f1o y Estudios Urbanos<\/title>\n<meta name=\"description\" content=\"El ranking destaca el alto desempe\u00f1o de la instituci\u00f3n en sus indicadores de investigaci\u00f3n (99,8 puntos) y citas (95,3), as\u00ed como en las m\u00e9tricas de internacionalizaci\u00f3n (93,1 puntos) e ingresos provenientes de la industria (99,4 puntos).\" \/>\n<meta name=\"robots\" content=\"index, follow, max-snippet:-1, max-image-preview:large, max-video-preview:-1\" \/>\n<link rel=\"canonical\" href=\"https:\/\/fadeu.urantiacos.cl\/en\/2021\/07\/14\/the-latin-america-university-rankings-situa-a-la-uc-lider-de-la-region\/\" \/>\n<meta property=\"og:locale\" content=\"en_US\" \/>\n<meta property=\"og:type\" content=\"article\" \/>\n<meta property=\"og:title\" content=\"THE Latin America University Rankings sit\u00faa a la UC l\u00edder de la regi\u00f3n - Facultad de Arquitectura, Dise\u00f1o y Estudios Urbanos\" \/>\n<meta property=\"og:description\" content=\"El ranking destaca el alto desempe\u00f1o de la instituci\u00f3n en sus indicadores de investigaci\u00f3n (99,8 puntos) y citas (95,3), as\u00ed como en las m\u00e9tricas de internacionalizaci\u00f3n (93,1 puntos) e ingresos provenientes de la industria (99,4 puntos).\" \/>\n<meta property=\"og:url\" content=\"https:\/\/fadeu.urantiacos.cl\/en\/2021\/07\/14\/the-latin-america-university-rankings-situa-a-la-uc-lider-de-la-region\/\" \/>\n<meta property=\"og:site_name\" content=\"Facultad de Arquitectura, Dise\u00f1o y Estudios Urbanos\" \/>\n<meta property=\"article:published_time\" content=\"2021-07-14T23:26:00+00:00\" \/>\n<meta property=\"article:modified_time\" content=\"2023-09-07T23:30:04+00:00\" \/>\n<meta property=\"og:image\" content=\"https:\/\/fadeu.urantiacos.cl\/wp-content\/uploads\/2023\/09\/fotooooooooooooo.700x532_web.jpg\" \/>\n\t<meta property=\"og:image:width\" content=\"350\" \/>\n\t<meta property=\"og:image:height\" content=\"250\" \/>\n\t<meta property=\"og:image:type\" content=\"image\/jpeg\" \/>\n<meta name=\"author\" content=\"manadmin\" \/>\n<meta name=\"twitter:card\" content=\"summary_large_image\" \/>\n<meta name=\"twitter:label1\" content=\"Written by\" \/>\n\t<meta name=\"twitter:data1\" content=\"manadmin\" \/>\n\t<meta name=\"twitter:label2\" content=\"Est. reading time\" \/>\n\t<meta name=\"twitter:data2\" content=\"5 minutes\" \/>\n<script type=\"application\/ld+json\" class=\"yoast-schema-graph\">{\"@context\":\"https:\/\/schema.org\",\"@graph\":[{\"@type\":\"Article\",\"@id\":\"https:\/\/fadeu.urantiacos.cl\/en\/2021\/07\/14\/the-latin-america-university-rankings-situa-a-la-uc-lider-de-la-region\/#article\",\"isPartOf\":{\"@id\":\"https:\/\/fadeu.urantiacos.cl\/en\/2021\/07\/14\/the-latin-america-university-rankings-situa-a-la-uc-lider-de-la-region\/\"},\"author\":{\"name\":\"manadmin\",\"@id\":\"https:\/\/fadeu.urantiacos.cl\/en\/#\/schema\/person\/d203e2e84b1c40275eac77b3061a19a2\"},\"headline\":\"THE Latin America University Rankings sit\u00faa a la UC l\u00edder de la regi\u00f3n\",\"datePublished\":\"2021-07-14T23:26:00+00:00\",\"dateModified\":\"2023-09-07T23:30:04+00:00\",\"mainEntityOfPage\":{\"@id\":\"https:\/\/fadeu.urantiacos.cl\/en\/2021\/07\/14\/the-latin-america-university-rankings-situa-a-la-uc-lider-de-la-region\/\"},\"wordCount\":1070,\"commentCount\":0,\"image\":{\"@id\":\"https:\/\/fadeu.urantiacos.cl\/en\/2021\/07\/14\/the-latin-america-university-rankings-situa-a-la-uc-lider-de-la-region\/#primaryimage\"},\"thumbnailUrl\":\"https:\/\/fadeu.urantiacos.cl\/wp-content\/uploads\/2023\/09\/fotooooooooooooo.700x532_web.jpg\",\"articleSection\":[\"Sin categorizar\"],\"inLanguage\":\"en-US\",\"potentialAction\":[{\"@type\":\"CommentAction\",\"name\":\"Comment\",\"target\":[\"https:\/\/fadeu.urantiacos.cl\/en\/2021\/07\/14\/the-latin-america-university-rankings-situa-a-la-uc-lider-de-la-region\/#respond\"]}]},{\"@type\":\"WebPage\",\"@id\":\"https:\/\/fadeu.urantiacos.cl\/en\/2021\/07\/14\/the-latin-america-university-rankings-situa-a-la-uc-lider-de-la-region\/\",\"url\":\"https:\/\/fadeu.urantiacos.cl\/en\/2021\/07\/14\/the-latin-america-university-rankings-situa-a-la-uc-lider-de-la-region\/\",\"name\":\"THE Latin America University Rankings sit\u00faa a la UC l\u00edder de la regi\u00f3n - Facultad de Arquitectura, Dise\u00f1o y Estudios Urbanos\",\"isPartOf\":{\"@id\":\"https:\/\/fadeu.urantiacos.cl\/en\/#website\"},\"primaryImageOfPage\":{\"@id\":\"https:\/\/fadeu.urantiacos.cl\/en\/2021\/07\/14\/the-latin-america-university-rankings-situa-a-la-uc-lider-de-la-region\/#primaryimage\"},\"image\":{\"@id\":\"https:\/\/fadeu.urantiacos.cl\/en\/2021\/07\/14\/the-latin-america-university-rankings-situa-a-la-uc-lider-de-la-region\/#primaryimage\"},\"thumbnailUrl\":\"https:\/\/fadeu.urantiacos.cl\/wp-content\/uploads\/2023\/09\/fotooooooooooooo.700x532_web.jpg\",\"datePublished\":\"2021-07-14T23:26:00+00:00\",\"dateModified\":\"2023-09-07T23:30:04+00:00\",\"author\":{\"@id\":\"https:\/\/fadeu.urantiacos.cl\/en\/#\/schema\/person\/d203e2e84b1c40275eac77b3061a19a2\"},\"description\":\"El ranking destaca el alto desempe\u00f1o de la instituci\u00f3n en sus indicadores de investigaci\u00f3n (99,8 puntos) y citas (95,3), as\u00ed como en las m\u00e9tricas de internacionalizaci\u00f3n (93,1 puntos) e ingresos provenientes de la industria (99,4 puntos).\",\"breadcrumb\":{\"@id\":\"https:\/\/fadeu.urantiacos.cl\/en\/2021\/07\/14\/the-latin-america-university-rankings-situa-a-la-uc-lider-de-la-region\/#breadcrumb\"},\"inLanguage\":\"en-US\",\"potentialAction\":[{\"@type\":\"ReadAction\",\"target\":[\"https:\/\/fadeu.urantiacos.cl\/en\/2021\/07\/14\/the-latin-america-university-rankings-situa-a-la-uc-lider-de-la-region\/\"]}]},{\"@type\":\"ImageObject\",\"inLanguage\":\"en-US\",\"@id\":\"https:\/\/fadeu.urantiacos.cl\/en\/2021\/07\/14\/the-latin-america-university-rankings-situa-a-la-uc-lider-de-la-region\/#primaryimage\",\"url\":\"https:\/\/fadeu.urantiacos.cl\/wp-content\/uploads\/2023\/09\/fotooooooooooooo.700x532_web.jpg\",\"contentUrl\":\"https:\/\/fadeu.urantiacos.cl\/wp-content\/uploads\/2023\/09\/fotooooooooooooo.700x532_web.jpg\",\"width\":350,\"height\":250},{\"@type\":\"BreadcrumbList\",\"@id\":\"https:\/\/fadeu.urantiacos.cl\/en\/2021\/07\/14\/the-latin-america-university-rankings-situa-a-la-uc-lider-de-la-region\/#breadcrumb\",\"itemListElement\":[{\"@type\":\"ListItem\",\"position\":1,\"name\":\"Portada\",\"item\":\"https:\/\/fadeu.urantiacos.cl\/en\/\"},{\"@type\":\"ListItem\",\"position\":2,\"name\":\"THE Latin America University Rankings sit\u00faa a la UC l\u00edder de la regi\u00f3n\"}]},{\"@type\":\"WebSite\",\"@id\":\"https:\/\/fadeu.urantiacos.cl\/en\/#website\",\"url\":\"https:\/\/fadeu.urantiacos.cl\/en\/\",\"name\":\"Facultad de Arquitectura, Dise\u00f1o y Estudios Urbanos\",\"description\":\"Campus Lo Contador\",\"potentialAction\":[{\"@type\":\"SearchAction\",\"target\":{\"@type\":\"EntryPoint\",\"urlTemplate\":\"https:\/\/fadeu.urantiacos.cl\/en\/?s={search_term_string}\"},\"query-input\":{\"@type\":\"PropertyValueSpecification\",\"valueRequired\":true,\"valueName\":\"search_term_string\"}}],\"inLanguage\":\"en-US\"},{\"@type\":\"Person\",\"@id\":\"https:\/\/fadeu.urantiacos.cl\/en\/#\/schema\/person\/d203e2e84b1c40275eac77b3061a19a2\",\"name\":\"manadmin\",\"image\":{\"@type\":\"ImageObject\",\"inLanguage\":\"en-US\",\"@id\":\"https:\/\/fadeu.urantiacos.cl\/en\/#\/schema\/person\/image\/\",\"url\":\"https:\/\/secure.gravatar.com\/avatar\/4b1d8e3303b4a9d8968ac578947d8bc80d9aea359f388cdd4aac15cadc0e8447?s=96&d=mm&r=g\",\"contentUrl\":\"https:\/\/secure.gravatar.com\/avatar\/4b1d8e3303b4a9d8968ac578947d8bc80d9aea359f388cdd4aac15cadc0e8447?s=96&d=mm&r=g\",\"caption\":\"manadmin\"},\"sameAs\":[\"https:\/\/fadeu.urantiacos.cl\"]}]}<\/script>\n<!-- \/ Yoast SEO plugin. -->","yoast_head_json":{"title":"THE Latin America University Rankings sit\u00faa a la UC l\u00edder de la regi\u00f3n - Facultad de Arquitectura, Dise\u00f1o y Estudios Urbanos","description":"El ranking destaca el alto desempe\u00f1o de la instituci\u00f3n en sus indicadores de investigaci\u00f3n (99,8 puntos) y citas (95,3), as\u00ed como en las m\u00e9tricas de internacionalizaci\u00f3n (93,1 puntos) e ingresos provenientes de la industria (99,4 puntos).","robots":{"index":"index","follow":"follow","max-snippet":"max-snippet:-1","max-image-preview":"max-image-preview:large","max-video-preview":"max-video-preview:-1"},"canonical":"https:\/\/fadeu.urantiacos.cl\/en\/2021\/07\/14\/the-latin-america-university-rankings-situa-a-la-uc-lider-de-la-region\/","og_locale":"en_US","og_type":"article","og_title":"THE Latin America University Rankings sit\u00faa a la UC l\u00edder de la regi\u00f3n - Facultad de Arquitectura, Dise\u00f1o y Estudios Urbanos","og_description":"El ranking destaca el alto desempe\u00f1o de la instituci\u00f3n en sus indicadores de investigaci\u00f3n (99,8 puntos) y citas (95,3), as\u00ed como en las m\u00e9tricas de internacionalizaci\u00f3n (93,1 puntos) e ingresos provenientes de la industria (99,4 puntos).","og_url":"https:\/\/fadeu.urantiacos.cl\/en\/2021\/07\/14\/the-latin-america-university-rankings-situa-a-la-uc-lider-de-la-region\/","og_site_name":"Facultad de Arquitectura, Dise\u00f1o y Estudios Urbanos","article_published_time":"2021-07-14T23:26:00+00:00","article_modified_time":"2023-09-07T23:30:04+00:00","og_image":[{"width":350,"height":250,"url":"https:\/\/fadeu.urantiacos.cl\/wp-content\/uploads\/2023\/09\/fotooooooooooooo.700x532_web.jpg","type":"image\/jpeg"}],"author":"manadmin","twitter_card":"summary_large_image","twitter_misc":{"Written by":"manadmin","Est. reading time":"5 minutes"},"schema":{"@context":"https:\/\/schema.org","@graph":[{"@type":"Article","@id":"https:\/\/fadeu.urantiacos.cl\/en\/2021\/07\/14\/the-latin-america-university-rankings-situa-a-la-uc-lider-de-la-region\/#article","isPartOf":{"@id":"https:\/\/fadeu.urantiacos.cl\/en\/2021\/07\/14\/the-latin-america-university-rankings-situa-a-la-uc-lider-de-la-region\/"},"author":{"name":"manadmin","@id":"https:\/\/fadeu.urantiacos.cl\/en\/#\/schema\/person\/d203e2e84b1c40275eac77b3061a19a2"},"headline":"THE Latin America University Rankings sit\u00faa a la UC l\u00edder de la regi\u00f3n","datePublished":"2021-07-14T23:26:00+00:00","dateModified":"2023-09-07T23:30:04+00:00","mainEntityOfPage":{"@id":"https:\/\/fadeu.urantiacos.cl\/en\/2021\/07\/14\/the-latin-america-university-rankings-situa-a-la-uc-lider-de-la-region\/"},"wordCount":1070,"commentCount":0,"image":{"@id":"https:\/\/fadeu.urantiacos.cl\/en\/2021\/07\/14\/the-latin-america-university-rankings-situa-a-la-uc-lider-de-la-region\/#primaryimage"},"thumbnailUrl":"https:\/\/fadeu.urantiacos.cl\/wp-content\/uploads\/2023\/09\/fotooooooooooooo.700x532_web.jpg","articleSection":["Sin categorizar"],"inLanguage":"en-US","potentialAction":[{"@type":"CommentAction","name":"Comment","target":["https:\/\/fadeu.urantiacos.cl\/en\/2021\/07\/14\/the-latin-america-university-rankings-situa-a-la-uc-lider-de-la-region\/#respond"]}]},{"@type":"WebPage","@id":"https:\/\/fadeu.urantiacos.cl\/en\/2021\/07\/14\/the-latin-america-university-rankings-situa-a-la-uc-lider-de-la-region\/","url":"https:\/\/fadeu.urantiacos.cl\/en\/2021\/07\/14\/the-latin-america-university-rankings-situa-a-la-uc-lider-de-la-region\/","name":"THE Latin America University Rankings sit\u00faa a la UC l\u00edder de la regi\u00f3n - Facultad de Arquitectura, Dise\u00f1o y Estudios Urbanos","isPartOf":{"@id":"https:\/\/fadeu.urantiacos.cl\/en\/#website"},"primaryImageOfPage":{"@id":"https:\/\/fadeu.urantiacos.cl\/en\/2021\/07\/14\/the-latin-america-university-rankings-situa-a-la-uc-lider-de-la-region\/#primaryimage"},"image":{"@id":"https:\/\/fadeu.urantiacos.cl\/en\/2021\/07\/14\/the-latin-america-university-rankings-situa-a-la-uc-lider-de-la-region\/#primaryimage"},"thumbnailUrl":"https:\/\/fadeu.urantiacos.cl\/wp-content\/uploads\/2023\/09\/fotooooooooooooo.700x532_web.jpg","datePublished":"2021-07-14T23:26:00+00:00","dateModified":"2023-09-07T23:30:04+00:00","author":{"@id":"https:\/\/fadeu.urantiacos.cl\/en\/#\/schema\/person\/d203e2e84b1c40275eac77b3061a19a2"},"description":"El ranking destaca el alto desempe\u00f1o de la instituci\u00f3n en sus indicadores de investigaci\u00f3n (99,8 puntos) y citas (95,3), as\u00ed como en las m\u00e9tricas de internacionalizaci\u00f3n (93,1 puntos) e ingresos provenientes de la industria (99,4 puntos).","breadcrumb":{"@id":"https:\/\/fadeu.urantiacos.cl\/en\/2021\/07\/14\/the-latin-america-university-rankings-situa-a-la-uc-lider-de-la-region\/#breadcrumb"},"inLanguage":"en-US","potentialAction":[{"@type":"ReadAction","target":["https:\/\/fadeu.urantiacos.cl\/en\/2021\/07\/14\/the-latin-america-university-rankings-situa-a-la-uc-lider-de-la-region\/"]}]},{"@type":"ImageObject","inLanguage":"en-US","@id":"https:\/\/fadeu.urantiacos.cl\/en\/2021\/07\/14\/the-latin-america-university-rankings-situa-a-la-uc-lider-de-la-region\/#primaryimage","url":"https:\/\/fadeu.urantiacos.cl\/wp-content\/uploads\/2023\/09\/fotooooooooooooo.700x532_web.jpg","contentUrl":"https:\/\/fadeu.urantiacos.cl\/wp-content\/uploads\/2023\/09\/fotooooooooooooo.700x532_web.jpg","width":350,"height":250},{"@type":"BreadcrumbList","@id":"https:\/\/fadeu.urantiacos.cl\/en\/2021\/07\/14\/the-latin-america-university-rankings-situa-a-la-uc-lider-de-la-region\/#breadcrumb","itemListElement":[{"@type":"ListItem","position":1,"name":"Portada","item":"https:\/\/fadeu.urantiacos.cl\/en\/"},{"@type":"ListItem","position":2,"name":"THE Latin America University Rankings sit\u00faa a la UC l\u00edder de la regi\u00f3n"}]},{"@type":"WebSite","@id":"https:\/\/fadeu.urantiacos.cl\/en\/#website","url":"https:\/\/fadeu.urantiacos.cl\/en\/","name":"Facultad de Arquitectura, Dise\u00f1o y Estudios Urbanos","description":"Campus Lo Contador","potentialAction":[{"@type":"SearchAction","target":{"@type":"EntryPoint","urlTemplate":"https:\/\/fadeu.urantiacos.cl\/en\/?s={search_term_string}"},"query-input":{"@type":"PropertyValueSpecification","valueRequired":true,"valueName":"search_term_string"}}],"inLanguage":"en-US"},{"@type":"Person","@id":"https:\/\/fadeu.urantiacos.cl\/en\/#\/schema\/person\/d203e2e84b1c40275eac77b3061a19a2","name":"manadmin","image":{"@type":"ImageObject","inLanguage":"en-US","@id":"https:\/\/fadeu.urantiacos.cl\/en\/#\/schema\/person\/image\/","url":"https:\/\/secure.gravatar.com\/avatar\/4b1d8e3303b4a9d8968ac578947d8bc80d9aea359f388cdd4aac15cadc0e8447?s=96&d=mm&r=g","contentUrl":"https:\/\/secure.gravatar.com\/avatar\/4b1d8e3303b4a9d8968ac578947d8bc80d9aea359f388cdd4aac15cadc0e8447?s=96&d=mm&r=g","caption":"manadmin"},"sameAs":["https:\/\/fadeu.urantiacos.cl"]}]}},"_links":{"self":[{"href":"https:\/\/fadeu.urantiacos.cl\/en\/wp-json\/wp\/v2\/posts\/6663","targetHints":{"allow":["GET"]}}],"collection":[{"href":"https:\/\/fadeu.urantiacos.cl\/en\/wp-json\/wp\/v2\/posts"}],"about":[{"href":"https:\/\/fadeu.urantiacos.cl\/en\/wp-json\/wp\/v2\/types\/post"}],"author":[{"embeddable":true,"href":"https:\/\/fadeu.urantiacos.cl\/en\/wp-json\/wp\/v2\/users\/1"}],"replies":[{"embeddable":true,"href":"https:\/\/fadeu.urantiacos.cl\/en\/wp-json\/wp\/v2\/comments?post=6663"}],"version-history":[{"count":1,"href":"https:\/\/fadeu.urantiacos.cl\/en\/wp-json\/wp\/v2\/posts\/6663\/revisions"}],"predecessor-version":[{"id":6667,"href":"https:\/\/fadeu.urantiacos.cl\/en\/wp-json\/wp\/v2\/posts\/6663\/revisions\/6667"}],"wp:featuredmedia":[{"embeddable":true,"href":"https:\/\/fadeu.urantiacos.cl\/en\/wp-json\/wp\/v2\/media\/6664"}],"wp:attachment":[{"href":"https:\/\/fadeu.urantiacos.cl\/en\/wp-json\/wp\/v2\/media?parent=6663"}],"wp:term":[{"taxonomy":"category","embeddable":true,"href":"https:\/\/fadeu.urantiacos.cl\/en\/wp-json\/wp\/v2\/categories?post=6663"},{"taxonomy":"post_tag","embeddable":true,"href":"https:\/\/fadeu.urantiacos.cl\/en\/wp-json\/wp\/v2\/tags?post=6663"}],"curies":[{"name":"wp","href":"https:\/\/api.w.org\/{rel}","templated":true}]}}