{"id":6651,"date":"2021-07-18T20:19:00","date_gmt":"2021-07-18T23:19:00","guid":{"rendered":"https:\/\/fadeu.urantiacos.cl\/?p=6651"},"modified":"2023-09-07T20:21:45","modified_gmt":"2023-09-07T23:21:45","slug":"profesores-gray-vergara-y-meneses-lanzaron-el-manual-de-diseno-basico-para-el-taller-de-arquitectura","status":"publish","type":"post","link":"https:\/\/fadeu.urantiacos.cl\/en\/2021\/07\/18\/profesores-gray-vergara-y-meneses-lanzaron-el-manual-de-diseno-basico-para-el-taller-de-arquitectura\/","title":{"rendered":"Profesores Gray, Vergara y Meneses lanzaron el Manual de Dise\u00f1o B\u00e1sico para el Taller de Arquitectura"},"content":{"rendered":"\n<figure class=\"wp-block-image size-full\"><img decoding=\"async\" width=\"350\" height=\"250\" src=\"https:\/\/fadeu.urantiacos.cl\/wp-content\/uploads\/2023\/09\/WEB_PRESENTACION_LIBRO_GREY.png\" alt=\"\" class=\"wp-image-6652\" srcset=\"https:\/\/fadeu.urantiacos.cl\/wp-content\/uploads\/2023\/09\/WEB_PRESENTACION_LIBRO_GREY.png 350w, https:\/\/fadeu.urantiacos.cl\/wp-content\/uploads\/2023\/09\/WEB_PRESENTACION_LIBRO_GREY-300x214.png 300w\" sizes=\"(max-width: 350px) 100vw, 350px\" \/><\/figure>\n\n\n\n<p>El manual, rese\u00f1a el mismo libro, surge de la experiencia docente de un grupo de profesores de tercer a\u00f1o de la Escuela de Arquitectura de la Universidad Cat\u00f3lica, y ofrece las nociones m\u00ednimas indispensables para el desarrollo y evaluaci\u00f3n de proyectos de arquitectura en las escuelas universitarias del pa\u00eds, poniendo a disposici\u00f3n de los estudiantes de Arquitectura, Dise\u00f1o, Construcci\u00f3n Civil e Ingenier\u00eda Civil, entre otros, adem\u00e1s del p\u00fablico general interesado, una gu\u00eda de dise\u00f1o de elementos, espacios y conceptos t\u00e9cnicos fundamentales para la buena pr\u00e1ctica profesional.<\/p>\n\n\n\n<p>El libro fue editado por Ediciones UC, al alero de la secci\u00f3n \u201cMaestros\u201d, a trav\u00e9s de un convenio existente con la Facultad de Arquitectura, Dise\u00f1o y Estudios Urbanos, y se constituye como un texto din\u00e1mico y ameno, con numerosas ilustraciones, en el que el lector encontrar\u00e1 el repertorio b\u00e1sico de elementos y criterios que todo proyecto debe contemplar.<\/p>\n\n\n\n<p>El Decano Mario Ubilla elogi\u00f3 el libro y a sus autores, y sostuvo que \u201ceste libro supone un proceso donde los contenidos que relata est\u00e1n fundamentados en una tradici\u00f3n en la ense\u00f1anza del taller, el espacio amplio para la ideaci\u00f3n del proyecto, ese espacio donde se juega la capacidad creadora de los que se forman en arquitectura\u201d, agregando que \u201cdescribe, adem\u00e1s, el paso de muchas personas en este rol formador, por tanto, el libro adem\u00e1s de entregar valiosa informaci\u00f3n para el ejercicio proyectual tambi\u00e9n refleja una experiencia que comenzaron otros profesores como Luis Eduardo Bresciani Prieto y Dino Bozzi\u201d.<\/p>\n\n\n\n<p>Por su parte, la directora de Ediciones UC, Mar\u00eda Ang\u00e9lica Zegers, sostuvo que \u201cuna editorial universitaria debe ser un referente en materia acad\u00e9mica, y este libro no solo cumple con creces ese par\u00e1metro, sino, adem\u00e1s, grafica la delicada tarea que significa escribir un libro desde que el autor se lo imagina hasta que es distribuido en distintas plataformas. Es un proceso largo, que en este caso recoge 25 a\u00f1os de taller en la escuela de Arquitectura de la UC, 25 a\u00f1os de interacci\u00f3n estudiante\/profesor y de m\u00faltiples ensayos y errores\u201d.<\/p>\n\n\n\n<p>Luis Eduardo Bresciani, director de la escuela de Arquitectura afirm\u00f3 que \u201cla arquitectura est\u00e1 presente en la vida de todas las personas, m\u00e1s all\u00e1 del ejercicio de la profesi\u00f3n, sobre todo ahora que estamos todos encerrados en nuestras casas, por lo tanto, publicar en estos tiempos es una proeza, por lo tanto, solo dar mis felicitaciones a sus autores, por un libro que re\u00fane experiencias, aprendizajes, errores y saberes acumulados durante tantos a\u00f1os, porque se transforma en un tremendo aporte a nuestra escuela, que recopila lo ya hecho y porque se proyecta como un apoyo permanente para la formaci\u00f3n y el ejercicio profesional\u201d.<\/p>\n\n\n\n<p><strong>Los autores<\/strong><\/p>\n\n\n\n<p>Sebasti\u00e1n Gray agradeci\u00f3 las palabras de las autoridades y advirti\u00f3 que \u201cdebemos agradecer al Decano Ubilla y a Ediciones UC, representado en Mar\u00eda Ang\u00e9lica Zegers, por cuanto este libro es fruto de un convenio que existe entre la Facultad y Ediciones UC, una relaci\u00f3n fruct\u00edfera y llena de \u00e1nimo productivo que se ha ido consolidando en el tiempo con una serie de t\u00edtulos que preceden este libro\u201d.<\/p>\n\n\n\n<p>\u201cReconocemos en este libro a todos quienes aportaron a su confecci\u00f3n durante tantos a\u00f1os, con el trabajo que anta\u00f1o realizaron Luis Eduardo Bresciani Prieto y Dino Bozzi. El libro es un intento de concretar un m\u00e9todo pedag\u00f3gico, en el cual hemos estado de acuerdo diversos profesores en diversos momentos, y es un m\u00e9todo convenido y expresado en equipo, que se ha expresado en un texto que pretendemos que se mantenga en el tiempo y pueda seguir siendo transmitido\u201d, agreg\u00f3.<\/p>\n\n\n\n<p>El profesor Francisco Vergara afirm\u00f3 que \u201cla arquitectura no se hace en el aire, sino se construye y se mide para poder acoger con propiedad los actos de vida de nosotros los humanos y todo lo que nos rodea, por lo tanto, a mi siempre me ha importado relevar estos aspectos, y eso a m\u00ed es lo que m\u00e1s me gusta de esta experiencia, en la que participamos como una suerte de posta con Sebasti\u00e1n y Camilo, y esperamos que sea de agrado de las futuras generaciones\u201d.<\/p>\n\n\n\n<p>Por su parte, el profesor Camilo Meneses sostuvo que \u201cpara m\u00ed ha sido una experiencia maravillosa, aprendiendo de los profesores Gray y Vergara, y de poder sentirme parte de este equipo, en esta posta que tom\u00e9 hace cuatro a\u00f1os, porque me ha hecho un mejor arquitecto\u201d.<\/p>\n\n\n\n<p>El libro est\u00e1 disponible en Ediciones UC (<a href=\"https:\/\/ediciones.uc.cl\/\">https:\/\/ediciones.uc.cl\/<\/a>) con un 20% de descuento por motivos de lanzamiento oficial.<\/p>\n\n\n\n<p>INFORMACI\u00d3N PERIOD\u00cdSTICA<br>JUAN ANDR\u00c9S INZUNZA<\/p>\n\n\n\n<figure class=\"wp-block-embed is-type-video is-provider-youtube wp-block-embed-youtube wp-embed-aspect-16-9 wp-has-aspect-ratio\"><div class=\"wp-block-embed__wrapper\">\n<iframe loading=\"lazy\" title=\"Presentaci\u00f3n: Manual de Dise\u00f1o B\u00e1sico para el Taller de Arquitectura\" width=\"500\" height=\"281\" src=\"https:\/\/www.youtube.com\/embed\/ibiae_t55B4?feature=oembed\" frameborder=\"0\" allow=\"accelerometer; autoplay; clipboard-write; encrypted-media; gyroscope; picture-in-picture; web-share\" referrerpolicy=\"strict-origin-when-cross-origin\" allowfullscreen><\/iframe>\n<\/div><\/figure>\n","protected":false},"excerpt":{"rendered":"<p>Con la presencia del Decano Mario Ubilla; la Directora de Ediciones UC, Mar\u00eda Ang\u00e9lica Zegers; y el director de la escuela de Arquitectura, Luis Eduardo Bresciani, se llev\u00f3 a cabo el lanzamiento oficial del Manual de Dise\u00f1o B\u00e1sico para el Taller de Arquitectura, de los profesores Sebasti\u00e1n Gray, Francisco Vergara y Camilo Meneses.<\/p>\n","protected":false},"author":1,"featured_media":6652,"comment_status":"open","ping_status":"open","sticky":false,"template":"","format":"standard","meta":{"_acf_changed":false,"footnotes":""},"categories":[1],"tags":[],"class_list":["post-6651","post","type-post","status-publish","format-standard","has-post-thumbnail","hentry","category-sin-categorizar"],"acf":[],"yoast_head":"<!-- This site is optimized with the Yoast SEO plugin v27.1.1 - https:\/\/yoast.com\/product\/yoast-seo-wordpress\/ -->\n<title>Profesores Gray, Vergara y Meneses lanzaron el Manual de Dise\u00f1o B\u00e1sico para el Taller de Arquitectura - Facultad de Arquitectura, Dise\u00f1o y Estudios Urbanos<\/title>\n<meta name=\"description\" content=\"Con la presencia del Decano Mario Ubilla; la Directora de Ediciones UC, Mar\u00eda Ang\u00e9lica Zegers; y el director de la escuela de Arquitectura, Luis Eduardo Bresciani, se llev\u00f3 a cabo el lanzamiento oficial del Manual de Dise\u00f1o B\u00e1sico para el Taller de Arquitectura, de los profesores Sebasti\u00e1n Gray, Francisco Vergara y Camilo Meneses.\" \/>\n<meta name=\"robots\" content=\"index, follow, max-snippet:-1, max-image-preview:large, max-video-preview:-1\" \/>\n<link rel=\"canonical\" href=\"https:\/\/fadeu.urantiacos.cl\/en\/2021\/07\/18\/profesores-gray-vergara-y-meneses-lanzaron-el-manual-de-diseno-basico-para-el-taller-de-arquitectura\/\" \/>\n<meta property=\"og:locale\" content=\"en_US\" \/>\n<meta property=\"og:type\" content=\"article\" \/>\n<meta property=\"og:title\" content=\"Profesores Gray, Vergara y Meneses lanzaron el Manual de Dise\u00f1o B\u00e1sico para el Taller de Arquitectura - Facultad de Arquitectura, Dise\u00f1o y Estudios Urbanos\" \/>\n<meta property=\"og:description\" content=\"Con la presencia del Decano Mario Ubilla; la Directora de Ediciones UC, Mar\u00eda Ang\u00e9lica Zegers; y el director de la escuela de Arquitectura, Luis Eduardo Bresciani, se llev\u00f3 a cabo el lanzamiento oficial del Manual de Dise\u00f1o B\u00e1sico para el Taller de Arquitectura, de los profesores Sebasti\u00e1n Gray, Francisco Vergara y Camilo Meneses.\" \/>\n<meta property=\"og:url\" content=\"https:\/\/fadeu.urantiacos.cl\/en\/2021\/07\/18\/profesores-gray-vergara-y-meneses-lanzaron-el-manual-de-diseno-basico-para-el-taller-de-arquitectura\/\" \/>\n<meta property=\"og:site_name\" content=\"Facultad de Arquitectura, Dise\u00f1o y Estudios Urbanos\" \/>\n<meta property=\"article:published_time\" content=\"2021-07-18T23:19:00+00:00\" \/>\n<meta property=\"article:modified_time\" content=\"2023-09-07T23:21:45+00:00\" \/>\n<meta property=\"og:image\" content=\"https:\/\/fadeu.urantiacos.cl\/wp-content\/uploads\/2023\/09\/WEB_PRESENTACION_LIBRO_GREY.png\" \/>\n\t<meta property=\"og:image:width\" content=\"350\" \/>\n\t<meta property=\"og:image:height\" content=\"250\" \/>\n\t<meta property=\"og:image:type\" content=\"image\/png\" \/>\n<meta name=\"author\" content=\"manadmin\" \/>\n<meta name=\"twitter:card\" content=\"summary_large_image\" \/>\n<meta name=\"twitter:label1\" content=\"Written by\" \/>\n\t<meta name=\"twitter:data1\" content=\"manadmin\" \/>\n\t<meta name=\"twitter:label2\" content=\"Est. reading time\" \/>\n\t<meta name=\"twitter:data2\" content=\"4 minutes\" \/>\n<script type=\"application\/ld+json\" class=\"yoast-schema-graph\">{\"@context\":\"https:\/\/schema.org\",\"@graph\":[{\"@type\":\"Article\",\"@id\":\"https:\/\/fadeu.urantiacos.cl\/en\/2021\/07\/18\/profesores-gray-vergara-y-meneses-lanzaron-el-manual-de-diseno-basico-para-el-taller-de-arquitectura\/#article\",\"isPartOf\":{\"@id\":\"https:\/\/fadeu.urantiacos.cl\/en\/2021\/07\/18\/profesores-gray-vergara-y-meneses-lanzaron-el-manual-de-diseno-basico-para-el-taller-de-arquitectura\/\"},\"author\":{\"name\":\"manadmin\",\"@id\":\"https:\/\/fadeu.urantiacos.cl\/en\/#\/schema\/person\/d203e2e84b1c40275eac77b3061a19a2\"},\"headline\":\"Profesores Gray, Vergara y Meneses lanzaron el Manual de Dise\u00f1o B\u00e1sico para el Taller de Arquitectura\",\"datePublished\":\"2021-07-18T23:19:00+00:00\",\"dateModified\":\"2023-09-07T23:21:45+00:00\",\"mainEntityOfPage\":{\"@id\":\"https:\/\/fadeu.urantiacos.cl\/en\/2021\/07\/18\/profesores-gray-vergara-y-meneses-lanzaron-el-manual-de-diseno-basico-para-el-taller-de-arquitectura\/\"},\"wordCount\":825,\"commentCount\":0,\"image\":{\"@id\":\"https:\/\/fadeu.urantiacos.cl\/en\/2021\/07\/18\/profesores-gray-vergara-y-meneses-lanzaron-el-manual-de-diseno-basico-para-el-taller-de-arquitectura\/#primaryimage\"},\"thumbnailUrl\":\"https:\/\/fadeu.urantiacos.cl\/wp-content\/uploads\/2023\/09\/WEB_PRESENTACION_LIBRO_GREY.png\",\"articleSection\":[\"Sin categorizar\"],\"inLanguage\":\"en-US\",\"potentialAction\":[{\"@type\":\"CommentAction\",\"name\":\"Comment\",\"target\":[\"https:\/\/fadeu.urantiacos.cl\/en\/2021\/07\/18\/profesores-gray-vergara-y-meneses-lanzaron-el-manual-de-diseno-basico-para-el-taller-de-arquitectura\/#respond\"]}]},{\"@type\":\"WebPage\",\"@id\":\"https:\/\/fadeu.urantiacos.cl\/en\/2021\/07\/18\/profesores-gray-vergara-y-meneses-lanzaron-el-manual-de-diseno-basico-para-el-taller-de-arquitectura\/\",\"url\":\"https:\/\/fadeu.urantiacos.cl\/en\/2021\/07\/18\/profesores-gray-vergara-y-meneses-lanzaron-el-manual-de-diseno-basico-para-el-taller-de-arquitectura\/\",\"name\":\"Profesores Gray, Vergara y Meneses lanzaron el Manual de Dise\u00f1o B\u00e1sico para el Taller de Arquitectura - Facultad de Arquitectura, Dise\u00f1o y Estudios Urbanos\",\"isPartOf\":{\"@id\":\"https:\/\/fadeu.urantiacos.cl\/en\/#website\"},\"primaryImageOfPage\":{\"@id\":\"https:\/\/fadeu.urantiacos.cl\/en\/2021\/07\/18\/profesores-gray-vergara-y-meneses-lanzaron-el-manual-de-diseno-basico-para-el-taller-de-arquitectura\/#primaryimage\"},\"image\":{\"@id\":\"https:\/\/fadeu.urantiacos.cl\/en\/2021\/07\/18\/profesores-gray-vergara-y-meneses-lanzaron-el-manual-de-diseno-basico-para-el-taller-de-arquitectura\/#primaryimage\"},\"thumbnailUrl\":\"https:\/\/fadeu.urantiacos.cl\/wp-content\/uploads\/2023\/09\/WEB_PRESENTACION_LIBRO_GREY.png\",\"datePublished\":\"2021-07-18T23:19:00+00:00\",\"dateModified\":\"2023-09-07T23:21:45+00:00\",\"author\":{\"@id\":\"https:\/\/fadeu.urantiacos.cl\/en\/#\/schema\/person\/d203e2e84b1c40275eac77b3061a19a2\"},\"description\":\"Con la presencia del Decano Mario Ubilla; la Directora de Ediciones UC, Mar\u00eda Ang\u00e9lica Zegers; y el director de la escuela de Arquitectura, Luis Eduardo Bresciani, se llev\u00f3 a cabo el lanzamiento oficial del Manual de Dise\u00f1o B\u00e1sico para el Taller de Arquitectura, de los profesores Sebasti\u00e1n Gray, Francisco Vergara y Camilo Meneses.\",\"breadcrumb\":{\"@id\":\"https:\/\/fadeu.urantiacos.cl\/en\/2021\/07\/18\/profesores-gray-vergara-y-meneses-lanzaron-el-manual-de-diseno-basico-para-el-taller-de-arquitectura\/#breadcrumb\"},\"inLanguage\":\"en-US\",\"potentialAction\":[{\"@type\":\"ReadAction\",\"target\":[\"https:\/\/fadeu.urantiacos.cl\/en\/2021\/07\/18\/profesores-gray-vergara-y-meneses-lanzaron-el-manual-de-diseno-basico-para-el-taller-de-arquitectura\/\"]}]},{\"@type\":\"ImageObject\",\"inLanguage\":\"en-US\",\"@id\":\"https:\/\/fadeu.urantiacos.cl\/en\/2021\/07\/18\/profesores-gray-vergara-y-meneses-lanzaron-el-manual-de-diseno-basico-para-el-taller-de-arquitectura\/#primaryimage\",\"url\":\"https:\/\/fadeu.urantiacos.cl\/wp-content\/uploads\/2023\/09\/WEB_PRESENTACION_LIBRO_GREY.png\",\"contentUrl\":\"https:\/\/fadeu.urantiacos.cl\/wp-content\/uploads\/2023\/09\/WEB_PRESENTACION_LIBRO_GREY.png\",\"width\":350,\"height\":250},{\"@type\":\"BreadcrumbList\",\"@id\":\"https:\/\/fadeu.urantiacos.cl\/en\/2021\/07\/18\/profesores-gray-vergara-y-meneses-lanzaron-el-manual-de-diseno-basico-para-el-taller-de-arquitectura\/#breadcrumb\",\"itemListElement\":[{\"@type\":\"ListItem\",\"position\":1,\"name\":\"Portada\",\"item\":\"https:\/\/fadeu.urantiacos.cl\/en\/\"},{\"@type\":\"ListItem\",\"position\":2,\"name\":\"Profesores Gray, Vergara y Meneses lanzaron el Manual de Dise\u00f1o B\u00e1sico para el Taller de Arquitectura\"}]},{\"@type\":\"WebSite\",\"@id\":\"https:\/\/fadeu.urantiacos.cl\/en\/#website\",\"url\":\"https:\/\/fadeu.urantiacos.cl\/en\/\",\"name\":\"Facultad de Arquitectura, Dise\u00f1o y Estudios Urbanos\",\"description\":\"Campus Lo Contador\",\"potentialAction\":[{\"@type\":\"SearchAction\",\"target\":{\"@type\":\"EntryPoint\",\"urlTemplate\":\"https:\/\/fadeu.urantiacos.cl\/en\/?s={search_term_string}\"},\"query-input\":{\"@type\":\"PropertyValueSpecification\",\"valueRequired\":true,\"valueName\":\"search_term_string\"}}],\"inLanguage\":\"en-US\"},{\"@type\":\"Person\",\"@id\":\"https:\/\/fadeu.urantiacos.cl\/en\/#\/schema\/person\/d203e2e84b1c40275eac77b3061a19a2\",\"name\":\"manadmin\",\"image\":{\"@type\":\"ImageObject\",\"inLanguage\":\"en-US\",\"@id\":\"https:\/\/fadeu.urantiacos.cl\/en\/#\/schema\/person\/image\/\",\"url\":\"https:\/\/secure.gravatar.com\/avatar\/4b1d8e3303b4a9d8968ac578947d8bc80d9aea359f388cdd4aac15cadc0e8447?s=96&d=mm&r=g\",\"contentUrl\":\"https:\/\/secure.gravatar.com\/avatar\/4b1d8e3303b4a9d8968ac578947d8bc80d9aea359f388cdd4aac15cadc0e8447?s=96&d=mm&r=g\",\"caption\":\"manadmin\"},\"sameAs\":[\"https:\/\/fadeu.urantiacos.cl\"]}]}<\/script>\n<!-- \/ Yoast SEO plugin. -->","yoast_head_json":{"title":"Profesores Gray, Vergara y Meneses lanzaron el Manual de Dise\u00f1o B\u00e1sico para el Taller de Arquitectura - Facultad de Arquitectura, Dise\u00f1o y Estudios Urbanos","description":"Con la presencia del Decano Mario Ubilla; la Directora de Ediciones UC, Mar\u00eda Ang\u00e9lica Zegers; y el director de la escuela de Arquitectura, Luis Eduardo Bresciani, se llev\u00f3 a cabo el lanzamiento oficial del Manual de Dise\u00f1o B\u00e1sico para el Taller de Arquitectura, de los profesores Sebasti\u00e1n Gray, Francisco Vergara y Camilo Meneses.","robots":{"index":"index","follow":"follow","max-snippet":"max-snippet:-1","max-image-preview":"max-image-preview:large","max-video-preview":"max-video-preview:-1"},"canonical":"https:\/\/fadeu.urantiacos.cl\/en\/2021\/07\/18\/profesores-gray-vergara-y-meneses-lanzaron-el-manual-de-diseno-basico-para-el-taller-de-arquitectura\/","og_locale":"en_US","og_type":"article","og_title":"Profesores Gray, Vergara y Meneses lanzaron el Manual de Dise\u00f1o B\u00e1sico para el Taller de Arquitectura - Facultad de Arquitectura, Dise\u00f1o y Estudios Urbanos","og_description":"Con la presencia del Decano Mario Ubilla; la Directora de Ediciones UC, Mar\u00eda Ang\u00e9lica Zegers; y el director de la escuela de Arquitectura, Luis Eduardo Bresciani, se llev\u00f3 a cabo el lanzamiento oficial del Manual de Dise\u00f1o B\u00e1sico para el Taller de Arquitectura, de los profesores Sebasti\u00e1n Gray, Francisco Vergara y Camilo Meneses.","og_url":"https:\/\/fadeu.urantiacos.cl\/en\/2021\/07\/18\/profesores-gray-vergara-y-meneses-lanzaron-el-manual-de-diseno-basico-para-el-taller-de-arquitectura\/","og_site_name":"Facultad de Arquitectura, Dise\u00f1o y Estudios Urbanos","article_published_time":"2021-07-18T23:19:00+00:00","article_modified_time":"2023-09-07T23:21:45+00:00","og_image":[{"width":350,"height":250,"url":"https:\/\/fadeu.urantiacos.cl\/wp-content\/uploads\/2023\/09\/WEB_PRESENTACION_LIBRO_GREY.png","type":"image\/png"}],"author":"manadmin","twitter_card":"summary_large_image","twitter_misc":{"Written by":"manadmin","Est. reading time":"4 minutes"},"schema":{"@context":"https:\/\/schema.org","@graph":[{"@type":"Article","@id":"https:\/\/fadeu.urantiacos.cl\/en\/2021\/07\/18\/profesores-gray-vergara-y-meneses-lanzaron-el-manual-de-diseno-basico-para-el-taller-de-arquitectura\/#article","isPartOf":{"@id":"https:\/\/fadeu.urantiacos.cl\/en\/2021\/07\/18\/profesores-gray-vergara-y-meneses-lanzaron-el-manual-de-diseno-basico-para-el-taller-de-arquitectura\/"},"author":{"name":"manadmin","@id":"https:\/\/fadeu.urantiacos.cl\/en\/#\/schema\/person\/d203e2e84b1c40275eac77b3061a19a2"},"headline":"Profesores Gray, Vergara y Meneses lanzaron el Manual de Dise\u00f1o B\u00e1sico para el Taller de Arquitectura","datePublished":"2021-07-18T23:19:00+00:00","dateModified":"2023-09-07T23:21:45+00:00","mainEntityOfPage":{"@id":"https:\/\/fadeu.urantiacos.cl\/en\/2021\/07\/18\/profesores-gray-vergara-y-meneses-lanzaron-el-manual-de-diseno-basico-para-el-taller-de-arquitectura\/"},"wordCount":825,"commentCount":0,"image":{"@id":"https:\/\/fadeu.urantiacos.cl\/en\/2021\/07\/18\/profesores-gray-vergara-y-meneses-lanzaron-el-manual-de-diseno-basico-para-el-taller-de-arquitectura\/#primaryimage"},"thumbnailUrl":"https:\/\/fadeu.urantiacos.cl\/wp-content\/uploads\/2023\/09\/WEB_PRESENTACION_LIBRO_GREY.png","articleSection":["Sin categorizar"],"inLanguage":"en-US","potentialAction":[{"@type":"CommentAction","name":"Comment","target":["https:\/\/fadeu.urantiacos.cl\/en\/2021\/07\/18\/profesores-gray-vergara-y-meneses-lanzaron-el-manual-de-diseno-basico-para-el-taller-de-arquitectura\/#respond"]}]},{"@type":"WebPage","@id":"https:\/\/fadeu.urantiacos.cl\/en\/2021\/07\/18\/profesores-gray-vergara-y-meneses-lanzaron-el-manual-de-diseno-basico-para-el-taller-de-arquitectura\/","url":"https:\/\/fadeu.urantiacos.cl\/en\/2021\/07\/18\/profesores-gray-vergara-y-meneses-lanzaron-el-manual-de-diseno-basico-para-el-taller-de-arquitectura\/","name":"Profesores Gray, Vergara y Meneses lanzaron el Manual de Dise\u00f1o B\u00e1sico para el Taller de Arquitectura - Facultad de Arquitectura, Dise\u00f1o y Estudios Urbanos","isPartOf":{"@id":"https:\/\/fadeu.urantiacos.cl\/en\/#website"},"primaryImageOfPage":{"@id":"https:\/\/fadeu.urantiacos.cl\/en\/2021\/07\/18\/profesores-gray-vergara-y-meneses-lanzaron-el-manual-de-diseno-basico-para-el-taller-de-arquitectura\/#primaryimage"},"image":{"@id":"https:\/\/fadeu.urantiacos.cl\/en\/2021\/07\/18\/profesores-gray-vergara-y-meneses-lanzaron-el-manual-de-diseno-basico-para-el-taller-de-arquitectura\/#primaryimage"},"thumbnailUrl":"https:\/\/fadeu.urantiacos.cl\/wp-content\/uploads\/2023\/09\/WEB_PRESENTACION_LIBRO_GREY.png","datePublished":"2021-07-18T23:19:00+00:00","dateModified":"2023-09-07T23:21:45+00:00","author":{"@id":"https:\/\/fadeu.urantiacos.cl\/en\/#\/schema\/person\/d203e2e84b1c40275eac77b3061a19a2"},"description":"Con la presencia del Decano Mario Ubilla; la Directora de Ediciones UC, Mar\u00eda Ang\u00e9lica Zegers; y el director de la escuela de Arquitectura, Luis Eduardo Bresciani, se llev\u00f3 a cabo el lanzamiento oficial del Manual de Dise\u00f1o B\u00e1sico para el Taller de Arquitectura, de los profesores Sebasti\u00e1n Gray, Francisco Vergara y Camilo Meneses.","breadcrumb":{"@id":"https:\/\/fadeu.urantiacos.cl\/en\/2021\/07\/18\/profesores-gray-vergara-y-meneses-lanzaron-el-manual-de-diseno-basico-para-el-taller-de-arquitectura\/#breadcrumb"},"inLanguage":"en-US","potentialAction":[{"@type":"ReadAction","target":["https:\/\/fadeu.urantiacos.cl\/en\/2021\/07\/18\/profesores-gray-vergara-y-meneses-lanzaron-el-manual-de-diseno-basico-para-el-taller-de-arquitectura\/"]}]},{"@type":"ImageObject","inLanguage":"en-US","@id":"https:\/\/fadeu.urantiacos.cl\/en\/2021\/07\/18\/profesores-gray-vergara-y-meneses-lanzaron-el-manual-de-diseno-basico-para-el-taller-de-arquitectura\/#primaryimage","url":"https:\/\/fadeu.urantiacos.cl\/wp-content\/uploads\/2023\/09\/WEB_PRESENTACION_LIBRO_GREY.png","contentUrl":"https:\/\/fadeu.urantiacos.cl\/wp-content\/uploads\/2023\/09\/WEB_PRESENTACION_LIBRO_GREY.png","width":350,"height":250},{"@type":"BreadcrumbList","@id":"https:\/\/fadeu.urantiacos.cl\/en\/2021\/07\/18\/profesores-gray-vergara-y-meneses-lanzaron-el-manual-de-diseno-basico-para-el-taller-de-arquitectura\/#breadcrumb","itemListElement":[{"@type":"ListItem","position":1,"name":"Portada","item":"https:\/\/fadeu.urantiacos.cl\/en\/"},{"@type":"ListItem","position":2,"name":"Profesores Gray, Vergara y Meneses lanzaron el Manual de Dise\u00f1o B\u00e1sico para el Taller de Arquitectura"}]},{"@type":"WebSite","@id":"https:\/\/fadeu.urantiacos.cl\/en\/#website","url":"https:\/\/fadeu.urantiacos.cl\/en\/","name":"Facultad de Arquitectura, Dise\u00f1o y Estudios Urbanos","description":"Campus Lo Contador","potentialAction":[{"@type":"SearchAction","target":{"@type":"EntryPoint","urlTemplate":"https:\/\/fadeu.urantiacos.cl\/en\/?s={search_term_string}"},"query-input":{"@type":"PropertyValueSpecification","valueRequired":true,"valueName":"search_term_string"}}],"inLanguage":"en-US"},{"@type":"Person","@id":"https:\/\/fadeu.urantiacos.cl\/en\/#\/schema\/person\/d203e2e84b1c40275eac77b3061a19a2","name":"manadmin","image":{"@type":"ImageObject","inLanguage":"en-US","@id":"https:\/\/fadeu.urantiacos.cl\/en\/#\/schema\/person\/image\/","url":"https:\/\/secure.gravatar.com\/avatar\/4b1d8e3303b4a9d8968ac578947d8bc80d9aea359f388cdd4aac15cadc0e8447?s=96&d=mm&r=g","contentUrl":"https:\/\/secure.gravatar.com\/avatar\/4b1d8e3303b4a9d8968ac578947d8bc80d9aea359f388cdd4aac15cadc0e8447?s=96&d=mm&r=g","caption":"manadmin"},"sameAs":["https:\/\/fadeu.urantiacos.cl"]}]}},"_links":{"self":[{"href":"https:\/\/fadeu.urantiacos.cl\/en\/wp-json\/wp\/v2\/posts\/6651","targetHints":{"allow":["GET"]}}],"collection":[{"href":"https:\/\/fadeu.urantiacos.cl\/en\/wp-json\/wp\/v2\/posts"}],"about":[{"href":"https:\/\/fadeu.urantiacos.cl\/en\/wp-json\/wp\/v2\/types\/post"}],"author":[{"embeddable":true,"href":"https:\/\/fadeu.urantiacos.cl\/en\/wp-json\/wp\/v2\/users\/1"}],"replies":[{"embeddable":true,"href":"https:\/\/fadeu.urantiacos.cl\/en\/wp-json\/wp\/v2\/comments?post=6651"}],"version-history":[{"count":1,"href":"https:\/\/fadeu.urantiacos.cl\/en\/wp-json\/wp\/v2\/posts\/6651\/revisions"}],"predecessor-version":[{"id":6653,"href":"https:\/\/fadeu.urantiacos.cl\/en\/wp-json\/wp\/v2\/posts\/6651\/revisions\/6653"}],"wp:featuredmedia":[{"embeddable":true,"href":"https:\/\/fadeu.urantiacos.cl\/en\/wp-json\/wp\/v2\/media\/6652"}],"wp:attachment":[{"href":"https:\/\/fadeu.urantiacos.cl\/en\/wp-json\/wp\/v2\/media?parent=6651"}],"wp:term":[{"taxonomy":"category","embeddable":true,"href":"https:\/\/fadeu.urantiacos.cl\/en\/wp-json\/wp\/v2\/categories?post=6651"},{"taxonomy":"post_tag","embeddable":true,"href":"https:\/\/fadeu.urantiacos.cl\/en\/wp-json\/wp\/v2\/tags?post=6651"}],"curies":[{"name":"wp","href":"https:\/\/api.w.org\/{rel}","templated":true}]}}