{"id":6648,"date":"2021-07-19T20:17:00","date_gmt":"2021-07-19T23:17:00","guid":{"rendered":"https:\/\/fadeu.urantiacos.cl\/?p=6648"},"modified":"2023-09-07T20:19:40","modified_gmt":"2023-09-07T23:19:40","slug":"el-retorno-presencial-de-las-universidades","status":"publish","type":"post","link":"https:\/\/fadeu.urantiacos.cl\/en\/2021\/07\/19\/el-retorno-presencial-de-las-universidades\/","title":{"rendered":"El retorno presencial de las universidades"},"content":{"rendered":"\n<figure class=\"wp-block-image size-full\"><img decoding=\"async\" width=\"350\" height=\"250\" src=\"https:\/\/fadeu.urantiacos.cl\/wp-content\/uploads\/2023\/09\/web_alumnos_mascarillas_2_cortada.700x532.jpg\" alt=\"\" class=\"wp-image-6649\" srcset=\"https:\/\/fadeu.urantiacos.cl\/wp-content\/uploads\/2023\/09\/web_alumnos_mascarillas_2_cortada.700x532.jpg 350w, https:\/\/fadeu.urantiacos.cl\/wp-content\/uploads\/2023\/09\/web_alumnos_mascarillas_2_cortada.700x532-300x214.jpg 300w\" sizes=\"(max-width: 350px) 100vw, 350px\" \/><\/figure>\n\n\n\n<p>\u201cEn estas \u00faltimas semanas la pandemia ha entrado en una nueva fase. Las cifras de contagios comienzan a disminuir, lo que junto al plan de vacunaci\u00f3n nos pone, finalmente, en un escenario favorable, en el cual volver a encontrarnos de manera presencial se convierte en una realidad. Sin embargo, la presencia de la variante delta en el pa\u00eds, nos exige ser muy prudentes y cautelosos en nuestras acciones. Hoy, en la UC nuestros campus en Santiago ya est\u00e1n abiertos y estamos retomando actividades presenciales, en especial en relaci\u00f3n a contenido pr\u00e1cticos de las diferentes carreras. Esperamos que, en los pr\u00f3ximos d\u00edas, el campus Villarrica pueda sumarse a esta tendencia.<br><br>&#8220;La invitaci\u00f3n actual es a volver a&nbsp; encontrarnos en la universidad, un maravilloso desaf\u00edo a cumplir en comunidad que nos vuelve a enfrentar con la verdadera misi\u00f3n de las universidades\u201d-&nbsp;Rector Ignacio S\u00e1nchez.<\/p>\n\n\n\n<p>El segundo semestre de este a\u00f1o, -a partir de agosto-, lo estamos planificando con la mayor presencialidad que nos permita la realidad sanitaria del pa\u00eds. Hemos programado que m\u00e1s de un 35 % de los cursos y actividades acad\u00e9micas consideren alg\u00fan grado de presencialidad, con cuatro modalidades de cursos que incluyen cursos presenciales; cursos h\u00edbridos; cursos remotos con actividades presenciales y cursos remotos. A lo anterior se suma la disponibilidad de bibliotecas y laboratorios de computaci\u00f3n, as\u00ed como la apertura de las \u00e1reas deportivas desde estas vacaciones de invierno. Por supuesto, si las condiciones sanitarias a lo largo del semestre nos permiten aumentar la presencialidad, lo estudiaremos en detalle. &nbsp;<\/p>\n\n\n\n<p>Desde nuestro&nbsp;<a href=\"https:\/\/www.uc.cl\/uc-contra-el-coronavirus\/paso-a-paso-uc\/\" target=\"_blank\" rel=\"noreferrer noopener\">comit\u00e9 COVID UC<\/a>, -que ha liderado las medidas de cuidado al interior de la universidad-,&nbsp; estamos trabajando en un plan de retorno gradual y flexible. Estas medidas se han evaluado tanto desde lo acad\u00e9mico, como tambi\u00e9n desde el apoyo a la salud mental de la comunidad, para lo cual estamos implementando un amplio plan de trabajo. Nuestra prioridad es y ser\u00e1 siempre el cuidado y salud integral de nuestra comunidad.&nbsp; &nbsp;<\/p>\n\n\n\n<p>&#8220;Para que este retorno sea seguro, tenemos que seguir cuid\u00e1ndonos, integrando las cinco medidas de prevenci\u00f3n m\u00e1s importantes en nuestro quehacer diario, como son, el uso de mascarilla de forma correcta, la higiene de manos frecuente, la mantenci\u00f3n de la distancia f\u00edsica, el respeto por los aforos y la ventilaci\u00f3n de los espacios cerrados&#8221;- Rector Ignacio S\u00e1nchez.&nbsp; &nbsp; &nbsp; &nbsp; &nbsp; &nbsp; &nbsp; &nbsp; &nbsp; &nbsp; &nbsp; &nbsp; &nbsp; &nbsp; &nbsp; &nbsp; &nbsp; &nbsp;&nbsp;<\/p>\n\n\n\n<p>Recuperar la vida universitaria, compartir espacios de trabajo y de di\u00e1logo, retomar rutinas cotidianas, reencontrarnos y mirarnos a los ojos, es fundamental para el desarrollo de nuestra comunidad y, sobre todo, para los y las estudiantes. Para que este retorno sea seguro, tenemos que seguir cuid\u00e1ndonos, integrando las cinco medidas de prevenci\u00f3n m\u00e1s importantes en nuestro quehacer diario, como son, el uso de mascarilla de forma correcta, la higiene de manos frecuente, la mantenci\u00f3n de la distancia f\u00edsica, el respeto por los aforos y la ventilaci\u00f3n de los espacios cerrados. Estas medidas se unen a la otra columna de cuidado fundamental, como es el proceso de vacunaci\u00f3n, lo que es clave para un retorno seguro y sustentable.<\/p>\n\n\n\n<p>Gracias al apoyo de la comunidad universitaria, hemos podido enfrentar tiempos muy dif\u00edciles, avanzando hacia encontrar en los pr\u00f3ximos meses un futuro lleno de esperanza. Nuestro compromiso y decisi\u00f3n es retomar las actividades presenciales. La invitaci\u00f3n actual es a volver a&nbsp; encontrarnos en la universidad, un maravilloso desaf\u00edo a cumplir en comunidad que nos vuelve a enfrentar con la verdadera misi\u00f3n de las universidades\u201d.<\/p>\n\n\n\n<p>Informaci\u00f3n period\u00edstica<\/p>\n\n\n\n<p>Direcci\u00f3n de Comunicaciones &#8211; Vicerrector\u00eda de Comunicaciones<\/p>\n\n\n\n<p><a href=\"mailto:abolumbu@uc.cl\">abolumbu@uc.cl<\/a><\/p>\n","protected":false},"excerpt":{"rendered":"<p>La UC est\u00e1 planificando el segundo semestre de este a\u00f1o con la mayor presencialidad que permita la realidad sanitaria del pa\u00eds. M\u00e1s de un 35 % de los cursos y actividades acad\u00e9micas consideran alg\u00fan grado de presencialidad. A ello se suma la disponibilidad de bibliotecas y laboratorios de computaci\u00f3n, y la apertura de las \u00e1reas deportivas desde estas vacaciones de invierno. Seg\u00fan dice el rector en una carta en El Mercurio, \u201crecuperar la vida universitaria, compartir espacios de trabajo y de di\u00e1logo, retomar rutinas cotidianas, reencontrarnos y mirarnos a los ojos, es fundamental para el desarrollo de nuestra comunidad y, sobre todo, para los y las estudiantes\u201d.<\/p>\n","protected":false},"author":1,"featured_media":6649,"comment_status":"open","ping_status":"open","sticky":false,"template":"","format":"standard","meta":{"_acf_changed":false,"footnotes":""},"categories":[1],"tags":[],"class_list":["post-6648","post","type-post","status-publish","format-standard","has-post-thumbnail","hentry","category-sin-categorizar"],"acf":[],"yoast_head":"<!-- This site is optimized with the Yoast SEO plugin v27.1.1 - https:\/\/yoast.com\/product\/yoast-seo-wordpress\/ -->\n<title>El retorno presencial de las universidades - Facultad de Arquitectura, Dise\u00f1o y Estudios Urbanos<\/title>\n<meta name=\"description\" content=\"La UC est\u00e1 planificando el segundo semestre de este a\u00f1o con la mayor presencialidad que permita la realidad sanitaria del pa\u00eds. M\u00e1s de un 35 % de los cursos y actividades acad\u00e9micas consideran alg\u00fan grado de presencialidad. A ello se suma la disponibilidad de bibliotecas y laboratorios de computaci\u00f3n, y la apertura de las \u00e1reas deportivas desde estas vacaciones de invierno. Seg\u00fan dice el rector en una carta en El Mercurio, \u201crecuperar la vida universitaria, compartir espacios de trabajo y de di\u00e1logo, retomar rutinas cotidianas, reencontrarnos y mirarnos a los ojos, es fundamental para el desarrollo de nuestra comunidad y, sobre todo, para los y las estudiantes\u201d.\" \/>\n<meta name=\"robots\" content=\"index, follow, max-snippet:-1, max-image-preview:large, max-video-preview:-1\" \/>\n<link rel=\"canonical\" href=\"https:\/\/fadeu.urantiacos.cl\/en\/2021\/07\/19\/el-retorno-presencial-de-las-universidades\/\" \/>\n<meta property=\"og:locale\" content=\"en_US\" \/>\n<meta property=\"og:type\" content=\"article\" \/>\n<meta property=\"og:title\" content=\"El retorno presencial de las universidades - Facultad de Arquitectura, Dise\u00f1o y Estudios Urbanos\" \/>\n<meta property=\"og:description\" content=\"La UC est\u00e1 planificando el segundo semestre de este a\u00f1o con la mayor presencialidad que permita la realidad sanitaria del pa\u00eds. M\u00e1s de un 35 % de los cursos y actividades acad\u00e9micas consideran alg\u00fan grado de presencialidad. A ello se suma la disponibilidad de bibliotecas y laboratorios de computaci\u00f3n, y la apertura de las \u00e1reas deportivas desde estas vacaciones de invierno. Seg\u00fan dice el rector en una carta en El Mercurio, \u201crecuperar la vida universitaria, compartir espacios de trabajo y de di\u00e1logo, retomar rutinas cotidianas, reencontrarnos y mirarnos a los ojos, es fundamental para el desarrollo de nuestra comunidad y, sobre todo, para los y las estudiantes\u201d.\" \/>\n<meta property=\"og:url\" content=\"https:\/\/fadeu.urantiacos.cl\/en\/2021\/07\/19\/el-retorno-presencial-de-las-universidades\/\" \/>\n<meta property=\"og:site_name\" content=\"Facultad de Arquitectura, Dise\u00f1o y Estudios Urbanos\" \/>\n<meta property=\"article:published_time\" content=\"2021-07-19T23:17:00+00:00\" \/>\n<meta property=\"article:modified_time\" content=\"2023-09-07T23:19:40+00:00\" \/>\n<meta property=\"og:image\" content=\"https:\/\/fadeu.urantiacos.cl\/wp-content\/uploads\/2023\/09\/web_alumnos_mascarillas_2_cortada.700x532.jpg\" \/>\n\t<meta property=\"og:image:width\" content=\"350\" \/>\n\t<meta property=\"og:image:height\" content=\"250\" \/>\n\t<meta property=\"og:image:type\" content=\"image\/jpeg\" \/>\n<meta name=\"author\" content=\"manadmin\" \/>\n<meta name=\"twitter:card\" content=\"summary_large_image\" \/>\n<meta name=\"twitter:label1\" content=\"Written by\" \/>\n\t<meta name=\"twitter:data1\" content=\"manadmin\" \/>\n\t<meta name=\"twitter:label2\" content=\"Est. reading time\" \/>\n\t<meta name=\"twitter:data2\" content=\"3 minutes\" \/>\n<script type=\"application\/ld+json\" class=\"yoast-schema-graph\">{\"@context\":\"https:\/\/schema.org\",\"@graph\":[{\"@type\":\"Article\",\"@id\":\"https:\/\/fadeu.urantiacos.cl\/en\/2021\/07\/19\/el-retorno-presencial-de-las-universidades\/#article\",\"isPartOf\":{\"@id\":\"https:\/\/fadeu.urantiacos.cl\/en\/2021\/07\/19\/el-retorno-presencial-de-las-universidades\/\"},\"author\":{\"name\":\"manadmin\",\"@id\":\"https:\/\/fadeu.urantiacos.cl\/en\/#\/schema\/person\/d203e2e84b1c40275eac77b3061a19a2\"},\"headline\":\"El retorno presencial de las universidades\",\"datePublished\":\"2021-07-19T23:17:00+00:00\",\"dateModified\":\"2023-09-07T23:19:40+00:00\",\"mainEntityOfPage\":{\"@id\":\"https:\/\/fadeu.urantiacos.cl\/en\/2021\/07\/19\/el-retorno-presencial-de-las-universidades\/\"},\"wordCount\":651,\"commentCount\":0,\"image\":{\"@id\":\"https:\/\/fadeu.urantiacos.cl\/en\/2021\/07\/19\/el-retorno-presencial-de-las-universidades\/#primaryimage\"},\"thumbnailUrl\":\"https:\/\/fadeu.urantiacos.cl\/wp-content\/uploads\/2023\/09\/web_alumnos_mascarillas_2_cortada.700x532.jpg\",\"articleSection\":[\"Sin categorizar\"],\"inLanguage\":\"en-US\",\"potentialAction\":[{\"@type\":\"CommentAction\",\"name\":\"Comment\",\"target\":[\"https:\/\/fadeu.urantiacos.cl\/en\/2021\/07\/19\/el-retorno-presencial-de-las-universidades\/#respond\"]}]},{\"@type\":\"WebPage\",\"@id\":\"https:\/\/fadeu.urantiacos.cl\/en\/2021\/07\/19\/el-retorno-presencial-de-las-universidades\/\",\"url\":\"https:\/\/fadeu.urantiacos.cl\/en\/2021\/07\/19\/el-retorno-presencial-de-las-universidades\/\",\"name\":\"El retorno presencial de las universidades - Facultad de Arquitectura, Dise\u00f1o y Estudios Urbanos\",\"isPartOf\":{\"@id\":\"https:\/\/fadeu.urantiacos.cl\/en\/#website\"},\"primaryImageOfPage\":{\"@id\":\"https:\/\/fadeu.urantiacos.cl\/en\/2021\/07\/19\/el-retorno-presencial-de-las-universidades\/#primaryimage\"},\"image\":{\"@id\":\"https:\/\/fadeu.urantiacos.cl\/en\/2021\/07\/19\/el-retorno-presencial-de-las-universidades\/#primaryimage\"},\"thumbnailUrl\":\"https:\/\/fadeu.urantiacos.cl\/wp-content\/uploads\/2023\/09\/web_alumnos_mascarillas_2_cortada.700x532.jpg\",\"datePublished\":\"2021-07-19T23:17:00+00:00\",\"dateModified\":\"2023-09-07T23:19:40+00:00\",\"author\":{\"@id\":\"https:\/\/fadeu.urantiacos.cl\/en\/#\/schema\/person\/d203e2e84b1c40275eac77b3061a19a2\"},\"description\":\"La UC est\u00e1 planificando el segundo semestre de este a\u00f1o con la mayor presencialidad que permita la realidad sanitaria del pa\u00eds. M\u00e1s de un 35 % de los cursos y actividades acad\u00e9micas consideran alg\u00fan grado de presencialidad. A ello se suma la disponibilidad de bibliotecas y laboratorios de computaci\u00f3n, y la apertura de las \u00e1reas deportivas desde estas vacaciones de invierno. Seg\u00fan dice el rector en una carta en El Mercurio, \u201crecuperar la vida universitaria, compartir espacios de trabajo y de di\u00e1logo, retomar rutinas cotidianas, reencontrarnos y mirarnos a los ojos, es fundamental para el desarrollo de nuestra comunidad y, sobre todo, para los y las estudiantes\u201d.\",\"breadcrumb\":{\"@id\":\"https:\/\/fadeu.urantiacos.cl\/en\/2021\/07\/19\/el-retorno-presencial-de-las-universidades\/#breadcrumb\"},\"inLanguage\":\"en-US\",\"potentialAction\":[{\"@type\":\"ReadAction\",\"target\":[\"https:\/\/fadeu.urantiacos.cl\/en\/2021\/07\/19\/el-retorno-presencial-de-las-universidades\/\"]}]},{\"@type\":\"ImageObject\",\"inLanguage\":\"en-US\",\"@id\":\"https:\/\/fadeu.urantiacos.cl\/en\/2021\/07\/19\/el-retorno-presencial-de-las-universidades\/#primaryimage\",\"url\":\"https:\/\/fadeu.urantiacos.cl\/wp-content\/uploads\/2023\/09\/web_alumnos_mascarillas_2_cortada.700x532.jpg\",\"contentUrl\":\"https:\/\/fadeu.urantiacos.cl\/wp-content\/uploads\/2023\/09\/web_alumnos_mascarillas_2_cortada.700x532.jpg\",\"width\":350,\"height\":250,\"caption\":\"Alumnos(as) de Arte en clases modo Covid en Campus Oriente\"},{\"@type\":\"BreadcrumbList\",\"@id\":\"https:\/\/fadeu.urantiacos.cl\/en\/2021\/07\/19\/el-retorno-presencial-de-las-universidades\/#breadcrumb\",\"itemListElement\":[{\"@type\":\"ListItem\",\"position\":1,\"name\":\"Portada\",\"item\":\"https:\/\/fadeu.urantiacos.cl\/en\/\"},{\"@type\":\"ListItem\",\"position\":2,\"name\":\"El retorno presencial de las universidades\"}]},{\"@type\":\"WebSite\",\"@id\":\"https:\/\/fadeu.urantiacos.cl\/en\/#website\",\"url\":\"https:\/\/fadeu.urantiacos.cl\/en\/\",\"name\":\"Facultad de Arquitectura, Dise\u00f1o y Estudios Urbanos\",\"description\":\"Campus Lo Contador\",\"potentialAction\":[{\"@type\":\"SearchAction\",\"target\":{\"@type\":\"EntryPoint\",\"urlTemplate\":\"https:\/\/fadeu.urantiacos.cl\/en\/?s={search_term_string}\"},\"query-input\":{\"@type\":\"PropertyValueSpecification\",\"valueRequired\":true,\"valueName\":\"search_term_string\"}}],\"inLanguage\":\"en-US\"},{\"@type\":\"Person\",\"@id\":\"https:\/\/fadeu.urantiacos.cl\/en\/#\/schema\/person\/d203e2e84b1c40275eac77b3061a19a2\",\"name\":\"manadmin\",\"image\":{\"@type\":\"ImageObject\",\"inLanguage\":\"en-US\",\"@id\":\"https:\/\/fadeu.urantiacos.cl\/en\/#\/schema\/person\/image\/\",\"url\":\"https:\/\/secure.gravatar.com\/avatar\/4b1d8e3303b4a9d8968ac578947d8bc80d9aea359f388cdd4aac15cadc0e8447?s=96&d=mm&r=g\",\"contentUrl\":\"https:\/\/secure.gravatar.com\/avatar\/4b1d8e3303b4a9d8968ac578947d8bc80d9aea359f388cdd4aac15cadc0e8447?s=96&d=mm&r=g\",\"caption\":\"manadmin\"},\"sameAs\":[\"https:\/\/fadeu.urantiacos.cl\"]}]}<\/script>\n<!-- \/ Yoast SEO plugin. -->","yoast_head_json":{"title":"El retorno presencial de las universidades - Facultad de Arquitectura, Dise\u00f1o y Estudios Urbanos","description":"La UC est\u00e1 planificando el segundo semestre de este a\u00f1o con la mayor presencialidad que permita la realidad sanitaria del pa\u00eds. M\u00e1s de un 35 % de los cursos y actividades acad\u00e9micas consideran alg\u00fan grado de presencialidad. A ello se suma la disponibilidad de bibliotecas y laboratorios de computaci\u00f3n, y la apertura de las \u00e1reas deportivas desde estas vacaciones de invierno. Seg\u00fan dice el rector en una carta en El Mercurio, \u201crecuperar la vida universitaria, compartir espacios de trabajo y de di\u00e1logo, retomar rutinas cotidianas, reencontrarnos y mirarnos a los ojos, es fundamental para el desarrollo de nuestra comunidad y, sobre todo, para los y las estudiantes\u201d.","robots":{"index":"index","follow":"follow","max-snippet":"max-snippet:-1","max-image-preview":"max-image-preview:large","max-video-preview":"max-video-preview:-1"},"canonical":"https:\/\/fadeu.urantiacos.cl\/en\/2021\/07\/19\/el-retorno-presencial-de-las-universidades\/","og_locale":"en_US","og_type":"article","og_title":"El retorno presencial de las universidades - Facultad de Arquitectura, Dise\u00f1o y Estudios Urbanos","og_description":"La UC est\u00e1 planificando el segundo semestre de este a\u00f1o con la mayor presencialidad que permita la realidad sanitaria del pa\u00eds. M\u00e1s de un 35 % de los cursos y actividades acad\u00e9micas consideran alg\u00fan grado de presencialidad. A ello se suma la disponibilidad de bibliotecas y laboratorios de computaci\u00f3n, y la apertura de las \u00e1reas deportivas desde estas vacaciones de invierno. Seg\u00fan dice el rector en una carta en El Mercurio, \u201crecuperar la vida universitaria, compartir espacios de trabajo y de di\u00e1logo, retomar rutinas cotidianas, reencontrarnos y mirarnos a los ojos, es fundamental para el desarrollo de nuestra comunidad y, sobre todo, para los y las estudiantes\u201d.","og_url":"https:\/\/fadeu.urantiacos.cl\/en\/2021\/07\/19\/el-retorno-presencial-de-las-universidades\/","og_site_name":"Facultad de Arquitectura, Dise\u00f1o y Estudios Urbanos","article_published_time":"2021-07-19T23:17:00+00:00","article_modified_time":"2023-09-07T23:19:40+00:00","og_image":[{"width":350,"height":250,"url":"https:\/\/fadeu.urantiacos.cl\/wp-content\/uploads\/2023\/09\/web_alumnos_mascarillas_2_cortada.700x532.jpg","type":"image\/jpeg"}],"author":"manadmin","twitter_card":"summary_large_image","twitter_misc":{"Written by":"manadmin","Est. reading time":"3 minutes"},"schema":{"@context":"https:\/\/schema.org","@graph":[{"@type":"Article","@id":"https:\/\/fadeu.urantiacos.cl\/en\/2021\/07\/19\/el-retorno-presencial-de-las-universidades\/#article","isPartOf":{"@id":"https:\/\/fadeu.urantiacos.cl\/en\/2021\/07\/19\/el-retorno-presencial-de-las-universidades\/"},"author":{"name":"manadmin","@id":"https:\/\/fadeu.urantiacos.cl\/en\/#\/schema\/person\/d203e2e84b1c40275eac77b3061a19a2"},"headline":"El retorno presencial de las universidades","datePublished":"2021-07-19T23:17:00+00:00","dateModified":"2023-09-07T23:19:40+00:00","mainEntityOfPage":{"@id":"https:\/\/fadeu.urantiacos.cl\/en\/2021\/07\/19\/el-retorno-presencial-de-las-universidades\/"},"wordCount":651,"commentCount":0,"image":{"@id":"https:\/\/fadeu.urantiacos.cl\/en\/2021\/07\/19\/el-retorno-presencial-de-las-universidades\/#primaryimage"},"thumbnailUrl":"https:\/\/fadeu.urantiacos.cl\/wp-content\/uploads\/2023\/09\/web_alumnos_mascarillas_2_cortada.700x532.jpg","articleSection":["Sin categorizar"],"inLanguage":"en-US","potentialAction":[{"@type":"CommentAction","name":"Comment","target":["https:\/\/fadeu.urantiacos.cl\/en\/2021\/07\/19\/el-retorno-presencial-de-las-universidades\/#respond"]}]},{"@type":"WebPage","@id":"https:\/\/fadeu.urantiacos.cl\/en\/2021\/07\/19\/el-retorno-presencial-de-las-universidades\/","url":"https:\/\/fadeu.urantiacos.cl\/en\/2021\/07\/19\/el-retorno-presencial-de-las-universidades\/","name":"El retorno presencial de las universidades - Facultad de Arquitectura, Dise\u00f1o y Estudios Urbanos","isPartOf":{"@id":"https:\/\/fadeu.urantiacos.cl\/en\/#website"},"primaryImageOfPage":{"@id":"https:\/\/fadeu.urantiacos.cl\/en\/2021\/07\/19\/el-retorno-presencial-de-las-universidades\/#primaryimage"},"image":{"@id":"https:\/\/fadeu.urantiacos.cl\/en\/2021\/07\/19\/el-retorno-presencial-de-las-universidades\/#primaryimage"},"thumbnailUrl":"https:\/\/fadeu.urantiacos.cl\/wp-content\/uploads\/2023\/09\/web_alumnos_mascarillas_2_cortada.700x532.jpg","datePublished":"2021-07-19T23:17:00+00:00","dateModified":"2023-09-07T23:19:40+00:00","author":{"@id":"https:\/\/fadeu.urantiacos.cl\/en\/#\/schema\/person\/d203e2e84b1c40275eac77b3061a19a2"},"description":"La UC est\u00e1 planificando el segundo semestre de este a\u00f1o con la mayor presencialidad que permita la realidad sanitaria del pa\u00eds. M\u00e1s de un 35 % de los cursos y actividades acad\u00e9micas consideran alg\u00fan grado de presencialidad. A ello se suma la disponibilidad de bibliotecas y laboratorios de computaci\u00f3n, y la apertura de las \u00e1reas deportivas desde estas vacaciones de invierno. Seg\u00fan dice el rector en una carta en El Mercurio, \u201crecuperar la vida universitaria, compartir espacios de trabajo y de di\u00e1logo, retomar rutinas cotidianas, reencontrarnos y mirarnos a los ojos, es fundamental para el desarrollo de nuestra comunidad y, sobre todo, para los y las estudiantes\u201d.","breadcrumb":{"@id":"https:\/\/fadeu.urantiacos.cl\/en\/2021\/07\/19\/el-retorno-presencial-de-las-universidades\/#breadcrumb"},"inLanguage":"en-US","potentialAction":[{"@type":"ReadAction","target":["https:\/\/fadeu.urantiacos.cl\/en\/2021\/07\/19\/el-retorno-presencial-de-las-universidades\/"]}]},{"@type":"ImageObject","inLanguage":"en-US","@id":"https:\/\/fadeu.urantiacos.cl\/en\/2021\/07\/19\/el-retorno-presencial-de-las-universidades\/#primaryimage","url":"https:\/\/fadeu.urantiacos.cl\/wp-content\/uploads\/2023\/09\/web_alumnos_mascarillas_2_cortada.700x532.jpg","contentUrl":"https:\/\/fadeu.urantiacos.cl\/wp-content\/uploads\/2023\/09\/web_alumnos_mascarillas_2_cortada.700x532.jpg","width":350,"height":250,"caption":"Alumnos(as) de Arte en clases modo Covid en Campus Oriente"},{"@type":"BreadcrumbList","@id":"https:\/\/fadeu.urantiacos.cl\/en\/2021\/07\/19\/el-retorno-presencial-de-las-universidades\/#breadcrumb","itemListElement":[{"@type":"ListItem","position":1,"name":"Portada","item":"https:\/\/fadeu.urantiacos.cl\/en\/"},{"@type":"ListItem","position":2,"name":"El retorno presencial de las universidades"}]},{"@type":"WebSite","@id":"https:\/\/fadeu.urantiacos.cl\/en\/#website","url":"https:\/\/fadeu.urantiacos.cl\/en\/","name":"Facultad de Arquitectura, Dise\u00f1o y Estudios Urbanos","description":"Campus Lo Contador","potentialAction":[{"@type":"SearchAction","target":{"@type":"EntryPoint","urlTemplate":"https:\/\/fadeu.urantiacos.cl\/en\/?s={search_term_string}"},"query-input":{"@type":"PropertyValueSpecification","valueRequired":true,"valueName":"search_term_string"}}],"inLanguage":"en-US"},{"@type":"Person","@id":"https:\/\/fadeu.urantiacos.cl\/en\/#\/schema\/person\/d203e2e84b1c40275eac77b3061a19a2","name":"manadmin","image":{"@type":"ImageObject","inLanguage":"en-US","@id":"https:\/\/fadeu.urantiacos.cl\/en\/#\/schema\/person\/image\/","url":"https:\/\/secure.gravatar.com\/avatar\/4b1d8e3303b4a9d8968ac578947d8bc80d9aea359f388cdd4aac15cadc0e8447?s=96&d=mm&r=g","contentUrl":"https:\/\/secure.gravatar.com\/avatar\/4b1d8e3303b4a9d8968ac578947d8bc80d9aea359f388cdd4aac15cadc0e8447?s=96&d=mm&r=g","caption":"manadmin"},"sameAs":["https:\/\/fadeu.urantiacos.cl"]}]}},"_links":{"self":[{"href":"https:\/\/fadeu.urantiacos.cl\/en\/wp-json\/wp\/v2\/posts\/6648","targetHints":{"allow":["GET"]}}],"collection":[{"href":"https:\/\/fadeu.urantiacos.cl\/en\/wp-json\/wp\/v2\/posts"}],"about":[{"href":"https:\/\/fadeu.urantiacos.cl\/en\/wp-json\/wp\/v2\/types\/post"}],"author":[{"embeddable":true,"href":"https:\/\/fadeu.urantiacos.cl\/en\/wp-json\/wp\/v2\/users\/1"}],"replies":[{"embeddable":true,"href":"https:\/\/fadeu.urantiacos.cl\/en\/wp-json\/wp\/v2\/comments?post=6648"}],"version-history":[{"count":1,"href":"https:\/\/fadeu.urantiacos.cl\/en\/wp-json\/wp\/v2\/posts\/6648\/revisions"}],"predecessor-version":[{"id":6650,"href":"https:\/\/fadeu.urantiacos.cl\/en\/wp-json\/wp\/v2\/posts\/6648\/revisions\/6650"}],"wp:featuredmedia":[{"embeddable":true,"href":"https:\/\/fadeu.urantiacos.cl\/en\/wp-json\/wp\/v2\/media\/6649"}],"wp:attachment":[{"href":"https:\/\/fadeu.urantiacos.cl\/en\/wp-json\/wp\/v2\/media?parent=6648"}],"wp:term":[{"taxonomy":"category","embeddable":true,"href":"https:\/\/fadeu.urantiacos.cl\/en\/wp-json\/wp\/v2\/categories?post=6648"},{"taxonomy":"post_tag","embeddable":true,"href":"https:\/\/fadeu.urantiacos.cl\/en\/wp-json\/wp\/v2\/tags?post=6648"}],"curies":[{"name":"wp","href":"https:\/\/api.w.org\/{rel}","templated":true}]}}