{"id":6617,"date":"2021-07-25T19:54:00","date_gmt":"2021-07-25T22:54:00","guid":{"rendered":"https:\/\/fadeu.urantiacos.cl\/?p=6617"},"modified":"2023-10-23T15:37:01","modified_gmt":"2023-10-23T18:37:01","slug":"proyecto-de-estudiantes-del-magister-en-arquitectura-uc-es-seleccionado-en-concurso-internacional-con-el-tec-de-monterrey","status":"publish","type":"post","link":"https:\/\/fadeu.urantiacos.cl\/en\/2021\/07\/25\/proyecto-de-estudiantes-del-magister-en-arquitectura-uc-es-seleccionado-en-concurso-internacional-con-el-tec-de-monterrey\/","title":{"rendered":"Proyecto de estudiantes del mag\u00edster en Arquitectura UC es seleccionado en concurso internacional con el TEC de Monterrey"},"content":{"rendered":"\n<figure class=\"wp-block-image size-full\"><img decoding=\"async\" width=\"350\" height=\"250\" src=\"https:\/\/fadeu.urantiacos.cl\/wp-content\/uploads\/2023\/09\/pioneras_web.jpg\" alt=\"\" class=\"wp-image-6618\" srcset=\"https:\/\/fadeu.urantiacos.cl\/wp-content\/uploads\/2023\/09\/pioneras_web.jpg 350w, https:\/\/fadeu.urantiacos.cl\/wp-content\/uploads\/2023\/09\/pioneras_web-300x214.jpg 300w\" sizes=\"(max-width: 350px) 100vw, 350px\" \/><\/figure>\n\n\n\n<p>&#8220;Pioneras&#8221; es un proyecto desarrollado por Josefina Caram y Roc\u00edo Mar\u00edn, estudiantes del programa de mag\u00edster en arquitectura&nbsp;UC, que&nbsp;cuenta con el patrocinio de la investigaci\u00f3n &#8220;Entre l\u00edneas&#8221;, incubada al interior del&nbsp;Cluster \u201cPatrimonio y Modernidad\u201d del Centro del Patrimonio Cultural UC. El proyecto propone una plataforma virtual de acceso universal y participaci\u00f3n colectiva a nivel universitario que identifica a arquitectas y dise\u00f1adoras precursoras del siglo XX a trav\u00e9s de perfiles georreferenciados. Su objetivo es crear una biblioteca virtual capaz de entregar una interpretaci\u00f3n nueva de la historia de la arquitectura y el dise\u00f1o. Como contraparte f\u00edsica, cada perfil tendr\u00e1 un v\u00ednculo de car\u00e1cter permanente (c\u00f3digo QR) en una obra notable desarrollada de las mujeres individualizadas y se convocar\u00e1 a un concurso local para crear intervenciones art\u00edsticas temporales que permitan construir lazos colaborativos interdisciplinarios.&nbsp;<\/p>\n\n\n\n<p>El patrocinio de \u201cEntre l\u00edneas\u201d a \u201cPioneras\u201d consiste en poner a disposici\u00f3n el material recopilado por &#8220;Entre l\u00edneas&#8221; durante su primera etapa de investigaci\u00f3n para la elaboraci\u00f3n de una\u00a0propuesta propia que profundiza, pone en relaci\u00f3n o expande una parte del trabajo realizado. As\u00ed, &#8220;Pioneras&#8221; es un proyecto aut\u00f3nomo que, no obstante, se funda y construye sobre un proyecto mayor. Esta metodolog\u00eda, que\u00a0reconoce la virtuosidad del trabajo en red es \u2013en si misma\u2013 un aprendizaje de &#8220;Entre l\u00edneas&#8221;, los resultados de dicha investigaci\u00f3n puedes revisarlos en el siguiente link:\u00a0https:\/\/entrelineasarquc.cargo.site\/inicio<\/p>\n\n\n\n<figure class=\"wp-block-image size-large\"><img decoding=\"async\" width=\"1024\" height=\"576\" src=\"https:\/\/fadeu.urantiacos.cl\/wp-content\/uploads\/2023\/09\/02B-1024x576.jpeg\" alt=\"\" class=\"wp-image-6619\" srcset=\"https:\/\/fadeu.urantiacos.cl\/wp-content\/uploads\/2023\/09\/02B-1024x576.jpeg 1024w, https:\/\/fadeu.urantiacos.cl\/wp-content\/uploads\/2023\/09\/02B-300x169.jpeg 300w, https:\/\/fadeu.urantiacos.cl\/wp-content\/uploads\/2023\/09\/02B-768x432.jpeg 768w, https:\/\/fadeu.urantiacos.cl\/wp-content\/uploads\/2023\/09\/02B.jpeg 1253w\" sizes=\"(max-width: 1024px) 100vw, 1024px\" \/><\/figure>\n","protected":false},"excerpt":{"rendered":"<p>&#8220;Pioneras&#8221; es uno de los proyectos ganadores del concurso Transforma e Impacta 2021. La iniciativa, creada entre la DAE UC y el Instituto Tecnol\u00f3gico de Monterrey (M\u00e9xico), busca financiar propuestas estudiantiles que propongan soluciones a tem\u00e1ticas actuales y se inserten en el marco de la Agenda 2030 de los Objetivos de Desarrollo Sostenible de la ONU.<\/p>\n","protected":false},"author":1,"featured_media":6618,"comment_status":"open","ping_status":"open","sticky":false,"template":"","format":"standard","meta":{"_acf_changed":false,"footnotes":""},"categories":[1],"tags":[],"class_list":["post-6617","post","type-post","status-publish","format-standard","has-post-thumbnail","hentry","category-sin-categorizar"],"acf":[],"yoast_head":"<!-- This site is optimized with the Yoast SEO plugin v27.1.1 - https:\/\/yoast.com\/product\/yoast-seo-wordpress\/ -->\n<title>Proyecto de estudiantes del mag\u00edster en Arquitectura UC es seleccionado en concurso internacional con el TEC de Monterrey - Facultad de Arquitectura, Dise\u00f1o y Estudios Urbanos<\/title>\n<meta name=\"description\" content=\"&quot;Pioneras&quot; es uno de los proyectos ganadores del concurso Transforma e Impacta 2021. La iniciativa, creada entre la DAE UC y el Instituto Tecnol\u00f3gico de Monterrey (M\u00e9xico), busca financiar propuestas estudiantiles que propongan soluciones a tem\u00e1ticas actuales y se inserten en el marco de la Agenda 2030 de los Objetivos de Desarrollo Sostenible de la ONU.\" \/>\n<meta name=\"robots\" content=\"index, follow, max-snippet:-1, max-image-preview:large, max-video-preview:-1\" \/>\n<link rel=\"canonical\" href=\"https:\/\/fadeu.urantiacos.cl\/en\/2021\/07\/25\/proyecto-de-estudiantes-del-magister-en-arquitectura-uc-es-seleccionado-en-concurso-internacional-con-el-tec-de-monterrey\/\" \/>\n<meta property=\"og:locale\" content=\"en_US\" \/>\n<meta property=\"og:type\" content=\"article\" \/>\n<meta property=\"og:title\" content=\"Proyecto de estudiantes del mag\u00edster en Arquitectura UC es seleccionado en concurso internacional con el TEC de Monterrey - Facultad de Arquitectura, Dise\u00f1o y Estudios Urbanos\" \/>\n<meta property=\"og:description\" content=\"&quot;Pioneras&quot; es uno de los proyectos ganadores del concurso Transforma e Impacta 2021. La iniciativa, creada entre la DAE UC y el Instituto Tecnol\u00f3gico de Monterrey (M\u00e9xico), busca financiar propuestas estudiantiles que propongan soluciones a tem\u00e1ticas actuales y se inserten en el marco de la Agenda 2030 de los Objetivos de Desarrollo Sostenible de la ONU.\" \/>\n<meta property=\"og:url\" content=\"https:\/\/fadeu.urantiacos.cl\/en\/2021\/07\/25\/proyecto-de-estudiantes-del-magister-en-arquitectura-uc-es-seleccionado-en-concurso-internacional-con-el-tec-de-monterrey\/\" \/>\n<meta property=\"og:site_name\" content=\"Facultad de Arquitectura, Dise\u00f1o y Estudios Urbanos\" \/>\n<meta property=\"article:published_time\" content=\"2021-07-25T22:54:00+00:00\" \/>\n<meta property=\"article:modified_time\" content=\"2023-10-23T18:37:01+00:00\" \/>\n<meta property=\"og:image\" content=\"https:\/\/fadeu.urantiacos.cl\/wp-content\/uploads\/2023\/09\/pioneras_web.jpg\" \/>\n\t<meta property=\"og:image:width\" content=\"350\" \/>\n\t<meta property=\"og:image:height\" content=\"250\" \/>\n\t<meta property=\"og:image:type\" content=\"image\/jpeg\" \/>\n<meta name=\"author\" content=\"manadmin\" \/>\n<meta name=\"twitter:card\" content=\"summary_large_image\" \/>\n<meta name=\"twitter:label1\" content=\"Written by\" \/>\n\t<meta name=\"twitter:data1\" content=\"manadmin\" \/>\n\t<meta name=\"twitter:label2\" content=\"Est. reading time\" \/>\n\t<meta name=\"twitter:data2\" content=\"2 minutes\" \/>\n<script type=\"application\/ld+json\" class=\"yoast-schema-graph\">{\"@context\":\"https:\/\/schema.org\",\"@graph\":[{\"@type\":\"Article\",\"@id\":\"https:\/\/fadeu.urantiacos.cl\/en\/2021\/07\/25\/proyecto-de-estudiantes-del-magister-en-arquitectura-uc-es-seleccionado-en-concurso-internacional-con-el-tec-de-monterrey\/#article\",\"isPartOf\":{\"@id\":\"https:\/\/fadeu.urantiacos.cl\/en\/2021\/07\/25\/proyecto-de-estudiantes-del-magister-en-arquitectura-uc-es-seleccionado-en-concurso-internacional-con-el-tec-de-monterrey\/\"},\"author\":{\"name\":\"manadmin\",\"@id\":\"https:\/\/fadeu.urantiacos.cl\/en\/#\/schema\/person\/d203e2e84b1c40275eac77b3061a19a2\"},\"headline\":\"Proyecto de estudiantes del mag\u00edster en Arquitectura UC es seleccionado en concurso internacional con el TEC de Monterrey\",\"datePublished\":\"2021-07-25T22:54:00+00:00\",\"dateModified\":\"2023-10-23T18:37:01+00:00\",\"mainEntityOfPage\":{\"@id\":\"https:\/\/fadeu.urantiacos.cl\/en\/2021\/07\/25\/proyecto-de-estudiantes-del-magister-en-arquitectura-uc-es-seleccionado-en-concurso-internacional-con-el-tec-de-monterrey\/\"},\"wordCount\":278,\"commentCount\":0,\"image\":{\"@id\":\"https:\/\/fadeu.urantiacos.cl\/en\/2021\/07\/25\/proyecto-de-estudiantes-del-magister-en-arquitectura-uc-es-seleccionado-en-concurso-internacional-con-el-tec-de-monterrey\/#primaryimage\"},\"thumbnailUrl\":\"https:\/\/fadeu.urantiacos.cl\/wp-content\/uploads\/2023\/09\/pioneras_web.jpg\",\"articleSection\":[\"Sin categorizar\"],\"inLanguage\":\"en-US\",\"potentialAction\":[{\"@type\":\"CommentAction\",\"name\":\"Comment\",\"target\":[\"https:\/\/fadeu.urantiacos.cl\/en\/2021\/07\/25\/proyecto-de-estudiantes-del-magister-en-arquitectura-uc-es-seleccionado-en-concurso-internacional-con-el-tec-de-monterrey\/#respond\"]}]},{\"@type\":\"WebPage\",\"@id\":\"https:\/\/fadeu.urantiacos.cl\/en\/2021\/07\/25\/proyecto-de-estudiantes-del-magister-en-arquitectura-uc-es-seleccionado-en-concurso-internacional-con-el-tec-de-monterrey\/\",\"url\":\"https:\/\/fadeu.urantiacos.cl\/en\/2021\/07\/25\/proyecto-de-estudiantes-del-magister-en-arquitectura-uc-es-seleccionado-en-concurso-internacional-con-el-tec-de-monterrey\/\",\"name\":\"Proyecto de estudiantes del mag\u00edster en Arquitectura UC es seleccionado en concurso internacional con el TEC de Monterrey - Facultad de Arquitectura, Dise\u00f1o y Estudios Urbanos\",\"isPartOf\":{\"@id\":\"https:\/\/fadeu.urantiacos.cl\/en\/#website\"},\"primaryImageOfPage\":{\"@id\":\"https:\/\/fadeu.urantiacos.cl\/en\/2021\/07\/25\/proyecto-de-estudiantes-del-magister-en-arquitectura-uc-es-seleccionado-en-concurso-internacional-con-el-tec-de-monterrey\/#primaryimage\"},\"image\":{\"@id\":\"https:\/\/fadeu.urantiacos.cl\/en\/2021\/07\/25\/proyecto-de-estudiantes-del-magister-en-arquitectura-uc-es-seleccionado-en-concurso-internacional-con-el-tec-de-monterrey\/#primaryimage\"},\"thumbnailUrl\":\"https:\/\/fadeu.urantiacos.cl\/wp-content\/uploads\/2023\/09\/pioneras_web.jpg\",\"datePublished\":\"2021-07-25T22:54:00+00:00\",\"dateModified\":\"2023-10-23T18:37:01+00:00\",\"author\":{\"@id\":\"https:\/\/fadeu.urantiacos.cl\/en\/#\/schema\/person\/d203e2e84b1c40275eac77b3061a19a2\"},\"description\":\"\\\"Pioneras\\\" es uno de los proyectos ganadores del concurso Transforma e Impacta 2021. La iniciativa, creada entre la DAE UC y el Instituto Tecnol\u00f3gico de Monterrey (M\u00e9xico), busca financiar propuestas estudiantiles que propongan soluciones a tem\u00e1ticas actuales y se inserten en el marco de la Agenda 2030 de los Objetivos de Desarrollo Sostenible de la ONU.\",\"breadcrumb\":{\"@id\":\"https:\/\/fadeu.urantiacos.cl\/en\/2021\/07\/25\/proyecto-de-estudiantes-del-magister-en-arquitectura-uc-es-seleccionado-en-concurso-internacional-con-el-tec-de-monterrey\/#breadcrumb\"},\"inLanguage\":\"en-US\",\"potentialAction\":[{\"@type\":\"ReadAction\",\"target\":[\"https:\/\/fadeu.urantiacos.cl\/en\/2021\/07\/25\/proyecto-de-estudiantes-del-magister-en-arquitectura-uc-es-seleccionado-en-concurso-internacional-con-el-tec-de-monterrey\/\"]}]},{\"@type\":\"ImageObject\",\"inLanguage\":\"en-US\",\"@id\":\"https:\/\/fadeu.urantiacos.cl\/en\/2021\/07\/25\/proyecto-de-estudiantes-del-magister-en-arquitectura-uc-es-seleccionado-en-concurso-internacional-con-el-tec-de-monterrey\/#primaryimage\",\"url\":\"https:\/\/fadeu.urantiacos.cl\/wp-content\/uploads\/2023\/09\/pioneras_web.jpg\",\"contentUrl\":\"https:\/\/fadeu.urantiacos.cl\/wp-content\/uploads\/2023\/09\/pioneras_web.jpg\",\"width\":350,\"height\":250},{\"@type\":\"BreadcrumbList\",\"@id\":\"https:\/\/fadeu.urantiacos.cl\/en\/2021\/07\/25\/proyecto-de-estudiantes-del-magister-en-arquitectura-uc-es-seleccionado-en-concurso-internacional-con-el-tec-de-monterrey\/#breadcrumb\",\"itemListElement\":[{\"@type\":\"ListItem\",\"position\":1,\"name\":\"Portada\",\"item\":\"https:\/\/fadeu.urantiacos.cl\/en\/\"},{\"@type\":\"ListItem\",\"position\":2,\"name\":\"Proyecto de estudiantes del mag\u00edster en Arquitectura UC es seleccionado en concurso internacional con el TEC de Monterrey\"}]},{\"@type\":\"WebSite\",\"@id\":\"https:\/\/fadeu.urantiacos.cl\/en\/#website\",\"url\":\"https:\/\/fadeu.urantiacos.cl\/en\/\",\"name\":\"Facultad de Arquitectura, Dise\u00f1o y Estudios Urbanos\",\"description\":\"Campus Lo Contador\",\"potentialAction\":[{\"@type\":\"SearchAction\",\"target\":{\"@type\":\"EntryPoint\",\"urlTemplate\":\"https:\/\/fadeu.urantiacos.cl\/en\/?s={search_term_string}\"},\"query-input\":{\"@type\":\"PropertyValueSpecification\",\"valueRequired\":true,\"valueName\":\"search_term_string\"}}],\"inLanguage\":\"en-US\"},{\"@type\":\"Person\",\"@id\":\"https:\/\/fadeu.urantiacos.cl\/en\/#\/schema\/person\/d203e2e84b1c40275eac77b3061a19a2\",\"name\":\"manadmin\",\"image\":{\"@type\":\"ImageObject\",\"inLanguage\":\"en-US\",\"@id\":\"https:\/\/fadeu.urantiacos.cl\/en\/#\/schema\/person\/image\/\",\"url\":\"https:\/\/secure.gravatar.com\/avatar\/4b1d8e3303b4a9d8968ac578947d8bc80d9aea359f388cdd4aac15cadc0e8447?s=96&d=mm&r=g\",\"contentUrl\":\"https:\/\/secure.gravatar.com\/avatar\/4b1d8e3303b4a9d8968ac578947d8bc80d9aea359f388cdd4aac15cadc0e8447?s=96&d=mm&r=g\",\"caption\":\"manadmin\"},\"sameAs\":[\"https:\/\/fadeu.urantiacos.cl\"]}]}<\/script>\n<!-- \/ Yoast SEO plugin. -->","yoast_head_json":{"title":"Proyecto de estudiantes del mag\u00edster en Arquitectura UC es seleccionado en concurso internacional con el TEC de Monterrey - Facultad de Arquitectura, Dise\u00f1o y Estudios Urbanos","description":"\"Pioneras\" es uno de los proyectos ganadores del concurso Transforma e Impacta 2021. La iniciativa, creada entre la DAE UC y el Instituto Tecnol\u00f3gico de Monterrey (M\u00e9xico), busca financiar propuestas estudiantiles que propongan soluciones a tem\u00e1ticas actuales y se inserten en el marco de la Agenda 2030 de los Objetivos de Desarrollo Sostenible de la ONU.","robots":{"index":"index","follow":"follow","max-snippet":"max-snippet:-1","max-image-preview":"max-image-preview:large","max-video-preview":"max-video-preview:-1"},"canonical":"https:\/\/fadeu.urantiacos.cl\/en\/2021\/07\/25\/proyecto-de-estudiantes-del-magister-en-arquitectura-uc-es-seleccionado-en-concurso-internacional-con-el-tec-de-monterrey\/","og_locale":"en_US","og_type":"article","og_title":"Proyecto de estudiantes del mag\u00edster en Arquitectura UC es seleccionado en concurso internacional con el TEC de Monterrey - Facultad de Arquitectura, Dise\u00f1o y Estudios Urbanos","og_description":"\"Pioneras\" es uno de los proyectos ganadores del concurso Transforma e Impacta 2021. La iniciativa, creada entre la DAE UC y el Instituto Tecnol\u00f3gico de Monterrey (M\u00e9xico), busca financiar propuestas estudiantiles que propongan soluciones a tem\u00e1ticas actuales y se inserten en el marco de la Agenda 2030 de los Objetivos de Desarrollo Sostenible de la ONU.","og_url":"https:\/\/fadeu.urantiacos.cl\/en\/2021\/07\/25\/proyecto-de-estudiantes-del-magister-en-arquitectura-uc-es-seleccionado-en-concurso-internacional-con-el-tec-de-monterrey\/","og_site_name":"Facultad de Arquitectura, Dise\u00f1o y Estudios Urbanos","article_published_time":"2021-07-25T22:54:00+00:00","article_modified_time":"2023-10-23T18:37:01+00:00","og_image":[{"width":350,"height":250,"url":"https:\/\/fadeu.urantiacos.cl\/wp-content\/uploads\/2023\/09\/pioneras_web.jpg","type":"image\/jpeg"}],"author":"manadmin","twitter_card":"summary_large_image","twitter_misc":{"Written by":"manadmin","Est. reading time":"2 minutes"},"schema":{"@context":"https:\/\/schema.org","@graph":[{"@type":"Article","@id":"https:\/\/fadeu.urantiacos.cl\/en\/2021\/07\/25\/proyecto-de-estudiantes-del-magister-en-arquitectura-uc-es-seleccionado-en-concurso-internacional-con-el-tec-de-monterrey\/#article","isPartOf":{"@id":"https:\/\/fadeu.urantiacos.cl\/en\/2021\/07\/25\/proyecto-de-estudiantes-del-magister-en-arquitectura-uc-es-seleccionado-en-concurso-internacional-con-el-tec-de-monterrey\/"},"author":{"name":"manadmin","@id":"https:\/\/fadeu.urantiacos.cl\/en\/#\/schema\/person\/d203e2e84b1c40275eac77b3061a19a2"},"headline":"Proyecto de estudiantes del mag\u00edster en Arquitectura UC es seleccionado en concurso internacional con el TEC de Monterrey","datePublished":"2021-07-25T22:54:00+00:00","dateModified":"2023-10-23T18:37:01+00:00","mainEntityOfPage":{"@id":"https:\/\/fadeu.urantiacos.cl\/en\/2021\/07\/25\/proyecto-de-estudiantes-del-magister-en-arquitectura-uc-es-seleccionado-en-concurso-internacional-con-el-tec-de-monterrey\/"},"wordCount":278,"commentCount":0,"image":{"@id":"https:\/\/fadeu.urantiacos.cl\/en\/2021\/07\/25\/proyecto-de-estudiantes-del-magister-en-arquitectura-uc-es-seleccionado-en-concurso-internacional-con-el-tec-de-monterrey\/#primaryimage"},"thumbnailUrl":"https:\/\/fadeu.urantiacos.cl\/wp-content\/uploads\/2023\/09\/pioneras_web.jpg","articleSection":["Sin categorizar"],"inLanguage":"en-US","potentialAction":[{"@type":"CommentAction","name":"Comment","target":["https:\/\/fadeu.urantiacos.cl\/en\/2021\/07\/25\/proyecto-de-estudiantes-del-magister-en-arquitectura-uc-es-seleccionado-en-concurso-internacional-con-el-tec-de-monterrey\/#respond"]}]},{"@type":"WebPage","@id":"https:\/\/fadeu.urantiacos.cl\/en\/2021\/07\/25\/proyecto-de-estudiantes-del-magister-en-arquitectura-uc-es-seleccionado-en-concurso-internacional-con-el-tec-de-monterrey\/","url":"https:\/\/fadeu.urantiacos.cl\/en\/2021\/07\/25\/proyecto-de-estudiantes-del-magister-en-arquitectura-uc-es-seleccionado-en-concurso-internacional-con-el-tec-de-monterrey\/","name":"Proyecto de estudiantes del mag\u00edster en Arquitectura UC es seleccionado en concurso internacional con el TEC de Monterrey - Facultad de Arquitectura, Dise\u00f1o y Estudios Urbanos","isPartOf":{"@id":"https:\/\/fadeu.urantiacos.cl\/en\/#website"},"primaryImageOfPage":{"@id":"https:\/\/fadeu.urantiacos.cl\/en\/2021\/07\/25\/proyecto-de-estudiantes-del-magister-en-arquitectura-uc-es-seleccionado-en-concurso-internacional-con-el-tec-de-monterrey\/#primaryimage"},"image":{"@id":"https:\/\/fadeu.urantiacos.cl\/en\/2021\/07\/25\/proyecto-de-estudiantes-del-magister-en-arquitectura-uc-es-seleccionado-en-concurso-internacional-con-el-tec-de-monterrey\/#primaryimage"},"thumbnailUrl":"https:\/\/fadeu.urantiacos.cl\/wp-content\/uploads\/2023\/09\/pioneras_web.jpg","datePublished":"2021-07-25T22:54:00+00:00","dateModified":"2023-10-23T18:37:01+00:00","author":{"@id":"https:\/\/fadeu.urantiacos.cl\/en\/#\/schema\/person\/d203e2e84b1c40275eac77b3061a19a2"},"description":"\"Pioneras\" es uno de los proyectos ganadores del concurso Transforma e Impacta 2021. La iniciativa, creada entre la DAE UC y el Instituto Tecnol\u00f3gico de Monterrey (M\u00e9xico), busca financiar propuestas estudiantiles que propongan soluciones a tem\u00e1ticas actuales y se inserten en el marco de la Agenda 2030 de los Objetivos de Desarrollo Sostenible de la ONU.","breadcrumb":{"@id":"https:\/\/fadeu.urantiacos.cl\/en\/2021\/07\/25\/proyecto-de-estudiantes-del-magister-en-arquitectura-uc-es-seleccionado-en-concurso-internacional-con-el-tec-de-monterrey\/#breadcrumb"},"inLanguage":"en-US","potentialAction":[{"@type":"ReadAction","target":["https:\/\/fadeu.urantiacos.cl\/en\/2021\/07\/25\/proyecto-de-estudiantes-del-magister-en-arquitectura-uc-es-seleccionado-en-concurso-internacional-con-el-tec-de-monterrey\/"]}]},{"@type":"ImageObject","inLanguage":"en-US","@id":"https:\/\/fadeu.urantiacos.cl\/en\/2021\/07\/25\/proyecto-de-estudiantes-del-magister-en-arquitectura-uc-es-seleccionado-en-concurso-internacional-con-el-tec-de-monterrey\/#primaryimage","url":"https:\/\/fadeu.urantiacos.cl\/wp-content\/uploads\/2023\/09\/pioneras_web.jpg","contentUrl":"https:\/\/fadeu.urantiacos.cl\/wp-content\/uploads\/2023\/09\/pioneras_web.jpg","width":350,"height":250},{"@type":"BreadcrumbList","@id":"https:\/\/fadeu.urantiacos.cl\/en\/2021\/07\/25\/proyecto-de-estudiantes-del-magister-en-arquitectura-uc-es-seleccionado-en-concurso-internacional-con-el-tec-de-monterrey\/#breadcrumb","itemListElement":[{"@type":"ListItem","position":1,"name":"Portada","item":"https:\/\/fadeu.urantiacos.cl\/en\/"},{"@type":"ListItem","position":2,"name":"Proyecto de estudiantes del mag\u00edster en Arquitectura UC es seleccionado en concurso internacional con el TEC de Monterrey"}]},{"@type":"WebSite","@id":"https:\/\/fadeu.urantiacos.cl\/en\/#website","url":"https:\/\/fadeu.urantiacos.cl\/en\/","name":"Facultad de Arquitectura, Dise\u00f1o y Estudios Urbanos","description":"Campus Lo Contador","potentialAction":[{"@type":"SearchAction","target":{"@type":"EntryPoint","urlTemplate":"https:\/\/fadeu.urantiacos.cl\/en\/?s={search_term_string}"},"query-input":{"@type":"PropertyValueSpecification","valueRequired":true,"valueName":"search_term_string"}}],"inLanguage":"en-US"},{"@type":"Person","@id":"https:\/\/fadeu.urantiacos.cl\/en\/#\/schema\/person\/d203e2e84b1c40275eac77b3061a19a2","name":"manadmin","image":{"@type":"ImageObject","inLanguage":"en-US","@id":"https:\/\/fadeu.urantiacos.cl\/en\/#\/schema\/person\/image\/","url":"https:\/\/secure.gravatar.com\/avatar\/4b1d8e3303b4a9d8968ac578947d8bc80d9aea359f388cdd4aac15cadc0e8447?s=96&d=mm&r=g","contentUrl":"https:\/\/secure.gravatar.com\/avatar\/4b1d8e3303b4a9d8968ac578947d8bc80d9aea359f388cdd4aac15cadc0e8447?s=96&d=mm&r=g","caption":"manadmin"},"sameAs":["https:\/\/fadeu.urantiacos.cl"]}]}},"_links":{"self":[{"href":"https:\/\/fadeu.urantiacos.cl\/en\/wp-json\/wp\/v2\/posts\/6617","targetHints":{"allow":["GET"]}}],"collection":[{"href":"https:\/\/fadeu.urantiacos.cl\/en\/wp-json\/wp\/v2\/posts"}],"about":[{"href":"https:\/\/fadeu.urantiacos.cl\/en\/wp-json\/wp\/v2\/types\/post"}],"author":[{"embeddable":true,"href":"https:\/\/fadeu.urantiacos.cl\/en\/wp-json\/wp\/v2\/users\/1"}],"replies":[{"embeddable":true,"href":"https:\/\/fadeu.urantiacos.cl\/en\/wp-json\/wp\/v2\/comments?post=6617"}],"version-history":[{"count":2,"href":"https:\/\/fadeu.urantiacos.cl\/en\/wp-json\/wp\/v2\/posts\/6617\/revisions"}],"predecessor-version":[{"id":17535,"href":"https:\/\/fadeu.urantiacos.cl\/en\/wp-json\/wp\/v2\/posts\/6617\/revisions\/17535"}],"wp:featuredmedia":[{"embeddable":true,"href":"https:\/\/fadeu.urantiacos.cl\/en\/wp-json\/wp\/v2\/media\/6618"}],"wp:attachment":[{"href":"https:\/\/fadeu.urantiacos.cl\/en\/wp-json\/wp\/v2\/media?parent=6617"}],"wp:term":[{"taxonomy":"category","embeddable":true,"href":"https:\/\/fadeu.urantiacos.cl\/en\/wp-json\/wp\/v2\/categories?post=6617"},{"taxonomy":"post_tag","embeddable":true,"href":"https:\/\/fadeu.urantiacos.cl\/en\/wp-json\/wp\/v2\/tags?post=6617"}],"curies":[{"name":"wp","href":"https:\/\/api.w.org\/{rel}","templated":true}]}}