{"id":6613,"date":"2021-07-26T19:49:00","date_gmt":"2021-07-26T22:49:00","guid":{"rendered":"https:\/\/fadeu.urantiacos.cl\/?p=6613"},"modified":"2023-09-07T19:54:15","modified_gmt":"2023-09-07T22:54:15","slug":"investigador-uc-explica-por-que-es-tan-dificil-juntar-el-pie-para-comprar-la-casa-propia","status":"publish","type":"post","link":"https:\/\/fadeu.urantiacos.cl\/en\/2021\/07\/26\/investigador-uc-explica-por-que-es-tan-dificil-juntar-el-pie-para-comprar-la-casa-propia\/","title":{"rendered":"Investigador UC explica por qu\u00e9 es tan d\u00edficil juntar el pie para comprar la casa propia"},"content":{"rendered":"\n<figure class=\"wp-block-image size-full\"><img decoding=\"async\" width=\"350\" height=\"250\" src=\"https:\/\/fadeu.urantiacos.cl\/wp-content\/uploads\/2023\/09\/casa_propia_LF_LUN.png\" alt=\"\" class=\"wp-image-6614\" srcset=\"https:\/\/fadeu.urantiacos.cl\/wp-content\/uploads\/2023\/09\/casa_propia_LF_LUN.png 350w, https:\/\/fadeu.urantiacos.cl\/wp-content\/uploads\/2023\/09\/casa_propia_LF_LUN-300x214.png 300w\" sizes=\"(max-width: 350px) 100vw, 350px\" \/><\/figure>\n\n\n\n<p>Las \u00daltimas Noticias destaca que estudio UC explica por qu\u00e9 es tan dif\u00edcil juntar el pie para comprar la casa propia: precios de las viviendas suben m\u00e1s que los sueldos y un tercio de las personas no tiene antig\u00fcedad laboral. Habla Luis Fuentes, director del Instituto de Estudios Urbanos.<\/p>\n\n\n\n<h6 class=\"wp-block-heading\">+ Revisa nota completa aqu\u00ed.<\/h6>\n\n\n\n<figure class=\"wp-block-image size-large\"><img decoding=\"async\" width=\"827\" height=\"1024\" src=\"https:\/\/fadeu.urantiacos.cl\/wp-content\/uploads\/2023\/09\/2586869_1991992-827x1024.jpg\" alt=\"\" class=\"wp-image-6615\" srcset=\"https:\/\/fadeu.urantiacos.cl\/wp-content\/uploads\/2023\/09\/2586869_1991992-827x1024.jpg 827w, https:\/\/fadeu.urantiacos.cl\/wp-content\/uploads\/2023\/09\/2586869_1991992-242x300.jpg 242w, https:\/\/fadeu.urantiacos.cl\/wp-content\/uploads\/2023\/09\/2586869_1991992-768x951.jpg 768w, https:\/\/fadeu.urantiacos.cl\/wp-content\/uploads\/2023\/09\/2586869_1991992-1240x1536.jpg 1240w, https:\/\/fadeu.urantiacos.cl\/wp-content\/uploads\/2023\/09\/2586869_1991992-1654x2048.jpg 1654w, https:\/\/fadeu.urantiacos.cl\/wp-content\/uploads\/2023\/09\/2586869_1991992-scaled.jpg 969w\" sizes=\"(max-width: 827px) 100vw, 827px\" \/><\/figure>\n","protected":false},"excerpt":{"rendered":"<p>Las \u00daltimas Noticias destaca que estudio UC explica por qu\u00e9 es tan dif\u00edcil juntar el pie para comprar la casa propia: precios de las viviendas suben m\u00e1s que los sueldos y un tercio de las personas no tiene antig\u00fcedad laboral. Habla Luis Fuentes, director del Instituto de Estudios Urbanos. + Revisa nota completa aqu\u00ed.<\/p>\n","protected":false},"author":1,"featured_media":6614,"comment_status":"open","ping_status":"open","sticky":false,"template":"","format":"standard","meta":{"_acf_changed":false,"footnotes":""},"categories":[1],"tags":[],"class_list":["post-6613","post","type-post","status-publish","format-standard","has-post-thumbnail","hentry","category-sin-categorizar"],"acf":[],"yoast_head":"<!-- This site is optimized with the Yoast SEO plugin v27.1.1 - https:\/\/yoast.com\/product\/yoast-seo-wordpress\/ -->\n<title>Investigador UC explica por qu\u00e9 es tan d\u00edficil juntar el pie para comprar la casa propia - Facultad de Arquitectura, Dise\u00f1o y Estudios Urbanos<\/title>\n<meta name=\"description\" content=\"Las \u00daltimas Noticias destaca que estudio UC explica por qu\u00e9 es tan dif\u00edcil juntar el pie para comprar la casa propia: precios de las viviendas suben m\u00e1s\" \/>\n<meta name=\"robots\" content=\"index, follow, max-snippet:-1, max-image-preview:large, max-video-preview:-1\" \/>\n<link rel=\"canonical\" href=\"https:\/\/fadeu.urantiacos.cl\/en\/2021\/07\/26\/investigador-uc-explica-por-que-es-tan-dificil-juntar-el-pie-para-comprar-la-casa-propia\/\" \/>\n<meta property=\"og:locale\" content=\"en_US\" \/>\n<meta property=\"og:type\" content=\"article\" \/>\n<meta property=\"og:title\" content=\"Investigador UC explica por qu\u00e9 es tan d\u00edficil juntar el pie para comprar la casa propia - Facultad de Arquitectura, Dise\u00f1o y Estudios Urbanos\" \/>\n<meta property=\"og:description\" content=\"Las \u00daltimas Noticias destaca que estudio UC explica por qu\u00e9 es tan dif\u00edcil juntar el pie para comprar la casa propia: precios de las viviendas suben m\u00e1s\" \/>\n<meta property=\"og:url\" content=\"https:\/\/fadeu.urantiacos.cl\/en\/2021\/07\/26\/investigador-uc-explica-por-que-es-tan-dificil-juntar-el-pie-para-comprar-la-casa-propia\/\" \/>\n<meta property=\"og:site_name\" content=\"Facultad de Arquitectura, Dise\u00f1o y Estudios Urbanos\" \/>\n<meta property=\"article:published_time\" content=\"2021-07-26T22:49:00+00:00\" \/>\n<meta property=\"article:modified_time\" content=\"2023-09-07T22:54:15+00:00\" \/>\n<meta property=\"og:image\" content=\"https:\/\/fadeu.urantiacos.cl\/wp-content\/uploads\/2023\/09\/casa_propia_LF_LUN.png\" \/>\n\t<meta property=\"og:image:width\" content=\"350\" \/>\n\t<meta property=\"og:image:height\" content=\"250\" \/>\n\t<meta property=\"og:image:type\" content=\"image\/png\" \/>\n<meta name=\"author\" content=\"manadmin\" \/>\n<meta name=\"twitter:card\" content=\"summary_large_image\" \/>\n<meta name=\"twitter:label1\" content=\"Written by\" \/>\n\t<meta name=\"twitter:data1\" content=\"manadmin\" \/>\n<script type=\"application\/ld+json\" class=\"yoast-schema-graph\">{\"@context\":\"https:\/\/schema.org\",\"@graph\":[{\"@type\":\"Article\",\"@id\":\"https:\/\/fadeu.urantiacos.cl\/en\/2021\/07\/26\/investigador-uc-explica-por-que-es-tan-dificil-juntar-el-pie-para-comprar-la-casa-propia\/#article\",\"isPartOf\":{\"@id\":\"https:\/\/fadeu.urantiacos.cl\/en\/2021\/07\/26\/investigador-uc-explica-por-que-es-tan-dificil-juntar-el-pie-para-comprar-la-casa-propia\/\"},\"author\":{\"name\":\"manadmin\",\"@id\":\"https:\/\/fadeu.urantiacos.cl\/en\/#\/schema\/person\/d203e2e84b1c40275eac77b3061a19a2\"},\"headline\":\"Investigador UC explica por qu\u00e9 es tan d\u00edficil juntar el pie para comprar la casa propia\",\"datePublished\":\"2021-07-26T22:49:00+00:00\",\"dateModified\":\"2023-09-07T22:54:15+00:00\",\"mainEntityOfPage\":{\"@id\":\"https:\/\/fadeu.urantiacos.cl\/en\/2021\/07\/26\/investigador-uc-explica-por-que-es-tan-dificil-juntar-el-pie-para-comprar-la-casa-propia\/\"},\"wordCount\":73,\"commentCount\":0,\"image\":{\"@id\":\"https:\/\/fadeu.urantiacos.cl\/en\/2021\/07\/26\/investigador-uc-explica-por-que-es-tan-dificil-juntar-el-pie-para-comprar-la-casa-propia\/#primaryimage\"},\"thumbnailUrl\":\"https:\/\/fadeu.urantiacos.cl\/wp-content\/uploads\/2023\/09\/casa_propia_LF_LUN.png\",\"articleSection\":[\"Sin categorizar\"],\"inLanguage\":\"en-US\",\"potentialAction\":[{\"@type\":\"CommentAction\",\"name\":\"Comment\",\"target\":[\"https:\/\/fadeu.urantiacos.cl\/en\/2021\/07\/26\/investigador-uc-explica-por-que-es-tan-dificil-juntar-el-pie-para-comprar-la-casa-propia\/#respond\"]}]},{\"@type\":\"WebPage\",\"@id\":\"https:\/\/fadeu.urantiacos.cl\/en\/2021\/07\/26\/investigador-uc-explica-por-que-es-tan-dificil-juntar-el-pie-para-comprar-la-casa-propia\/\",\"url\":\"https:\/\/fadeu.urantiacos.cl\/en\/2021\/07\/26\/investigador-uc-explica-por-que-es-tan-dificil-juntar-el-pie-para-comprar-la-casa-propia\/\",\"name\":\"Investigador UC explica por qu\u00e9 es tan d\u00edficil juntar el pie para comprar la casa propia - Facultad de Arquitectura, Dise\u00f1o y Estudios Urbanos\",\"isPartOf\":{\"@id\":\"https:\/\/fadeu.urantiacos.cl\/en\/#website\"},\"primaryImageOfPage\":{\"@id\":\"https:\/\/fadeu.urantiacos.cl\/en\/2021\/07\/26\/investigador-uc-explica-por-que-es-tan-dificil-juntar-el-pie-para-comprar-la-casa-propia\/#primaryimage\"},\"image\":{\"@id\":\"https:\/\/fadeu.urantiacos.cl\/en\/2021\/07\/26\/investigador-uc-explica-por-que-es-tan-dificil-juntar-el-pie-para-comprar-la-casa-propia\/#primaryimage\"},\"thumbnailUrl\":\"https:\/\/fadeu.urantiacos.cl\/wp-content\/uploads\/2023\/09\/casa_propia_LF_LUN.png\",\"datePublished\":\"2021-07-26T22:49:00+00:00\",\"dateModified\":\"2023-09-07T22:54:15+00:00\",\"author\":{\"@id\":\"https:\/\/fadeu.urantiacos.cl\/en\/#\/schema\/person\/d203e2e84b1c40275eac77b3061a19a2\"},\"description\":\"Las \u00daltimas Noticias destaca que estudio UC explica por qu\u00e9 es tan dif\u00edcil juntar el pie para comprar la casa propia: precios de las viviendas suben m\u00e1s\",\"breadcrumb\":{\"@id\":\"https:\/\/fadeu.urantiacos.cl\/en\/2021\/07\/26\/investigador-uc-explica-por-que-es-tan-dificil-juntar-el-pie-para-comprar-la-casa-propia\/#breadcrumb\"},\"inLanguage\":\"en-US\",\"potentialAction\":[{\"@type\":\"ReadAction\",\"target\":[\"https:\/\/fadeu.urantiacos.cl\/en\/2021\/07\/26\/investigador-uc-explica-por-que-es-tan-dificil-juntar-el-pie-para-comprar-la-casa-propia\/\"]}]},{\"@type\":\"ImageObject\",\"inLanguage\":\"en-US\",\"@id\":\"https:\/\/fadeu.urantiacos.cl\/en\/2021\/07\/26\/investigador-uc-explica-por-que-es-tan-dificil-juntar-el-pie-para-comprar-la-casa-propia\/#primaryimage\",\"url\":\"https:\/\/fadeu.urantiacos.cl\/wp-content\/uploads\/2023\/09\/casa_propia_LF_LUN.png\",\"contentUrl\":\"https:\/\/fadeu.urantiacos.cl\/wp-content\/uploads\/2023\/09\/casa_propia_LF_LUN.png\",\"width\":350,\"height\":250},{\"@type\":\"BreadcrumbList\",\"@id\":\"https:\/\/fadeu.urantiacos.cl\/en\/2021\/07\/26\/investigador-uc-explica-por-que-es-tan-dificil-juntar-el-pie-para-comprar-la-casa-propia\/#breadcrumb\",\"itemListElement\":[{\"@type\":\"ListItem\",\"position\":1,\"name\":\"Portada\",\"item\":\"https:\/\/fadeu.urantiacos.cl\/en\/\"},{\"@type\":\"ListItem\",\"position\":2,\"name\":\"Investigador UC explica por qu\u00e9 es tan d\u00edficil juntar el pie para comprar la casa propia\"}]},{\"@type\":\"WebSite\",\"@id\":\"https:\/\/fadeu.urantiacos.cl\/en\/#website\",\"url\":\"https:\/\/fadeu.urantiacos.cl\/en\/\",\"name\":\"Facultad de Arquitectura, Dise\u00f1o y Estudios Urbanos\",\"description\":\"Campus Lo Contador\",\"potentialAction\":[{\"@type\":\"SearchAction\",\"target\":{\"@type\":\"EntryPoint\",\"urlTemplate\":\"https:\/\/fadeu.urantiacos.cl\/en\/?s={search_term_string}\"},\"query-input\":{\"@type\":\"PropertyValueSpecification\",\"valueRequired\":true,\"valueName\":\"search_term_string\"}}],\"inLanguage\":\"en-US\"},{\"@type\":\"Person\",\"@id\":\"https:\/\/fadeu.urantiacos.cl\/en\/#\/schema\/person\/d203e2e84b1c40275eac77b3061a19a2\",\"name\":\"manadmin\",\"image\":{\"@type\":\"ImageObject\",\"inLanguage\":\"en-US\",\"@id\":\"https:\/\/fadeu.urantiacos.cl\/en\/#\/schema\/person\/image\/\",\"url\":\"https:\/\/secure.gravatar.com\/avatar\/4b1d8e3303b4a9d8968ac578947d8bc80d9aea359f388cdd4aac15cadc0e8447?s=96&d=mm&r=g\",\"contentUrl\":\"https:\/\/secure.gravatar.com\/avatar\/4b1d8e3303b4a9d8968ac578947d8bc80d9aea359f388cdd4aac15cadc0e8447?s=96&d=mm&r=g\",\"caption\":\"manadmin\"},\"sameAs\":[\"https:\/\/fadeu.urantiacos.cl\"]}]}<\/script>\n<!-- \/ Yoast SEO plugin. -->","yoast_head_json":{"title":"Investigador UC explica por qu\u00e9 es tan d\u00edficil juntar el pie para comprar la casa propia - Facultad de Arquitectura, Dise\u00f1o y Estudios Urbanos","description":"Las \u00daltimas Noticias destaca que estudio UC explica por qu\u00e9 es tan dif\u00edcil juntar el pie para comprar la casa propia: precios de las viviendas suben m\u00e1s","robots":{"index":"index","follow":"follow","max-snippet":"max-snippet:-1","max-image-preview":"max-image-preview:large","max-video-preview":"max-video-preview:-1"},"canonical":"https:\/\/fadeu.urantiacos.cl\/en\/2021\/07\/26\/investigador-uc-explica-por-que-es-tan-dificil-juntar-el-pie-para-comprar-la-casa-propia\/","og_locale":"en_US","og_type":"article","og_title":"Investigador UC explica por qu\u00e9 es tan d\u00edficil juntar el pie para comprar la casa propia - Facultad de Arquitectura, Dise\u00f1o y Estudios Urbanos","og_description":"Las \u00daltimas Noticias destaca que estudio UC explica por qu\u00e9 es tan dif\u00edcil juntar el pie para comprar la casa propia: precios de las viviendas suben m\u00e1s","og_url":"https:\/\/fadeu.urantiacos.cl\/en\/2021\/07\/26\/investigador-uc-explica-por-que-es-tan-dificil-juntar-el-pie-para-comprar-la-casa-propia\/","og_site_name":"Facultad de Arquitectura, Dise\u00f1o y Estudios Urbanos","article_published_time":"2021-07-26T22:49:00+00:00","article_modified_time":"2023-09-07T22:54:15+00:00","og_image":[{"width":350,"height":250,"url":"https:\/\/fadeu.urantiacos.cl\/wp-content\/uploads\/2023\/09\/casa_propia_LF_LUN.png","type":"image\/png"}],"author":"manadmin","twitter_card":"summary_large_image","twitter_misc":{"Written by":"manadmin"},"schema":{"@context":"https:\/\/schema.org","@graph":[{"@type":"Article","@id":"https:\/\/fadeu.urantiacos.cl\/en\/2021\/07\/26\/investigador-uc-explica-por-que-es-tan-dificil-juntar-el-pie-para-comprar-la-casa-propia\/#article","isPartOf":{"@id":"https:\/\/fadeu.urantiacos.cl\/en\/2021\/07\/26\/investigador-uc-explica-por-que-es-tan-dificil-juntar-el-pie-para-comprar-la-casa-propia\/"},"author":{"name":"manadmin","@id":"https:\/\/fadeu.urantiacos.cl\/en\/#\/schema\/person\/d203e2e84b1c40275eac77b3061a19a2"},"headline":"Investigador UC explica por qu\u00e9 es tan d\u00edficil juntar el pie para comprar la casa propia","datePublished":"2021-07-26T22:49:00+00:00","dateModified":"2023-09-07T22:54:15+00:00","mainEntityOfPage":{"@id":"https:\/\/fadeu.urantiacos.cl\/en\/2021\/07\/26\/investigador-uc-explica-por-que-es-tan-dificil-juntar-el-pie-para-comprar-la-casa-propia\/"},"wordCount":73,"commentCount":0,"image":{"@id":"https:\/\/fadeu.urantiacos.cl\/en\/2021\/07\/26\/investigador-uc-explica-por-que-es-tan-dificil-juntar-el-pie-para-comprar-la-casa-propia\/#primaryimage"},"thumbnailUrl":"https:\/\/fadeu.urantiacos.cl\/wp-content\/uploads\/2023\/09\/casa_propia_LF_LUN.png","articleSection":["Sin categorizar"],"inLanguage":"en-US","potentialAction":[{"@type":"CommentAction","name":"Comment","target":["https:\/\/fadeu.urantiacos.cl\/en\/2021\/07\/26\/investigador-uc-explica-por-que-es-tan-dificil-juntar-el-pie-para-comprar-la-casa-propia\/#respond"]}]},{"@type":"WebPage","@id":"https:\/\/fadeu.urantiacos.cl\/en\/2021\/07\/26\/investigador-uc-explica-por-que-es-tan-dificil-juntar-el-pie-para-comprar-la-casa-propia\/","url":"https:\/\/fadeu.urantiacos.cl\/en\/2021\/07\/26\/investigador-uc-explica-por-que-es-tan-dificil-juntar-el-pie-para-comprar-la-casa-propia\/","name":"Investigador UC explica por qu\u00e9 es tan d\u00edficil juntar el pie para comprar la casa propia - Facultad de Arquitectura, Dise\u00f1o y Estudios Urbanos","isPartOf":{"@id":"https:\/\/fadeu.urantiacos.cl\/en\/#website"},"primaryImageOfPage":{"@id":"https:\/\/fadeu.urantiacos.cl\/en\/2021\/07\/26\/investigador-uc-explica-por-que-es-tan-dificil-juntar-el-pie-para-comprar-la-casa-propia\/#primaryimage"},"image":{"@id":"https:\/\/fadeu.urantiacos.cl\/en\/2021\/07\/26\/investigador-uc-explica-por-que-es-tan-dificil-juntar-el-pie-para-comprar-la-casa-propia\/#primaryimage"},"thumbnailUrl":"https:\/\/fadeu.urantiacos.cl\/wp-content\/uploads\/2023\/09\/casa_propia_LF_LUN.png","datePublished":"2021-07-26T22:49:00+00:00","dateModified":"2023-09-07T22:54:15+00:00","author":{"@id":"https:\/\/fadeu.urantiacos.cl\/en\/#\/schema\/person\/d203e2e84b1c40275eac77b3061a19a2"},"description":"Las \u00daltimas Noticias destaca que estudio UC explica por qu\u00e9 es tan dif\u00edcil juntar el pie para comprar la casa propia: precios de las viviendas suben m\u00e1s","breadcrumb":{"@id":"https:\/\/fadeu.urantiacos.cl\/en\/2021\/07\/26\/investigador-uc-explica-por-que-es-tan-dificil-juntar-el-pie-para-comprar-la-casa-propia\/#breadcrumb"},"inLanguage":"en-US","potentialAction":[{"@type":"ReadAction","target":["https:\/\/fadeu.urantiacos.cl\/en\/2021\/07\/26\/investigador-uc-explica-por-que-es-tan-dificil-juntar-el-pie-para-comprar-la-casa-propia\/"]}]},{"@type":"ImageObject","inLanguage":"en-US","@id":"https:\/\/fadeu.urantiacos.cl\/en\/2021\/07\/26\/investigador-uc-explica-por-que-es-tan-dificil-juntar-el-pie-para-comprar-la-casa-propia\/#primaryimage","url":"https:\/\/fadeu.urantiacos.cl\/wp-content\/uploads\/2023\/09\/casa_propia_LF_LUN.png","contentUrl":"https:\/\/fadeu.urantiacos.cl\/wp-content\/uploads\/2023\/09\/casa_propia_LF_LUN.png","width":350,"height":250},{"@type":"BreadcrumbList","@id":"https:\/\/fadeu.urantiacos.cl\/en\/2021\/07\/26\/investigador-uc-explica-por-que-es-tan-dificil-juntar-el-pie-para-comprar-la-casa-propia\/#breadcrumb","itemListElement":[{"@type":"ListItem","position":1,"name":"Portada","item":"https:\/\/fadeu.urantiacos.cl\/en\/"},{"@type":"ListItem","position":2,"name":"Investigador UC explica por qu\u00e9 es tan d\u00edficil juntar el pie para comprar la casa propia"}]},{"@type":"WebSite","@id":"https:\/\/fadeu.urantiacos.cl\/en\/#website","url":"https:\/\/fadeu.urantiacos.cl\/en\/","name":"Facultad de Arquitectura, Dise\u00f1o y Estudios Urbanos","description":"Campus Lo Contador","potentialAction":[{"@type":"SearchAction","target":{"@type":"EntryPoint","urlTemplate":"https:\/\/fadeu.urantiacos.cl\/en\/?s={search_term_string}"},"query-input":{"@type":"PropertyValueSpecification","valueRequired":true,"valueName":"search_term_string"}}],"inLanguage":"en-US"},{"@type":"Person","@id":"https:\/\/fadeu.urantiacos.cl\/en\/#\/schema\/person\/d203e2e84b1c40275eac77b3061a19a2","name":"manadmin","image":{"@type":"ImageObject","inLanguage":"en-US","@id":"https:\/\/fadeu.urantiacos.cl\/en\/#\/schema\/person\/image\/","url":"https:\/\/secure.gravatar.com\/avatar\/4b1d8e3303b4a9d8968ac578947d8bc80d9aea359f388cdd4aac15cadc0e8447?s=96&d=mm&r=g","contentUrl":"https:\/\/secure.gravatar.com\/avatar\/4b1d8e3303b4a9d8968ac578947d8bc80d9aea359f388cdd4aac15cadc0e8447?s=96&d=mm&r=g","caption":"manadmin"},"sameAs":["https:\/\/fadeu.urantiacos.cl"]}]}},"_links":{"self":[{"href":"https:\/\/fadeu.urantiacos.cl\/en\/wp-json\/wp\/v2\/posts\/6613","targetHints":{"allow":["GET"]}}],"collection":[{"href":"https:\/\/fadeu.urantiacos.cl\/en\/wp-json\/wp\/v2\/posts"}],"about":[{"href":"https:\/\/fadeu.urantiacos.cl\/en\/wp-json\/wp\/v2\/types\/post"}],"author":[{"embeddable":true,"href":"https:\/\/fadeu.urantiacos.cl\/en\/wp-json\/wp\/v2\/users\/1"}],"replies":[{"embeddable":true,"href":"https:\/\/fadeu.urantiacos.cl\/en\/wp-json\/wp\/v2\/comments?post=6613"}],"version-history":[{"count":1,"href":"https:\/\/fadeu.urantiacos.cl\/en\/wp-json\/wp\/v2\/posts\/6613\/revisions"}],"predecessor-version":[{"id":6616,"href":"https:\/\/fadeu.urantiacos.cl\/en\/wp-json\/wp\/v2\/posts\/6613\/revisions\/6616"}],"wp:featuredmedia":[{"embeddable":true,"href":"https:\/\/fadeu.urantiacos.cl\/en\/wp-json\/wp\/v2\/media\/6614"}],"wp:attachment":[{"href":"https:\/\/fadeu.urantiacos.cl\/en\/wp-json\/wp\/v2\/media?parent=6613"}],"wp:term":[{"taxonomy":"category","embeddable":true,"href":"https:\/\/fadeu.urantiacos.cl\/en\/wp-json\/wp\/v2\/categories?post=6613"},{"taxonomy":"post_tag","embeddable":true,"href":"https:\/\/fadeu.urantiacos.cl\/en\/wp-json\/wp\/v2\/tags?post=6613"}],"curies":[{"name":"wp","href":"https:\/\/api.w.org\/{rel}","templated":true}]}}