{"id":6594,"date":"2021-07-30T19:32:00","date_gmt":"2021-07-30T22:32:00","guid":{"rendered":"https:\/\/fadeu.urantiacos.cl\/?p=6594"},"modified":"2023-09-07T19:33:56","modified_gmt":"2023-09-07T22:33:56","slug":"loreto-lyon-y-alejandro-beals-reciben-el-premio-oscar-niemeyer-y-dictan-conferencia-en-el-27o-congreso-mundial-de-arquitectos","status":"publish","type":"post","link":"https:\/\/fadeu.urantiacos.cl\/en\/2021\/07\/30\/loreto-lyon-y-alejandro-beals-reciben-el-premio-oscar-niemeyer-y-dictan-conferencia-en-el-27o-congreso-mundial-de-arquitectos\/","title":{"rendered":"Loreto Lyon y Alejandro Beals reciben el premio Oscar Niemeyer y dictan conferencia en el 27\u00ba Congreso Mundial de Arquitectos"},"content":{"rendered":"\n<figure class=\"wp-block-image size-full\"><img decoding=\"async\" width=\"350\" height=\"250\" src=\"https:\/\/fadeu.urantiacos.cl\/wp-content\/uploads\/2023\/09\/pryecto_nancagua_2021.png\" alt=\"\" class=\"wp-image-6595\" srcset=\"https:\/\/fadeu.urantiacos.cl\/wp-content\/uploads\/2023\/09\/pryecto_nancagua_2021.png 350w, https:\/\/fadeu.urantiacos.cl\/wp-content\/uploads\/2023\/09\/pryecto_nancagua_2021-300x214.png 300w\" sizes=\"(max-width: 350px) 100vw, 350px\" \/><\/figure>\n\n\n\n<p>Loreto Lyon y Alejandro Beals obtuvieron el premio \u2014uno de los m\u00e1s importantes de Am\u00e9rica Latina\u2014 por su edificio para la nueva Municipalidad de Nancagua, construido en la zona central de Chile en 2016 (<a href=\"http:\/\/arquitectura.uc.cl\/proyectos\/noticias\/5639-loreto-lyon-y-alejandro-beals-obtienen-el-premio-oscar-niemeyer.html\" target=\"_blank\" rel=\"noreferrer noopener\">ver nota<\/a>). Esta obra de los acad\u00e9micos ha sido reconocido tambi\u00e9n con el primer lugar de los premios ODA 2020 (<a href=\"http:\/\/arquitectura.uc.cl\/proyectos\/noticias\/4821-profesores-arq-uc-beals-y-lyon-ganan-primer-lugar-del-oda2020.html\" target=\"_blank\" rel=\"noreferrer noopener\">ver nota<\/a>) y como uno de los edificios ganadores en la XI Bienal Iberoamericana de Arquitectura y Urbanismo (<a href=\"http:\/\/arquitectura.uc.cl\/proyectos\/noticias\/4359-obra-de-profesores-arq-uc-fue-premiada-en-la-xi-bienal-iberoamericana-de-arquitectura-y-urbanismo-xi-biau.html\" target=\"_blank\" rel=\"noreferrer noopener\">ver nota<\/a>).<\/p>\n\n\n\n<p>Por otro lado, junto con recibir el galard\u00f3n \u2014y con motivo del cierre del evento\u2014, los profesores ARQ UC fueron invitados a realizar una charla magistral en la que mostraron parte del trabajo de su oficina , exponiendo sus obras m\u00e1s recientes. Originalmente planificado para 2020 en R\u00edo de Janeiro, el congreso se realiz\u00f3 virtualmente en julio de 2021 por la crisis sanitaria mundial, reuniendo alrededor de 90.000 arquitectos y urbanistas de 180 pa\u00edses.<\/p>\n\n\n\n<p>Sobre el premio_<br>El Premio Oscar Niemeyer es una de las iniciativas de la Red de Bienales de Arquitectura de Am\u00e9rica Latina (REDBAAL) y tiene por objetivo reconocer lo mejor de la producci\u00f3n arquitect\u00f3nica de la regi\u00f3n. En la edici\u00f3n 2020, la tercera desde su creaci\u00f3n, el jurado estuvo compuesto por Juan Articardi, Carlos Bedoya, Isaac Broid, Jos\u00e9 Luis Cort\u00e9s, Diane Gray y C\u00e9sar Shundi Iwamizu. Se presentaron un total de 101 proyectos pertenecientes a 12 pa\u00edses latinoamericanos.<\/p>\n\n\n\n<p>M\u00e1s informaci\u00f3n sobre el Premio Oscar Niemayer en el siguiente<a href=\"https:\/\/redbaal.org\/premio-oscar-niemeyer\/\" target=\"_blank\" rel=\"noreferrer noopener\">&nbsp;link<\/a>&nbsp;<br>M\u00e1s informaci\u00f3n sobre el edificio para la Municipalidad de Nancagua en el siguiente&nbsp;<a href=\"http:\/\/www.beals-lyon.cl\/projects\/PUBLIC-BUILDINGS\/2066\/NAN\/\" target=\"_blank\" rel=\"noreferrer noopener\">link<\/a>&nbsp;<\/p>\n\n\n\n<p>Noticias<\/p>\n\n\n\n<p>Contacto:&nbsp;<a href=\"mailto:redesarq@uc.cl\">redesarq@uc.cl<\/a>&nbsp;| +56 2 2354 7747<br>www.arquitectura.uc.cl<\/p>\n","protected":false},"excerpt":{"rendered":"<p>La premiaci\u00f3n se realiz\u00f3 el d\u00eda 21 de julio, durante el vigesimos\u00e9ptimo congreso organizado por la Uni\u00f3n Internacional de Arquitectos (UIA) en R\u00edo de Janeiro, instancia en la que los profesores ARQ UC recibieron oficialmente el galard\u00f3n \u2014anunciado en noviembre de 2020\u2014 y presentaron el trabajo de su oficina.<\/p>\n","protected":false},"author":1,"featured_media":6595,"comment_status":"open","ping_status":"open","sticky":false,"template":"","format":"standard","meta":{"_acf_changed":false,"footnotes":""},"categories":[1],"tags":[],"class_list":["post-6594","post","type-post","status-publish","format-standard","has-post-thumbnail","hentry","category-sin-categorizar"],"acf":[],"yoast_head":"<!-- This site is optimized with the Yoast SEO plugin v27.1.1 - https:\/\/yoast.com\/product\/yoast-seo-wordpress\/ -->\n<title>Loreto Lyon y Alejandro Beals reciben el premio Oscar Niemeyer y dictan conferencia en el 27\u00ba Congreso Mundial de Arquitectos - Facultad de Arquitectura, Dise\u00f1o y Estudios Urbanos<\/title>\n<meta name=\"description\" content=\"La premiaci\u00f3n se realiz\u00f3 el d\u00eda 21 de julio, durante el vigesimos\u00e9ptimo congreso organizado por la Uni\u00f3n Internacional de Arquitectos (UIA) en R\u00edo de Janeiro, instancia en la que los profesores ARQ UC recibieron oficialmente el galard\u00f3n \u2014anunciado en noviembre de 2020\u2014 y presentaron el trabajo de su oficina.\" \/>\n<meta name=\"robots\" content=\"index, follow, max-snippet:-1, max-image-preview:large, max-video-preview:-1\" \/>\n<link rel=\"canonical\" href=\"https:\/\/fadeu.urantiacos.cl\/en\/2021\/07\/30\/loreto-lyon-y-alejandro-beals-reciben-el-premio-oscar-niemeyer-y-dictan-conferencia-en-el-27o-congreso-mundial-de-arquitectos\/\" \/>\n<meta property=\"og:locale\" content=\"en_US\" \/>\n<meta property=\"og:type\" content=\"article\" \/>\n<meta property=\"og:title\" content=\"Loreto Lyon y Alejandro Beals reciben el premio Oscar Niemeyer y dictan conferencia en el 27\u00ba Congreso Mundial de Arquitectos - Facultad de Arquitectura, Dise\u00f1o y Estudios Urbanos\" \/>\n<meta property=\"og:description\" content=\"La premiaci\u00f3n se realiz\u00f3 el d\u00eda 21 de julio, durante el vigesimos\u00e9ptimo congreso organizado por la Uni\u00f3n Internacional de Arquitectos (UIA) en R\u00edo de Janeiro, instancia en la que los profesores ARQ UC recibieron oficialmente el galard\u00f3n \u2014anunciado en noviembre de 2020\u2014 y presentaron el trabajo de su oficina.\" \/>\n<meta property=\"og:url\" content=\"https:\/\/fadeu.urantiacos.cl\/en\/2021\/07\/30\/loreto-lyon-y-alejandro-beals-reciben-el-premio-oscar-niemeyer-y-dictan-conferencia-en-el-27o-congreso-mundial-de-arquitectos\/\" \/>\n<meta property=\"og:site_name\" content=\"Facultad de Arquitectura, Dise\u00f1o y Estudios Urbanos\" \/>\n<meta property=\"article:published_time\" content=\"2021-07-30T22:32:00+00:00\" \/>\n<meta property=\"article:modified_time\" content=\"2023-09-07T22:33:56+00:00\" \/>\n<meta property=\"og:image\" content=\"https:\/\/fadeu.urantiacos.cl\/wp-content\/uploads\/2023\/09\/pryecto_nancagua_2021.png\" \/>\n\t<meta property=\"og:image:width\" content=\"350\" \/>\n\t<meta property=\"og:image:height\" content=\"250\" \/>\n\t<meta property=\"og:image:type\" content=\"image\/png\" \/>\n<meta name=\"author\" content=\"manadmin\" \/>\n<meta name=\"twitter:card\" content=\"summary_large_image\" \/>\n<meta name=\"twitter:label1\" content=\"Written by\" \/>\n\t<meta name=\"twitter:data1\" content=\"manadmin\" \/>\n\t<meta name=\"twitter:label2\" content=\"Est. reading time\" \/>\n\t<meta name=\"twitter:data2\" content=\"1 minute\" \/>\n<script type=\"application\/ld+json\" class=\"yoast-schema-graph\">{\"@context\":\"https:\/\/schema.org\",\"@graph\":[{\"@type\":\"Article\",\"@id\":\"https:\/\/fadeu.urantiacos.cl\/en\/2021\/07\/30\/loreto-lyon-y-alejandro-beals-reciben-el-premio-oscar-niemeyer-y-dictan-conferencia-en-el-27o-congreso-mundial-de-arquitectos\/#article\",\"isPartOf\":{\"@id\":\"https:\/\/fadeu.urantiacos.cl\/en\/2021\/07\/30\/loreto-lyon-y-alejandro-beals-reciben-el-premio-oscar-niemeyer-y-dictan-conferencia-en-el-27o-congreso-mundial-de-arquitectos\/\"},\"author\":{\"name\":\"manadmin\",\"@id\":\"https:\/\/fadeu.urantiacos.cl\/en\/#\/schema\/person\/d203e2e84b1c40275eac77b3061a19a2\"},\"headline\":\"Loreto Lyon y Alejandro Beals reciben el premio Oscar Niemeyer y dictan conferencia en el 27\u00ba Congreso Mundial de Arquitectos\",\"datePublished\":\"2021-07-30T22:32:00+00:00\",\"dateModified\":\"2023-09-07T22:33:56+00:00\",\"mainEntityOfPage\":{\"@id\":\"https:\/\/fadeu.urantiacos.cl\/en\/2021\/07\/30\/loreto-lyon-y-alejandro-beals-reciben-el-premio-oscar-niemeyer-y-dictan-conferencia-en-el-27o-congreso-mundial-de-arquitectos\/\"},\"wordCount\":296,\"commentCount\":0,\"image\":{\"@id\":\"https:\/\/fadeu.urantiacos.cl\/en\/2021\/07\/30\/loreto-lyon-y-alejandro-beals-reciben-el-premio-oscar-niemeyer-y-dictan-conferencia-en-el-27o-congreso-mundial-de-arquitectos\/#primaryimage\"},\"thumbnailUrl\":\"https:\/\/fadeu.urantiacos.cl\/wp-content\/uploads\/2023\/09\/pryecto_nancagua_2021.png\",\"articleSection\":[\"Sin categorizar\"],\"inLanguage\":\"en-US\",\"potentialAction\":[{\"@type\":\"CommentAction\",\"name\":\"Comment\",\"target\":[\"https:\/\/fadeu.urantiacos.cl\/en\/2021\/07\/30\/loreto-lyon-y-alejandro-beals-reciben-el-premio-oscar-niemeyer-y-dictan-conferencia-en-el-27o-congreso-mundial-de-arquitectos\/#respond\"]}]},{\"@type\":\"WebPage\",\"@id\":\"https:\/\/fadeu.urantiacos.cl\/en\/2021\/07\/30\/loreto-lyon-y-alejandro-beals-reciben-el-premio-oscar-niemeyer-y-dictan-conferencia-en-el-27o-congreso-mundial-de-arquitectos\/\",\"url\":\"https:\/\/fadeu.urantiacos.cl\/en\/2021\/07\/30\/loreto-lyon-y-alejandro-beals-reciben-el-premio-oscar-niemeyer-y-dictan-conferencia-en-el-27o-congreso-mundial-de-arquitectos\/\",\"name\":\"Loreto Lyon y Alejandro Beals reciben el premio Oscar Niemeyer y dictan conferencia en el 27\u00ba Congreso Mundial de Arquitectos - Facultad de Arquitectura, Dise\u00f1o y Estudios Urbanos\",\"isPartOf\":{\"@id\":\"https:\/\/fadeu.urantiacos.cl\/en\/#website\"},\"primaryImageOfPage\":{\"@id\":\"https:\/\/fadeu.urantiacos.cl\/en\/2021\/07\/30\/loreto-lyon-y-alejandro-beals-reciben-el-premio-oscar-niemeyer-y-dictan-conferencia-en-el-27o-congreso-mundial-de-arquitectos\/#primaryimage\"},\"image\":{\"@id\":\"https:\/\/fadeu.urantiacos.cl\/en\/2021\/07\/30\/loreto-lyon-y-alejandro-beals-reciben-el-premio-oscar-niemeyer-y-dictan-conferencia-en-el-27o-congreso-mundial-de-arquitectos\/#primaryimage\"},\"thumbnailUrl\":\"https:\/\/fadeu.urantiacos.cl\/wp-content\/uploads\/2023\/09\/pryecto_nancagua_2021.png\",\"datePublished\":\"2021-07-30T22:32:00+00:00\",\"dateModified\":\"2023-09-07T22:33:56+00:00\",\"author\":{\"@id\":\"https:\/\/fadeu.urantiacos.cl\/en\/#\/schema\/person\/d203e2e84b1c40275eac77b3061a19a2\"},\"description\":\"La premiaci\u00f3n se realiz\u00f3 el d\u00eda 21 de julio, durante el vigesimos\u00e9ptimo congreso organizado por la Uni\u00f3n Internacional de Arquitectos (UIA) en R\u00edo de Janeiro, instancia en la que los profesores ARQ UC recibieron oficialmente el galard\u00f3n \u2014anunciado en noviembre de 2020\u2014 y presentaron el trabajo de su oficina.\",\"breadcrumb\":{\"@id\":\"https:\/\/fadeu.urantiacos.cl\/en\/2021\/07\/30\/loreto-lyon-y-alejandro-beals-reciben-el-premio-oscar-niemeyer-y-dictan-conferencia-en-el-27o-congreso-mundial-de-arquitectos\/#breadcrumb\"},\"inLanguage\":\"en-US\",\"potentialAction\":[{\"@type\":\"ReadAction\",\"target\":[\"https:\/\/fadeu.urantiacos.cl\/en\/2021\/07\/30\/loreto-lyon-y-alejandro-beals-reciben-el-premio-oscar-niemeyer-y-dictan-conferencia-en-el-27o-congreso-mundial-de-arquitectos\/\"]}]},{\"@type\":\"ImageObject\",\"inLanguage\":\"en-US\",\"@id\":\"https:\/\/fadeu.urantiacos.cl\/en\/2021\/07\/30\/loreto-lyon-y-alejandro-beals-reciben-el-premio-oscar-niemeyer-y-dictan-conferencia-en-el-27o-congreso-mundial-de-arquitectos\/#primaryimage\",\"url\":\"https:\/\/fadeu.urantiacos.cl\/wp-content\/uploads\/2023\/09\/pryecto_nancagua_2021.png\",\"contentUrl\":\"https:\/\/fadeu.urantiacos.cl\/wp-content\/uploads\/2023\/09\/pryecto_nancagua_2021.png\",\"width\":350,\"height\":250},{\"@type\":\"BreadcrumbList\",\"@id\":\"https:\/\/fadeu.urantiacos.cl\/en\/2021\/07\/30\/loreto-lyon-y-alejandro-beals-reciben-el-premio-oscar-niemeyer-y-dictan-conferencia-en-el-27o-congreso-mundial-de-arquitectos\/#breadcrumb\",\"itemListElement\":[{\"@type\":\"ListItem\",\"position\":1,\"name\":\"Portada\",\"item\":\"https:\/\/fadeu.urantiacos.cl\/en\/\"},{\"@type\":\"ListItem\",\"position\":2,\"name\":\"Loreto Lyon y Alejandro Beals reciben el premio Oscar Niemeyer y dictan conferencia en el 27\u00ba Congreso Mundial de Arquitectos\"}]},{\"@type\":\"WebSite\",\"@id\":\"https:\/\/fadeu.urantiacos.cl\/en\/#website\",\"url\":\"https:\/\/fadeu.urantiacos.cl\/en\/\",\"name\":\"Facultad de Arquitectura, Dise\u00f1o y Estudios Urbanos\",\"description\":\"Campus Lo Contador\",\"potentialAction\":[{\"@type\":\"SearchAction\",\"target\":{\"@type\":\"EntryPoint\",\"urlTemplate\":\"https:\/\/fadeu.urantiacos.cl\/en\/?s={search_term_string}\"},\"query-input\":{\"@type\":\"PropertyValueSpecification\",\"valueRequired\":true,\"valueName\":\"search_term_string\"}}],\"inLanguage\":\"en-US\"},{\"@type\":\"Person\",\"@id\":\"https:\/\/fadeu.urantiacos.cl\/en\/#\/schema\/person\/d203e2e84b1c40275eac77b3061a19a2\",\"name\":\"manadmin\",\"image\":{\"@type\":\"ImageObject\",\"inLanguage\":\"en-US\",\"@id\":\"https:\/\/fadeu.urantiacos.cl\/en\/#\/schema\/person\/image\/\",\"url\":\"https:\/\/secure.gravatar.com\/avatar\/4b1d8e3303b4a9d8968ac578947d8bc80d9aea359f388cdd4aac15cadc0e8447?s=96&d=mm&r=g\",\"contentUrl\":\"https:\/\/secure.gravatar.com\/avatar\/4b1d8e3303b4a9d8968ac578947d8bc80d9aea359f388cdd4aac15cadc0e8447?s=96&d=mm&r=g\",\"caption\":\"manadmin\"},\"sameAs\":[\"https:\/\/fadeu.urantiacos.cl\"]}]}<\/script>\n<!-- \/ Yoast SEO plugin. -->","yoast_head_json":{"title":"Loreto Lyon y Alejandro Beals reciben el premio Oscar Niemeyer y dictan conferencia en el 27\u00ba Congreso Mundial de Arquitectos - Facultad de Arquitectura, Dise\u00f1o y Estudios Urbanos","description":"La premiaci\u00f3n se realiz\u00f3 el d\u00eda 21 de julio, durante el vigesimos\u00e9ptimo congreso organizado por la Uni\u00f3n Internacional de Arquitectos (UIA) en R\u00edo de Janeiro, instancia en la que los profesores ARQ UC recibieron oficialmente el galard\u00f3n \u2014anunciado en noviembre de 2020\u2014 y presentaron el trabajo de su oficina.","robots":{"index":"index","follow":"follow","max-snippet":"max-snippet:-1","max-image-preview":"max-image-preview:large","max-video-preview":"max-video-preview:-1"},"canonical":"https:\/\/fadeu.urantiacos.cl\/en\/2021\/07\/30\/loreto-lyon-y-alejandro-beals-reciben-el-premio-oscar-niemeyer-y-dictan-conferencia-en-el-27o-congreso-mundial-de-arquitectos\/","og_locale":"en_US","og_type":"article","og_title":"Loreto Lyon y Alejandro Beals reciben el premio Oscar Niemeyer y dictan conferencia en el 27\u00ba Congreso Mundial de Arquitectos - Facultad de Arquitectura, Dise\u00f1o y Estudios Urbanos","og_description":"La premiaci\u00f3n se realiz\u00f3 el d\u00eda 21 de julio, durante el vigesimos\u00e9ptimo congreso organizado por la Uni\u00f3n Internacional de Arquitectos (UIA) en R\u00edo de Janeiro, instancia en la que los profesores ARQ UC recibieron oficialmente el galard\u00f3n \u2014anunciado en noviembre de 2020\u2014 y presentaron el trabajo de su oficina.","og_url":"https:\/\/fadeu.urantiacos.cl\/en\/2021\/07\/30\/loreto-lyon-y-alejandro-beals-reciben-el-premio-oscar-niemeyer-y-dictan-conferencia-en-el-27o-congreso-mundial-de-arquitectos\/","og_site_name":"Facultad de Arquitectura, Dise\u00f1o y Estudios Urbanos","article_published_time":"2021-07-30T22:32:00+00:00","article_modified_time":"2023-09-07T22:33:56+00:00","og_image":[{"width":350,"height":250,"url":"https:\/\/fadeu.urantiacos.cl\/wp-content\/uploads\/2023\/09\/pryecto_nancagua_2021.png","type":"image\/png"}],"author":"manadmin","twitter_card":"summary_large_image","twitter_misc":{"Written by":"manadmin","Est. reading time":"1 minute"},"schema":{"@context":"https:\/\/schema.org","@graph":[{"@type":"Article","@id":"https:\/\/fadeu.urantiacos.cl\/en\/2021\/07\/30\/loreto-lyon-y-alejandro-beals-reciben-el-premio-oscar-niemeyer-y-dictan-conferencia-en-el-27o-congreso-mundial-de-arquitectos\/#article","isPartOf":{"@id":"https:\/\/fadeu.urantiacos.cl\/en\/2021\/07\/30\/loreto-lyon-y-alejandro-beals-reciben-el-premio-oscar-niemeyer-y-dictan-conferencia-en-el-27o-congreso-mundial-de-arquitectos\/"},"author":{"name":"manadmin","@id":"https:\/\/fadeu.urantiacos.cl\/en\/#\/schema\/person\/d203e2e84b1c40275eac77b3061a19a2"},"headline":"Loreto Lyon y Alejandro Beals reciben el premio Oscar Niemeyer y dictan conferencia en el 27\u00ba Congreso Mundial de Arquitectos","datePublished":"2021-07-30T22:32:00+00:00","dateModified":"2023-09-07T22:33:56+00:00","mainEntityOfPage":{"@id":"https:\/\/fadeu.urantiacos.cl\/en\/2021\/07\/30\/loreto-lyon-y-alejandro-beals-reciben-el-premio-oscar-niemeyer-y-dictan-conferencia-en-el-27o-congreso-mundial-de-arquitectos\/"},"wordCount":296,"commentCount":0,"image":{"@id":"https:\/\/fadeu.urantiacos.cl\/en\/2021\/07\/30\/loreto-lyon-y-alejandro-beals-reciben-el-premio-oscar-niemeyer-y-dictan-conferencia-en-el-27o-congreso-mundial-de-arquitectos\/#primaryimage"},"thumbnailUrl":"https:\/\/fadeu.urantiacos.cl\/wp-content\/uploads\/2023\/09\/pryecto_nancagua_2021.png","articleSection":["Sin categorizar"],"inLanguage":"en-US","potentialAction":[{"@type":"CommentAction","name":"Comment","target":["https:\/\/fadeu.urantiacos.cl\/en\/2021\/07\/30\/loreto-lyon-y-alejandro-beals-reciben-el-premio-oscar-niemeyer-y-dictan-conferencia-en-el-27o-congreso-mundial-de-arquitectos\/#respond"]}]},{"@type":"WebPage","@id":"https:\/\/fadeu.urantiacos.cl\/en\/2021\/07\/30\/loreto-lyon-y-alejandro-beals-reciben-el-premio-oscar-niemeyer-y-dictan-conferencia-en-el-27o-congreso-mundial-de-arquitectos\/","url":"https:\/\/fadeu.urantiacos.cl\/en\/2021\/07\/30\/loreto-lyon-y-alejandro-beals-reciben-el-premio-oscar-niemeyer-y-dictan-conferencia-en-el-27o-congreso-mundial-de-arquitectos\/","name":"Loreto Lyon y Alejandro Beals reciben el premio Oscar Niemeyer y dictan conferencia en el 27\u00ba Congreso Mundial de Arquitectos - Facultad de Arquitectura, Dise\u00f1o y Estudios Urbanos","isPartOf":{"@id":"https:\/\/fadeu.urantiacos.cl\/en\/#website"},"primaryImageOfPage":{"@id":"https:\/\/fadeu.urantiacos.cl\/en\/2021\/07\/30\/loreto-lyon-y-alejandro-beals-reciben-el-premio-oscar-niemeyer-y-dictan-conferencia-en-el-27o-congreso-mundial-de-arquitectos\/#primaryimage"},"image":{"@id":"https:\/\/fadeu.urantiacos.cl\/en\/2021\/07\/30\/loreto-lyon-y-alejandro-beals-reciben-el-premio-oscar-niemeyer-y-dictan-conferencia-en-el-27o-congreso-mundial-de-arquitectos\/#primaryimage"},"thumbnailUrl":"https:\/\/fadeu.urantiacos.cl\/wp-content\/uploads\/2023\/09\/pryecto_nancagua_2021.png","datePublished":"2021-07-30T22:32:00+00:00","dateModified":"2023-09-07T22:33:56+00:00","author":{"@id":"https:\/\/fadeu.urantiacos.cl\/en\/#\/schema\/person\/d203e2e84b1c40275eac77b3061a19a2"},"description":"La premiaci\u00f3n se realiz\u00f3 el d\u00eda 21 de julio, durante el vigesimos\u00e9ptimo congreso organizado por la Uni\u00f3n Internacional de Arquitectos (UIA) en R\u00edo de Janeiro, instancia en la que los profesores ARQ UC recibieron oficialmente el galard\u00f3n \u2014anunciado en noviembre de 2020\u2014 y presentaron el trabajo de su oficina.","breadcrumb":{"@id":"https:\/\/fadeu.urantiacos.cl\/en\/2021\/07\/30\/loreto-lyon-y-alejandro-beals-reciben-el-premio-oscar-niemeyer-y-dictan-conferencia-en-el-27o-congreso-mundial-de-arquitectos\/#breadcrumb"},"inLanguage":"en-US","potentialAction":[{"@type":"ReadAction","target":["https:\/\/fadeu.urantiacos.cl\/en\/2021\/07\/30\/loreto-lyon-y-alejandro-beals-reciben-el-premio-oscar-niemeyer-y-dictan-conferencia-en-el-27o-congreso-mundial-de-arquitectos\/"]}]},{"@type":"ImageObject","inLanguage":"en-US","@id":"https:\/\/fadeu.urantiacos.cl\/en\/2021\/07\/30\/loreto-lyon-y-alejandro-beals-reciben-el-premio-oscar-niemeyer-y-dictan-conferencia-en-el-27o-congreso-mundial-de-arquitectos\/#primaryimage","url":"https:\/\/fadeu.urantiacos.cl\/wp-content\/uploads\/2023\/09\/pryecto_nancagua_2021.png","contentUrl":"https:\/\/fadeu.urantiacos.cl\/wp-content\/uploads\/2023\/09\/pryecto_nancagua_2021.png","width":350,"height":250},{"@type":"BreadcrumbList","@id":"https:\/\/fadeu.urantiacos.cl\/en\/2021\/07\/30\/loreto-lyon-y-alejandro-beals-reciben-el-premio-oscar-niemeyer-y-dictan-conferencia-en-el-27o-congreso-mundial-de-arquitectos\/#breadcrumb","itemListElement":[{"@type":"ListItem","position":1,"name":"Portada","item":"https:\/\/fadeu.urantiacos.cl\/en\/"},{"@type":"ListItem","position":2,"name":"Loreto Lyon y Alejandro Beals reciben el premio Oscar Niemeyer y dictan conferencia en el 27\u00ba Congreso Mundial de Arquitectos"}]},{"@type":"WebSite","@id":"https:\/\/fadeu.urantiacos.cl\/en\/#website","url":"https:\/\/fadeu.urantiacos.cl\/en\/","name":"Facultad de Arquitectura, Dise\u00f1o y Estudios Urbanos","description":"Campus Lo Contador","potentialAction":[{"@type":"SearchAction","target":{"@type":"EntryPoint","urlTemplate":"https:\/\/fadeu.urantiacos.cl\/en\/?s={search_term_string}"},"query-input":{"@type":"PropertyValueSpecification","valueRequired":true,"valueName":"search_term_string"}}],"inLanguage":"en-US"},{"@type":"Person","@id":"https:\/\/fadeu.urantiacos.cl\/en\/#\/schema\/person\/d203e2e84b1c40275eac77b3061a19a2","name":"manadmin","image":{"@type":"ImageObject","inLanguage":"en-US","@id":"https:\/\/fadeu.urantiacos.cl\/en\/#\/schema\/person\/image\/","url":"https:\/\/secure.gravatar.com\/avatar\/4b1d8e3303b4a9d8968ac578947d8bc80d9aea359f388cdd4aac15cadc0e8447?s=96&d=mm&r=g","contentUrl":"https:\/\/secure.gravatar.com\/avatar\/4b1d8e3303b4a9d8968ac578947d8bc80d9aea359f388cdd4aac15cadc0e8447?s=96&d=mm&r=g","caption":"manadmin"},"sameAs":["https:\/\/fadeu.urantiacos.cl"]}]}},"_links":{"self":[{"href":"https:\/\/fadeu.urantiacos.cl\/en\/wp-json\/wp\/v2\/posts\/6594","targetHints":{"allow":["GET"]}}],"collection":[{"href":"https:\/\/fadeu.urantiacos.cl\/en\/wp-json\/wp\/v2\/posts"}],"about":[{"href":"https:\/\/fadeu.urantiacos.cl\/en\/wp-json\/wp\/v2\/types\/post"}],"author":[{"embeddable":true,"href":"https:\/\/fadeu.urantiacos.cl\/en\/wp-json\/wp\/v2\/users\/1"}],"replies":[{"embeddable":true,"href":"https:\/\/fadeu.urantiacos.cl\/en\/wp-json\/wp\/v2\/comments?post=6594"}],"version-history":[{"count":1,"href":"https:\/\/fadeu.urantiacos.cl\/en\/wp-json\/wp\/v2\/posts\/6594\/revisions"}],"predecessor-version":[{"id":6596,"href":"https:\/\/fadeu.urantiacos.cl\/en\/wp-json\/wp\/v2\/posts\/6594\/revisions\/6596"}],"wp:featuredmedia":[{"embeddable":true,"href":"https:\/\/fadeu.urantiacos.cl\/en\/wp-json\/wp\/v2\/media\/6595"}],"wp:attachment":[{"href":"https:\/\/fadeu.urantiacos.cl\/en\/wp-json\/wp\/v2\/media?parent=6594"}],"wp:term":[{"taxonomy":"category","embeddable":true,"href":"https:\/\/fadeu.urantiacos.cl\/en\/wp-json\/wp\/v2\/categories?post=6594"},{"taxonomy":"post_tag","embeddable":true,"href":"https:\/\/fadeu.urantiacos.cl\/en\/wp-json\/wp\/v2\/tags?post=6594"}],"curies":[{"name":"wp","href":"https:\/\/api.w.org\/{rel}","templated":true}]}}