{"id":6573,"date":"2021-08-01T17:48:00","date_gmt":"2021-08-01T20:48:00","guid":{"rendered":"https:\/\/fadeu.urantiacos.cl\/?p=6573"},"modified":"2023-09-07T17:52:27","modified_gmt":"2023-09-07T20:52:27","slug":"rodrigo-garcia-gabo-no-se-propuso-hacer-el-llamado-realismo-magico-el-escribia-los-libros-que-se-le-ocurrian","status":"publish","type":"post","link":"https:\/\/fadeu.urantiacos.cl\/en\/2021\/08\/01\/rodrigo-garcia-gabo-no-se-propuso-hacer-el-llamado-realismo-magico-el-escribia-los-libros-que-se-le-ocurrian\/","title":{"rendered":"Rodrigo Garc\u00eda: \u201cGabo no se propuso hacer el llamado realismo m\u00e1gico, \u00e9l escrib\u00eda los libros que se le ocurr\u00edan\u201d"},"content":{"rendered":"\n<figure class=\"wp-block-image size-full\"><img decoding=\"async\" width=\"350\" height=\"250\" src=\"https:\/\/fadeu.urantiacos.cl\/wp-content\/uploads\/2023\/09\/rodrigogarcia_gabo_web.jpg\" alt=\"\" class=\"wp-image-6574\" srcset=\"https:\/\/fadeu.urantiacos.cl\/wp-content\/uploads\/2023\/09\/rodrigogarcia_gabo_web.jpg 350w, https:\/\/fadeu.urantiacos.cl\/wp-content\/uploads\/2023\/09\/rodrigogarcia_gabo_web-300x214.jpg 300w\" sizes=\"(max-width: 350px) 100vw, 350px\" \/><\/figure>\n\n\n\n<p>La Tercera entrevista al director de cine Rodrigo Garc\u00eda, hijo mayor de Garc\u00eda M\u00e1rquez, sobre la relaci\u00f3n con su padre, su libro&nbsp;Gabo y Mercedes: una despedida,&nbsp;la faceta pol\u00edtica del escritor y las adaptaciones de&nbsp;Cien a\u00f1os de soledad&nbsp;y&nbsp;Noticia de un secuestro.&nbsp;El cineasta participar\u00e1 el martes virtualmente en el ciclo La Ciudad y las Palabras de la UC.<\/p>\n\n\n\n<p>+ Revisa nota completa\u00a0<a rel=\"noreferrer noopener\" href=\"https:\/\/www.latercera.com\/culto\/2021\/07\/31\/rodrigo-garcia-gabo-no-se-propuso-hacer-el-llamado-realismo-magico-el-escribia-los-libros-que-se-le-ocurrian\/\" target=\"_blank\">aqu\u00ed<\/a>.<\/p>\n\n\n\n<figure class=\"wp-block-image size-large\"><img decoding=\"async\" width=\"784\" height=\"1024\" src=\"https:\/\/fadeu.urantiacos.cl\/wp-content\/uploads\/2023\/09\/2601342_2001882-784x1024.jpg\" alt=\"\" class=\"wp-image-6575\" srcset=\"https:\/\/fadeu.urantiacos.cl\/wp-content\/uploads\/2023\/09\/2601342_2001882-784x1024.jpg 784w, https:\/\/fadeu.urantiacos.cl\/wp-content\/uploads\/2023\/09\/2601342_2001882-230x300.jpg 230w, https:\/\/fadeu.urantiacos.cl\/wp-content\/uploads\/2023\/09\/2601342_2001882-768x1004.jpg 768w, https:\/\/fadeu.urantiacos.cl\/wp-content\/uploads\/2023\/09\/2601342_2001882-1175x1536.jpg 1175w, https:\/\/fadeu.urantiacos.cl\/wp-content\/uploads\/2023\/09\/2601342_2001882-1567x2048.jpg 1567w, https:\/\/fadeu.urantiacos.cl\/wp-content\/uploads\/2023\/09\/2601342_2001882-scaled.jpg 918w\" sizes=\"(max-width: 784px) 100vw, 784px\" \/><\/figure>\n\n\n\n<figure class=\"wp-block-image size-large\"><img decoding=\"async\" width=\"1024\" height=\"662\" src=\"https:\/\/fadeu.urantiacos.cl\/wp-content\/uploads\/2023\/09\/2601342_2001883-1024x662.jpg\" alt=\"\" class=\"wp-image-6576\" srcset=\"https:\/\/fadeu.urantiacos.cl\/wp-content\/uploads\/2023\/09\/2601342_2001883-1024x662.jpg 1024w, https:\/\/fadeu.urantiacos.cl\/wp-content\/uploads\/2023\/09\/2601342_2001883-300x194.jpg 300w, https:\/\/fadeu.urantiacos.cl\/wp-content\/uploads\/2023\/09\/2601342_2001883-768x497.jpg 768w, https:\/\/fadeu.urantiacos.cl\/wp-content\/uploads\/2023\/09\/2601342_2001883-1536x993.jpg 1536w, https:\/\/fadeu.urantiacos.cl\/wp-content\/uploads\/2023\/09\/2601342_2001883-2048x1324.jpg 2048w, https:\/\/fadeu.urantiacos.cl\/wp-content\/uploads\/2023\/09\/2601342_2001883.jpg 1600w\" sizes=\"(max-width: 1024px) 100vw, 1024px\" \/><\/figure>\n","protected":false},"excerpt":{"rendered":"<p>La Tercera entrevista al director de cine Rodrigo Garc\u00eda, hijo mayor de Garc\u00eda M\u00e1rquez, sobre la relaci\u00f3n con su padre, su libro&nbsp;Gabo y Mercedes: una despedida,&nbsp;la faceta pol\u00edtica del escritor y las adaptaciones de&nbsp;Cien a\u00f1os de soledad&nbsp;y&nbsp;Noticia de un secuestro.&nbsp;El cineasta participar\u00e1 el martes virtualmente en el ciclo La Ciudad y las Palabras de la [&hellip;]<\/p>\n","protected":false},"author":1,"featured_media":6574,"comment_status":"open","ping_status":"open","sticky":false,"template":"","format":"standard","meta":{"_acf_changed":false,"footnotes":""},"categories":[1],"tags":[],"class_list":["post-6573","post","type-post","status-publish","format-standard","has-post-thumbnail","hentry","category-sin-categorizar"],"acf":[],"yoast_head":"<!-- This site is optimized with the Yoast SEO plugin v27.1.1 - https:\/\/yoast.com\/product\/yoast-seo-wordpress\/ -->\n<title>Rodrigo Garc\u00eda: \u201cGabo no se propuso hacer el llamado realismo m\u00e1gico, \u00e9l escrib\u00eda los libros que se le ocurr\u00edan\u201d - Facultad de Arquitectura, Dise\u00f1o y Estudios Urbanos<\/title>\n<meta name=\"description\" content=\"La Tercera entrevista al director de cine Rodrigo Garc\u00eda, hijo mayor de Garc\u00eda M\u00e1rquez, sobre la relaci\u00f3n con su padre, su libro&nbsp;Gabo y Mercedes: una\" \/>\n<meta name=\"robots\" content=\"index, follow, max-snippet:-1, max-image-preview:large, max-video-preview:-1\" \/>\n<link rel=\"canonical\" href=\"https:\/\/fadeu.urantiacos.cl\/en\/2021\/08\/01\/rodrigo-garcia-gabo-no-se-propuso-hacer-el-llamado-realismo-magico-el-escribia-los-libros-que-se-le-ocurrian\/\" \/>\n<meta property=\"og:locale\" content=\"en_US\" \/>\n<meta property=\"og:type\" content=\"article\" \/>\n<meta property=\"og:title\" content=\"Rodrigo Garc\u00eda: \u201cGabo no se propuso hacer el llamado realismo m\u00e1gico, \u00e9l escrib\u00eda los libros que se le ocurr\u00edan\u201d - Facultad de Arquitectura, Dise\u00f1o y Estudios Urbanos\" \/>\n<meta property=\"og:description\" content=\"La Tercera entrevista al director de cine Rodrigo Garc\u00eda, hijo mayor de Garc\u00eda M\u00e1rquez, sobre la relaci\u00f3n con su padre, su libro&nbsp;Gabo y Mercedes: una\" \/>\n<meta property=\"og:url\" content=\"https:\/\/fadeu.urantiacos.cl\/en\/2021\/08\/01\/rodrigo-garcia-gabo-no-se-propuso-hacer-el-llamado-realismo-magico-el-escribia-los-libros-que-se-le-ocurrian\/\" \/>\n<meta property=\"og:site_name\" content=\"Facultad de Arquitectura, Dise\u00f1o y Estudios Urbanos\" \/>\n<meta property=\"article:published_time\" content=\"2021-08-01T20:48:00+00:00\" \/>\n<meta property=\"article:modified_time\" content=\"2023-09-07T20:52:27+00:00\" \/>\n<meta property=\"og:image\" content=\"https:\/\/fadeu.urantiacos.cl\/wp-content\/uploads\/2023\/09\/rodrigogarcia_gabo_web.jpg\" \/>\n\t<meta property=\"og:image:width\" content=\"350\" \/>\n\t<meta property=\"og:image:height\" content=\"250\" \/>\n\t<meta property=\"og:image:type\" content=\"image\/jpeg\" \/>\n<meta name=\"author\" content=\"manadmin\" \/>\n<meta name=\"twitter:card\" content=\"summary_large_image\" \/>\n<meta name=\"twitter:label1\" content=\"Written by\" \/>\n\t<meta name=\"twitter:data1\" content=\"manadmin\" \/>\n<script type=\"application\/ld+json\" class=\"yoast-schema-graph\">{\"@context\":\"https:\/\/schema.org\",\"@graph\":[{\"@type\":\"Article\",\"@id\":\"https:\/\/fadeu.urantiacos.cl\/en\/2021\/08\/01\/rodrigo-garcia-gabo-no-se-propuso-hacer-el-llamado-realismo-magico-el-escribia-los-libros-que-se-le-ocurrian\/#article\",\"isPartOf\":{\"@id\":\"https:\/\/fadeu.urantiacos.cl\/en\/2021\/08\/01\/rodrigo-garcia-gabo-no-se-propuso-hacer-el-llamado-realismo-magico-el-escribia-los-libros-que-se-le-ocurrian\/\"},\"author\":{\"name\":\"manadmin\",\"@id\":\"https:\/\/fadeu.urantiacos.cl\/en\/#\/schema\/person\/d203e2e84b1c40275eac77b3061a19a2\"},\"headline\":\"Rodrigo Garc\u00eda: \u201cGabo no se propuso hacer el llamado realismo m\u00e1gico, \u00e9l escrib\u00eda los libros que se le ocurr\u00edan\u201d\",\"datePublished\":\"2021-08-01T20:48:00+00:00\",\"dateModified\":\"2023-09-07T20:52:27+00:00\",\"mainEntityOfPage\":{\"@id\":\"https:\/\/fadeu.urantiacos.cl\/en\/2021\/08\/01\/rodrigo-garcia-gabo-no-se-propuso-hacer-el-llamado-realismo-magico-el-escribia-los-libros-que-se-le-ocurrian\/\"},\"wordCount\":101,\"commentCount\":0,\"image\":{\"@id\":\"https:\/\/fadeu.urantiacos.cl\/en\/2021\/08\/01\/rodrigo-garcia-gabo-no-se-propuso-hacer-el-llamado-realismo-magico-el-escribia-los-libros-que-se-le-ocurrian\/#primaryimage\"},\"thumbnailUrl\":\"https:\/\/fadeu.urantiacos.cl\/wp-content\/uploads\/2023\/09\/rodrigogarcia_gabo_web.jpg\",\"articleSection\":[\"Sin categorizar\"],\"inLanguage\":\"en-US\",\"potentialAction\":[{\"@type\":\"CommentAction\",\"name\":\"Comment\",\"target\":[\"https:\/\/fadeu.urantiacos.cl\/en\/2021\/08\/01\/rodrigo-garcia-gabo-no-se-propuso-hacer-el-llamado-realismo-magico-el-escribia-los-libros-que-se-le-ocurrian\/#respond\"]}]},{\"@type\":\"WebPage\",\"@id\":\"https:\/\/fadeu.urantiacos.cl\/en\/2021\/08\/01\/rodrigo-garcia-gabo-no-se-propuso-hacer-el-llamado-realismo-magico-el-escribia-los-libros-que-se-le-ocurrian\/\",\"url\":\"https:\/\/fadeu.urantiacos.cl\/en\/2021\/08\/01\/rodrigo-garcia-gabo-no-se-propuso-hacer-el-llamado-realismo-magico-el-escribia-los-libros-que-se-le-ocurrian\/\",\"name\":\"Rodrigo Garc\u00eda: \u201cGabo no se propuso hacer el llamado realismo m\u00e1gico, \u00e9l escrib\u00eda los libros que se le ocurr\u00edan\u201d - Facultad de Arquitectura, Dise\u00f1o y Estudios Urbanos\",\"isPartOf\":{\"@id\":\"https:\/\/fadeu.urantiacos.cl\/en\/#website\"},\"primaryImageOfPage\":{\"@id\":\"https:\/\/fadeu.urantiacos.cl\/en\/2021\/08\/01\/rodrigo-garcia-gabo-no-se-propuso-hacer-el-llamado-realismo-magico-el-escribia-los-libros-que-se-le-ocurrian\/#primaryimage\"},\"image\":{\"@id\":\"https:\/\/fadeu.urantiacos.cl\/en\/2021\/08\/01\/rodrigo-garcia-gabo-no-se-propuso-hacer-el-llamado-realismo-magico-el-escribia-los-libros-que-se-le-ocurrian\/#primaryimage\"},\"thumbnailUrl\":\"https:\/\/fadeu.urantiacos.cl\/wp-content\/uploads\/2023\/09\/rodrigogarcia_gabo_web.jpg\",\"datePublished\":\"2021-08-01T20:48:00+00:00\",\"dateModified\":\"2023-09-07T20:52:27+00:00\",\"author\":{\"@id\":\"https:\/\/fadeu.urantiacos.cl\/en\/#\/schema\/person\/d203e2e84b1c40275eac77b3061a19a2\"},\"description\":\"La Tercera entrevista al director de cine Rodrigo Garc\u00eda, hijo mayor de Garc\u00eda M\u00e1rquez, sobre la relaci\u00f3n con su padre, su libro&nbsp;Gabo y Mercedes: una\",\"breadcrumb\":{\"@id\":\"https:\/\/fadeu.urantiacos.cl\/en\/2021\/08\/01\/rodrigo-garcia-gabo-no-se-propuso-hacer-el-llamado-realismo-magico-el-escribia-los-libros-que-se-le-ocurrian\/#breadcrumb\"},\"inLanguage\":\"en-US\",\"potentialAction\":[{\"@type\":\"ReadAction\",\"target\":[\"https:\/\/fadeu.urantiacos.cl\/en\/2021\/08\/01\/rodrigo-garcia-gabo-no-se-propuso-hacer-el-llamado-realismo-magico-el-escribia-los-libros-que-se-le-ocurrian\/\"]}]},{\"@type\":\"ImageObject\",\"inLanguage\":\"en-US\",\"@id\":\"https:\/\/fadeu.urantiacos.cl\/en\/2021\/08\/01\/rodrigo-garcia-gabo-no-se-propuso-hacer-el-llamado-realismo-magico-el-escribia-los-libros-que-se-le-ocurrian\/#primaryimage\",\"url\":\"https:\/\/fadeu.urantiacos.cl\/wp-content\/uploads\/2023\/09\/rodrigogarcia_gabo_web.jpg\",\"contentUrl\":\"https:\/\/fadeu.urantiacos.cl\/wp-content\/uploads\/2023\/09\/rodrigogarcia_gabo_web.jpg\",\"width\":350,\"height\":250},{\"@type\":\"BreadcrumbList\",\"@id\":\"https:\/\/fadeu.urantiacos.cl\/en\/2021\/08\/01\/rodrigo-garcia-gabo-no-se-propuso-hacer-el-llamado-realismo-magico-el-escribia-los-libros-que-se-le-ocurrian\/#breadcrumb\",\"itemListElement\":[{\"@type\":\"ListItem\",\"position\":1,\"name\":\"Portada\",\"item\":\"https:\/\/fadeu.urantiacos.cl\/en\/\"},{\"@type\":\"ListItem\",\"position\":2,\"name\":\"Rodrigo Garc\u00eda: \u201cGabo no se propuso hacer el llamado realismo m\u00e1gico, \u00e9l escrib\u00eda los libros que se le ocurr\u00edan\u201d\"}]},{\"@type\":\"WebSite\",\"@id\":\"https:\/\/fadeu.urantiacos.cl\/en\/#website\",\"url\":\"https:\/\/fadeu.urantiacos.cl\/en\/\",\"name\":\"Facultad de Arquitectura, Dise\u00f1o y Estudios Urbanos\",\"description\":\"Campus Lo Contador\",\"potentialAction\":[{\"@type\":\"SearchAction\",\"target\":{\"@type\":\"EntryPoint\",\"urlTemplate\":\"https:\/\/fadeu.urantiacos.cl\/en\/?s={search_term_string}\"},\"query-input\":{\"@type\":\"PropertyValueSpecification\",\"valueRequired\":true,\"valueName\":\"search_term_string\"}}],\"inLanguage\":\"en-US\"},{\"@type\":\"Person\",\"@id\":\"https:\/\/fadeu.urantiacos.cl\/en\/#\/schema\/person\/d203e2e84b1c40275eac77b3061a19a2\",\"name\":\"manadmin\",\"image\":{\"@type\":\"ImageObject\",\"inLanguage\":\"en-US\",\"@id\":\"https:\/\/fadeu.urantiacos.cl\/en\/#\/schema\/person\/image\/\",\"url\":\"https:\/\/secure.gravatar.com\/avatar\/4b1d8e3303b4a9d8968ac578947d8bc80d9aea359f388cdd4aac15cadc0e8447?s=96&d=mm&r=g\",\"contentUrl\":\"https:\/\/secure.gravatar.com\/avatar\/4b1d8e3303b4a9d8968ac578947d8bc80d9aea359f388cdd4aac15cadc0e8447?s=96&d=mm&r=g\",\"caption\":\"manadmin\"},\"sameAs\":[\"https:\/\/fadeu.urantiacos.cl\"]}]}<\/script>\n<!-- \/ Yoast SEO plugin. -->","yoast_head_json":{"title":"Rodrigo Garc\u00eda: \u201cGabo no se propuso hacer el llamado realismo m\u00e1gico, \u00e9l escrib\u00eda los libros que se le ocurr\u00edan\u201d - Facultad de Arquitectura, Dise\u00f1o y Estudios Urbanos","description":"La Tercera entrevista al director de cine Rodrigo Garc\u00eda, hijo mayor de Garc\u00eda M\u00e1rquez, sobre la relaci\u00f3n con su padre, su libro&nbsp;Gabo y Mercedes: una","robots":{"index":"index","follow":"follow","max-snippet":"max-snippet:-1","max-image-preview":"max-image-preview:large","max-video-preview":"max-video-preview:-1"},"canonical":"https:\/\/fadeu.urantiacos.cl\/en\/2021\/08\/01\/rodrigo-garcia-gabo-no-se-propuso-hacer-el-llamado-realismo-magico-el-escribia-los-libros-que-se-le-ocurrian\/","og_locale":"en_US","og_type":"article","og_title":"Rodrigo Garc\u00eda: \u201cGabo no se propuso hacer el llamado realismo m\u00e1gico, \u00e9l escrib\u00eda los libros que se le ocurr\u00edan\u201d - Facultad de Arquitectura, Dise\u00f1o y Estudios Urbanos","og_description":"La Tercera entrevista al director de cine Rodrigo Garc\u00eda, hijo mayor de Garc\u00eda M\u00e1rquez, sobre la relaci\u00f3n con su padre, su libro&nbsp;Gabo y Mercedes: una","og_url":"https:\/\/fadeu.urantiacos.cl\/en\/2021\/08\/01\/rodrigo-garcia-gabo-no-se-propuso-hacer-el-llamado-realismo-magico-el-escribia-los-libros-que-se-le-ocurrian\/","og_site_name":"Facultad de Arquitectura, Dise\u00f1o y Estudios Urbanos","article_published_time":"2021-08-01T20:48:00+00:00","article_modified_time":"2023-09-07T20:52:27+00:00","og_image":[{"width":350,"height":250,"url":"https:\/\/fadeu.urantiacos.cl\/wp-content\/uploads\/2023\/09\/rodrigogarcia_gabo_web.jpg","type":"image\/jpeg"}],"author":"manadmin","twitter_card":"summary_large_image","twitter_misc":{"Written by":"manadmin"},"schema":{"@context":"https:\/\/schema.org","@graph":[{"@type":"Article","@id":"https:\/\/fadeu.urantiacos.cl\/en\/2021\/08\/01\/rodrigo-garcia-gabo-no-se-propuso-hacer-el-llamado-realismo-magico-el-escribia-los-libros-que-se-le-ocurrian\/#article","isPartOf":{"@id":"https:\/\/fadeu.urantiacos.cl\/en\/2021\/08\/01\/rodrigo-garcia-gabo-no-se-propuso-hacer-el-llamado-realismo-magico-el-escribia-los-libros-que-se-le-ocurrian\/"},"author":{"name":"manadmin","@id":"https:\/\/fadeu.urantiacos.cl\/en\/#\/schema\/person\/d203e2e84b1c40275eac77b3061a19a2"},"headline":"Rodrigo Garc\u00eda: \u201cGabo no se propuso hacer el llamado realismo m\u00e1gico, \u00e9l escrib\u00eda los libros que se le ocurr\u00edan\u201d","datePublished":"2021-08-01T20:48:00+00:00","dateModified":"2023-09-07T20:52:27+00:00","mainEntityOfPage":{"@id":"https:\/\/fadeu.urantiacos.cl\/en\/2021\/08\/01\/rodrigo-garcia-gabo-no-se-propuso-hacer-el-llamado-realismo-magico-el-escribia-los-libros-que-se-le-ocurrian\/"},"wordCount":101,"commentCount":0,"image":{"@id":"https:\/\/fadeu.urantiacos.cl\/en\/2021\/08\/01\/rodrigo-garcia-gabo-no-se-propuso-hacer-el-llamado-realismo-magico-el-escribia-los-libros-que-se-le-ocurrian\/#primaryimage"},"thumbnailUrl":"https:\/\/fadeu.urantiacos.cl\/wp-content\/uploads\/2023\/09\/rodrigogarcia_gabo_web.jpg","articleSection":["Sin categorizar"],"inLanguage":"en-US","potentialAction":[{"@type":"CommentAction","name":"Comment","target":["https:\/\/fadeu.urantiacos.cl\/en\/2021\/08\/01\/rodrigo-garcia-gabo-no-se-propuso-hacer-el-llamado-realismo-magico-el-escribia-los-libros-que-se-le-ocurrian\/#respond"]}]},{"@type":"WebPage","@id":"https:\/\/fadeu.urantiacos.cl\/en\/2021\/08\/01\/rodrigo-garcia-gabo-no-se-propuso-hacer-el-llamado-realismo-magico-el-escribia-los-libros-que-se-le-ocurrian\/","url":"https:\/\/fadeu.urantiacos.cl\/en\/2021\/08\/01\/rodrigo-garcia-gabo-no-se-propuso-hacer-el-llamado-realismo-magico-el-escribia-los-libros-que-se-le-ocurrian\/","name":"Rodrigo Garc\u00eda: \u201cGabo no se propuso hacer el llamado realismo m\u00e1gico, \u00e9l escrib\u00eda los libros que se le ocurr\u00edan\u201d - Facultad de Arquitectura, Dise\u00f1o y Estudios Urbanos","isPartOf":{"@id":"https:\/\/fadeu.urantiacos.cl\/en\/#website"},"primaryImageOfPage":{"@id":"https:\/\/fadeu.urantiacos.cl\/en\/2021\/08\/01\/rodrigo-garcia-gabo-no-se-propuso-hacer-el-llamado-realismo-magico-el-escribia-los-libros-que-se-le-ocurrian\/#primaryimage"},"image":{"@id":"https:\/\/fadeu.urantiacos.cl\/en\/2021\/08\/01\/rodrigo-garcia-gabo-no-se-propuso-hacer-el-llamado-realismo-magico-el-escribia-los-libros-que-se-le-ocurrian\/#primaryimage"},"thumbnailUrl":"https:\/\/fadeu.urantiacos.cl\/wp-content\/uploads\/2023\/09\/rodrigogarcia_gabo_web.jpg","datePublished":"2021-08-01T20:48:00+00:00","dateModified":"2023-09-07T20:52:27+00:00","author":{"@id":"https:\/\/fadeu.urantiacos.cl\/en\/#\/schema\/person\/d203e2e84b1c40275eac77b3061a19a2"},"description":"La Tercera entrevista al director de cine Rodrigo Garc\u00eda, hijo mayor de Garc\u00eda M\u00e1rquez, sobre la relaci\u00f3n con su padre, su libro&nbsp;Gabo y Mercedes: una","breadcrumb":{"@id":"https:\/\/fadeu.urantiacos.cl\/en\/2021\/08\/01\/rodrigo-garcia-gabo-no-se-propuso-hacer-el-llamado-realismo-magico-el-escribia-los-libros-que-se-le-ocurrian\/#breadcrumb"},"inLanguage":"en-US","potentialAction":[{"@type":"ReadAction","target":["https:\/\/fadeu.urantiacos.cl\/en\/2021\/08\/01\/rodrigo-garcia-gabo-no-se-propuso-hacer-el-llamado-realismo-magico-el-escribia-los-libros-que-se-le-ocurrian\/"]}]},{"@type":"ImageObject","inLanguage":"en-US","@id":"https:\/\/fadeu.urantiacos.cl\/en\/2021\/08\/01\/rodrigo-garcia-gabo-no-se-propuso-hacer-el-llamado-realismo-magico-el-escribia-los-libros-que-se-le-ocurrian\/#primaryimage","url":"https:\/\/fadeu.urantiacos.cl\/wp-content\/uploads\/2023\/09\/rodrigogarcia_gabo_web.jpg","contentUrl":"https:\/\/fadeu.urantiacos.cl\/wp-content\/uploads\/2023\/09\/rodrigogarcia_gabo_web.jpg","width":350,"height":250},{"@type":"BreadcrumbList","@id":"https:\/\/fadeu.urantiacos.cl\/en\/2021\/08\/01\/rodrigo-garcia-gabo-no-se-propuso-hacer-el-llamado-realismo-magico-el-escribia-los-libros-que-se-le-ocurrian\/#breadcrumb","itemListElement":[{"@type":"ListItem","position":1,"name":"Portada","item":"https:\/\/fadeu.urantiacos.cl\/en\/"},{"@type":"ListItem","position":2,"name":"Rodrigo Garc\u00eda: \u201cGabo no se propuso hacer el llamado realismo m\u00e1gico, \u00e9l escrib\u00eda los libros que se le ocurr\u00edan\u201d"}]},{"@type":"WebSite","@id":"https:\/\/fadeu.urantiacos.cl\/en\/#website","url":"https:\/\/fadeu.urantiacos.cl\/en\/","name":"Facultad de Arquitectura, Dise\u00f1o y Estudios Urbanos","description":"Campus Lo Contador","potentialAction":[{"@type":"SearchAction","target":{"@type":"EntryPoint","urlTemplate":"https:\/\/fadeu.urantiacos.cl\/en\/?s={search_term_string}"},"query-input":{"@type":"PropertyValueSpecification","valueRequired":true,"valueName":"search_term_string"}}],"inLanguage":"en-US"},{"@type":"Person","@id":"https:\/\/fadeu.urantiacos.cl\/en\/#\/schema\/person\/d203e2e84b1c40275eac77b3061a19a2","name":"manadmin","image":{"@type":"ImageObject","inLanguage":"en-US","@id":"https:\/\/fadeu.urantiacos.cl\/en\/#\/schema\/person\/image\/","url":"https:\/\/secure.gravatar.com\/avatar\/4b1d8e3303b4a9d8968ac578947d8bc80d9aea359f388cdd4aac15cadc0e8447?s=96&d=mm&r=g","contentUrl":"https:\/\/secure.gravatar.com\/avatar\/4b1d8e3303b4a9d8968ac578947d8bc80d9aea359f388cdd4aac15cadc0e8447?s=96&d=mm&r=g","caption":"manadmin"},"sameAs":["https:\/\/fadeu.urantiacos.cl"]}]}},"_links":{"self":[{"href":"https:\/\/fadeu.urantiacos.cl\/en\/wp-json\/wp\/v2\/posts\/6573","targetHints":{"allow":["GET"]}}],"collection":[{"href":"https:\/\/fadeu.urantiacos.cl\/en\/wp-json\/wp\/v2\/posts"}],"about":[{"href":"https:\/\/fadeu.urantiacos.cl\/en\/wp-json\/wp\/v2\/types\/post"}],"author":[{"embeddable":true,"href":"https:\/\/fadeu.urantiacos.cl\/en\/wp-json\/wp\/v2\/users\/1"}],"replies":[{"embeddable":true,"href":"https:\/\/fadeu.urantiacos.cl\/en\/wp-json\/wp\/v2\/comments?post=6573"}],"version-history":[{"count":1,"href":"https:\/\/fadeu.urantiacos.cl\/en\/wp-json\/wp\/v2\/posts\/6573\/revisions"}],"predecessor-version":[{"id":6577,"href":"https:\/\/fadeu.urantiacos.cl\/en\/wp-json\/wp\/v2\/posts\/6573\/revisions\/6577"}],"wp:featuredmedia":[{"embeddable":true,"href":"https:\/\/fadeu.urantiacos.cl\/en\/wp-json\/wp\/v2\/media\/6574"}],"wp:attachment":[{"href":"https:\/\/fadeu.urantiacos.cl\/en\/wp-json\/wp\/v2\/media?parent=6573"}],"wp:term":[{"taxonomy":"category","embeddable":true,"href":"https:\/\/fadeu.urantiacos.cl\/en\/wp-json\/wp\/v2\/categories?post=6573"},{"taxonomy":"post_tag","embeddable":true,"href":"https:\/\/fadeu.urantiacos.cl\/en\/wp-json\/wp\/v2\/tags?post=6573"}],"curies":[{"name":"wp","href":"https:\/\/api.w.org\/{rel}","templated":true}]}}