{"id":6558,"date":"2021-08-02T17:41:00","date_gmt":"2021-08-02T20:41:00","guid":{"rendered":"https:\/\/fadeu.urantiacos.cl\/?p=6558"},"modified":"2023-09-07T17:42:57","modified_gmt":"2023-09-07T20:42:57","slug":"campus-lo-contador-planifica-el-retorno-seguro-para-el-segundo-semestre-2021","status":"publish","type":"post","link":"https:\/\/fadeu.urantiacos.cl\/en\/2021\/08\/02\/campus-lo-contador-planifica-el-retorno-seguro-para-el-segundo-semestre-2021\/","title":{"rendered":"Campus Lo Contador planifica el retorno seguro para el segundo semestre 2021"},"content":{"rendered":"\n<figure class=\"wp-block-image size-full\"><img decoding=\"async\" width=\"350\" height=\"250\" src=\"https:\/\/fadeu.urantiacos.cl\/wp-content\/uploads\/2023\/09\/patiomadera_julio2021.png\" alt=\"\" class=\"wp-image-6560\" srcset=\"https:\/\/fadeu.urantiacos.cl\/wp-content\/uploads\/2023\/09\/patiomadera_julio2021.png 350w, https:\/\/fadeu.urantiacos.cl\/wp-content\/uploads\/2023\/09\/patiomadera_julio2021-300x214.png 300w\" sizes=\"(max-width: 350px) 100vw, 350px\" \/><\/figure>\n\n\n\n<p>Seg\u00fan la informaci\u00f3n recibida, todos los campus UC est\u00e1n abiertos, incluyendo Villarrica, situaci\u00f3n que se da en medio de uno de los momentos epidemiol\u00f3gicos y sanitarios m\u00e1s alentadores desde que comenz\u00f3 la pandemia en el mundo y en Chile. Ello se ha traducido en una serie de noticias para la UC que se detallan a continuaci\u00f3n:<\/p>\n\n\n\n<p>1.- Vacunaci\u00f3n de la Comunidad UC: desde el Comit\u00e9 COVID se inform\u00f3 que los estudios realizados por la universidad proyectan que se llegar\u00e1 a un 99% de vacunaci\u00f3n de acad\u00e9micos, profesionales y administrativos, entregando seguridad para asistir a los Campus.<\/p>\n\n\n\n<p>En el caso de estudiantes, el Comit\u00e9 COVID explic\u00f3 que se realizar\u00e1 una encuesta de vacunaci\u00f3n dentro de los pr\u00f3ximos d\u00edas.<\/p>\n\n\n\n<p>2.- Accesibilidad a los Campus: el acceso seguir\u00e1 manteniendo el formulario de tamizaje como medida principal, el cual se puede encontrar en el siguiente link:&nbsp;<a href=\"https:\/\/www.uc.cl\/uc-contra-el-coronavirus\/#formularios.\">https:\/\/www.uc.cl\/uc-contra-el-coronavirus\/#formularios.<\/a>&nbsp;Adem\u00e1s, se ha informado que para acceder a los campus UC se solicitar\u00e1 el Pase de Movilidad, y para quienes no lo tengan se dispondr\u00e1 de test de ant\u00edgenos in situ con cobertura UC.<\/p>\n\n\n\n<p>3.- Modificaci\u00f3n de turnos: los turnos de docentes, profesionales y administrativos, se modificar\u00e1 a un sistema 1&#215;1, una semana presencial y una semana remota, desde el 9 de agosto. Aun cuando se puntualiz\u00f3 que &#8220;se mantendr\u00e1 abierta la posibilidad de que unidades trabajen con un sistema de turno permanente si los aforos se lo permiten&#8221;.<\/p>\n\n\n\n<p>Conforme a los informes de carga del campus Lo Contador, han accedido m\u00e1s de 700 personas por semana, de las cuales la mayor cantidad corresponde a personal UC. Este n\u00famero se acrecentar\u00e1 en las pr\u00f3ximas semanas cuando comiencen las clases el lunes 16 de agosto. Se espera que todas las unidades de la FADEU realicen actividades presenciales, coordinadas por la Unidad Acad\u00e9mica y la Administraci\u00f3n del Campus, con el fin de garantizar las medidas de autocuidado y aforos en salas. Se reitera que todas las instalaciones est\u00e1n disponibles para su uso: Biblioteca, laboratorio de herramientas, salas de computaci\u00f3n, servicios (cafeter\u00eda, librer\u00edas, ploteo, etc.).<\/p>\n\n\n\n<p>El llamado es a volver al campus, coordinadamente con las jefaturas de cada unidad acad\u00e9mica, y retomar la vida universitaria con responsabilidad, respetando los aforos y siendo diligentes con todas las medidas de autocuidado.<\/p>\n","protected":false},"excerpt":{"rendered":"<p>Conforme las recomendaciones y disposiciones que han emanado desde Rector\u00eda, ya est\u00e1n definidas las directrices para el retorno seguro para los efectos de ingresos y usos del Campus Lo Contador, de cara al segundo semestre de este a\u00f1o.<\/p>\n","protected":false},"author":1,"featured_media":6560,"comment_status":"open","ping_status":"open","sticky":false,"template":"","format":"standard","meta":{"_acf_changed":false,"footnotes":""},"categories":[1],"tags":[],"class_list":["post-6558","post","type-post","status-publish","format-standard","has-post-thumbnail","hentry","category-sin-categorizar"],"acf":[],"yoast_head":"<!-- This site is optimized with the Yoast SEO plugin v27.1.1 - https:\/\/yoast.com\/product\/yoast-seo-wordpress\/ -->\n<title>Campus Lo Contador planifica el retorno seguro para el segundo semestre 2021 - Facultad de Arquitectura, Dise\u00f1o y Estudios Urbanos<\/title>\n<meta name=\"description\" content=\"Conforme las recomendaciones y disposiciones que han emanado desde Rector\u00eda, ya est\u00e1n definidas las directrices para el retorno seguro para los efectos de ingresos y usos del Campus Lo Contador, de cara al segundo semestre de este a\u00f1o.\" \/>\n<meta name=\"robots\" content=\"index, follow, max-snippet:-1, max-image-preview:large, max-video-preview:-1\" \/>\n<link rel=\"canonical\" href=\"https:\/\/fadeu.urantiacos.cl\/en\/2021\/08\/02\/campus-lo-contador-planifica-el-retorno-seguro-para-el-segundo-semestre-2021\/\" \/>\n<meta property=\"og:locale\" content=\"en_US\" \/>\n<meta property=\"og:type\" content=\"article\" \/>\n<meta property=\"og:title\" content=\"Campus Lo Contador planifica el retorno seguro para el segundo semestre 2021 - Facultad de Arquitectura, Dise\u00f1o y Estudios Urbanos\" \/>\n<meta property=\"og:description\" content=\"Conforme las recomendaciones y disposiciones que han emanado desde Rector\u00eda, ya est\u00e1n definidas las directrices para el retorno seguro para los efectos de ingresos y usos del Campus Lo Contador, de cara al segundo semestre de este a\u00f1o.\" \/>\n<meta property=\"og:url\" content=\"https:\/\/fadeu.urantiacos.cl\/en\/2021\/08\/02\/campus-lo-contador-planifica-el-retorno-seguro-para-el-segundo-semestre-2021\/\" \/>\n<meta property=\"og:site_name\" content=\"Facultad de Arquitectura, Dise\u00f1o y Estudios Urbanos\" \/>\n<meta property=\"article:published_time\" content=\"2021-08-02T20:41:00+00:00\" \/>\n<meta property=\"article:modified_time\" content=\"2023-09-07T20:42:57+00:00\" \/>\n<meta property=\"og:image\" content=\"https:\/\/fadeu.urantiacos.cl\/wp-content\/uploads\/2023\/09\/patiomadera_julio2021.png\" \/>\n\t<meta property=\"og:image:width\" content=\"350\" \/>\n\t<meta property=\"og:image:height\" content=\"250\" \/>\n\t<meta property=\"og:image:type\" content=\"image\/png\" \/>\n<meta name=\"author\" content=\"manadmin\" \/>\n<meta name=\"twitter:card\" content=\"summary_large_image\" \/>\n<meta name=\"twitter:label1\" content=\"Written by\" \/>\n\t<meta name=\"twitter:data1\" content=\"manadmin\" \/>\n\t<meta name=\"twitter:label2\" content=\"Est. reading time\" \/>\n\t<meta name=\"twitter:data2\" content=\"2 minutes\" \/>\n<script type=\"application\/ld+json\" class=\"yoast-schema-graph\">{\"@context\":\"https:\/\/schema.org\",\"@graph\":[{\"@type\":\"Article\",\"@id\":\"https:\/\/fadeu.urantiacos.cl\/en\/2021\/08\/02\/campus-lo-contador-planifica-el-retorno-seguro-para-el-segundo-semestre-2021\/#article\",\"isPartOf\":{\"@id\":\"https:\/\/fadeu.urantiacos.cl\/en\/2021\/08\/02\/campus-lo-contador-planifica-el-retorno-seguro-para-el-segundo-semestre-2021\/\"},\"author\":{\"name\":\"manadmin\",\"@id\":\"https:\/\/fadeu.urantiacos.cl\/en\/#\/schema\/person\/d203e2e84b1c40275eac77b3061a19a2\"},\"headline\":\"Campus Lo Contador planifica el retorno seguro para el segundo semestre 2021\",\"datePublished\":\"2021-08-02T20:41:00+00:00\",\"dateModified\":\"2023-09-07T20:42:57+00:00\",\"mainEntityOfPage\":{\"@id\":\"https:\/\/fadeu.urantiacos.cl\/en\/2021\/08\/02\/campus-lo-contador-planifica-el-retorno-seguro-para-el-segundo-semestre-2021\/\"},\"wordCount\":409,\"commentCount\":0,\"image\":{\"@id\":\"https:\/\/fadeu.urantiacos.cl\/en\/2021\/08\/02\/campus-lo-contador-planifica-el-retorno-seguro-para-el-segundo-semestre-2021\/#primaryimage\"},\"thumbnailUrl\":\"https:\/\/fadeu.urantiacos.cl\/wp-content\/uploads\/2023\/09\/patiomadera_julio2021.png\",\"articleSection\":[\"Sin categorizar\"],\"inLanguage\":\"en-US\",\"potentialAction\":[{\"@type\":\"CommentAction\",\"name\":\"Comment\",\"target\":[\"https:\/\/fadeu.urantiacos.cl\/en\/2021\/08\/02\/campus-lo-contador-planifica-el-retorno-seguro-para-el-segundo-semestre-2021\/#respond\"]}]},{\"@type\":\"WebPage\",\"@id\":\"https:\/\/fadeu.urantiacos.cl\/en\/2021\/08\/02\/campus-lo-contador-planifica-el-retorno-seguro-para-el-segundo-semestre-2021\/\",\"url\":\"https:\/\/fadeu.urantiacos.cl\/en\/2021\/08\/02\/campus-lo-contador-planifica-el-retorno-seguro-para-el-segundo-semestre-2021\/\",\"name\":\"Campus Lo Contador planifica el retorno seguro para el segundo semestre 2021 - Facultad de Arquitectura, Dise\u00f1o y Estudios Urbanos\",\"isPartOf\":{\"@id\":\"https:\/\/fadeu.urantiacos.cl\/en\/#website\"},\"primaryImageOfPage\":{\"@id\":\"https:\/\/fadeu.urantiacos.cl\/en\/2021\/08\/02\/campus-lo-contador-planifica-el-retorno-seguro-para-el-segundo-semestre-2021\/#primaryimage\"},\"image\":{\"@id\":\"https:\/\/fadeu.urantiacos.cl\/en\/2021\/08\/02\/campus-lo-contador-planifica-el-retorno-seguro-para-el-segundo-semestre-2021\/#primaryimage\"},\"thumbnailUrl\":\"https:\/\/fadeu.urantiacos.cl\/wp-content\/uploads\/2023\/09\/patiomadera_julio2021.png\",\"datePublished\":\"2021-08-02T20:41:00+00:00\",\"dateModified\":\"2023-09-07T20:42:57+00:00\",\"author\":{\"@id\":\"https:\/\/fadeu.urantiacos.cl\/en\/#\/schema\/person\/d203e2e84b1c40275eac77b3061a19a2\"},\"description\":\"Conforme las recomendaciones y disposiciones que han emanado desde Rector\u00eda, ya est\u00e1n definidas las directrices para el retorno seguro para los efectos de ingresos y usos del Campus Lo Contador, de cara al segundo semestre de este a\u00f1o.\",\"breadcrumb\":{\"@id\":\"https:\/\/fadeu.urantiacos.cl\/en\/2021\/08\/02\/campus-lo-contador-planifica-el-retorno-seguro-para-el-segundo-semestre-2021\/#breadcrumb\"},\"inLanguage\":\"en-US\",\"potentialAction\":[{\"@type\":\"ReadAction\",\"target\":[\"https:\/\/fadeu.urantiacos.cl\/en\/2021\/08\/02\/campus-lo-contador-planifica-el-retorno-seguro-para-el-segundo-semestre-2021\/\"]}]},{\"@type\":\"ImageObject\",\"inLanguage\":\"en-US\",\"@id\":\"https:\/\/fadeu.urantiacos.cl\/en\/2021\/08\/02\/campus-lo-contador-planifica-el-retorno-seguro-para-el-segundo-semestre-2021\/#primaryimage\",\"url\":\"https:\/\/fadeu.urantiacos.cl\/wp-content\/uploads\/2023\/09\/patiomadera_julio2021.png\",\"contentUrl\":\"https:\/\/fadeu.urantiacos.cl\/wp-content\/uploads\/2023\/09\/patiomadera_julio2021.png\",\"width\":350,\"height\":250},{\"@type\":\"BreadcrumbList\",\"@id\":\"https:\/\/fadeu.urantiacos.cl\/en\/2021\/08\/02\/campus-lo-contador-planifica-el-retorno-seguro-para-el-segundo-semestre-2021\/#breadcrumb\",\"itemListElement\":[{\"@type\":\"ListItem\",\"position\":1,\"name\":\"Portada\",\"item\":\"https:\/\/fadeu.urantiacos.cl\/en\/\"},{\"@type\":\"ListItem\",\"position\":2,\"name\":\"Campus Lo Contador planifica el retorno seguro para el segundo semestre 2021\"}]},{\"@type\":\"WebSite\",\"@id\":\"https:\/\/fadeu.urantiacos.cl\/en\/#website\",\"url\":\"https:\/\/fadeu.urantiacos.cl\/en\/\",\"name\":\"Facultad de Arquitectura, Dise\u00f1o y Estudios Urbanos\",\"description\":\"Campus Lo Contador\",\"potentialAction\":[{\"@type\":\"SearchAction\",\"target\":{\"@type\":\"EntryPoint\",\"urlTemplate\":\"https:\/\/fadeu.urantiacos.cl\/en\/?s={search_term_string}\"},\"query-input\":{\"@type\":\"PropertyValueSpecification\",\"valueRequired\":true,\"valueName\":\"search_term_string\"}}],\"inLanguage\":\"en-US\"},{\"@type\":\"Person\",\"@id\":\"https:\/\/fadeu.urantiacos.cl\/en\/#\/schema\/person\/d203e2e84b1c40275eac77b3061a19a2\",\"name\":\"manadmin\",\"image\":{\"@type\":\"ImageObject\",\"inLanguage\":\"en-US\",\"@id\":\"https:\/\/fadeu.urantiacos.cl\/en\/#\/schema\/person\/image\/\",\"url\":\"https:\/\/secure.gravatar.com\/avatar\/4b1d8e3303b4a9d8968ac578947d8bc80d9aea359f388cdd4aac15cadc0e8447?s=96&d=mm&r=g\",\"contentUrl\":\"https:\/\/secure.gravatar.com\/avatar\/4b1d8e3303b4a9d8968ac578947d8bc80d9aea359f388cdd4aac15cadc0e8447?s=96&d=mm&r=g\",\"caption\":\"manadmin\"},\"sameAs\":[\"https:\/\/fadeu.urantiacos.cl\"]}]}<\/script>\n<!-- \/ Yoast SEO plugin. -->","yoast_head_json":{"title":"Campus Lo Contador planifica el retorno seguro para el segundo semestre 2021 - Facultad de Arquitectura, Dise\u00f1o y Estudios Urbanos","description":"Conforme las recomendaciones y disposiciones que han emanado desde Rector\u00eda, ya est\u00e1n definidas las directrices para el retorno seguro para los efectos de ingresos y usos del Campus Lo Contador, de cara al segundo semestre de este a\u00f1o.","robots":{"index":"index","follow":"follow","max-snippet":"max-snippet:-1","max-image-preview":"max-image-preview:large","max-video-preview":"max-video-preview:-1"},"canonical":"https:\/\/fadeu.urantiacos.cl\/en\/2021\/08\/02\/campus-lo-contador-planifica-el-retorno-seguro-para-el-segundo-semestre-2021\/","og_locale":"en_US","og_type":"article","og_title":"Campus Lo Contador planifica el retorno seguro para el segundo semestre 2021 - Facultad de Arquitectura, Dise\u00f1o y Estudios Urbanos","og_description":"Conforme las recomendaciones y disposiciones que han emanado desde Rector\u00eda, ya est\u00e1n definidas las directrices para el retorno seguro para los efectos de ingresos y usos del Campus Lo Contador, de cara al segundo semestre de este a\u00f1o.","og_url":"https:\/\/fadeu.urantiacos.cl\/en\/2021\/08\/02\/campus-lo-contador-planifica-el-retorno-seguro-para-el-segundo-semestre-2021\/","og_site_name":"Facultad de Arquitectura, Dise\u00f1o y Estudios Urbanos","article_published_time":"2021-08-02T20:41:00+00:00","article_modified_time":"2023-09-07T20:42:57+00:00","og_image":[{"width":350,"height":250,"url":"https:\/\/fadeu.urantiacos.cl\/wp-content\/uploads\/2023\/09\/patiomadera_julio2021.png","type":"image\/png"}],"author":"manadmin","twitter_card":"summary_large_image","twitter_misc":{"Written by":"manadmin","Est. reading time":"2 minutes"},"schema":{"@context":"https:\/\/schema.org","@graph":[{"@type":"Article","@id":"https:\/\/fadeu.urantiacos.cl\/en\/2021\/08\/02\/campus-lo-contador-planifica-el-retorno-seguro-para-el-segundo-semestre-2021\/#article","isPartOf":{"@id":"https:\/\/fadeu.urantiacos.cl\/en\/2021\/08\/02\/campus-lo-contador-planifica-el-retorno-seguro-para-el-segundo-semestre-2021\/"},"author":{"name":"manadmin","@id":"https:\/\/fadeu.urantiacos.cl\/en\/#\/schema\/person\/d203e2e84b1c40275eac77b3061a19a2"},"headline":"Campus Lo Contador planifica el retorno seguro para el segundo semestre 2021","datePublished":"2021-08-02T20:41:00+00:00","dateModified":"2023-09-07T20:42:57+00:00","mainEntityOfPage":{"@id":"https:\/\/fadeu.urantiacos.cl\/en\/2021\/08\/02\/campus-lo-contador-planifica-el-retorno-seguro-para-el-segundo-semestre-2021\/"},"wordCount":409,"commentCount":0,"image":{"@id":"https:\/\/fadeu.urantiacos.cl\/en\/2021\/08\/02\/campus-lo-contador-planifica-el-retorno-seguro-para-el-segundo-semestre-2021\/#primaryimage"},"thumbnailUrl":"https:\/\/fadeu.urantiacos.cl\/wp-content\/uploads\/2023\/09\/patiomadera_julio2021.png","articleSection":["Sin categorizar"],"inLanguage":"en-US","potentialAction":[{"@type":"CommentAction","name":"Comment","target":["https:\/\/fadeu.urantiacos.cl\/en\/2021\/08\/02\/campus-lo-contador-planifica-el-retorno-seguro-para-el-segundo-semestre-2021\/#respond"]}]},{"@type":"WebPage","@id":"https:\/\/fadeu.urantiacos.cl\/en\/2021\/08\/02\/campus-lo-contador-planifica-el-retorno-seguro-para-el-segundo-semestre-2021\/","url":"https:\/\/fadeu.urantiacos.cl\/en\/2021\/08\/02\/campus-lo-contador-planifica-el-retorno-seguro-para-el-segundo-semestre-2021\/","name":"Campus Lo Contador planifica el retorno seguro para el segundo semestre 2021 - Facultad de Arquitectura, Dise\u00f1o y Estudios Urbanos","isPartOf":{"@id":"https:\/\/fadeu.urantiacos.cl\/en\/#website"},"primaryImageOfPage":{"@id":"https:\/\/fadeu.urantiacos.cl\/en\/2021\/08\/02\/campus-lo-contador-planifica-el-retorno-seguro-para-el-segundo-semestre-2021\/#primaryimage"},"image":{"@id":"https:\/\/fadeu.urantiacos.cl\/en\/2021\/08\/02\/campus-lo-contador-planifica-el-retorno-seguro-para-el-segundo-semestre-2021\/#primaryimage"},"thumbnailUrl":"https:\/\/fadeu.urantiacos.cl\/wp-content\/uploads\/2023\/09\/patiomadera_julio2021.png","datePublished":"2021-08-02T20:41:00+00:00","dateModified":"2023-09-07T20:42:57+00:00","author":{"@id":"https:\/\/fadeu.urantiacos.cl\/en\/#\/schema\/person\/d203e2e84b1c40275eac77b3061a19a2"},"description":"Conforme las recomendaciones y disposiciones que han emanado desde Rector\u00eda, ya est\u00e1n definidas las directrices para el retorno seguro para los efectos de ingresos y usos del Campus Lo Contador, de cara al segundo semestre de este a\u00f1o.","breadcrumb":{"@id":"https:\/\/fadeu.urantiacos.cl\/en\/2021\/08\/02\/campus-lo-contador-planifica-el-retorno-seguro-para-el-segundo-semestre-2021\/#breadcrumb"},"inLanguage":"en-US","potentialAction":[{"@type":"ReadAction","target":["https:\/\/fadeu.urantiacos.cl\/en\/2021\/08\/02\/campus-lo-contador-planifica-el-retorno-seguro-para-el-segundo-semestre-2021\/"]}]},{"@type":"ImageObject","inLanguage":"en-US","@id":"https:\/\/fadeu.urantiacos.cl\/en\/2021\/08\/02\/campus-lo-contador-planifica-el-retorno-seguro-para-el-segundo-semestre-2021\/#primaryimage","url":"https:\/\/fadeu.urantiacos.cl\/wp-content\/uploads\/2023\/09\/patiomadera_julio2021.png","contentUrl":"https:\/\/fadeu.urantiacos.cl\/wp-content\/uploads\/2023\/09\/patiomadera_julio2021.png","width":350,"height":250},{"@type":"BreadcrumbList","@id":"https:\/\/fadeu.urantiacos.cl\/en\/2021\/08\/02\/campus-lo-contador-planifica-el-retorno-seguro-para-el-segundo-semestre-2021\/#breadcrumb","itemListElement":[{"@type":"ListItem","position":1,"name":"Portada","item":"https:\/\/fadeu.urantiacos.cl\/en\/"},{"@type":"ListItem","position":2,"name":"Campus Lo Contador planifica el retorno seguro para el segundo semestre 2021"}]},{"@type":"WebSite","@id":"https:\/\/fadeu.urantiacos.cl\/en\/#website","url":"https:\/\/fadeu.urantiacos.cl\/en\/","name":"Facultad de Arquitectura, Dise\u00f1o y Estudios Urbanos","description":"Campus Lo Contador","potentialAction":[{"@type":"SearchAction","target":{"@type":"EntryPoint","urlTemplate":"https:\/\/fadeu.urantiacos.cl\/en\/?s={search_term_string}"},"query-input":{"@type":"PropertyValueSpecification","valueRequired":true,"valueName":"search_term_string"}}],"inLanguage":"en-US"},{"@type":"Person","@id":"https:\/\/fadeu.urantiacos.cl\/en\/#\/schema\/person\/d203e2e84b1c40275eac77b3061a19a2","name":"manadmin","image":{"@type":"ImageObject","inLanguage":"en-US","@id":"https:\/\/fadeu.urantiacos.cl\/en\/#\/schema\/person\/image\/","url":"https:\/\/secure.gravatar.com\/avatar\/4b1d8e3303b4a9d8968ac578947d8bc80d9aea359f388cdd4aac15cadc0e8447?s=96&d=mm&r=g","contentUrl":"https:\/\/secure.gravatar.com\/avatar\/4b1d8e3303b4a9d8968ac578947d8bc80d9aea359f388cdd4aac15cadc0e8447?s=96&d=mm&r=g","caption":"manadmin"},"sameAs":["https:\/\/fadeu.urantiacos.cl"]}]}},"_links":{"self":[{"href":"https:\/\/fadeu.urantiacos.cl\/en\/wp-json\/wp\/v2\/posts\/6558","targetHints":{"allow":["GET"]}}],"collection":[{"href":"https:\/\/fadeu.urantiacos.cl\/en\/wp-json\/wp\/v2\/posts"}],"about":[{"href":"https:\/\/fadeu.urantiacos.cl\/en\/wp-json\/wp\/v2\/types\/post"}],"author":[{"embeddable":true,"href":"https:\/\/fadeu.urantiacos.cl\/en\/wp-json\/wp\/v2\/users\/1"}],"replies":[{"embeddable":true,"href":"https:\/\/fadeu.urantiacos.cl\/en\/wp-json\/wp\/v2\/comments?post=6558"}],"version-history":[{"count":1,"href":"https:\/\/fadeu.urantiacos.cl\/en\/wp-json\/wp\/v2\/posts\/6558\/revisions"}],"predecessor-version":[{"id":6561,"href":"https:\/\/fadeu.urantiacos.cl\/en\/wp-json\/wp\/v2\/posts\/6558\/revisions\/6561"}],"wp:featuredmedia":[{"embeddable":true,"href":"https:\/\/fadeu.urantiacos.cl\/en\/wp-json\/wp\/v2\/media\/6560"}],"wp:attachment":[{"href":"https:\/\/fadeu.urantiacos.cl\/en\/wp-json\/wp\/v2\/media?parent=6558"}],"wp:term":[{"taxonomy":"category","embeddable":true,"href":"https:\/\/fadeu.urantiacos.cl\/en\/wp-json\/wp\/v2\/categories?post=6558"},{"taxonomy":"post_tag","embeddable":true,"href":"https:\/\/fadeu.urantiacos.cl\/en\/wp-json\/wp\/v2\/tags?post=6558"}],"curies":[{"name":"wp","href":"https:\/\/api.w.org\/{rel}","templated":true}]}}