{"id":6555,"date":"2021-08-02T17:39:00","date_gmt":"2021-08-02T20:39:00","guid":{"rendered":"https:\/\/fadeu.urantiacos.cl\/?p=6555"},"modified":"2023-09-07T17:41:21","modified_gmt":"2023-09-07T20:41:21","slug":"tomas-vivanco-participa-de-evento-europeo-de-diseno-de-futuro","status":"publish","type":"post","link":"https:\/\/fadeu.urantiacos.cl\/en\/2021\/08\/02\/tomas-vivanco-participa-de-evento-europeo-de-diseno-de-futuro\/","title":{"rendered":"Tom\u00e1s Vivanco participa de evento europeo de dise\u00f1o de futuro"},"content":{"rendered":"\n<figure class=\"wp-block-image size-full\"><img decoding=\"async\" width=\"350\" height=\"250\" src=\"https:\/\/fadeu.urantiacos.cl\/wp-content\/uploads\/2023\/09\/FUEL4DESIGN_TOMASVIVIANCO.png\" alt=\"\" class=\"wp-image-6556\" srcset=\"https:\/\/fadeu.urantiacos.cl\/wp-content\/uploads\/2023\/09\/FUEL4DESIGN_TOMASVIVIANCO.png 350w, https:\/\/fadeu.urantiacos.cl\/wp-content\/uploads\/2023\/09\/FUEL4DESIGN_TOMASVIVIANCO-300x214.png 300w\" sizes=\"(max-width: 350px) 100vw, 350px\" \/><\/figure>\n\n\n\n<p>El seminario estuvo orientado s\u00f3lo a acad\u00e9micos de distintas escuelas de Dise\u00f1o de la comunidad europea, para discutir y trabajar cr\u00edtica y aplicadamente distintas pr\u00e1cticas metodol\u00f3gicas de ense\u00f1anza en dise\u00f1o para abordar los desaf\u00edos futuros y presentes de nuestra disciplina al interior de las Escuelas de Dise\u00f1o.<\/p>\n\n\n\n<p id=\"tw-target-text\"><strong>EL PROYECTO<\/strong><\/p>\n\n\n\n<p id=\"tw-target-text\">Fuel4Design es un proyecto de 3 a\u00f1os entregado conjuntamente por un consorcio de l\u00edderes en dise\u00f1o-educadores-investigadores de la Escuela de Arquitectura y Dise\u00f1o de Oslo, Politecnico di Milano, University of the Arts London y ELISAVA. La pedagog\u00eda del dise\u00f1o del siglo XXI debe reformularse urgentemente en un enfoque que llamamos \u201cAlfabetizaci\u00f3n del futuro del dise\u00f1o\u201d. Se trata de una alfabetizaci\u00f3n que conecta la ense\u00f1anza y el aprendizaje para proporcionar una educaci\u00f3n a los j\u00f3venes dise\u00f1adores para dise\u00f1ar para un ma\u00f1ana complejo. Se trata de que el dise\u00f1o asuma un papel mucho m\u00e1s proactivo en el trabajo para anticipar estos ma\u00f1anas a trav\u00e9s de actos de creaci\u00f3n situada que entienda el uso y los usuarios y el dise\u00f1o como un trabajo prospectivo para mirar hacia adelante en lo inmediato o en el corto plazo (Celi y Morrison, 2018).<\/p>\n\n\n\n<p id=\"tw-target-text\">FUEL4Design apoya la disciplina del dise\u00f1o y sus estudiantes y profesores de maestr\u00eda \/ doctorado en instituciones de educaci\u00f3n superior (HEI) para anticipar productivamente las necesidades cr\u00edticas de aprendizaje del futuro y los procesos de cambio a trav\u00e9s de la creaci\u00f3n sostenida del futuro. El proyecto se organiza en torno a seis productos intelectuales (IO) interconectados. Para fines de comunicaci\u00f3n, estos se denominan aqu\u00ed M\u00f3dulos.<\/p>\n\n\n\n<p>INFORMACI\u00d3N PERIOD\u00cdSTICA<br>ESCUELA DE DISE\u00d1O&nbsp;<\/p>\n","protected":false},"excerpt":{"rendered":"<p>El profesor Tom\u00e1s Vivanco, particip\u00f3 como expositor del Seminario Fuel 4 Design, en el panel Making and Futures, que tuvo como moderadora a Laura Forlano. El seminario, organizado por ELISAVA, el Polit\u00e9cnico de Milano, Oslo School of Archtiecture and Design by University of Arts de London, en el marco de un proyecto Europeo H2020, tuvo como objetivo desarrollar conocimientos, recursos y m\u00e9todos para ayudar a los j\u00f3venes dise\u00f1adores a dise\u00f1ar en un futuro complejo.<\/p>\n","protected":false},"author":1,"featured_media":6556,"comment_status":"open","ping_status":"open","sticky":false,"template":"","format":"standard","meta":{"_acf_changed":false,"footnotes":""},"categories":[1],"tags":[],"class_list":["post-6555","post","type-post","status-publish","format-standard","has-post-thumbnail","hentry","category-sin-categorizar"],"acf":[],"yoast_head":"<!-- This site is optimized with the Yoast SEO plugin v27.1.1 - https:\/\/yoast.com\/product\/yoast-seo-wordpress\/ -->\n<title>Tom\u00e1s Vivanco participa de evento europeo de dise\u00f1o de futuro - Facultad de Arquitectura, Dise\u00f1o y Estudios Urbanos<\/title>\n<meta name=\"description\" content=\"El profesor Tom\u00e1s Vivanco, particip\u00f3 como expositor del Seminario Fuel 4 Design, en el panel Making and Futures, que tuvo como moderadora a Laura Forlano. El seminario, organizado por ELISAVA, el Polit\u00e9cnico de Milano, Oslo School of Archtiecture and Design by University of Arts de London, en el marco de un proyecto Europeo H2020, tuvo como objetivo desarrollar conocimientos, recursos y m\u00e9todos para ayudar a los j\u00f3venes dise\u00f1adores a dise\u00f1ar en un futuro complejo.\" \/>\n<meta name=\"robots\" content=\"index, follow, max-snippet:-1, max-image-preview:large, max-video-preview:-1\" \/>\n<link rel=\"canonical\" href=\"https:\/\/fadeu.urantiacos.cl\/en\/2021\/08\/02\/tomas-vivanco-participa-de-evento-europeo-de-diseno-de-futuro\/\" \/>\n<meta property=\"og:locale\" content=\"en_US\" \/>\n<meta property=\"og:type\" content=\"article\" \/>\n<meta property=\"og:title\" content=\"Tom\u00e1s Vivanco participa de evento europeo de dise\u00f1o de futuro - Facultad de Arquitectura, Dise\u00f1o y Estudios Urbanos\" \/>\n<meta property=\"og:description\" content=\"El profesor Tom\u00e1s Vivanco, particip\u00f3 como expositor del Seminario Fuel 4 Design, en el panel Making and Futures, que tuvo como moderadora a Laura Forlano. El seminario, organizado por ELISAVA, el Polit\u00e9cnico de Milano, Oslo School of Archtiecture and Design by University of Arts de London, en el marco de un proyecto Europeo H2020, tuvo como objetivo desarrollar conocimientos, recursos y m\u00e9todos para ayudar a los j\u00f3venes dise\u00f1adores a dise\u00f1ar en un futuro complejo.\" \/>\n<meta property=\"og:url\" content=\"https:\/\/fadeu.urantiacos.cl\/en\/2021\/08\/02\/tomas-vivanco-participa-de-evento-europeo-de-diseno-de-futuro\/\" \/>\n<meta property=\"og:site_name\" content=\"Facultad de Arquitectura, Dise\u00f1o y Estudios Urbanos\" \/>\n<meta property=\"article:published_time\" content=\"2021-08-02T20:39:00+00:00\" \/>\n<meta property=\"article:modified_time\" content=\"2023-09-07T20:41:21+00:00\" \/>\n<meta property=\"og:image\" content=\"https:\/\/fadeu.urantiacos.cl\/wp-content\/uploads\/2023\/09\/FUEL4DESIGN_TOMASVIVIANCO.png\" \/>\n\t<meta property=\"og:image:width\" content=\"350\" \/>\n\t<meta property=\"og:image:height\" content=\"250\" \/>\n\t<meta property=\"og:image:type\" content=\"image\/png\" \/>\n<meta name=\"author\" content=\"manadmin\" \/>\n<meta name=\"twitter:card\" content=\"summary_large_image\" \/>\n<meta name=\"twitter:label1\" content=\"Written by\" \/>\n\t<meta name=\"twitter:data1\" content=\"manadmin\" \/>\n\t<meta name=\"twitter:label2\" content=\"Est. reading time\" \/>\n\t<meta name=\"twitter:data2\" content=\"1 minute\" \/>\n<script type=\"application\/ld+json\" class=\"yoast-schema-graph\">{\"@context\":\"https:\/\/schema.org\",\"@graph\":[{\"@type\":\"Article\",\"@id\":\"https:\/\/fadeu.urantiacos.cl\/en\/2021\/08\/02\/tomas-vivanco-participa-de-evento-europeo-de-diseno-de-futuro\/#article\",\"isPartOf\":{\"@id\":\"https:\/\/fadeu.urantiacos.cl\/en\/2021\/08\/02\/tomas-vivanco-participa-de-evento-europeo-de-diseno-de-futuro\/\"},\"author\":{\"name\":\"manadmin\",\"@id\":\"https:\/\/fadeu.urantiacos.cl\/en\/#\/schema\/person\/d203e2e84b1c40275eac77b3061a19a2\"},\"headline\":\"Tom\u00e1s Vivanco participa de evento europeo de dise\u00f1o de futuro\",\"datePublished\":\"2021-08-02T20:39:00+00:00\",\"dateModified\":\"2023-09-07T20:41:21+00:00\",\"mainEntityOfPage\":{\"@id\":\"https:\/\/fadeu.urantiacos.cl\/en\/2021\/08\/02\/tomas-vivanco-participa-de-evento-europeo-de-diseno-de-futuro\/\"},\"wordCount\":309,\"commentCount\":0,\"image\":{\"@id\":\"https:\/\/fadeu.urantiacos.cl\/en\/2021\/08\/02\/tomas-vivanco-participa-de-evento-europeo-de-diseno-de-futuro\/#primaryimage\"},\"thumbnailUrl\":\"https:\/\/fadeu.urantiacos.cl\/wp-content\/uploads\/2023\/09\/FUEL4DESIGN_TOMASVIVIANCO.png\",\"articleSection\":[\"Sin categorizar\"],\"inLanguage\":\"en-US\",\"potentialAction\":[{\"@type\":\"CommentAction\",\"name\":\"Comment\",\"target\":[\"https:\/\/fadeu.urantiacos.cl\/en\/2021\/08\/02\/tomas-vivanco-participa-de-evento-europeo-de-diseno-de-futuro\/#respond\"]}]},{\"@type\":\"WebPage\",\"@id\":\"https:\/\/fadeu.urantiacos.cl\/en\/2021\/08\/02\/tomas-vivanco-participa-de-evento-europeo-de-diseno-de-futuro\/\",\"url\":\"https:\/\/fadeu.urantiacos.cl\/en\/2021\/08\/02\/tomas-vivanco-participa-de-evento-europeo-de-diseno-de-futuro\/\",\"name\":\"Tom\u00e1s Vivanco participa de evento europeo de dise\u00f1o de futuro - Facultad de Arquitectura, Dise\u00f1o y Estudios Urbanos\",\"isPartOf\":{\"@id\":\"https:\/\/fadeu.urantiacos.cl\/en\/#website\"},\"primaryImageOfPage\":{\"@id\":\"https:\/\/fadeu.urantiacos.cl\/en\/2021\/08\/02\/tomas-vivanco-participa-de-evento-europeo-de-diseno-de-futuro\/#primaryimage\"},\"image\":{\"@id\":\"https:\/\/fadeu.urantiacos.cl\/en\/2021\/08\/02\/tomas-vivanco-participa-de-evento-europeo-de-diseno-de-futuro\/#primaryimage\"},\"thumbnailUrl\":\"https:\/\/fadeu.urantiacos.cl\/wp-content\/uploads\/2023\/09\/FUEL4DESIGN_TOMASVIVIANCO.png\",\"datePublished\":\"2021-08-02T20:39:00+00:00\",\"dateModified\":\"2023-09-07T20:41:21+00:00\",\"author\":{\"@id\":\"https:\/\/fadeu.urantiacos.cl\/en\/#\/schema\/person\/d203e2e84b1c40275eac77b3061a19a2\"},\"description\":\"El profesor Tom\u00e1s Vivanco, particip\u00f3 como expositor del Seminario Fuel 4 Design, en el panel Making and Futures, que tuvo como moderadora a Laura Forlano. El seminario, organizado por ELISAVA, el Polit\u00e9cnico de Milano, Oslo School of Archtiecture and Design by University of Arts de London, en el marco de un proyecto Europeo H2020, tuvo como objetivo desarrollar conocimientos, recursos y m\u00e9todos para ayudar a los j\u00f3venes dise\u00f1adores a dise\u00f1ar en un futuro complejo.\",\"breadcrumb\":{\"@id\":\"https:\/\/fadeu.urantiacos.cl\/en\/2021\/08\/02\/tomas-vivanco-participa-de-evento-europeo-de-diseno-de-futuro\/#breadcrumb\"},\"inLanguage\":\"en-US\",\"potentialAction\":[{\"@type\":\"ReadAction\",\"target\":[\"https:\/\/fadeu.urantiacos.cl\/en\/2021\/08\/02\/tomas-vivanco-participa-de-evento-europeo-de-diseno-de-futuro\/\"]}]},{\"@type\":\"ImageObject\",\"inLanguage\":\"en-US\",\"@id\":\"https:\/\/fadeu.urantiacos.cl\/en\/2021\/08\/02\/tomas-vivanco-participa-de-evento-europeo-de-diseno-de-futuro\/#primaryimage\",\"url\":\"https:\/\/fadeu.urantiacos.cl\/wp-content\/uploads\/2023\/09\/FUEL4DESIGN_TOMASVIVIANCO.png\",\"contentUrl\":\"https:\/\/fadeu.urantiacos.cl\/wp-content\/uploads\/2023\/09\/FUEL4DESIGN_TOMASVIVIANCO.png\",\"width\":350,\"height\":250},{\"@type\":\"BreadcrumbList\",\"@id\":\"https:\/\/fadeu.urantiacos.cl\/en\/2021\/08\/02\/tomas-vivanco-participa-de-evento-europeo-de-diseno-de-futuro\/#breadcrumb\",\"itemListElement\":[{\"@type\":\"ListItem\",\"position\":1,\"name\":\"Portada\",\"item\":\"https:\/\/fadeu.urantiacos.cl\/en\/\"},{\"@type\":\"ListItem\",\"position\":2,\"name\":\"Tom\u00e1s Vivanco participa de evento europeo de dise\u00f1o de futuro\"}]},{\"@type\":\"WebSite\",\"@id\":\"https:\/\/fadeu.urantiacos.cl\/en\/#website\",\"url\":\"https:\/\/fadeu.urantiacos.cl\/en\/\",\"name\":\"Facultad de Arquitectura, Dise\u00f1o y Estudios Urbanos\",\"description\":\"Campus Lo Contador\",\"potentialAction\":[{\"@type\":\"SearchAction\",\"target\":{\"@type\":\"EntryPoint\",\"urlTemplate\":\"https:\/\/fadeu.urantiacos.cl\/en\/?s={search_term_string}\"},\"query-input\":{\"@type\":\"PropertyValueSpecification\",\"valueRequired\":true,\"valueName\":\"search_term_string\"}}],\"inLanguage\":\"en-US\"},{\"@type\":\"Person\",\"@id\":\"https:\/\/fadeu.urantiacos.cl\/en\/#\/schema\/person\/d203e2e84b1c40275eac77b3061a19a2\",\"name\":\"manadmin\",\"image\":{\"@type\":\"ImageObject\",\"inLanguage\":\"en-US\",\"@id\":\"https:\/\/fadeu.urantiacos.cl\/en\/#\/schema\/person\/image\/\",\"url\":\"https:\/\/secure.gravatar.com\/avatar\/4b1d8e3303b4a9d8968ac578947d8bc80d9aea359f388cdd4aac15cadc0e8447?s=96&d=mm&r=g\",\"contentUrl\":\"https:\/\/secure.gravatar.com\/avatar\/4b1d8e3303b4a9d8968ac578947d8bc80d9aea359f388cdd4aac15cadc0e8447?s=96&d=mm&r=g\",\"caption\":\"manadmin\"},\"sameAs\":[\"https:\/\/fadeu.urantiacos.cl\"]}]}<\/script>\n<!-- \/ Yoast SEO plugin. -->","yoast_head_json":{"title":"Tom\u00e1s Vivanco participa de evento europeo de dise\u00f1o de futuro - Facultad de Arquitectura, Dise\u00f1o y Estudios Urbanos","description":"El profesor Tom\u00e1s Vivanco, particip\u00f3 como expositor del Seminario Fuel 4 Design, en el panel Making and Futures, que tuvo como moderadora a Laura Forlano. El seminario, organizado por ELISAVA, el Polit\u00e9cnico de Milano, Oslo School of Archtiecture and Design by University of Arts de London, en el marco de un proyecto Europeo H2020, tuvo como objetivo desarrollar conocimientos, recursos y m\u00e9todos para ayudar a los j\u00f3venes dise\u00f1adores a dise\u00f1ar en un futuro complejo.","robots":{"index":"index","follow":"follow","max-snippet":"max-snippet:-1","max-image-preview":"max-image-preview:large","max-video-preview":"max-video-preview:-1"},"canonical":"https:\/\/fadeu.urantiacos.cl\/en\/2021\/08\/02\/tomas-vivanco-participa-de-evento-europeo-de-diseno-de-futuro\/","og_locale":"en_US","og_type":"article","og_title":"Tom\u00e1s Vivanco participa de evento europeo de dise\u00f1o de futuro - Facultad de Arquitectura, Dise\u00f1o y Estudios Urbanos","og_description":"El profesor Tom\u00e1s Vivanco, particip\u00f3 como expositor del Seminario Fuel 4 Design, en el panel Making and Futures, que tuvo como moderadora a Laura Forlano. El seminario, organizado por ELISAVA, el Polit\u00e9cnico de Milano, Oslo School of Archtiecture and Design by University of Arts de London, en el marco de un proyecto Europeo H2020, tuvo como objetivo desarrollar conocimientos, recursos y m\u00e9todos para ayudar a los j\u00f3venes dise\u00f1adores a dise\u00f1ar en un futuro complejo.","og_url":"https:\/\/fadeu.urantiacos.cl\/en\/2021\/08\/02\/tomas-vivanco-participa-de-evento-europeo-de-diseno-de-futuro\/","og_site_name":"Facultad de Arquitectura, Dise\u00f1o y Estudios Urbanos","article_published_time":"2021-08-02T20:39:00+00:00","article_modified_time":"2023-09-07T20:41:21+00:00","og_image":[{"width":350,"height":250,"url":"https:\/\/fadeu.urantiacos.cl\/wp-content\/uploads\/2023\/09\/FUEL4DESIGN_TOMASVIVIANCO.png","type":"image\/png"}],"author":"manadmin","twitter_card":"summary_large_image","twitter_misc":{"Written by":"manadmin","Est. reading time":"1 minute"},"schema":{"@context":"https:\/\/schema.org","@graph":[{"@type":"Article","@id":"https:\/\/fadeu.urantiacos.cl\/en\/2021\/08\/02\/tomas-vivanco-participa-de-evento-europeo-de-diseno-de-futuro\/#article","isPartOf":{"@id":"https:\/\/fadeu.urantiacos.cl\/en\/2021\/08\/02\/tomas-vivanco-participa-de-evento-europeo-de-diseno-de-futuro\/"},"author":{"name":"manadmin","@id":"https:\/\/fadeu.urantiacos.cl\/en\/#\/schema\/person\/d203e2e84b1c40275eac77b3061a19a2"},"headline":"Tom\u00e1s Vivanco participa de evento europeo de dise\u00f1o de futuro","datePublished":"2021-08-02T20:39:00+00:00","dateModified":"2023-09-07T20:41:21+00:00","mainEntityOfPage":{"@id":"https:\/\/fadeu.urantiacos.cl\/en\/2021\/08\/02\/tomas-vivanco-participa-de-evento-europeo-de-diseno-de-futuro\/"},"wordCount":309,"commentCount":0,"image":{"@id":"https:\/\/fadeu.urantiacos.cl\/en\/2021\/08\/02\/tomas-vivanco-participa-de-evento-europeo-de-diseno-de-futuro\/#primaryimage"},"thumbnailUrl":"https:\/\/fadeu.urantiacos.cl\/wp-content\/uploads\/2023\/09\/FUEL4DESIGN_TOMASVIVIANCO.png","articleSection":["Sin categorizar"],"inLanguage":"en-US","potentialAction":[{"@type":"CommentAction","name":"Comment","target":["https:\/\/fadeu.urantiacos.cl\/en\/2021\/08\/02\/tomas-vivanco-participa-de-evento-europeo-de-diseno-de-futuro\/#respond"]}]},{"@type":"WebPage","@id":"https:\/\/fadeu.urantiacos.cl\/en\/2021\/08\/02\/tomas-vivanco-participa-de-evento-europeo-de-diseno-de-futuro\/","url":"https:\/\/fadeu.urantiacos.cl\/en\/2021\/08\/02\/tomas-vivanco-participa-de-evento-europeo-de-diseno-de-futuro\/","name":"Tom\u00e1s Vivanco participa de evento europeo de dise\u00f1o de futuro - Facultad de Arquitectura, Dise\u00f1o y Estudios Urbanos","isPartOf":{"@id":"https:\/\/fadeu.urantiacos.cl\/en\/#website"},"primaryImageOfPage":{"@id":"https:\/\/fadeu.urantiacos.cl\/en\/2021\/08\/02\/tomas-vivanco-participa-de-evento-europeo-de-diseno-de-futuro\/#primaryimage"},"image":{"@id":"https:\/\/fadeu.urantiacos.cl\/en\/2021\/08\/02\/tomas-vivanco-participa-de-evento-europeo-de-diseno-de-futuro\/#primaryimage"},"thumbnailUrl":"https:\/\/fadeu.urantiacos.cl\/wp-content\/uploads\/2023\/09\/FUEL4DESIGN_TOMASVIVIANCO.png","datePublished":"2021-08-02T20:39:00+00:00","dateModified":"2023-09-07T20:41:21+00:00","author":{"@id":"https:\/\/fadeu.urantiacos.cl\/en\/#\/schema\/person\/d203e2e84b1c40275eac77b3061a19a2"},"description":"El profesor Tom\u00e1s Vivanco, particip\u00f3 como expositor del Seminario Fuel 4 Design, en el panel Making and Futures, que tuvo como moderadora a Laura Forlano. El seminario, organizado por ELISAVA, el Polit\u00e9cnico de Milano, Oslo School of Archtiecture and Design by University of Arts de London, en el marco de un proyecto Europeo H2020, tuvo como objetivo desarrollar conocimientos, recursos y m\u00e9todos para ayudar a los j\u00f3venes dise\u00f1adores a dise\u00f1ar en un futuro complejo.","breadcrumb":{"@id":"https:\/\/fadeu.urantiacos.cl\/en\/2021\/08\/02\/tomas-vivanco-participa-de-evento-europeo-de-diseno-de-futuro\/#breadcrumb"},"inLanguage":"en-US","potentialAction":[{"@type":"ReadAction","target":["https:\/\/fadeu.urantiacos.cl\/en\/2021\/08\/02\/tomas-vivanco-participa-de-evento-europeo-de-diseno-de-futuro\/"]}]},{"@type":"ImageObject","inLanguage":"en-US","@id":"https:\/\/fadeu.urantiacos.cl\/en\/2021\/08\/02\/tomas-vivanco-participa-de-evento-europeo-de-diseno-de-futuro\/#primaryimage","url":"https:\/\/fadeu.urantiacos.cl\/wp-content\/uploads\/2023\/09\/FUEL4DESIGN_TOMASVIVIANCO.png","contentUrl":"https:\/\/fadeu.urantiacos.cl\/wp-content\/uploads\/2023\/09\/FUEL4DESIGN_TOMASVIVIANCO.png","width":350,"height":250},{"@type":"BreadcrumbList","@id":"https:\/\/fadeu.urantiacos.cl\/en\/2021\/08\/02\/tomas-vivanco-participa-de-evento-europeo-de-diseno-de-futuro\/#breadcrumb","itemListElement":[{"@type":"ListItem","position":1,"name":"Portada","item":"https:\/\/fadeu.urantiacos.cl\/en\/"},{"@type":"ListItem","position":2,"name":"Tom\u00e1s Vivanco participa de evento europeo de dise\u00f1o de futuro"}]},{"@type":"WebSite","@id":"https:\/\/fadeu.urantiacos.cl\/en\/#website","url":"https:\/\/fadeu.urantiacos.cl\/en\/","name":"Facultad de Arquitectura, Dise\u00f1o y Estudios Urbanos","description":"Campus Lo Contador","potentialAction":[{"@type":"SearchAction","target":{"@type":"EntryPoint","urlTemplate":"https:\/\/fadeu.urantiacos.cl\/en\/?s={search_term_string}"},"query-input":{"@type":"PropertyValueSpecification","valueRequired":true,"valueName":"search_term_string"}}],"inLanguage":"en-US"},{"@type":"Person","@id":"https:\/\/fadeu.urantiacos.cl\/en\/#\/schema\/person\/d203e2e84b1c40275eac77b3061a19a2","name":"manadmin","image":{"@type":"ImageObject","inLanguage":"en-US","@id":"https:\/\/fadeu.urantiacos.cl\/en\/#\/schema\/person\/image\/","url":"https:\/\/secure.gravatar.com\/avatar\/4b1d8e3303b4a9d8968ac578947d8bc80d9aea359f388cdd4aac15cadc0e8447?s=96&d=mm&r=g","contentUrl":"https:\/\/secure.gravatar.com\/avatar\/4b1d8e3303b4a9d8968ac578947d8bc80d9aea359f388cdd4aac15cadc0e8447?s=96&d=mm&r=g","caption":"manadmin"},"sameAs":["https:\/\/fadeu.urantiacos.cl"]}]}},"_links":{"self":[{"href":"https:\/\/fadeu.urantiacos.cl\/en\/wp-json\/wp\/v2\/posts\/6555","targetHints":{"allow":["GET"]}}],"collection":[{"href":"https:\/\/fadeu.urantiacos.cl\/en\/wp-json\/wp\/v2\/posts"}],"about":[{"href":"https:\/\/fadeu.urantiacos.cl\/en\/wp-json\/wp\/v2\/types\/post"}],"author":[{"embeddable":true,"href":"https:\/\/fadeu.urantiacos.cl\/en\/wp-json\/wp\/v2\/users\/1"}],"replies":[{"embeddable":true,"href":"https:\/\/fadeu.urantiacos.cl\/en\/wp-json\/wp\/v2\/comments?post=6555"}],"version-history":[{"count":1,"href":"https:\/\/fadeu.urantiacos.cl\/en\/wp-json\/wp\/v2\/posts\/6555\/revisions"}],"predecessor-version":[{"id":6557,"href":"https:\/\/fadeu.urantiacos.cl\/en\/wp-json\/wp\/v2\/posts\/6555\/revisions\/6557"}],"wp:featuredmedia":[{"embeddable":true,"href":"https:\/\/fadeu.urantiacos.cl\/en\/wp-json\/wp\/v2\/media\/6556"}],"wp:attachment":[{"href":"https:\/\/fadeu.urantiacos.cl\/en\/wp-json\/wp\/v2\/media?parent=6555"}],"wp:term":[{"taxonomy":"category","embeddable":true,"href":"https:\/\/fadeu.urantiacos.cl\/en\/wp-json\/wp\/v2\/categories?post=6555"},{"taxonomy":"post_tag","embeddable":true,"href":"https:\/\/fadeu.urantiacos.cl\/en\/wp-json\/wp\/v2\/tags?post=6555"}],"curies":[{"name":"wp","href":"https:\/\/api.w.org\/{rel}","templated":true}]}}