{"id":6551,"date":"2021-08-02T17:37:00","date_gmt":"2021-08-02T20:37:00","guid":{"rendered":"https:\/\/fadeu.urantiacos.cl\/?p=6551"},"modified":"2023-09-07T17:39:26","modified_gmt":"2023-09-07T20:39:26","slug":"estudiante-mada-obtiene-primer-lugar-en-winter-school","status":"publish","type":"post","link":"https:\/\/fadeu.urantiacos.cl\/en\/2021\/08\/02\/estudiante-mada-obtiene-primer-lugar-en-winter-school\/","title":{"rendered":"Estudiante MADA obtiene Primer Lugar en Winter School"},"content":{"rendered":"\n<figure class=\"wp-block-image size-full\"><img decoding=\"async\" width=\"350\" height=\"250\" src=\"https:\/\/fadeu.urantiacos.cl\/wp-content\/uploads\/2023\/09\/winter_mada.jpg\" alt=\"\" class=\"wp-image-6552\" srcset=\"https:\/\/fadeu.urantiacos.cl\/wp-content\/uploads\/2023\/09\/winter_mada.jpg 350w, https:\/\/fadeu.urantiacos.cl\/wp-content\/uploads\/2023\/09\/winter_mada-300x214.jpg 300w\" sizes=\"(max-width: 350px) 100vw, 350px\" \/><\/figure>\n\n\n\n<p>Un programa de formaci\u00f3n conjunta de nueve meses (octubre 2020 \u2013 julio 2021), articulado en workshops proyectuales y seminarios de profundizaci\u00f3n en torno al tema de la&nbsp;Innovaci\u00f3n Responsable aplicada al Dise\u00f1o, donde estudiantes de las tres universidades desarrollaron soluciones proyectuales para dar respuestas a desaf\u00edos relacionados con los principios de la \u201cResponsible Research and Innovation\u201d (RRI), entre los cuales la \u201cGender Equality\u201d, que fue el tema del workshop conclusivo de la Winter School.<\/p>\n\n\n\n<p>El proyecto denominado&nbsp;GAME-VOLUTION | Gender Innovation in Play and Education&nbsp;consiste en el redise\u00f1o de juegos de mesa cl\u00e1sico. Incluye una reconceptualizaci\u00f3n del juego en t\u00e9rminos de su gr\u00e1fica, packaging, sistema de comunicaci\u00f3n y reglas ajustadas, con el objetivo de ense\u00f1ar a los jugadores acerca de conceptos y tem\u00e1ticas en relaci\u00f3n a la igualdad de g\u00e9nero. Estos juegos pueden ser apropiados para ni\u00f1os, adultos y familias, pero tambi\u00e9n puede ser incluido en el sistema educativo. Los juegos son clasificados de acuerdo a su dificultad y ocasi\u00f3n de uso y se encuentran agrupados en una caja: Game-volution Box, un juego inclusivo para jugar y aprender con toda la familia y para todas las edades.&nbsp;<\/p>\n\n\n\n<p>Los&nbsp;profesores&nbsp;a cargo desde UNIBO fueron Elena Formia, Valentina Gianfrate, Michele Zannoni; desde el TEC, Ruth Le\u00f3n, Claudio Monterrubio, David S\u00e1nchez y desde la UC, Erik Ciravegna, Sylvia D\u00fcmmer. Y cuyas&nbsp;tutoras&nbsp;desde la UNIBO, Laura Succini con Martina Bambi, Virginia Vignali, Federica Marchi.<\/p>\n\n\n\n<p>INFORMACI\u00d3N PERIOD\u00cdSTICA<br>ESCUELA DE DISE\u00d1O&nbsp;<\/p>\n\n\n\n<figure class=\"wp-block-image size-full\"><img decoding=\"async\" width=\"992\" height=\"557\" src=\"https:\/\/fadeu.urantiacos.cl\/wp-content\/uploads\/2023\/09\/WhatsApp-Image-2021-08-02-at-18.53.35-992x557-1.jpeg\" alt=\"\" class=\"wp-image-6553\" srcset=\"https:\/\/fadeu.urantiacos.cl\/wp-content\/uploads\/2023\/09\/WhatsApp-Image-2021-08-02-at-18.53.35-992x557-1.jpeg 992w, https:\/\/fadeu.urantiacos.cl\/wp-content\/uploads\/2023\/09\/WhatsApp-Image-2021-08-02-at-18.53.35-992x557-1-300x168.jpeg 300w, https:\/\/fadeu.urantiacos.cl\/wp-content\/uploads\/2023\/09\/WhatsApp-Image-2021-08-02-at-18.53.35-992x557-1-768x431.jpeg 768w\" sizes=\"(max-width: 992px) 100vw, 992px\" \/><\/figure>\n","protected":false},"excerpt":{"rendered":"<p>La licenciada de Dise\u00f1o UC y estudiante del Magister en Dise\u00f1o Avanzado, MADA UC, Ignacia Lara, obtuvo el primer lugar junto a su equipo, compuesto por Rossella Monopoli (UNIBO), Kevin Pineda (TEC), y Alejandra Tovar (TEC), en la primera versi\u00f3n del evento Winter School, proyecto de cooperaci\u00f3n internacional desarrollado por la Universidad de Bolonia, el TEC de Monterrey y la Pontificia Universidad Cat\u00f3lica de Chile.<\/p>\n","protected":false},"author":1,"featured_media":6552,"comment_status":"open","ping_status":"open","sticky":false,"template":"","format":"standard","meta":{"_acf_changed":false,"footnotes":""},"categories":[1],"tags":[],"class_list":["post-6551","post","type-post","status-publish","format-standard","has-post-thumbnail","hentry","category-sin-categorizar"],"acf":[],"yoast_head":"<!-- This site is optimized with the Yoast SEO plugin v27.1.1 - https:\/\/yoast.com\/product\/yoast-seo-wordpress\/ -->\n<title>Estudiante MADA obtiene Primer Lugar en Winter School - Facultad de Arquitectura, Dise\u00f1o y Estudios Urbanos<\/title>\n<meta name=\"description\" content=\"La licenciada de Dise\u00f1o UC y estudiante del Magister en Dise\u00f1o Avanzado, MADA UC, Ignacia Lara, obtuvo el primer lugar junto a su equipo, compuesto por Rossella Monopoli (UNIBO), Kevin Pineda (TEC), y Alejandra Tovar (TEC), en la primera versi\u00f3n del evento Winter School, proyecto de cooperaci\u00f3n internacional desarrollado por la Universidad de Bolonia, el TEC de Monterrey y la Pontificia Universidad Cat\u00f3lica de Chile.\" \/>\n<meta name=\"robots\" content=\"index, follow, max-snippet:-1, max-image-preview:large, max-video-preview:-1\" \/>\n<link rel=\"canonical\" href=\"https:\/\/fadeu.urantiacos.cl\/en\/2021\/08\/02\/estudiante-mada-obtiene-primer-lugar-en-winter-school\/\" \/>\n<meta property=\"og:locale\" content=\"en_US\" \/>\n<meta property=\"og:type\" content=\"article\" \/>\n<meta property=\"og:title\" content=\"Estudiante MADA obtiene Primer Lugar en Winter School - Facultad de Arquitectura, Dise\u00f1o y Estudios Urbanos\" \/>\n<meta property=\"og:description\" content=\"La licenciada de Dise\u00f1o UC y estudiante del Magister en Dise\u00f1o Avanzado, MADA UC, Ignacia Lara, obtuvo el primer lugar junto a su equipo, compuesto por Rossella Monopoli (UNIBO), Kevin Pineda (TEC), y Alejandra Tovar (TEC), en la primera versi\u00f3n del evento Winter School, proyecto de cooperaci\u00f3n internacional desarrollado por la Universidad de Bolonia, el TEC de Monterrey y la Pontificia Universidad Cat\u00f3lica de Chile.\" \/>\n<meta property=\"og:url\" content=\"https:\/\/fadeu.urantiacos.cl\/en\/2021\/08\/02\/estudiante-mada-obtiene-primer-lugar-en-winter-school\/\" \/>\n<meta property=\"og:site_name\" content=\"Facultad de Arquitectura, Dise\u00f1o y Estudios Urbanos\" \/>\n<meta property=\"article:published_time\" content=\"2021-08-02T20:37:00+00:00\" \/>\n<meta property=\"article:modified_time\" content=\"2023-09-07T20:39:26+00:00\" \/>\n<meta property=\"og:image\" content=\"https:\/\/fadeu.urantiacos.cl\/wp-content\/uploads\/2023\/09\/winter_mada.jpg\" \/>\n\t<meta property=\"og:image:width\" content=\"350\" \/>\n\t<meta property=\"og:image:height\" content=\"250\" \/>\n\t<meta property=\"og:image:type\" content=\"image\/jpeg\" \/>\n<meta name=\"author\" content=\"manadmin\" \/>\n<meta name=\"twitter:card\" content=\"summary_large_image\" \/>\n<meta name=\"twitter:label1\" content=\"Written by\" \/>\n\t<meta name=\"twitter:data1\" content=\"manadmin\" \/>\n\t<meta name=\"twitter:label2\" content=\"Est. reading time\" \/>\n\t<meta name=\"twitter:data2\" content=\"1 minute\" \/>\n<script type=\"application\/ld+json\" class=\"yoast-schema-graph\">{\"@context\":\"https:\/\/schema.org\",\"@graph\":[{\"@type\":\"Article\",\"@id\":\"https:\/\/fadeu.urantiacos.cl\/en\/2021\/08\/02\/estudiante-mada-obtiene-primer-lugar-en-winter-school\/#article\",\"isPartOf\":{\"@id\":\"https:\/\/fadeu.urantiacos.cl\/en\/2021\/08\/02\/estudiante-mada-obtiene-primer-lugar-en-winter-school\/\"},\"author\":{\"name\":\"manadmin\",\"@id\":\"https:\/\/fadeu.urantiacos.cl\/en\/#\/schema\/person\/d203e2e84b1c40275eac77b3061a19a2\"},\"headline\":\"Estudiante MADA obtiene Primer Lugar en Winter School\",\"datePublished\":\"2021-08-02T20:37:00+00:00\",\"dateModified\":\"2023-09-07T20:39:26+00:00\",\"mainEntityOfPage\":{\"@id\":\"https:\/\/fadeu.urantiacos.cl\/en\/2021\/08\/02\/estudiante-mada-obtiene-primer-lugar-en-winter-school\/\"},\"wordCount\":274,\"commentCount\":0,\"image\":{\"@id\":\"https:\/\/fadeu.urantiacos.cl\/en\/2021\/08\/02\/estudiante-mada-obtiene-primer-lugar-en-winter-school\/#primaryimage\"},\"thumbnailUrl\":\"https:\/\/fadeu.urantiacos.cl\/wp-content\/uploads\/2023\/09\/winter_mada.jpg\",\"articleSection\":[\"Sin categorizar\"],\"inLanguage\":\"en-US\",\"potentialAction\":[{\"@type\":\"CommentAction\",\"name\":\"Comment\",\"target\":[\"https:\/\/fadeu.urantiacos.cl\/en\/2021\/08\/02\/estudiante-mada-obtiene-primer-lugar-en-winter-school\/#respond\"]}]},{\"@type\":\"WebPage\",\"@id\":\"https:\/\/fadeu.urantiacos.cl\/en\/2021\/08\/02\/estudiante-mada-obtiene-primer-lugar-en-winter-school\/\",\"url\":\"https:\/\/fadeu.urantiacos.cl\/en\/2021\/08\/02\/estudiante-mada-obtiene-primer-lugar-en-winter-school\/\",\"name\":\"Estudiante MADA obtiene Primer Lugar en Winter School - Facultad de Arquitectura, Dise\u00f1o y Estudios Urbanos\",\"isPartOf\":{\"@id\":\"https:\/\/fadeu.urantiacos.cl\/en\/#website\"},\"primaryImageOfPage\":{\"@id\":\"https:\/\/fadeu.urantiacos.cl\/en\/2021\/08\/02\/estudiante-mada-obtiene-primer-lugar-en-winter-school\/#primaryimage\"},\"image\":{\"@id\":\"https:\/\/fadeu.urantiacos.cl\/en\/2021\/08\/02\/estudiante-mada-obtiene-primer-lugar-en-winter-school\/#primaryimage\"},\"thumbnailUrl\":\"https:\/\/fadeu.urantiacos.cl\/wp-content\/uploads\/2023\/09\/winter_mada.jpg\",\"datePublished\":\"2021-08-02T20:37:00+00:00\",\"dateModified\":\"2023-09-07T20:39:26+00:00\",\"author\":{\"@id\":\"https:\/\/fadeu.urantiacos.cl\/en\/#\/schema\/person\/d203e2e84b1c40275eac77b3061a19a2\"},\"description\":\"La licenciada de Dise\u00f1o UC y estudiante del Magister en Dise\u00f1o Avanzado, MADA UC, Ignacia Lara, obtuvo el primer lugar junto a su equipo, compuesto por Rossella Monopoli (UNIBO), Kevin Pineda (TEC), y Alejandra Tovar (TEC), en la primera versi\u00f3n del evento Winter School, proyecto de cooperaci\u00f3n internacional desarrollado por la Universidad de Bolonia, el TEC de Monterrey y la Pontificia Universidad Cat\u00f3lica de Chile.\",\"breadcrumb\":{\"@id\":\"https:\/\/fadeu.urantiacos.cl\/en\/2021\/08\/02\/estudiante-mada-obtiene-primer-lugar-en-winter-school\/#breadcrumb\"},\"inLanguage\":\"en-US\",\"potentialAction\":[{\"@type\":\"ReadAction\",\"target\":[\"https:\/\/fadeu.urantiacos.cl\/en\/2021\/08\/02\/estudiante-mada-obtiene-primer-lugar-en-winter-school\/\"]}]},{\"@type\":\"ImageObject\",\"inLanguage\":\"en-US\",\"@id\":\"https:\/\/fadeu.urantiacos.cl\/en\/2021\/08\/02\/estudiante-mada-obtiene-primer-lugar-en-winter-school\/#primaryimage\",\"url\":\"https:\/\/fadeu.urantiacos.cl\/wp-content\/uploads\/2023\/09\/winter_mada.jpg\",\"contentUrl\":\"https:\/\/fadeu.urantiacos.cl\/wp-content\/uploads\/2023\/09\/winter_mada.jpg\",\"width\":350,\"height\":250},{\"@type\":\"BreadcrumbList\",\"@id\":\"https:\/\/fadeu.urantiacos.cl\/en\/2021\/08\/02\/estudiante-mada-obtiene-primer-lugar-en-winter-school\/#breadcrumb\",\"itemListElement\":[{\"@type\":\"ListItem\",\"position\":1,\"name\":\"Portada\",\"item\":\"https:\/\/fadeu.urantiacos.cl\/en\/\"},{\"@type\":\"ListItem\",\"position\":2,\"name\":\"Estudiante MADA obtiene Primer Lugar en Winter School\"}]},{\"@type\":\"WebSite\",\"@id\":\"https:\/\/fadeu.urantiacos.cl\/en\/#website\",\"url\":\"https:\/\/fadeu.urantiacos.cl\/en\/\",\"name\":\"Facultad de Arquitectura, Dise\u00f1o y Estudios Urbanos\",\"description\":\"Campus Lo Contador\",\"potentialAction\":[{\"@type\":\"SearchAction\",\"target\":{\"@type\":\"EntryPoint\",\"urlTemplate\":\"https:\/\/fadeu.urantiacos.cl\/en\/?s={search_term_string}\"},\"query-input\":{\"@type\":\"PropertyValueSpecification\",\"valueRequired\":true,\"valueName\":\"search_term_string\"}}],\"inLanguage\":\"en-US\"},{\"@type\":\"Person\",\"@id\":\"https:\/\/fadeu.urantiacos.cl\/en\/#\/schema\/person\/d203e2e84b1c40275eac77b3061a19a2\",\"name\":\"manadmin\",\"image\":{\"@type\":\"ImageObject\",\"inLanguage\":\"en-US\",\"@id\":\"https:\/\/fadeu.urantiacos.cl\/en\/#\/schema\/person\/image\/\",\"url\":\"https:\/\/secure.gravatar.com\/avatar\/4b1d8e3303b4a9d8968ac578947d8bc80d9aea359f388cdd4aac15cadc0e8447?s=96&d=mm&r=g\",\"contentUrl\":\"https:\/\/secure.gravatar.com\/avatar\/4b1d8e3303b4a9d8968ac578947d8bc80d9aea359f388cdd4aac15cadc0e8447?s=96&d=mm&r=g\",\"caption\":\"manadmin\"},\"sameAs\":[\"https:\/\/fadeu.urantiacos.cl\"]}]}<\/script>\n<!-- \/ Yoast SEO plugin. -->","yoast_head_json":{"title":"Estudiante MADA obtiene Primer Lugar en Winter School - Facultad de Arquitectura, Dise\u00f1o y Estudios Urbanos","description":"La licenciada de Dise\u00f1o UC y estudiante del Magister en Dise\u00f1o Avanzado, MADA UC, Ignacia Lara, obtuvo el primer lugar junto a su equipo, compuesto por Rossella Monopoli (UNIBO), Kevin Pineda (TEC), y Alejandra Tovar (TEC), en la primera versi\u00f3n del evento Winter School, proyecto de cooperaci\u00f3n internacional desarrollado por la Universidad de Bolonia, el TEC de Monterrey y la Pontificia Universidad Cat\u00f3lica de Chile.","robots":{"index":"index","follow":"follow","max-snippet":"max-snippet:-1","max-image-preview":"max-image-preview:large","max-video-preview":"max-video-preview:-1"},"canonical":"https:\/\/fadeu.urantiacos.cl\/en\/2021\/08\/02\/estudiante-mada-obtiene-primer-lugar-en-winter-school\/","og_locale":"en_US","og_type":"article","og_title":"Estudiante MADA obtiene Primer Lugar en Winter School - Facultad de Arquitectura, Dise\u00f1o y Estudios Urbanos","og_description":"La licenciada de Dise\u00f1o UC y estudiante del Magister en Dise\u00f1o Avanzado, MADA UC, Ignacia Lara, obtuvo el primer lugar junto a su equipo, compuesto por Rossella Monopoli (UNIBO), Kevin Pineda (TEC), y Alejandra Tovar (TEC), en la primera versi\u00f3n del evento Winter School, proyecto de cooperaci\u00f3n internacional desarrollado por la Universidad de Bolonia, el TEC de Monterrey y la Pontificia Universidad Cat\u00f3lica de Chile.","og_url":"https:\/\/fadeu.urantiacos.cl\/en\/2021\/08\/02\/estudiante-mada-obtiene-primer-lugar-en-winter-school\/","og_site_name":"Facultad de Arquitectura, Dise\u00f1o y Estudios Urbanos","article_published_time":"2021-08-02T20:37:00+00:00","article_modified_time":"2023-09-07T20:39:26+00:00","og_image":[{"width":350,"height":250,"url":"https:\/\/fadeu.urantiacos.cl\/wp-content\/uploads\/2023\/09\/winter_mada.jpg","type":"image\/jpeg"}],"author":"manadmin","twitter_card":"summary_large_image","twitter_misc":{"Written by":"manadmin","Est. reading time":"1 minute"},"schema":{"@context":"https:\/\/schema.org","@graph":[{"@type":"Article","@id":"https:\/\/fadeu.urantiacos.cl\/en\/2021\/08\/02\/estudiante-mada-obtiene-primer-lugar-en-winter-school\/#article","isPartOf":{"@id":"https:\/\/fadeu.urantiacos.cl\/en\/2021\/08\/02\/estudiante-mada-obtiene-primer-lugar-en-winter-school\/"},"author":{"name":"manadmin","@id":"https:\/\/fadeu.urantiacos.cl\/en\/#\/schema\/person\/d203e2e84b1c40275eac77b3061a19a2"},"headline":"Estudiante MADA obtiene Primer Lugar en Winter School","datePublished":"2021-08-02T20:37:00+00:00","dateModified":"2023-09-07T20:39:26+00:00","mainEntityOfPage":{"@id":"https:\/\/fadeu.urantiacos.cl\/en\/2021\/08\/02\/estudiante-mada-obtiene-primer-lugar-en-winter-school\/"},"wordCount":274,"commentCount":0,"image":{"@id":"https:\/\/fadeu.urantiacos.cl\/en\/2021\/08\/02\/estudiante-mada-obtiene-primer-lugar-en-winter-school\/#primaryimage"},"thumbnailUrl":"https:\/\/fadeu.urantiacos.cl\/wp-content\/uploads\/2023\/09\/winter_mada.jpg","articleSection":["Sin categorizar"],"inLanguage":"en-US","potentialAction":[{"@type":"CommentAction","name":"Comment","target":["https:\/\/fadeu.urantiacos.cl\/en\/2021\/08\/02\/estudiante-mada-obtiene-primer-lugar-en-winter-school\/#respond"]}]},{"@type":"WebPage","@id":"https:\/\/fadeu.urantiacos.cl\/en\/2021\/08\/02\/estudiante-mada-obtiene-primer-lugar-en-winter-school\/","url":"https:\/\/fadeu.urantiacos.cl\/en\/2021\/08\/02\/estudiante-mada-obtiene-primer-lugar-en-winter-school\/","name":"Estudiante MADA obtiene Primer Lugar en Winter School - Facultad de Arquitectura, Dise\u00f1o y Estudios Urbanos","isPartOf":{"@id":"https:\/\/fadeu.urantiacos.cl\/en\/#website"},"primaryImageOfPage":{"@id":"https:\/\/fadeu.urantiacos.cl\/en\/2021\/08\/02\/estudiante-mada-obtiene-primer-lugar-en-winter-school\/#primaryimage"},"image":{"@id":"https:\/\/fadeu.urantiacos.cl\/en\/2021\/08\/02\/estudiante-mada-obtiene-primer-lugar-en-winter-school\/#primaryimage"},"thumbnailUrl":"https:\/\/fadeu.urantiacos.cl\/wp-content\/uploads\/2023\/09\/winter_mada.jpg","datePublished":"2021-08-02T20:37:00+00:00","dateModified":"2023-09-07T20:39:26+00:00","author":{"@id":"https:\/\/fadeu.urantiacos.cl\/en\/#\/schema\/person\/d203e2e84b1c40275eac77b3061a19a2"},"description":"La licenciada de Dise\u00f1o UC y estudiante del Magister en Dise\u00f1o Avanzado, MADA UC, Ignacia Lara, obtuvo el primer lugar junto a su equipo, compuesto por Rossella Monopoli (UNIBO), Kevin Pineda (TEC), y Alejandra Tovar (TEC), en la primera versi\u00f3n del evento Winter School, proyecto de cooperaci\u00f3n internacional desarrollado por la Universidad de Bolonia, el TEC de Monterrey y la Pontificia Universidad Cat\u00f3lica de Chile.","breadcrumb":{"@id":"https:\/\/fadeu.urantiacos.cl\/en\/2021\/08\/02\/estudiante-mada-obtiene-primer-lugar-en-winter-school\/#breadcrumb"},"inLanguage":"en-US","potentialAction":[{"@type":"ReadAction","target":["https:\/\/fadeu.urantiacos.cl\/en\/2021\/08\/02\/estudiante-mada-obtiene-primer-lugar-en-winter-school\/"]}]},{"@type":"ImageObject","inLanguage":"en-US","@id":"https:\/\/fadeu.urantiacos.cl\/en\/2021\/08\/02\/estudiante-mada-obtiene-primer-lugar-en-winter-school\/#primaryimage","url":"https:\/\/fadeu.urantiacos.cl\/wp-content\/uploads\/2023\/09\/winter_mada.jpg","contentUrl":"https:\/\/fadeu.urantiacos.cl\/wp-content\/uploads\/2023\/09\/winter_mada.jpg","width":350,"height":250},{"@type":"BreadcrumbList","@id":"https:\/\/fadeu.urantiacos.cl\/en\/2021\/08\/02\/estudiante-mada-obtiene-primer-lugar-en-winter-school\/#breadcrumb","itemListElement":[{"@type":"ListItem","position":1,"name":"Portada","item":"https:\/\/fadeu.urantiacos.cl\/en\/"},{"@type":"ListItem","position":2,"name":"Estudiante MADA obtiene Primer Lugar en Winter School"}]},{"@type":"WebSite","@id":"https:\/\/fadeu.urantiacos.cl\/en\/#website","url":"https:\/\/fadeu.urantiacos.cl\/en\/","name":"Facultad de Arquitectura, Dise\u00f1o y Estudios Urbanos","description":"Campus Lo Contador","potentialAction":[{"@type":"SearchAction","target":{"@type":"EntryPoint","urlTemplate":"https:\/\/fadeu.urantiacos.cl\/en\/?s={search_term_string}"},"query-input":{"@type":"PropertyValueSpecification","valueRequired":true,"valueName":"search_term_string"}}],"inLanguage":"en-US"},{"@type":"Person","@id":"https:\/\/fadeu.urantiacos.cl\/en\/#\/schema\/person\/d203e2e84b1c40275eac77b3061a19a2","name":"manadmin","image":{"@type":"ImageObject","inLanguage":"en-US","@id":"https:\/\/fadeu.urantiacos.cl\/en\/#\/schema\/person\/image\/","url":"https:\/\/secure.gravatar.com\/avatar\/4b1d8e3303b4a9d8968ac578947d8bc80d9aea359f388cdd4aac15cadc0e8447?s=96&d=mm&r=g","contentUrl":"https:\/\/secure.gravatar.com\/avatar\/4b1d8e3303b4a9d8968ac578947d8bc80d9aea359f388cdd4aac15cadc0e8447?s=96&d=mm&r=g","caption":"manadmin"},"sameAs":["https:\/\/fadeu.urantiacos.cl"]}]}},"_links":{"self":[{"href":"https:\/\/fadeu.urantiacos.cl\/en\/wp-json\/wp\/v2\/posts\/6551","targetHints":{"allow":["GET"]}}],"collection":[{"href":"https:\/\/fadeu.urantiacos.cl\/en\/wp-json\/wp\/v2\/posts"}],"about":[{"href":"https:\/\/fadeu.urantiacos.cl\/en\/wp-json\/wp\/v2\/types\/post"}],"author":[{"embeddable":true,"href":"https:\/\/fadeu.urantiacos.cl\/en\/wp-json\/wp\/v2\/users\/1"}],"replies":[{"embeddable":true,"href":"https:\/\/fadeu.urantiacos.cl\/en\/wp-json\/wp\/v2\/comments?post=6551"}],"version-history":[{"count":1,"href":"https:\/\/fadeu.urantiacos.cl\/en\/wp-json\/wp\/v2\/posts\/6551\/revisions"}],"predecessor-version":[{"id":6554,"href":"https:\/\/fadeu.urantiacos.cl\/en\/wp-json\/wp\/v2\/posts\/6551\/revisions\/6554"}],"wp:featuredmedia":[{"embeddable":true,"href":"https:\/\/fadeu.urantiacos.cl\/en\/wp-json\/wp\/v2\/media\/6552"}],"wp:attachment":[{"href":"https:\/\/fadeu.urantiacos.cl\/en\/wp-json\/wp\/v2\/media?parent=6551"}],"wp:term":[{"taxonomy":"category","embeddable":true,"href":"https:\/\/fadeu.urantiacos.cl\/en\/wp-json\/wp\/v2\/categories?post=6551"},{"taxonomy":"post_tag","embeddable":true,"href":"https:\/\/fadeu.urantiacos.cl\/en\/wp-json\/wp\/v2\/tags?post=6551"}],"curies":[{"name":"wp","href":"https:\/\/api.w.org\/{rel}","templated":true}]}}