{"id":6516,"date":"2021-08-13T17:17:00","date_gmt":"2021-08-13T20:17:00","guid":{"rendered":"https:\/\/fadeu.urantiacos.cl\/?p=6516"},"modified":"2023-09-07T17:19:32","modified_gmt":"2023-09-07T20:19:32","slug":"wcte2021-finaliza-con-exitosa-asistencia-y-participacion","status":"publish","type":"post","link":"https:\/\/fadeu.urantiacos.cl\/en\/2021\/08\/13\/wcte2021-finaliza-con-exitosa-asistencia-y-participacion\/","title":{"rendered":"WCTE2021 finaliza con exitosa asistencia y participaci\u00f3n"},"content":{"rendered":"\n<figure class=\"wp-block-image size-full\"><img decoding=\"async\" width=\"350\" height=\"250\" src=\"https:\/\/fadeu.urantiacos.cl\/wp-content\/uploads\/2023\/09\/WEB_WCTE2021.jpg\" alt=\"\" class=\"wp-image-6517\" srcset=\"https:\/\/fadeu.urantiacos.cl\/wp-content\/uploads\/2023\/09\/WEB_WCTE2021.jpg 350w, https:\/\/fadeu.urantiacos.cl\/wp-content\/uploads\/2023\/09\/WEB_WCTE2021-300x214.jpg 300w\" sizes=\"(max-width: 350px) 100vw, 350px\" \/><\/figure>\n\n\n\n<p>Al medio d\u00eda de ayer 12 de agosto finaliz\u00f3 la \u00faltima jornada de&nbsp;<a href=\"https:\/\/wcte2021.com\/\">WCTE2021<\/a>, conferencia internacional de ingenier\u00eda en madera realizada en nuestro pa\u00eds. A trav\u00e9s de una ceremonia realizada en el campus de arquitectura de la Universidad Cat\u00f3lica, y transmitida v\u00eda streaming, el Chair de esta edici\u00f3n, Juan Jos\u00e9 Ugarte, y el secretario ejecutivo, Sebasti\u00e1n C\u00e1rcamo, despidieron el evento.<\/p>\n\n\n\n<p>Esta es la primera vez que WCTE se realiza en Am\u00e9rica Latina, y da testimonio del esfuerzo que nuestro pa\u00eds ha aplicado en desarrollar esta industria a trav\u00e9s de s\u00f3lidas alianzas entre academia, gobierno, e industria. La construcci\u00f3n en madera ha ido en un estable crecimiento desde las primeras medidas de impulso tomadas en la d\u00e9cada pasada, y actualmente nuestro pa\u00eds alcanza un 20% de construcci\u00f3n con este material, siendo l\u00edder en la regi\u00f3n.<\/p>\n\n\n\n<p>Gracias a este avance sostenido, Chile fue seleccionado en 2016 para ser el pa\u00eds organizador de la edici\u00f3n 2020 del evento, pero la contingencia sanitaria oblig\u00f3 a reagendar en m\u00faltiples ocasiones hasta llegar al actual modo de realizaci\u00f3n, a trav\u00e9s de una plataforma digital donde los asistentes pudieron acceder a las tres salas virtuales donde fueron realizadas las diversas conferencias y mesas redondas.<\/p>\n\n\n\n<p>A esto se suman las presentaciones de los 700 papers que fueron entregados para la conferencia, contenido que estar\u00e1 disponible para los asistentes por los pr\u00f3ximos 30 d\u00edas en su&nbsp;<a href=\"https:\/\/wcte2021online.com\/login\/\">plataforma<\/a>&nbsp;y contienen diversas investigaciones alrededor de los siete t\u00f3picos de la conferencia, que incluyen: arquitectura en madera, ingenier\u00eda en madera, productos en madera y conexiones, impacto de la construcci\u00f3n, pol\u00edticas p\u00fablicas, educaci\u00f3n, y manejo de bosques sustentables, este \u00faltimo a\u00f1adido en esta edici\u00f3n.<\/p>\n\n\n\n<p>\u201cUno de los m\u00e1s grandes objetivos de este evento es dejar un impacto positivo en la regi\u00f3n de su realizaci\u00f3n\u201d, coment\u00f3 en la ceremonia de clausura Juan Jos\u00e9 Ugarte. Este impacto positivo se ha manifestado en la asistencia de cinco key speakers internacionales, adem\u00e1s de la realizaci\u00f3n extraordinaria de un Summit de Ministerios de Vivienda latinoamericanos, donde seis pa\u00edses compartieron sus proyectos y futuras acciones en materias de construcci\u00f3n, sustentabilidad y madera.<\/p>\n\n\n\n<p>Entre los speakers participantes estuvieron el arquitecto nacional Alejandro Aravena; el gerente de investigaci\u00f3n y desarrollo de la forestal neozelandesa Timberland, John Moore; la experta en pol\u00edticas p\u00fablicas de construcci\u00f3n sustentable Helen Goodland; y los acad\u00e9micos en arquitectura e ingenier\u00eda civil de la Universidad T\u00e9cnica de M\u00fcnich, Hermann Kaufmann y Stefan Winter.<\/p>\n\n\n\n<p>Se contabiliz\u00f3 alrededor de 600 asistentes al evento, provenientes de los cinco continentes, que pudieron participar gracias a la modalidad online. Junto con el cierre de la conferencia se dio la primera bienvenida a su pr\u00f3xima edici\u00f3n, a realizarse en Oslo, Noruega, en 2023; y se anunci\u00f3 el lugar de realizaci\u00f3n de la versi\u00f3n 2025, donde fue seleccionado Brisbane, Australia.<\/p>\n\n\n\n<p>\u201cLatinoam\u00e9rica se convertir\u00e1 en una plataforma de lanzamiento para la construcci\u00f3n con madera\u201d se\u00f1al\u00f3 Ugarte sobre el futuro de la industria en la regi\u00f3n. Por su parte, el Chair de la edici\u00f3n 2023, profesor Kjell Arne Malo declar\u00f3: \u201cCreemos que WCTE2021 va a tener un gran impacto en todas las futuras WCTE. (&#8230;) Hemos aprendido mucho sobre Chile en los \u00faltimos d\u00edas\u201d.<\/p>\n\n\n\n<figure class=\"wp-block-image size-full\"><img decoding=\"async\" width=\"677\" height=\"670\" src=\"https:\/\/fadeu.urantiacos.cl\/wp-content\/uploads\/2023\/09\/WCTE2021.jpg\" alt=\"\" class=\"wp-image-6518\" srcset=\"https:\/\/fadeu.urantiacos.cl\/wp-content\/uploads\/2023\/09\/WCTE2021.jpg 677w, https:\/\/fadeu.urantiacos.cl\/wp-content\/uploads\/2023\/09\/WCTE2021-300x297.jpg 300w\" sizes=\"(max-width: 677px) 100vw, 677px\" \/><\/figure>\n","protected":false},"excerpt":{"rendered":"<p>El evento cont\u00f3 con alrededor de 600 participantes de todo el mundo, y la presencia de expertos nacionales e internacionales a trav\u00e9s de una sofisticada plataforma online.<\/p>\n","protected":false},"author":1,"featured_media":6517,"comment_status":"open","ping_status":"open","sticky":false,"template":"","format":"standard","meta":{"_acf_changed":false,"footnotes":""},"categories":[1],"tags":[],"class_list":["post-6516","post","type-post","status-publish","format-standard","has-post-thumbnail","hentry","category-sin-categorizar"],"acf":[],"yoast_head":"<!-- This site is optimized with the Yoast SEO plugin v27.1.1 - https:\/\/yoast.com\/product\/yoast-seo-wordpress\/ -->\n<title>WCTE2021 finaliza con exitosa asistencia y participaci\u00f3n - Facultad de Arquitectura, Dise\u00f1o y Estudios Urbanos<\/title>\n<meta name=\"description\" content=\"El evento cont\u00f3 con alrededor de 600 participantes de todo el mundo, y la presencia de expertos nacionales e internacionales a trav\u00e9s de una sofisticada plataforma online.\" \/>\n<meta name=\"robots\" content=\"index, follow, max-snippet:-1, max-image-preview:large, max-video-preview:-1\" \/>\n<link rel=\"canonical\" href=\"https:\/\/fadeu.urantiacos.cl\/en\/2021\/08\/13\/wcte2021-finaliza-con-exitosa-asistencia-y-participacion\/\" \/>\n<meta property=\"og:locale\" content=\"en_US\" \/>\n<meta property=\"og:type\" content=\"article\" \/>\n<meta property=\"og:title\" content=\"WCTE2021 finaliza con exitosa asistencia y participaci\u00f3n - Facultad de Arquitectura, Dise\u00f1o y Estudios Urbanos\" \/>\n<meta property=\"og:description\" content=\"El evento cont\u00f3 con alrededor de 600 participantes de todo el mundo, y la presencia de expertos nacionales e internacionales a trav\u00e9s de una sofisticada plataforma online.\" \/>\n<meta property=\"og:url\" content=\"https:\/\/fadeu.urantiacos.cl\/en\/2021\/08\/13\/wcte2021-finaliza-con-exitosa-asistencia-y-participacion\/\" \/>\n<meta property=\"og:site_name\" content=\"Facultad de Arquitectura, Dise\u00f1o y Estudios Urbanos\" \/>\n<meta property=\"article:published_time\" content=\"2021-08-13T20:17:00+00:00\" \/>\n<meta property=\"article:modified_time\" content=\"2023-09-07T20:19:32+00:00\" \/>\n<meta property=\"og:image\" content=\"https:\/\/fadeu.urantiacos.cl\/wp-content\/uploads\/2023\/09\/WEB_WCTE2021.jpg\" \/>\n\t<meta property=\"og:image:width\" content=\"350\" \/>\n\t<meta property=\"og:image:height\" content=\"250\" \/>\n\t<meta property=\"og:image:type\" content=\"image\/jpeg\" \/>\n<meta name=\"author\" content=\"manadmin\" \/>\n<meta name=\"twitter:card\" content=\"summary_large_image\" \/>\n<meta name=\"twitter:label1\" content=\"Written by\" \/>\n\t<meta name=\"twitter:data1\" content=\"manadmin\" \/>\n\t<meta name=\"twitter:label2\" content=\"Est. reading time\" \/>\n\t<meta name=\"twitter:data2\" content=\"3 minutes\" \/>\n<script type=\"application\/ld+json\" class=\"yoast-schema-graph\">{\"@context\":\"https:\/\/schema.org\",\"@graph\":[{\"@type\":\"Article\",\"@id\":\"https:\/\/fadeu.urantiacos.cl\/en\/2021\/08\/13\/wcte2021-finaliza-con-exitosa-asistencia-y-participacion\/#article\",\"isPartOf\":{\"@id\":\"https:\/\/fadeu.urantiacos.cl\/en\/2021\/08\/13\/wcte2021-finaliza-con-exitosa-asistencia-y-participacion\/\"},\"author\":{\"name\":\"manadmin\",\"@id\":\"https:\/\/fadeu.urantiacos.cl\/en\/#\/schema\/person\/d203e2e84b1c40275eac77b3061a19a2\"},\"headline\":\"WCTE2021 finaliza con exitosa asistencia y participaci\u00f3n\",\"datePublished\":\"2021-08-13T20:17:00+00:00\",\"dateModified\":\"2023-09-07T20:19:32+00:00\",\"mainEntityOfPage\":{\"@id\":\"https:\/\/fadeu.urantiacos.cl\/en\/2021\/08\/13\/wcte2021-finaliza-con-exitosa-asistencia-y-participacion\/\"},\"wordCount\":576,\"commentCount\":0,\"image\":{\"@id\":\"https:\/\/fadeu.urantiacos.cl\/en\/2021\/08\/13\/wcte2021-finaliza-con-exitosa-asistencia-y-participacion\/#primaryimage\"},\"thumbnailUrl\":\"https:\/\/fadeu.urantiacos.cl\/wp-content\/uploads\/2023\/09\/WEB_WCTE2021.jpg\",\"articleSection\":[\"Sin categorizar\"],\"inLanguage\":\"en-US\",\"potentialAction\":[{\"@type\":\"CommentAction\",\"name\":\"Comment\",\"target\":[\"https:\/\/fadeu.urantiacos.cl\/en\/2021\/08\/13\/wcte2021-finaliza-con-exitosa-asistencia-y-participacion\/#respond\"]}]},{\"@type\":\"WebPage\",\"@id\":\"https:\/\/fadeu.urantiacos.cl\/en\/2021\/08\/13\/wcte2021-finaliza-con-exitosa-asistencia-y-participacion\/\",\"url\":\"https:\/\/fadeu.urantiacos.cl\/en\/2021\/08\/13\/wcte2021-finaliza-con-exitosa-asistencia-y-participacion\/\",\"name\":\"WCTE2021 finaliza con exitosa asistencia y participaci\u00f3n - Facultad de Arquitectura, Dise\u00f1o y Estudios Urbanos\",\"isPartOf\":{\"@id\":\"https:\/\/fadeu.urantiacos.cl\/en\/#website\"},\"primaryImageOfPage\":{\"@id\":\"https:\/\/fadeu.urantiacos.cl\/en\/2021\/08\/13\/wcte2021-finaliza-con-exitosa-asistencia-y-participacion\/#primaryimage\"},\"image\":{\"@id\":\"https:\/\/fadeu.urantiacos.cl\/en\/2021\/08\/13\/wcte2021-finaliza-con-exitosa-asistencia-y-participacion\/#primaryimage\"},\"thumbnailUrl\":\"https:\/\/fadeu.urantiacos.cl\/wp-content\/uploads\/2023\/09\/WEB_WCTE2021.jpg\",\"datePublished\":\"2021-08-13T20:17:00+00:00\",\"dateModified\":\"2023-09-07T20:19:32+00:00\",\"author\":{\"@id\":\"https:\/\/fadeu.urantiacos.cl\/en\/#\/schema\/person\/d203e2e84b1c40275eac77b3061a19a2\"},\"description\":\"El evento cont\u00f3 con alrededor de 600 participantes de todo el mundo, y la presencia de expertos nacionales e internacionales a trav\u00e9s de una sofisticada plataforma online.\",\"breadcrumb\":{\"@id\":\"https:\/\/fadeu.urantiacos.cl\/en\/2021\/08\/13\/wcte2021-finaliza-con-exitosa-asistencia-y-participacion\/#breadcrumb\"},\"inLanguage\":\"en-US\",\"potentialAction\":[{\"@type\":\"ReadAction\",\"target\":[\"https:\/\/fadeu.urantiacos.cl\/en\/2021\/08\/13\/wcte2021-finaliza-con-exitosa-asistencia-y-participacion\/\"]}]},{\"@type\":\"ImageObject\",\"inLanguage\":\"en-US\",\"@id\":\"https:\/\/fadeu.urantiacos.cl\/en\/2021\/08\/13\/wcte2021-finaliza-con-exitosa-asistencia-y-participacion\/#primaryimage\",\"url\":\"https:\/\/fadeu.urantiacos.cl\/wp-content\/uploads\/2023\/09\/WEB_WCTE2021.jpg\",\"contentUrl\":\"https:\/\/fadeu.urantiacos.cl\/wp-content\/uploads\/2023\/09\/WEB_WCTE2021.jpg\",\"width\":350,\"height\":250},{\"@type\":\"BreadcrumbList\",\"@id\":\"https:\/\/fadeu.urantiacos.cl\/en\/2021\/08\/13\/wcte2021-finaliza-con-exitosa-asistencia-y-participacion\/#breadcrumb\",\"itemListElement\":[{\"@type\":\"ListItem\",\"position\":1,\"name\":\"Portada\",\"item\":\"https:\/\/fadeu.urantiacos.cl\/en\/\"},{\"@type\":\"ListItem\",\"position\":2,\"name\":\"WCTE2021 finaliza con exitosa asistencia y participaci\u00f3n\"}]},{\"@type\":\"WebSite\",\"@id\":\"https:\/\/fadeu.urantiacos.cl\/en\/#website\",\"url\":\"https:\/\/fadeu.urantiacos.cl\/en\/\",\"name\":\"Facultad de Arquitectura, Dise\u00f1o y Estudios Urbanos\",\"description\":\"Campus Lo Contador\",\"potentialAction\":[{\"@type\":\"SearchAction\",\"target\":{\"@type\":\"EntryPoint\",\"urlTemplate\":\"https:\/\/fadeu.urantiacos.cl\/en\/?s={search_term_string}\"},\"query-input\":{\"@type\":\"PropertyValueSpecification\",\"valueRequired\":true,\"valueName\":\"search_term_string\"}}],\"inLanguage\":\"en-US\"},{\"@type\":\"Person\",\"@id\":\"https:\/\/fadeu.urantiacos.cl\/en\/#\/schema\/person\/d203e2e84b1c40275eac77b3061a19a2\",\"name\":\"manadmin\",\"image\":{\"@type\":\"ImageObject\",\"inLanguage\":\"en-US\",\"@id\":\"https:\/\/fadeu.urantiacos.cl\/en\/#\/schema\/person\/image\/\",\"url\":\"https:\/\/secure.gravatar.com\/avatar\/4b1d8e3303b4a9d8968ac578947d8bc80d9aea359f388cdd4aac15cadc0e8447?s=96&d=mm&r=g\",\"contentUrl\":\"https:\/\/secure.gravatar.com\/avatar\/4b1d8e3303b4a9d8968ac578947d8bc80d9aea359f388cdd4aac15cadc0e8447?s=96&d=mm&r=g\",\"caption\":\"manadmin\"},\"sameAs\":[\"https:\/\/fadeu.urantiacos.cl\"]}]}<\/script>\n<!-- \/ Yoast SEO plugin. -->","yoast_head_json":{"title":"WCTE2021 finaliza con exitosa asistencia y participaci\u00f3n - Facultad de Arquitectura, Dise\u00f1o y Estudios Urbanos","description":"El evento cont\u00f3 con alrededor de 600 participantes de todo el mundo, y la presencia de expertos nacionales e internacionales a trav\u00e9s de una sofisticada plataforma online.","robots":{"index":"index","follow":"follow","max-snippet":"max-snippet:-1","max-image-preview":"max-image-preview:large","max-video-preview":"max-video-preview:-1"},"canonical":"https:\/\/fadeu.urantiacos.cl\/en\/2021\/08\/13\/wcte2021-finaliza-con-exitosa-asistencia-y-participacion\/","og_locale":"en_US","og_type":"article","og_title":"WCTE2021 finaliza con exitosa asistencia y participaci\u00f3n - Facultad de Arquitectura, Dise\u00f1o y Estudios Urbanos","og_description":"El evento cont\u00f3 con alrededor de 600 participantes de todo el mundo, y la presencia de expertos nacionales e internacionales a trav\u00e9s de una sofisticada plataforma online.","og_url":"https:\/\/fadeu.urantiacos.cl\/en\/2021\/08\/13\/wcte2021-finaliza-con-exitosa-asistencia-y-participacion\/","og_site_name":"Facultad de Arquitectura, Dise\u00f1o y Estudios Urbanos","article_published_time":"2021-08-13T20:17:00+00:00","article_modified_time":"2023-09-07T20:19:32+00:00","og_image":[{"width":350,"height":250,"url":"https:\/\/fadeu.urantiacos.cl\/wp-content\/uploads\/2023\/09\/WEB_WCTE2021.jpg","type":"image\/jpeg"}],"author":"manadmin","twitter_card":"summary_large_image","twitter_misc":{"Written by":"manadmin","Est. reading time":"3 minutes"},"schema":{"@context":"https:\/\/schema.org","@graph":[{"@type":"Article","@id":"https:\/\/fadeu.urantiacos.cl\/en\/2021\/08\/13\/wcte2021-finaliza-con-exitosa-asistencia-y-participacion\/#article","isPartOf":{"@id":"https:\/\/fadeu.urantiacos.cl\/en\/2021\/08\/13\/wcte2021-finaliza-con-exitosa-asistencia-y-participacion\/"},"author":{"name":"manadmin","@id":"https:\/\/fadeu.urantiacos.cl\/en\/#\/schema\/person\/d203e2e84b1c40275eac77b3061a19a2"},"headline":"WCTE2021 finaliza con exitosa asistencia y participaci\u00f3n","datePublished":"2021-08-13T20:17:00+00:00","dateModified":"2023-09-07T20:19:32+00:00","mainEntityOfPage":{"@id":"https:\/\/fadeu.urantiacos.cl\/en\/2021\/08\/13\/wcte2021-finaliza-con-exitosa-asistencia-y-participacion\/"},"wordCount":576,"commentCount":0,"image":{"@id":"https:\/\/fadeu.urantiacos.cl\/en\/2021\/08\/13\/wcte2021-finaliza-con-exitosa-asistencia-y-participacion\/#primaryimage"},"thumbnailUrl":"https:\/\/fadeu.urantiacos.cl\/wp-content\/uploads\/2023\/09\/WEB_WCTE2021.jpg","articleSection":["Sin categorizar"],"inLanguage":"en-US","potentialAction":[{"@type":"CommentAction","name":"Comment","target":["https:\/\/fadeu.urantiacos.cl\/en\/2021\/08\/13\/wcte2021-finaliza-con-exitosa-asistencia-y-participacion\/#respond"]}]},{"@type":"WebPage","@id":"https:\/\/fadeu.urantiacos.cl\/en\/2021\/08\/13\/wcte2021-finaliza-con-exitosa-asistencia-y-participacion\/","url":"https:\/\/fadeu.urantiacos.cl\/en\/2021\/08\/13\/wcte2021-finaliza-con-exitosa-asistencia-y-participacion\/","name":"WCTE2021 finaliza con exitosa asistencia y participaci\u00f3n - Facultad de Arquitectura, Dise\u00f1o y Estudios Urbanos","isPartOf":{"@id":"https:\/\/fadeu.urantiacos.cl\/en\/#website"},"primaryImageOfPage":{"@id":"https:\/\/fadeu.urantiacos.cl\/en\/2021\/08\/13\/wcte2021-finaliza-con-exitosa-asistencia-y-participacion\/#primaryimage"},"image":{"@id":"https:\/\/fadeu.urantiacos.cl\/en\/2021\/08\/13\/wcte2021-finaliza-con-exitosa-asistencia-y-participacion\/#primaryimage"},"thumbnailUrl":"https:\/\/fadeu.urantiacos.cl\/wp-content\/uploads\/2023\/09\/WEB_WCTE2021.jpg","datePublished":"2021-08-13T20:17:00+00:00","dateModified":"2023-09-07T20:19:32+00:00","author":{"@id":"https:\/\/fadeu.urantiacos.cl\/en\/#\/schema\/person\/d203e2e84b1c40275eac77b3061a19a2"},"description":"El evento cont\u00f3 con alrededor de 600 participantes de todo el mundo, y la presencia de expertos nacionales e internacionales a trav\u00e9s de una sofisticada plataforma online.","breadcrumb":{"@id":"https:\/\/fadeu.urantiacos.cl\/en\/2021\/08\/13\/wcte2021-finaliza-con-exitosa-asistencia-y-participacion\/#breadcrumb"},"inLanguage":"en-US","potentialAction":[{"@type":"ReadAction","target":["https:\/\/fadeu.urantiacos.cl\/en\/2021\/08\/13\/wcte2021-finaliza-con-exitosa-asistencia-y-participacion\/"]}]},{"@type":"ImageObject","inLanguage":"en-US","@id":"https:\/\/fadeu.urantiacos.cl\/en\/2021\/08\/13\/wcte2021-finaliza-con-exitosa-asistencia-y-participacion\/#primaryimage","url":"https:\/\/fadeu.urantiacos.cl\/wp-content\/uploads\/2023\/09\/WEB_WCTE2021.jpg","contentUrl":"https:\/\/fadeu.urantiacos.cl\/wp-content\/uploads\/2023\/09\/WEB_WCTE2021.jpg","width":350,"height":250},{"@type":"BreadcrumbList","@id":"https:\/\/fadeu.urantiacos.cl\/en\/2021\/08\/13\/wcte2021-finaliza-con-exitosa-asistencia-y-participacion\/#breadcrumb","itemListElement":[{"@type":"ListItem","position":1,"name":"Portada","item":"https:\/\/fadeu.urantiacos.cl\/en\/"},{"@type":"ListItem","position":2,"name":"WCTE2021 finaliza con exitosa asistencia y participaci\u00f3n"}]},{"@type":"WebSite","@id":"https:\/\/fadeu.urantiacos.cl\/en\/#website","url":"https:\/\/fadeu.urantiacos.cl\/en\/","name":"Facultad de Arquitectura, Dise\u00f1o y Estudios Urbanos","description":"Campus Lo Contador","potentialAction":[{"@type":"SearchAction","target":{"@type":"EntryPoint","urlTemplate":"https:\/\/fadeu.urantiacos.cl\/en\/?s={search_term_string}"},"query-input":{"@type":"PropertyValueSpecification","valueRequired":true,"valueName":"search_term_string"}}],"inLanguage":"en-US"},{"@type":"Person","@id":"https:\/\/fadeu.urantiacos.cl\/en\/#\/schema\/person\/d203e2e84b1c40275eac77b3061a19a2","name":"manadmin","image":{"@type":"ImageObject","inLanguage":"en-US","@id":"https:\/\/fadeu.urantiacos.cl\/en\/#\/schema\/person\/image\/","url":"https:\/\/secure.gravatar.com\/avatar\/4b1d8e3303b4a9d8968ac578947d8bc80d9aea359f388cdd4aac15cadc0e8447?s=96&d=mm&r=g","contentUrl":"https:\/\/secure.gravatar.com\/avatar\/4b1d8e3303b4a9d8968ac578947d8bc80d9aea359f388cdd4aac15cadc0e8447?s=96&d=mm&r=g","caption":"manadmin"},"sameAs":["https:\/\/fadeu.urantiacos.cl"]}]}},"_links":{"self":[{"href":"https:\/\/fadeu.urantiacos.cl\/en\/wp-json\/wp\/v2\/posts\/6516","targetHints":{"allow":["GET"]}}],"collection":[{"href":"https:\/\/fadeu.urantiacos.cl\/en\/wp-json\/wp\/v2\/posts"}],"about":[{"href":"https:\/\/fadeu.urantiacos.cl\/en\/wp-json\/wp\/v2\/types\/post"}],"author":[{"embeddable":true,"href":"https:\/\/fadeu.urantiacos.cl\/en\/wp-json\/wp\/v2\/users\/1"}],"replies":[{"embeddable":true,"href":"https:\/\/fadeu.urantiacos.cl\/en\/wp-json\/wp\/v2\/comments?post=6516"}],"version-history":[{"count":1,"href":"https:\/\/fadeu.urantiacos.cl\/en\/wp-json\/wp\/v2\/posts\/6516\/revisions"}],"predecessor-version":[{"id":6519,"href":"https:\/\/fadeu.urantiacos.cl\/en\/wp-json\/wp\/v2\/posts\/6516\/revisions\/6519"}],"wp:featuredmedia":[{"embeddable":true,"href":"https:\/\/fadeu.urantiacos.cl\/en\/wp-json\/wp\/v2\/media\/6517"}],"wp:attachment":[{"href":"https:\/\/fadeu.urantiacos.cl\/en\/wp-json\/wp\/v2\/media?parent=6516"}],"wp:term":[{"taxonomy":"category","embeddable":true,"href":"https:\/\/fadeu.urantiacos.cl\/en\/wp-json\/wp\/v2\/categories?post=6516"},{"taxonomy":"post_tag","embeddable":true,"href":"https:\/\/fadeu.urantiacos.cl\/en\/wp-json\/wp\/v2\/tags?post=6516"}],"curies":[{"name":"wp","href":"https:\/\/api.w.org\/{rel}","templated":true}]}}