{"id":6512,"date":"2021-08-15T17:13:00","date_gmt":"2021-08-15T20:13:00","guid":{"rendered":"https:\/\/fadeu.urantiacos.cl\/?p=6512"},"modified":"2023-11-14T12:01:07","modified_gmt":"2023-11-14T15:01:07","slug":"equipo-de-arquitectos-uc-obtiene-el-cuarto-lugar-en-el-concurso-para-el-museo-novecento-en-milan","status":"publish","type":"post","link":"https:\/\/fadeu.urantiacos.cl\/en\/2021\/08\/15\/equipo-de-arquitectos-uc-obtiene-el-cuarto-lugar-en-el-concurso-para-el-museo-novecento-en-milan\/","title":{"rendered":"Equipo de arquitectos UC obtiene el cuarto lugar en el concurso para el Museo Novecento en Mil\u00e1n"},"content":{"rendered":"\n<p>El Museo del Novecento, ubicado dentro del Palazzo dell&#8217;Arengario en la Piazza del Duomo en Mil\u00e1n, alberga una de las m\u00e1s grandes colecciones de arte italiano del siglo XX, presentando m\u00e1s de cuatro mil obras simult\u00e1neas entre exposiciones permanentes e itinerantes. El concurso busc\u00f3 la reconversi\u00f3n e incorporaci\u00f3n del edificio &#8220;Segundo Arengario&#8221; en el itinerario expositivo del museo con el fin de crear un \u00fanico complejo \u2014de alto est\u00e1ndar internacional\u2014 dedicado al arte moderno y contempor\u00e1neo.<\/p>\n\n\n\n<p>Con m\u00e1s de 150 propuestas y una selecci\u00f3n de 10 proyectos en la segunda etapa, el equipo liderado por Jocelyn Froimovich y Urtzi Grau obtuvo el cuarto lugar del concurso. Colaboraron en este proyecto los arquitectos UC Amparo Henr\u00edquez, Camilo Meneses, Juan Oyarz\u00fan, Mat\u00edas Qualitz, Nicole Rezepka, Sof\u00eda Valenzuela y Agustina Wetzig.<br><br><strong>Sobre la propuesta_<\/strong><br>La intervenci\u00f3n consiste en la reestructuraci\u00f3n interior del edificio, vaci\u00e1ndolo para posicionar un nuevo habit\u00e1culo de madera laminada y acero que albergue las distintas salas, y que, a modo de caja de luz, flote sobre un anfiteatro a nivel de subsuelo como continuaci\u00f3n de la calle. Esto, sumado a una serie de conexiones a\u00e9reas y subterr\u00e1neas que dan fluidez y dinamismo a sus recorridos. Existi\u00f3 un especial cuidado por parte de los arquitectos en proponer un sistema que rescatara las fachadas, utilizando la intervenci\u00f3n como refuerzo para su estructura, dejando as\u00ed todos los servicios y programas de asistencia en un peque\u00f1o edificio lateral preexistente.<\/p>\n\n\n\n<p>M\u00e1s informaci\u00f3n sobre el concurso y proyectos ganadores en el siguiente&nbsp;<a href=\"https:\/\/www.novecentopiucento.concorrimi.it\/\" target=\"_blank\" rel=\"noreferrer noopener\">link<\/a>&nbsp;<\/p>\n\n\n\n<figure class=\"wp-block-image size-full\"><img decoding=\"async\" width=\"819\" height=\"768\" src=\"https:\/\/fadeu.urantiacos.cl\/wp-content\/uploads\/2023\/09\/Laminas_Concurso_11.08.2021.jpg\" alt=\"\" class=\"wp-image-6514\" srcset=\"https:\/\/fadeu.urantiacos.cl\/wp-content\/uploads\/2023\/09\/Laminas_Concurso_11.08.2021.jpg 819w, https:\/\/fadeu.urantiacos.cl\/wp-content\/uploads\/2023\/09\/Laminas_Concurso_11.08.2021-300x281.jpg 300w, https:\/\/fadeu.urantiacos.cl\/wp-content\/uploads\/2023\/09\/Laminas_Concurso_11.08.2021-768x720.jpg 768w\" sizes=\"(max-width: 819px) 100vw, 819px\" \/><figcaption class=\"wp-element-caption\">La\u0301minas Concurso<\/figcaption><\/figure>\n\n\n\n<p>L\u00e1minas del proyecto. Cortes\u00eda Camilo Meneses<\/p>\n\n\n\n<p>Noticias<\/p>\n\n\n\n<p>Contacto:&nbsp;<a href=\"mailto:redesarq@uc.cl\">redesarq@uc.cl<\/a><br>www.arquitectura.uc.cl<\/p>\n","protected":false},"excerpt":{"rendered":"<p>Liderados por la profesora ARQ UC Jocelyn Froimovich y el arquitecto Urtzi Grau, el equipo obtuvo el cuarto lugar en el concurso internacional para la construcci\u00f3n y remodelaci\u00f3n del Museo Novecento en la Piazza del Duomo en Mil\u00e1n. Entre los integrantes est\u00e1n el profesor ARQ UC Camilo Meneses y los ayudantes ARQ UC Amparo Henriquez, Mat\u00edas Qualitz y Agustina Wetzig.<\/p>\n","protected":false},"author":1,"featured_media":6513,"comment_status":"open","ping_status":"open","sticky":false,"template":"","format":"standard","meta":{"_acf_changed":false,"footnotes":""},"categories":[1],"tags":[],"class_list":["post-6512","post","type-post","status-publish","format-standard","has-post-thumbnail","hentry","category-sin-categorizar"],"acf":[],"yoast_head":"<!-- This site is optimized with the Yoast SEO plugin v27.1.1 - https:\/\/yoast.com\/product\/yoast-seo-wordpress\/ -->\n<title>Equipo de arquitectos UC obtiene el cuarto lugar en el concurso para el Museo Novecento en Mil\u00e1n - Facultad de Arquitectura, Dise\u00f1o y Estudios Urbanos<\/title>\n<meta name=\"description\" content=\"Liderados por la profesora ARQ UC Jocelyn Froimovich y el arquitecto Urtzi Grau, el equipo obtuvo el cuarto lugar en el concurso internacional para la construcci\u00f3n y remodelaci\u00f3n del Museo Novecento en la Piazza del Duomo en Mil\u00e1n. Entre los integrantes est\u00e1n el profesor ARQ UC Camilo Meneses y los ayudantes ARQ UC Amparo Henriquez, Mat\u00edas Qualitz y Agustina Wetzig.\" \/>\n<meta name=\"robots\" content=\"index, follow, max-snippet:-1, max-image-preview:large, max-video-preview:-1\" \/>\n<link rel=\"canonical\" href=\"https:\/\/fadeu.urantiacos.cl\/en\/2021\/08\/15\/equipo-de-arquitectos-uc-obtiene-el-cuarto-lugar-en-el-concurso-para-el-museo-novecento-en-milan\/\" \/>\n<meta property=\"og:locale\" content=\"en_US\" \/>\n<meta property=\"og:type\" content=\"article\" \/>\n<meta property=\"og:title\" content=\"Equipo de arquitectos UC obtiene el cuarto lugar en el concurso para el Museo Novecento en Mil\u00e1n - Facultad de Arquitectura, Dise\u00f1o y Estudios Urbanos\" \/>\n<meta property=\"og:description\" content=\"Liderados por la profesora ARQ UC Jocelyn Froimovich y el arquitecto Urtzi Grau, el equipo obtuvo el cuarto lugar en el concurso internacional para la construcci\u00f3n y remodelaci\u00f3n del Museo Novecento en la Piazza del Duomo en Mil\u00e1n. Entre los integrantes est\u00e1n el profesor ARQ UC Camilo Meneses y los ayudantes ARQ UC Amparo Henriquez, Mat\u00edas Qualitz y Agustina Wetzig.\" \/>\n<meta property=\"og:url\" content=\"https:\/\/fadeu.urantiacos.cl\/en\/2021\/08\/15\/equipo-de-arquitectos-uc-obtiene-el-cuarto-lugar-en-el-concurso-para-el-museo-novecento-en-milan\/\" \/>\n<meta property=\"og:site_name\" content=\"Facultad de Arquitectura, Dise\u00f1o y Estudios Urbanos\" \/>\n<meta property=\"article:published_time\" content=\"2021-08-15T20:13:00+00:00\" \/>\n<meta property=\"article:modified_time\" content=\"2023-11-14T15:01:07+00:00\" \/>\n<meta property=\"og:image\" content=\"https:\/\/fadeu.urantiacos.cl\/wp-content\/uploads\/2023\/09\/web_Laminas_Concurso_11.08.2021.jpg\" \/>\n\t<meta property=\"og:image:width\" content=\"350\" \/>\n\t<meta property=\"og:image:height\" content=\"250\" \/>\n\t<meta property=\"og:image:type\" content=\"image\/jpeg\" \/>\n<meta name=\"author\" content=\"manadmin\" \/>\n<meta name=\"twitter:card\" content=\"summary_large_image\" \/>\n<meta name=\"twitter:label1\" content=\"Written by\" \/>\n\t<meta name=\"twitter:data1\" content=\"manadmin\" \/>\n<script type=\"application\/ld+json\" class=\"yoast-schema-graph\">{\"@context\":\"https:\/\/schema.org\",\"@graph\":[{\"@type\":\"Article\",\"@id\":\"https:\/\/fadeu.urantiacos.cl\/en\/2021\/08\/15\/equipo-de-arquitectos-uc-obtiene-el-cuarto-lugar-en-el-concurso-para-el-museo-novecento-en-milan\/#article\",\"isPartOf\":{\"@id\":\"https:\/\/fadeu.urantiacos.cl\/en\/2021\/08\/15\/equipo-de-arquitectos-uc-obtiene-el-cuarto-lugar-en-el-concurso-para-el-museo-novecento-en-milan\/\"},\"author\":{\"name\":\"manadmin\",\"@id\":\"https:\/\/fadeu.urantiacos.cl\/en\/#\/schema\/person\/d203e2e84b1c40275eac77b3061a19a2\"},\"headline\":\"Equipo de arquitectos UC obtiene el cuarto lugar en el concurso para el Museo Novecento en Mil\u00e1n\",\"datePublished\":\"2021-08-15T20:13:00+00:00\",\"dateModified\":\"2023-11-14T15:01:07+00:00\",\"mainEntityOfPage\":{\"@id\":\"https:\/\/fadeu.urantiacos.cl\/en\/2021\/08\/15\/equipo-de-arquitectos-uc-obtiene-el-cuarto-lugar-en-el-concurso-para-el-museo-novecento-en-milan\/\"},\"wordCount\":311,\"commentCount\":0,\"image\":{\"@id\":\"https:\/\/fadeu.urantiacos.cl\/en\/2021\/08\/15\/equipo-de-arquitectos-uc-obtiene-el-cuarto-lugar-en-el-concurso-para-el-museo-novecento-en-milan\/#primaryimage\"},\"thumbnailUrl\":\"https:\/\/fadeu.urantiacos.cl\/wp-content\/uploads\/2023\/09\/web_Laminas_Concurso_11.08.2021.jpg\",\"articleSection\":[\"Sin categorizar\"],\"inLanguage\":\"en-US\",\"potentialAction\":[{\"@type\":\"CommentAction\",\"name\":\"Comment\",\"target\":[\"https:\/\/fadeu.urantiacos.cl\/en\/2021\/08\/15\/equipo-de-arquitectos-uc-obtiene-el-cuarto-lugar-en-el-concurso-para-el-museo-novecento-en-milan\/#respond\"]}]},{\"@type\":\"WebPage\",\"@id\":\"https:\/\/fadeu.urantiacos.cl\/en\/2021\/08\/15\/equipo-de-arquitectos-uc-obtiene-el-cuarto-lugar-en-el-concurso-para-el-museo-novecento-en-milan\/\",\"url\":\"https:\/\/fadeu.urantiacos.cl\/en\/2021\/08\/15\/equipo-de-arquitectos-uc-obtiene-el-cuarto-lugar-en-el-concurso-para-el-museo-novecento-en-milan\/\",\"name\":\"Equipo de arquitectos UC obtiene el cuarto lugar en el concurso para el Museo Novecento en Mil\u00e1n - Facultad de Arquitectura, Dise\u00f1o y Estudios Urbanos\",\"isPartOf\":{\"@id\":\"https:\/\/fadeu.urantiacos.cl\/en\/#website\"},\"primaryImageOfPage\":{\"@id\":\"https:\/\/fadeu.urantiacos.cl\/en\/2021\/08\/15\/equipo-de-arquitectos-uc-obtiene-el-cuarto-lugar-en-el-concurso-para-el-museo-novecento-en-milan\/#primaryimage\"},\"image\":{\"@id\":\"https:\/\/fadeu.urantiacos.cl\/en\/2021\/08\/15\/equipo-de-arquitectos-uc-obtiene-el-cuarto-lugar-en-el-concurso-para-el-museo-novecento-en-milan\/#primaryimage\"},\"thumbnailUrl\":\"https:\/\/fadeu.urantiacos.cl\/wp-content\/uploads\/2023\/09\/web_Laminas_Concurso_11.08.2021.jpg\",\"datePublished\":\"2021-08-15T20:13:00+00:00\",\"dateModified\":\"2023-11-14T15:01:07+00:00\",\"author\":{\"@id\":\"https:\/\/fadeu.urantiacos.cl\/en\/#\/schema\/person\/d203e2e84b1c40275eac77b3061a19a2\"},\"description\":\"Liderados por la profesora ARQ UC Jocelyn Froimovich y el arquitecto Urtzi Grau, el equipo obtuvo el cuarto lugar en el concurso internacional para la construcci\u00f3n y remodelaci\u00f3n del Museo Novecento en la Piazza del Duomo en Mil\u00e1n. Entre los integrantes est\u00e1n el profesor ARQ UC Camilo Meneses y los ayudantes ARQ UC Amparo Henriquez, Mat\u00edas Qualitz y Agustina Wetzig.\",\"breadcrumb\":{\"@id\":\"https:\/\/fadeu.urantiacos.cl\/en\/2021\/08\/15\/equipo-de-arquitectos-uc-obtiene-el-cuarto-lugar-en-el-concurso-para-el-museo-novecento-en-milan\/#breadcrumb\"},\"inLanguage\":\"en-US\",\"potentialAction\":[{\"@type\":\"ReadAction\",\"target\":[\"https:\/\/fadeu.urantiacos.cl\/en\/2021\/08\/15\/equipo-de-arquitectos-uc-obtiene-el-cuarto-lugar-en-el-concurso-para-el-museo-novecento-en-milan\/\"]}]},{\"@type\":\"ImageObject\",\"inLanguage\":\"en-US\",\"@id\":\"https:\/\/fadeu.urantiacos.cl\/en\/2021\/08\/15\/equipo-de-arquitectos-uc-obtiene-el-cuarto-lugar-en-el-concurso-para-el-museo-novecento-en-milan\/#primaryimage\",\"url\":\"https:\/\/fadeu.urantiacos.cl\/wp-content\/uploads\/2023\/09\/web_Laminas_Concurso_11.08.2021.jpg\",\"contentUrl\":\"https:\/\/fadeu.urantiacos.cl\/wp-content\/uploads\/2023\/09\/web_Laminas_Concurso_11.08.2021.jpg\",\"width\":350,\"height\":250},{\"@type\":\"BreadcrumbList\",\"@id\":\"https:\/\/fadeu.urantiacos.cl\/en\/2021\/08\/15\/equipo-de-arquitectos-uc-obtiene-el-cuarto-lugar-en-el-concurso-para-el-museo-novecento-en-milan\/#breadcrumb\",\"itemListElement\":[{\"@type\":\"ListItem\",\"position\":1,\"name\":\"Portada\",\"item\":\"https:\/\/fadeu.urantiacos.cl\/en\/\"},{\"@type\":\"ListItem\",\"position\":2,\"name\":\"Equipo de arquitectos UC obtiene el cuarto lugar en el concurso para el Museo Novecento en Mil\u00e1n\"}]},{\"@type\":\"WebSite\",\"@id\":\"https:\/\/fadeu.urantiacos.cl\/en\/#website\",\"url\":\"https:\/\/fadeu.urantiacos.cl\/en\/\",\"name\":\"Facultad de Arquitectura, Dise\u00f1o y Estudios Urbanos\",\"description\":\"Campus Lo Contador\",\"potentialAction\":[{\"@type\":\"SearchAction\",\"target\":{\"@type\":\"EntryPoint\",\"urlTemplate\":\"https:\/\/fadeu.urantiacos.cl\/en\/?s={search_term_string}\"},\"query-input\":{\"@type\":\"PropertyValueSpecification\",\"valueRequired\":true,\"valueName\":\"search_term_string\"}}],\"inLanguage\":\"en-US\"},{\"@type\":\"Person\",\"@id\":\"https:\/\/fadeu.urantiacos.cl\/en\/#\/schema\/person\/d203e2e84b1c40275eac77b3061a19a2\",\"name\":\"manadmin\",\"image\":{\"@type\":\"ImageObject\",\"inLanguage\":\"en-US\",\"@id\":\"https:\/\/fadeu.urantiacos.cl\/en\/#\/schema\/person\/image\/\",\"url\":\"https:\/\/secure.gravatar.com\/avatar\/4b1d8e3303b4a9d8968ac578947d8bc80d9aea359f388cdd4aac15cadc0e8447?s=96&d=mm&r=g\",\"contentUrl\":\"https:\/\/secure.gravatar.com\/avatar\/4b1d8e3303b4a9d8968ac578947d8bc80d9aea359f388cdd4aac15cadc0e8447?s=96&d=mm&r=g\",\"caption\":\"manadmin\"},\"sameAs\":[\"https:\/\/fadeu.urantiacos.cl\"]}]}<\/script>\n<!-- \/ Yoast SEO plugin. -->","yoast_head_json":{"title":"Equipo de arquitectos UC obtiene el cuarto lugar en el concurso para el Museo Novecento en Mil\u00e1n - Facultad de Arquitectura, Dise\u00f1o y Estudios Urbanos","description":"Liderados por la profesora ARQ UC Jocelyn Froimovich y el arquitecto Urtzi Grau, el equipo obtuvo el cuarto lugar en el concurso internacional para la construcci\u00f3n y remodelaci\u00f3n del Museo Novecento en la Piazza del Duomo en Mil\u00e1n. Entre los integrantes est\u00e1n el profesor ARQ UC Camilo Meneses y los ayudantes ARQ UC Amparo Henriquez, Mat\u00edas Qualitz y Agustina Wetzig.","robots":{"index":"index","follow":"follow","max-snippet":"max-snippet:-1","max-image-preview":"max-image-preview:large","max-video-preview":"max-video-preview:-1"},"canonical":"https:\/\/fadeu.urantiacos.cl\/en\/2021\/08\/15\/equipo-de-arquitectos-uc-obtiene-el-cuarto-lugar-en-el-concurso-para-el-museo-novecento-en-milan\/","og_locale":"en_US","og_type":"article","og_title":"Equipo de arquitectos UC obtiene el cuarto lugar en el concurso para el Museo Novecento en Mil\u00e1n - Facultad de Arquitectura, Dise\u00f1o y Estudios Urbanos","og_description":"Liderados por la profesora ARQ UC Jocelyn Froimovich y el arquitecto Urtzi Grau, el equipo obtuvo el cuarto lugar en el concurso internacional para la construcci\u00f3n y remodelaci\u00f3n del Museo Novecento en la Piazza del Duomo en Mil\u00e1n. Entre los integrantes est\u00e1n el profesor ARQ UC Camilo Meneses y los ayudantes ARQ UC Amparo Henriquez, Mat\u00edas Qualitz y Agustina Wetzig.","og_url":"https:\/\/fadeu.urantiacos.cl\/en\/2021\/08\/15\/equipo-de-arquitectos-uc-obtiene-el-cuarto-lugar-en-el-concurso-para-el-museo-novecento-en-milan\/","og_site_name":"Facultad de Arquitectura, Dise\u00f1o y Estudios Urbanos","article_published_time":"2021-08-15T20:13:00+00:00","article_modified_time":"2023-11-14T15:01:07+00:00","og_image":[{"width":350,"height":250,"url":"https:\/\/fadeu.urantiacos.cl\/wp-content\/uploads\/2023\/09\/web_Laminas_Concurso_11.08.2021.jpg","type":"image\/jpeg"}],"author":"manadmin","twitter_card":"summary_large_image","twitter_misc":{"Written by":"manadmin"},"schema":{"@context":"https:\/\/schema.org","@graph":[{"@type":"Article","@id":"https:\/\/fadeu.urantiacos.cl\/en\/2021\/08\/15\/equipo-de-arquitectos-uc-obtiene-el-cuarto-lugar-en-el-concurso-para-el-museo-novecento-en-milan\/#article","isPartOf":{"@id":"https:\/\/fadeu.urantiacos.cl\/en\/2021\/08\/15\/equipo-de-arquitectos-uc-obtiene-el-cuarto-lugar-en-el-concurso-para-el-museo-novecento-en-milan\/"},"author":{"name":"manadmin","@id":"https:\/\/fadeu.urantiacos.cl\/en\/#\/schema\/person\/d203e2e84b1c40275eac77b3061a19a2"},"headline":"Equipo de arquitectos UC obtiene el cuarto lugar en el concurso para el Museo Novecento en Mil\u00e1n","datePublished":"2021-08-15T20:13:00+00:00","dateModified":"2023-11-14T15:01:07+00:00","mainEntityOfPage":{"@id":"https:\/\/fadeu.urantiacos.cl\/en\/2021\/08\/15\/equipo-de-arquitectos-uc-obtiene-el-cuarto-lugar-en-el-concurso-para-el-museo-novecento-en-milan\/"},"wordCount":311,"commentCount":0,"image":{"@id":"https:\/\/fadeu.urantiacos.cl\/en\/2021\/08\/15\/equipo-de-arquitectos-uc-obtiene-el-cuarto-lugar-en-el-concurso-para-el-museo-novecento-en-milan\/#primaryimage"},"thumbnailUrl":"https:\/\/fadeu.urantiacos.cl\/wp-content\/uploads\/2023\/09\/web_Laminas_Concurso_11.08.2021.jpg","articleSection":["Sin categorizar"],"inLanguage":"en-US","potentialAction":[{"@type":"CommentAction","name":"Comment","target":["https:\/\/fadeu.urantiacos.cl\/en\/2021\/08\/15\/equipo-de-arquitectos-uc-obtiene-el-cuarto-lugar-en-el-concurso-para-el-museo-novecento-en-milan\/#respond"]}]},{"@type":"WebPage","@id":"https:\/\/fadeu.urantiacos.cl\/en\/2021\/08\/15\/equipo-de-arquitectos-uc-obtiene-el-cuarto-lugar-en-el-concurso-para-el-museo-novecento-en-milan\/","url":"https:\/\/fadeu.urantiacos.cl\/en\/2021\/08\/15\/equipo-de-arquitectos-uc-obtiene-el-cuarto-lugar-en-el-concurso-para-el-museo-novecento-en-milan\/","name":"Equipo de arquitectos UC obtiene el cuarto lugar en el concurso para el Museo Novecento en Mil\u00e1n - Facultad de Arquitectura, Dise\u00f1o y Estudios Urbanos","isPartOf":{"@id":"https:\/\/fadeu.urantiacos.cl\/en\/#website"},"primaryImageOfPage":{"@id":"https:\/\/fadeu.urantiacos.cl\/en\/2021\/08\/15\/equipo-de-arquitectos-uc-obtiene-el-cuarto-lugar-en-el-concurso-para-el-museo-novecento-en-milan\/#primaryimage"},"image":{"@id":"https:\/\/fadeu.urantiacos.cl\/en\/2021\/08\/15\/equipo-de-arquitectos-uc-obtiene-el-cuarto-lugar-en-el-concurso-para-el-museo-novecento-en-milan\/#primaryimage"},"thumbnailUrl":"https:\/\/fadeu.urantiacos.cl\/wp-content\/uploads\/2023\/09\/web_Laminas_Concurso_11.08.2021.jpg","datePublished":"2021-08-15T20:13:00+00:00","dateModified":"2023-11-14T15:01:07+00:00","author":{"@id":"https:\/\/fadeu.urantiacos.cl\/en\/#\/schema\/person\/d203e2e84b1c40275eac77b3061a19a2"},"description":"Liderados por la profesora ARQ UC Jocelyn Froimovich y el arquitecto Urtzi Grau, el equipo obtuvo el cuarto lugar en el concurso internacional para la construcci\u00f3n y remodelaci\u00f3n del Museo Novecento en la Piazza del Duomo en Mil\u00e1n. Entre los integrantes est\u00e1n el profesor ARQ UC Camilo Meneses y los ayudantes ARQ UC Amparo Henriquez, Mat\u00edas Qualitz y Agustina Wetzig.","breadcrumb":{"@id":"https:\/\/fadeu.urantiacos.cl\/en\/2021\/08\/15\/equipo-de-arquitectos-uc-obtiene-el-cuarto-lugar-en-el-concurso-para-el-museo-novecento-en-milan\/#breadcrumb"},"inLanguage":"en-US","potentialAction":[{"@type":"ReadAction","target":["https:\/\/fadeu.urantiacos.cl\/en\/2021\/08\/15\/equipo-de-arquitectos-uc-obtiene-el-cuarto-lugar-en-el-concurso-para-el-museo-novecento-en-milan\/"]}]},{"@type":"ImageObject","inLanguage":"en-US","@id":"https:\/\/fadeu.urantiacos.cl\/en\/2021\/08\/15\/equipo-de-arquitectos-uc-obtiene-el-cuarto-lugar-en-el-concurso-para-el-museo-novecento-en-milan\/#primaryimage","url":"https:\/\/fadeu.urantiacos.cl\/wp-content\/uploads\/2023\/09\/web_Laminas_Concurso_11.08.2021.jpg","contentUrl":"https:\/\/fadeu.urantiacos.cl\/wp-content\/uploads\/2023\/09\/web_Laminas_Concurso_11.08.2021.jpg","width":350,"height":250},{"@type":"BreadcrumbList","@id":"https:\/\/fadeu.urantiacos.cl\/en\/2021\/08\/15\/equipo-de-arquitectos-uc-obtiene-el-cuarto-lugar-en-el-concurso-para-el-museo-novecento-en-milan\/#breadcrumb","itemListElement":[{"@type":"ListItem","position":1,"name":"Portada","item":"https:\/\/fadeu.urantiacos.cl\/en\/"},{"@type":"ListItem","position":2,"name":"Equipo de arquitectos UC obtiene el cuarto lugar en el concurso para el Museo Novecento en Mil\u00e1n"}]},{"@type":"WebSite","@id":"https:\/\/fadeu.urantiacos.cl\/en\/#website","url":"https:\/\/fadeu.urantiacos.cl\/en\/","name":"Facultad de Arquitectura, Dise\u00f1o y Estudios Urbanos","description":"Campus Lo Contador","potentialAction":[{"@type":"SearchAction","target":{"@type":"EntryPoint","urlTemplate":"https:\/\/fadeu.urantiacos.cl\/en\/?s={search_term_string}"},"query-input":{"@type":"PropertyValueSpecification","valueRequired":true,"valueName":"search_term_string"}}],"inLanguage":"en-US"},{"@type":"Person","@id":"https:\/\/fadeu.urantiacos.cl\/en\/#\/schema\/person\/d203e2e84b1c40275eac77b3061a19a2","name":"manadmin","image":{"@type":"ImageObject","inLanguage":"en-US","@id":"https:\/\/fadeu.urantiacos.cl\/en\/#\/schema\/person\/image\/","url":"https:\/\/secure.gravatar.com\/avatar\/4b1d8e3303b4a9d8968ac578947d8bc80d9aea359f388cdd4aac15cadc0e8447?s=96&d=mm&r=g","contentUrl":"https:\/\/secure.gravatar.com\/avatar\/4b1d8e3303b4a9d8968ac578947d8bc80d9aea359f388cdd4aac15cadc0e8447?s=96&d=mm&r=g","caption":"manadmin"},"sameAs":["https:\/\/fadeu.urantiacos.cl"]}]}},"_links":{"self":[{"href":"https:\/\/fadeu.urantiacos.cl\/en\/wp-json\/wp\/v2\/posts\/6512","targetHints":{"allow":["GET"]}}],"collection":[{"href":"https:\/\/fadeu.urantiacos.cl\/en\/wp-json\/wp\/v2\/posts"}],"about":[{"href":"https:\/\/fadeu.urantiacos.cl\/en\/wp-json\/wp\/v2\/types\/post"}],"author":[{"embeddable":true,"href":"https:\/\/fadeu.urantiacos.cl\/en\/wp-json\/wp\/v2\/users\/1"}],"replies":[{"embeddable":true,"href":"https:\/\/fadeu.urantiacos.cl\/en\/wp-json\/wp\/v2\/comments?post=6512"}],"version-history":[{"count":2,"href":"https:\/\/fadeu.urantiacos.cl\/en\/wp-json\/wp\/v2\/posts\/6512\/revisions"}],"predecessor-version":[{"id":18134,"href":"https:\/\/fadeu.urantiacos.cl\/en\/wp-json\/wp\/v2\/posts\/6512\/revisions\/18134"}],"wp:featuredmedia":[{"embeddable":true,"href":"https:\/\/fadeu.urantiacos.cl\/en\/wp-json\/wp\/v2\/media\/6513"}],"wp:attachment":[{"href":"https:\/\/fadeu.urantiacos.cl\/en\/wp-json\/wp\/v2\/media?parent=6512"}],"wp:term":[{"taxonomy":"category","embeddable":true,"href":"https:\/\/fadeu.urantiacos.cl\/en\/wp-json\/wp\/v2\/categories?post=6512"},{"taxonomy":"post_tag","embeddable":true,"href":"https:\/\/fadeu.urantiacos.cl\/en\/wp-json\/wp\/v2\/tags?post=6512"}],"curies":[{"name":"wp","href":"https:\/\/api.w.org\/{rel}","templated":true}]}}