{"id":6508,"date":"2021-08-15T17:10:00","date_gmt":"2021-08-15T20:10:00","guid":{"rendered":"https:\/\/fadeu.urantiacos.cl\/?p=6508"},"modified":"2023-09-07T17:13:00","modified_gmt":"2023-09-07T20:13:00","slug":"tras-el-estallido-y-la-pandemia-el-centro-de-santiago-triplica-su-oferta-de-departamentos","status":"publish","type":"post","link":"https:\/\/fadeu.urantiacos.cl\/en\/2021\/08\/15\/tras-el-estallido-y-la-pandemia-el-centro-de-santiago-triplica-su-oferta-de-departamentos\/","title":{"rendered":"Tras el estallido y la pandemia, el centro de Santiago triplica su oferta de departamentos"},"content":{"rendered":"\n<figure class=\"wp-block-image size-full\"><img decoding=\"async\" width=\"350\" height=\"250\" src=\"https:\/\/fadeu.urantiacos.cl\/wp-content\/uploads\/2023\/09\/web_E86jTurXEAIPc_H.jpg\" alt=\"\" class=\"wp-image-6509\" srcset=\"https:\/\/fadeu.urantiacos.cl\/wp-content\/uploads\/2023\/09\/web_E86jTurXEAIPc_H.jpg 350w, https:\/\/fadeu.urantiacos.cl\/wp-content\/uploads\/2023\/09\/web_E86jTurXEAIPc_H-300x214.jpg 300w\" sizes=\"(max-width: 350px) 100vw, 350px\" \/><\/figure>\n\n\n\n<p>El Mercurio destaca que tras el estallido y la pandemia, el centro de Santiago triplic\u00f3 su oferta de departamentos. La informaci\u00f3n es parte de los resultados del an\u00e1lisis del Observatorio de Arriendo y Estudios Urbanos UC, la organizaci\u00f3n Inciti y el Observatorio de Ciudades UC, sobre c\u00f3mo se han visto afectados los complejos habitacionales de distintos sectores de la Regi\u00f3n Metropolitana en los \u00faltimos tres a\u00f1os. Habla Luis Fuentes, director del instituto, y el profesor Marcelo Bauz\u00e1. Otros medios citan la publicaci\u00f3n.<\/p>\n\n\n\n<h6 class=\"wp-block-heading\">+ Revisa nota completa aqu\u00ed.<\/h6>\n\n\n\n<figure class=\"wp-block-image size-large\"><img decoding=\"async\" width=\"1024\" height=\"734\" src=\"https:\/\/fadeu.urantiacos.cl\/wp-content\/uploads\/2023\/09\/2642196_2030868-1024x734.jpg\" alt=\"\" class=\"wp-image-6510\" srcset=\"https:\/\/fadeu.urantiacos.cl\/wp-content\/uploads\/2023\/09\/2642196_2030868-1024x734.jpg 1024w, https:\/\/fadeu.urantiacos.cl\/wp-content\/uploads\/2023\/09\/2642196_2030868-300x215.jpg 300w, https:\/\/fadeu.urantiacos.cl\/wp-content\/uploads\/2023\/09\/2642196_2030868-768x551.jpg 768w, https:\/\/fadeu.urantiacos.cl\/wp-content\/uploads\/2023\/09\/2642196_2030868.jpg 1389w\" sizes=\"(max-width: 1024px) 100vw, 1024px\" \/><\/figure>\n","protected":false},"excerpt":{"rendered":"<p>El Mercurio destaca que tras el estallido y la pandemia, el centro de Santiago triplic\u00f3 su oferta de departamentos. La informaci\u00f3n es parte de los resultados del an\u00e1lisis del Observatorio de Arriendo y Estudios Urbanos UC, la organizaci\u00f3n Inciti y el Observatorio de Ciudades UC, sobre c\u00f3mo se han visto afectados los complejos habitacionales de [&hellip;]<\/p>\n","protected":false},"author":1,"featured_media":6509,"comment_status":"open","ping_status":"open","sticky":false,"template":"","format":"standard","meta":{"_acf_changed":false,"footnotes":""},"categories":[1],"tags":[],"class_list":["post-6508","post","type-post","status-publish","format-standard","has-post-thumbnail","hentry","category-sin-categorizar"],"acf":[],"yoast_head":"<!-- This site is optimized with the Yoast SEO plugin v27.1.1 - https:\/\/yoast.com\/product\/yoast-seo-wordpress\/ -->\n<title>Tras el estallido y la pandemia, el centro de Santiago triplica su oferta de departamentos - Facultad de Arquitectura, Dise\u00f1o y Estudios Urbanos<\/title>\n<meta name=\"description\" content=\"El Mercurio destaca que tras el estallido y la pandemia, el centro de Santiago triplic\u00f3 su oferta de departamentos. La informaci\u00f3n es parte de los\" \/>\n<meta name=\"robots\" content=\"index, follow, max-snippet:-1, max-image-preview:large, max-video-preview:-1\" \/>\n<link rel=\"canonical\" href=\"https:\/\/fadeu.urantiacos.cl\/en\/2021\/08\/15\/tras-el-estallido-y-la-pandemia-el-centro-de-santiago-triplica-su-oferta-de-departamentos\/\" \/>\n<meta property=\"og:locale\" content=\"en_US\" \/>\n<meta property=\"og:type\" content=\"article\" \/>\n<meta property=\"og:title\" content=\"Tras el estallido y la pandemia, el centro de Santiago triplica su oferta de departamentos - Facultad de Arquitectura, Dise\u00f1o y Estudios Urbanos\" \/>\n<meta property=\"og:description\" content=\"El Mercurio destaca que tras el estallido y la pandemia, el centro de Santiago triplic\u00f3 su oferta de departamentos. La informaci\u00f3n es parte de los\" \/>\n<meta property=\"og:url\" content=\"https:\/\/fadeu.urantiacos.cl\/en\/2021\/08\/15\/tras-el-estallido-y-la-pandemia-el-centro-de-santiago-triplica-su-oferta-de-departamentos\/\" \/>\n<meta property=\"og:site_name\" content=\"Facultad de Arquitectura, Dise\u00f1o y Estudios Urbanos\" \/>\n<meta property=\"article:published_time\" content=\"2021-08-15T20:10:00+00:00\" \/>\n<meta property=\"article:modified_time\" content=\"2023-09-07T20:13:00+00:00\" \/>\n<meta property=\"og:image\" content=\"https:\/\/fadeu.urantiacos.cl\/wp-content\/uploads\/2023\/09\/web_E86jTurXEAIPc_H.jpg\" \/>\n\t<meta property=\"og:image:width\" content=\"350\" \/>\n\t<meta property=\"og:image:height\" content=\"250\" \/>\n\t<meta property=\"og:image:type\" content=\"image\/jpeg\" \/>\n<meta name=\"author\" content=\"manadmin\" \/>\n<meta name=\"twitter:card\" content=\"summary_large_image\" \/>\n<meta name=\"twitter:label1\" content=\"Written by\" \/>\n\t<meta name=\"twitter:data1\" content=\"manadmin\" \/>\n<script type=\"application\/ld+json\" class=\"yoast-schema-graph\">{\"@context\":\"https:\/\/schema.org\",\"@graph\":[{\"@type\":\"Article\",\"@id\":\"https:\/\/fadeu.urantiacos.cl\/en\/2021\/08\/15\/tras-el-estallido-y-la-pandemia-el-centro-de-santiago-triplica-su-oferta-de-departamentos\/#article\",\"isPartOf\":{\"@id\":\"https:\/\/fadeu.urantiacos.cl\/en\/2021\/08\/15\/tras-el-estallido-y-la-pandemia-el-centro-de-santiago-triplica-su-oferta-de-departamentos\/\"},\"author\":{\"name\":\"manadmin\",\"@id\":\"https:\/\/fadeu.urantiacos.cl\/en\/#\/schema\/person\/d203e2e84b1c40275eac77b3061a19a2\"},\"headline\":\"Tras el estallido y la pandemia, el centro de Santiago triplica su oferta de departamentos\",\"datePublished\":\"2021-08-15T20:10:00+00:00\",\"dateModified\":\"2023-09-07T20:13:00+00:00\",\"mainEntityOfPage\":{\"@id\":\"https:\/\/fadeu.urantiacos.cl\/en\/2021\/08\/15\/tras-el-estallido-y-la-pandemia-el-centro-de-santiago-triplica-su-oferta-de-departamentos\/\"},\"wordCount\":108,\"commentCount\":0,\"image\":{\"@id\":\"https:\/\/fadeu.urantiacos.cl\/en\/2021\/08\/15\/tras-el-estallido-y-la-pandemia-el-centro-de-santiago-triplica-su-oferta-de-departamentos\/#primaryimage\"},\"thumbnailUrl\":\"https:\/\/fadeu.urantiacos.cl\/wp-content\/uploads\/2023\/09\/web_E86jTurXEAIPc_H.jpg\",\"articleSection\":[\"Sin categorizar\"],\"inLanguage\":\"en-US\",\"potentialAction\":[{\"@type\":\"CommentAction\",\"name\":\"Comment\",\"target\":[\"https:\/\/fadeu.urantiacos.cl\/en\/2021\/08\/15\/tras-el-estallido-y-la-pandemia-el-centro-de-santiago-triplica-su-oferta-de-departamentos\/#respond\"]}]},{\"@type\":\"WebPage\",\"@id\":\"https:\/\/fadeu.urantiacos.cl\/en\/2021\/08\/15\/tras-el-estallido-y-la-pandemia-el-centro-de-santiago-triplica-su-oferta-de-departamentos\/\",\"url\":\"https:\/\/fadeu.urantiacos.cl\/en\/2021\/08\/15\/tras-el-estallido-y-la-pandemia-el-centro-de-santiago-triplica-su-oferta-de-departamentos\/\",\"name\":\"Tras el estallido y la pandemia, el centro de Santiago triplica su oferta de departamentos - Facultad de Arquitectura, Dise\u00f1o y Estudios Urbanos\",\"isPartOf\":{\"@id\":\"https:\/\/fadeu.urantiacos.cl\/en\/#website\"},\"primaryImageOfPage\":{\"@id\":\"https:\/\/fadeu.urantiacos.cl\/en\/2021\/08\/15\/tras-el-estallido-y-la-pandemia-el-centro-de-santiago-triplica-su-oferta-de-departamentos\/#primaryimage\"},\"image\":{\"@id\":\"https:\/\/fadeu.urantiacos.cl\/en\/2021\/08\/15\/tras-el-estallido-y-la-pandemia-el-centro-de-santiago-triplica-su-oferta-de-departamentos\/#primaryimage\"},\"thumbnailUrl\":\"https:\/\/fadeu.urantiacos.cl\/wp-content\/uploads\/2023\/09\/web_E86jTurXEAIPc_H.jpg\",\"datePublished\":\"2021-08-15T20:10:00+00:00\",\"dateModified\":\"2023-09-07T20:13:00+00:00\",\"author\":{\"@id\":\"https:\/\/fadeu.urantiacos.cl\/en\/#\/schema\/person\/d203e2e84b1c40275eac77b3061a19a2\"},\"description\":\"El Mercurio destaca que tras el estallido y la pandemia, el centro de Santiago triplic\u00f3 su oferta de departamentos. La informaci\u00f3n es parte de los\",\"breadcrumb\":{\"@id\":\"https:\/\/fadeu.urantiacos.cl\/en\/2021\/08\/15\/tras-el-estallido-y-la-pandemia-el-centro-de-santiago-triplica-su-oferta-de-departamentos\/#breadcrumb\"},\"inLanguage\":\"en-US\",\"potentialAction\":[{\"@type\":\"ReadAction\",\"target\":[\"https:\/\/fadeu.urantiacos.cl\/en\/2021\/08\/15\/tras-el-estallido-y-la-pandemia-el-centro-de-santiago-triplica-su-oferta-de-departamentos\/\"]}]},{\"@type\":\"ImageObject\",\"inLanguage\":\"en-US\",\"@id\":\"https:\/\/fadeu.urantiacos.cl\/en\/2021\/08\/15\/tras-el-estallido-y-la-pandemia-el-centro-de-santiago-triplica-su-oferta-de-departamentos\/#primaryimage\",\"url\":\"https:\/\/fadeu.urantiacos.cl\/wp-content\/uploads\/2023\/09\/web_E86jTurXEAIPc_H.jpg\",\"contentUrl\":\"https:\/\/fadeu.urantiacos.cl\/wp-content\/uploads\/2023\/09\/web_E86jTurXEAIPc_H.jpg\",\"width\":350,\"height\":250},{\"@type\":\"BreadcrumbList\",\"@id\":\"https:\/\/fadeu.urantiacos.cl\/en\/2021\/08\/15\/tras-el-estallido-y-la-pandemia-el-centro-de-santiago-triplica-su-oferta-de-departamentos\/#breadcrumb\",\"itemListElement\":[{\"@type\":\"ListItem\",\"position\":1,\"name\":\"Portada\",\"item\":\"https:\/\/fadeu.urantiacos.cl\/en\/\"},{\"@type\":\"ListItem\",\"position\":2,\"name\":\"Tras el estallido y la pandemia, el centro de Santiago triplica su oferta de departamentos\"}]},{\"@type\":\"WebSite\",\"@id\":\"https:\/\/fadeu.urantiacos.cl\/en\/#website\",\"url\":\"https:\/\/fadeu.urantiacos.cl\/en\/\",\"name\":\"Facultad de Arquitectura, Dise\u00f1o y Estudios Urbanos\",\"description\":\"Campus Lo Contador\",\"potentialAction\":[{\"@type\":\"SearchAction\",\"target\":{\"@type\":\"EntryPoint\",\"urlTemplate\":\"https:\/\/fadeu.urantiacos.cl\/en\/?s={search_term_string}\"},\"query-input\":{\"@type\":\"PropertyValueSpecification\",\"valueRequired\":true,\"valueName\":\"search_term_string\"}}],\"inLanguage\":\"en-US\"},{\"@type\":\"Person\",\"@id\":\"https:\/\/fadeu.urantiacos.cl\/en\/#\/schema\/person\/d203e2e84b1c40275eac77b3061a19a2\",\"name\":\"manadmin\",\"image\":{\"@type\":\"ImageObject\",\"inLanguage\":\"en-US\",\"@id\":\"https:\/\/fadeu.urantiacos.cl\/en\/#\/schema\/person\/image\/\",\"url\":\"https:\/\/secure.gravatar.com\/avatar\/4b1d8e3303b4a9d8968ac578947d8bc80d9aea359f388cdd4aac15cadc0e8447?s=96&d=mm&r=g\",\"contentUrl\":\"https:\/\/secure.gravatar.com\/avatar\/4b1d8e3303b4a9d8968ac578947d8bc80d9aea359f388cdd4aac15cadc0e8447?s=96&d=mm&r=g\",\"caption\":\"manadmin\"},\"sameAs\":[\"https:\/\/fadeu.urantiacos.cl\"]}]}<\/script>\n<!-- \/ Yoast SEO plugin. -->","yoast_head_json":{"title":"Tras el estallido y la pandemia, el centro de Santiago triplica su oferta de departamentos - Facultad de Arquitectura, Dise\u00f1o y Estudios Urbanos","description":"El Mercurio destaca que tras el estallido y la pandemia, el centro de Santiago triplic\u00f3 su oferta de departamentos. La informaci\u00f3n es parte de los","robots":{"index":"index","follow":"follow","max-snippet":"max-snippet:-1","max-image-preview":"max-image-preview:large","max-video-preview":"max-video-preview:-1"},"canonical":"https:\/\/fadeu.urantiacos.cl\/en\/2021\/08\/15\/tras-el-estallido-y-la-pandemia-el-centro-de-santiago-triplica-su-oferta-de-departamentos\/","og_locale":"en_US","og_type":"article","og_title":"Tras el estallido y la pandemia, el centro de Santiago triplica su oferta de departamentos - Facultad de Arquitectura, Dise\u00f1o y Estudios Urbanos","og_description":"El Mercurio destaca que tras el estallido y la pandemia, el centro de Santiago triplic\u00f3 su oferta de departamentos. La informaci\u00f3n es parte de los","og_url":"https:\/\/fadeu.urantiacos.cl\/en\/2021\/08\/15\/tras-el-estallido-y-la-pandemia-el-centro-de-santiago-triplica-su-oferta-de-departamentos\/","og_site_name":"Facultad de Arquitectura, Dise\u00f1o y Estudios Urbanos","article_published_time":"2021-08-15T20:10:00+00:00","article_modified_time":"2023-09-07T20:13:00+00:00","og_image":[{"width":350,"height":250,"url":"https:\/\/fadeu.urantiacos.cl\/wp-content\/uploads\/2023\/09\/web_E86jTurXEAIPc_H.jpg","type":"image\/jpeg"}],"author":"manadmin","twitter_card":"summary_large_image","twitter_misc":{"Written by":"manadmin"},"schema":{"@context":"https:\/\/schema.org","@graph":[{"@type":"Article","@id":"https:\/\/fadeu.urantiacos.cl\/en\/2021\/08\/15\/tras-el-estallido-y-la-pandemia-el-centro-de-santiago-triplica-su-oferta-de-departamentos\/#article","isPartOf":{"@id":"https:\/\/fadeu.urantiacos.cl\/en\/2021\/08\/15\/tras-el-estallido-y-la-pandemia-el-centro-de-santiago-triplica-su-oferta-de-departamentos\/"},"author":{"name":"manadmin","@id":"https:\/\/fadeu.urantiacos.cl\/en\/#\/schema\/person\/d203e2e84b1c40275eac77b3061a19a2"},"headline":"Tras el estallido y la pandemia, el centro de Santiago triplica su oferta de departamentos","datePublished":"2021-08-15T20:10:00+00:00","dateModified":"2023-09-07T20:13:00+00:00","mainEntityOfPage":{"@id":"https:\/\/fadeu.urantiacos.cl\/en\/2021\/08\/15\/tras-el-estallido-y-la-pandemia-el-centro-de-santiago-triplica-su-oferta-de-departamentos\/"},"wordCount":108,"commentCount":0,"image":{"@id":"https:\/\/fadeu.urantiacos.cl\/en\/2021\/08\/15\/tras-el-estallido-y-la-pandemia-el-centro-de-santiago-triplica-su-oferta-de-departamentos\/#primaryimage"},"thumbnailUrl":"https:\/\/fadeu.urantiacos.cl\/wp-content\/uploads\/2023\/09\/web_E86jTurXEAIPc_H.jpg","articleSection":["Sin categorizar"],"inLanguage":"en-US","potentialAction":[{"@type":"CommentAction","name":"Comment","target":["https:\/\/fadeu.urantiacos.cl\/en\/2021\/08\/15\/tras-el-estallido-y-la-pandemia-el-centro-de-santiago-triplica-su-oferta-de-departamentos\/#respond"]}]},{"@type":"WebPage","@id":"https:\/\/fadeu.urantiacos.cl\/en\/2021\/08\/15\/tras-el-estallido-y-la-pandemia-el-centro-de-santiago-triplica-su-oferta-de-departamentos\/","url":"https:\/\/fadeu.urantiacos.cl\/en\/2021\/08\/15\/tras-el-estallido-y-la-pandemia-el-centro-de-santiago-triplica-su-oferta-de-departamentos\/","name":"Tras el estallido y la pandemia, el centro de Santiago triplica su oferta de departamentos - Facultad de Arquitectura, Dise\u00f1o y Estudios Urbanos","isPartOf":{"@id":"https:\/\/fadeu.urantiacos.cl\/en\/#website"},"primaryImageOfPage":{"@id":"https:\/\/fadeu.urantiacos.cl\/en\/2021\/08\/15\/tras-el-estallido-y-la-pandemia-el-centro-de-santiago-triplica-su-oferta-de-departamentos\/#primaryimage"},"image":{"@id":"https:\/\/fadeu.urantiacos.cl\/en\/2021\/08\/15\/tras-el-estallido-y-la-pandemia-el-centro-de-santiago-triplica-su-oferta-de-departamentos\/#primaryimage"},"thumbnailUrl":"https:\/\/fadeu.urantiacos.cl\/wp-content\/uploads\/2023\/09\/web_E86jTurXEAIPc_H.jpg","datePublished":"2021-08-15T20:10:00+00:00","dateModified":"2023-09-07T20:13:00+00:00","author":{"@id":"https:\/\/fadeu.urantiacos.cl\/en\/#\/schema\/person\/d203e2e84b1c40275eac77b3061a19a2"},"description":"El Mercurio destaca que tras el estallido y la pandemia, el centro de Santiago triplic\u00f3 su oferta de departamentos. La informaci\u00f3n es parte de los","breadcrumb":{"@id":"https:\/\/fadeu.urantiacos.cl\/en\/2021\/08\/15\/tras-el-estallido-y-la-pandemia-el-centro-de-santiago-triplica-su-oferta-de-departamentos\/#breadcrumb"},"inLanguage":"en-US","potentialAction":[{"@type":"ReadAction","target":["https:\/\/fadeu.urantiacos.cl\/en\/2021\/08\/15\/tras-el-estallido-y-la-pandemia-el-centro-de-santiago-triplica-su-oferta-de-departamentos\/"]}]},{"@type":"ImageObject","inLanguage":"en-US","@id":"https:\/\/fadeu.urantiacos.cl\/en\/2021\/08\/15\/tras-el-estallido-y-la-pandemia-el-centro-de-santiago-triplica-su-oferta-de-departamentos\/#primaryimage","url":"https:\/\/fadeu.urantiacos.cl\/wp-content\/uploads\/2023\/09\/web_E86jTurXEAIPc_H.jpg","contentUrl":"https:\/\/fadeu.urantiacos.cl\/wp-content\/uploads\/2023\/09\/web_E86jTurXEAIPc_H.jpg","width":350,"height":250},{"@type":"BreadcrumbList","@id":"https:\/\/fadeu.urantiacos.cl\/en\/2021\/08\/15\/tras-el-estallido-y-la-pandemia-el-centro-de-santiago-triplica-su-oferta-de-departamentos\/#breadcrumb","itemListElement":[{"@type":"ListItem","position":1,"name":"Portada","item":"https:\/\/fadeu.urantiacos.cl\/en\/"},{"@type":"ListItem","position":2,"name":"Tras el estallido y la pandemia, el centro de Santiago triplica su oferta de departamentos"}]},{"@type":"WebSite","@id":"https:\/\/fadeu.urantiacos.cl\/en\/#website","url":"https:\/\/fadeu.urantiacos.cl\/en\/","name":"Facultad de Arquitectura, Dise\u00f1o y Estudios Urbanos","description":"Campus Lo Contador","potentialAction":[{"@type":"SearchAction","target":{"@type":"EntryPoint","urlTemplate":"https:\/\/fadeu.urantiacos.cl\/en\/?s={search_term_string}"},"query-input":{"@type":"PropertyValueSpecification","valueRequired":true,"valueName":"search_term_string"}}],"inLanguage":"en-US"},{"@type":"Person","@id":"https:\/\/fadeu.urantiacos.cl\/en\/#\/schema\/person\/d203e2e84b1c40275eac77b3061a19a2","name":"manadmin","image":{"@type":"ImageObject","inLanguage":"en-US","@id":"https:\/\/fadeu.urantiacos.cl\/en\/#\/schema\/person\/image\/","url":"https:\/\/secure.gravatar.com\/avatar\/4b1d8e3303b4a9d8968ac578947d8bc80d9aea359f388cdd4aac15cadc0e8447?s=96&d=mm&r=g","contentUrl":"https:\/\/secure.gravatar.com\/avatar\/4b1d8e3303b4a9d8968ac578947d8bc80d9aea359f388cdd4aac15cadc0e8447?s=96&d=mm&r=g","caption":"manadmin"},"sameAs":["https:\/\/fadeu.urantiacos.cl"]}]}},"_links":{"self":[{"href":"https:\/\/fadeu.urantiacos.cl\/en\/wp-json\/wp\/v2\/posts\/6508","targetHints":{"allow":["GET"]}}],"collection":[{"href":"https:\/\/fadeu.urantiacos.cl\/en\/wp-json\/wp\/v2\/posts"}],"about":[{"href":"https:\/\/fadeu.urantiacos.cl\/en\/wp-json\/wp\/v2\/types\/post"}],"author":[{"embeddable":true,"href":"https:\/\/fadeu.urantiacos.cl\/en\/wp-json\/wp\/v2\/users\/1"}],"replies":[{"embeddable":true,"href":"https:\/\/fadeu.urantiacos.cl\/en\/wp-json\/wp\/v2\/comments?post=6508"}],"version-history":[{"count":1,"href":"https:\/\/fadeu.urantiacos.cl\/en\/wp-json\/wp\/v2\/posts\/6508\/revisions"}],"predecessor-version":[{"id":6511,"href":"https:\/\/fadeu.urantiacos.cl\/en\/wp-json\/wp\/v2\/posts\/6508\/revisions\/6511"}],"wp:featuredmedia":[{"embeddable":true,"href":"https:\/\/fadeu.urantiacos.cl\/en\/wp-json\/wp\/v2\/media\/6509"}],"wp:attachment":[{"href":"https:\/\/fadeu.urantiacos.cl\/en\/wp-json\/wp\/v2\/media?parent=6508"}],"wp:term":[{"taxonomy":"category","embeddable":true,"href":"https:\/\/fadeu.urantiacos.cl\/en\/wp-json\/wp\/v2\/categories?post=6508"},{"taxonomy":"post_tag","embeddable":true,"href":"https:\/\/fadeu.urantiacos.cl\/en\/wp-json\/wp\/v2\/tags?post=6508"}],"curies":[{"name":"wp","href":"https:\/\/api.w.org\/{rel}","templated":true}]}}