{"id":6499,"date":"2021-08-16T17:04:00","date_gmt":"2021-08-16T20:04:00","guid":{"rendered":"https:\/\/fadeu.urantiacos.cl\/?p=6499"},"modified":"2023-09-07T17:08:03","modified_gmt":"2023-09-07T20:08:03","slug":"retorno-seguro-decano-ubilla-se-reunio-con-profesores-de-arquitectura-y-diseno","status":"publish","type":"post","link":"https:\/\/fadeu.urantiacos.cl\/en\/2021\/08\/16\/retorno-seguro-decano-ubilla-se-reunio-con-profesores-de-arquitectura-y-diseno\/","title":{"rendered":"Retorno Seguro: Decano Ubilla se reuni\u00f3 con profesores de Arquitectura y Dise\u00f1o"},"content":{"rendered":"\n<figure class=\"wp-block-image size-full\"><img decoding=\"async\" width=\"350\" height=\"250\" src=\"https:\/\/fadeu.urantiacos.cl\/wp-content\/uploads\/2023\/09\/ARQUITECTURA_WEB.jpg\" alt=\"\" class=\"wp-image-6500\" srcset=\"https:\/\/fadeu.urantiacos.cl\/wp-content\/uploads\/2023\/09\/ARQUITECTURA_WEB.jpg 350w, https:\/\/fadeu.urantiacos.cl\/wp-content\/uploads\/2023\/09\/ARQUITECTURA_WEB-300x214.jpg 300w\" sizes=\"(max-width: 350px) 100vw, 350px\" \/><\/figure>\n\n\n\n<p>En la instancia, el Decano estuvo acompa\u00f1ado por la Directora de Comunicaciones FADEU e integrante de la mesa COVID UC, Macarena Cort\u00e9s, quien estuvo a cargo de entregar informaci\u00f3n actualizada y detallada sobre el actual escenario epidemiol\u00f3gico que atraviesa la Universidad, y que permite mayores libertades, sin dejar de lado las medidas de autocuidado.<\/p>\n\n\n\n<p>Seg\u00fan informaci\u00f3n oficial, la Universidad Cat\u00f3lica reporta hasta el momento solo 14 casos activos de COVID-19. Desde que comenz\u00f3 la pandemia (marzo 2020) ha registrado 1088 contagios, y se cuenta la lamentable cifra de 7 personas fallecidas.<\/p>\n\n\n\n<p>Adem\u00e1s, se inform\u00f3 que el 98% de los profesores\/as, profesionales y administrativos\/as del campus Lo Contador cuenta con su esquema de vacunaci\u00f3n completo y que el porcentaje de estudiantes vacunados con doble dosis asciende al 94%. Ello plantea un escenario de seguridad sanitaria para retomar actividades presenciales, con aforos controlados y medidas sanitarias de autocuidado, como el uso obligatorio de mascarilla, el distanciamiento f\u00edsico, evitar aglomeraciones y mantener las manos siempre higienizadas y desinfectadas con agua y jab\u00f3n o uso de alcohol gel.<\/p>\n\n\n\n<p>Para el retorno, seguir\u00e1 siendo obligatorio el formulario de ingreso al campus (<a href=\"https:\/\/www.uc.cl\/uc-contra-el-coronavirus\/#formularios\">https:\/\/www.uc.cl\/uc-contra-el-coronavirus\/#formularios<\/a>), y tener el pase de movilidad homologado con el pase de movilidad UC, el cual fue implementado la semana pasada y se encuentra disponible en el siguienyte link:<\/p>\n\n\n\n<figure class=\"wp-block-embed\"><div class=\"wp-block-embed__wrapper\">\nhttps:\/\/pasemovilidad.uc.cl\/index.php?option=com_users&#038;view=profile&#038;layout=edit&#038;Itemid=101\n<\/div><\/figure>\n\n\n\n<p>Para quienes no tengan su esquema de vacunaci\u00f3n completo, la Universidad ofrecer\u00e1 de manera gratuita test de ant\u00edgenos semanal, que se realizar\u00e1 insitu y a costo de la universidad, adem\u00e1s se considera el apoyo y acompa\u00f1amiento a quienes no desean vacunarse.<\/p>\n\n\n\n<p>En todo el campus se ha implementado un sistema de se\u00f1al\u00e9tica que recuerda las medidas de autocuidado, adem\u00e1s se han dispuesto totems con toma de temperatura y dispensadores de alchol gel. Por \u00faltimo, tanto las salas como los lugares de trabajo tienen se\u00f1alado su aforo permitido en el acceso. &nbsp;<\/p>\n\n\n\n<p>Ambas escuelas agradecieron la instancia, formularon preguntas y acotaciones y manifestaron disposici\u00f3n al di\u00e1logo y a la flexibilidad para la realizaci\u00f3n de las distintas actividades docentes y de investigaci\u00f3n.<\/p>\n\n\n\n<p>Tambi\u00e9n ambos directores de escuela, Luis Eduardo Bresciani, de Arquitectura, y Rodrigo Ram\u00edrez, de Dise\u00f1o, estuvieron presentes haciendo aclaraciones sobre las instancias presenciales que se esperan en los cursos h\u00edbridos durante el pr\u00f3ximo semestre.<\/p>\n\n\n\n<p>Para los pr\u00f3ximos d\u00edas, se espera sostener esta reuni\u00f3n con los profesores y profesoras del Instituto de Estudios Urbanos y Territoriales, y tambi\u00e9n con los Centros de Alumnos y funcionarios del Campus, los cuales ser\u00e1n convocados por la FADEU.<\/p>\n\n\n\n<p>INFORMACI\u00d3N PERIOD\u00cdSTICA<br>JUAN ANDR\u00c9S INZUNZA<\/p>\n\n\n\n<figure class=\"wp-block-image size-large\"><img decoding=\"async\" width=\"1024\" height=\"472\" src=\"https:\/\/fadeu.urantiacos.cl\/wp-content\/uploads\/2023\/09\/ARQUITECTURA-1024x472.jpg\" alt=\"\" class=\"wp-image-6501\" srcset=\"https:\/\/fadeu.urantiacos.cl\/wp-content\/uploads\/2023\/09\/ARQUITECTURA-1024x472.jpg 1024w, https:\/\/fadeu.urantiacos.cl\/wp-content\/uploads\/2023\/09\/ARQUITECTURA-300x138.jpg 300w, https:\/\/fadeu.urantiacos.cl\/wp-content\/uploads\/2023\/09\/ARQUITECTURA-768x354.jpg 768w, https:\/\/fadeu.urantiacos.cl\/wp-content\/uploads\/2023\/09\/ARQUITECTURA-1536x708.jpg 1536w, https:\/\/fadeu.urantiacos.cl\/wp-content\/uploads\/2023\/09\/ARQUITECTURA-2048x944.jpg 2048w, https:\/\/fadeu.urantiacos.cl\/wp-content\/uploads\/2023\/09\/ARQUITECTURA-scaled.jpg 1600w\" sizes=\"(max-width: 1024px) 100vw, 1024px\" \/><\/figure>\n\n\n\n<figure class=\"wp-block-image size-large\"><img decoding=\"async\" width=\"1024\" height=\"386\" src=\"https:\/\/fadeu.urantiacos.cl\/wp-content\/uploads\/2023\/09\/DISENO_GRANDE-1024x386.jpg\" alt=\"\" class=\"wp-image-6502\" srcset=\"https:\/\/fadeu.urantiacos.cl\/wp-content\/uploads\/2023\/09\/DISENO_GRANDE-1024x386.jpg 1024w, https:\/\/fadeu.urantiacos.cl\/wp-content\/uploads\/2023\/09\/DISENO_GRANDE-300x113.jpg 300w, https:\/\/fadeu.urantiacos.cl\/wp-content\/uploads\/2023\/09\/DISENO_GRANDE-768x290.jpg 768w, https:\/\/fadeu.urantiacos.cl\/wp-content\/uploads\/2023\/09\/DISENO_GRANDE-1536x580.jpg 1536w, https:\/\/fadeu.urantiacos.cl\/wp-content\/uploads\/2023\/09\/DISENO_GRANDE-2048x773.jpg 2048w, https:\/\/fadeu.urantiacos.cl\/wp-content\/uploads\/2023\/09\/DISENO_GRANDE.jpg 1600w\" sizes=\"(max-width: 1024px) 100vw, 1024px\" \/><\/figure>\n","protected":false},"excerpt":{"rendered":"<p>La semana pasada, el Decano de la Facultad de Arquitectura, Dise\u00f1o y Estudios Urbanos, Mario Ubilla, se reuni\u00f3 con profesores y profesoras de las escuelas de Arquitectura y Dise\u00f1o, para conversar y dialogar respecto de las disposiciones sanitarias y reglamentarias que acompa\u00f1ar\u00e1n el Retorno Seguro al campus Lo Contador para el segundo semestre 2021.<\/p>\n","protected":false},"author":1,"featured_media":6500,"comment_status":"open","ping_status":"open","sticky":false,"template":"","format":"standard","meta":{"_acf_changed":false,"footnotes":""},"categories":[1],"tags":[],"class_list":["post-6499","post","type-post","status-publish","format-standard","has-post-thumbnail","hentry","category-sin-categorizar"],"acf":[],"yoast_head":"<!-- This site is optimized with the Yoast SEO plugin v27.1.1 - https:\/\/yoast.com\/product\/yoast-seo-wordpress\/ -->\n<title>Retorno Seguro: Decano Ubilla se reuni\u00f3 con profesores de Arquitectura y Dise\u00f1o - Facultad de Arquitectura, Dise\u00f1o y Estudios Urbanos<\/title>\n<meta name=\"description\" content=\"La semana pasada, el Decano de la Facultad de Arquitectura, Dise\u00f1o y Estudios Urbanos, Mario Ubilla, se reuni\u00f3 con profesores y profesoras de las escuelas de Arquitectura y Dise\u00f1o, para conversar y dialogar respecto de las disposiciones sanitarias y reglamentarias que acompa\u00f1ar\u00e1n el Retorno Seguro al campus Lo Contador para el segundo semestre 2021.\" \/>\n<meta name=\"robots\" content=\"index, follow, max-snippet:-1, max-image-preview:large, max-video-preview:-1\" \/>\n<link rel=\"canonical\" href=\"https:\/\/fadeu.urantiacos.cl\/en\/2021\/08\/16\/retorno-seguro-decano-ubilla-se-reunio-con-profesores-de-arquitectura-y-diseno\/\" \/>\n<meta property=\"og:locale\" content=\"en_US\" \/>\n<meta property=\"og:type\" content=\"article\" \/>\n<meta property=\"og:title\" content=\"Retorno Seguro: Decano Ubilla se reuni\u00f3 con profesores de Arquitectura y Dise\u00f1o - Facultad de Arquitectura, Dise\u00f1o y Estudios Urbanos\" \/>\n<meta property=\"og:description\" content=\"La semana pasada, el Decano de la Facultad de Arquitectura, Dise\u00f1o y Estudios Urbanos, Mario Ubilla, se reuni\u00f3 con profesores y profesoras de las escuelas de Arquitectura y Dise\u00f1o, para conversar y dialogar respecto de las disposiciones sanitarias y reglamentarias que acompa\u00f1ar\u00e1n el Retorno Seguro al campus Lo Contador para el segundo semestre 2021.\" \/>\n<meta property=\"og:url\" content=\"https:\/\/fadeu.urantiacos.cl\/en\/2021\/08\/16\/retorno-seguro-decano-ubilla-se-reunio-con-profesores-de-arquitectura-y-diseno\/\" \/>\n<meta property=\"og:site_name\" content=\"Facultad de Arquitectura, Dise\u00f1o y Estudios Urbanos\" \/>\n<meta property=\"article:published_time\" content=\"2021-08-16T20:04:00+00:00\" \/>\n<meta property=\"article:modified_time\" content=\"2023-09-07T20:08:03+00:00\" \/>\n<meta property=\"og:image\" content=\"https:\/\/fadeu.urantiacos.cl\/wp-content\/uploads\/2023\/09\/ARQUITECTURA_WEB.jpg\" \/>\n\t<meta property=\"og:image:width\" content=\"350\" \/>\n\t<meta property=\"og:image:height\" content=\"250\" \/>\n\t<meta property=\"og:image:type\" content=\"image\/jpeg\" \/>\n<meta name=\"author\" content=\"manadmin\" \/>\n<meta name=\"twitter:card\" content=\"summary_large_image\" \/>\n<meta name=\"twitter:label1\" content=\"Written by\" \/>\n\t<meta name=\"twitter:data1\" content=\"manadmin\" \/>\n\t<meta name=\"twitter:label2\" content=\"Est. reading time\" \/>\n\t<meta name=\"twitter:data2\" content=\"2 minutes\" \/>\n<script type=\"application\/ld+json\" class=\"yoast-schema-graph\">{\"@context\":\"https:\/\/schema.org\",\"@graph\":[{\"@type\":\"Article\",\"@id\":\"https:\/\/fadeu.urantiacos.cl\/en\/2021\/08\/16\/retorno-seguro-decano-ubilla-se-reunio-con-profesores-de-arquitectura-y-diseno\/#article\",\"isPartOf\":{\"@id\":\"https:\/\/fadeu.urantiacos.cl\/en\/2021\/08\/16\/retorno-seguro-decano-ubilla-se-reunio-con-profesores-de-arquitectura-y-diseno\/\"},\"author\":{\"name\":\"manadmin\",\"@id\":\"https:\/\/fadeu.urantiacos.cl\/en\/#\/schema\/person\/d203e2e84b1c40275eac77b3061a19a2\"},\"headline\":\"Retorno Seguro: Decano Ubilla se reuni\u00f3 con profesores de Arquitectura y Dise\u00f1o\",\"datePublished\":\"2021-08-16T20:04:00+00:00\",\"dateModified\":\"2023-09-07T20:08:03+00:00\",\"mainEntityOfPage\":{\"@id\":\"https:\/\/fadeu.urantiacos.cl\/en\/2021\/08\/16\/retorno-seguro-decano-ubilla-se-reunio-con-profesores-de-arquitectura-y-diseno\/\"},\"wordCount\":479,\"commentCount\":0,\"image\":{\"@id\":\"https:\/\/fadeu.urantiacos.cl\/en\/2021\/08\/16\/retorno-seguro-decano-ubilla-se-reunio-con-profesores-de-arquitectura-y-diseno\/#primaryimage\"},\"thumbnailUrl\":\"https:\/\/fadeu.urantiacos.cl\/wp-content\/uploads\/2023\/09\/ARQUITECTURA_WEB.jpg\",\"articleSection\":[\"Sin categorizar\"],\"inLanguage\":\"en-US\",\"potentialAction\":[{\"@type\":\"CommentAction\",\"name\":\"Comment\",\"target\":[\"https:\/\/fadeu.urantiacos.cl\/en\/2021\/08\/16\/retorno-seguro-decano-ubilla-se-reunio-con-profesores-de-arquitectura-y-diseno\/#respond\"]}]},{\"@type\":\"WebPage\",\"@id\":\"https:\/\/fadeu.urantiacos.cl\/en\/2021\/08\/16\/retorno-seguro-decano-ubilla-se-reunio-con-profesores-de-arquitectura-y-diseno\/\",\"url\":\"https:\/\/fadeu.urantiacos.cl\/en\/2021\/08\/16\/retorno-seguro-decano-ubilla-se-reunio-con-profesores-de-arquitectura-y-diseno\/\",\"name\":\"Retorno Seguro: Decano Ubilla se reuni\u00f3 con profesores de Arquitectura y Dise\u00f1o - Facultad de Arquitectura, Dise\u00f1o y Estudios Urbanos\",\"isPartOf\":{\"@id\":\"https:\/\/fadeu.urantiacos.cl\/en\/#website\"},\"primaryImageOfPage\":{\"@id\":\"https:\/\/fadeu.urantiacos.cl\/en\/2021\/08\/16\/retorno-seguro-decano-ubilla-se-reunio-con-profesores-de-arquitectura-y-diseno\/#primaryimage\"},\"image\":{\"@id\":\"https:\/\/fadeu.urantiacos.cl\/en\/2021\/08\/16\/retorno-seguro-decano-ubilla-se-reunio-con-profesores-de-arquitectura-y-diseno\/#primaryimage\"},\"thumbnailUrl\":\"https:\/\/fadeu.urantiacos.cl\/wp-content\/uploads\/2023\/09\/ARQUITECTURA_WEB.jpg\",\"datePublished\":\"2021-08-16T20:04:00+00:00\",\"dateModified\":\"2023-09-07T20:08:03+00:00\",\"author\":{\"@id\":\"https:\/\/fadeu.urantiacos.cl\/en\/#\/schema\/person\/d203e2e84b1c40275eac77b3061a19a2\"},\"description\":\"La semana pasada, el Decano de la Facultad de Arquitectura, Dise\u00f1o y Estudios Urbanos, Mario Ubilla, se reuni\u00f3 con profesores y profesoras de las escuelas de Arquitectura y Dise\u00f1o, para conversar y dialogar respecto de las disposiciones sanitarias y reglamentarias que acompa\u00f1ar\u00e1n el Retorno Seguro al campus Lo Contador para el segundo semestre 2021.\",\"breadcrumb\":{\"@id\":\"https:\/\/fadeu.urantiacos.cl\/en\/2021\/08\/16\/retorno-seguro-decano-ubilla-se-reunio-con-profesores-de-arquitectura-y-diseno\/#breadcrumb\"},\"inLanguage\":\"en-US\",\"potentialAction\":[{\"@type\":\"ReadAction\",\"target\":[\"https:\/\/fadeu.urantiacos.cl\/en\/2021\/08\/16\/retorno-seguro-decano-ubilla-se-reunio-con-profesores-de-arquitectura-y-diseno\/\"]}]},{\"@type\":\"ImageObject\",\"inLanguage\":\"en-US\",\"@id\":\"https:\/\/fadeu.urantiacos.cl\/en\/2021\/08\/16\/retorno-seguro-decano-ubilla-se-reunio-con-profesores-de-arquitectura-y-diseno\/#primaryimage\",\"url\":\"https:\/\/fadeu.urantiacos.cl\/wp-content\/uploads\/2023\/09\/ARQUITECTURA_WEB.jpg\",\"contentUrl\":\"https:\/\/fadeu.urantiacos.cl\/wp-content\/uploads\/2023\/09\/ARQUITECTURA_WEB.jpg\",\"width\":350,\"height\":250},{\"@type\":\"BreadcrumbList\",\"@id\":\"https:\/\/fadeu.urantiacos.cl\/en\/2021\/08\/16\/retorno-seguro-decano-ubilla-se-reunio-con-profesores-de-arquitectura-y-diseno\/#breadcrumb\",\"itemListElement\":[{\"@type\":\"ListItem\",\"position\":1,\"name\":\"Portada\",\"item\":\"https:\/\/fadeu.urantiacos.cl\/en\/\"},{\"@type\":\"ListItem\",\"position\":2,\"name\":\"Retorno Seguro: Decano Ubilla se reuni\u00f3 con profesores de Arquitectura y Dise\u00f1o\"}]},{\"@type\":\"WebSite\",\"@id\":\"https:\/\/fadeu.urantiacos.cl\/en\/#website\",\"url\":\"https:\/\/fadeu.urantiacos.cl\/en\/\",\"name\":\"Facultad de Arquitectura, Dise\u00f1o y Estudios Urbanos\",\"description\":\"Campus Lo Contador\",\"potentialAction\":[{\"@type\":\"SearchAction\",\"target\":{\"@type\":\"EntryPoint\",\"urlTemplate\":\"https:\/\/fadeu.urantiacos.cl\/en\/?s={search_term_string}\"},\"query-input\":{\"@type\":\"PropertyValueSpecification\",\"valueRequired\":true,\"valueName\":\"search_term_string\"}}],\"inLanguage\":\"en-US\"},{\"@type\":\"Person\",\"@id\":\"https:\/\/fadeu.urantiacos.cl\/en\/#\/schema\/person\/d203e2e84b1c40275eac77b3061a19a2\",\"name\":\"manadmin\",\"image\":{\"@type\":\"ImageObject\",\"inLanguage\":\"en-US\",\"@id\":\"https:\/\/fadeu.urantiacos.cl\/en\/#\/schema\/person\/image\/\",\"url\":\"https:\/\/secure.gravatar.com\/avatar\/4b1d8e3303b4a9d8968ac578947d8bc80d9aea359f388cdd4aac15cadc0e8447?s=96&d=mm&r=g\",\"contentUrl\":\"https:\/\/secure.gravatar.com\/avatar\/4b1d8e3303b4a9d8968ac578947d8bc80d9aea359f388cdd4aac15cadc0e8447?s=96&d=mm&r=g\",\"caption\":\"manadmin\"},\"sameAs\":[\"https:\/\/fadeu.urantiacos.cl\"]}]}<\/script>\n<!-- \/ Yoast SEO plugin. -->","yoast_head_json":{"title":"Retorno Seguro: Decano Ubilla se reuni\u00f3 con profesores de Arquitectura y Dise\u00f1o - Facultad de Arquitectura, Dise\u00f1o y Estudios Urbanos","description":"La semana pasada, el Decano de la Facultad de Arquitectura, Dise\u00f1o y Estudios Urbanos, Mario Ubilla, se reuni\u00f3 con profesores y profesoras de las escuelas de Arquitectura y Dise\u00f1o, para conversar y dialogar respecto de las disposiciones sanitarias y reglamentarias que acompa\u00f1ar\u00e1n el Retorno Seguro al campus Lo Contador para el segundo semestre 2021.","robots":{"index":"index","follow":"follow","max-snippet":"max-snippet:-1","max-image-preview":"max-image-preview:large","max-video-preview":"max-video-preview:-1"},"canonical":"https:\/\/fadeu.urantiacos.cl\/en\/2021\/08\/16\/retorno-seguro-decano-ubilla-se-reunio-con-profesores-de-arquitectura-y-diseno\/","og_locale":"en_US","og_type":"article","og_title":"Retorno Seguro: Decano Ubilla se reuni\u00f3 con profesores de Arquitectura y Dise\u00f1o - Facultad de Arquitectura, Dise\u00f1o y Estudios Urbanos","og_description":"La semana pasada, el Decano de la Facultad de Arquitectura, Dise\u00f1o y Estudios Urbanos, Mario Ubilla, se reuni\u00f3 con profesores y profesoras de las escuelas de Arquitectura y Dise\u00f1o, para conversar y dialogar respecto de las disposiciones sanitarias y reglamentarias que acompa\u00f1ar\u00e1n el Retorno Seguro al campus Lo Contador para el segundo semestre 2021.","og_url":"https:\/\/fadeu.urantiacos.cl\/en\/2021\/08\/16\/retorno-seguro-decano-ubilla-se-reunio-con-profesores-de-arquitectura-y-diseno\/","og_site_name":"Facultad de Arquitectura, Dise\u00f1o y Estudios Urbanos","article_published_time":"2021-08-16T20:04:00+00:00","article_modified_time":"2023-09-07T20:08:03+00:00","og_image":[{"width":350,"height":250,"url":"https:\/\/fadeu.urantiacos.cl\/wp-content\/uploads\/2023\/09\/ARQUITECTURA_WEB.jpg","type":"image\/jpeg"}],"author":"manadmin","twitter_card":"summary_large_image","twitter_misc":{"Written by":"manadmin","Est. reading time":"2 minutes"},"schema":{"@context":"https:\/\/schema.org","@graph":[{"@type":"Article","@id":"https:\/\/fadeu.urantiacos.cl\/en\/2021\/08\/16\/retorno-seguro-decano-ubilla-se-reunio-con-profesores-de-arquitectura-y-diseno\/#article","isPartOf":{"@id":"https:\/\/fadeu.urantiacos.cl\/en\/2021\/08\/16\/retorno-seguro-decano-ubilla-se-reunio-con-profesores-de-arquitectura-y-diseno\/"},"author":{"name":"manadmin","@id":"https:\/\/fadeu.urantiacos.cl\/en\/#\/schema\/person\/d203e2e84b1c40275eac77b3061a19a2"},"headline":"Retorno Seguro: Decano Ubilla se reuni\u00f3 con profesores de Arquitectura y Dise\u00f1o","datePublished":"2021-08-16T20:04:00+00:00","dateModified":"2023-09-07T20:08:03+00:00","mainEntityOfPage":{"@id":"https:\/\/fadeu.urantiacos.cl\/en\/2021\/08\/16\/retorno-seguro-decano-ubilla-se-reunio-con-profesores-de-arquitectura-y-diseno\/"},"wordCount":479,"commentCount":0,"image":{"@id":"https:\/\/fadeu.urantiacos.cl\/en\/2021\/08\/16\/retorno-seguro-decano-ubilla-se-reunio-con-profesores-de-arquitectura-y-diseno\/#primaryimage"},"thumbnailUrl":"https:\/\/fadeu.urantiacos.cl\/wp-content\/uploads\/2023\/09\/ARQUITECTURA_WEB.jpg","articleSection":["Sin categorizar"],"inLanguage":"en-US","potentialAction":[{"@type":"CommentAction","name":"Comment","target":["https:\/\/fadeu.urantiacos.cl\/en\/2021\/08\/16\/retorno-seguro-decano-ubilla-se-reunio-con-profesores-de-arquitectura-y-diseno\/#respond"]}]},{"@type":"WebPage","@id":"https:\/\/fadeu.urantiacos.cl\/en\/2021\/08\/16\/retorno-seguro-decano-ubilla-se-reunio-con-profesores-de-arquitectura-y-diseno\/","url":"https:\/\/fadeu.urantiacos.cl\/en\/2021\/08\/16\/retorno-seguro-decano-ubilla-se-reunio-con-profesores-de-arquitectura-y-diseno\/","name":"Retorno Seguro: Decano Ubilla se reuni\u00f3 con profesores de Arquitectura y Dise\u00f1o - Facultad de Arquitectura, Dise\u00f1o y Estudios Urbanos","isPartOf":{"@id":"https:\/\/fadeu.urantiacos.cl\/en\/#website"},"primaryImageOfPage":{"@id":"https:\/\/fadeu.urantiacos.cl\/en\/2021\/08\/16\/retorno-seguro-decano-ubilla-se-reunio-con-profesores-de-arquitectura-y-diseno\/#primaryimage"},"image":{"@id":"https:\/\/fadeu.urantiacos.cl\/en\/2021\/08\/16\/retorno-seguro-decano-ubilla-se-reunio-con-profesores-de-arquitectura-y-diseno\/#primaryimage"},"thumbnailUrl":"https:\/\/fadeu.urantiacos.cl\/wp-content\/uploads\/2023\/09\/ARQUITECTURA_WEB.jpg","datePublished":"2021-08-16T20:04:00+00:00","dateModified":"2023-09-07T20:08:03+00:00","author":{"@id":"https:\/\/fadeu.urantiacos.cl\/en\/#\/schema\/person\/d203e2e84b1c40275eac77b3061a19a2"},"description":"La semana pasada, el Decano de la Facultad de Arquitectura, Dise\u00f1o y Estudios Urbanos, Mario Ubilla, se reuni\u00f3 con profesores y profesoras de las escuelas de Arquitectura y Dise\u00f1o, para conversar y dialogar respecto de las disposiciones sanitarias y reglamentarias que acompa\u00f1ar\u00e1n el Retorno Seguro al campus Lo Contador para el segundo semestre 2021.","breadcrumb":{"@id":"https:\/\/fadeu.urantiacos.cl\/en\/2021\/08\/16\/retorno-seguro-decano-ubilla-se-reunio-con-profesores-de-arquitectura-y-diseno\/#breadcrumb"},"inLanguage":"en-US","potentialAction":[{"@type":"ReadAction","target":["https:\/\/fadeu.urantiacos.cl\/en\/2021\/08\/16\/retorno-seguro-decano-ubilla-se-reunio-con-profesores-de-arquitectura-y-diseno\/"]}]},{"@type":"ImageObject","inLanguage":"en-US","@id":"https:\/\/fadeu.urantiacos.cl\/en\/2021\/08\/16\/retorno-seguro-decano-ubilla-se-reunio-con-profesores-de-arquitectura-y-diseno\/#primaryimage","url":"https:\/\/fadeu.urantiacos.cl\/wp-content\/uploads\/2023\/09\/ARQUITECTURA_WEB.jpg","contentUrl":"https:\/\/fadeu.urantiacos.cl\/wp-content\/uploads\/2023\/09\/ARQUITECTURA_WEB.jpg","width":350,"height":250},{"@type":"BreadcrumbList","@id":"https:\/\/fadeu.urantiacos.cl\/en\/2021\/08\/16\/retorno-seguro-decano-ubilla-se-reunio-con-profesores-de-arquitectura-y-diseno\/#breadcrumb","itemListElement":[{"@type":"ListItem","position":1,"name":"Portada","item":"https:\/\/fadeu.urantiacos.cl\/en\/"},{"@type":"ListItem","position":2,"name":"Retorno Seguro: Decano Ubilla se reuni\u00f3 con profesores de Arquitectura y Dise\u00f1o"}]},{"@type":"WebSite","@id":"https:\/\/fadeu.urantiacos.cl\/en\/#website","url":"https:\/\/fadeu.urantiacos.cl\/en\/","name":"Facultad de Arquitectura, Dise\u00f1o y Estudios Urbanos","description":"Campus Lo Contador","potentialAction":[{"@type":"SearchAction","target":{"@type":"EntryPoint","urlTemplate":"https:\/\/fadeu.urantiacos.cl\/en\/?s={search_term_string}"},"query-input":{"@type":"PropertyValueSpecification","valueRequired":true,"valueName":"search_term_string"}}],"inLanguage":"en-US"},{"@type":"Person","@id":"https:\/\/fadeu.urantiacos.cl\/en\/#\/schema\/person\/d203e2e84b1c40275eac77b3061a19a2","name":"manadmin","image":{"@type":"ImageObject","inLanguage":"en-US","@id":"https:\/\/fadeu.urantiacos.cl\/en\/#\/schema\/person\/image\/","url":"https:\/\/secure.gravatar.com\/avatar\/4b1d8e3303b4a9d8968ac578947d8bc80d9aea359f388cdd4aac15cadc0e8447?s=96&d=mm&r=g","contentUrl":"https:\/\/secure.gravatar.com\/avatar\/4b1d8e3303b4a9d8968ac578947d8bc80d9aea359f388cdd4aac15cadc0e8447?s=96&d=mm&r=g","caption":"manadmin"},"sameAs":["https:\/\/fadeu.urantiacos.cl"]}]}},"_links":{"self":[{"href":"https:\/\/fadeu.urantiacos.cl\/en\/wp-json\/wp\/v2\/posts\/6499","targetHints":{"allow":["GET"]}}],"collection":[{"href":"https:\/\/fadeu.urantiacos.cl\/en\/wp-json\/wp\/v2\/posts"}],"about":[{"href":"https:\/\/fadeu.urantiacos.cl\/en\/wp-json\/wp\/v2\/types\/post"}],"author":[{"embeddable":true,"href":"https:\/\/fadeu.urantiacos.cl\/en\/wp-json\/wp\/v2\/users\/1"}],"replies":[{"embeddable":true,"href":"https:\/\/fadeu.urantiacos.cl\/en\/wp-json\/wp\/v2\/comments?post=6499"}],"version-history":[{"count":1,"href":"https:\/\/fadeu.urantiacos.cl\/en\/wp-json\/wp\/v2\/posts\/6499\/revisions"}],"predecessor-version":[{"id":6503,"href":"https:\/\/fadeu.urantiacos.cl\/en\/wp-json\/wp\/v2\/posts\/6499\/revisions\/6503"}],"wp:featuredmedia":[{"embeddable":true,"href":"https:\/\/fadeu.urantiacos.cl\/en\/wp-json\/wp\/v2\/media\/6500"}],"wp:attachment":[{"href":"https:\/\/fadeu.urantiacos.cl\/en\/wp-json\/wp\/v2\/media?parent=6499"}],"wp:term":[{"taxonomy":"category","embeddable":true,"href":"https:\/\/fadeu.urantiacos.cl\/en\/wp-json\/wp\/v2\/categories?post=6499"},{"taxonomy":"post_tag","embeddable":true,"href":"https:\/\/fadeu.urantiacos.cl\/en\/wp-json\/wp\/v2\/tags?post=6499"}],"curies":[{"name":"wp","href":"https:\/\/api.w.org\/{rel}","templated":true}]}}