{"id":6494,"date":"2021-08-16T17:02:00","date_gmt":"2021-08-16T20:02:00","guid":{"rendered":"https:\/\/fadeu.urantiacos.cl\/?p=6494"},"modified":"2023-09-07T17:04:42","modified_gmt":"2023-09-07T20:04:42","slug":"rodrigo-ramirez-embajador-uc-para-la-accion-climatica","status":"publish","type":"post","link":"https:\/\/fadeu.urantiacos.cl\/en\/2021\/08\/16\/rodrigo-ramirez-embajador-uc-para-la-accion-climatica\/","title":{"rendered":"Rodrigo Ram\u00edrez embajador UC para la acci\u00f3n clim\u00e1tica"},"content":{"rendered":"\n<figure class=\"wp-block-image size-full\"><img decoding=\"async\" width=\"350\" height=\"250\" src=\"https:\/\/fadeu.urantiacos.cl\/wp-content\/uploads\/2023\/09\/WEB_Embajadores_por_la_Accion_Climatica_04.jpg\" alt=\"\" class=\"wp-image-6496\" srcset=\"https:\/\/fadeu.urantiacos.cl\/wp-content\/uploads\/2023\/09\/WEB_Embajadores_por_la_Accion_Climatica_04.jpg 350w, https:\/\/fadeu.urantiacos.cl\/wp-content\/uploads\/2023\/09\/WEB_Embajadores_por_la_Accion_Climatica_04-300x214.jpg 300w\" sizes=\"(max-width: 350px) 100vw, 350px\" \/><\/figure>\n\n\n\n<p>\u201cIvana Mamic, coordinadora de comunidad sustentable, explica que\u00a0en esta primera instancia del programa se escogi\u00f3 e invit\u00f3 a un grupo de embajadores(as) determinados considerando su participaci\u00f3n, vinculaci\u00f3n y motivaci\u00f3n intr\u00ednseca con proyectos e iniciativas de sustentabilidad en la UC. \u201cAdem\u00e1s, se busc\u00f3 que estas personas fueran lo m\u00e1s representativas posibles dentro de la diversidad que existe en la universidad. Estamentos, campus, g\u00e9nero, entre otros criterios, fueron los que se tomaron en consideraci\u00f3n para elegir a este grupo inicial\u201d, complementa\u201d,\u00a0<a href=\"https:\/\/sustentable.uc.cl\/noticias\/705-embajadores-uc-para-la-accion-climatica\">***<\/a><\/p>\n\n\n\n<figure class=\"wp-block-image size-full\"><img decoding=\"async\" width=\"726\" height=\"992\" src=\"https:\/\/fadeu.urantiacos.cl\/wp-content\/uploads\/2023\/09\/Placa-Rodrigo-Ramirez-726x992-1.png\" alt=\"\" class=\"wp-image-6497\" srcset=\"https:\/\/fadeu.urantiacos.cl\/wp-content\/uploads\/2023\/09\/Placa-Rodrigo-Ramirez-726x992-1.png 726w, https:\/\/fadeu.urantiacos.cl\/wp-content\/uploads\/2023\/09\/Placa-Rodrigo-Ramirez-726x992-1-220x300.png 220w\" sizes=\"(max-width: 726px) 100vw, 726px\" \/><\/figure>\n\n\n\n<p>INFORMACI\u00d3N PERIOD\u00cdSTICA<br>ESCUELA DE DISE\u00d1O UC<\/p>\n\n\n\n<p><br>Es importante mencionar que la placa solo contempla la reducci\u00f3n de emisiones de las acciones que fue posible cuantificar, y que muchas de estas acciones tienen otros impactos muy importantes adem\u00e1s de la reducci\u00f3n de CO2.<\/p>\n","protected":false},"excerpt":{"rendered":"<p>Rodrigo Ram\u00edrez fue elegido como uno de los Embajadores UC para la Acci\u00f3n Clim\u00e1tica, activaci\u00f3n organizada desde la Direcci\u00f3n de Sustentabilidad con el objeto de crear redes al interior la UC, involucrando a la comunidad con tal de que sean las personas las que impulsen la meta de la carbononeutralidad que se ha propuesto la Universidad de aqu\u00ed al 2030.<\/p>\n","protected":false},"author":1,"featured_media":6496,"comment_status":"open","ping_status":"open","sticky":false,"template":"","format":"standard","meta":{"_acf_changed":false,"footnotes":""},"categories":[1],"tags":[],"class_list":["post-6494","post","type-post","status-publish","format-standard","has-post-thumbnail","hentry","category-sin-categorizar"],"acf":[],"yoast_head":"<!-- This site is optimized with the Yoast SEO plugin v27.1.1 - https:\/\/yoast.com\/product\/yoast-seo-wordpress\/ -->\n<title>Rodrigo Ram\u00edrez embajador UC para la acci\u00f3n clim\u00e1tica - Facultad de Arquitectura, Dise\u00f1o y Estudios Urbanos<\/title>\n<meta name=\"description\" content=\"Rodrigo Ram\u00edrez fue elegido como uno de los Embajadores UC para la Acci\u00f3n Clim\u00e1tica, activaci\u00f3n organizada desde la Direcci\u00f3n de Sustentabilidad con el objeto de crear redes al interior la UC, involucrando a la comunidad con tal de que sean las personas las que impulsen la meta de la carbononeutralidad que se ha propuesto la Universidad de aqu\u00ed al 2030.\" \/>\n<meta name=\"robots\" content=\"index, follow, max-snippet:-1, max-image-preview:large, max-video-preview:-1\" \/>\n<link rel=\"canonical\" href=\"https:\/\/fadeu.urantiacos.cl\/en\/2021\/08\/16\/rodrigo-ramirez-embajador-uc-para-la-accion-climatica\/\" \/>\n<meta property=\"og:locale\" content=\"en_US\" \/>\n<meta property=\"og:type\" content=\"article\" \/>\n<meta property=\"og:title\" content=\"Rodrigo Ram\u00edrez embajador UC para la acci\u00f3n clim\u00e1tica - Facultad de Arquitectura, Dise\u00f1o y Estudios Urbanos\" \/>\n<meta property=\"og:description\" content=\"Rodrigo Ram\u00edrez fue elegido como uno de los Embajadores UC para la Acci\u00f3n Clim\u00e1tica, activaci\u00f3n organizada desde la Direcci\u00f3n de Sustentabilidad con el objeto de crear redes al interior la UC, involucrando a la comunidad con tal de que sean las personas las que impulsen la meta de la carbononeutralidad que se ha propuesto la Universidad de aqu\u00ed al 2030.\" \/>\n<meta property=\"og:url\" content=\"https:\/\/fadeu.urantiacos.cl\/en\/2021\/08\/16\/rodrigo-ramirez-embajador-uc-para-la-accion-climatica\/\" \/>\n<meta property=\"og:site_name\" content=\"Facultad de Arquitectura, Dise\u00f1o y Estudios Urbanos\" \/>\n<meta property=\"article:published_time\" content=\"2021-08-16T20:02:00+00:00\" \/>\n<meta property=\"article:modified_time\" content=\"2023-09-07T20:04:42+00:00\" \/>\n<meta property=\"og:image\" content=\"https:\/\/fadeu.urantiacos.cl\/wp-content\/uploads\/2023\/09\/WEB_Embajadores_por_la_Accion_Climatica_04.jpg\" \/>\n\t<meta property=\"og:image:width\" content=\"350\" \/>\n\t<meta property=\"og:image:height\" content=\"250\" \/>\n\t<meta property=\"og:image:type\" content=\"image\/jpeg\" \/>\n<meta name=\"author\" content=\"manadmin\" \/>\n<meta name=\"twitter:card\" content=\"summary_large_image\" \/>\n<meta name=\"twitter:label1\" content=\"Written by\" \/>\n\t<meta name=\"twitter:data1\" content=\"manadmin\" \/>\n\t<meta name=\"twitter:label2\" content=\"Est. reading time\" \/>\n\t<meta name=\"twitter:data2\" content=\"1 minute\" \/>\n<script type=\"application\/ld+json\" class=\"yoast-schema-graph\">{\"@context\":\"https:\/\/schema.org\",\"@graph\":[{\"@type\":\"Article\",\"@id\":\"https:\/\/fadeu.urantiacos.cl\/en\/2021\/08\/16\/rodrigo-ramirez-embajador-uc-para-la-accion-climatica\/#article\",\"isPartOf\":{\"@id\":\"https:\/\/fadeu.urantiacos.cl\/en\/2021\/08\/16\/rodrigo-ramirez-embajador-uc-para-la-accion-climatica\/\"},\"author\":{\"name\":\"manadmin\",\"@id\":\"https:\/\/fadeu.urantiacos.cl\/en\/#\/schema\/person\/d203e2e84b1c40275eac77b3061a19a2\"},\"headline\":\"Rodrigo Ram\u00edrez embajador UC para la acci\u00f3n clim\u00e1tica\",\"datePublished\":\"2021-08-16T20:02:00+00:00\",\"dateModified\":\"2023-09-07T20:04:42+00:00\",\"mainEntityOfPage\":{\"@id\":\"https:\/\/fadeu.urantiacos.cl\/en\/2021\/08\/16\/rodrigo-ramirez-embajador-uc-para-la-accion-climatica\/\"},\"wordCount\":147,\"commentCount\":0,\"image\":{\"@id\":\"https:\/\/fadeu.urantiacos.cl\/en\/2021\/08\/16\/rodrigo-ramirez-embajador-uc-para-la-accion-climatica\/#primaryimage\"},\"thumbnailUrl\":\"https:\/\/fadeu.urantiacos.cl\/wp-content\/uploads\/2023\/09\/WEB_Embajadores_por_la_Accion_Climatica_04.jpg\",\"articleSection\":[\"Sin categorizar\"],\"inLanguage\":\"en-US\",\"potentialAction\":[{\"@type\":\"CommentAction\",\"name\":\"Comment\",\"target\":[\"https:\/\/fadeu.urantiacos.cl\/en\/2021\/08\/16\/rodrigo-ramirez-embajador-uc-para-la-accion-climatica\/#respond\"]}]},{\"@type\":\"WebPage\",\"@id\":\"https:\/\/fadeu.urantiacos.cl\/en\/2021\/08\/16\/rodrigo-ramirez-embajador-uc-para-la-accion-climatica\/\",\"url\":\"https:\/\/fadeu.urantiacos.cl\/en\/2021\/08\/16\/rodrigo-ramirez-embajador-uc-para-la-accion-climatica\/\",\"name\":\"Rodrigo Ram\u00edrez embajador UC para la acci\u00f3n clim\u00e1tica - Facultad de Arquitectura, Dise\u00f1o y Estudios Urbanos\",\"isPartOf\":{\"@id\":\"https:\/\/fadeu.urantiacos.cl\/en\/#website\"},\"primaryImageOfPage\":{\"@id\":\"https:\/\/fadeu.urantiacos.cl\/en\/2021\/08\/16\/rodrigo-ramirez-embajador-uc-para-la-accion-climatica\/#primaryimage\"},\"image\":{\"@id\":\"https:\/\/fadeu.urantiacos.cl\/en\/2021\/08\/16\/rodrigo-ramirez-embajador-uc-para-la-accion-climatica\/#primaryimage\"},\"thumbnailUrl\":\"https:\/\/fadeu.urantiacos.cl\/wp-content\/uploads\/2023\/09\/WEB_Embajadores_por_la_Accion_Climatica_04.jpg\",\"datePublished\":\"2021-08-16T20:02:00+00:00\",\"dateModified\":\"2023-09-07T20:04:42+00:00\",\"author\":{\"@id\":\"https:\/\/fadeu.urantiacos.cl\/en\/#\/schema\/person\/d203e2e84b1c40275eac77b3061a19a2\"},\"description\":\"Rodrigo Ram\u00edrez fue elegido como uno de los Embajadores UC para la Acci\u00f3n Clim\u00e1tica, activaci\u00f3n organizada desde la Direcci\u00f3n de Sustentabilidad con el objeto de crear redes al interior la UC, involucrando a la comunidad con tal de que sean las personas las que impulsen la meta de la carbononeutralidad que se ha propuesto la Universidad de aqu\u00ed al 2030.\",\"breadcrumb\":{\"@id\":\"https:\/\/fadeu.urantiacos.cl\/en\/2021\/08\/16\/rodrigo-ramirez-embajador-uc-para-la-accion-climatica\/#breadcrumb\"},\"inLanguage\":\"en-US\",\"potentialAction\":[{\"@type\":\"ReadAction\",\"target\":[\"https:\/\/fadeu.urantiacos.cl\/en\/2021\/08\/16\/rodrigo-ramirez-embajador-uc-para-la-accion-climatica\/\"]}]},{\"@type\":\"ImageObject\",\"inLanguage\":\"en-US\",\"@id\":\"https:\/\/fadeu.urantiacos.cl\/en\/2021\/08\/16\/rodrigo-ramirez-embajador-uc-para-la-accion-climatica\/#primaryimage\",\"url\":\"https:\/\/fadeu.urantiacos.cl\/wp-content\/uploads\/2023\/09\/WEB_Embajadores_por_la_Accion_Climatica_04.jpg\",\"contentUrl\":\"https:\/\/fadeu.urantiacos.cl\/wp-content\/uploads\/2023\/09\/WEB_Embajadores_por_la_Accion_Climatica_04.jpg\",\"width\":350,\"height\":250},{\"@type\":\"BreadcrumbList\",\"@id\":\"https:\/\/fadeu.urantiacos.cl\/en\/2021\/08\/16\/rodrigo-ramirez-embajador-uc-para-la-accion-climatica\/#breadcrumb\",\"itemListElement\":[{\"@type\":\"ListItem\",\"position\":1,\"name\":\"Portada\",\"item\":\"https:\/\/fadeu.urantiacos.cl\/en\/\"},{\"@type\":\"ListItem\",\"position\":2,\"name\":\"Rodrigo Ram\u00edrez embajador UC para la acci\u00f3n clim\u00e1tica\"}]},{\"@type\":\"WebSite\",\"@id\":\"https:\/\/fadeu.urantiacos.cl\/en\/#website\",\"url\":\"https:\/\/fadeu.urantiacos.cl\/en\/\",\"name\":\"Facultad de Arquitectura, Dise\u00f1o y Estudios Urbanos\",\"description\":\"Campus Lo Contador\",\"potentialAction\":[{\"@type\":\"SearchAction\",\"target\":{\"@type\":\"EntryPoint\",\"urlTemplate\":\"https:\/\/fadeu.urantiacos.cl\/en\/?s={search_term_string}\"},\"query-input\":{\"@type\":\"PropertyValueSpecification\",\"valueRequired\":true,\"valueName\":\"search_term_string\"}}],\"inLanguage\":\"en-US\"},{\"@type\":\"Person\",\"@id\":\"https:\/\/fadeu.urantiacos.cl\/en\/#\/schema\/person\/d203e2e84b1c40275eac77b3061a19a2\",\"name\":\"manadmin\",\"image\":{\"@type\":\"ImageObject\",\"inLanguage\":\"en-US\",\"@id\":\"https:\/\/fadeu.urantiacos.cl\/en\/#\/schema\/person\/image\/\",\"url\":\"https:\/\/secure.gravatar.com\/avatar\/4b1d8e3303b4a9d8968ac578947d8bc80d9aea359f388cdd4aac15cadc0e8447?s=96&d=mm&r=g\",\"contentUrl\":\"https:\/\/secure.gravatar.com\/avatar\/4b1d8e3303b4a9d8968ac578947d8bc80d9aea359f388cdd4aac15cadc0e8447?s=96&d=mm&r=g\",\"caption\":\"manadmin\"},\"sameAs\":[\"https:\/\/fadeu.urantiacos.cl\"]}]}<\/script>\n<!-- \/ Yoast SEO plugin. -->","yoast_head_json":{"title":"Rodrigo Ram\u00edrez embajador UC para la acci\u00f3n clim\u00e1tica - Facultad de Arquitectura, Dise\u00f1o y Estudios Urbanos","description":"Rodrigo Ram\u00edrez fue elegido como uno de los Embajadores UC para la Acci\u00f3n Clim\u00e1tica, activaci\u00f3n organizada desde la Direcci\u00f3n de Sustentabilidad con el objeto de crear redes al interior la UC, involucrando a la comunidad con tal de que sean las personas las que impulsen la meta de la carbononeutralidad que se ha propuesto la Universidad de aqu\u00ed al 2030.","robots":{"index":"index","follow":"follow","max-snippet":"max-snippet:-1","max-image-preview":"max-image-preview:large","max-video-preview":"max-video-preview:-1"},"canonical":"https:\/\/fadeu.urantiacos.cl\/en\/2021\/08\/16\/rodrigo-ramirez-embajador-uc-para-la-accion-climatica\/","og_locale":"en_US","og_type":"article","og_title":"Rodrigo Ram\u00edrez embajador UC para la acci\u00f3n clim\u00e1tica - Facultad de Arquitectura, Dise\u00f1o y Estudios Urbanos","og_description":"Rodrigo Ram\u00edrez fue elegido como uno de los Embajadores UC para la Acci\u00f3n Clim\u00e1tica, activaci\u00f3n organizada desde la Direcci\u00f3n de Sustentabilidad con el objeto de crear redes al interior la UC, involucrando a la comunidad con tal de que sean las personas las que impulsen la meta de la carbononeutralidad que se ha propuesto la Universidad de aqu\u00ed al 2030.","og_url":"https:\/\/fadeu.urantiacos.cl\/en\/2021\/08\/16\/rodrigo-ramirez-embajador-uc-para-la-accion-climatica\/","og_site_name":"Facultad de Arquitectura, Dise\u00f1o y Estudios Urbanos","article_published_time":"2021-08-16T20:02:00+00:00","article_modified_time":"2023-09-07T20:04:42+00:00","og_image":[{"width":350,"height":250,"url":"https:\/\/fadeu.urantiacos.cl\/wp-content\/uploads\/2023\/09\/WEB_Embajadores_por_la_Accion_Climatica_04.jpg","type":"image\/jpeg"}],"author":"manadmin","twitter_card":"summary_large_image","twitter_misc":{"Written by":"manadmin","Est. reading time":"1 minute"},"schema":{"@context":"https:\/\/schema.org","@graph":[{"@type":"Article","@id":"https:\/\/fadeu.urantiacos.cl\/en\/2021\/08\/16\/rodrigo-ramirez-embajador-uc-para-la-accion-climatica\/#article","isPartOf":{"@id":"https:\/\/fadeu.urantiacos.cl\/en\/2021\/08\/16\/rodrigo-ramirez-embajador-uc-para-la-accion-climatica\/"},"author":{"name":"manadmin","@id":"https:\/\/fadeu.urantiacos.cl\/en\/#\/schema\/person\/d203e2e84b1c40275eac77b3061a19a2"},"headline":"Rodrigo Ram\u00edrez embajador UC para la acci\u00f3n clim\u00e1tica","datePublished":"2021-08-16T20:02:00+00:00","dateModified":"2023-09-07T20:04:42+00:00","mainEntityOfPage":{"@id":"https:\/\/fadeu.urantiacos.cl\/en\/2021\/08\/16\/rodrigo-ramirez-embajador-uc-para-la-accion-climatica\/"},"wordCount":147,"commentCount":0,"image":{"@id":"https:\/\/fadeu.urantiacos.cl\/en\/2021\/08\/16\/rodrigo-ramirez-embajador-uc-para-la-accion-climatica\/#primaryimage"},"thumbnailUrl":"https:\/\/fadeu.urantiacos.cl\/wp-content\/uploads\/2023\/09\/WEB_Embajadores_por_la_Accion_Climatica_04.jpg","articleSection":["Sin categorizar"],"inLanguage":"en-US","potentialAction":[{"@type":"CommentAction","name":"Comment","target":["https:\/\/fadeu.urantiacos.cl\/en\/2021\/08\/16\/rodrigo-ramirez-embajador-uc-para-la-accion-climatica\/#respond"]}]},{"@type":"WebPage","@id":"https:\/\/fadeu.urantiacos.cl\/en\/2021\/08\/16\/rodrigo-ramirez-embajador-uc-para-la-accion-climatica\/","url":"https:\/\/fadeu.urantiacos.cl\/en\/2021\/08\/16\/rodrigo-ramirez-embajador-uc-para-la-accion-climatica\/","name":"Rodrigo Ram\u00edrez embajador UC para la acci\u00f3n clim\u00e1tica - Facultad de Arquitectura, Dise\u00f1o y Estudios Urbanos","isPartOf":{"@id":"https:\/\/fadeu.urantiacos.cl\/en\/#website"},"primaryImageOfPage":{"@id":"https:\/\/fadeu.urantiacos.cl\/en\/2021\/08\/16\/rodrigo-ramirez-embajador-uc-para-la-accion-climatica\/#primaryimage"},"image":{"@id":"https:\/\/fadeu.urantiacos.cl\/en\/2021\/08\/16\/rodrigo-ramirez-embajador-uc-para-la-accion-climatica\/#primaryimage"},"thumbnailUrl":"https:\/\/fadeu.urantiacos.cl\/wp-content\/uploads\/2023\/09\/WEB_Embajadores_por_la_Accion_Climatica_04.jpg","datePublished":"2021-08-16T20:02:00+00:00","dateModified":"2023-09-07T20:04:42+00:00","author":{"@id":"https:\/\/fadeu.urantiacos.cl\/en\/#\/schema\/person\/d203e2e84b1c40275eac77b3061a19a2"},"description":"Rodrigo Ram\u00edrez fue elegido como uno de los Embajadores UC para la Acci\u00f3n Clim\u00e1tica, activaci\u00f3n organizada desde la Direcci\u00f3n de Sustentabilidad con el objeto de crear redes al interior la UC, involucrando a la comunidad con tal de que sean las personas las que impulsen la meta de la carbononeutralidad que se ha propuesto la Universidad de aqu\u00ed al 2030.","breadcrumb":{"@id":"https:\/\/fadeu.urantiacos.cl\/en\/2021\/08\/16\/rodrigo-ramirez-embajador-uc-para-la-accion-climatica\/#breadcrumb"},"inLanguage":"en-US","potentialAction":[{"@type":"ReadAction","target":["https:\/\/fadeu.urantiacos.cl\/en\/2021\/08\/16\/rodrigo-ramirez-embajador-uc-para-la-accion-climatica\/"]}]},{"@type":"ImageObject","inLanguage":"en-US","@id":"https:\/\/fadeu.urantiacos.cl\/en\/2021\/08\/16\/rodrigo-ramirez-embajador-uc-para-la-accion-climatica\/#primaryimage","url":"https:\/\/fadeu.urantiacos.cl\/wp-content\/uploads\/2023\/09\/WEB_Embajadores_por_la_Accion_Climatica_04.jpg","contentUrl":"https:\/\/fadeu.urantiacos.cl\/wp-content\/uploads\/2023\/09\/WEB_Embajadores_por_la_Accion_Climatica_04.jpg","width":350,"height":250},{"@type":"BreadcrumbList","@id":"https:\/\/fadeu.urantiacos.cl\/en\/2021\/08\/16\/rodrigo-ramirez-embajador-uc-para-la-accion-climatica\/#breadcrumb","itemListElement":[{"@type":"ListItem","position":1,"name":"Portada","item":"https:\/\/fadeu.urantiacos.cl\/en\/"},{"@type":"ListItem","position":2,"name":"Rodrigo Ram\u00edrez embajador UC para la acci\u00f3n clim\u00e1tica"}]},{"@type":"WebSite","@id":"https:\/\/fadeu.urantiacos.cl\/en\/#website","url":"https:\/\/fadeu.urantiacos.cl\/en\/","name":"Facultad de Arquitectura, Dise\u00f1o y Estudios Urbanos","description":"Campus Lo Contador","potentialAction":[{"@type":"SearchAction","target":{"@type":"EntryPoint","urlTemplate":"https:\/\/fadeu.urantiacos.cl\/en\/?s={search_term_string}"},"query-input":{"@type":"PropertyValueSpecification","valueRequired":true,"valueName":"search_term_string"}}],"inLanguage":"en-US"},{"@type":"Person","@id":"https:\/\/fadeu.urantiacos.cl\/en\/#\/schema\/person\/d203e2e84b1c40275eac77b3061a19a2","name":"manadmin","image":{"@type":"ImageObject","inLanguage":"en-US","@id":"https:\/\/fadeu.urantiacos.cl\/en\/#\/schema\/person\/image\/","url":"https:\/\/secure.gravatar.com\/avatar\/4b1d8e3303b4a9d8968ac578947d8bc80d9aea359f388cdd4aac15cadc0e8447?s=96&d=mm&r=g","contentUrl":"https:\/\/secure.gravatar.com\/avatar\/4b1d8e3303b4a9d8968ac578947d8bc80d9aea359f388cdd4aac15cadc0e8447?s=96&d=mm&r=g","caption":"manadmin"},"sameAs":["https:\/\/fadeu.urantiacos.cl"]}]}},"_links":{"self":[{"href":"https:\/\/fadeu.urantiacos.cl\/en\/wp-json\/wp\/v2\/posts\/6494","targetHints":{"allow":["GET"]}}],"collection":[{"href":"https:\/\/fadeu.urantiacos.cl\/en\/wp-json\/wp\/v2\/posts"}],"about":[{"href":"https:\/\/fadeu.urantiacos.cl\/en\/wp-json\/wp\/v2\/types\/post"}],"author":[{"embeddable":true,"href":"https:\/\/fadeu.urantiacos.cl\/en\/wp-json\/wp\/v2\/users\/1"}],"replies":[{"embeddable":true,"href":"https:\/\/fadeu.urantiacos.cl\/en\/wp-json\/wp\/v2\/comments?post=6494"}],"version-history":[{"count":1,"href":"https:\/\/fadeu.urantiacos.cl\/en\/wp-json\/wp\/v2\/posts\/6494\/revisions"}],"predecessor-version":[{"id":6498,"href":"https:\/\/fadeu.urantiacos.cl\/en\/wp-json\/wp\/v2\/posts\/6494\/revisions\/6498"}],"wp:featuredmedia":[{"embeddable":true,"href":"https:\/\/fadeu.urantiacos.cl\/en\/wp-json\/wp\/v2\/media\/6496"}],"wp:attachment":[{"href":"https:\/\/fadeu.urantiacos.cl\/en\/wp-json\/wp\/v2\/media?parent=6494"}],"wp:term":[{"taxonomy":"category","embeddable":true,"href":"https:\/\/fadeu.urantiacos.cl\/en\/wp-json\/wp\/v2\/categories?post=6494"},{"taxonomy":"post_tag","embeddable":true,"href":"https:\/\/fadeu.urantiacos.cl\/en\/wp-json\/wp\/v2\/tags?post=6494"}],"curies":[{"name":"wp","href":"https:\/\/api.w.org\/{rel}","templated":true}]}}