{"id":6484,"date":"2021-08-22T16:58:00","date_gmt":"2021-08-22T19:58:00","guid":{"rendered":"https:\/\/fadeu.urantiacos.cl\/?p=6484"},"modified":"2023-09-07T16:59:24","modified_gmt":"2023-09-07T19:59:24","slug":"convencionales-alistan-modificaciones-a-la-actual-division-territorial-de-chile","status":"publish","type":"post","link":"https:\/\/fadeu.urantiacos.cl\/en\/2021\/08\/22\/convencionales-alistan-modificaciones-a-la-actual-division-territorial-de-chile\/","title":{"rendered":"Convencionales alistan modificaciones a la actual divisi\u00f3n territorial de Chile"},"content":{"rendered":"\n<figure class=\"wp-block-image size-full\"><img decoding=\"async\" width=\"350\" height=\"250\" src=\"https:\/\/fadeu.urantiacos.cl\/wp-content\/uploads\/2023\/09\/web_file_20210821185233.jpg\" alt=\"\" class=\"wp-image-6485\" srcset=\"https:\/\/fadeu.urantiacos.cl\/wp-content\/uploads\/2023\/09\/web_file_20210821185233.jpg 350w, https:\/\/fadeu.urantiacos.cl\/wp-content\/uploads\/2023\/09\/web_file_20210821185233-300x214.jpg 300w\" sizes=\"(max-width: 350px) 100vw, 350px\" \/><\/figure>\n\n\n\n<p>Emol destaca que la modificaci\u00f3n de la actual divisi\u00f3n territorial de Chile podr\u00eda estar en el debate de los temas de fondo de la Convenci\u00f3n Constitucional. Habla el acad\u00e9mico del IEUT Arturo Orellana.<\/p>\n\n\n\n<h6 class=\"wp-block-heading\">+ Revisa nota completa&nbsp;<a href=\"https:\/\/www.emol.com\/noticias\/Nacional\/2021\/08\/22\/1030357\/cronica-constitucional-division-territorial.html\" target=\"_blank\" rel=\"noreferrer noopener\">aqu\u00ed<\/a>.<\/h6>\n","protected":false},"excerpt":{"rendered":"<p>Emol destaca que la modificaci\u00f3n de la actual divisi\u00f3n territorial de Chile podr\u00eda estar en el debate de los temas de fondo de la Convenci\u00f3n Constitucional. Habla el acad\u00e9mico del IEUT Arturo Orellana. + Revisa nota completa&nbsp;aqu\u00ed.<\/p>\n","protected":false},"author":1,"featured_media":6485,"comment_status":"open","ping_status":"open","sticky":false,"template":"","format":"standard","meta":{"_acf_changed":false,"footnotes":""},"categories":[1],"tags":[],"class_list":["post-6484","post","type-post","status-publish","format-standard","has-post-thumbnail","hentry","category-sin-categorizar"],"acf":[],"yoast_head":"<!-- This site is optimized with the Yoast SEO plugin v27.1.1 - https:\/\/yoast.com\/product\/yoast-seo-wordpress\/ -->\n<title>Convencionales alistan modificaciones a la actual divisi\u00f3n territorial de Chile - Facultad de Arquitectura, Dise\u00f1o y Estudios Urbanos<\/title>\n<meta name=\"description\" content=\"Emol destaca que la modificaci\u00f3n de la actual divisi\u00f3n territorial de Chile podr\u00eda estar en el debate de los temas de fondo de la Convenci\u00f3n\" \/>\n<meta name=\"robots\" content=\"index, follow, max-snippet:-1, max-image-preview:large, max-video-preview:-1\" \/>\n<link rel=\"canonical\" href=\"https:\/\/fadeu.urantiacos.cl\/en\/2021\/08\/22\/convencionales-alistan-modificaciones-a-la-actual-division-territorial-de-chile\/\" \/>\n<meta property=\"og:locale\" content=\"en_US\" \/>\n<meta property=\"og:type\" content=\"article\" \/>\n<meta property=\"og:title\" content=\"Convencionales alistan modificaciones a la actual divisi\u00f3n territorial de Chile - Facultad de Arquitectura, Dise\u00f1o y Estudios Urbanos\" \/>\n<meta property=\"og:description\" content=\"Emol destaca que la modificaci\u00f3n de la actual divisi\u00f3n territorial de Chile podr\u00eda estar en el debate de los temas de fondo de la Convenci\u00f3n\" \/>\n<meta property=\"og:url\" content=\"https:\/\/fadeu.urantiacos.cl\/en\/2021\/08\/22\/convencionales-alistan-modificaciones-a-la-actual-division-territorial-de-chile\/\" \/>\n<meta property=\"og:site_name\" content=\"Facultad de Arquitectura, Dise\u00f1o y Estudios Urbanos\" \/>\n<meta property=\"article:published_time\" content=\"2021-08-22T19:58:00+00:00\" \/>\n<meta property=\"article:modified_time\" content=\"2023-09-07T19:59:24+00:00\" \/>\n<meta property=\"og:image\" content=\"https:\/\/fadeu.urantiacos.cl\/wp-content\/uploads\/2023\/09\/web_file_20210821185233.jpg\" \/>\n\t<meta property=\"og:image:width\" content=\"350\" \/>\n\t<meta property=\"og:image:height\" content=\"250\" \/>\n\t<meta property=\"og:image:type\" content=\"image\/jpeg\" \/>\n<meta name=\"author\" content=\"manadmin\" \/>\n<meta name=\"twitter:card\" content=\"summary_large_image\" \/>\n<meta name=\"twitter:label1\" content=\"Written by\" \/>\n\t<meta name=\"twitter:data1\" content=\"manadmin\" \/>\n<script type=\"application\/ld+json\" class=\"yoast-schema-graph\">{\"@context\":\"https:\/\/schema.org\",\"@graph\":[{\"@type\":\"Article\",\"@id\":\"https:\/\/fadeu.urantiacos.cl\/en\/2021\/08\/22\/convencionales-alistan-modificaciones-a-la-actual-division-territorial-de-chile\/#article\",\"isPartOf\":{\"@id\":\"https:\/\/fadeu.urantiacos.cl\/en\/2021\/08\/22\/convencionales-alistan-modificaciones-a-la-actual-division-territorial-de-chile\/\"},\"author\":{\"name\":\"manadmin\",\"@id\":\"https:\/\/fadeu.urantiacos.cl\/en\/#\/schema\/person\/d203e2e84b1c40275eac77b3061a19a2\"},\"headline\":\"Convencionales alistan modificaciones a la actual divisi\u00f3n territorial de Chile\",\"datePublished\":\"2021-08-22T19:58:00+00:00\",\"dateModified\":\"2023-09-07T19:59:24+00:00\",\"mainEntityOfPage\":{\"@id\":\"https:\/\/fadeu.urantiacos.cl\/en\/2021\/08\/22\/convencionales-alistan-modificaciones-a-la-actual-division-territorial-de-chile\/\"},\"wordCount\":54,\"commentCount\":0,\"image\":{\"@id\":\"https:\/\/fadeu.urantiacos.cl\/en\/2021\/08\/22\/convencionales-alistan-modificaciones-a-la-actual-division-territorial-de-chile\/#primaryimage\"},\"thumbnailUrl\":\"https:\/\/fadeu.urantiacos.cl\/wp-content\/uploads\/2023\/09\/web_file_20210821185233.jpg\",\"articleSection\":[\"Sin categorizar\"],\"inLanguage\":\"en-US\",\"potentialAction\":[{\"@type\":\"CommentAction\",\"name\":\"Comment\",\"target\":[\"https:\/\/fadeu.urantiacos.cl\/en\/2021\/08\/22\/convencionales-alistan-modificaciones-a-la-actual-division-territorial-de-chile\/#respond\"]}]},{\"@type\":\"WebPage\",\"@id\":\"https:\/\/fadeu.urantiacos.cl\/en\/2021\/08\/22\/convencionales-alistan-modificaciones-a-la-actual-division-territorial-de-chile\/\",\"url\":\"https:\/\/fadeu.urantiacos.cl\/en\/2021\/08\/22\/convencionales-alistan-modificaciones-a-la-actual-division-territorial-de-chile\/\",\"name\":\"Convencionales alistan modificaciones a la actual divisi\u00f3n territorial de Chile - Facultad de Arquitectura, Dise\u00f1o y Estudios Urbanos\",\"isPartOf\":{\"@id\":\"https:\/\/fadeu.urantiacos.cl\/en\/#website\"},\"primaryImageOfPage\":{\"@id\":\"https:\/\/fadeu.urantiacos.cl\/en\/2021\/08\/22\/convencionales-alistan-modificaciones-a-la-actual-division-territorial-de-chile\/#primaryimage\"},\"image\":{\"@id\":\"https:\/\/fadeu.urantiacos.cl\/en\/2021\/08\/22\/convencionales-alistan-modificaciones-a-la-actual-division-territorial-de-chile\/#primaryimage\"},\"thumbnailUrl\":\"https:\/\/fadeu.urantiacos.cl\/wp-content\/uploads\/2023\/09\/web_file_20210821185233.jpg\",\"datePublished\":\"2021-08-22T19:58:00+00:00\",\"dateModified\":\"2023-09-07T19:59:24+00:00\",\"author\":{\"@id\":\"https:\/\/fadeu.urantiacos.cl\/en\/#\/schema\/person\/d203e2e84b1c40275eac77b3061a19a2\"},\"description\":\"Emol destaca que la modificaci\u00f3n de la actual divisi\u00f3n territorial de Chile podr\u00eda estar en el debate de los temas de fondo de la Convenci\u00f3n\",\"breadcrumb\":{\"@id\":\"https:\/\/fadeu.urantiacos.cl\/en\/2021\/08\/22\/convencionales-alistan-modificaciones-a-la-actual-division-territorial-de-chile\/#breadcrumb\"},\"inLanguage\":\"en-US\",\"potentialAction\":[{\"@type\":\"ReadAction\",\"target\":[\"https:\/\/fadeu.urantiacos.cl\/en\/2021\/08\/22\/convencionales-alistan-modificaciones-a-la-actual-division-territorial-de-chile\/\"]}]},{\"@type\":\"ImageObject\",\"inLanguage\":\"en-US\",\"@id\":\"https:\/\/fadeu.urantiacos.cl\/en\/2021\/08\/22\/convencionales-alistan-modificaciones-a-la-actual-division-territorial-de-chile\/#primaryimage\",\"url\":\"https:\/\/fadeu.urantiacos.cl\/wp-content\/uploads\/2023\/09\/web_file_20210821185233.jpg\",\"contentUrl\":\"https:\/\/fadeu.urantiacos.cl\/wp-content\/uploads\/2023\/09\/web_file_20210821185233.jpg\",\"width\":350,\"height\":250},{\"@type\":\"BreadcrumbList\",\"@id\":\"https:\/\/fadeu.urantiacos.cl\/en\/2021\/08\/22\/convencionales-alistan-modificaciones-a-la-actual-division-territorial-de-chile\/#breadcrumb\",\"itemListElement\":[{\"@type\":\"ListItem\",\"position\":1,\"name\":\"Portada\",\"item\":\"https:\/\/fadeu.urantiacos.cl\/en\/\"},{\"@type\":\"ListItem\",\"position\":2,\"name\":\"Convencionales alistan modificaciones a la actual divisi\u00f3n territorial de Chile\"}]},{\"@type\":\"WebSite\",\"@id\":\"https:\/\/fadeu.urantiacos.cl\/en\/#website\",\"url\":\"https:\/\/fadeu.urantiacos.cl\/en\/\",\"name\":\"Facultad de Arquitectura, Dise\u00f1o y Estudios Urbanos\",\"description\":\"Campus Lo Contador\",\"potentialAction\":[{\"@type\":\"SearchAction\",\"target\":{\"@type\":\"EntryPoint\",\"urlTemplate\":\"https:\/\/fadeu.urantiacos.cl\/en\/?s={search_term_string}\"},\"query-input\":{\"@type\":\"PropertyValueSpecification\",\"valueRequired\":true,\"valueName\":\"search_term_string\"}}],\"inLanguage\":\"en-US\"},{\"@type\":\"Person\",\"@id\":\"https:\/\/fadeu.urantiacos.cl\/en\/#\/schema\/person\/d203e2e84b1c40275eac77b3061a19a2\",\"name\":\"manadmin\",\"image\":{\"@type\":\"ImageObject\",\"inLanguage\":\"en-US\",\"@id\":\"https:\/\/fadeu.urantiacos.cl\/en\/#\/schema\/person\/image\/\",\"url\":\"https:\/\/secure.gravatar.com\/avatar\/4b1d8e3303b4a9d8968ac578947d8bc80d9aea359f388cdd4aac15cadc0e8447?s=96&d=mm&r=g\",\"contentUrl\":\"https:\/\/secure.gravatar.com\/avatar\/4b1d8e3303b4a9d8968ac578947d8bc80d9aea359f388cdd4aac15cadc0e8447?s=96&d=mm&r=g\",\"caption\":\"manadmin\"},\"sameAs\":[\"https:\/\/fadeu.urantiacos.cl\"]}]}<\/script>\n<!-- \/ Yoast SEO plugin. -->","yoast_head_json":{"title":"Convencionales alistan modificaciones a la actual divisi\u00f3n territorial de Chile - Facultad de Arquitectura, Dise\u00f1o y Estudios Urbanos","description":"Emol destaca que la modificaci\u00f3n de la actual divisi\u00f3n territorial de Chile podr\u00eda estar en el debate de los temas de fondo de la Convenci\u00f3n","robots":{"index":"index","follow":"follow","max-snippet":"max-snippet:-1","max-image-preview":"max-image-preview:large","max-video-preview":"max-video-preview:-1"},"canonical":"https:\/\/fadeu.urantiacos.cl\/en\/2021\/08\/22\/convencionales-alistan-modificaciones-a-la-actual-division-territorial-de-chile\/","og_locale":"en_US","og_type":"article","og_title":"Convencionales alistan modificaciones a la actual divisi\u00f3n territorial de Chile - Facultad de Arquitectura, Dise\u00f1o y Estudios Urbanos","og_description":"Emol destaca que la modificaci\u00f3n de la actual divisi\u00f3n territorial de Chile podr\u00eda estar en el debate de los temas de fondo de la Convenci\u00f3n","og_url":"https:\/\/fadeu.urantiacos.cl\/en\/2021\/08\/22\/convencionales-alistan-modificaciones-a-la-actual-division-territorial-de-chile\/","og_site_name":"Facultad de Arquitectura, Dise\u00f1o y Estudios Urbanos","article_published_time":"2021-08-22T19:58:00+00:00","article_modified_time":"2023-09-07T19:59:24+00:00","og_image":[{"width":350,"height":250,"url":"https:\/\/fadeu.urantiacos.cl\/wp-content\/uploads\/2023\/09\/web_file_20210821185233.jpg","type":"image\/jpeg"}],"author":"manadmin","twitter_card":"summary_large_image","twitter_misc":{"Written by":"manadmin"},"schema":{"@context":"https:\/\/schema.org","@graph":[{"@type":"Article","@id":"https:\/\/fadeu.urantiacos.cl\/en\/2021\/08\/22\/convencionales-alistan-modificaciones-a-la-actual-division-territorial-de-chile\/#article","isPartOf":{"@id":"https:\/\/fadeu.urantiacos.cl\/en\/2021\/08\/22\/convencionales-alistan-modificaciones-a-la-actual-division-territorial-de-chile\/"},"author":{"name":"manadmin","@id":"https:\/\/fadeu.urantiacos.cl\/en\/#\/schema\/person\/d203e2e84b1c40275eac77b3061a19a2"},"headline":"Convencionales alistan modificaciones a la actual divisi\u00f3n territorial de Chile","datePublished":"2021-08-22T19:58:00+00:00","dateModified":"2023-09-07T19:59:24+00:00","mainEntityOfPage":{"@id":"https:\/\/fadeu.urantiacos.cl\/en\/2021\/08\/22\/convencionales-alistan-modificaciones-a-la-actual-division-territorial-de-chile\/"},"wordCount":54,"commentCount":0,"image":{"@id":"https:\/\/fadeu.urantiacos.cl\/en\/2021\/08\/22\/convencionales-alistan-modificaciones-a-la-actual-division-territorial-de-chile\/#primaryimage"},"thumbnailUrl":"https:\/\/fadeu.urantiacos.cl\/wp-content\/uploads\/2023\/09\/web_file_20210821185233.jpg","articleSection":["Sin categorizar"],"inLanguage":"en-US","potentialAction":[{"@type":"CommentAction","name":"Comment","target":["https:\/\/fadeu.urantiacos.cl\/en\/2021\/08\/22\/convencionales-alistan-modificaciones-a-la-actual-division-territorial-de-chile\/#respond"]}]},{"@type":"WebPage","@id":"https:\/\/fadeu.urantiacos.cl\/en\/2021\/08\/22\/convencionales-alistan-modificaciones-a-la-actual-division-territorial-de-chile\/","url":"https:\/\/fadeu.urantiacos.cl\/en\/2021\/08\/22\/convencionales-alistan-modificaciones-a-la-actual-division-territorial-de-chile\/","name":"Convencionales alistan modificaciones a la actual divisi\u00f3n territorial de Chile - Facultad de Arquitectura, Dise\u00f1o y Estudios Urbanos","isPartOf":{"@id":"https:\/\/fadeu.urantiacos.cl\/en\/#website"},"primaryImageOfPage":{"@id":"https:\/\/fadeu.urantiacos.cl\/en\/2021\/08\/22\/convencionales-alistan-modificaciones-a-la-actual-division-territorial-de-chile\/#primaryimage"},"image":{"@id":"https:\/\/fadeu.urantiacos.cl\/en\/2021\/08\/22\/convencionales-alistan-modificaciones-a-la-actual-division-territorial-de-chile\/#primaryimage"},"thumbnailUrl":"https:\/\/fadeu.urantiacos.cl\/wp-content\/uploads\/2023\/09\/web_file_20210821185233.jpg","datePublished":"2021-08-22T19:58:00+00:00","dateModified":"2023-09-07T19:59:24+00:00","author":{"@id":"https:\/\/fadeu.urantiacos.cl\/en\/#\/schema\/person\/d203e2e84b1c40275eac77b3061a19a2"},"description":"Emol destaca que la modificaci\u00f3n de la actual divisi\u00f3n territorial de Chile podr\u00eda estar en el debate de los temas de fondo de la Convenci\u00f3n","breadcrumb":{"@id":"https:\/\/fadeu.urantiacos.cl\/en\/2021\/08\/22\/convencionales-alistan-modificaciones-a-la-actual-division-territorial-de-chile\/#breadcrumb"},"inLanguage":"en-US","potentialAction":[{"@type":"ReadAction","target":["https:\/\/fadeu.urantiacos.cl\/en\/2021\/08\/22\/convencionales-alistan-modificaciones-a-la-actual-division-territorial-de-chile\/"]}]},{"@type":"ImageObject","inLanguage":"en-US","@id":"https:\/\/fadeu.urantiacos.cl\/en\/2021\/08\/22\/convencionales-alistan-modificaciones-a-la-actual-division-territorial-de-chile\/#primaryimage","url":"https:\/\/fadeu.urantiacos.cl\/wp-content\/uploads\/2023\/09\/web_file_20210821185233.jpg","contentUrl":"https:\/\/fadeu.urantiacos.cl\/wp-content\/uploads\/2023\/09\/web_file_20210821185233.jpg","width":350,"height":250},{"@type":"BreadcrumbList","@id":"https:\/\/fadeu.urantiacos.cl\/en\/2021\/08\/22\/convencionales-alistan-modificaciones-a-la-actual-division-territorial-de-chile\/#breadcrumb","itemListElement":[{"@type":"ListItem","position":1,"name":"Portada","item":"https:\/\/fadeu.urantiacos.cl\/en\/"},{"@type":"ListItem","position":2,"name":"Convencionales alistan modificaciones a la actual divisi\u00f3n territorial de Chile"}]},{"@type":"WebSite","@id":"https:\/\/fadeu.urantiacos.cl\/en\/#website","url":"https:\/\/fadeu.urantiacos.cl\/en\/","name":"Facultad de Arquitectura, Dise\u00f1o y Estudios Urbanos","description":"Campus Lo Contador","potentialAction":[{"@type":"SearchAction","target":{"@type":"EntryPoint","urlTemplate":"https:\/\/fadeu.urantiacos.cl\/en\/?s={search_term_string}"},"query-input":{"@type":"PropertyValueSpecification","valueRequired":true,"valueName":"search_term_string"}}],"inLanguage":"en-US"},{"@type":"Person","@id":"https:\/\/fadeu.urantiacos.cl\/en\/#\/schema\/person\/d203e2e84b1c40275eac77b3061a19a2","name":"manadmin","image":{"@type":"ImageObject","inLanguage":"en-US","@id":"https:\/\/fadeu.urantiacos.cl\/en\/#\/schema\/person\/image\/","url":"https:\/\/secure.gravatar.com\/avatar\/4b1d8e3303b4a9d8968ac578947d8bc80d9aea359f388cdd4aac15cadc0e8447?s=96&d=mm&r=g","contentUrl":"https:\/\/secure.gravatar.com\/avatar\/4b1d8e3303b4a9d8968ac578947d8bc80d9aea359f388cdd4aac15cadc0e8447?s=96&d=mm&r=g","caption":"manadmin"},"sameAs":["https:\/\/fadeu.urantiacos.cl"]}]}},"_links":{"self":[{"href":"https:\/\/fadeu.urantiacos.cl\/en\/wp-json\/wp\/v2\/posts\/6484","targetHints":{"allow":["GET"]}}],"collection":[{"href":"https:\/\/fadeu.urantiacos.cl\/en\/wp-json\/wp\/v2\/posts"}],"about":[{"href":"https:\/\/fadeu.urantiacos.cl\/en\/wp-json\/wp\/v2\/types\/post"}],"author":[{"embeddable":true,"href":"https:\/\/fadeu.urantiacos.cl\/en\/wp-json\/wp\/v2\/users\/1"}],"replies":[{"embeddable":true,"href":"https:\/\/fadeu.urantiacos.cl\/en\/wp-json\/wp\/v2\/comments?post=6484"}],"version-history":[{"count":1,"href":"https:\/\/fadeu.urantiacos.cl\/en\/wp-json\/wp\/v2\/posts\/6484\/revisions"}],"predecessor-version":[{"id":6486,"href":"https:\/\/fadeu.urantiacos.cl\/en\/wp-json\/wp\/v2\/posts\/6484\/revisions\/6486"}],"wp:featuredmedia":[{"embeddable":true,"href":"https:\/\/fadeu.urantiacos.cl\/en\/wp-json\/wp\/v2\/media\/6485"}],"wp:attachment":[{"href":"https:\/\/fadeu.urantiacos.cl\/en\/wp-json\/wp\/v2\/media?parent=6484"}],"wp:term":[{"taxonomy":"category","embeddable":true,"href":"https:\/\/fadeu.urantiacos.cl\/en\/wp-json\/wp\/v2\/categories?post=6484"},{"taxonomy":"post_tag","embeddable":true,"href":"https:\/\/fadeu.urantiacos.cl\/en\/wp-json\/wp\/v2\/tags?post=6484"}],"curies":[{"name":"wp","href":"https:\/\/api.w.org\/{rel}","templated":true}]}}