{"id":6481,"date":"2021-08-23T16:56:00","date_gmt":"2021-08-23T19:56:00","guid":{"rendered":"https:\/\/fadeu.urantiacos.cl\/?p=6481"},"modified":"2023-09-07T16:58:08","modified_gmt":"2023-09-07T19:58:08","slug":"margarita-greene-presento-en-encuentro-sobre-vivienda-en-mexico","status":"publish","type":"post","link":"https:\/\/fadeu.urantiacos.cl\/en\/2021\/08\/23\/margarita-greene-presento-en-encuentro-sobre-vivienda-en-mexico\/","title":{"rendered":"Margarita Greene present\u00f3 en encuentro sobre vivienda en M\u00e9xico"},"content":{"rendered":"\n<figure class=\"wp-block-image size-full\"><img decoding=\"async\" width=\"350\" height=\"250\" src=\"https:\/\/fadeu.urantiacos.cl\/wp-content\/uploads\/2023\/09\/MG_agosto.png\" alt=\"\" class=\"wp-image-6482\" srcset=\"https:\/\/fadeu.urantiacos.cl\/wp-content\/uploads\/2023\/09\/MG_agosto.png 350w, https:\/\/fadeu.urantiacos.cl\/wp-content\/uploads\/2023\/09\/MG_agosto-300x214.png 300w\" sizes=\"(max-width: 350px) 100vw, 350px\" \/><\/figure>\n\n\n\n<p>El panel se titul\u00f3 \u201cPerspectivas de largo plazo en t\u00e9rminos de pol\u00edtica de vivienda y desarrollo urbano, \u00bfC\u00f3mo lograr una recuperaci\u00f3n econ\u00f3mica equitativa, incluyente y sustentable?\u201d y fue moderado por Elkin Vel\u00e1squez, representante regional de ONU H\u00e1bitat. Durante su participaci\u00f3n en el encuentro, una de las cosas que destac\u00f3 la profesor ARQ UC Margarita Greene fue la importancia de \u201chacer ciudad\u201d, agregando que \u201cantes de empezar a producir vivienda, hay que producir ciudad\u201d.<\/p>\n\n\n\n<p><a href=\"https:\/\/youtu.be\/STjGIgXasmc\">https:\/\/youtu.be\/STjGIgXasmc<\/a><\/p>\n","protected":false},"excerpt":{"rendered":"<p>La profesora ARQ UC fue invitada a participar en un panel del \u201cEncuentro CELAC sobre vivienda y reactivaci\u00f3n econ\u00f3mica inclusiva, equitativa y sostenible\u201d, organizado por la Comunidad de Estados Latinoamericanos y Caribe\u00f1os (CELAC), junto a la Secretar\u00eda de Desarrollo Agrario, Territorial y Urbano del Gobierno de M\u00e9xico (Sedatu) y el Instituto del Fondo Nacional de la Vivienda para los Trabajadores (Infonavit).<\/p>\n","protected":false},"author":1,"featured_media":6482,"comment_status":"open","ping_status":"open","sticky":false,"template":"","format":"standard","meta":{"_acf_changed":false,"footnotes":""},"categories":[1],"tags":[],"class_list":["post-6481","post","type-post","status-publish","format-standard","has-post-thumbnail","hentry","category-sin-categorizar"],"acf":[],"yoast_head":"<!-- This site is optimized with the Yoast SEO plugin v27.1.1 - https:\/\/yoast.com\/product\/yoast-seo-wordpress\/ -->\n<title>Margarita Greene present\u00f3 en encuentro sobre vivienda en M\u00e9xico - Facultad de Arquitectura, Dise\u00f1o y Estudios Urbanos<\/title>\n<meta name=\"description\" content=\"La profesora ARQ UC fue invitada a participar en un panel del \u201cEncuentro CELAC sobre vivienda y reactivaci\u00f3n econ\u00f3mica inclusiva, equitativa y sostenible\u201d, organizado por la Comunidad de Estados Latinoamericanos y Caribe\u00f1os (CELAC), junto a la Secretar\u00eda de Desarrollo Agrario, Territorial y Urbano del Gobierno de M\u00e9xico (Sedatu) y el Instituto del Fondo Nacional de la Vivienda para los Trabajadores (Infonavit).\" \/>\n<meta name=\"robots\" content=\"index, follow, max-snippet:-1, max-image-preview:large, max-video-preview:-1\" \/>\n<link rel=\"canonical\" href=\"https:\/\/fadeu.urantiacos.cl\/en\/2021\/08\/23\/margarita-greene-presento-en-encuentro-sobre-vivienda-en-mexico\/\" \/>\n<meta property=\"og:locale\" content=\"en_US\" \/>\n<meta property=\"og:type\" content=\"article\" \/>\n<meta property=\"og:title\" content=\"Margarita Greene present\u00f3 en encuentro sobre vivienda en M\u00e9xico - Facultad de Arquitectura, Dise\u00f1o y Estudios Urbanos\" \/>\n<meta property=\"og:description\" content=\"La profesora ARQ UC fue invitada a participar en un panel del \u201cEncuentro CELAC sobre vivienda y reactivaci\u00f3n econ\u00f3mica inclusiva, equitativa y sostenible\u201d, organizado por la Comunidad de Estados Latinoamericanos y Caribe\u00f1os (CELAC), junto a la Secretar\u00eda de Desarrollo Agrario, Territorial y Urbano del Gobierno de M\u00e9xico (Sedatu) y el Instituto del Fondo Nacional de la Vivienda para los Trabajadores (Infonavit).\" \/>\n<meta property=\"og:url\" content=\"https:\/\/fadeu.urantiacos.cl\/en\/2021\/08\/23\/margarita-greene-presento-en-encuentro-sobre-vivienda-en-mexico\/\" \/>\n<meta property=\"og:site_name\" content=\"Facultad de Arquitectura, Dise\u00f1o y Estudios Urbanos\" \/>\n<meta property=\"article:published_time\" content=\"2021-08-23T19:56:00+00:00\" \/>\n<meta property=\"article:modified_time\" content=\"2023-09-07T19:58:08+00:00\" \/>\n<meta property=\"og:image\" content=\"https:\/\/fadeu.urantiacos.cl\/wp-content\/uploads\/2023\/09\/MG_agosto.png\" \/>\n\t<meta property=\"og:image:width\" content=\"350\" \/>\n\t<meta property=\"og:image:height\" content=\"250\" \/>\n\t<meta property=\"og:image:type\" content=\"image\/png\" \/>\n<meta name=\"author\" content=\"manadmin\" \/>\n<meta name=\"twitter:card\" content=\"summary_large_image\" \/>\n<meta name=\"twitter:label1\" content=\"Written by\" \/>\n\t<meta name=\"twitter:data1\" content=\"manadmin\" \/>\n<script type=\"application\/ld+json\" class=\"yoast-schema-graph\">{\"@context\":\"https:\/\/schema.org\",\"@graph\":[{\"@type\":\"Article\",\"@id\":\"https:\/\/fadeu.urantiacos.cl\/en\/2021\/08\/23\/margarita-greene-presento-en-encuentro-sobre-vivienda-en-mexico\/#article\",\"isPartOf\":{\"@id\":\"https:\/\/fadeu.urantiacos.cl\/en\/2021\/08\/23\/margarita-greene-presento-en-encuentro-sobre-vivienda-en-mexico\/\"},\"author\":{\"name\":\"manadmin\",\"@id\":\"https:\/\/fadeu.urantiacos.cl\/en\/#\/schema\/person\/d203e2e84b1c40275eac77b3061a19a2\"},\"headline\":\"Margarita Greene present\u00f3 en encuentro sobre vivienda en M\u00e9xico\",\"datePublished\":\"2021-08-23T19:56:00+00:00\",\"dateModified\":\"2023-09-07T19:58:08+00:00\",\"mainEntityOfPage\":{\"@id\":\"https:\/\/fadeu.urantiacos.cl\/en\/2021\/08\/23\/margarita-greene-presento-en-encuentro-sobre-vivienda-en-mexico\/\"},\"wordCount\":95,\"commentCount\":0,\"image\":{\"@id\":\"https:\/\/fadeu.urantiacos.cl\/en\/2021\/08\/23\/margarita-greene-presento-en-encuentro-sobre-vivienda-en-mexico\/#primaryimage\"},\"thumbnailUrl\":\"https:\/\/fadeu.urantiacos.cl\/wp-content\/uploads\/2023\/09\/MG_agosto.png\",\"articleSection\":[\"Sin categorizar\"],\"inLanguage\":\"en-US\",\"potentialAction\":[{\"@type\":\"CommentAction\",\"name\":\"Comment\",\"target\":[\"https:\/\/fadeu.urantiacos.cl\/en\/2021\/08\/23\/margarita-greene-presento-en-encuentro-sobre-vivienda-en-mexico\/#respond\"]}]},{\"@type\":\"WebPage\",\"@id\":\"https:\/\/fadeu.urantiacos.cl\/en\/2021\/08\/23\/margarita-greene-presento-en-encuentro-sobre-vivienda-en-mexico\/\",\"url\":\"https:\/\/fadeu.urantiacos.cl\/en\/2021\/08\/23\/margarita-greene-presento-en-encuentro-sobre-vivienda-en-mexico\/\",\"name\":\"Margarita Greene present\u00f3 en encuentro sobre vivienda en M\u00e9xico - Facultad de Arquitectura, Dise\u00f1o y Estudios Urbanos\",\"isPartOf\":{\"@id\":\"https:\/\/fadeu.urantiacos.cl\/en\/#website\"},\"primaryImageOfPage\":{\"@id\":\"https:\/\/fadeu.urantiacos.cl\/en\/2021\/08\/23\/margarita-greene-presento-en-encuentro-sobre-vivienda-en-mexico\/#primaryimage\"},\"image\":{\"@id\":\"https:\/\/fadeu.urantiacos.cl\/en\/2021\/08\/23\/margarita-greene-presento-en-encuentro-sobre-vivienda-en-mexico\/#primaryimage\"},\"thumbnailUrl\":\"https:\/\/fadeu.urantiacos.cl\/wp-content\/uploads\/2023\/09\/MG_agosto.png\",\"datePublished\":\"2021-08-23T19:56:00+00:00\",\"dateModified\":\"2023-09-07T19:58:08+00:00\",\"author\":{\"@id\":\"https:\/\/fadeu.urantiacos.cl\/en\/#\/schema\/person\/d203e2e84b1c40275eac77b3061a19a2\"},\"description\":\"La profesora ARQ UC fue invitada a participar en un panel del \u201cEncuentro CELAC sobre vivienda y reactivaci\u00f3n econ\u00f3mica inclusiva, equitativa y sostenible\u201d, organizado por la Comunidad de Estados Latinoamericanos y Caribe\u00f1os (CELAC), junto a la Secretar\u00eda de Desarrollo Agrario, Territorial y Urbano del Gobierno de M\u00e9xico (Sedatu) y el Instituto del Fondo Nacional de la Vivienda para los Trabajadores (Infonavit).\",\"breadcrumb\":{\"@id\":\"https:\/\/fadeu.urantiacos.cl\/en\/2021\/08\/23\/margarita-greene-presento-en-encuentro-sobre-vivienda-en-mexico\/#breadcrumb\"},\"inLanguage\":\"en-US\",\"potentialAction\":[{\"@type\":\"ReadAction\",\"target\":[\"https:\/\/fadeu.urantiacos.cl\/en\/2021\/08\/23\/margarita-greene-presento-en-encuentro-sobre-vivienda-en-mexico\/\"]}]},{\"@type\":\"ImageObject\",\"inLanguage\":\"en-US\",\"@id\":\"https:\/\/fadeu.urantiacos.cl\/en\/2021\/08\/23\/margarita-greene-presento-en-encuentro-sobre-vivienda-en-mexico\/#primaryimage\",\"url\":\"https:\/\/fadeu.urantiacos.cl\/wp-content\/uploads\/2023\/09\/MG_agosto.png\",\"contentUrl\":\"https:\/\/fadeu.urantiacos.cl\/wp-content\/uploads\/2023\/09\/MG_agosto.png\",\"width\":350,\"height\":250},{\"@type\":\"BreadcrumbList\",\"@id\":\"https:\/\/fadeu.urantiacos.cl\/en\/2021\/08\/23\/margarita-greene-presento-en-encuentro-sobre-vivienda-en-mexico\/#breadcrumb\",\"itemListElement\":[{\"@type\":\"ListItem\",\"position\":1,\"name\":\"Portada\",\"item\":\"https:\/\/fadeu.urantiacos.cl\/en\/\"},{\"@type\":\"ListItem\",\"position\":2,\"name\":\"Margarita Greene present\u00f3 en encuentro sobre vivienda en M\u00e9xico\"}]},{\"@type\":\"WebSite\",\"@id\":\"https:\/\/fadeu.urantiacos.cl\/en\/#website\",\"url\":\"https:\/\/fadeu.urantiacos.cl\/en\/\",\"name\":\"Facultad de Arquitectura, Dise\u00f1o y Estudios Urbanos\",\"description\":\"Campus Lo Contador\",\"potentialAction\":[{\"@type\":\"SearchAction\",\"target\":{\"@type\":\"EntryPoint\",\"urlTemplate\":\"https:\/\/fadeu.urantiacos.cl\/en\/?s={search_term_string}\"},\"query-input\":{\"@type\":\"PropertyValueSpecification\",\"valueRequired\":true,\"valueName\":\"search_term_string\"}}],\"inLanguage\":\"en-US\"},{\"@type\":\"Person\",\"@id\":\"https:\/\/fadeu.urantiacos.cl\/en\/#\/schema\/person\/d203e2e84b1c40275eac77b3061a19a2\",\"name\":\"manadmin\",\"image\":{\"@type\":\"ImageObject\",\"inLanguage\":\"en-US\",\"@id\":\"https:\/\/fadeu.urantiacos.cl\/en\/#\/schema\/person\/image\/\",\"url\":\"https:\/\/secure.gravatar.com\/avatar\/4b1d8e3303b4a9d8968ac578947d8bc80d9aea359f388cdd4aac15cadc0e8447?s=96&d=mm&r=g\",\"contentUrl\":\"https:\/\/secure.gravatar.com\/avatar\/4b1d8e3303b4a9d8968ac578947d8bc80d9aea359f388cdd4aac15cadc0e8447?s=96&d=mm&r=g\",\"caption\":\"manadmin\"},\"sameAs\":[\"https:\/\/fadeu.urantiacos.cl\"]}]}<\/script>\n<!-- \/ Yoast SEO plugin. -->","yoast_head_json":{"title":"Margarita Greene present\u00f3 en encuentro sobre vivienda en M\u00e9xico - Facultad de Arquitectura, Dise\u00f1o y Estudios Urbanos","description":"La profesora ARQ UC fue invitada a participar en un panel del \u201cEncuentro CELAC sobre vivienda y reactivaci\u00f3n econ\u00f3mica inclusiva, equitativa y sostenible\u201d, organizado por la Comunidad de Estados Latinoamericanos y Caribe\u00f1os (CELAC), junto a la Secretar\u00eda de Desarrollo Agrario, Territorial y Urbano del Gobierno de M\u00e9xico (Sedatu) y el Instituto del Fondo Nacional de la Vivienda para los Trabajadores (Infonavit).","robots":{"index":"index","follow":"follow","max-snippet":"max-snippet:-1","max-image-preview":"max-image-preview:large","max-video-preview":"max-video-preview:-1"},"canonical":"https:\/\/fadeu.urantiacos.cl\/en\/2021\/08\/23\/margarita-greene-presento-en-encuentro-sobre-vivienda-en-mexico\/","og_locale":"en_US","og_type":"article","og_title":"Margarita Greene present\u00f3 en encuentro sobre vivienda en M\u00e9xico - Facultad de Arquitectura, Dise\u00f1o y Estudios Urbanos","og_description":"La profesora ARQ UC fue invitada a participar en un panel del \u201cEncuentro CELAC sobre vivienda y reactivaci\u00f3n econ\u00f3mica inclusiva, equitativa y sostenible\u201d, organizado por la Comunidad de Estados Latinoamericanos y Caribe\u00f1os (CELAC), junto a la Secretar\u00eda de Desarrollo Agrario, Territorial y Urbano del Gobierno de M\u00e9xico (Sedatu) y el Instituto del Fondo Nacional de la Vivienda para los Trabajadores (Infonavit).","og_url":"https:\/\/fadeu.urantiacos.cl\/en\/2021\/08\/23\/margarita-greene-presento-en-encuentro-sobre-vivienda-en-mexico\/","og_site_name":"Facultad de Arquitectura, Dise\u00f1o y Estudios Urbanos","article_published_time":"2021-08-23T19:56:00+00:00","article_modified_time":"2023-09-07T19:58:08+00:00","og_image":[{"width":350,"height":250,"url":"https:\/\/fadeu.urantiacos.cl\/wp-content\/uploads\/2023\/09\/MG_agosto.png","type":"image\/png"}],"author":"manadmin","twitter_card":"summary_large_image","twitter_misc":{"Written by":"manadmin"},"schema":{"@context":"https:\/\/schema.org","@graph":[{"@type":"Article","@id":"https:\/\/fadeu.urantiacos.cl\/en\/2021\/08\/23\/margarita-greene-presento-en-encuentro-sobre-vivienda-en-mexico\/#article","isPartOf":{"@id":"https:\/\/fadeu.urantiacos.cl\/en\/2021\/08\/23\/margarita-greene-presento-en-encuentro-sobre-vivienda-en-mexico\/"},"author":{"name":"manadmin","@id":"https:\/\/fadeu.urantiacos.cl\/en\/#\/schema\/person\/d203e2e84b1c40275eac77b3061a19a2"},"headline":"Margarita Greene present\u00f3 en encuentro sobre vivienda en M\u00e9xico","datePublished":"2021-08-23T19:56:00+00:00","dateModified":"2023-09-07T19:58:08+00:00","mainEntityOfPage":{"@id":"https:\/\/fadeu.urantiacos.cl\/en\/2021\/08\/23\/margarita-greene-presento-en-encuentro-sobre-vivienda-en-mexico\/"},"wordCount":95,"commentCount":0,"image":{"@id":"https:\/\/fadeu.urantiacos.cl\/en\/2021\/08\/23\/margarita-greene-presento-en-encuentro-sobre-vivienda-en-mexico\/#primaryimage"},"thumbnailUrl":"https:\/\/fadeu.urantiacos.cl\/wp-content\/uploads\/2023\/09\/MG_agosto.png","articleSection":["Sin categorizar"],"inLanguage":"en-US","potentialAction":[{"@type":"CommentAction","name":"Comment","target":["https:\/\/fadeu.urantiacos.cl\/en\/2021\/08\/23\/margarita-greene-presento-en-encuentro-sobre-vivienda-en-mexico\/#respond"]}]},{"@type":"WebPage","@id":"https:\/\/fadeu.urantiacos.cl\/en\/2021\/08\/23\/margarita-greene-presento-en-encuentro-sobre-vivienda-en-mexico\/","url":"https:\/\/fadeu.urantiacos.cl\/en\/2021\/08\/23\/margarita-greene-presento-en-encuentro-sobre-vivienda-en-mexico\/","name":"Margarita Greene present\u00f3 en encuentro sobre vivienda en M\u00e9xico - Facultad de Arquitectura, Dise\u00f1o y Estudios Urbanos","isPartOf":{"@id":"https:\/\/fadeu.urantiacos.cl\/en\/#website"},"primaryImageOfPage":{"@id":"https:\/\/fadeu.urantiacos.cl\/en\/2021\/08\/23\/margarita-greene-presento-en-encuentro-sobre-vivienda-en-mexico\/#primaryimage"},"image":{"@id":"https:\/\/fadeu.urantiacos.cl\/en\/2021\/08\/23\/margarita-greene-presento-en-encuentro-sobre-vivienda-en-mexico\/#primaryimage"},"thumbnailUrl":"https:\/\/fadeu.urantiacos.cl\/wp-content\/uploads\/2023\/09\/MG_agosto.png","datePublished":"2021-08-23T19:56:00+00:00","dateModified":"2023-09-07T19:58:08+00:00","author":{"@id":"https:\/\/fadeu.urantiacos.cl\/en\/#\/schema\/person\/d203e2e84b1c40275eac77b3061a19a2"},"description":"La profesora ARQ UC fue invitada a participar en un panel del \u201cEncuentro CELAC sobre vivienda y reactivaci\u00f3n econ\u00f3mica inclusiva, equitativa y sostenible\u201d, organizado por la Comunidad de Estados Latinoamericanos y Caribe\u00f1os (CELAC), junto a la Secretar\u00eda de Desarrollo Agrario, Territorial y Urbano del Gobierno de M\u00e9xico (Sedatu) y el Instituto del Fondo Nacional de la Vivienda para los Trabajadores (Infonavit).","breadcrumb":{"@id":"https:\/\/fadeu.urantiacos.cl\/en\/2021\/08\/23\/margarita-greene-presento-en-encuentro-sobre-vivienda-en-mexico\/#breadcrumb"},"inLanguage":"en-US","potentialAction":[{"@type":"ReadAction","target":["https:\/\/fadeu.urantiacos.cl\/en\/2021\/08\/23\/margarita-greene-presento-en-encuentro-sobre-vivienda-en-mexico\/"]}]},{"@type":"ImageObject","inLanguage":"en-US","@id":"https:\/\/fadeu.urantiacos.cl\/en\/2021\/08\/23\/margarita-greene-presento-en-encuentro-sobre-vivienda-en-mexico\/#primaryimage","url":"https:\/\/fadeu.urantiacos.cl\/wp-content\/uploads\/2023\/09\/MG_agosto.png","contentUrl":"https:\/\/fadeu.urantiacos.cl\/wp-content\/uploads\/2023\/09\/MG_agosto.png","width":350,"height":250},{"@type":"BreadcrumbList","@id":"https:\/\/fadeu.urantiacos.cl\/en\/2021\/08\/23\/margarita-greene-presento-en-encuentro-sobre-vivienda-en-mexico\/#breadcrumb","itemListElement":[{"@type":"ListItem","position":1,"name":"Portada","item":"https:\/\/fadeu.urantiacos.cl\/en\/"},{"@type":"ListItem","position":2,"name":"Margarita Greene present\u00f3 en encuentro sobre vivienda en M\u00e9xico"}]},{"@type":"WebSite","@id":"https:\/\/fadeu.urantiacos.cl\/en\/#website","url":"https:\/\/fadeu.urantiacos.cl\/en\/","name":"Facultad de Arquitectura, Dise\u00f1o y Estudios Urbanos","description":"Campus Lo Contador","potentialAction":[{"@type":"SearchAction","target":{"@type":"EntryPoint","urlTemplate":"https:\/\/fadeu.urantiacos.cl\/en\/?s={search_term_string}"},"query-input":{"@type":"PropertyValueSpecification","valueRequired":true,"valueName":"search_term_string"}}],"inLanguage":"en-US"},{"@type":"Person","@id":"https:\/\/fadeu.urantiacos.cl\/en\/#\/schema\/person\/d203e2e84b1c40275eac77b3061a19a2","name":"manadmin","image":{"@type":"ImageObject","inLanguage":"en-US","@id":"https:\/\/fadeu.urantiacos.cl\/en\/#\/schema\/person\/image\/","url":"https:\/\/secure.gravatar.com\/avatar\/4b1d8e3303b4a9d8968ac578947d8bc80d9aea359f388cdd4aac15cadc0e8447?s=96&d=mm&r=g","contentUrl":"https:\/\/secure.gravatar.com\/avatar\/4b1d8e3303b4a9d8968ac578947d8bc80d9aea359f388cdd4aac15cadc0e8447?s=96&d=mm&r=g","caption":"manadmin"},"sameAs":["https:\/\/fadeu.urantiacos.cl"]}]}},"_links":{"self":[{"href":"https:\/\/fadeu.urantiacos.cl\/en\/wp-json\/wp\/v2\/posts\/6481","targetHints":{"allow":["GET"]}}],"collection":[{"href":"https:\/\/fadeu.urantiacos.cl\/en\/wp-json\/wp\/v2\/posts"}],"about":[{"href":"https:\/\/fadeu.urantiacos.cl\/en\/wp-json\/wp\/v2\/types\/post"}],"author":[{"embeddable":true,"href":"https:\/\/fadeu.urantiacos.cl\/en\/wp-json\/wp\/v2\/users\/1"}],"replies":[{"embeddable":true,"href":"https:\/\/fadeu.urantiacos.cl\/en\/wp-json\/wp\/v2\/comments?post=6481"}],"version-history":[{"count":1,"href":"https:\/\/fadeu.urantiacos.cl\/en\/wp-json\/wp\/v2\/posts\/6481\/revisions"}],"predecessor-version":[{"id":6483,"href":"https:\/\/fadeu.urantiacos.cl\/en\/wp-json\/wp\/v2\/posts\/6481\/revisions\/6483"}],"wp:featuredmedia":[{"embeddable":true,"href":"https:\/\/fadeu.urantiacos.cl\/en\/wp-json\/wp\/v2\/media\/6482"}],"wp:attachment":[{"href":"https:\/\/fadeu.urantiacos.cl\/en\/wp-json\/wp\/v2\/media?parent=6481"}],"wp:term":[{"taxonomy":"category","embeddable":true,"href":"https:\/\/fadeu.urantiacos.cl\/en\/wp-json\/wp\/v2\/categories?post=6481"},{"taxonomy":"post_tag","embeddable":true,"href":"https:\/\/fadeu.urantiacos.cl\/en\/wp-json\/wp\/v2\/tags?post=6481"}],"curies":[{"name":"wp","href":"https:\/\/api.w.org\/{rel}","templated":true}]}}