{"id":6477,"date":"2021-08-23T16:54:00","date_gmt":"2021-08-23T19:54:00","guid":{"rendered":"https:\/\/fadeu.urantiacos.cl\/?p=6477"},"modified":"2023-09-07T16:55:43","modified_gmt":"2023-09-07T19:55:43","slug":"jose-rosas-lidero-seminarios-y-talleres-para-tutores-de-posgrado-en-la-universidad-de-la-republica-de-uruguay","status":"publish","type":"post","link":"https:\/\/fadeu.urantiacos.cl\/en\/2021\/08\/23\/jose-rosas-lidero-seminarios-y-talleres-para-tutores-de-posgrado-en-la-universidad-de-la-republica-de-uruguay\/","title":{"rendered":"Jos\u00e9 Rosas lider\u00f3 seminarios y talleres para tutores de posgrado en la Universidad de la Rep\u00fablica de Uruguay"},"content":{"rendered":"\n<figure class=\"wp-block-image size-full\"><img decoding=\"async\" width=\"350\" height=\"250\" src=\"https:\/\/fadeu.urantiacos.cl\/wp-content\/uploads\/2023\/09\/jose_rosas_fadeu_agosto.jpeg\" alt=\"\" class=\"wp-image-6479\" srcset=\"https:\/\/fadeu.urantiacos.cl\/wp-content\/uploads\/2023\/09\/jose_rosas_fadeu_agosto.jpeg 350w, https:\/\/fadeu.urantiacos.cl\/wp-content\/uploads\/2023\/09\/jose_rosas_fadeu_agosto-300x214.jpeg 300w\" sizes=\"(max-width: 350px) 100vw, 350px\" \/><\/figure>\n\n\n\n<p>Durante tres sesiones \u2014entre el 31 de julio y el 14 de agosto de 2021\u2014, Jos\u00e9 Rosas, profesor ARQ UC y jefe del doctorado FADEU UC, expuso diversos temas vinculados a la investigaci\u00f3n y al proyecto, con el objetivo de apoyar la formaci\u00f3n de directores de tesis en el proceso doctoral y el fortalecimiento del sistema de posgrados. En formato de seminarios y talleres, la actividad tambi\u00e9n busc\u00f3 afianzar las relaciones entre ambas casas de estudio y los programas de doctorado.<\/p>\n\n\n\n<p>El programa \u2014que cont\u00f3 con la participaci\u00f3n sostenida de 25 acad\u00e9micos\u2014 abord\u00f3 desde una revisi\u00f3n del panorama de la formaci\u00f3n doctoral, pasando por los principios para la tutela de una tesis, las formas de investigar hasta las responsabilidades y derechos de autores, entre otras cosas. Esto, promoviendo un fuerte intercambio entre los participantes.<\/p>\n\n\n\n<p>Tras la experiencia, Rosas manifest\u00f3 su satisfacci\u00f3n por los resultados, afirmando que \u201cesta primera experiencia que realizamos en alianza entre nuestro doctorado y el de la Universidad de la Rep\u00fablica en Montevideo, junto con reforzar un largo trabajo que se ha venido desarrollando desde hace a\u00f1os, viene a inaugurar \u2014con el apoyo de la Escuela de Graduados UC\u2014 un nuevo \u00e1mbito de encuentro, debate y experiencias sobre el trabajo de los tutores en la gu\u00eda de tesis de doctorado. Al mismo tiempo, nos hace part\u00edcipe de un trabajo y colaboraci\u00f3n a escala latinoamericana\u201d.<\/p>\n\n\n\n<p>La iniciativa cont\u00f3 con el apoyo y los documentos de gu\u00eda desarrollados por la Escuela de Graduados UC, adem\u00e1s del material elaborado por el equipo docente del curso &#8220;Seminario de Tesis&#8221; del Doctorado en Arquitectura y Estudios Urbanos UC, con los profesores Mar\u00eda Luisa M\u00e9ndez y Diego Gonz\u00e1lez.<\/p>\n\n\n\n<p>M\u00e1s informaci\u00f3n sobre el&nbsp;<a href=\"http:\/\/doctoradofadeu.urantiacos.cl\/\" target=\"_blank\" rel=\"noreferrer noopener\">Doctorado FADEU UC<\/a>&nbsp;<br>M\u00e1s informaci\u00f3n sobre el&nbsp;<a href=\"http:\/\/www.fadu.edu.uy\/doctorado-arquitectura\/\" target=\"_blank\" rel=\"noreferrer noopener\">Doctorado UdelaR<\/a>&nbsp;<\/p>\n\n\n\n<p>Noticias<br>Contacto:&nbsp;<a href=\"mailto:redesarq@uc.cl\">redesarq@uc.cl<\/a>&nbsp;| +56 2 2354 7747<br>www.arquitectura.uc.cl<\/p>\n","protected":false},"excerpt":{"rendered":"<p>El profesor ARQ UC y jefe del programa estuvo a cargo de esta iniciativa em el marco de la Red de Doctorados de Am\u00e9rica del Sur (Docasur), y espec\u00edficamente dentro de la alianza del Doctorado en Arquitectura y Estudios Urbanos UC y el Doctorado de la Facultad de Arquitectura de la Universidad de la Rep\u00fablica (UdelaR) en Montevideo.<\/p>\n","protected":false},"author":1,"featured_media":6479,"comment_status":"open","ping_status":"open","sticky":false,"template":"","format":"standard","meta":{"_acf_changed":false,"footnotes":""},"categories":[1],"tags":[],"class_list":["post-6477","post","type-post","status-publish","format-standard","has-post-thumbnail","hentry","category-sin-categorizar"],"acf":[],"yoast_head":"<!-- This site is optimized with the Yoast SEO plugin v27.1.1 - https:\/\/yoast.com\/product\/yoast-seo-wordpress\/ -->\n<title>Jos\u00e9 Rosas lider\u00f3 seminarios y talleres para tutores de posgrado en la Universidad de la Rep\u00fablica de Uruguay - Facultad de Arquitectura, Dise\u00f1o y Estudios Urbanos<\/title>\n<meta name=\"description\" content=\"El profesor ARQ UC y jefe del programa estuvo a cargo de esta iniciativa em el marco de la Red de Doctorados de Am\u00e9rica del Sur (Docasur), y espec\u00edficamente dentro de la alianza del Doctorado en Arquitectura y Estudios Urbanos UC y el Doctorado de la Facultad de Arquitectura de la Universidad de la Rep\u00fablica (UdelaR) en Montevideo.\" \/>\n<meta name=\"robots\" content=\"index, follow, max-snippet:-1, max-image-preview:large, max-video-preview:-1\" \/>\n<link rel=\"canonical\" href=\"https:\/\/fadeu.urantiacos.cl\/en\/2021\/08\/23\/jose-rosas-lidero-seminarios-y-talleres-para-tutores-de-posgrado-en-la-universidad-de-la-republica-de-uruguay\/\" \/>\n<meta property=\"og:locale\" content=\"en_US\" \/>\n<meta property=\"og:type\" content=\"article\" \/>\n<meta property=\"og:title\" content=\"Jos\u00e9 Rosas lider\u00f3 seminarios y talleres para tutores de posgrado en la Universidad de la Rep\u00fablica de Uruguay - Facultad de Arquitectura, Dise\u00f1o y Estudios Urbanos\" \/>\n<meta property=\"og:description\" content=\"El profesor ARQ UC y jefe del programa estuvo a cargo de esta iniciativa em el marco de la Red de Doctorados de Am\u00e9rica del Sur (Docasur), y espec\u00edficamente dentro de la alianza del Doctorado en Arquitectura y Estudios Urbanos UC y el Doctorado de la Facultad de Arquitectura de la Universidad de la Rep\u00fablica (UdelaR) en Montevideo.\" \/>\n<meta property=\"og:url\" content=\"https:\/\/fadeu.urantiacos.cl\/en\/2021\/08\/23\/jose-rosas-lidero-seminarios-y-talleres-para-tutores-de-posgrado-en-la-universidad-de-la-republica-de-uruguay\/\" \/>\n<meta property=\"og:site_name\" content=\"Facultad de Arquitectura, Dise\u00f1o y Estudios Urbanos\" \/>\n<meta property=\"article:published_time\" content=\"2021-08-23T19:54:00+00:00\" \/>\n<meta property=\"article:modified_time\" content=\"2023-09-07T19:55:43+00:00\" \/>\n<meta property=\"og:image\" content=\"https:\/\/fadeu.urantiacos.cl\/wp-content\/uploads\/2023\/09\/jose_rosas_fadeu_agosto.jpeg\" \/>\n\t<meta property=\"og:image:width\" content=\"350\" \/>\n\t<meta property=\"og:image:height\" content=\"250\" \/>\n\t<meta property=\"og:image:type\" content=\"image\/jpeg\" \/>\n<meta name=\"author\" content=\"manadmin\" \/>\n<meta name=\"twitter:card\" content=\"summary_large_image\" \/>\n<meta name=\"twitter:label1\" content=\"Written by\" \/>\n\t<meta name=\"twitter:data1\" content=\"manadmin\" \/>\n\t<meta name=\"twitter:label2\" content=\"Est. reading time\" \/>\n\t<meta name=\"twitter:data2\" content=\"2 minutes\" \/>\n<script type=\"application\/ld+json\" class=\"yoast-schema-graph\">{\"@context\":\"https:\/\/schema.org\",\"@graph\":[{\"@type\":\"Article\",\"@id\":\"https:\/\/fadeu.urantiacos.cl\/en\/2021\/08\/23\/jose-rosas-lidero-seminarios-y-talleres-para-tutores-de-posgrado-en-la-universidad-de-la-republica-de-uruguay\/#article\",\"isPartOf\":{\"@id\":\"https:\/\/fadeu.urantiacos.cl\/en\/2021\/08\/23\/jose-rosas-lidero-seminarios-y-talleres-para-tutores-de-posgrado-en-la-universidad-de-la-republica-de-uruguay\/\"},\"author\":{\"name\":\"manadmin\",\"@id\":\"https:\/\/fadeu.urantiacos.cl\/en\/#\/schema\/person\/d203e2e84b1c40275eac77b3061a19a2\"},\"headline\":\"Jos\u00e9 Rosas lider\u00f3 seminarios y talleres para tutores de posgrado en la Universidad de la Rep\u00fablica de Uruguay\",\"datePublished\":\"2021-08-23T19:54:00+00:00\",\"dateModified\":\"2023-09-07T19:55:43+00:00\",\"mainEntityOfPage\":{\"@id\":\"https:\/\/fadeu.urantiacos.cl\/en\/2021\/08\/23\/jose-rosas-lidero-seminarios-y-talleres-para-tutores-de-posgrado-en-la-universidad-de-la-republica-de-uruguay\/\"},\"wordCount\":339,\"commentCount\":0,\"image\":{\"@id\":\"https:\/\/fadeu.urantiacos.cl\/en\/2021\/08\/23\/jose-rosas-lidero-seminarios-y-talleres-para-tutores-de-posgrado-en-la-universidad-de-la-republica-de-uruguay\/#primaryimage\"},\"thumbnailUrl\":\"https:\/\/fadeu.urantiacos.cl\/wp-content\/uploads\/2023\/09\/jose_rosas_fadeu_agosto.jpeg\",\"articleSection\":[\"Sin categorizar\"],\"inLanguage\":\"en-US\",\"potentialAction\":[{\"@type\":\"CommentAction\",\"name\":\"Comment\",\"target\":[\"https:\/\/fadeu.urantiacos.cl\/en\/2021\/08\/23\/jose-rosas-lidero-seminarios-y-talleres-para-tutores-de-posgrado-en-la-universidad-de-la-republica-de-uruguay\/#respond\"]}]},{\"@type\":\"WebPage\",\"@id\":\"https:\/\/fadeu.urantiacos.cl\/en\/2021\/08\/23\/jose-rosas-lidero-seminarios-y-talleres-para-tutores-de-posgrado-en-la-universidad-de-la-republica-de-uruguay\/\",\"url\":\"https:\/\/fadeu.urantiacos.cl\/en\/2021\/08\/23\/jose-rosas-lidero-seminarios-y-talleres-para-tutores-de-posgrado-en-la-universidad-de-la-republica-de-uruguay\/\",\"name\":\"Jos\u00e9 Rosas lider\u00f3 seminarios y talleres para tutores de posgrado en la Universidad de la Rep\u00fablica de Uruguay - Facultad de Arquitectura, Dise\u00f1o y Estudios Urbanos\",\"isPartOf\":{\"@id\":\"https:\/\/fadeu.urantiacos.cl\/en\/#website\"},\"primaryImageOfPage\":{\"@id\":\"https:\/\/fadeu.urantiacos.cl\/en\/2021\/08\/23\/jose-rosas-lidero-seminarios-y-talleres-para-tutores-de-posgrado-en-la-universidad-de-la-republica-de-uruguay\/#primaryimage\"},\"image\":{\"@id\":\"https:\/\/fadeu.urantiacos.cl\/en\/2021\/08\/23\/jose-rosas-lidero-seminarios-y-talleres-para-tutores-de-posgrado-en-la-universidad-de-la-republica-de-uruguay\/#primaryimage\"},\"thumbnailUrl\":\"https:\/\/fadeu.urantiacos.cl\/wp-content\/uploads\/2023\/09\/jose_rosas_fadeu_agosto.jpeg\",\"datePublished\":\"2021-08-23T19:54:00+00:00\",\"dateModified\":\"2023-09-07T19:55:43+00:00\",\"author\":{\"@id\":\"https:\/\/fadeu.urantiacos.cl\/en\/#\/schema\/person\/d203e2e84b1c40275eac77b3061a19a2\"},\"description\":\"El profesor ARQ UC y jefe del programa estuvo a cargo de esta iniciativa em el marco de la Red de Doctorados de Am\u00e9rica del Sur (Docasur), y espec\u00edficamente dentro de la alianza del Doctorado en Arquitectura y Estudios Urbanos UC y el Doctorado de la Facultad de Arquitectura de la Universidad de la Rep\u00fablica (UdelaR) en Montevideo.\",\"breadcrumb\":{\"@id\":\"https:\/\/fadeu.urantiacos.cl\/en\/2021\/08\/23\/jose-rosas-lidero-seminarios-y-talleres-para-tutores-de-posgrado-en-la-universidad-de-la-republica-de-uruguay\/#breadcrumb\"},\"inLanguage\":\"en-US\",\"potentialAction\":[{\"@type\":\"ReadAction\",\"target\":[\"https:\/\/fadeu.urantiacos.cl\/en\/2021\/08\/23\/jose-rosas-lidero-seminarios-y-talleres-para-tutores-de-posgrado-en-la-universidad-de-la-republica-de-uruguay\/\"]}]},{\"@type\":\"ImageObject\",\"inLanguage\":\"en-US\",\"@id\":\"https:\/\/fadeu.urantiacos.cl\/en\/2021\/08\/23\/jose-rosas-lidero-seminarios-y-talleres-para-tutores-de-posgrado-en-la-universidad-de-la-republica-de-uruguay\/#primaryimage\",\"url\":\"https:\/\/fadeu.urantiacos.cl\/wp-content\/uploads\/2023\/09\/jose_rosas_fadeu_agosto.jpeg\",\"contentUrl\":\"https:\/\/fadeu.urantiacos.cl\/wp-content\/uploads\/2023\/09\/jose_rosas_fadeu_agosto.jpeg\",\"width\":350,\"height\":250},{\"@type\":\"BreadcrumbList\",\"@id\":\"https:\/\/fadeu.urantiacos.cl\/en\/2021\/08\/23\/jose-rosas-lidero-seminarios-y-talleres-para-tutores-de-posgrado-en-la-universidad-de-la-republica-de-uruguay\/#breadcrumb\",\"itemListElement\":[{\"@type\":\"ListItem\",\"position\":1,\"name\":\"Portada\",\"item\":\"https:\/\/fadeu.urantiacos.cl\/en\/\"},{\"@type\":\"ListItem\",\"position\":2,\"name\":\"Jos\u00e9 Rosas lider\u00f3 seminarios y talleres para tutores de posgrado en la Universidad de la Rep\u00fablica de Uruguay\"}]},{\"@type\":\"WebSite\",\"@id\":\"https:\/\/fadeu.urantiacos.cl\/en\/#website\",\"url\":\"https:\/\/fadeu.urantiacos.cl\/en\/\",\"name\":\"Facultad de Arquitectura, Dise\u00f1o y Estudios Urbanos\",\"description\":\"Campus Lo Contador\",\"potentialAction\":[{\"@type\":\"SearchAction\",\"target\":{\"@type\":\"EntryPoint\",\"urlTemplate\":\"https:\/\/fadeu.urantiacos.cl\/en\/?s={search_term_string}\"},\"query-input\":{\"@type\":\"PropertyValueSpecification\",\"valueRequired\":true,\"valueName\":\"search_term_string\"}}],\"inLanguage\":\"en-US\"},{\"@type\":\"Person\",\"@id\":\"https:\/\/fadeu.urantiacos.cl\/en\/#\/schema\/person\/d203e2e84b1c40275eac77b3061a19a2\",\"name\":\"manadmin\",\"image\":{\"@type\":\"ImageObject\",\"inLanguage\":\"en-US\",\"@id\":\"https:\/\/fadeu.urantiacos.cl\/en\/#\/schema\/person\/image\/\",\"url\":\"https:\/\/secure.gravatar.com\/avatar\/4b1d8e3303b4a9d8968ac578947d8bc80d9aea359f388cdd4aac15cadc0e8447?s=96&d=mm&r=g\",\"contentUrl\":\"https:\/\/secure.gravatar.com\/avatar\/4b1d8e3303b4a9d8968ac578947d8bc80d9aea359f388cdd4aac15cadc0e8447?s=96&d=mm&r=g\",\"caption\":\"manadmin\"},\"sameAs\":[\"https:\/\/fadeu.urantiacos.cl\"]}]}<\/script>\n<!-- \/ Yoast SEO plugin. -->","yoast_head_json":{"title":"Jos\u00e9 Rosas lider\u00f3 seminarios y talleres para tutores de posgrado en la Universidad de la Rep\u00fablica de Uruguay - Facultad de Arquitectura, Dise\u00f1o y Estudios Urbanos","description":"El profesor ARQ UC y jefe del programa estuvo a cargo de esta iniciativa em el marco de la Red de Doctorados de Am\u00e9rica del Sur (Docasur), y espec\u00edficamente dentro de la alianza del Doctorado en Arquitectura y Estudios Urbanos UC y el Doctorado de la Facultad de Arquitectura de la Universidad de la Rep\u00fablica (UdelaR) en Montevideo.","robots":{"index":"index","follow":"follow","max-snippet":"max-snippet:-1","max-image-preview":"max-image-preview:large","max-video-preview":"max-video-preview:-1"},"canonical":"https:\/\/fadeu.urantiacos.cl\/en\/2021\/08\/23\/jose-rosas-lidero-seminarios-y-talleres-para-tutores-de-posgrado-en-la-universidad-de-la-republica-de-uruguay\/","og_locale":"en_US","og_type":"article","og_title":"Jos\u00e9 Rosas lider\u00f3 seminarios y talleres para tutores de posgrado en la Universidad de la Rep\u00fablica de Uruguay - Facultad de Arquitectura, Dise\u00f1o y Estudios Urbanos","og_description":"El profesor ARQ UC y jefe del programa estuvo a cargo de esta iniciativa em el marco de la Red de Doctorados de Am\u00e9rica del Sur (Docasur), y espec\u00edficamente dentro de la alianza del Doctorado en Arquitectura y Estudios Urbanos UC y el Doctorado de la Facultad de Arquitectura de la Universidad de la Rep\u00fablica (UdelaR) en Montevideo.","og_url":"https:\/\/fadeu.urantiacos.cl\/en\/2021\/08\/23\/jose-rosas-lidero-seminarios-y-talleres-para-tutores-de-posgrado-en-la-universidad-de-la-republica-de-uruguay\/","og_site_name":"Facultad de Arquitectura, Dise\u00f1o y Estudios Urbanos","article_published_time":"2021-08-23T19:54:00+00:00","article_modified_time":"2023-09-07T19:55:43+00:00","og_image":[{"width":350,"height":250,"url":"https:\/\/fadeu.urantiacos.cl\/wp-content\/uploads\/2023\/09\/jose_rosas_fadeu_agosto.jpeg","type":"image\/jpeg"}],"author":"manadmin","twitter_card":"summary_large_image","twitter_misc":{"Written by":"manadmin","Est. reading time":"2 minutes"},"schema":{"@context":"https:\/\/schema.org","@graph":[{"@type":"Article","@id":"https:\/\/fadeu.urantiacos.cl\/en\/2021\/08\/23\/jose-rosas-lidero-seminarios-y-talleres-para-tutores-de-posgrado-en-la-universidad-de-la-republica-de-uruguay\/#article","isPartOf":{"@id":"https:\/\/fadeu.urantiacos.cl\/en\/2021\/08\/23\/jose-rosas-lidero-seminarios-y-talleres-para-tutores-de-posgrado-en-la-universidad-de-la-republica-de-uruguay\/"},"author":{"name":"manadmin","@id":"https:\/\/fadeu.urantiacos.cl\/en\/#\/schema\/person\/d203e2e84b1c40275eac77b3061a19a2"},"headline":"Jos\u00e9 Rosas lider\u00f3 seminarios y talleres para tutores de posgrado en la Universidad de la Rep\u00fablica de Uruguay","datePublished":"2021-08-23T19:54:00+00:00","dateModified":"2023-09-07T19:55:43+00:00","mainEntityOfPage":{"@id":"https:\/\/fadeu.urantiacos.cl\/en\/2021\/08\/23\/jose-rosas-lidero-seminarios-y-talleres-para-tutores-de-posgrado-en-la-universidad-de-la-republica-de-uruguay\/"},"wordCount":339,"commentCount":0,"image":{"@id":"https:\/\/fadeu.urantiacos.cl\/en\/2021\/08\/23\/jose-rosas-lidero-seminarios-y-talleres-para-tutores-de-posgrado-en-la-universidad-de-la-republica-de-uruguay\/#primaryimage"},"thumbnailUrl":"https:\/\/fadeu.urantiacos.cl\/wp-content\/uploads\/2023\/09\/jose_rosas_fadeu_agosto.jpeg","articleSection":["Sin categorizar"],"inLanguage":"en-US","potentialAction":[{"@type":"CommentAction","name":"Comment","target":["https:\/\/fadeu.urantiacos.cl\/en\/2021\/08\/23\/jose-rosas-lidero-seminarios-y-talleres-para-tutores-de-posgrado-en-la-universidad-de-la-republica-de-uruguay\/#respond"]}]},{"@type":"WebPage","@id":"https:\/\/fadeu.urantiacos.cl\/en\/2021\/08\/23\/jose-rosas-lidero-seminarios-y-talleres-para-tutores-de-posgrado-en-la-universidad-de-la-republica-de-uruguay\/","url":"https:\/\/fadeu.urantiacos.cl\/en\/2021\/08\/23\/jose-rosas-lidero-seminarios-y-talleres-para-tutores-de-posgrado-en-la-universidad-de-la-republica-de-uruguay\/","name":"Jos\u00e9 Rosas lider\u00f3 seminarios y talleres para tutores de posgrado en la Universidad de la Rep\u00fablica de Uruguay - Facultad de Arquitectura, Dise\u00f1o y Estudios Urbanos","isPartOf":{"@id":"https:\/\/fadeu.urantiacos.cl\/en\/#website"},"primaryImageOfPage":{"@id":"https:\/\/fadeu.urantiacos.cl\/en\/2021\/08\/23\/jose-rosas-lidero-seminarios-y-talleres-para-tutores-de-posgrado-en-la-universidad-de-la-republica-de-uruguay\/#primaryimage"},"image":{"@id":"https:\/\/fadeu.urantiacos.cl\/en\/2021\/08\/23\/jose-rosas-lidero-seminarios-y-talleres-para-tutores-de-posgrado-en-la-universidad-de-la-republica-de-uruguay\/#primaryimage"},"thumbnailUrl":"https:\/\/fadeu.urantiacos.cl\/wp-content\/uploads\/2023\/09\/jose_rosas_fadeu_agosto.jpeg","datePublished":"2021-08-23T19:54:00+00:00","dateModified":"2023-09-07T19:55:43+00:00","author":{"@id":"https:\/\/fadeu.urantiacos.cl\/en\/#\/schema\/person\/d203e2e84b1c40275eac77b3061a19a2"},"description":"El profesor ARQ UC y jefe del programa estuvo a cargo de esta iniciativa em el marco de la Red de Doctorados de Am\u00e9rica del Sur (Docasur), y espec\u00edficamente dentro de la alianza del Doctorado en Arquitectura y Estudios Urbanos UC y el Doctorado de la Facultad de Arquitectura de la Universidad de la Rep\u00fablica (UdelaR) en Montevideo.","breadcrumb":{"@id":"https:\/\/fadeu.urantiacos.cl\/en\/2021\/08\/23\/jose-rosas-lidero-seminarios-y-talleres-para-tutores-de-posgrado-en-la-universidad-de-la-republica-de-uruguay\/#breadcrumb"},"inLanguage":"en-US","potentialAction":[{"@type":"ReadAction","target":["https:\/\/fadeu.urantiacos.cl\/en\/2021\/08\/23\/jose-rosas-lidero-seminarios-y-talleres-para-tutores-de-posgrado-en-la-universidad-de-la-republica-de-uruguay\/"]}]},{"@type":"ImageObject","inLanguage":"en-US","@id":"https:\/\/fadeu.urantiacos.cl\/en\/2021\/08\/23\/jose-rosas-lidero-seminarios-y-talleres-para-tutores-de-posgrado-en-la-universidad-de-la-republica-de-uruguay\/#primaryimage","url":"https:\/\/fadeu.urantiacos.cl\/wp-content\/uploads\/2023\/09\/jose_rosas_fadeu_agosto.jpeg","contentUrl":"https:\/\/fadeu.urantiacos.cl\/wp-content\/uploads\/2023\/09\/jose_rosas_fadeu_agosto.jpeg","width":350,"height":250},{"@type":"BreadcrumbList","@id":"https:\/\/fadeu.urantiacos.cl\/en\/2021\/08\/23\/jose-rosas-lidero-seminarios-y-talleres-para-tutores-de-posgrado-en-la-universidad-de-la-republica-de-uruguay\/#breadcrumb","itemListElement":[{"@type":"ListItem","position":1,"name":"Portada","item":"https:\/\/fadeu.urantiacos.cl\/en\/"},{"@type":"ListItem","position":2,"name":"Jos\u00e9 Rosas lider\u00f3 seminarios y talleres para tutores de posgrado en la Universidad de la Rep\u00fablica de Uruguay"}]},{"@type":"WebSite","@id":"https:\/\/fadeu.urantiacos.cl\/en\/#website","url":"https:\/\/fadeu.urantiacos.cl\/en\/","name":"Facultad de Arquitectura, Dise\u00f1o y Estudios Urbanos","description":"Campus Lo Contador","potentialAction":[{"@type":"SearchAction","target":{"@type":"EntryPoint","urlTemplate":"https:\/\/fadeu.urantiacos.cl\/en\/?s={search_term_string}"},"query-input":{"@type":"PropertyValueSpecification","valueRequired":true,"valueName":"search_term_string"}}],"inLanguage":"en-US"},{"@type":"Person","@id":"https:\/\/fadeu.urantiacos.cl\/en\/#\/schema\/person\/d203e2e84b1c40275eac77b3061a19a2","name":"manadmin","image":{"@type":"ImageObject","inLanguage":"en-US","@id":"https:\/\/fadeu.urantiacos.cl\/en\/#\/schema\/person\/image\/","url":"https:\/\/secure.gravatar.com\/avatar\/4b1d8e3303b4a9d8968ac578947d8bc80d9aea359f388cdd4aac15cadc0e8447?s=96&d=mm&r=g","contentUrl":"https:\/\/secure.gravatar.com\/avatar\/4b1d8e3303b4a9d8968ac578947d8bc80d9aea359f388cdd4aac15cadc0e8447?s=96&d=mm&r=g","caption":"manadmin"},"sameAs":["https:\/\/fadeu.urantiacos.cl"]}]}},"_links":{"self":[{"href":"https:\/\/fadeu.urantiacos.cl\/en\/wp-json\/wp\/v2\/posts\/6477","targetHints":{"allow":["GET"]}}],"collection":[{"href":"https:\/\/fadeu.urantiacos.cl\/en\/wp-json\/wp\/v2\/posts"}],"about":[{"href":"https:\/\/fadeu.urantiacos.cl\/en\/wp-json\/wp\/v2\/types\/post"}],"author":[{"embeddable":true,"href":"https:\/\/fadeu.urantiacos.cl\/en\/wp-json\/wp\/v2\/users\/1"}],"replies":[{"embeddable":true,"href":"https:\/\/fadeu.urantiacos.cl\/en\/wp-json\/wp\/v2\/comments?post=6477"}],"version-history":[{"count":1,"href":"https:\/\/fadeu.urantiacos.cl\/en\/wp-json\/wp\/v2\/posts\/6477\/revisions"}],"predecessor-version":[{"id":6480,"href":"https:\/\/fadeu.urantiacos.cl\/en\/wp-json\/wp\/v2\/posts\/6477\/revisions\/6480"}],"wp:featuredmedia":[{"embeddable":true,"href":"https:\/\/fadeu.urantiacos.cl\/en\/wp-json\/wp\/v2\/media\/6479"}],"wp:attachment":[{"href":"https:\/\/fadeu.urantiacos.cl\/en\/wp-json\/wp\/v2\/media?parent=6477"}],"wp:term":[{"taxonomy":"category","embeddable":true,"href":"https:\/\/fadeu.urantiacos.cl\/en\/wp-json\/wp\/v2\/categories?post=6477"},{"taxonomy":"post_tag","embeddable":true,"href":"https:\/\/fadeu.urantiacos.cl\/en\/wp-json\/wp\/v2\/tags?post=6477"}],"curies":[{"name":"wp","href":"https:\/\/api.w.org\/{rel}","templated":true}]}}