{"id":6474,"date":"2021-08-23T16:52:00","date_gmt":"2021-08-23T19:52:00","guid":{"rendered":"https:\/\/fadeu.urantiacos.cl\/?p=6474"},"modified":"2023-09-07T16:54:10","modified_gmt":"2023-09-07T19:54:10","slug":"francisco-chateau-participo-en-conversatorio-que-inaugura-su-muestra-sobre-el-reino-fungi-en-el-cclm","status":"publish","type":"post","link":"https:\/\/fadeu.urantiacos.cl\/en\/2021\/08\/23\/francisco-chateau-participo-en-conversatorio-que-inaugura-su-muestra-sobre-el-reino-fungi-en-el-cclm\/","title":{"rendered":"Francisco Chateau particip\u00f3 en conversatorio que inaugura su muestra sobre el reino fungi en el CCLM"},"content":{"rendered":"\n<figure class=\"wp-block-image size-full\"><img decoding=\"async\" width=\"350\" height=\"250\" src=\"https:\/\/fadeu.urantiacos.cl\/wp-content\/uploads\/2023\/09\/francisco_agosto.png\" alt=\"\" class=\"wp-image-6475\" srcset=\"https:\/\/fadeu.urantiacos.cl\/wp-content\/uploads\/2023\/09\/francisco_agosto.png 350w, https:\/\/fadeu.urantiacos.cl\/wp-content\/uploads\/2023\/09\/francisco_agosto-300x214.png 300w\" sizes=\"(max-width: 350px) 100vw, 350px\" \/><\/figure>\n\n\n\n<p>El evento \u201cFungus. Del territorio a la fabricaci\u00f3n\u201d, realizado el 18 de agosto de manera online, dio inicio a la exposici\u00f3n del mismo nombre, ubicada en la Galer\u00eda del Dise\u00f1o del Centro Cultural La Moneda (CCLM), muestra que estar\u00e1 abierta al p\u00fablico con aforo limitado, reservando tickets a trav\u00e9s del sitio web del centro. Durante el panel, Bustos y Chateau conversaron sobre la importancia de los hongos \u2014ni animales ni vegetales\u2014 como &#8220;elementos fundamentales para la vida moderna&#8221; y como materia prima para alternativas m\u00e1s sostenibles a compuestos sint\u00e9ticos, explicando adem\u00e1s los aspectos generales de la exhibici\u00f3n.<\/p>\n\n\n\n<p>La curator\u00eda del profesor ARQ UC defini\u00f3 cinco estaciones relacionadas al reino fungi que recorren la cadena que va desde su recolecci\u00f3n y cultivo, pasando por la fabricaci\u00f3n de objetos y componentes biodegradables, hasta llegar a la exhibici\u00f3n y el trabajo realizado. De esta forma, aparecen: el bosque (como ecosistema base de los hongos); el laboratorio (como espacio de inoculaci\u00f3n, cultivo y propagaci\u00f3n); la f\u00e1brica (donde se desarrollan los procesos de posformado, prensado y otros); la exposici\u00f3n (vitrina que despliega los productos); y, por \u00faltimo, la estaci\u00f3n que explica el proyecto. Esto, se complementa adem\u00e1s con una selecci\u00f3n de fotograf\u00edas e ilustraciones que ocupan el nivel -1 del CCLM.<br><br>Este trabajo curatorial se suma a las investigaciones, documentos \u2014como el &#8220;Manual de Biofabricaci\u00f3n con Hongos&#8221; (<a href=\"https:\/\/osf.io\/9zrb7\/\" target=\"_blank\" rel=\"noreferrer noopener\">ver manual<\/a>)\u2014, proyectos y prototipos \u2014como el micotextil (<a href=\"http:\/\/arquitectura.uc.cl\/proyectos\/noticias\/5193-biofab-uc-participo-del-festival-de-hongos-mas-importante-de-latinoamerica.html\" target=\"_blank\" rel=\"noreferrer noopener\">ver nota<\/a>)\u2014 desarrollados por el equipo multidisciplinario del Laboratorio de Biofabricaci\u00f3n UC, alojado en la Facultad de Arquitectura, Dise\u00f1o y Estudios Urbanos UC, y del que Chateau es tambi\u00e9n director.<\/p>\n\n\n\n<p>Sobre la muestra_<br>Como explica la rese\u00f1a de la exposici\u00f3n en el sitio web del CCLM: &#8220;esta exhibici\u00f3n busca ligar el reino fungi con la cotidianidad de la que se hace parte, abordando e ilustrando el ciclo de recolecci\u00f3n y cultivo de hongos para la fabricaci\u00f3n de objetos y componentes constructivos biodegradables que son una alternativa a los compuestos sint\u00e9ticos que tienen una huella ecol\u00f3gica alta. M\u00e1s all\u00e1 de las t\u00edpicas setas que se conocen popularmente, bajo la superficie o al interior de los \u00e1rboles crece y se ramifica una red de hifas: hilos microsc\u00f3picos que constituyen su ra\u00edz vital durante&#8221;.<\/p>\n\n\n\n<p>Ver m\u00e1s sobre la exposici\u00f3n en el siguiente&nbsp;<a href=\"https:\/\/www.cclm.cl\/exposicion\/fungus\/\" target=\"_blank\" rel=\"noreferrer noopener\">link<\/a>&nbsp;<\/p>\n\n\n\n<p>Registro del di\u00e1logo inaugural de Fungus<\/p>\n\n\n\n<figure class=\"wp-block-embed is-type-video is-provider-youtube wp-block-embed-youtube wp-embed-aspect-16-9 wp-has-aspect-ratio\"><div class=\"wp-block-embed__wrapper\">\n<iframe loading=\"lazy\" title=\"Di\u00e1logos en el Centro: FUNGUS, del territorio a la fabricaci\u00f3n - inauguraci\u00f3n online\" width=\"500\" height=\"281\" src=\"https:\/\/www.youtube.com\/embed\/KKNuHCY7cb0?feature=oembed\" frameborder=\"0\" allow=\"accelerometer; autoplay; clipboard-write; encrypted-media; gyroscope; picture-in-picture; web-share\" referrerpolicy=\"strict-origin-when-cross-origin\" allowfullscreen><\/iframe>\n<\/div><\/figure>\n","protected":false},"excerpt":{"rendered":"<p>En di\u00e1logo con la directora del Centro Cultural La Moneda, Beatriz Bustos, el profesor ARQ UC abri\u00f3 la exposici\u00f3n \u201cFungus. Del territorio a la fabricaci\u00f3n\u201d, muestra curada por el acad\u00e9mico, tambi\u00e9n director del Laboratorio de Biofabricaci\u00f3n UC.<\/p>\n","protected":false},"author":1,"featured_media":6475,"comment_status":"open","ping_status":"open","sticky":false,"template":"","format":"standard","meta":{"_acf_changed":false,"footnotes":""},"categories":[1],"tags":[],"class_list":["post-6474","post","type-post","status-publish","format-standard","has-post-thumbnail","hentry","category-sin-categorizar"],"acf":[],"yoast_head":"<!-- This site is optimized with the Yoast SEO plugin v27.1.1 - https:\/\/yoast.com\/product\/yoast-seo-wordpress\/ -->\n<title>Francisco Chateau particip\u00f3 en conversatorio que inaugura su muestra sobre el reino fungi en el CCLM - Facultad de Arquitectura, Dise\u00f1o y Estudios Urbanos<\/title>\n<meta name=\"description\" content=\"En di\u00e1logo con la directora del Centro Cultural La Moneda, Beatriz Bustos, el profesor ARQ UC abri\u00f3 la exposici\u00f3n \u201cFungus. Del territorio a la fabricaci\u00f3n\u201d, muestra curada por el acad\u00e9mico, tambi\u00e9n director del Laboratorio de Biofabricaci\u00f3n UC.\" \/>\n<meta name=\"robots\" content=\"index, follow, max-snippet:-1, max-image-preview:large, max-video-preview:-1\" \/>\n<link rel=\"canonical\" href=\"https:\/\/fadeu.urantiacos.cl\/en\/2021\/08\/23\/francisco-chateau-participo-en-conversatorio-que-inaugura-su-muestra-sobre-el-reino-fungi-en-el-cclm\/\" \/>\n<meta property=\"og:locale\" content=\"en_US\" \/>\n<meta property=\"og:type\" content=\"article\" \/>\n<meta property=\"og:title\" content=\"Francisco Chateau particip\u00f3 en conversatorio que inaugura su muestra sobre el reino fungi en el CCLM - Facultad de Arquitectura, Dise\u00f1o y Estudios Urbanos\" \/>\n<meta property=\"og:description\" content=\"En di\u00e1logo con la directora del Centro Cultural La Moneda, Beatriz Bustos, el profesor ARQ UC abri\u00f3 la exposici\u00f3n \u201cFungus. Del territorio a la fabricaci\u00f3n\u201d, muestra curada por el acad\u00e9mico, tambi\u00e9n director del Laboratorio de Biofabricaci\u00f3n UC.\" \/>\n<meta property=\"og:url\" content=\"https:\/\/fadeu.urantiacos.cl\/en\/2021\/08\/23\/francisco-chateau-participo-en-conversatorio-que-inaugura-su-muestra-sobre-el-reino-fungi-en-el-cclm\/\" \/>\n<meta property=\"og:site_name\" content=\"Facultad de Arquitectura, Dise\u00f1o y Estudios Urbanos\" \/>\n<meta property=\"article:published_time\" content=\"2021-08-23T19:52:00+00:00\" \/>\n<meta property=\"article:modified_time\" content=\"2023-09-07T19:54:10+00:00\" \/>\n<meta property=\"og:image\" content=\"https:\/\/fadeu.urantiacos.cl\/wp-content\/uploads\/2023\/09\/francisco_agosto.png\" \/>\n\t<meta property=\"og:image:width\" content=\"350\" \/>\n\t<meta property=\"og:image:height\" content=\"250\" \/>\n\t<meta property=\"og:image:type\" content=\"image\/png\" \/>\n<meta name=\"author\" content=\"manadmin\" \/>\n<meta name=\"twitter:card\" content=\"summary_large_image\" \/>\n<meta name=\"twitter:label1\" content=\"Written by\" \/>\n\t<meta name=\"twitter:data1\" content=\"manadmin\" \/>\n\t<meta name=\"twitter:label2\" content=\"Est. reading time\" \/>\n\t<meta name=\"twitter:data2\" content=\"2 minutes\" \/>\n<script type=\"application\/ld+json\" class=\"yoast-schema-graph\">{\"@context\":\"https:\/\/schema.org\",\"@graph\":[{\"@type\":\"Article\",\"@id\":\"https:\/\/fadeu.urantiacos.cl\/en\/2021\/08\/23\/francisco-chateau-participo-en-conversatorio-que-inaugura-su-muestra-sobre-el-reino-fungi-en-el-cclm\/#article\",\"isPartOf\":{\"@id\":\"https:\/\/fadeu.urantiacos.cl\/en\/2021\/08\/23\/francisco-chateau-participo-en-conversatorio-que-inaugura-su-muestra-sobre-el-reino-fungi-en-el-cclm\/\"},\"author\":{\"name\":\"manadmin\",\"@id\":\"https:\/\/fadeu.urantiacos.cl\/en\/#\/schema\/person\/d203e2e84b1c40275eac77b3061a19a2\"},\"headline\":\"Francisco Chateau particip\u00f3 en conversatorio que inaugura su muestra sobre el reino fungi en el CCLM\",\"datePublished\":\"2021-08-23T19:52:00+00:00\",\"dateModified\":\"2023-09-07T19:54:10+00:00\",\"mainEntityOfPage\":{\"@id\":\"https:\/\/fadeu.urantiacos.cl\/en\/2021\/08\/23\/francisco-chateau-participo-en-conversatorio-que-inaugura-su-muestra-sobre-el-reino-fungi-en-el-cclm\/\"},\"wordCount\":438,\"commentCount\":0,\"image\":{\"@id\":\"https:\/\/fadeu.urantiacos.cl\/en\/2021\/08\/23\/francisco-chateau-participo-en-conversatorio-que-inaugura-su-muestra-sobre-el-reino-fungi-en-el-cclm\/#primaryimage\"},\"thumbnailUrl\":\"https:\/\/fadeu.urantiacos.cl\/wp-content\/uploads\/2023\/09\/francisco_agosto.png\",\"articleSection\":[\"Sin categorizar\"],\"inLanguage\":\"en-US\",\"potentialAction\":[{\"@type\":\"CommentAction\",\"name\":\"Comment\",\"target\":[\"https:\/\/fadeu.urantiacos.cl\/en\/2021\/08\/23\/francisco-chateau-participo-en-conversatorio-que-inaugura-su-muestra-sobre-el-reino-fungi-en-el-cclm\/#respond\"]}]},{\"@type\":\"WebPage\",\"@id\":\"https:\/\/fadeu.urantiacos.cl\/en\/2021\/08\/23\/francisco-chateau-participo-en-conversatorio-que-inaugura-su-muestra-sobre-el-reino-fungi-en-el-cclm\/\",\"url\":\"https:\/\/fadeu.urantiacos.cl\/en\/2021\/08\/23\/francisco-chateau-participo-en-conversatorio-que-inaugura-su-muestra-sobre-el-reino-fungi-en-el-cclm\/\",\"name\":\"Francisco Chateau particip\u00f3 en conversatorio que inaugura su muestra sobre el reino fungi en el CCLM - Facultad de Arquitectura, Dise\u00f1o y Estudios Urbanos\",\"isPartOf\":{\"@id\":\"https:\/\/fadeu.urantiacos.cl\/en\/#website\"},\"primaryImageOfPage\":{\"@id\":\"https:\/\/fadeu.urantiacos.cl\/en\/2021\/08\/23\/francisco-chateau-participo-en-conversatorio-que-inaugura-su-muestra-sobre-el-reino-fungi-en-el-cclm\/#primaryimage\"},\"image\":{\"@id\":\"https:\/\/fadeu.urantiacos.cl\/en\/2021\/08\/23\/francisco-chateau-participo-en-conversatorio-que-inaugura-su-muestra-sobre-el-reino-fungi-en-el-cclm\/#primaryimage\"},\"thumbnailUrl\":\"https:\/\/fadeu.urantiacos.cl\/wp-content\/uploads\/2023\/09\/francisco_agosto.png\",\"datePublished\":\"2021-08-23T19:52:00+00:00\",\"dateModified\":\"2023-09-07T19:54:10+00:00\",\"author\":{\"@id\":\"https:\/\/fadeu.urantiacos.cl\/en\/#\/schema\/person\/d203e2e84b1c40275eac77b3061a19a2\"},\"description\":\"En di\u00e1logo con la directora del Centro Cultural La Moneda, Beatriz Bustos, el profesor ARQ UC abri\u00f3 la exposici\u00f3n \u201cFungus. Del territorio a la fabricaci\u00f3n\u201d, muestra curada por el acad\u00e9mico, tambi\u00e9n director del Laboratorio de Biofabricaci\u00f3n UC.\",\"breadcrumb\":{\"@id\":\"https:\/\/fadeu.urantiacos.cl\/en\/2021\/08\/23\/francisco-chateau-participo-en-conversatorio-que-inaugura-su-muestra-sobre-el-reino-fungi-en-el-cclm\/#breadcrumb\"},\"inLanguage\":\"en-US\",\"potentialAction\":[{\"@type\":\"ReadAction\",\"target\":[\"https:\/\/fadeu.urantiacos.cl\/en\/2021\/08\/23\/francisco-chateau-participo-en-conversatorio-que-inaugura-su-muestra-sobre-el-reino-fungi-en-el-cclm\/\"]}]},{\"@type\":\"ImageObject\",\"inLanguage\":\"en-US\",\"@id\":\"https:\/\/fadeu.urantiacos.cl\/en\/2021\/08\/23\/francisco-chateau-participo-en-conversatorio-que-inaugura-su-muestra-sobre-el-reino-fungi-en-el-cclm\/#primaryimage\",\"url\":\"https:\/\/fadeu.urantiacos.cl\/wp-content\/uploads\/2023\/09\/francisco_agosto.png\",\"contentUrl\":\"https:\/\/fadeu.urantiacos.cl\/wp-content\/uploads\/2023\/09\/francisco_agosto.png\",\"width\":350,\"height\":250},{\"@type\":\"BreadcrumbList\",\"@id\":\"https:\/\/fadeu.urantiacos.cl\/en\/2021\/08\/23\/francisco-chateau-participo-en-conversatorio-que-inaugura-su-muestra-sobre-el-reino-fungi-en-el-cclm\/#breadcrumb\",\"itemListElement\":[{\"@type\":\"ListItem\",\"position\":1,\"name\":\"Portada\",\"item\":\"https:\/\/fadeu.urantiacos.cl\/en\/\"},{\"@type\":\"ListItem\",\"position\":2,\"name\":\"Francisco Chateau particip\u00f3 en conversatorio que inaugura su muestra sobre el reino fungi en el CCLM\"}]},{\"@type\":\"WebSite\",\"@id\":\"https:\/\/fadeu.urantiacos.cl\/en\/#website\",\"url\":\"https:\/\/fadeu.urantiacos.cl\/en\/\",\"name\":\"Facultad de Arquitectura, Dise\u00f1o y Estudios Urbanos\",\"description\":\"Campus Lo Contador\",\"potentialAction\":[{\"@type\":\"SearchAction\",\"target\":{\"@type\":\"EntryPoint\",\"urlTemplate\":\"https:\/\/fadeu.urantiacos.cl\/en\/?s={search_term_string}\"},\"query-input\":{\"@type\":\"PropertyValueSpecification\",\"valueRequired\":true,\"valueName\":\"search_term_string\"}}],\"inLanguage\":\"en-US\"},{\"@type\":\"Person\",\"@id\":\"https:\/\/fadeu.urantiacos.cl\/en\/#\/schema\/person\/d203e2e84b1c40275eac77b3061a19a2\",\"name\":\"manadmin\",\"image\":{\"@type\":\"ImageObject\",\"inLanguage\":\"en-US\",\"@id\":\"https:\/\/fadeu.urantiacos.cl\/en\/#\/schema\/person\/image\/\",\"url\":\"https:\/\/secure.gravatar.com\/avatar\/4b1d8e3303b4a9d8968ac578947d8bc80d9aea359f388cdd4aac15cadc0e8447?s=96&d=mm&r=g\",\"contentUrl\":\"https:\/\/secure.gravatar.com\/avatar\/4b1d8e3303b4a9d8968ac578947d8bc80d9aea359f388cdd4aac15cadc0e8447?s=96&d=mm&r=g\",\"caption\":\"manadmin\"},\"sameAs\":[\"https:\/\/fadeu.urantiacos.cl\"]}]}<\/script>\n<!-- \/ Yoast SEO plugin. -->","yoast_head_json":{"title":"Francisco Chateau particip\u00f3 en conversatorio que inaugura su muestra sobre el reino fungi en el CCLM - Facultad de Arquitectura, Dise\u00f1o y Estudios Urbanos","description":"En di\u00e1logo con la directora del Centro Cultural La Moneda, Beatriz Bustos, el profesor ARQ UC abri\u00f3 la exposici\u00f3n \u201cFungus. Del territorio a la fabricaci\u00f3n\u201d, muestra curada por el acad\u00e9mico, tambi\u00e9n director del Laboratorio de Biofabricaci\u00f3n UC.","robots":{"index":"index","follow":"follow","max-snippet":"max-snippet:-1","max-image-preview":"max-image-preview:large","max-video-preview":"max-video-preview:-1"},"canonical":"https:\/\/fadeu.urantiacos.cl\/en\/2021\/08\/23\/francisco-chateau-participo-en-conversatorio-que-inaugura-su-muestra-sobre-el-reino-fungi-en-el-cclm\/","og_locale":"en_US","og_type":"article","og_title":"Francisco Chateau particip\u00f3 en conversatorio que inaugura su muestra sobre el reino fungi en el CCLM - Facultad de Arquitectura, Dise\u00f1o y Estudios Urbanos","og_description":"En di\u00e1logo con la directora del Centro Cultural La Moneda, Beatriz Bustos, el profesor ARQ UC abri\u00f3 la exposici\u00f3n \u201cFungus. Del territorio a la fabricaci\u00f3n\u201d, muestra curada por el acad\u00e9mico, tambi\u00e9n director del Laboratorio de Biofabricaci\u00f3n UC.","og_url":"https:\/\/fadeu.urantiacos.cl\/en\/2021\/08\/23\/francisco-chateau-participo-en-conversatorio-que-inaugura-su-muestra-sobre-el-reino-fungi-en-el-cclm\/","og_site_name":"Facultad de Arquitectura, Dise\u00f1o y Estudios Urbanos","article_published_time":"2021-08-23T19:52:00+00:00","article_modified_time":"2023-09-07T19:54:10+00:00","og_image":[{"width":350,"height":250,"url":"https:\/\/fadeu.urantiacos.cl\/wp-content\/uploads\/2023\/09\/francisco_agosto.png","type":"image\/png"}],"author":"manadmin","twitter_card":"summary_large_image","twitter_misc":{"Written by":"manadmin","Est. reading time":"2 minutes"},"schema":{"@context":"https:\/\/schema.org","@graph":[{"@type":"Article","@id":"https:\/\/fadeu.urantiacos.cl\/en\/2021\/08\/23\/francisco-chateau-participo-en-conversatorio-que-inaugura-su-muestra-sobre-el-reino-fungi-en-el-cclm\/#article","isPartOf":{"@id":"https:\/\/fadeu.urantiacos.cl\/en\/2021\/08\/23\/francisco-chateau-participo-en-conversatorio-que-inaugura-su-muestra-sobre-el-reino-fungi-en-el-cclm\/"},"author":{"name":"manadmin","@id":"https:\/\/fadeu.urantiacos.cl\/en\/#\/schema\/person\/d203e2e84b1c40275eac77b3061a19a2"},"headline":"Francisco Chateau particip\u00f3 en conversatorio que inaugura su muestra sobre el reino fungi en el CCLM","datePublished":"2021-08-23T19:52:00+00:00","dateModified":"2023-09-07T19:54:10+00:00","mainEntityOfPage":{"@id":"https:\/\/fadeu.urantiacos.cl\/en\/2021\/08\/23\/francisco-chateau-participo-en-conversatorio-que-inaugura-su-muestra-sobre-el-reino-fungi-en-el-cclm\/"},"wordCount":438,"commentCount":0,"image":{"@id":"https:\/\/fadeu.urantiacos.cl\/en\/2021\/08\/23\/francisco-chateau-participo-en-conversatorio-que-inaugura-su-muestra-sobre-el-reino-fungi-en-el-cclm\/#primaryimage"},"thumbnailUrl":"https:\/\/fadeu.urantiacos.cl\/wp-content\/uploads\/2023\/09\/francisco_agosto.png","articleSection":["Sin categorizar"],"inLanguage":"en-US","potentialAction":[{"@type":"CommentAction","name":"Comment","target":["https:\/\/fadeu.urantiacos.cl\/en\/2021\/08\/23\/francisco-chateau-participo-en-conversatorio-que-inaugura-su-muestra-sobre-el-reino-fungi-en-el-cclm\/#respond"]}]},{"@type":"WebPage","@id":"https:\/\/fadeu.urantiacos.cl\/en\/2021\/08\/23\/francisco-chateau-participo-en-conversatorio-que-inaugura-su-muestra-sobre-el-reino-fungi-en-el-cclm\/","url":"https:\/\/fadeu.urantiacos.cl\/en\/2021\/08\/23\/francisco-chateau-participo-en-conversatorio-que-inaugura-su-muestra-sobre-el-reino-fungi-en-el-cclm\/","name":"Francisco Chateau particip\u00f3 en conversatorio que inaugura su muestra sobre el reino fungi en el CCLM - Facultad de Arquitectura, Dise\u00f1o y Estudios Urbanos","isPartOf":{"@id":"https:\/\/fadeu.urantiacos.cl\/en\/#website"},"primaryImageOfPage":{"@id":"https:\/\/fadeu.urantiacos.cl\/en\/2021\/08\/23\/francisco-chateau-participo-en-conversatorio-que-inaugura-su-muestra-sobre-el-reino-fungi-en-el-cclm\/#primaryimage"},"image":{"@id":"https:\/\/fadeu.urantiacos.cl\/en\/2021\/08\/23\/francisco-chateau-participo-en-conversatorio-que-inaugura-su-muestra-sobre-el-reino-fungi-en-el-cclm\/#primaryimage"},"thumbnailUrl":"https:\/\/fadeu.urantiacos.cl\/wp-content\/uploads\/2023\/09\/francisco_agosto.png","datePublished":"2021-08-23T19:52:00+00:00","dateModified":"2023-09-07T19:54:10+00:00","author":{"@id":"https:\/\/fadeu.urantiacos.cl\/en\/#\/schema\/person\/d203e2e84b1c40275eac77b3061a19a2"},"description":"En di\u00e1logo con la directora del Centro Cultural La Moneda, Beatriz Bustos, el profesor ARQ UC abri\u00f3 la exposici\u00f3n \u201cFungus. Del territorio a la fabricaci\u00f3n\u201d, muestra curada por el acad\u00e9mico, tambi\u00e9n director del Laboratorio de Biofabricaci\u00f3n UC.","breadcrumb":{"@id":"https:\/\/fadeu.urantiacos.cl\/en\/2021\/08\/23\/francisco-chateau-participo-en-conversatorio-que-inaugura-su-muestra-sobre-el-reino-fungi-en-el-cclm\/#breadcrumb"},"inLanguage":"en-US","potentialAction":[{"@type":"ReadAction","target":["https:\/\/fadeu.urantiacos.cl\/en\/2021\/08\/23\/francisco-chateau-participo-en-conversatorio-que-inaugura-su-muestra-sobre-el-reino-fungi-en-el-cclm\/"]}]},{"@type":"ImageObject","inLanguage":"en-US","@id":"https:\/\/fadeu.urantiacos.cl\/en\/2021\/08\/23\/francisco-chateau-participo-en-conversatorio-que-inaugura-su-muestra-sobre-el-reino-fungi-en-el-cclm\/#primaryimage","url":"https:\/\/fadeu.urantiacos.cl\/wp-content\/uploads\/2023\/09\/francisco_agosto.png","contentUrl":"https:\/\/fadeu.urantiacos.cl\/wp-content\/uploads\/2023\/09\/francisco_agosto.png","width":350,"height":250},{"@type":"BreadcrumbList","@id":"https:\/\/fadeu.urantiacos.cl\/en\/2021\/08\/23\/francisco-chateau-participo-en-conversatorio-que-inaugura-su-muestra-sobre-el-reino-fungi-en-el-cclm\/#breadcrumb","itemListElement":[{"@type":"ListItem","position":1,"name":"Portada","item":"https:\/\/fadeu.urantiacos.cl\/en\/"},{"@type":"ListItem","position":2,"name":"Francisco Chateau particip\u00f3 en conversatorio que inaugura su muestra sobre el reino fungi en el CCLM"}]},{"@type":"WebSite","@id":"https:\/\/fadeu.urantiacos.cl\/en\/#website","url":"https:\/\/fadeu.urantiacos.cl\/en\/","name":"Facultad de Arquitectura, Dise\u00f1o y Estudios Urbanos","description":"Campus Lo Contador","potentialAction":[{"@type":"SearchAction","target":{"@type":"EntryPoint","urlTemplate":"https:\/\/fadeu.urantiacos.cl\/en\/?s={search_term_string}"},"query-input":{"@type":"PropertyValueSpecification","valueRequired":true,"valueName":"search_term_string"}}],"inLanguage":"en-US"},{"@type":"Person","@id":"https:\/\/fadeu.urantiacos.cl\/en\/#\/schema\/person\/d203e2e84b1c40275eac77b3061a19a2","name":"manadmin","image":{"@type":"ImageObject","inLanguage":"en-US","@id":"https:\/\/fadeu.urantiacos.cl\/en\/#\/schema\/person\/image\/","url":"https:\/\/secure.gravatar.com\/avatar\/4b1d8e3303b4a9d8968ac578947d8bc80d9aea359f388cdd4aac15cadc0e8447?s=96&d=mm&r=g","contentUrl":"https:\/\/secure.gravatar.com\/avatar\/4b1d8e3303b4a9d8968ac578947d8bc80d9aea359f388cdd4aac15cadc0e8447?s=96&d=mm&r=g","caption":"manadmin"},"sameAs":["https:\/\/fadeu.urantiacos.cl"]}]}},"_links":{"self":[{"href":"https:\/\/fadeu.urantiacos.cl\/en\/wp-json\/wp\/v2\/posts\/6474","targetHints":{"allow":["GET"]}}],"collection":[{"href":"https:\/\/fadeu.urantiacos.cl\/en\/wp-json\/wp\/v2\/posts"}],"about":[{"href":"https:\/\/fadeu.urantiacos.cl\/en\/wp-json\/wp\/v2\/types\/post"}],"author":[{"embeddable":true,"href":"https:\/\/fadeu.urantiacos.cl\/en\/wp-json\/wp\/v2\/users\/1"}],"replies":[{"embeddable":true,"href":"https:\/\/fadeu.urantiacos.cl\/en\/wp-json\/wp\/v2\/comments?post=6474"}],"version-history":[{"count":1,"href":"https:\/\/fadeu.urantiacos.cl\/en\/wp-json\/wp\/v2\/posts\/6474\/revisions"}],"predecessor-version":[{"id":6476,"href":"https:\/\/fadeu.urantiacos.cl\/en\/wp-json\/wp\/v2\/posts\/6474\/revisions\/6476"}],"wp:featuredmedia":[{"embeddable":true,"href":"https:\/\/fadeu.urantiacos.cl\/en\/wp-json\/wp\/v2\/media\/6475"}],"wp:attachment":[{"href":"https:\/\/fadeu.urantiacos.cl\/en\/wp-json\/wp\/v2\/media?parent=6474"}],"wp:term":[{"taxonomy":"category","embeddable":true,"href":"https:\/\/fadeu.urantiacos.cl\/en\/wp-json\/wp\/v2\/categories?post=6474"},{"taxonomy":"post_tag","embeddable":true,"href":"https:\/\/fadeu.urantiacos.cl\/en\/wp-json\/wp\/v2\/tags?post=6474"}],"curies":[{"name":"wp","href":"https:\/\/api.w.org\/{rel}","templated":true}]}}