{"id":6433,"date":"2021-08-30T16:28:00","date_gmt":"2021-08-30T19:28:00","guid":{"rendered":"https:\/\/fadeu.urantiacos.cl\/?p=6433"},"modified":"2023-09-07T16:31:04","modified_gmt":"2023-09-07T19:31:04","slug":"equipo-arq-uc-junto-a-galeria-itinerante-expone-en-la-bienal-de-favara-en-italia","status":"publish","type":"post","link":"https:\/\/fadeu.urantiacos.cl\/en\/2021\/08\/30\/equipo-arq-uc-junto-a-galeria-itinerante-expone-en-la-bienal-de-favara-en-italia\/","title":{"rendered":"Equipo ARQ UC junto a Galer\u00eda Itinerante expone en la Bienal de Favara en Italia"},"content":{"rendered":"\n<figure class=\"wp-block-image size-full\"><img decoding=\"async\" width=\"350\" height=\"250\" src=\"https:\/\/fadeu.urantiacos.cl\/wp-content\/uploads\/2023\/09\/ARQ-Bienal_Agosto2021.jpg\" alt=\"\" class=\"wp-image-6434\" srcset=\"https:\/\/fadeu.urantiacos.cl\/wp-content\/uploads\/2023\/09\/ARQ-Bienal_Agosto2021.jpg 350w, https:\/\/fadeu.urantiacos.cl\/wp-content\/uploads\/2023\/09\/ARQ-Bienal_Agosto2021-300x214.jpg 300w\" sizes=\"(max-width: 350px) 100vw, 350px\" \/><\/figure>\n\n\n\n<p>La Bienal de Favara en Italia tiene como t\u00edtulo \u201cCountless Cities\u201d (&#8220;Ciudades Innumerables&#8221;) y busca \u201cinvolucrar a las ciudades del mundo con diferentes enfoques y lenguajes\u201d. En este contexto, el equipo ARQ UC junto al colectivo Galer\u00eda Itinerante present\u00f3 el pabell\u00f3n que representa a la ciudad de Santiago y que tiene por nombre: &#8220;Grados de incertidumbre: resiliencia diversa en la ciudad de Santiago de Chile&#8221; (en italiano, &#8220;Graddi di incertezza: Resiliense diverse nella citt\u00e1 di Santiago del Cile&#8221;).<\/p>\n\n\n\n<p>La propuesta del pabell\u00f3n vincula la resiliencia de las ciudades chilenas afectadas por las cat\u00e1strofes naturales (como terremotos, aluviones, tsunamis e inundaciones), considerando tambi\u00e9n el proceso del estallido social y la transformaci\u00f3n iniciada en el pa\u00eds en octubre de 2019. La narrativa articula siete momentos sensibles en dichos procesos: la calma aparente; el presagio; el primer quiebre; el cl\u00edmax; la asimilaci\u00f3n; el entendimiento y, finalmente, la resiliencia.<\/p>\n\n\n\n<p>Por otro lado, la muestra se materializ\u00f3 como una experiencia inmersiva, compuesta por un relato audiovisual \u2014con una pieza de sonido del compositor Jorge Pacheco\u2014 y la disposici\u00f3n de elementos en el espacio, construyendo un viaje de escalas y asimilaci\u00f3n que sumergen al visitante en un imaginario de la resiliencia vivida en Chile.<\/p>\n\n\n\n<p>El proyecto fue co-dise\u00f1ado por el colectivo Galer\u00eda Itinerante (con Francisca Peralta, Gabriela Mart\u00ednez, Macarena Diaz y Andr\u00e9s Salazar) y los profesores ARQ UC Renato D\u2019Alen\u00e7on, Paola Alfaro y Roberto Moris. Adem\u00e1s cont\u00f3 con la gesti\u00f3n del arquitecto y estudiante del Mag\u00edster en Arquitectura Sustentable y Energ\u00eda UC (MASE), Alessandro Grossi, y las im\u00e1genes del v\u00eddeo de Sebasti\u00e1n Gonzales, Sof\u00eda Morales, Catalina Albornoz, Sebasti\u00e1n Rojas y Laboratorio Camar\u00edn.<\/p>\n\n\n\n<p>La bienal, inaugurada el 26 de junio de 2021, est\u00e1 ubicada en el centro cultural \u201cFarm Cultural Park\u201d de Favara, en la regi\u00f3n se Sicilia en Italia, y estar\u00e1 abierta al p\u00fablico hasta el 18 de octubre de este a\u00f1o.<\/p>\n\n\n\n<figure class=\"wp-block-video\"><video controls src=\"https:\/\/video-mia3-1.xx.fbcdn.net\/v\/t42.1790-2\/291165731_573701694358507_3840703719582731725_n.mp4?_nc_cat=101&amp;ccb=1-7&amp;_nc_sid=985c63&amp;efg=eyJybHIiOjQ2NCwicmxhIjoxMDExLCJ2ZW5jb2RlX3RhZyI6InN2ZV9zZCJ9&amp;_nc_ohc=wXvE6ghNmWIAX_6-Nja&amp;rl=464&amp;vabr=258&amp;_nc_ht=video-mia3-1.xx&amp;edm=AGo2L-IEAAAA&amp;oh=00_AfCGJ-QV6YQS2EoDE6gMpZx9unq1ogZLZemA4xER05krtg&amp;oe=64FF2FD0\"><\/video><\/figure>\n\n\n\n<p>Noticias<br>Contacto:&nbsp;<a href=\"mailto:redesarq@uc.cl\">redesarq@uc.cl<\/a>&nbsp;| +56 2 2354 7747<br>www.arquitectura.uc.cl<\/p>\n","protected":false},"excerpt":{"rendered":"<p>Los profesores ARQ UC Renato D\u2019Alen\u00e7on, Paola Alfaro y Roberto Moris, junto al estudiante del MASE UC Alessandro Grossi y Galer\u00eda Itinerante, dise\u00f1aron un pabell\u00f3n que representa a la ciudad de Santiago en el evento italiano.<\/p>\n","protected":false},"author":1,"featured_media":6434,"comment_status":"open","ping_status":"open","sticky":false,"template":"","format":"standard","meta":{"_acf_changed":false,"footnotes":""},"categories":[1],"tags":[],"class_list":["post-6433","post","type-post","status-publish","format-standard","has-post-thumbnail","hentry","category-sin-categorizar"],"acf":[],"yoast_head":"<!-- This site is optimized with the Yoast SEO plugin v27.1.1 - https:\/\/yoast.com\/product\/yoast-seo-wordpress\/ -->\n<title>Equipo ARQ UC junto a Galer\u00eda Itinerante expone en la Bienal de Favara en Italia - Facultad de Arquitectura, Dise\u00f1o y Estudios Urbanos<\/title>\n<meta name=\"description\" content=\"Los profesores ARQ UC Renato D\u2019Alen\u00e7on, Paola Alfaro y Roberto Moris, junto al estudiante del MASE UC Alessandro Grossi y Galer\u00eda Itinerante, dise\u00f1aron un pabell\u00f3n que representa a la ciudad de Santiago en el evento italiano.\" \/>\n<meta name=\"robots\" content=\"index, follow, max-snippet:-1, max-image-preview:large, max-video-preview:-1\" \/>\n<link rel=\"canonical\" href=\"https:\/\/fadeu.urantiacos.cl\/en\/2021\/08\/30\/equipo-arq-uc-junto-a-galeria-itinerante-expone-en-la-bienal-de-favara-en-italia\/\" \/>\n<meta property=\"og:locale\" content=\"en_US\" \/>\n<meta property=\"og:type\" content=\"article\" \/>\n<meta property=\"og:title\" content=\"Equipo ARQ UC junto a Galer\u00eda Itinerante expone en la Bienal de Favara en Italia - Facultad de Arquitectura, Dise\u00f1o y Estudios Urbanos\" \/>\n<meta property=\"og:description\" content=\"Los profesores ARQ UC Renato D\u2019Alen\u00e7on, Paola Alfaro y Roberto Moris, junto al estudiante del MASE UC Alessandro Grossi y Galer\u00eda Itinerante, dise\u00f1aron un pabell\u00f3n que representa a la ciudad de Santiago en el evento italiano.\" \/>\n<meta property=\"og:url\" content=\"https:\/\/fadeu.urantiacos.cl\/en\/2021\/08\/30\/equipo-arq-uc-junto-a-galeria-itinerante-expone-en-la-bienal-de-favara-en-italia\/\" \/>\n<meta property=\"og:site_name\" content=\"Facultad de Arquitectura, Dise\u00f1o y Estudios Urbanos\" \/>\n<meta property=\"article:published_time\" content=\"2021-08-30T19:28:00+00:00\" \/>\n<meta property=\"article:modified_time\" content=\"2023-09-07T19:31:04+00:00\" \/>\n<meta property=\"og:image\" content=\"https:\/\/fadeu.urantiacos.cl\/wp-content\/uploads\/2023\/09\/ARQ-Bienal_Agosto2021.jpg\" \/>\n\t<meta property=\"og:image:width\" content=\"350\" \/>\n\t<meta property=\"og:image:height\" content=\"250\" \/>\n\t<meta property=\"og:image:type\" content=\"image\/jpeg\" \/>\n<meta name=\"author\" content=\"manadmin\" \/>\n<meta name=\"twitter:card\" content=\"summary_large_image\" \/>\n<meta name=\"twitter:label1\" content=\"Written by\" \/>\n\t<meta name=\"twitter:data1\" content=\"manadmin\" \/>\n\t<meta name=\"twitter:label2\" content=\"Est. reading time\" \/>\n\t<meta name=\"twitter:data2\" content=\"2 minutes\" \/>\n<script type=\"application\/ld+json\" class=\"yoast-schema-graph\">{\"@context\":\"https:\/\/schema.org\",\"@graph\":[{\"@type\":\"Article\",\"@id\":\"https:\/\/fadeu.urantiacos.cl\/en\/2021\/08\/30\/equipo-arq-uc-junto-a-galeria-itinerante-expone-en-la-bienal-de-favara-en-italia\/#article\",\"isPartOf\":{\"@id\":\"https:\/\/fadeu.urantiacos.cl\/en\/2021\/08\/30\/equipo-arq-uc-junto-a-galeria-itinerante-expone-en-la-bienal-de-favara-en-italia\/\"},\"author\":{\"name\":\"manadmin\",\"@id\":\"https:\/\/fadeu.urantiacos.cl\/en\/#\/schema\/person\/d203e2e84b1c40275eac77b3061a19a2\"},\"headline\":\"Equipo ARQ UC junto a Galer\u00eda Itinerante expone en la Bienal de Favara en Italia\",\"datePublished\":\"2021-08-30T19:28:00+00:00\",\"dateModified\":\"2023-09-07T19:31:04+00:00\",\"mainEntityOfPage\":{\"@id\":\"https:\/\/fadeu.urantiacos.cl\/en\/2021\/08\/30\/equipo-arq-uc-junto-a-galeria-itinerante-expone-en-la-bienal-de-favara-en-italia\/\"},\"wordCount\":359,\"commentCount\":0,\"image\":{\"@id\":\"https:\/\/fadeu.urantiacos.cl\/en\/2021\/08\/30\/equipo-arq-uc-junto-a-galeria-itinerante-expone-en-la-bienal-de-favara-en-italia\/#primaryimage\"},\"thumbnailUrl\":\"https:\/\/fadeu.urantiacos.cl\/wp-content\/uploads\/2023\/09\/ARQ-Bienal_Agosto2021.jpg\",\"articleSection\":[\"Sin categorizar\"],\"inLanguage\":\"en-US\",\"potentialAction\":[{\"@type\":\"CommentAction\",\"name\":\"Comment\",\"target\":[\"https:\/\/fadeu.urantiacos.cl\/en\/2021\/08\/30\/equipo-arq-uc-junto-a-galeria-itinerante-expone-en-la-bienal-de-favara-en-italia\/#respond\"]}]},{\"@type\":\"WebPage\",\"@id\":\"https:\/\/fadeu.urantiacos.cl\/en\/2021\/08\/30\/equipo-arq-uc-junto-a-galeria-itinerante-expone-en-la-bienal-de-favara-en-italia\/\",\"url\":\"https:\/\/fadeu.urantiacos.cl\/en\/2021\/08\/30\/equipo-arq-uc-junto-a-galeria-itinerante-expone-en-la-bienal-de-favara-en-italia\/\",\"name\":\"Equipo ARQ UC junto a Galer\u00eda Itinerante expone en la Bienal de Favara en Italia - Facultad de Arquitectura, Dise\u00f1o y Estudios Urbanos\",\"isPartOf\":{\"@id\":\"https:\/\/fadeu.urantiacos.cl\/en\/#website\"},\"primaryImageOfPage\":{\"@id\":\"https:\/\/fadeu.urantiacos.cl\/en\/2021\/08\/30\/equipo-arq-uc-junto-a-galeria-itinerante-expone-en-la-bienal-de-favara-en-italia\/#primaryimage\"},\"image\":{\"@id\":\"https:\/\/fadeu.urantiacos.cl\/en\/2021\/08\/30\/equipo-arq-uc-junto-a-galeria-itinerante-expone-en-la-bienal-de-favara-en-italia\/#primaryimage\"},\"thumbnailUrl\":\"https:\/\/fadeu.urantiacos.cl\/wp-content\/uploads\/2023\/09\/ARQ-Bienal_Agosto2021.jpg\",\"datePublished\":\"2021-08-30T19:28:00+00:00\",\"dateModified\":\"2023-09-07T19:31:04+00:00\",\"author\":{\"@id\":\"https:\/\/fadeu.urantiacos.cl\/en\/#\/schema\/person\/d203e2e84b1c40275eac77b3061a19a2\"},\"description\":\"Los profesores ARQ UC Renato D\u2019Alen\u00e7on, Paola Alfaro y Roberto Moris, junto al estudiante del MASE UC Alessandro Grossi y Galer\u00eda Itinerante, dise\u00f1aron un pabell\u00f3n que representa a la ciudad de Santiago en el evento italiano.\",\"breadcrumb\":{\"@id\":\"https:\/\/fadeu.urantiacos.cl\/en\/2021\/08\/30\/equipo-arq-uc-junto-a-galeria-itinerante-expone-en-la-bienal-de-favara-en-italia\/#breadcrumb\"},\"inLanguage\":\"en-US\",\"potentialAction\":[{\"@type\":\"ReadAction\",\"target\":[\"https:\/\/fadeu.urantiacos.cl\/en\/2021\/08\/30\/equipo-arq-uc-junto-a-galeria-itinerante-expone-en-la-bienal-de-favara-en-italia\/\"]}]},{\"@type\":\"ImageObject\",\"inLanguage\":\"en-US\",\"@id\":\"https:\/\/fadeu.urantiacos.cl\/en\/2021\/08\/30\/equipo-arq-uc-junto-a-galeria-itinerante-expone-en-la-bienal-de-favara-en-italia\/#primaryimage\",\"url\":\"https:\/\/fadeu.urantiacos.cl\/wp-content\/uploads\/2023\/09\/ARQ-Bienal_Agosto2021.jpg\",\"contentUrl\":\"https:\/\/fadeu.urantiacos.cl\/wp-content\/uploads\/2023\/09\/ARQ-Bienal_Agosto2021.jpg\",\"width\":350,\"height\":250},{\"@type\":\"BreadcrumbList\",\"@id\":\"https:\/\/fadeu.urantiacos.cl\/en\/2021\/08\/30\/equipo-arq-uc-junto-a-galeria-itinerante-expone-en-la-bienal-de-favara-en-italia\/#breadcrumb\",\"itemListElement\":[{\"@type\":\"ListItem\",\"position\":1,\"name\":\"Portada\",\"item\":\"https:\/\/fadeu.urantiacos.cl\/en\/\"},{\"@type\":\"ListItem\",\"position\":2,\"name\":\"Equipo ARQ UC junto a Galer\u00eda Itinerante expone en la Bienal de Favara en Italia\"}]},{\"@type\":\"WebSite\",\"@id\":\"https:\/\/fadeu.urantiacos.cl\/en\/#website\",\"url\":\"https:\/\/fadeu.urantiacos.cl\/en\/\",\"name\":\"Facultad de Arquitectura, Dise\u00f1o y Estudios Urbanos\",\"description\":\"Campus Lo Contador\",\"potentialAction\":[{\"@type\":\"SearchAction\",\"target\":{\"@type\":\"EntryPoint\",\"urlTemplate\":\"https:\/\/fadeu.urantiacos.cl\/en\/?s={search_term_string}\"},\"query-input\":{\"@type\":\"PropertyValueSpecification\",\"valueRequired\":true,\"valueName\":\"search_term_string\"}}],\"inLanguage\":\"en-US\"},{\"@type\":\"Person\",\"@id\":\"https:\/\/fadeu.urantiacos.cl\/en\/#\/schema\/person\/d203e2e84b1c40275eac77b3061a19a2\",\"name\":\"manadmin\",\"image\":{\"@type\":\"ImageObject\",\"inLanguage\":\"en-US\",\"@id\":\"https:\/\/fadeu.urantiacos.cl\/en\/#\/schema\/person\/image\/\",\"url\":\"https:\/\/secure.gravatar.com\/avatar\/4b1d8e3303b4a9d8968ac578947d8bc80d9aea359f388cdd4aac15cadc0e8447?s=96&d=mm&r=g\",\"contentUrl\":\"https:\/\/secure.gravatar.com\/avatar\/4b1d8e3303b4a9d8968ac578947d8bc80d9aea359f388cdd4aac15cadc0e8447?s=96&d=mm&r=g\",\"caption\":\"manadmin\"},\"sameAs\":[\"https:\/\/fadeu.urantiacos.cl\"]}]}<\/script>\n<!-- \/ Yoast SEO plugin. -->","yoast_head_json":{"title":"Equipo ARQ UC junto a Galer\u00eda Itinerante expone en la Bienal de Favara en Italia - Facultad de Arquitectura, Dise\u00f1o y Estudios Urbanos","description":"Los profesores ARQ UC Renato D\u2019Alen\u00e7on, Paola Alfaro y Roberto Moris, junto al estudiante del MASE UC Alessandro Grossi y Galer\u00eda Itinerante, dise\u00f1aron un pabell\u00f3n que representa a la ciudad de Santiago en el evento italiano.","robots":{"index":"index","follow":"follow","max-snippet":"max-snippet:-1","max-image-preview":"max-image-preview:large","max-video-preview":"max-video-preview:-1"},"canonical":"https:\/\/fadeu.urantiacos.cl\/en\/2021\/08\/30\/equipo-arq-uc-junto-a-galeria-itinerante-expone-en-la-bienal-de-favara-en-italia\/","og_locale":"en_US","og_type":"article","og_title":"Equipo ARQ UC junto a Galer\u00eda Itinerante expone en la Bienal de Favara en Italia - Facultad de Arquitectura, Dise\u00f1o y Estudios Urbanos","og_description":"Los profesores ARQ UC Renato D\u2019Alen\u00e7on, Paola Alfaro y Roberto Moris, junto al estudiante del MASE UC Alessandro Grossi y Galer\u00eda Itinerante, dise\u00f1aron un pabell\u00f3n que representa a la ciudad de Santiago en el evento italiano.","og_url":"https:\/\/fadeu.urantiacos.cl\/en\/2021\/08\/30\/equipo-arq-uc-junto-a-galeria-itinerante-expone-en-la-bienal-de-favara-en-italia\/","og_site_name":"Facultad de Arquitectura, Dise\u00f1o y Estudios Urbanos","article_published_time":"2021-08-30T19:28:00+00:00","article_modified_time":"2023-09-07T19:31:04+00:00","og_image":[{"width":350,"height":250,"url":"https:\/\/fadeu.urantiacos.cl\/wp-content\/uploads\/2023\/09\/ARQ-Bienal_Agosto2021.jpg","type":"image\/jpeg"}],"author":"manadmin","twitter_card":"summary_large_image","twitter_misc":{"Written by":"manadmin","Est. reading time":"2 minutes"},"schema":{"@context":"https:\/\/schema.org","@graph":[{"@type":"Article","@id":"https:\/\/fadeu.urantiacos.cl\/en\/2021\/08\/30\/equipo-arq-uc-junto-a-galeria-itinerante-expone-en-la-bienal-de-favara-en-italia\/#article","isPartOf":{"@id":"https:\/\/fadeu.urantiacos.cl\/en\/2021\/08\/30\/equipo-arq-uc-junto-a-galeria-itinerante-expone-en-la-bienal-de-favara-en-italia\/"},"author":{"name":"manadmin","@id":"https:\/\/fadeu.urantiacos.cl\/en\/#\/schema\/person\/d203e2e84b1c40275eac77b3061a19a2"},"headline":"Equipo ARQ UC junto a Galer\u00eda Itinerante expone en la Bienal de Favara en Italia","datePublished":"2021-08-30T19:28:00+00:00","dateModified":"2023-09-07T19:31:04+00:00","mainEntityOfPage":{"@id":"https:\/\/fadeu.urantiacos.cl\/en\/2021\/08\/30\/equipo-arq-uc-junto-a-galeria-itinerante-expone-en-la-bienal-de-favara-en-italia\/"},"wordCount":359,"commentCount":0,"image":{"@id":"https:\/\/fadeu.urantiacos.cl\/en\/2021\/08\/30\/equipo-arq-uc-junto-a-galeria-itinerante-expone-en-la-bienal-de-favara-en-italia\/#primaryimage"},"thumbnailUrl":"https:\/\/fadeu.urantiacos.cl\/wp-content\/uploads\/2023\/09\/ARQ-Bienal_Agosto2021.jpg","articleSection":["Sin categorizar"],"inLanguage":"en-US","potentialAction":[{"@type":"CommentAction","name":"Comment","target":["https:\/\/fadeu.urantiacos.cl\/en\/2021\/08\/30\/equipo-arq-uc-junto-a-galeria-itinerante-expone-en-la-bienal-de-favara-en-italia\/#respond"]}]},{"@type":"WebPage","@id":"https:\/\/fadeu.urantiacos.cl\/en\/2021\/08\/30\/equipo-arq-uc-junto-a-galeria-itinerante-expone-en-la-bienal-de-favara-en-italia\/","url":"https:\/\/fadeu.urantiacos.cl\/en\/2021\/08\/30\/equipo-arq-uc-junto-a-galeria-itinerante-expone-en-la-bienal-de-favara-en-italia\/","name":"Equipo ARQ UC junto a Galer\u00eda Itinerante expone en la Bienal de Favara en Italia - Facultad de Arquitectura, Dise\u00f1o y Estudios Urbanos","isPartOf":{"@id":"https:\/\/fadeu.urantiacos.cl\/en\/#website"},"primaryImageOfPage":{"@id":"https:\/\/fadeu.urantiacos.cl\/en\/2021\/08\/30\/equipo-arq-uc-junto-a-galeria-itinerante-expone-en-la-bienal-de-favara-en-italia\/#primaryimage"},"image":{"@id":"https:\/\/fadeu.urantiacos.cl\/en\/2021\/08\/30\/equipo-arq-uc-junto-a-galeria-itinerante-expone-en-la-bienal-de-favara-en-italia\/#primaryimage"},"thumbnailUrl":"https:\/\/fadeu.urantiacos.cl\/wp-content\/uploads\/2023\/09\/ARQ-Bienal_Agosto2021.jpg","datePublished":"2021-08-30T19:28:00+00:00","dateModified":"2023-09-07T19:31:04+00:00","author":{"@id":"https:\/\/fadeu.urantiacos.cl\/en\/#\/schema\/person\/d203e2e84b1c40275eac77b3061a19a2"},"description":"Los profesores ARQ UC Renato D\u2019Alen\u00e7on, Paola Alfaro y Roberto Moris, junto al estudiante del MASE UC Alessandro Grossi y Galer\u00eda Itinerante, dise\u00f1aron un pabell\u00f3n que representa a la ciudad de Santiago en el evento italiano.","breadcrumb":{"@id":"https:\/\/fadeu.urantiacos.cl\/en\/2021\/08\/30\/equipo-arq-uc-junto-a-galeria-itinerante-expone-en-la-bienal-de-favara-en-italia\/#breadcrumb"},"inLanguage":"en-US","potentialAction":[{"@type":"ReadAction","target":["https:\/\/fadeu.urantiacos.cl\/en\/2021\/08\/30\/equipo-arq-uc-junto-a-galeria-itinerante-expone-en-la-bienal-de-favara-en-italia\/"]}]},{"@type":"ImageObject","inLanguage":"en-US","@id":"https:\/\/fadeu.urantiacos.cl\/en\/2021\/08\/30\/equipo-arq-uc-junto-a-galeria-itinerante-expone-en-la-bienal-de-favara-en-italia\/#primaryimage","url":"https:\/\/fadeu.urantiacos.cl\/wp-content\/uploads\/2023\/09\/ARQ-Bienal_Agosto2021.jpg","contentUrl":"https:\/\/fadeu.urantiacos.cl\/wp-content\/uploads\/2023\/09\/ARQ-Bienal_Agosto2021.jpg","width":350,"height":250},{"@type":"BreadcrumbList","@id":"https:\/\/fadeu.urantiacos.cl\/en\/2021\/08\/30\/equipo-arq-uc-junto-a-galeria-itinerante-expone-en-la-bienal-de-favara-en-italia\/#breadcrumb","itemListElement":[{"@type":"ListItem","position":1,"name":"Portada","item":"https:\/\/fadeu.urantiacos.cl\/en\/"},{"@type":"ListItem","position":2,"name":"Equipo ARQ UC junto a Galer\u00eda Itinerante expone en la Bienal de Favara en Italia"}]},{"@type":"WebSite","@id":"https:\/\/fadeu.urantiacos.cl\/en\/#website","url":"https:\/\/fadeu.urantiacos.cl\/en\/","name":"Facultad de Arquitectura, Dise\u00f1o y Estudios Urbanos","description":"Campus Lo Contador","potentialAction":[{"@type":"SearchAction","target":{"@type":"EntryPoint","urlTemplate":"https:\/\/fadeu.urantiacos.cl\/en\/?s={search_term_string}"},"query-input":{"@type":"PropertyValueSpecification","valueRequired":true,"valueName":"search_term_string"}}],"inLanguage":"en-US"},{"@type":"Person","@id":"https:\/\/fadeu.urantiacos.cl\/en\/#\/schema\/person\/d203e2e84b1c40275eac77b3061a19a2","name":"manadmin","image":{"@type":"ImageObject","inLanguage":"en-US","@id":"https:\/\/fadeu.urantiacos.cl\/en\/#\/schema\/person\/image\/","url":"https:\/\/secure.gravatar.com\/avatar\/4b1d8e3303b4a9d8968ac578947d8bc80d9aea359f388cdd4aac15cadc0e8447?s=96&d=mm&r=g","contentUrl":"https:\/\/secure.gravatar.com\/avatar\/4b1d8e3303b4a9d8968ac578947d8bc80d9aea359f388cdd4aac15cadc0e8447?s=96&d=mm&r=g","caption":"manadmin"},"sameAs":["https:\/\/fadeu.urantiacos.cl"]}]}},"_links":{"self":[{"href":"https:\/\/fadeu.urantiacos.cl\/en\/wp-json\/wp\/v2\/posts\/6433","targetHints":{"allow":["GET"]}}],"collection":[{"href":"https:\/\/fadeu.urantiacos.cl\/en\/wp-json\/wp\/v2\/posts"}],"about":[{"href":"https:\/\/fadeu.urantiacos.cl\/en\/wp-json\/wp\/v2\/types\/post"}],"author":[{"embeddable":true,"href":"https:\/\/fadeu.urantiacos.cl\/en\/wp-json\/wp\/v2\/users\/1"}],"replies":[{"embeddable":true,"href":"https:\/\/fadeu.urantiacos.cl\/en\/wp-json\/wp\/v2\/comments?post=6433"}],"version-history":[{"count":1,"href":"https:\/\/fadeu.urantiacos.cl\/en\/wp-json\/wp\/v2\/posts\/6433\/revisions"}],"predecessor-version":[{"id":6435,"href":"https:\/\/fadeu.urantiacos.cl\/en\/wp-json\/wp\/v2\/posts\/6433\/revisions\/6435"}],"wp:featuredmedia":[{"embeddable":true,"href":"https:\/\/fadeu.urantiacos.cl\/en\/wp-json\/wp\/v2\/media\/6434"}],"wp:attachment":[{"href":"https:\/\/fadeu.urantiacos.cl\/en\/wp-json\/wp\/v2\/media?parent=6433"}],"wp:term":[{"taxonomy":"category","embeddable":true,"href":"https:\/\/fadeu.urantiacos.cl\/en\/wp-json\/wp\/v2\/categories?post=6433"},{"taxonomy":"post_tag","embeddable":true,"href":"https:\/\/fadeu.urantiacos.cl\/en\/wp-json\/wp\/v2\/tags?post=6433"}],"curies":[{"name":"wp","href":"https:\/\/api.w.org\/{rel}","templated":true}]}}