{"id":6429,"date":"2021-08-30T16:26:00","date_gmt":"2021-08-30T19:26:00","guid":{"rendered":"https:\/\/fadeu.urantiacos.cl\/?p=6429"},"modified":"2023-09-07T16:28:19","modified_gmt":"2023-09-07T19:28:19","slug":"diseno-uc-se-suma-como-patrocinador-a-best-branding-awards","status":"publish","type":"post","link":"https:\/\/fadeu.urantiacos.cl\/en\/2021\/08\/30\/diseno-uc-se-suma-como-patrocinador-a-best-branding-awards\/","title":{"rendered":"Dise\u00f1o UC se suma como Patrocinador a Best Branding Awards"},"content":{"rendered":"\n<figure class=\"wp-block-image size-full\"><img decoding=\"async\" width=\"350\" height=\"250\" src=\"https:\/\/fadeu.urantiacos.cl\/wp-content\/uploads\/2023\/09\/BEST_BRANDING_AWARDS_WEB.png\" alt=\"\" class=\"wp-image-6430\" srcset=\"https:\/\/fadeu.urantiacos.cl\/wp-content\/uploads\/2023\/09\/BEST_BRANDING_AWARDS_WEB.png 350w, https:\/\/fadeu.urantiacos.cl\/wp-content\/uploads\/2023\/09\/BEST_BRANDING_AWARDS_WEB-300x214.png 300w\" sizes=\"(max-width: 350px) 100vw, 350px\" \/><\/figure>\n\n\n\n<p><a href=\"https:\/\/bestbrandingawards.com\/wp-content\/uploads\/2021\/08\/Bases-BBA-2021.pdf\">BASES<\/a><br><br>Esta instancia ve el branding como el proceso de dar un significado a una entidad, producto o servicio, por la v\u00eda de conformar la marca en la mente de los consumidores. Es el proceso de definiciones estrat\u00e9gicas vinculadas al negocio, dise\u00f1o, construcci\u00f3n, desarrollo y posicionamiento de una marca, y contempla el conjunto de acciones necesarias para generarle valor.<\/p>\n\n\n\n<p>Contempla entre otros aspectos, la creaci\u00f3n, el establecimiento del significado de la marca y la &nbsp;comunicaci\u00f3n al interior y al exterior&nbsp;de la empresa a stakeholders en general para el logro de los objetivos perseguidos.<\/p>\n\n\n\n<p>\u00bfQu\u00e9 premia y qui\u00e9nes pueden participar?<\/p>\n\n\n\n<p>Pueden&nbsp;participar empresas, entidades y emprendimientos\/Startups,&nbsp;consultoras de marca,&nbsp;agencias de comunicaciones de marketing, y profesionales&nbsp;independientes, los que deben inscribir sus respectivos casos.&nbsp;Entendiendo como Startup a una empresa joven con menos de 5&nbsp;a\u00f1os desde su constituci\u00f3n, con gran potencial de crecimiento&nbsp;pero que se&nbsp;encuentra en una etapa temprana, y que prometen que el negocio ser\u00e1 escalable&nbsp;r\u00e1pidamente haciendo uso de la&nbsp;tecnolog\u00eda.<\/p>\n\n\n\n<p>Pueden participar casos de branding que hayan&nbsp;ocurrido en Chile entre enero 2018 y septiembre 2021 incluidos.<\/p>\n\n\n\n<p>Organizado por Valora, cuyo prop\u00f3sito central es promover el desarrollo profesional de la industria del marketing, este Concurso representa una oportunidad de merecido reconocimiento a destacadas estrategias y acciones de branding para sus marcas en 13 categor\u00edas que responden a los siguientes tipos de casos:<\/p>\n\n\n\n<p>BEST&nbsp;NEW BRAND<br>Casos de creaci\u00f3n de una &nbsp;marca nueva&nbsp;en el mercado chileno. Esta puede ser de producto o servicio, de consumo&nbsp;masivo&nbsp;o de bien durable, BtoC, BtoB, u otro.<br>Se evaluar\u00e1n los aspectos esenciales de la&nbsp;construcci\u00f3n de una marca desde la estrategia al dise\u00f1o y a laimplementaci\u00f3n.<\/p>\n\n\n\n<p>BEST&nbsp;BRAND STRETCHING<br>Casos de creaci\u00f3n de una marca nueva aprovechando&nbsp;la elasticidad de una marca ya existente en el mercado chileno.&nbsp;Esta puede ser&nbsp;de producto o servicio, de consumo masivo o de bien durable, BtoC, BtoB, u&nbsp;otro. Considera extensiones&nbsp;de l\u00ednea.<br>Se evaluar\u00e1n los aspectos esenciales de la construcci\u00f3n de una marca desde la&nbsp;estrategia al dise\u00f1o y a la&nbsp;implementaci\u00f3n.<\/p>\n\n\n\n<p>BEST&nbsp;REBRAND<br>Casos de replanteamiento, redefinici\u00f3n o&nbsp;redise\u00f1o de una &nbsp;marca existente en el mercado chileno. Esta puede ser de&nbsp;producto o servicio, de consumo masivo o de bien durable, BtoC, BtoB, u otro.<br>Se evaluar\u00e1n los aspectos esenciales de la construcci\u00f3n de una marca desde la&nbsp;estrategia al dise\u00f1o y a la&nbsp;implementaci\u00f3n.<\/p>\n\n\n\n<p>BEST&nbsp;BRAND EXPERIENCE<br>Casos de definici\u00f3n de un concepto&nbsp;estrat\u00e9gico que tiene como principio que las marcas generen valor entre ellas y&nbsp;sus&nbsp;clientes o consumidores en los diversos puntos de contacto durante la&nbsp;interacci\u00f3n y el consumo (nuevas app bajo una&nbsp;marca, tiendas pop up, gamings,&nbsp;flagship Stores, corners, eventos, etc.).<\/p>\n\n\n\n<p>BEST&nbsp;NEW START UP BRAND<br>Casos de emprendimientos\/startups que resolvieron&nbsp;la creaci\u00f3n de una marca nueva o de una&nbsp;rebranding en el mercado chileno. Esta&nbsp;puede ser de producto o servicio, de&nbsp;consumo masivo o de bien durable, BtoC, BtoB, u otro.<br>Se evaluar\u00e1n los aspectos esenciales de la construcci\u00f3n de una marca desde la estrategia al dise\u00f1o y a la implementaci\u00f3n.<\/p>\n\n\n\n<figure class=\"wp-block-image size-full\"><img decoding=\"async\" width=\"992\" height=\"265\" src=\"https:\/\/fadeu.urantiacos.cl\/wp-content\/uploads\/2023\/09\/Captura-de-Pantalla-2021-08-26-a-las-16.04.27-992x265-1.png\" alt=\"\" class=\"wp-image-6431\" srcset=\"https:\/\/fadeu.urantiacos.cl\/wp-content\/uploads\/2023\/09\/Captura-de-Pantalla-2021-08-26-a-las-16.04.27-992x265-1.png 992w, https:\/\/fadeu.urantiacos.cl\/wp-content\/uploads\/2023\/09\/Captura-de-Pantalla-2021-08-26-a-las-16.04.27-992x265-1-300x80.png 300w, https:\/\/fadeu.urantiacos.cl\/wp-content\/uploads\/2023\/09\/Captura-de-Pantalla-2021-08-26-a-las-16.04.27-992x265-1-768x205.png 768w\" sizes=\"(max-width: 992px) 100vw, 992px\" \/><\/figure>\n\n\n\n<p>INFORMACI\u00d3N PERIOD\u00cdSTICA<br>ESCUELA DE DISE\u00d1O UC<\/p>\n","protected":false},"excerpt":{"rendered":"<p>La escuela de Dise\u00f1o UC se incorpora en la modalidad de patrocinador, al remozado concurso Best Branding Awards, el primero que premia al branding a nivel nacional.<\/p>\n","protected":false},"author":1,"featured_media":6430,"comment_status":"open","ping_status":"open","sticky":false,"template":"","format":"standard","meta":{"_acf_changed":false,"footnotes":""},"categories":[1],"tags":[],"class_list":["post-6429","post","type-post","status-publish","format-standard","has-post-thumbnail","hentry","category-sin-categorizar"],"acf":[],"yoast_head":"<!-- This site is optimized with the Yoast SEO plugin v27.1.1 - https:\/\/yoast.com\/product\/yoast-seo-wordpress\/ -->\n<title>Dise\u00f1o UC se suma como Patrocinador a Best Branding Awards - Facultad de Arquitectura, Dise\u00f1o y Estudios Urbanos<\/title>\n<meta name=\"description\" content=\"La escuela de Dise\u00f1o UC se incorpora en la modalidad de patrocinador, al remozado concurso Best Branding Awards, el primero que premia al branding a nivel nacional.\" \/>\n<meta name=\"robots\" content=\"index, follow, max-snippet:-1, max-image-preview:large, max-video-preview:-1\" \/>\n<link rel=\"canonical\" href=\"https:\/\/fadeu.urantiacos.cl\/en\/2021\/08\/30\/diseno-uc-se-suma-como-patrocinador-a-best-branding-awards\/\" \/>\n<meta property=\"og:locale\" content=\"en_US\" \/>\n<meta property=\"og:type\" content=\"article\" \/>\n<meta property=\"og:title\" content=\"Dise\u00f1o UC se suma como Patrocinador a Best Branding Awards - Facultad de Arquitectura, Dise\u00f1o y Estudios Urbanos\" \/>\n<meta property=\"og:description\" content=\"La escuela de Dise\u00f1o UC se incorpora en la modalidad de patrocinador, al remozado concurso Best Branding Awards, el primero que premia al branding a nivel nacional.\" \/>\n<meta property=\"og:url\" content=\"https:\/\/fadeu.urantiacos.cl\/en\/2021\/08\/30\/diseno-uc-se-suma-como-patrocinador-a-best-branding-awards\/\" \/>\n<meta property=\"og:site_name\" content=\"Facultad de Arquitectura, Dise\u00f1o y Estudios Urbanos\" \/>\n<meta property=\"article:published_time\" content=\"2021-08-30T19:26:00+00:00\" \/>\n<meta property=\"article:modified_time\" content=\"2023-09-07T19:28:19+00:00\" \/>\n<meta property=\"og:image\" content=\"https:\/\/fadeu.urantiacos.cl\/wp-content\/uploads\/2023\/09\/BEST_BRANDING_AWARDS_WEB.png\" \/>\n\t<meta property=\"og:image:width\" content=\"350\" \/>\n\t<meta property=\"og:image:height\" content=\"250\" \/>\n\t<meta property=\"og:image:type\" content=\"image\/png\" \/>\n<meta name=\"author\" content=\"manadmin\" \/>\n<meta name=\"twitter:card\" content=\"summary_large_image\" \/>\n<meta name=\"twitter:label1\" content=\"Written by\" \/>\n\t<meta name=\"twitter:data1\" content=\"manadmin\" \/>\n\t<meta name=\"twitter:label2\" content=\"Est. reading time\" \/>\n\t<meta name=\"twitter:data2\" content=\"3 minutes\" \/>\n<script type=\"application\/ld+json\" class=\"yoast-schema-graph\">{\"@context\":\"https:\/\/schema.org\",\"@graph\":[{\"@type\":\"Article\",\"@id\":\"https:\/\/fadeu.urantiacos.cl\/en\/2021\/08\/30\/diseno-uc-se-suma-como-patrocinador-a-best-branding-awards\/#article\",\"isPartOf\":{\"@id\":\"https:\/\/fadeu.urantiacos.cl\/en\/2021\/08\/30\/diseno-uc-se-suma-como-patrocinador-a-best-branding-awards\/\"},\"author\":{\"name\":\"manadmin\",\"@id\":\"https:\/\/fadeu.urantiacos.cl\/en\/#\/schema\/person\/d203e2e84b1c40275eac77b3061a19a2\"},\"headline\":\"Dise\u00f1o UC se suma como Patrocinador a Best Branding Awards\",\"datePublished\":\"2021-08-30T19:26:00+00:00\",\"dateModified\":\"2023-09-07T19:28:19+00:00\",\"mainEntityOfPage\":{\"@id\":\"https:\/\/fadeu.urantiacos.cl\/en\/2021\/08\/30\/diseno-uc-se-suma-como-patrocinador-a-best-branding-awards\/\"},\"wordCount\":606,\"commentCount\":0,\"image\":{\"@id\":\"https:\/\/fadeu.urantiacos.cl\/en\/2021\/08\/30\/diseno-uc-se-suma-como-patrocinador-a-best-branding-awards\/#primaryimage\"},\"thumbnailUrl\":\"https:\/\/fadeu.urantiacos.cl\/wp-content\/uploads\/2023\/09\/BEST_BRANDING_AWARDS_WEB.png\",\"articleSection\":[\"Sin categorizar\"],\"inLanguage\":\"en-US\",\"potentialAction\":[{\"@type\":\"CommentAction\",\"name\":\"Comment\",\"target\":[\"https:\/\/fadeu.urantiacos.cl\/en\/2021\/08\/30\/diseno-uc-se-suma-como-patrocinador-a-best-branding-awards\/#respond\"]}]},{\"@type\":\"WebPage\",\"@id\":\"https:\/\/fadeu.urantiacos.cl\/en\/2021\/08\/30\/diseno-uc-se-suma-como-patrocinador-a-best-branding-awards\/\",\"url\":\"https:\/\/fadeu.urantiacos.cl\/en\/2021\/08\/30\/diseno-uc-se-suma-como-patrocinador-a-best-branding-awards\/\",\"name\":\"Dise\u00f1o UC se suma como Patrocinador a Best Branding Awards - Facultad de Arquitectura, Dise\u00f1o y Estudios Urbanos\",\"isPartOf\":{\"@id\":\"https:\/\/fadeu.urantiacos.cl\/en\/#website\"},\"primaryImageOfPage\":{\"@id\":\"https:\/\/fadeu.urantiacos.cl\/en\/2021\/08\/30\/diseno-uc-se-suma-como-patrocinador-a-best-branding-awards\/#primaryimage\"},\"image\":{\"@id\":\"https:\/\/fadeu.urantiacos.cl\/en\/2021\/08\/30\/diseno-uc-se-suma-como-patrocinador-a-best-branding-awards\/#primaryimage\"},\"thumbnailUrl\":\"https:\/\/fadeu.urantiacos.cl\/wp-content\/uploads\/2023\/09\/BEST_BRANDING_AWARDS_WEB.png\",\"datePublished\":\"2021-08-30T19:26:00+00:00\",\"dateModified\":\"2023-09-07T19:28:19+00:00\",\"author\":{\"@id\":\"https:\/\/fadeu.urantiacos.cl\/en\/#\/schema\/person\/d203e2e84b1c40275eac77b3061a19a2\"},\"description\":\"La escuela de Dise\u00f1o UC se incorpora en la modalidad de patrocinador, al remozado concurso Best Branding Awards, el primero que premia al branding a nivel nacional.\",\"breadcrumb\":{\"@id\":\"https:\/\/fadeu.urantiacos.cl\/en\/2021\/08\/30\/diseno-uc-se-suma-como-patrocinador-a-best-branding-awards\/#breadcrumb\"},\"inLanguage\":\"en-US\",\"potentialAction\":[{\"@type\":\"ReadAction\",\"target\":[\"https:\/\/fadeu.urantiacos.cl\/en\/2021\/08\/30\/diseno-uc-se-suma-como-patrocinador-a-best-branding-awards\/\"]}]},{\"@type\":\"ImageObject\",\"inLanguage\":\"en-US\",\"@id\":\"https:\/\/fadeu.urantiacos.cl\/en\/2021\/08\/30\/diseno-uc-se-suma-como-patrocinador-a-best-branding-awards\/#primaryimage\",\"url\":\"https:\/\/fadeu.urantiacos.cl\/wp-content\/uploads\/2023\/09\/BEST_BRANDING_AWARDS_WEB.png\",\"contentUrl\":\"https:\/\/fadeu.urantiacos.cl\/wp-content\/uploads\/2023\/09\/BEST_BRANDING_AWARDS_WEB.png\",\"width\":350,\"height\":250},{\"@type\":\"BreadcrumbList\",\"@id\":\"https:\/\/fadeu.urantiacos.cl\/en\/2021\/08\/30\/diseno-uc-se-suma-como-patrocinador-a-best-branding-awards\/#breadcrumb\",\"itemListElement\":[{\"@type\":\"ListItem\",\"position\":1,\"name\":\"Portada\",\"item\":\"https:\/\/fadeu.urantiacos.cl\/en\/\"},{\"@type\":\"ListItem\",\"position\":2,\"name\":\"Dise\u00f1o UC se suma como Patrocinador a Best Branding Awards\"}]},{\"@type\":\"WebSite\",\"@id\":\"https:\/\/fadeu.urantiacos.cl\/en\/#website\",\"url\":\"https:\/\/fadeu.urantiacos.cl\/en\/\",\"name\":\"Facultad de Arquitectura, Dise\u00f1o y Estudios Urbanos\",\"description\":\"Campus Lo Contador\",\"potentialAction\":[{\"@type\":\"SearchAction\",\"target\":{\"@type\":\"EntryPoint\",\"urlTemplate\":\"https:\/\/fadeu.urantiacos.cl\/en\/?s={search_term_string}\"},\"query-input\":{\"@type\":\"PropertyValueSpecification\",\"valueRequired\":true,\"valueName\":\"search_term_string\"}}],\"inLanguage\":\"en-US\"},{\"@type\":\"Person\",\"@id\":\"https:\/\/fadeu.urantiacos.cl\/en\/#\/schema\/person\/d203e2e84b1c40275eac77b3061a19a2\",\"name\":\"manadmin\",\"image\":{\"@type\":\"ImageObject\",\"inLanguage\":\"en-US\",\"@id\":\"https:\/\/fadeu.urantiacos.cl\/en\/#\/schema\/person\/image\/\",\"url\":\"https:\/\/secure.gravatar.com\/avatar\/4b1d8e3303b4a9d8968ac578947d8bc80d9aea359f388cdd4aac15cadc0e8447?s=96&d=mm&r=g\",\"contentUrl\":\"https:\/\/secure.gravatar.com\/avatar\/4b1d8e3303b4a9d8968ac578947d8bc80d9aea359f388cdd4aac15cadc0e8447?s=96&d=mm&r=g\",\"caption\":\"manadmin\"},\"sameAs\":[\"https:\/\/fadeu.urantiacos.cl\"]}]}<\/script>\n<!-- \/ Yoast SEO plugin. -->","yoast_head_json":{"title":"Dise\u00f1o UC se suma como Patrocinador a Best Branding Awards - Facultad de Arquitectura, Dise\u00f1o y Estudios Urbanos","description":"La escuela de Dise\u00f1o UC se incorpora en la modalidad de patrocinador, al remozado concurso Best Branding Awards, el primero que premia al branding a nivel nacional.","robots":{"index":"index","follow":"follow","max-snippet":"max-snippet:-1","max-image-preview":"max-image-preview:large","max-video-preview":"max-video-preview:-1"},"canonical":"https:\/\/fadeu.urantiacos.cl\/en\/2021\/08\/30\/diseno-uc-se-suma-como-patrocinador-a-best-branding-awards\/","og_locale":"en_US","og_type":"article","og_title":"Dise\u00f1o UC se suma como Patrocinador a Best Branding Awards - Facultad de Arquitectura, Dise\u00f1o y Estudios Urbanos","og_description":"La escuela de Dise\u00f1o UC se incorpora en la modalidad de patrocinador, al remozado concurso Best Branding Awards, el primero que premia al branding a nivel nacional.","og_url":"https:\/\/fadeu.urantiacos.cl\/en\/2021\/08\/30\/diseno-uc-se-suma-como-patrocinador-a-best-branding-awards\/","og_site_name":"Facultad de Arquitectura, Dise\u00f1o y Estudios Urbanos","article_published_time":"2021-08-30T19:26:00+00:00","article_modified_time":"2023-09-07T19:28:19+00:00","og_image":[{"width":350,"height":250,"url":"https:\/\/fadeu.urantiacos.cl\/wp-content\/uploads\/2023\/09\/BEST_BRANDING_AWARDS_WEB.png","type":"image\/png"}],"author":"manadmin","twitter_card":"summary_large_image","twitter_misc":{"Written by":"manadmin","Est. reading time":"3 minutes"},"schema":{"@context":"https:\/\/schema.org","@graph":[{"@type":"Article","@id":"https:\/\/fadeu.urantiacos.cl\/en\/2021\/08\/30\/diseno-uc-se-suma-como-patrocinador-a-best-branding-awards\/#article","isPartOf":{"@id":"https:\/\/fadeu.urantiacos.cl\/en\/2021\/08\/30\/diseno-uc-se-suma-como-patrocinador-a-best-branding-awards\/"},"author":{"name":"manadmin","@id":"https:\/\/fadeu.urantiacos.cl\/en\/#\/schema\/person\/d203e2e84b1c40275eac77b3061a19a2"},"headline":"Dise\u00f1o UC se suma como Patrocinador a Best Branding Awards","datePublished":"2021-08-30T19:26:00+00:00","dateModified":"2023-09-07T19:28:19+00:00","mainEntityOfPage":{"@id":"https:\/\/fadeu.urantiacos.cl\/en\/2021\/08\/30\/diseno-uc-se-suma-como-patrocinador-a-best-branding-awards\/"},"wordCount":606,"commentCount":0,"image":{"@id":"https:\/\/fadeu.urantiacos.cl\/en\/2021\/08\/30\/diseno-uc-se-suma-como-patrocinador-a-best-branding-awards\/#primaryimage"},"thumbnailUrl":"https:\/\/fadeu.urantiacos.cl\/wp-content\/uploads\/2023\/09\/BEST_BRANDING_AWARDS_WEB.png","articleSection":["Sin categorizar"],"inLanguage":"en-US","potentialAction":[{"@type":"CommentAction","name":"Comment","target":["https:\/\/fadeu.urantiacos.cl\/en\/2021\/08\/30\/diseno-uc-se-suma-como-patrocinador-a-best-branding-awards\/#respond"]}]},{"@type":"WebPage","@id":"https:\/\/fadeu.urantiacos.cl\/en\/2021\/08\/30\/diseno-uc-se-suma-como-patrocinador-a-best-branding-awards\/","url":"https:\/\/fadeu.urantiacos.cl\/en\/2021\/08\/30\/diseno-uc-se-suma-como-patrocinador-a-best-branding-awards\/","name":"Dise\u00f1o UC se suma como Patrocinador a Best Branding Awards - Facultad de Arquitectura, Dise\u00f1o y Estudios Urbanos","isPartOf":{"@id":"https:\/\/fadeu.urantiacos.cl\/en\/#website"},"primaryImageOfPage":{"@id":"https:\/\/fadeu.urantiacos.cl\/en\/2021\/08\/30\/diseno-uc-se-suma-como-patrocinador-a-best-branding-awards\/#primaryimage"},"image":{"@id":"https:\/\/fadeu.urantiacos.cl\/en\/2021\/08\/30\/diseno-uc-se-suma-como-patrocinador-a-best-branding-awards\/#primaryimage"},"thumbnailUrl":"https:\/\/fadeu.urantiacos.cl\/wp-content\/uploads\/2023\/09\/BEST_BRANDING_AWARDS_WEB.png","datePublished":"2021-08-30T19:26:00+00:00","dateModified":"2023-09-07T19:28:19+00:00","author":{"@id":"https:\/\/fadeu.urantiacos.cl\/en\/#\/schema\/person\/d203e2e84b1c40275eac77b3061a19a2"},"description":"La escuela de Dise\u00f1o UC se incorpora en la modalidad de patrocinador, al remozado concurso Best Branding Awards, el primero que premia al branding a nivel nacional.","breadcrumb":{"@id":"https:\/\/fadeu.urantiacos.cl\/en\/2021\/08\/30\/diseno-uc-se-suma-como-patrocinador-a-best-branding-awards\/#breadcrumb"},"inLanguage":"en-US","potentialAction":[{"@type":"ReadAction","target":["https:\/\/fadeu.urantiacos.cl\/en\/2021\/08\/30\/diseno-uc-se-suma-como-patrocinador-a-best-branding-awards\/"]}]},{"@type":"ImageObject","inLanguage":"en-US","@id":"https:\/\/fadeu.urantiacos.cl\/en\/2021\/08\/30\/diseno-uc-se-suma-como-patrocinador-a-best-branding-awards\/#primaryimage","url":"https:\/\/fadeu.urantiacos.cl\/wp-content\/uploads\/2023\/09\/BEST_BRANDING_AWARDS_WEB.png","contentUrl":"https:\/\/fadeu.urantiacos.cl\/wp-content\/uploads\/2023\/09\/BEST_BRANDING_AWARDS_WEB.png","width":350,"height":250},{"@type":"BreadcrumbList","@id":"https:\/\/fadeu.urantiacos.cl\/en\/2021\/08\/30\/diseno-uc-se-suma-como-patrocinador-a-best-branding-awards\/#breadcrumb","itemListElement":[{"@type":"ListItem","position":1,"name":"Portada","item":"https:\/\/fadeu.urantiacos.cl\/en\/"},{"@type":"ListItem","position":2,"name":"Dise\u00f1o UC se suma como Patrocinador a Best Branding Awards"}]},{"@type":"WebSite","@id":"https:\/\/fadeu.urantiacos.cl\/en\/#website","url":"https:\/\/fadeu.urantiacos.cl\/en\/","name":"Facultad de Arquitectura, Dise\u00f1o y Estudios Urbanos","description":"Campus Lo Contador","potentialAction":[{"@type":"SearchAction","target":{"@type":"EntryPoint","urlTemplate":"https:\/\/fadeu.urantiacos.cl\/en\/?s={search_term_string}"},"query-input":{"@type":"PropertyValueSpecification","valueRequired":true,"valueName":"search_term_string"}}],"inLanguage":"en-US"},{"@type":"Person","@id":"https:\/\/fadeu.urantiacos.cl\/en\/#\/schema\/person\/d203e2e84b1c40275eac77b3061a19a2","name":"manadmin","image":{"@type":"ImageObject","inLanguage":"en-US","@id":"https:\/\/fadeu.urantiacos.cl\/en\/#\/schema\/person\/image\/","url":"https:\/\/secure.gravatar.com\/avatar\/4b1d8e3303b4a9d8968ac578947d8bc80d9aea359f388cdd4aac15cadc0e8447?s=96&d=mm&r=g","contentUrl":"https:\/\/secure.gravatar.com\/avatar\/4b1d8e3303b4a9d8968ac578947d8bc80d9aea359f388cdd4aac15cadc0e8447?s=96&d=mm&r=g","caption":"manadmin"},"sameAs":["https:\/\/fadeu.urantiacos.cl"]}]}},"_links":{"self":[{"href":"https:\/\/fadeu.urantiacos.cl\/en\/wp-json\/wp\/v2\/posts\/6429","targetHints":{"allow":["GET"]}}],"collection":[{"href":"https:\/\/fadeu.urantiacos.cl\/en\/wp-json\/wp\/v2\/posts"}],"about":[{"href":"https:\/\/fadeu.urantiacos.cl\/en\/wp-json\/wp\/v2\/types\/post"}],"author":[{"embeddable":true,"href":"https:\/\/fadeu.urantiacos.cl\/en\/wp-json\/wp\/v2\/users\/1"}],"replies":[{"embeddable":true,"href":"https:\/\/fadeu.urantiacos.cl\/en\/wp-json\/wp\/v2\/comments?post=6429"}],"version-history":[{"count":1,"href":"https:\/\/fadeu.urantiacos.cl\/en\/wp-json\/wp\/v2\/posts\/6429\/revisions"}],"predecessor-version":[{"id":6432,"href":"https:\/\/fadeu.urantiacos.cl\/en\/wp-json\/wp\/v2\/posts\/6429\/revisions\/6432"}],"wp:featuredmedia":[{"embeddable":true,"href":"https:\/\/fadeu.urantiacos.cl\/en\/wp-json\/wp\/v2\/media\/6430"}],"wp:attachment":[{"href":"https:\/\/fadeu.urantiacos.cl\/en\/wp-json\/wp\/v2\/media?parent=6429"}],"wp:term":[{"taxonomy":"category","embeddable":true,"href":"https:\/\/fadeu.urantiacos.cl\/en\/wp-json\/wp\/v2\/categories?post=6429"},{"taxonomy":"post_tag","embeddable":true,"href":"https:\/\/fadeu.urantiacos.cl\/en\/wp-json\/wp\/v2\/tags?post=6429"}],"curies":[{"name":"wp","href":"https:\/\/api.w.org\/{rel}","templated":true}]}}