{"id":6423,"date":"2021-08-30T16:22:00","date_gmt":"2021-08-30T19:22:00","guid":{"rendered":"https:\/\/fadeu.urantiacos.cl\/?p=6423"},"modified":"2023-09-07T16:23:56","modified_gmt":"2023-09-07T19:23:56","slug":"rodrigo-ramirez-y-andres-villela-presentan-en-congreso-de-educacion-superior","status":"publish","type":"post","link":"https:\/\/fadeu.urantiacos.cl\/en\/2021\/08\/30\/rodrigo-ramirez-y-andres-villela-presentan-en-congreso-de-educacion-superior\/","title":{"rendered":"Rodrigo Ram\u00edrez y Andr\u00e9s Villela presentan en Congreso de Educaci\u00f3n Superior"},"content":{"rendered":"\n<figure class=\"wp-block-image size-full\"><img decoding=\"async\" width=\"350\" height=\"250\" src=\"https:\/\/fadeu.urantiacos.cl\/wp-content\/uploads\/2023\/09\/primer_congreso_de_educacion_superior.png\" alt=\"\" class=\"wp-image-6424\" srcset=\"https:\/\/fadeu.urantiacos.cl\/wp-content\/uploads\/2023\/09\/primer_congreso_de_educacion_superior.png 350w, https:\/\/fadeu.urantiacos.cl\/wp-content\/uploads\/2023\/09\/primer_congreso_de_educacion_superior-300x214.png 300w\" sizes=\"(max-width: 350px) 100vw, 350px\" \/><\/figure>\n\n\n\n<p>Su ponencia,&nbsp;\u201cDesarrollo Curricular: una oportunidad de trabajo participativo. Programa pregrado de Dise\u00f1o UC\u201c, busc\u00f3 sociabilizar el proceso de desarrollo de la nueva propuesta de malla de la Escuela.<\/p>\n\n\n\n<p>\u201cDise\u00f1ar o redise\u00f1ar un plan de estudio se ha vuelto una de las tareas acad\u00e9micas m\u00e1s desafiantes en Educaci\u00f3n Superior. La vertiginosa velocidad del cambio, los cada vez m\u00e1s frecuentes quiebres en los paradigmas que \u2018gobiernan\u2019 las certezas de nuestra sociedad, e incluso los desaf\u00edos de orden planetario que ponen en entredicho el impacto de la humanidad sobre la casa com\u00fan, hacen necesario revisitar nuestras estrategias formativas, buscando redefinir los atributos e itinerarios formativos de los egresados\u201d, comentaron Ram\u00edrez y Villela en la exposici\u00f3n.<\/p>\n\n\n\n<p>La intervenci\u00f3n se dio en el marco del&nbsp;1\u00ba Congreso de Educaci\u00f3n Superior, organizado por&nbsp;<a href=\"https:\/\/congresoaequalis.edutic.org\/home\">Aequalis<\/a>, que en el contexto de la celebraci\u00f3n de sus 10 a\u00f1os, decidi\u00f3 crear una nueva instancia permanente de reflexi\u00f3n, evaluaci\u00f3n y proyecci\u00f3n de la Educaci\u00f3n Superior Chilena, pero con alcance internacional.<\/p>\n\n\n\n<p>\u201cDise\u00f1ar una propuesta formativa para un mundo din\u00e1mico, con altos niveles de incertidumbre, y en medio de una pandemia que ha modificado estructuralmente muchos de los paradigmas de la educaci\u00f3n, sin duda son una oportunidad para desafiar las aproximaciones al Dise\u00f1o Curricular\u201d, explican.<\/p>\n\n\n\n<p>INFORMACI\u00d3N PERIOD\u00cdSTICA<br>ESCUELA DE DISE\u00d1O UC<\/p>\n","protected":false},"excerpt":{"rendered":"<p>Rodrigo Ram\u00edrez, Director de Dise\u00f1o UC y Andr\u00e9s Villela, Subdirector de la Escuela, presentaron en el 1\u00ba Congreso de Educaci\u00f3n Superior, organizado por Aequalis.<\/p>\n","protected":false},"author":1,"featured_media":6424,"comment_status":"open","ping_status":"open","sticky":false,"template":"","format":"standard","meta":{"_acf_changed":false,"footnotes":""},"categories":[1],"tags":[],"class_list":["post-6423","post","type-post","status-publish","format-standard","has-post-thumbnail","hentry","category-sin-categorizar"],"acf":[],"yoast_head":"<!-- This site is optimized with the Yoast SEO plugin v27.1.1 - https:\/\/yoast.com\/product\/yoast-seo-wordpress\/ -->\n<title>Rodrigo Ram\u00edrez y Andr\u00e9s Villela presentan en Congreso de Educaci\u00f3n Superior - Facultad de Arquitectura, Dise\u00f1o y Estudios Urbanos<\/title>\n<meta name=\"description\" content=\"Rodrigo Ram\u00edrez, Director de Dise\u00f1o UC y Andr\u00e9s Villela, Subdirector de la Escuela, presentaron en el 1\u00ba Congreso de Educaci\u00f3n Superior, organizado por Aequalis.\" \/>\n<meta name=\"robots\" content=\"index, follow, max-snippet:-1, max-image-preview:large, max-video-preview:-1\" \/>\n<link rel=\"canonical\" href=\"https:\/\/fadeu.urantiacos.cl\/en\/2021\/08\/30\/rodrigo-ramirez-y-andres-villela-presentan-en-congreso-de-educacion-superior\/\" \/>\n<meta property=\"og:locale\" content=\"en_US\" \/>\n<meta property=\"og:type\" content=\"article\" \/>\n<meta property=\"og:title\" content=\"Rodrigo Ram\u00edrez y Andr\u00e9s Villela presentan en Congreso de Educaci\u00f3n Superior - Facultad de Arquitectura, Dise\u00f1o y Estudios Urbanos\" \/>\n<meta property=\"og:description\" content=\"Rodrigo Ram\u00edrez, Director de Dise\u00f1o UC y Andr\u00e9s Villela, Subdirector de la Escuela, presentaron en el 1\u00ba Congreso de Educaci\u00f3n Superior, organizado por Aequalis.\" \/>\n<meta property=\"og:url\" content=\"https:\/\/fadeu.urantiacos.cl\/en\/2021\/08\/30\/rodrigo-ramirez-y-andres-villela-presentan-en-congreso-de-educacion-superior\/\" \/>\n<meta property=\"og:site_name\" content=\"Facultad de Arquitectura, Dise\u00f1o y Estudios Urbanos\" \/>\n<meta property=\"article:published_time\" content=\"2021-08-30T19:22:00+00:00\" \/>\n<meta property=\"article:modified_time\" content=\"2023-09-07T19:23:56+00:00\" \/>\n<meta property=\"og:image\" content=\"https:\/\/fadeu.urantiacos.cl\/wp-content\/uploads\/2023\/09\/primer_congreso_de_educacion_superior.png\" \/>\n\t<meta property=\"og:image:width\" content=\"350\" \/>\n\t<meta property=\"og:image:height\" content=\"250\" \/>\n\t<meta property=\"og:image:type\" content=\"image\/png\" \/>\n<meta name=\"author\" content=\"manadmin\" \/>\n<meta name=\"twitter:card\" content=\"summary_large_image\" \/>\n<meta name=\"twitter:label1\" content=\"Written by\" \/>\n\t<meta name=\"twitter:data1\" content=\"manadmin\" \/>\n\t<meta name=\"twitter:label2\" content=\"Est. reading time\" \/>\n\t<meta name=\"twitter:data2\" content=\"1 minute\" \/>\n<script type=\"application\/ld+json\" class=\"yoast-schema-graph\">{\"@context\":\"https:\/\/schema.org\",\"@graph\":[{\"@type\":\"Article\",\"@id\":\"https:\/\/fadeu.urantiacos.cl\/en\/2021\/08\/30\/rodrigo-ramirez-y-andres-villela-presentan-en-congreso-de-educacion-superior\/#article\",\"isPartOf\":{\"@id\":\"https:\/\/fadeu.urantiacos.cl\/en\/2021\/08\/30\/rodrigo-ramirez-y-andres-villela-presentan-en-congreso-de-educacion-superior\/\"},\"author\":{\"name\":\"manadmin\",\"@id\":\"https:\/\/fadeu.urantiacos.cl\/en\/#\/schema\/person\/d203e2e84b1c40275eac77b3061a19a2\"},\"headline\":\"Rodrigo Ram\u00edrez y Andr\u00e9s Villela presentan en Congreso de Educaci\u00f3n Superior\",\"datePublished\":\"2021-08-30T19:22:00+00:00\",\"dateModified\":\"2023-09-07T19:23:56+00:00\",\"mainEntityOfPage\":{\"@id\":\"https:\/\/fadeu.urantiacos.cl\/en\/2021\/08\/30\/rodrigo-ramirez-y-andres-villela-presentan-en-congreso-de-educacion-superior\/\"},\"wordCount\":249,\"commentCount\":0,\"image\":{\"@id\":\"https:\/\/fadeu.urantiacos.cl\/en\/2021\/08\/30\/rodrigo-ramirez-y-andres-villela-presentan-en-congreso-de-educacion-superior\/#primaryimage\"},\"thumbnailUrl\":\"https:\/\/fadeu.urantiacos.cl\/wp-content\/uploads\/2023\/09\/primer_congreso_de_educacion_superior.png\",\"articleSection\":[\"Sin categorizar\"],\"inLanguage\":\"en-US\",\"potentialAction\":[{\"@type\":\"CommentAction\",\"name\":\"Comment\",\"target\":[\"https:\/\/fadeu.urantiacos.cl\/en\/2021\/08\/30\/rodrigo-ramirez-y-andres-villela-presentan-en-congreso-de-educacion-superior\/#respond\"]}]},{\"@type\":\"WebPage\",\"@id\":\"https:\/\/fadeu.urantiacos.cl\/en\/2021\/08\/30\/rodrigo-ramirez-y-andres-villela-presentan-en-congreso-de-educacion-superior\/\",\"url\":\"https:\/\/fadeu.urantiacos.cl\/en\/2021\/08\/30\/rodrigo-ramirez-y-andres-villela-presentan-en-congreso-de-educacion-superior\/\",\"name\":\"Rodrigo Ram\u00edrez y Andr\u00e9s Villela presentan en Congreso de Educaci\u00f3n Superior - Facultad de Arquitectura, Dise\u00f1o y Estudios Urbanos\",\"isPartOf\":{\"@id\":\"https:\/\/fadeu.urantiacos.cl\/en\/#website\"},\"primaryImageOfPage\":{\"@id\":\"https:\/\/fadeu.urantiacos.cl\/en\/2021\/08\/30\/rodrigo-ramirez-y-andres-villela-presentan-en-congreso-de-educacion-superior\/#primaryimage\"},\"image\":{\"@id\":\"https:\/\/fadeu.urantiacos.cl\/en\/2021\/08\/30\/rodrigo-ramirez-y-andres-villela-presentan-en-congreso-de-educacion-superior\/#primaryimage\"},\"thumbnailUrl\":\"https:\/\/fadeu.urantiacos.cl\/wp-content\/uploads\/2023\/09\/primer_congreso_de_educacion_superior.png\",\"datePublished\":\"2021-08-30T19:22:00+00:00\",\"dateModified\":\"2023-09-07T19:23:56+00:00\",\"author\":{\"@id\":\"https:\/\/fadeu.urantiacos.cl\/en\/#\/schema\/person\/d203e2e84b1c40275eac77b3061a19a2\"},\"description\":\"Rodrigo Ram\u00edrez, Director de Dise\u00f1o UC y Andr\u00e9s Villela, Subdirector de la Escuela, presentaron en el 1\u00ba Congreso de Educaci\u00f3n Superior, organizado por Aequalis.\",\"breadcrumb\":{\"@id\":\"https:\/\/fadeu.urantiacos.cl\/en\/2021\/08\/30\/rodrigo-ramirez-y-andres-villela-presentan-en-congreso-de-educacion-superior\/#breadcrumb\"},\"inLanguage\":\"en-US\",\"potentialAction\":[{\"@type\":\"ReadAction\",\"target\":[\"https:\/\/fadeu.urantiacos.cl\/en\/2021\/08\/30\/rodrigo-ramirez-y-andres-villela-presentan-en-congreso-de-educacion-superior\/\"]}]},{\"@type\":\"ImageObject\",\"inLanguage\":\"en-US\",\"@id\":\"https:\/\/fadeu.urantiacos.cl\/en\/2021\/08\/30\/rodrigo-ramirez-y-andres-villela-presentan-en-congreso-de-educacion-superior\/#primaryimage\",\"url\":\"https:\/\/fadeu.urantiacos.cl\/wp-content\/uploads\/2023\/09\/primer_congreso_de_educacion_superior.png\",\"contentUrl\":\"https:\/\/fadeu.urantiacos.cl\/wp-content\/uploads\/2023\/09\/primer_congreso_de_educacion_superior.png\",\"width\":350,\"height\":250},{\"@type\":\"BreadcrumbList\",\"@id\":\"https:\/\/fadeu.urantiacos.cl\/en\/2021\/08\/30\/rodrigo-ramirez-y-andres-villela-presentan-en-congreso-de-educacion-superior\/#breadcrumb\",\"itemListElement\":[{\"@type\":\"ListItem\",\"position\":1,\"name\":\"Portada\",\"item\":\"https:\/\/fadeu.urantiacos.cl\/en\/\"},{\"@type\":\"ListItem\",\"position\":2,\"name\":\"Rodrigo Ram\u00edrez y Andr\u00e9s Villela presentan en Congreso de Educaci\u00f3n Superior\"}]},{\"@type\":\"WebSite\",\"@id\":\"https:\/\/fadeu.urantiacos.cl\/en\/#website\",\"url\":\"https:\/\/fadeu.urantiacos.cl\/en\/\",\"name\":\"Facultad de Arquitectura, Dise\u00f1o y Estudios Urbanos\",\"description\":\"Campus Lo Contador\",\"potentialAction\":[{\"@type\":\"SearchAction\",\"target\":{\"@type\":\"EntryPoint\",\"urlTemplate\":\"https:\/\/fadeu.urantiacos.cl\/en\/?s={search_term_string}\"},\"query-input\":{\"@type\":\"PropertyValueSpecification\",\"valueRequired\":true,\"valueName\":\"search_term_string\"}}],\"inLanguage\":\"en-US\"},{\"@type\":\"Person\",\"@id\":\"https:\/\/fadeu.urantiacos.cl\/en\/#\/schema\/person\/d203e2e84b1c40275eac77b3061a19a2\",\"name\":\"manadmin\",\"image\":{\"@type\":\"ImageObject\",\"inLanguage\":\"en-US\",\"@id\":\"https:\/\/fadeu.urantiacos.cl\/en\/#\/schema\/person\/image\/\",\"url\":\"https:\/\/secure.gravatar.com\/avatar\/4b1d8e3303b4a9d8968ac578947d8bc80d9aea359f388cdd4aac15cadc0e8447?s=96&d=mm&r=g\",\"contentUrl\":\"https:\/\/secure.gravatar.com\/avatar\/4b1d8e3303b4a9d8968ac578947d8bc80d9aea359f388cdd4aac15cadc0e8447?s=96&d=mm&r=g\",\"caption\":\"manadmin\"},\"sameAs\":[\"https:\/\/fadeu.urantiacos.cl\"]}]}<\/script>\n<!-- \/ Yoast SEO plugin. -->","yoast_head_json":{"title":"Rodrigo Ram\u00edrez y Andr\u00e9s Villela presentan en Congreso de Educaci\u00f3n Superior - Facultad de Arquitectura, Dise\u00f1o y Estudios Urbanos","description":"Rodrigo Ram\u00edrez, Director de Dise\u00f1o UC y Andr\u00e9s Villela, Subdirector de la Escuela, presentaron en el 1\u00ba Congreso de Educaci\u00f3n Superior, organizado por Aequalis.","robots":{"index":"index","follow":"follow","max-snippet":"max-snippet:-1","max-image-preview":"max-image-preview:large","max-video-preview":"max-video-preview:-1"},"canonical":"https:\/\/fadeu.urantiacos.cl\/en\/2021\/08\/30\/rodrigo-ramirez-y-andres-villela-presentan-en-congreso-de-educacion-superior\/","og_locale":"en_US","og_type":"article","og_title":"Rodrigo Ram\u00edrez y Andr\u00e9s Villela presentan en Congreso de Educaci\u00f3n Superior - Facultad de Arquitectura, Dise\u00f1o y Estudios Urbanos","og_description":"Rodrigo Ram\u00edrez, Director de Dise\u00f1o UC y Andr\u00e9s Villela, Subdirector de la Escuela, presentaron en el 1\u00ba Congreso de Educaci\u00f3n Superior, organizado por Aequalis.","og_url":"https:\/\/fadeu.urantiacos.cl\/en\/2021\/08\/30\/rodrigo-ramirez-y-andres-villela-presentan-en-congreso-de-educacion-superior\/","og_site_name":"Facultad de Arquitectura, Dise\u00f1o y Estudios Urbanos","article_published_time":"2021-08-30T19:22:00+00:00","article_modified_time":"2023-09-07T19:23:56+00:00","og_image":[{"width":350,"height":250,"url":"https:\/\/fadeu.urantiacos.cl\/wp-content\/uploads\/2023\/09\/primer_congreso_de_educacion_superior.png","type":"image\/png"}],"author":"manadmin","twitter_card":"summary_large_image","twitter_misc":{"Written by":"manadmin","Est. reading time":"1 minute"},"schema":{"@context":"https:\/\/schema.org","@graph":[{"@type":"Article","@id":"https:\/\/fadeu.urantiacos.cl\/en\/2021\/08\/30\/rodrigo-ramirez-y-andres-villela-presentan-en-congreso-de-educacion-superior\/#article","isPartOf":{"@id":"https:\/\/fadeu.urantiacos.cl\/en\/2021\/08\/30\/rodrigo-ramirez-y-andres-villela-presentan-en-congreso-de-educacion-superior\/"},"author":{"name":"manadmin","@id":"https:\/\/fadeu.urantiacos.cl\/en\/#\/schema\/person\/d203e2e84b1c40275eac77b3061a19a2"},"headline":"Rodrigo Ram\u00edrez y Andr\u00e9s Villela presentan en Congreso de Educaci\u00f3n Superior","datePublished":"2021-08-30T19:22:00+00:00","dateModified":"2023-09-07T19:23:56+00:00","mainEntityOfPage":{"@id":"https:\/\/fadeu.urantiacos.cl\/en\/2021\/08\/30\/rodrigo-ramirez-y-andres-villela-presentan-en-congreso-de-educacion-superior\/"},"wordCount":249,"commentCount":0,"image":{"@id":"https:\/\/fadeu.urantiacos.cl\/en\/2021\/08\/30\/rodrigo-ramirez-y-andres-villela-presentan-en-congreso-de-educacion-superior\/#primaryimage"},"thumbnailUrl":"https:\/\/fadeu.urantiacos.cl\/wp-content\/uploads\/2023\/09\/primer_congreso_de_educacion_superior.png","articleSection":["Sin categorizar"],"inLanguage":"en-US","potentialAction":[{"@type":"CommentAction","name":"Comment","target":["https:\/\/fadeu.urantiacos.cl\/en\/2021\/08\/30\/rodrigo-ramirez-y-andres-villela-presentan-en-congreso-de-educacion-superior\/#respond"]}]},{"@type":"WebPage","@id":"https:\/\/fadeu.urantiacos.cl\/en\/2021\/08\/30\/rodrigo-ramirez-y-andres-villela-presentan-en-congreso-de-educacion-superior\/","url":"https:\/\/fadeu.urantiacos.cl\/en\/2021\/08\/30\/rodrigo-ramirez-y-andres-villela-presentan-en-congreso-de-educacion-superior\/","name":"Rodrigo Ram\u00edrez y Andr\u00e9s Villela presentan en Congreso de Educaci\u00f3n Superior - Facultad de Arquitectura, Dise\u00f1o y Estudios Urbanos","isPartOf":{"@id":"https:\/\/fadeu.urantiacos.cl\/en\/#website"},"primaryImageOfPage":{"@id":"https:\/\/fadeu.urantiacos.cl\/en\/2021\/08\/30\/rodrigo-ramirez-y-andres-villela-presentan-en-congreso-de-educacion-superior\/#primaryimage"},"image":{"@id":"https:\/\/fadeu.urantiacos.cl\/en\/2021\/08\/30\/rodrigo-ramirez-y-andres-villela-presentan-en-congreso-de-educacion-superior\/#primaryimage"},"thumbnailUrl":"https:\/\/fadeu.urantiacos.cl\/wp-content\/uploads\/2023\/09\/primer_congreso_de_educacion_superior.png","datePublished":"2021-08-30T19:22:00+00:00","dateModified":"2023-09-07T19:23:56+00:00","author":{"@id":"https:\/\/fadeu.urantiacos.cl\/en\/#\/schema\/person\/d203e2e84b1c40275eac77b3061a19a2"},"description":"Rodrigo Ram\u00edrez, Director de Dise\u00f1o UC y Andr\u00e9s Villela, Subdirector de la Escuela, presentaron en el 1\u00ba Congreso de Educaci\u00f3n Superior, organizado por Aequalis.","breadcrumb":{"@id":"https:\/\/fadeu.urantiacos.cl\/en\/2021\/08\/30\/rodrigo-ramirez-y-andres-villela-presentan-en-congreso-de-educacion-superior\/#breadcrumb"},"inLanguage":"en-US","potentialAction":[{"@type":"ReadAction","target":["https:\/\/fadeu.urantiacos.cl\/en\/2021\/08\/30\/rodrigo-ramirez-y-andres-villela-presentan-en-congreso-de-educacion-superior\/"]}]},{"@type":"ImageObject","inLanguage":"en-US","@id":"https:\/\/fadeu.urantiacos.cl\/en\/2021\/08\/30\/rodrigo-ramirez-y-andres-villela-presentan-en-congreso-de-educacion-superior\/#primaryimage","url":"https:\/\/fadeu.urantiacos.cl\/wp-content\/uploads\/2023\/09\/primer_congreso_de_educacion_superior.png","contentUrl":"https:\/\/fadeu.urantiacos.cl\/wp-content\/uploads\/2023\/09\/primer_congreso_de_educacion_superior.png","width":350,"height":250},{"@type":"BreadcrumbList","@id":"https:\/\/fadeu.urantiacos.cl\/en\/2021\/08\/30\/rodrigo-ramirez-y-andres-villela-presentan-en-congreso-de-educacion-superior\/#breadcrumb","itemListElement":[{"@type":"ListItem","position":1,"name":"Portada","item":"https:\/\/fadeu.urantiacos.cl\/en\/"},{"@type":"ListItem","position":2,"name":"Rodrigo Ram\u00edrez y Andr\u00e9s Villela presentan en Congreso de Educaci\u00f3n Superior"}]},{"@type":"WebSite","@id":"https:\/\/fadeu.urantiacos.cl\/en\/#website","url":"https:\/\/fadeu.urantiacos.cl\/en\/","name":"Facultad de Arquitectura, Dise\u00f1o y Estudios Urbanos","description":"Campus Lo Contador","potentialAction":[{"@type":"SearchAction","target":{"@type":"EntryPoint","urlTemplate":"https:\/\/fadeu.urantiacos.cl\/en\/?s={search_term_string}"},"query-input":{"@type":"PropertyValueSpecification","valueRequired":true,"valueName":"search_term_string"}}],"inLanguage":"en-US"},{"@type":"Person","@id":"https:\/\/fadeu.urantiacos.cl\/en\/#\/schema\/person\/d203e2e84b1c40275eac77b3061a19a2","name":"manadmin","image":{"@type":"ImageObject","inLanguage":"en-US","@id":"https:\/\/fadeu.urantiacos.cl\/en\/#\/schema\/person\/image\/","url":"https:\/\/secure.gravatar.com\/avatar\/4b1d8e3303b4a9d8968ac578947d8bc80d9aea359f388cdd4aac15cadc0e8447?s=96&d=mm&r=g","contentUrl":"https:\/\/secure.gravatar.com\/avatar\/4b1d8e3303b4a9d8968ac578947d8bc80d9aea359f388cdd4aac15cadc0e8447?s=96&d=mm&r=g","caption":"manadmin"},"sameAs":["https:\/\/fadeu.urantiacos.cl"]}]}},"_links":{"self":[{"href":"https:\/\/fadeu.urantiacos.cl\/en\/wp-json\/wp\/v2\/posts\/6423","targetHints":{"allow":["GET"]}}],"collection":[{"href":"https:\/\/fadeu.urantiacos.cl\/en\/wp-json\/wp\/v2\/posts"}],"about":[{"href":"https:\/\/fadeu.urantiacos.cl\/en\/wp-json\/wp\/v2\/types\/post"}],"author":[{"embeddable":true,"href":"https:\/\/fadeu.urantiacos.cl\/en\/wp-json\/wp\/v2\/users\/1"}],"replies":[{"embeddable":true,"href":"https:\/\/fadeu.urantiacos.cl\/en\/wp-json\/wp\/v2\/comments?post=6423"}],"version-history":[{"count":1,"href":"https:\/\/fadeu.urantiacos.cl\/en\/wp-json\/wp\/v2\/posts\/6423\/revisions"}],"predecessor-version":[{"id":6425,"href":"https:\/\/fadeu.urantiacos.cl\/en\/wp-json\/wp\/v2\/posts\/6423\/revisions\/6425"}],"wp:featuredmedia":[{"embeddable":true,"href":"https:\/\/fadeu.urantiacos.cl\/en\/wp-json\/wp\/v2\/media\/6424"}],"wp:attachment":[{"href":"https:\/\/fadeu.urantiacos.cl\/en\/wp-json\/wp\/v2\/media?parent=6423"}],"wp:term":[{"taxonomy":"category","embeddable":true,"href":"https:\/\/fadeu.urantiacos.cl\/en\/wp-json\/wp\/v2\/categories?post=6423"},{"taxonomy":"post_tag","embeddable":true,"href":"https:\/\/fadeu.urantiacos.cl\/en\/wp-json\/wp\/v2\/tags?post=6423"}],"curies":[{"name":"wp","href":"https:\/\/api.w.org\/{rel}","templated":true}]}}