{"id":6420,"date":"2021-08-30T16:19:00","date_gmt":"2021-08-30T19:19:00","guid":{"rendered":"https:\/\/fadeu.urantiacos.cl\/?p=6420"},"modified":"2023-09-07T16:20:29","modified_gmt":"2023-09-07T19:20:29","slug":"lo-contador-recibio-a-sus-nuevos-estudiantes-este-segundo-semestre-tras-mas-de-un-ano-de-educacion-a-distancia","status":"publish","type":"post","link":"https:\/\/fadeu.urantiacos.cl\/en\/2021\/08\/30\/lo-contador-recibio-a-sus-nuevos-estudiantes-este-segundo-semestre-tras-mas-de-un-ano-de-educacion-a-distancia\/","title":{"rendered":"Lo Contador recibi\u00f3 a sus nuevos estudiantes este segundo semestre, tras m\u00e1s de un a\u00f1o de educaci\u00f3n a distancia"},"content":{"rendered":"\n<figure class=\"wp-block-image size-full\"><img decoding=\"async\" width=\"350\" height=\"250\" src=\"https:\/\/fadeu.urantiacos.cl\/wp-content\/uploads\/2023\/09\/WEB1_WhatsApp_Image_2021-08-30_at_17.29.26.jpg\" alt=\"\" class=\"wp-image-6421\" srcset=\"https:\/\/fadeu.urantiacos.cl\/wp-content\/uploads\/2023\/09\/WEB1_WhatsApp_Image_2021-08-30_at_17.29.26.jpg 350w, https:\/\/fadeu.urantiacos.cl\/wp-content\/uploads\/2023\/09\/WEB1_WhatsApp_Image_2021-08-30_at_17.29.26-300x214.jpg 300w\" sizes=\"(max-width: 350px) 100vw, 350px\" \/><\/figure>\n\n\n\n<p>Los estudiantes tuvieron actividades h\u00edbridas de recepci\u00f3n acad\u00e9mica, privilegiando a quienes no hab\u00edan visitado en campus para la presencialidad, sumado al resto de los estudiantes que estuvieron v\u00eda Zoom.<\/p>\n\n\n\n<p>As\u00ed, estudiantes de pre y postgrado pudieron compartir directamente con los directores de las escuelas de Arquitectura y Dise\u00f1o, Luis Eduardo Bresciani y Rodrigo Ram\u00edrez; y con el director del Instituto de Estudios Urbanos y Territoriales, Luis Fuentes, adem\u00e1s de compartir con sus compa\u00f1eros y el resto del cuerpo docente, realizando recorridos guiados por el campus y conociendo las directrices sanitarias para el uso de los espacios en esta nueva fase denominada \u201cRetorno Seguro\u201d.<\/p>\n\n\n\n<p>La escuela de Arquitectura recibi\u00f3 un total de 82 nuevos estudiantes de pregrado este segundo semestre del 2021, adem\u00e1s de 10 en los programas de Magister. Mientras en la escuela de Dise\u00f1o entraron 116 estudiantes de pregrado, adem\u00e1s de 19 que se incorporaron al Mag\u00edster en Dise\u00f1o Avanzado (MADA) .<\/p>\n\n\n\n<p>En el Instituto de Estudios Urbanos y Territoriales se incorporaron cinco estudiantes al Mag\u00edster en Desarrollo Urbano (MDU); cuatro al Mag\u00edster en Asentamientos Humanos y Medio Ambiente; y tres estudiantes de Planificaci\u00f3n Urbana articularon hacia el MDU. A todos ellos se suman cuatro nuevos\/as estudiantes que se incorporan oficialmente al t\u00edtulo profesional de Planificador Urbano desde College.<\/p>\n\n\n\n<p>Seg\u00fan se inform\u00f3 desde el Doctorado en Arquitectura y Estudios Urbanos, que dirige el profesor Jos\u00e9 Rosas, se incorporaron 10 estudiantes al programa \u00e9ste semestre. La recepci\u00f3n de estudiantes convoc\u00f3 a las tres \u00faltimas generaciones de manera h\u00edbrida, con una ceremonia realizada en la Capilla.<\/p>\n\n\n\n<p>El Decano Mario Ubilla relev\u00f3 la instancia y reconoci\u00f3 como un hito el hecho de reunirse de manera semi presencial luego de un a\u00f1o y medio. \u201cBuscamos la presencialidad y queremos la presencialidad, tal como lo ha manifestado el 95% de los estudiantes que en una encuesta vot\u00f3 por la opci\u00f3n de retomar la presencialidad, y por ello esta instancia es tan importante, porque por primera vez en m\u00e1s de un a\u00f1o y medio podemos vernos las caras, compartir directamente y conocernos presencialmente, siempre con el resguardo personal y siendo rigurosos con las medidas de autocuidado y el respeto de los aforos\u201d, dijo.<\/p>\n\n\n\n<p>Medidas sanitarias de autocuidado<\/p>\n\n\n\n<p>Considerando el escenario epidemiol\u00f3gico actual en el pa\u00eds, el Campus Lo Contador est\u00e1 funcionando de manera regular, respetando, eso s\u00ed, todas las medidas de autocuidado. Estas son:<\/p>\n\n\n\n<ul class=\"wp-block-list\">\n<li>Llenar la encuesta epidemiol\u00f3gica al ingreso, por El Comendador (obligatoria para toda persona que ingrese al campus).<\/li>\n\n\n\n<li>Uso obligatorio de mascarilla en lugares abiertos y cerrados.<\/li>\n\n\n\n<li>Lavado frecuente de manos y uso de alcohol gel (dispuesto en todo el campus).<\/li>\n\n\n\n<li>Evitar aglomeraciones.<\/li>\n\n\n\n<li>Respetar los aforos de salas de clase, auditorios, y todos los espacios del campus.<\/li>\n<\/ul>\n\n\n\n<p>Se solicitar\u00e1, adem\u00e1s, el pase de movilidad a quienes ingresen al campus para acreditar esquema completo de vacunaci\u00f3n. Para quienes, por la raz\u00f3n que fuere, no se han vacunado, se dispondr\u00e1 de test de ant\u00edgenos en el ingreso al campus.<\/p>\n\n\n\n<p>INFORMACI\u00d3N PERIOD\u00cdSTICA<br>JUAN ANDR\u00c9S INZUNZA<\/p>\n","protected":false},"excerpt":{"rendered":"<p>Durante la semana pasada el campus Lo Contador volvi\u00f3 a abrir sus puertas para recibir a estudiantes de pregrado, postgrado, doctorado y educaci\u00f3n continua, tras meses de educaci\u00f3n online, en medio del mejor escenario epidemiol\u00f3gico registrado desde el comienzo de la crisis sanitaria en marzo de 2020.<\/p>\n","protected":false},"author":1,"featured_media":6421,"comment_status":"open","ping_status":"open","sticky":false,"template":"","format":"standard","meta":{"_acf_changed":false,"footnotes":""},"categories":[1],"tags":[],"class_list":["post-6420","post","type-post","status-publish","format-standard","has-post-thumbnail","hentry","category-sin-categorizar"],"acf":[],"yoast_head":"<!-- This site is optimized with the Yoast SEO plugin v27.1.1 - https:\/\/yoast.com\/product\/yoast-seo-wordpress\/ -->\n<title>Lo Contador recibi\u00f3 a sus nuevos estudiantes este segundo semestre, tras m\u00e1s de un a\u00f1o de educaci\u00f3n a distancia - Facultad de Arquitectura, Dise\u00f1o y Estudios Urbanos<\/title>\n<meta name=\"description\" content=\"Durante la semana pasada el campus Lo Contador volvi\u00f3 a abrir sus puertas para recibir a estudiantes de pregrado, postgrado, doctorado y educaci\u00f3n continua, tras meses de educaci\u00f3n online, en medio del mejor escenario epidemiol\u00f3gico registrado desde el comienzo de la crisis sanitaria en marzo de 2020.\" \/>\n<meta name=\"robots\" content=\"index, follow, max-snippet:-1, max-image-preview:large, max-video-preview:-1\" \/>\n<link rel=\"canonical\" href=\"https:\/\/fadeu.urantiacos.cl\/en\/2021\/08\/30\/lo-contador-recibio-a-sus-nuevos-estudiantes-este-segundo-semestre-tras-mas-de-un-ano-de-educacion-a-distancia\/\" \/>\n<meta property=\"og:locale\" content=\"en_US\" \/>\n<meta property=\"og:type\" content=\"article\" \/>\n<meta property=\"og:title\" content=\"Lo Contador recibi\u00f3 a sus nuevos estudiantes este segundo semestre, tras m\u00e1s de un a\u00f1o de educaci\u00f3n a distancia - Facultad de Arquitectura, Dise\u00f1o y Estudios Urbanos\" \/>\n<meta property=\"og:description\" content=\"Durante la semana pasada el campus Lo Contador volvi\u00f3 a abrir sus puertas para recibir a estudiantes de pregrado, postgrado, doctorado y educaci\u00f3n continua, tras meses de educaci\u00f3n online, en medio del mejor escenario epidemiol\u00f3gico registrado desde el comienzo de la crisis sanitaria en marzo de 2020.\" \/>\n<meta property=\"og:url\" content=\"https:\/\/fadeu.urantiacos.cl\/en\/2021\/08\/30\/lo-contador-recibio-a-sus-nuevos-estudiantes-este-segundo-semestre-tras-mas-de-un-ano-de-educacion-a-distancia\/\" \/>\n<meta property=\"og:site_name\" content=\"Facultad de Arquitectura, Dise\u00f1o y Estudios Urbanos\" \/>\n<meta property=\"article:published_time\" content=\"2021-08-30T19:19:00+00:00\" \/>\n<meta property=\"article:modified_time\" content=\"2023-09-07T19:20:29+00:00\" \/>\n<meta property=\"og:image\" content=\"https:\/\/fadeu.urantiacos.cl\/wp-content\/uploads\/2023\/09\/WEB1_WhatsApp_Image_2021-08-30_at_17.29.26.jpg\" \/>\n\t<meta property=\"og:image:width\" content=\"350\" \/>\n\t<meta property=\"og:image:height\" content=\"250\" \/>\n\t<meta property=\"og:image:type\" content=\"image\/jpeg\" \/>\n<meta name=\"author\" content=\"manadmin\" \/>\n<meta name=\"twitter:card\" content=\"summary_large_image\" \/>\n<meta name=\"twitter:label1\" content=\"Written by\" \/>\n\t<meta name=\"twitter:data1\" content=\"manadmin\" \/>\n\t<meta name=\"twitter:label2\" content=\"Est. reading time\" \/>\n\t<meta name=\"twitter:data2\" content=\"3 minutes\" \/>\n<script type=\"application\/ld+json\" class=\"yoast-schema-graph\">{\"@context\":\"https:\/\/schema.org\",\"@graph\":[{\"@type\":\"Article\",\"@id\":\"https:\/\/fadeu.urantiacos.cl\/en\/2021\/08\/30\/lo-contador-recibio-a-sus-nuevos-estudiantes-este-segundo-semestre-tras-mas-de-un-ano-de-educacion-a-distancia\/#article\",\"isPartOf\":{\"@id\":\"https:\/\/fadeu.urantiacos.cl\/en\/2021\/08\/30\/lo-contador-recibio-a-sus-nuevos-estudiantes-este-segundo-semestre-tras-mas-de-un-ano-de-educacion-a-distancia\/\"},\"author\":{\"name\":\"manadmin\",\"@id\":\"https:\/\/fadeu.urantiacos.cl\/en\/#\/schema\/person\/d203e2e84b1c40275eac77b3061a19a2\"},\"headline\":\"Lo Contador recibi\u00f3 a sus nuevos estudiantes este segundo semestre, tras m\u00e1s de un a\u00f1o de educaci\u00f3n a distancia\",\"datePublished\":\"2021-08-30T19:19:00+00:00\",\"dateModified\":\"2023-09-07T19:20:29+00:00\",\"mainEntityOfPage\":{\"@id\":\"https:\/\/fadeu.urantiacos.cl\/en\/2021\/08\/30\/lo-contador-recibio-a-sus-nuevos-estudiantes-este-segundo-semestre-tras-mas-de-un-ano-de-educacion-a-distancia\/\"},\"wordCount\":539,\"commentCount\":0,\"image\":{\"@id\":\"https:\/\/fadeu.urantiacos.cl\/en\/2021\/08\/30\/lo-contador-recibio-a-sus-nuevos-estudiantes-este-segundo-semestre-tras-mas-de-un-ano-de-educacion-a-distancia\/#primaryimage\"},\"thumbnailUrl\":\"https:\/\/fadeu.urantiacos.cl\/wp-content\/uploads\/2023\/09\/WEB1_WhatsApp_Image_2021-08-30_at_17.29.26.jpg\",\"articleSection\":[\"Sin categorizar\"],\"inLanguage\":\"en-US\",\"potentialAction\":[{\"@type\":\"CommentAction\",\"name\":\"Comment\",\"target\":[\"https:\/\/fadeu.urantiacos.cl\/en\/2021\/08\/30\/lo-contador-recibio-a-sus-nuevos-estudiantes-este-segundo-semestre-tras-mas-de-un-ano-de-educacion-a-distancia\/#respond\"]}]},{\"@type\":\"WebPage\",\"@id\":\"https:\/\/fadeu.urantiacos.cl\/en\/2021\/08\/30\/lo-contador-recibio-a-sus-nuevos-estudiantes-este-segundo-semestre-tras-mas-de-un-ano-de-educacion-a-distancia\/\",\"url\":\"https:\/\/fadeu.urantiacos.cl\/en\/2021\/08\/30\/lo-contador-recibio-a-sus-nuevos-estudiantes-este-segundo-semestre-tras-mas-de-un-ano-de-educacion-a-distancia\/\",\"name\":\"Lo Contador recibi\u00f3 a sus nuevos estudiantes este segundo semestre, tras m\u00e1s de un a\u00f1o de educaci\u00f3n a distancia - Facultad de Arquitectura, Dise\u00f1o y Estudios Urbanos\",\"isPartOf\":{\"@id\":\"https:\/\/fadeu.urantiacos.cl\/en\/#website\"},\"primaryImageOfPage\":{\"@id\":\"https:\/\/fadeu.urantiacos.cl\/en\/2021\/08\/30\/lo-contador-recibio-a-sus-nuevos-estudiantes-este-segundo-semestre-tras-mas-de-un-ano-de-educacion-a-distancia\/#primaryimage\"},\"image\":{\"@id\":\"https:\/\/fadeu.urantiacos.cl\/en\/2021\/08\/30\/lo-contador-recibio-a-sus-nuevos-estudiantes-este-segundo-semestre-tras-mas-de-un-ano-de-educacion-a-distancia\/#primaryimage\"},\"thumbnailUrl\":\"https:\/\/fadeu.urantiacos.cl\/wp-content\/uploads\/2023\/09\/WEB1_WhatsApp_Image_2021-08-30_at_17.29.26.jpg\",\"datePublished\":\"2021-08-30T19:19:00+00:00\",\"dateModified\":\"2023-09-07T19:20:29+00:00\",\"author\":{\"@id\":\"https:\/\/fadeu.urantiacos.cl\/en\/#\/schema\/person\/d203e2e84b1c40275eac77b3061a19a2\"},\"description\":\"Durante la semana pasada el campus Lo Contador volvi\u00f3 a abrir sus puertas para recibir a estudiantes de pregrado, postgrado, doctorado y educaci\u00f3n continua, tras meses de educaci\u00f3n online, en medio del mejor escenario epidemiol\u00f3gico registrado desde el comienzo de la crisis sanitaria en marzo de 2020.\",\"breadcrumb\":{\"@id\":\"https:\/\/fadeu.urantiacos.cl\/en\/2021\/08\/30\/lo-contador-recibio-a-sus-nuevos-estudiantes-este-segundo-semestre-tras-mas-de-un-ano-de-educacion-a-distancia\/#breadcrumb\"},\"inLanguage\":\"en-US\",\"potentialAction\":[{\"@type\":\"ReadAction\",\"target\":[\"https:\/\/fadeu.urantiacos.cl\/en\/2021\/08\/30\/lo-contador-recibio-a-sus-nuevos-estudiantes-este-segundo-semestre-tras-mas-de-un-ano-de-educacion-a-distancia\/\"]}]},{\"@type\":\"ImageObject\",\"inLanguage\":\"en-US\",\"@id\":\"https:\/\/fadeu.urantiacos.cl\/en\/2021\/08\/30\/lo-contador-recibio-a-sus-nuevos-estudiantes-este-segundo-semestre-tras-mas-de-un-ano-de-educacion-a-distancia\/#primaryimage\",\"url\":\"https:\/\/fadeu.urantiacos.cl\/wp-content\/uploads\/2023\/09\/WEB1_WhatsApp_Image_2021-08-30_at_17.29.26.jpg\",\"contentUrl\":\"https:\/\/fadeu.urantiacos.cl\/wp-content\/uploads\/2023\/09\/WEB1_WhatsApp_Image_2021-08-30_at_17.29.26.jpg\",\"width\":350,\"height\":250},{\"@type\":\"BreadcrumbList\",\"@id\":\"https:\/\/fadeu.urantiacos.cl\/en\/2021\/08\/30\/lo-contador-recibio-a-sus-nuevos-estudiantes-este-segundo-semestre-tras-mas-de-un-ano-de-educacion-a-distancia\/#breadcrumb\",\"itemListElement\":[{\"@type\":\"ListItem\",\"position\":1,\"name\":\"Portada\",\"item\":\"https:\/\/fadeu.urantiacos.cl\/en\/\"},{\"@type\":\"ListItem\",\"position\":2,\"name\":\"Lo Contador recibi\u00f3 a sus nuevos estudiantes este segundo semestre, tras m\u00e1s de un a\u00f1o de educaci\u00f3n a distancia\"}]},{\"@type\":\"WebSite\",\"@id\":\"https:\/\/fadeu.urantiacos.cl\/en\/#website\",\"url\":\"https:\/\/fadeu.urantiacos.cl\/en\/\",\"name\":\"Facultad de Arquitectura, Dise\u00f1o y Estudios Urbanos\",\"description\":\"Campus Lo Contador\",\"potentialAction\":[{\"@type\":\"SearchAction\",\"target\":{\"@type\":\"EntryPoint\",\"urlTemplate\":\"https:\/\/fadeu.urantiacos.cl\/en\/?s={search_term_string}\"},\"query-input\":{\"@type\":\"PropertyValueSpecification\",\"valueRequired\":true,\"valueName\":\"search_term_string\"}}],\"inLanguage\":\"en-US\"},{\"@type\":\"Person\",\"@id\":\"https:\/\/fadeu.urantiacos.cl\/en\/#\/schema\/person\/d203e2e84b1c40275eac77b3061a19a2\",\"name\":\"manadmin\",\"image\":{\"@type\":\"ImageObject\",\"inLanguage\":\"en-US\",\"@id\":\"https:\/\/fadeu.urantiacos.cl\/en\/#\/schema\/person\/image\/\",\"url\":\"https:\/\/secure.gravatar.com\/avatar\/4b1d8e3303b4a9d8968ac578947d8bc80d9aea359f388cdd4aac15cadc0e8447?s=96&d=mm&r=g\",\"contentUrl\":\"https:\/\/secure.gravatar.com\/avatar\/4b1d8e3303b4a9d8968ac578947d8bc80d9aea359f388cdd4aac15cadc0e8447?s=96&d=mm&r=g\",\"caption\":\"manadmin\"},\"sameAs\":[\"https:\/\/fadeu.urantiacos.cl\"]}]}<\/script>\n<!-- \/ Yoast SEO plugin. -->","yoast_head_json":{"title":"Lo Contador recibi\u00f3 a sus nuevos estudiantes este segundo semestre, tras m\u00e1s de un a\u00f1o de educaci\u00f3n a distancia - Facultad de Arquitectura, Dise\u00f1o y Estudios Urbanos","description":"Durante la semana pasada el campus Lo Contador volvi\u00f3 a abrir sus puertas para recibir a estudiantes de pregrado, postgrado, doctorado y educaci\u00f3n continua, tras meses de educaci\u00f3n online, en medio del mejor escenario epidemiol\u00f3gico registrado desde el comienzo de la crisis sanitaria en marzo de 2020.","robots":{"index":"index","follow":"follow","max-snippet":"max-snippet:-1","max-image-preview":"max-image-preview:large","max-video-preview":"max-video-preview:-1"},"canonical":"https:\/\/fadeu.urantiacos.cl\/en\/2021\/08\/30\/lo-contador-recibio-a-sus-nuevos-estudiantes-este-segundo-semestre-tras-mas-de-un-ano-de-educacion-a-distancia\/","og_locale":"en_US","og_type":"article","og_title":"Lo Contador recibi\u00f3 a sus nuevos estudiantes este segundo semestre, tras m\u00e1s de un a\u00f1o de educaci\u00f3n a distancia - Facultad de Arquitectura, Dise\u00f1o y Estudios Urbanos","og_description":"Durante la semana pasada el campus Lo Contador volvi\u00f3 a abrir sus puertas para recibir a estudiantes de pregrado, postgrado, doctorado y educaci\u00f3n continua, tras meses de educaci\u00f3n online, en medio del mejor escenario epidemiol\u00f3gico registrado desde el comienzo de la crisis sanitaria en marzo de 2020.","og_url":"https:\/\/fadeu.urantiacos.cl\/en\/2021\/08\/30\/lo-contador-recibio-a-sus-nuevos-estudiantes-este-segundo-semestre-tras-mas-de-un-ano-de-educacion-a-distancia\/","og_site_name":"Facultad de Arquitectura, Dise\u00f1o y Estudios Urbanos","article_published_time":"2021-08-30T19:19:00+00:00","article_modified_time":"2023-09-07T19:20:29+00:00","og_image":[{"width":350,"height":250,"url":"https:\/\/fadeu.urantiacos.cl\/wp-content\/uploads\/2023\/09\/WEB1_WhatsApp_Image_2021-08-30_at_17.29.26.jpg","type":"image\/jpeg"}],"author":"manadmin","twitter_card":"summary_large_image","twitter_misc":{"Written by":"manadmin","Est. reading time":"3 minutes"},"schema":{"@context":"https:\/\/schema.org","@graph":[{"@type":"Article","@id":"https:\/\/fadeu.urantiacos.cl\/en\/2021\/08\/30\/lo-contador-recibio-a-sus-nuevos-estudiantes-este-segundo-semestre-tras-mas-de-un-ano-de-educacion-a-distancia\/#article","isPartOf":{"@id":"https:\/\/fadeu.urantiacos.cl\/en\/2021\/08\/30\/lo-contador-recibio-a-sus-nuevos-estudiantes-este-segundo-semestre-tras-mas-de-un-ano-de-educacion-a-distancia\/"},"author":{"name":"manadmin","@id":"https:\/\/fadeu.urantiacos.cl\/en\/#\/schema\/person\/d203e2e84b1c40275eac77b3061a19a2"},"headline":"Lo Contador recibi\u00f3 a sus nuevos estudiantes este segundo semestre, tras m\u00e1s de un a\u00f1o de educaci\u00f3n a distancia","datePublished":"2021-08-30T19:19:00+00:00","dateModified":"2023-09-07T19:20:29+00:00","mainEntityOfPage":{"@id":"https:\/\/fadeu.urantiacos.cl\/en\/2021\/08\/30\/lo-contador-recibio-a-sus-nuevos-estudiantes-este-segundo-semestre-tras-mas-de-un-ano-de-educacion-a-distancia\/"},"wordCount":539,"commentCount":0,"image":{"@id":"https:\/\/fadeu.urantiacos.cl\/en\/2021\/08\/30\/lo-contador-recibio-a-sus-nuevos-estudiantes-este-segundo-semestre-tras-mas-de-un-ano-de-educacion-a-distancia\/#primaryimage"},"thumbnailUrl":"https:\/\/fadeu.urantiacos.cl\/wp-content\/uploads\/2023\/09\/WEB1_WhatsApp_Image_2021-08-30_at_17.29.26.jpg","articleSection":["Sin categorizar"],"inLanguage":"en-US","potentialAction":[{"@type":"CommentAction","name":"Comment","target":["https:\/\/fadeu.urantiacos.cl\/en\/2021\/08\/30\/lo-contador-recibio-a-sus-nuevos-estudiantes-este-segundo-semestre-tras-mas-de-un-ano-de-educacion-a-distancia\/#respond"]}]},{"@type":"WebPage","@id":"https:\/\/fadeu.urantiacos.cl\/en\/2021\/08\/30\/lo-contador-recibio-a-sus-nuevos-estudiantes-este-segundo-semestre-tras-mas-de-un-ano-de-educacion-a-distancia\/","url":"https:\/\/fadeu.urantiacos.cl\/en\/2021\/08\/30\/lo-contador-recibio-a-sus-nuevos-estudiantes-este-segundo-semestre-tras-mas-de-un-ano-de-educacion-a-distancia\/","name":"Lo Contador recibi\u00f3 a sus nuevos estudiantes este segundo semestre, tras m\u00e1s de un a\u00f1o de educaci\u00f3n a distancia - Facultad de Arquitectura, Dise\u00f1o y Estudios Urbanos","isPartOf":{"@id":"https:\/\/fadeu.urantiacos.cl\/en\/#website"},"primaryImageOfPage":{"@id":"https:\/\/fadeu.urantiacos.cl\/en\/2021\/08\/30\/lo-contador-recibio-a-sus-nuevos-estudiantes-este-segundo-semestre-tras-mas-de-un-ano-de-educacion-a-distancia\/#primaryimage"},"image":{"@id":"https:\/\/fadeu.urantiacos.cl\/en\/2021\/08\/30\/lo-contador-recibio-a-sus-nuevos-estudiantes-este-segundo-semestre-tras-mas-de-un-ano-de-educacion-a-distancia\/#primaryimage"},"thumbnailUrl":"https:\/\/fadeu.urantiacos.cl\/wp-content\/uploads\/2023\/09\/WEB1_WhatsApp_Image_2021-08-30_at_17.29.26.jpg","datePublished":"2021-08-30T19:19:00+00:00","dateModified":"2023-09-07T19:20:29+00:00","author":{"@id":"https:\/\/fadeu.urantiacos.cl\/en\/#\/schema\/person\/d203e2e84b1c40275eac77b3061a19a2"},"description":"Durante la semana pasada el campus Lo Contador volvi\u00f3 a abrir sus puertas para recibir a estudiantes de pregrado, postgrado, doctorado y educaci\u00f3n continua, tras meses de educaci\u00f3n online, en medio del mejor escenario epidemiol\u00f3gico registrado desde el comienzo de la crisis sanitaria en marzo de 2020.","breadcrumb":{"@id":"https:\/\/fadeu.urantiacos.cl\/en\/2021\/08\/30\/lo-contador-recibio-a-sus-nuevos-estudiantes-este-segundo-semestre-tras-mas-de-un-ano-de-educacion-a-distancia\/#breadcrumb"},"inLanguage":"en-US","potentialAction":[{"@type":"ReadAction","target":["https:\/\/fadeu.urantiacos.cl\/en\/2021\/08\/30\/lo-contador-recibio-a-sus-nuevos-estudiantes-este-segundo-semestre-tras-mas-de-un-ano-de-educacion-a-distancia\/"]}]},{"@type":"ImageObject","inLanguage":"en-US","@id":"https:\/\/fadeu.urantiacos.cl\/en\/2021\/08\/30\/lo-contador-recibio-a-sus-nuevos-estudiantes-este-segundo-semestre-tras-mas-de-un-ano-de-educacion-a-distancia\/#primaryimage","url":"https:\/\/fadeu.urantiacos.cl\/wp-content\/uploads\/2023\/09\/WEB1_WhatsApp_Image_2021-08-30_at_17.29.26.jpg","contentUrl":"https:\/\/fadeu.urantiacos.cl\/wp-content\/uploads\/2023\/09\/WEB1_WhatsApp_Image_2021-08-30_at_17.29.26.jpg","width":350,"height":250},{"@type":"BreadcrumbList","@id":"https:\/\/fadeu.urantiacos.cl\/en\/2021\/08\/30\/lo-contador-recibio-a-sus-nuevos-estudiantes-este-segundo-semestre-tras-mas-de-un-ano-de-educacion-a-distancia\/#breadcrumb","itemListElement":[{"@type":"ListItem","position":1,"name":"Portada","item":"https:\/\/fadeu.urantiacos.cl\/en\/"},{"@type":"ListItem","position":2,"name":"Lo Contador recibi\u00f3 a sus nuevos estudiantes este segundo semestre, tras m\u00e1s de un a\u00f1o de educaci\u00f3n a distancia"}]},{"@type":"WebSite","@id":"https:\/\/fadeu.urantiacos.cl\/en\/#website","url":"https:\/\/fadeu.urantiacos.cl\/en\/","name":"Facultad de Arquitectura, Dise\u00f1o y Estudios Urbanos","description":"Campus Lo Contador","potentialAction":[{"@type":"SearchAction","target":{"@type":"EntryPoint","urlTemplate":"https:\/\/fadeu.urantiacos.cl\/en\/?s={search_term_string}"},"query-input":{"@type":"PropertyValueSpecification","valueRequired":true,"valueName":"search_term_string"}}],"inLanguage":"en-US"},{"@type":"Person","@id":"https:\/\/fadeu.urantiacos.cl\/en\/#\/schema\/person\/d203e2e84b1c40275eac77b3061a19a2","name":"manadmin","image":{"@type":"ImageObject","inLanguage":"en-US","@id":"https:\/\/fadeu.urantiacos.cl\/en\/#\/schema\/person\/image\/","url":"https:\/\/secure.gravatar.com\/avatar\/4b1d8e3303b4a9d8968ac578947d8bc80d9aea359f388cdd4aac15cadc0e8447?s=96&d=mm&r=g","contentUrl":"https:\/\/secure.gravatar.com\/avatar\/4b1d8e3303b4a9d8968ac578947d8bc80d9aea359f388cdd4aac15cadc0e8447?s=96&d=mm&r=g","caption":"manadmin"},"sameAs":["https:\/\/fadeu.urantiacos.cl"]}]}},"_links":{"self":[{"href":"https:\/\/fadeu.urantiacos.cl\/en\/wp-json\/wp\/v2\/posts\/6420","targetHints":{"allow":["GET"]}}],"collection":[{"href":"https:\/\/fadeu.urantiacos.cl\/en\/wp-json\/wp\/v2\/posts"}],"about":[{"href":"https:\/\/fadeu.urantiacos.cl\/en\/wp-json\/wp\/v2\/types\/post"}],"author":[{"embeddable":true,"href":"https:\/\/fadeu.urantiacos.cl\/en\/wp-json\/wp\/v2\/users\/1"}],"replies":[{"embeddable":true,"href":"https:\/\/fadeu.urantiacos.cl\/en\/wp-json\/wp\/v2\/comments?post=6420"}],"version-history":[{"count":1,"href":"https:\/\/fadeu.urantiacos.cl\/en\/wp-json\/wp\/v2\/posts\/6420\/revisions"}],"predecessor-version":[{"id":6422,"href":"https:\/\/fadeu.urantiacos.cl\/en\/wp-json\/wp\/v2\/posts\/6420\/revisions\/6422"}],"wp:featuredmedia":[{"embeddable":true,"href":"https:\/\/fadeu.urantiacos.cl\/en\/wp-json\/wp\/v2\/media\/6421"}],"wp:attachment":[{"href":"https:\/\/fadeu.urantiacos.cl\/en\/wp-json\/wp\/v2\/media?parent=6420"}],"wp:term":[{"taxonomy":"category","embeddable":true,"href":"https:\/\/fadeu.urantiacos.cl\/en\/wp-json\/wp\/v2\/categories?post=6420"},{"taxonomy":"post_tag","embeddable":true,"href":"https:\/\/fadeu.urantiacos.cl\/en\/wp-json\/wp\/v2\/tags?post=6420"}],"curies":[{"name":"wp","href":"https:\/\/api.w.org\/{rel}","templated":true}]}}