{"id":6402,"date":"2021-09-02T16:09:00","date_gmt":"2021-09-02T19:09:00","guid":{"rendered":"https:\/\/fadeu.urantiacos.cl\/?p=6402"},"modified":"2023-09-07T16:11:18","modified_gmt":"2023-09-07T19:11:18","slug":"profesores-fuentes-wahr-y-diaz-publican-articulos-en-la-165-version-de-la-revista-universitaria-uc","status":"publish","type":"post","link":"https:\/\/fadeu.urantiacos.cl\/en\/2021\/09\/02\/profesores-fuentes-wahr-y-diaz-publican-articulos-en-la-165-version-de-la-revista-universitaria-uc\/","title":{"rendered":"Profesores Fuentes, Wahr y D\u00edaz publican art\u00edculos en la 165 versi\u00f3n de la Revista Universitaria UC"},"content":{"rendered":"\n<figure class=\"wp-block-image size-full\"><img decoding=\"async\" width=\"350\" height=\"250\" src=\"https:\/\/fadeu.urantiacos.cl\/wp-content\/uploads\/2023\/09\/la_casa_piloto.png\" alt=\"\" class=\"wp-image-6403\" srcset=\"https:\/\/fadeu.urantiacos.cl\/wp-content\/uploads\/2023\/09\/la_casa_piloto.png 350w, https:\/\/fadeu.urantiacos.cl\/wp-content\/uploads\/2023\/09\/la_casa_piloto-300x214.png 300w\" sizes=\"(max-width: 350px) 100vw, 350px\" \/><\/figure>\n\n\n\n<p>As\u00ed lo se\u00f1ala el propio Rector Ignacio S\u00e1nchez en la Editorial de la revista. \u201cLa dificultad de acceder a una casa en Chile es uno de los problemas sociales al que sucesivos gobiernos han intentado dar soluci\u00f3n, sin \u00e9xito. La pandemia y las consecuentes restricciones sanitarias de aislamiento y confinamiento expusieron las brechas sociales, una de ellas la desigualdad provocada por una escasa planificaci\u00f3n urbana. Durante a\u00f1os, la soluci\u00f3n ha estado centrada en la entrega de viviendas \u2013siempre insuficiente\u2013 pero en ausencia de un ordenamiento urbano que permita el desarrollo de un proyecto de vida. La deficiente calidad de las casas, as\u00ed como su localizaci\u00f3n, la falta de \u00e1reas verdes y su preocupante desconexi\u00f3n de los servicios b\u00e1sicos como educaci\u00f3n, salud y transporte quedaron al descubierto con la pandemia, evidenciando la urgente necesidad de buscar soluciones\u201d, advierte.<\/p>\n\n\n\n<p>El director del Instituto de Estudios Urbanos y Territoriales, Luis Fuentes, propone cinco principios clave en la lucha por la equidad urbana, advirtiendo que \u201cel \u00fanico actor que puede velar por el bien com\u00fan es el Estado, en la medida que las pol\u00edticas p\u00fablicas en materia de ciudad se mantengan estables y superen los tiempos pol\u00edticos\u201d, agregando que el acceso a la vivienda \u201ces un atajo a la lucha contra la desigualdad y, en esto, el Estado tiene un papel irremplazable\u201d.<\/p>\n\n\n\n<p>\u201cLa crisis urbana desatada en estos \u00faltimos a\u00f1os en Chile es el reflejo de que nuestras pol\u00edticas urbanas y habitacionales no est\u00e1n dando el ancho, y hace rato el problema ha superado a las soluciones\u201d, advierte Fuentes, al momento en que entrega luces respecto de la necesidad urgente de que los \u201ctiempos pol\u00edticos\u201d calcen de manera m\u00e1s adecuada con los consensos t\u00e9cnicos y diagn\u00f3sticos compartidos por gran parte del mundo acad\u00e9mico, p\u00fablico y privado abocado a los temas urbanos, la planificaci\u00f3n y la vivienda.<\/p>\n\n\n\n<p>Por su parte, Francisco D\u00edaz, acad\u00e9mico de la escuela de Arquitectura y director de Ediciones ARQ, presenta su art\u00edculo titulado \u201cLa UC y la vivienda p\u00fablica\u201d, texto que se\u00f1ala que, a la fecha, \u201calrededor de una decena de iniciativas incubadas en la Escuela de Arquitectura de la UC se han ido transformando en proyectos o en pol\u00edticas p\u00fablicas\u201d.<\/p>\n\n\n\n<p>\u201cTanto en formato de experimentaci\u00f3n como de investigaci\u00f3n, la universidad ha participado en diversas instancias en las que el pa\u00eds lo ha requerido. De todas esas, las m\u00e1s interesantes son aquellas que, en materia de vivienda, proponen programas o planes replicables que pueden tener impactos duraderos y significativos en la calidad de vida de los chilenos\u201d, sostiene.<\/p>\n\n\n\n<p>Asimismo, Loreto Wahr, profesora del Instituto de Estudios Urbanos y Territoriales, plantea el d\u00e9ficit habitacional como un \u201cfen\u00f3meno planetario\u201d, esgrimiendo que \u201cla falta de un hogar y la precariedad de estos refugios siguen siendo problemas persistentes de la pol\u00edtica mundial, oscilando entre el 2% y el 25% de la poblaci\u00f3n total (OCDE, 2015)\u201d.<\/p>\n\n\n\n<p>Por lo mismo, Wahr refuerza la idea de que los gobiernos \u201ctienen el deber de apoyar a los m\u00e1s vulnerables, pero tambi\u00e9n de generar las condiciones para que otros actores como las comunidades, el sector empresarial y las organizaciones sin fines de lucro puedan ser parte del problema y de la soluci\u00f3n\u201d.<\/p>\n\n\n\n<p><strong>Cifras en Chile<\/strong><\/p>\n\n\n\n<p>Seg\u00fan el \u00faltimo reporte de campamentos realizado por Techo Chile en conjunto con Fundaci\u00f3n Vivienda, dado a conocer en marzo de este a\u00f1o, advierte que el n\u00famero de familias viviendo en campamentos aument\u00f3 en un 73% entre 2019 y 2021.<\/p>\n\n\n\n<p>&#8220;A la fecha de levantamiento de los datos, nuestros registros consideran la existencia de 81.643 familias que habitan 969 campamentos a lo largo de Chile. Si consideramos que el Catastro MINVU 2019 reportaba 47.050 familias en 802 campamentos, encontramos un aumento de un 73,52% en la cantidad de familias, y de un 20,32% en el n\u00famero de asentamientos&#8221;, advierte el reporte.<\/p>\n\n\n\n<p>Si quieres leer los art\u00edculos de los profesores Fuentes, Wahr y D\u00edaz puedes revisar el siguiente link:&nbsp;<a href=\"https:\/\/www.uc.cl\/site\/assets\/files\/14566\/revista-universitaria-165.pdf\">https:\/\/www.uc.cl\/site\/assets\/files\/14566\/revista-universitaria-165.pdf<\/a><a href=\"https:\/\/www.uc.cl\/site\/assets\/files\/14566\/revista-universitaria-165.pdf\"><\/a><\/p>\n\n\n\n<p>INFORMACI\u00d3N PERIOD\u00cdSTICA<br>JUAN ANDR\u00c9S INZUNZA<\/p>\n","protected":false},"excerpt":{"rendered":"<p>La vivienda, la equidad y la integraci\u00f3n social se tomaron hace bastante tiempo buena parte de la agenda en el pa\u00eds, y as\u00ed lo refleja tambi\u00e9n la Revista Universitaria de la Universidad Cat\u00f3lica, en su versi\u00f3n N\u00b0165, que dedic\u00f3 gran parte de su contenido a abordar la problem\u00e1tica del habitar en la ciudad y el acceso a la vivienda en el pa\u00eds.<\/p>\n","protected":false},"author":1,"featured_media":6403,"comment_status":"open","ping_status":"open","sticky":false,"template":"","format":"standard","meta":{"_acf_changed":false,"footnotes":""},"categories":[1],"tags":[],"class_list":["post-6402","post","type-post","status-publish","format-standard","has-post-thumbnail","hentry","category-sin-categorizar"],"acf":[],"yoast_head":"<!-- This site is optimized with the Yoast SEO plugin v27.1.1 - https:\/\/yoast.com\/product\/yoast-seo-wordpress\/ -->\n<title>Profesores Fuentes, Wahr y D\u00edaz publican art\u00edculos en la 165 versi\u00f3n de la Revista Universitaria UC - Facultad de Arquitectura, Dise\u00f1o y Estudios Urbanos<\/title>\n<meta name=\"description\" content=\"La vivienda, la equidad y la integraci\u00f3n social se tomaron hace bastante tiempo buena parte de la agenda en el pa\u00eds, y as\u00ed lo refleja tambi\u00e9n la Revista Universitaria de la Universidad Cat\u00f3lica, en su versi\u00f3n N\u00b0165, que dedic\u00f3 gran parte de su contenido a abordar la problem\u00e1tica del habitar en la ciudad y el acceso a la vivienda en el pa\u00eds.\" \/>\n<meta name=\"robots\" content=\"index, follow, max-snippet:-1, max-image-preview:large, max-video-preview:-1\" \/>\n<link rel=\"canonical\" href=\"https:\/\/fadeu.urantiacos.cl\/en\/2021\/09\/02\/profesores-fuentes-wahr-y-diaz-publican-articulos-en-la-165-version-de-la-revista-universitaria-uc\/\" \/>\n<meta property=\"og:locale\" content=\"en_US\" \/>\n<meta property=\"og:type\" content=\"article\" \/>\n<meta property=\"og:title\" content=\"Profesores Fuentes, Wahr y D\u00edaz publican art\u00edculos en la 165 versi\u00f3n de la Revista Universitaria UC - Facultad de Arquitectura, Dise\u00f1o y Estudios Urbanos\" \/>\n<meta property=\"og:description\" content=\"La vivienda, la equidad y la integraci\u00f3n social se tomaron hace bastante tiempo buena parte de la agenda en el pa\u00eds, y as\u00ed lo refleja tambi\u00e9n la Revista Universitaria de la Universidad Cat\u00f3lica, en su versi\u00f3n N\u00b0165, que dedic\u00f3 gran parte de su contenido a abordar la problem\u00e1tica del habitar en la ciudad y el acceso a la vivienda en el pa\u00eds.\" \/>\n<meta property=\"og:url\" content=\"https:\/\/fadeu.urantiacos.cl\/en\/2021\/09\/02\/profesores-fuentes-wahr-y-diaz-publican-articulos-en-la-165-version-de-la-revista-universitaria-uc\/\" \/>\n<meta property=\"og:site_name\" content=\"Facultad de Arquitectura, Dise\u00f1o y Estudios Urbanos\" \/>\n<meta property=\"article:published_time\" content=\"2021-09-02T19:09:00+00:00\" \/>\n<meta property=\"article:modified_time\" content=\"2023-09-07T19:11:18+00:00\" \/>\n<meta property=\"og:image\" content=\"https:\/\/fadeu.urantiacos.cl\/wp-content\/uploads\/2023\/09\/la_casa_piloto.png\" \/>\n\t<meta property=\"og:image:width\" content=\"350\" \/>\n\t<meta property=\"og:image:height\" content=\"250\" \/>\n\t<meta property=\"og:image:type\" content=\"image\/png\" \/>\n<meta name=\"author\" content=\"manadmin\" \/>\n<meta name=\"twitter:card\" content=\"summary_large_image\" \/>\n<meta name=\"twitter:label1\" content=\"Written by\" \/>\n\t<meta name=\"twitter:data1\" content=\"manadmin\" \/>\n\t<meta name=\"twitter:label2\" content=\"Est. reading time\" \/>\n\t<meta name=\"twitter:data2\" content=\"3 minutes\" \/>\n<script type=\"application\/ld+json\" class=\"yoast-schema-graph\">{\"@context\":\"https:\/\/schema.org\",\"@graph\":[{\"@type\":\"Article\",\"@id\":\"https:\/\/fadeu.urantiacos.cl\/en\/2021\/09\/02\/profesores-fuentes-wahr-y-diaz-publican-articulos-en-la-165-version-de-la-revista-universitaria-uc\/#article\",\"isPartOf\":{\"@id\":\"https:\/\/fadeu.urantiacos.cl\/en\/2021\/09\/02\/profesores-fuentes-wahr-y-diaz-publican-articulos-en-la-165-version-de-la-revista-universitaria-uc\/\"},\"author\":{\"name\":\"manadmin\",\"@id\":\"https:\/\/fadeu.urantiacos.cl\/en\/#\/schema\/person\/d203e2e84b1c40275eac77b3061a19a2\"},\"headline\":\"Profesores Fuentes, Wahr y D\u00edaz publican art\u00edculos en la 165 versi\u00f3n de la Revista Universitaria UC\",\"datePublished\":\"2021-09-02T19:09:00+00:00\",\"dateModified\":\"2023-09-07T19:11:18+00:00\",\"mainEntityOfPage\":{\"@id\":\"https:\/\/fadeu.urantiacos.cl\/en\/2021\/09\/02\/profesores-fuentes-wahr-y-diaz-publican-articulos-en-la-165-version-de-la-revista-universitaria-uc\/\"},\"wordCount\":714,\"commentCount\":0,\"image\":{\"@id\":\"https:\/\/fadeu.urantiacos.cl\/en\/2021\/09\/02\/profesores-fuentes-wahr-y-diaz-publican-articulos-en-la-165-version-de-la-revista-universitaria-uc\/#primaryimage\"},\"thumbnailUrl\":\"https:\/\/fadeu.urantiacos.cl\/wp-content\/uploads\/2023\/09\/la_casa_piloto.png\",\"articleSection\":[\"Sin categorizar\"],\"inLanguage\":\"en-US\",\"potentialAction\":[{\"@type\":\"CommentAction\",\"name\":\"Comment\",\"target\":[\"https:\/\/fadeu.urantiacos.cl\/en\/2021\/09\/02\/profesores-fuentes-wahr-y-diaz-publican-articulos-en-la-165-version-de-la-revista-universitaria-uc\/#respond\"]}]},{\"@type\":\"WebPage\",\"@id\":\"https:\/\/fadeu.urantiacos.cl\/en\/2021\/09\/02\/profesores-fuentes-wahr-y-diaz-publican-articulos-en-la-165-version-de-la-revista-universitaria-uc\/\",\"url\":\"https:\/\/fadeu.urantiacos.cl\/en\/2021\/09\/02\/profesores-fuentes-wahr-y-diaz-publican-articulos-en-la-165-version-de-la-revista-universitaria-uc\/\",\"name\":\"Profesores Fuentes, Wahr y D\u00edaz publican art\u00edculos en la 165 versi\u00f3n de la Revista Universitaria UC - Facultad de Arquitectura, Dise\u00f1o y Estudios Urbanos\",\"isPartOf\":{\"@id\":\"https:\/\/fadeu.urantiacos.cl\/en\/#website\"},\"primaryImageOfPage\":{\"@id\":\"https:\/\/fadeu.urantiacos.cl\/en\/2021\/09\/02\/profesores-fuentes-wahr-y-diaz-publican-articulos-en-la-165-version-de-la-revista-universitaria-uc\/#primaryimage\"},\"image\":{\"@id\":\"https:\/\/fadeu.urantiacos.cl\/en\/2021\/09\/02\/profesores-fuentes-wahr-y-diaz-publican-articulos-en-la-165-version-de-la-revista-universitaria-uc\/#primaryimage\"},\"thumbnailUrl\":\"https:\/\/fadeu.urantiacos.cl\/wp-content\/uploads\/2023\/09\/la_casa_piloto.png\",\"datePublished\":\"2021-09-02T19:09:00+00:00\",\"dateModified\":\"2023-09-07T19:11:18+00:00\",\"author\":{\"@id\":\"https:\/\/fadeu.urantiacos.cl\/en\/#\/schema\/person\/d203e2e84b1c40275eac77b3061a19a2\"},\"description\":\"La vivienda, la equidad y la integraci\u00f3n social se tomaron hace bastante tiempo buena parte de la agenda en el pa\u00eds, y as\u00ed lo refleja tambi\u00e9n la Revista Universitaria de la Universidad Cat\u00f3lica, en su versi\u00f3n N\u00b0165, que dedic\u00f3 gran parte de su contenido a abordar la problem\u00e1tica del habitar en la ciudad y el acceso a la vivienda en el pa\u00eds.\",\"breadcrumb\":{\"@id\":\"https:\/\/fadeu.urantiacos.cl\/en\/2021\/09\/02\/profesores-fuentes-wahr-y-diaz-publican-articulos-en-la-165-version-de-la-revista-universitaria-uc\/#breadcrumb\"},\"inLanguage\":\"en-US\",\"potentialAction\":[{\"@type\":\"ReadAction\",\"target\":[\"https:\/\/fadeu.urantiacos.cl\/en\/2021\/09\/02\/profesores-fuentes-wahr-y-diaz-publican-articulos-en-la-165-version-de-la-revista-universitaria-uc\/\"]}]},{\"@type\":\"ImageObject\",\"inLanguage\":\"en-US\",\"@id\":\"https:\/\/fadeu.urantiacos.cl\/en\/2021\/09\/02\/profesores-fuentes-wahr-y-diaz-publican-articulos-en-la-165-version-de-la-revista-universitaria-uc\/#primaryimage\",\"url\":\"https:\/\/fadeu.urantiacos.cl\/wp-content\/uploads\/2023\/09\/la_casa_piloto.png\",\"contentUrl\":\"https:\/\/fadeu.urantiacos.cl\/wp-content\/uploads\/2023\/09\/la_casa_piloto.png\",\"width\":350,\"height\":250},{\"@type\":\"BreadcrumbList\",\"@id\":\"https:\/\/fadeu.urantiacos.cl\/en\/2021\/09\/02\/profesores-fuentes-wahr-y-diaz-publican-articulos-en-la-165-version-de-la-revista-universitaria-uc\/#breadcrumb\",\"itemListElement\":[{\"@type\":\"ListItem\",\"position\":1,\"name\":\"Portada\",\"item\":\"https:\/\/fadeu.urantiacos.cl\/en\/\"},{\"@type\":\"ListItem\",\"position\":2,\"name\":\"Profesores Fuentes, Wahr y D\u00edaz publican art\u00edculos en la 165 versi\u00f3n de la Revista Universitaria UC\"}]},{\"@type\":\"WebSite\",\"@id\":\"https:\/\/fadeu.urantiacos.cl\/en\/#website\",\"url\":\"https:\/\/fadeu.urantiacos.cl\/en\/\",\"name\":\"Facultad de Arquitectura, Dise\u00f1o y Estudios Urbanos\",\"description\":\"Campus Lo Contador\",\"potentialAction\":[{\"@type\":\"SearchAction\",\"target\":{\"@type\":\"EntryPoint\",\"urlTemplate\":\"https:\/\/fadeu.urantiacos.cl\/en\/?s={search_term_string}\"},\"query-input\":{\"@type\":\"PropertyValueSpecification\",\"valueRequired\":true,\"valueName\":\"search_term_string\"}}],\"inLanguage\":\"en-US\"},{\"@type\":\"Person\",\"@id\":\"https:\/\/fadeu.urantiacos.cl\/en\/#\/schema\/person\/d203e2e84b1c40275eac77b3061a19a2\",\"name\":\"manadmin\",\"image\":{\"@type\":\"ImageObject\",\"inLanguage\":\"en-US\",\"@id\":\"https:\/\/fadeu.urantiacos.cl\/en\/#\/schema\/person\/image\/\",\"url\":\"https:\/\/secure.gravatar.com\/avatar\/4b1d8e3303b4a9d8968ac578947d8bc80d9aea359f388cdd4aac15cadc0e8447?s=96&d=mm&r=g\",\"contentUrl\":\"https:\/\/secure.gravatar.com\/avatar\/4b1d8e3303b4a9d8968ac578947d8bc80d9aea359f388cdd4aac15cadc0e8447?s=96&d=mm&r=g\",\"caption\":\"manadmin\"},\"sameAs\":[\"https:\/\/fadeu.urantiacos.cl\"]}]}<\/script>\n<!-- \/ Yoast SEO plugin. -->","yoast_head_json":{"title":"Profesores Fuentes, Wahr y D\u00edaz publican art\u00edculos en la 165 versi\u00f3n de la Revista Universitaria UC - Facultad de Arquitectura, Dise\u00f1o y Estudios Urbanos","description":"La vivienda, la equidad y la integraci\u00f3n social se tomaron hace bastante tiempo buena parte de la agenda en el pa\u00eds, y as\u00ed lo refleja tambi\u00e9n la Revista Universitaria de la Universidad Cat\u00f3lica, en su versi\u00f3n N\u00b0165, que dedic\u00f3 gran parte de su contenido a abordar la problem\u00e1tica del habitar en la ciudad y el acceso a la vivienda en el pa\u00eds.","robots":{"index":"index","follow":"follow","max-snippet":"max-snippet:-1","max-image-preview":"max-image-preview:large","max-video-preview":"max-video-preview:-1"},"canonical":"https:\/\/fadeu.urantiacos.cl\/en\/2021\/09\/02\/profesores-fuentes-wahr-y-diaz-publican-articulos-en-la-165-version-de-la-revista-universitaria-uc\/","og_locale":"en_US","og_type":"article","og_title":"Profesores Fuentes, Wahr y D\u00edaz publican art\u00edculos en la 165 versi\u00f3n de la Revista Universitaria UC - Facultad de Arquitectura, Dise\u00f1o y Estudios Urbanos","og_description":"La vivienda, la equidad y la integraci\u00f3n social se tomaron hace bastante tiempo buena parte de la agenda en el pa\u00eds, y as\u00ed lo refleja tambi\u00e9n la Revista Universitaria de la Universidad Cat\u00f3lica, en su versi\u00f3n N\u00b0165, que dedic\u00f3 gran parte de su contenido a abordar la problem\u00e1tica del habitar en la ciudad y el acceso a la vivienda en el pa\u00eds.","og_url":"https:\/\/fadeu.urantiacos.cl\/en\/2021\/09\/02\/profesores-fuentes-wahr-y-diaz-publican-articulos-en-la-165-version-de-la-revista-universitaria-uc\/","og_site_name":"Facultad de Arquitectura, Dise\u00f1o y Estudios Urbanos","article_published_time":"2021-09-02T19:09:00+00:00","article_modified_time":"2023-09-07T19:11:18+00:00","og_image":[{"width":350,"height":250,"url":"https:\/\/fadeu.urantiacos.cl\/wp-content\/uploads\/2023\/09\/la_casa_piloto.png","type":"image\/png"}],"author":"manadmin","twitter_card":"summary_large_image","twitter_misc":{"Written by":"manadmin","Est. reading time":"3 minutes"},"schema":{"@context":"https:\/\/schema.org","@graph":[{"@type":"Article","@id":"https:\/\/fadeu.urantiacos.cl\/en\/2021\/09\/02\/profesores-fuentes-wahr-y-diaz-publican-articulos-en-la-165-version-de-la-revista-universitaria-uc\/#article","isPartOf":{"@id":"https:\/\/fadeu.urantiacos.cl\/en\/2021\/09\/02\/profesores-fuentes-wahr-y-diaz-publican-articulos-en-la-165-version-de-la-revista-universitaria-uc\/"},"author":{"name":"manadmin","@id":"https:\/\/fadeu.urantiacos.cl\/en\/#\/schema\/person\/d203e2e84b1c40275eac77b3061a19a2"},"headline":"Profesores Fuentes, Wahr y D\u00edaz publican art\u00edculos en la 165 versi\u00f3n de la Revista Universitaria UC","datePublished":"2021-09-02T19:09:00+00:00","dateModified":"2023-09-07T19:11:18+00:00","mainEntityOfPage":{"@id":"https:\/\/fadeu.urantiacos.cl\/en\/2021\/09\/02\/profesores-fuentes-wahr-y-diaz-publican-articulos-en-la-165-version-de-la-revista-universitaria-uc\/"},"wordCount":714,"commentCount":0,"image":{"@id":"https:\/\/fadeu.urantiacos.cl\/en\/2021\/09\/02\/profesores-fuentes-wahr-y-diaz-publican-articulos-en-la-165-version-de-la-revista-universitaria-uc\/#primaryimage"},"thumbnailUrl":"https:\/\/fadeu.urantiacos.cl\/wp-content\/uploads\/2023\/09\/la_casa_piloto.png","articleSection":["Sin categorizar"],"inLanguage":"en-US","potentialAction":[{"@type":"CommentAction","name":"Comment","target":["https:\/\/fadeu.urantiacos.cl\/en\/2021\/09\/02\/profesores-fuentes-wahr-y-diaz-publican-articulos-en-la-165-version-de-la-revista-universitaria-uc\/#respond"]}]},{"@type":"WebPage","@id":"https:\/\/fadeu.urantiacos.cl\/en\/2021\/09\/02\/profesores-fuentes-wahr-y-diaz-publican-articulos-en-la-165-version-de-la-revista-universitaria-uc\/","url":"https:\/\/fadeu.urantiacos.cl\/en\/2021\/09\/02\/profesores-fuentes-wahr-y-diaz-publican-articulos-en-la-165-version-de-la-revista-universitaria-uc\/","name":"Profesores Fuentes, Wahr y D\u00edaz publican art\u00edculos en la 165 versi\u00f3n de la Revista Universitaria UC - Facultad de Arquitectura, Dise\u00f1o y Estudios Urbanos","isPartOf":{"@id":"https:\/\/fadeu.urantiacos.cl\/en\/#website"},"primaryImageOfPage":{"@id":"https:\/\/fadeu.urantiacos.cl\/en\/2021\/09\/02\/profesores-fuentes-wahr-y-diaz-publican-articulos-en-la-165-version-de-la-revista-universitaria-uc\/#primaryimage"},"image":{"@id":"https:\/\/fadeu.urantiacos.cl\/en\/2021\/09\/02\/profesores-fuentes-wahr-y-diaz-publican-articulos-en-la-165-version-de-la-revista-universitaria-uc\/#primaryimage"},"thumbnailUrl":"https:\/\/fadeu.urantiacos.cl\/wp-content\/uploads\/2023\/09\/la_casa_piloto.png","datePublished":"2021-09-02T19:09:00+00:00","dateModified":"2023-09-07T19:11:18+00:00","author":{"@id":"https:\/\/fadeu.urantiacos.cl\/en\/#\/schema\/person\/d203e2e84b1c40275eac77b3061a19a2"},"description":"La vivienda, la equidad y la integraci\u00f3n social se tomaron hace bastante tiempo buena parte de la agenda en el pa\u00eds, y as\u00ed lo refleja tambi\u00e9n la Revista Universitaria de la Universidad Cat\u00f3lica, en su versi\u00f3n N\u00b0165, que dedic\u00f3 gran parte de su contenido a abordar la problem\u00e1tica del habitar en la ciudad y el acceso a la vivienda en el pa\u00eds.","breadcrumb":{"@id":"https:\/\/fadeu.urantiacos.cl\/en\/2021\/09\/02\/profesores-fuentes-wahr-y-diaz-publican-articulos-en-la-165-version-de-la-revista-universitaria-uc\/#breadcrumb"},"inLanguage":"en-US","potentialAction":[{"@type":"ReadAction","target":["https:\/\/fadeu.urantiacos.cl\/en\/2021\/09\/02\/profesores-fuentes-wahr-y-diaz-publican-articulos-en-la-165-version-de-la-revista-universitaria-uc\/"]}]},{"@type":"ImageObject","inLanguage":"en-US","@id":"https:\/\/fadeu.urantiacos.cl\/en\/2021\/09\/02\/profesores-fuentes-wahr-y-diaz-publican-articulos-en-la-165-version-de-la-revista-universitaria-uc\/#primaryimage","url":"https:\/\/fadeu.urantiacos.cl\/wp-content\/uploads\/2023\/09\/la_casa_piloto.png","contentUrl":"https:\/\/fadeu.urantiacos.cl\/wp-content\/uploads\/2023\/09\/la_casa_piloto.png","width":350,"height":250},{"@type":"BreadcrumbList","@id":"https:\/\/fadeu.urantiacos.cl\/en\/2021\/09\/02\/profesores-fuentes-wahr-y-diaz-publican-articulos-en-la-165-version-de-la-revista-universitaria-uc\/#breadcrumb","itemListElement":[{"@type":"ListItem","position":1,"name":"Portada","item":"https:\/\/fadeu.urantiacos.cl\/en\/"},{"@type":"ListItem","position":2,"name":"Profesores Fuentes, Wahr y D\u00edaz publican art\u00edculos en la 165 versi\u00f3n de la Revista Universitaria UC"}]},{"@type":"WebSite","@id":"https:\/\/fadeu.urantiacos.cl\/en\/#website","url":"https:\/\/fadeu.urantiacos.cl\/en\/","name":"Facultad de Arquitectura, Dise\u00f1o y Estudios Urbanos","description":"Campus Lo Contador","potentialAction":[{"@type":"SearchAction","target":{"@type":"EntryPoint","urlTemplate":"https:\/\/fadeu.urantiacos.cl\/en\/?s={search_term_string}"},"query-input":{"@type":"PropertyValueSpecification","valueRequired":true,"valueName":"search_term_string"}}],"inLanguage":"en-US"},{"@type":"Person","@id":"https:\/\/fadeu.urantiacos.cl\/en\/#\/schema\/person\/d203e2e84b1c40275eac77b3061a19a2","name":"manadmin","image":{"@type":"ImageObject","inLanguage":"en-US","@id":"https:\/\/fadeu.urantiacos.cl\/en\/#\/schema\/person\/image\/","url":"https:\/\/secure.gravatar.com\/avatar\/4b1d8e3303b4a9d8968ac578947d8bc80d9aea359f388cdd4aac15cadc0e8447?s=96&d=mm&r=g","contentUrl":"https:\/\/secure.gravatar.com\/avatar\/4b1d8e3303b4a9d8968ac578947d8bc80d9aea359f388cdd4aac15cadc0e8447?s=96&d=mm&r=g","caption":"manadmin"},"sameAs":["https:\/\/fadeu.urantiacos.cl"]}]}},"_links":{"self":[{"href":"https:\/\/fadeu.urantiacos.cl\/en\/wp-json\/wp\/v2\/posts\/6402","targetHints":{"allow":["GET"]}}],"collection":[{"href":"https:\/\/fadeu.urantiacos.cl\/en\/wp-json\/wp\/v2\/posts"}],"about":[{"href":"https:\/\/fadeu.urantiacos.cl\/en\/wp-json\/wp\/v2\/types\/post"}],"author":[{"embeddable":true,"href":"https:\/\/fadeu.urantiacos.cl\/en\/wp-json\/wp\/v2\/users\/1"}],"replies":[{"embeddable":true,"href":"https:\/\/fadeu.urantiacos.cl\/en\/wp-json\/wp\/v2\/comments?post=6402"}],"version-history":[{"count":1,"href":"https:\/\/fadeu.urantiacos.cl\/en\/wp-json\/wp\/v2\/posts\/6402\/revisions"}],"predecessor-version":[{"id":6404,"href":"https:\/\/fadeu.urantiacos.cl\/en\/wp-json\/wp\/v2\/posts\/6402\/revisions\/6404"}],"wp:featuredmedia":[{"embeddable":true,"href":"https:\/\/fadeu.urantiacos.cl\/en\/wp-json\/wp\/v2\/media\/6403"}],"wp:attachment":[{"href":"https:\/\/fadeu.urantiacos.cl\/en\/wp-json\/wp\/v2\/media?parent=6402"}],"wp:term":[{"taxonomy":"category","embeddable":true,"href":"https:\/\/fadeu.urantiacos.cl\/en\/wp-json\/wp\/v2\/categories?post=6402"},{"taxonomy":"post_tag","embeddable":true,"href":"https:\/\/fadeu.urantiacos.cl\/en\/wp-json\/wp\/v2\/tags?post=6402"}],"curies":[{"name":"wp","href":"https:\/\/api.w.org\/{rel}","templated":true}]}}