{"id":6398,"date":"2021-09-03T16:07:00","date_gmt":"2021-09-03T19:07:00","guid":{"rendered":"https:\/\/fadeu.urantiacos.cl\/?p=6398"},"modified":"2023-09-07T16:09:37","modified_gmt":"2023-09-07T19:09:37","slug":"fadeu-firma-importante-convenio-con-la-fundacion-junto-al-barrio","status":"publish","type":"post","link":"https:\/\/fadeu.urantiacos.cl\/en\/2021\/09\/03\/fadeu-firma-importante-convenio-con-la-fundacion-junto-al-barrio\/","title":{"rendered":"FADEU firma importante convenio con la fundaci\u00f3n Junto al Barrio"},"content":{"rendered":"\n<figure class=\"wp-block-image size-full\"><img decoding=\"async\" width=\"350\" height=\"250\" src=\"https:\/\/fadeu.urantiacos.cl\/wp-content\/uploads\/2023\/09\/WEB_WhatsApp_Image_2021-08-31_at_14.15.44.jpg\" alt=\"\" class=\"wp-image-6399\" srcset=\"https:\/\/fadeu.urantiacos.cl\/wp-content\/uploads\/2023\/09\/WEB_WhatsApp_Image_2021-08-31_at_14.15.44.jpg 350w, https:\/\/fadeu.urantiacos.cl\/wp-content\/uploads\/2023\/09\/WEB_WhatsApp_Image_2021-08-31_at_14.15.44-300x214.jpg 300w\" sizes=\"(max-width: 350px) 100vw, 350px\" \/><\/figure>\n\n\n\n<p>El convenio plantea colaboraci\u00f3n mutua en distintos \u00e1mbitos, como son la coordinaci\u00f3n de esfuerzos para el desarrollo de actividades de inter\u00e9s conjunto, como, asimismo, presentar propuestas de proyectos en el marco de Investigaci\u00f3n y Desarrollo; e intercambiar informaci\u00f3n y datos con el objeto \u00fanico de desarrollar diversos proyectos de mutuo acuerdo.<\/p>\n\n\n\n<p>Junto al Barrio es una fundaci\u00f3n cuya misi\u00f3n es promover el barrio y el protagonismo de sus vecinos en el desarrollo de ciudades m\u00e1s inclusivas, potenciando la organizaci\u00f3n vecinal, motivando la participaci\u00f3n ciudadana y desarrollando procesos de colaboraci\u00f3n p\u00fablico-privada en la materializaci\u00f3n de proyectos sociales y urbanos que mejoren sosteniblemente la calidad de los barrios vulnerables.<\/p>\n\n\n\n<p>\u201cEs importante este convenio, porque desde la Academia es fundamental vincularnos con el medio, que es parte de lo que nos compete como Universidad, de manera muy relevante, y en ese sentido todos nuestros convenios tienen esta componente de vinculaci\u00f3n muy importante, y en este caso, enfocado a las personas y a los habitantes que son los protagonistas de los barrios, de la ciudad y el territorio\u201d, expres\u00f3 el decano Ubilla.<\/p>\n\n\n\n<p>A lo anterior, Ubilla agreg\u00f3 que \u201ceste convenio es importante, adem\u00e1s, porque nos permite vincularnos con una fundaci\u00f3n que camina de la mano con las personas y que se vincula muy directamente con los territorios, cuesti\u00f3n que para nosotros como Facultad es fundamental\u201d.<\/p>\n\n\n\n<p>Nicol\u00e1s Cruz, director de la Fundaci\u00f3n Junto al Barrio sostuvo que \u201ces un orgullo estar hoy en el seno de esta Facultad celebrando este convenio, porque adem\u00e1s conocemos muchos acad\u00e9micos de ac\u00e1 que han participado de nuestra fundaci\u00f3n, muy vinculados al mundo social\u201d, agregando que \u201chabitar para nosotros es convivir, y en ese sentido la vocaci\u00f3n de todo acto humano debiera apuntar hacia la convivencia, y desgraciadamente hoy las ciudades y los barrios no conviven de manera adecuada, y para eso es muy importante establecer este tipo de alianzas para fortalecer la gesti\u00f3n e instalarse en los territorios excluidos para poder generar esa convivencia y contribuir al buen vivir de las personas\u201d.<\/p>\n\n\n\n<p>La directora de Investigaci\u00f3n y Postgrado, Magdalena Vicu\u00f1a, sostuvo que \u201ceste tipo de alianzas promueve un modelo de aprendizaje que privilegia lo motivacional, invitando a los estudiantes a salir de sus propias convicciones para innovar y crear soluciones pertinentes, efectivas y vinculadas con las necesidades de las personas, y eso es muy valioso para la formaci\u00f3n de los futuros profesionales que se abocar\u00e1n al estudio y trabajo de la ciudad\u201d.<\/p>\n\n\n\n<p>Posterior a la firma del convenio, la Facultad y la Fundaci\u00f3n dieron una clase abierta en la sala Refectorio del campus Lo Contador, coordinada por la profesora y directora de Comunicaciones, Macarena Cort\u00e9s, en la que expuso la jefa de Arquitectura de la Fundaci\u00f3n Junto al Barrio, Ximena Cabello (Consolidaci\u00f3n de Balnearios) del director del Observatorio de Ciudades UC, y profesor del Instituto de Estudios Urbanos y Territoriales, Ricardo Truffello (Ciudades a Medio Tiempo).<\/p>\n\n\n\n<p>Si quieres revivir ambas charlas, puedes revisarlas en nuestro canal de YouTube:&nbsp;<a href=\"https:\/\/www.youtube.com\/watch?v=6OTz54moYjw&amp;t=2107s\">https:\/\/www.youtube.com\/watch?v=6OTz54moYjw&amp;t=2107s<\/a><a href=\"https:\/\/www.youtube.com\/watch?v=6OTz54moYjw&amp;t=2107s\"><\/a><\/p>\n\n\n\n<p>INFORMACI\u00d3N PERIOD\u00cdSTICA<br>JUAN ANDR\u00c9S INZUNZA<\/p>\n\n\n\n<figure class=\"wp-block-image size-large\"><img decoding=\"async\" width=\"1024\" height=\"768\" src=\"https:\/\/fadeu.urantiacos.cl\/wp-content\/uploads\/2023\/09\/WhatsApp_Image_2021-08-31_at_14.15.44-1024x768.jpeg\" alt=\"\" class=\"wp-image-6400\" srcset=\"https:\/\/fadeu.urantiacos.cl\/wp-content\/uploads\/2023\/09\/WhatsApp_Image_2021-08-31_at_14.15.44-1024x768.jpeg 1024w, https:\/\/fadeu.urantiacos.cl\/wp-content\/uploads\/2023\/09\/WhatsApp_Image_2021-08-31_at_14.15.44-300x225.jpeg 300w, https:\/\/fadeu.urantiacos.cl\/wp-content\/uploads\/2023\/09\/WhatsApp_Image_2021-08-31_at_14.15.44-768x576.jpeg 768w, https:\/\/fadeu.urantiacos.cl\/wp-content\/uploads\/2023\/09\/WhatsApp_Image_2021-08-31_at_14.15.44-1536x1152.jpeg 1536w, https:\/\/fadeu.urantiacos.cl\/wp-content\/uploads\/2023\/09\/WhatsApp_Image_2021-08-31_at_14.15.44.jpeg 1600w\" sizes=\"(max-width: 1024px) 100vw, 1024px\" \/><\/figure>\n","protected":false},"excerpt":{"rendered":"<p>D\u00edas atr\u00e1s, en dependencias del Decanato de la Facultad de Arquitectura, Dise\u00f1o y Estudios Urbanos se firm\u00f3 un convenio de colaboraci\u00f3n entre la Pontificia Universidad Cat\u00f3lica y la Fundaci\u00f3n Junto al Barrio, ocasi\u00f3n que fue presidida por el decano Mario Ubilla y el director de la fundaci\u00f3n, Nicol\u00e1s Cruz.<\/p>\n","protected":false},"author":1,"featured_media":6399,"comment_status":"open","ping_status":"open","sticky":false,"template":"","format":"standard","meta":{"_acf_changed":false,"footnotes":""},"categories":[1],"tags":[],"class_list":["post-6398","post","type-post","status-publish","format-standard","has-post-thumbnail","hentry","category-sin-categorizar"],"acf":[],"yoast_head":"<!-- This site is optimized with the Yoast SEO plugin v27.1.1 - https:\/\/yoast.com\/product\/yoast-seo-wordpress\/ -->\n<title>FADEU firma importante convenio con la fundaci\u00f3n Junto al Barrio - Facultad de Arquitectura, Dise\u00f1o y Estudios Urbanos<\/title>\n<meta name=\"description\" content=\"D\u00edas atr\u00e1s, en dependencias del Decanato de la Facultad de Arquitectura, Dise\u00f1o y Estudios Urbanos se firm\u00f3 un convenio de colaboraci\u00f3n entre la Pontificia Universidad Cat\u00f3lica y la Fundaci\u00f3n Junto al Barrio, ocasi\u00f3n que fue presidida por el decano Mario Ubilla y el director de la fundaci\u00f3n, Nicol\u00e1s Cruz.\" \/>\n<meta name=\"robots\" content=\"index, follow, max-snippet:-1, max-image-preview:large, max-video-preview:-1\" \/>\n<link rel=\"canonical\" href=\"https:\/\/fadeu.urantiacos.cl\/en\/2021\/09\/03\/fadeu-firma-importante-convenio-con-la-fundacion-junto-al-barrio\/\" \/>\n<meta property=\"og:locale\" content=\"en_US\" \/>\n<meta property=\"og:type\" content=\"article\" \/>\n<meta property=\"og:title\" content=\"FADEU firma importante convenio con la fundaci\u00f3n Junto al Barrio - Facultad de Arquitectura, Dise\u00f1o y Estudios Urbanos\" \/>\n<meta property=\"og:description\" content=\"D\u00edas atr\u00e1s, en dependencias del Decanato de la Facultad de Arquitectura, Dise\u00f1o y Estudios Urbanos se firm\u00f3 un convenio de colaboraci\u00f3n entre la Pontificia Universidad Cat\u00f3lica y la Fundaci\u00f3n Junto al Barrio, ocasi\u00f3n que fue presidida por el decano Mario Ubilla y el director de la fundaci\u00f3n, Nicol\u00e1s Cruz.\" \/>\n<meta property=\"og:url\" content=\"https:\/\/fadeu.urantiacos.cl\/en\/2021\/09\/03\/fadeu-firma-importante-convenio-con-la-fundacion-junto-al-barrio\/\" \/>\n<meta property=\"og:site_name\" content=\"Facultad de Arquitectura, Dise\u00f1o y Estudios Urbanos\" \/>\n<meta property=\"article:published_time\" content=\"2021-09-03T19:07:00+00:00\" \/>\n<meta property=\"article:modified_time\" content=\"2023-09-07T19:09:37+00:00\" \/>\n<meta property=\"og:image\" content=\"https:\/\/fadeu.urantiacos.cl\/wp-content\/uploads\/2023\/09\/WEB_WhatsApp_Image_2021-08-31_at_14.15.44.jpg\" \/>\n\t<meta property=\"og:image:width\" content=\"350\" \/>\n\t<meta property=\"og:image:height\" content=\"250\" \/>\n\t<meta property=\"og:image:type\" content=\"image\/jpeg\" \/>\n<meta name=\"author\" content=\"manadmin\" \/>\n<meta name=\"twitter:card\" content=\"summary_large_image\" \/>\n<meta name=\"twitter:label1\" content=\"Written by\" \/>\n\t<meta name=\"twitter:data1\" content=\"manadmin\" \/>\n\t<meta name=\"twitter:label2\" content=\"Est. reading time\" \/>\n\t<meta name=\"twitter:data2\" content=\"3 minutes\" \/>\n<script type=\"application\/ld+json\" class=\"yoast-schema-graph\">{\"@context\":\"https:\/\/schema.org\",\"@graph\":[{\"@type\":\"Article\",\"@id\":\"https:\/\/fadeu.urantiacos.cl\/en\/2021\/09\/03\/fadeu-firma-importante-convenio-con-la-fundacion-junto-al-barrio\/#article\",\"isPartOf\":{\"@id\":\"https:\/\/fadeu.urantiacos.cl\/en\/2021\/09\/03\/fadeu-firma-importante-convenio-con-la-fundacion-junto-al-barrio\/\"},\"author\":{\"name\":\"manadmin\",\"@id\":\"https:\/\/fadeu.urantiacos.cl\/en\/#\/schema\/person\/d203e2e84b1c40275eac77b3061a19a2\"},\"headline\":\"FADEU firma importante convenio con la fundaci\u00f3n Junto al Barrio\",\"datePublished\":\"2021-09-03T19:07:00+00:00\",\"dateModified\":\"2023-09-07T19:09:37+00:00\",\"mainEntityOfPage\":{\"@id\":\"https:\/\/fadeu.urantiacos.cl\/en\/2021\/09\/03\/fadeu-firma-importante-convenio-con-la-fundacion-junto-al-barrio\/\"},\"wordCount\":551,\"commentCount\":0,\"image\":{\"@id\":\"https:\/\/fadeu.urantiacos.cl\/en\/2021\/09\/03\/fadeu-firma-importante-convenio-con-la-fundacion-junto-al-barrio\/#primaryimage\"},\"thumbnailUrl\":\"https:\/\/fadeu.urantiacos.cl\/wp-content\/uploads\/2023\/09\/WEB_WhatsApp_Image_2021-08-31_at_14.15.44.jpg\",\"articleSection\":[\"Sin categorizar\"],\"inLanguage\":\"en-US\",\"potentialAction\":[{\"@type\":\"CommentAction\",\"name\":\"Comment\",\"target\":[\"https:\/\/fadeu.urantiacos.cl\/en\/2021\/09\/03\/fadeu-firma-importante-convenio-con-la-fundacion-junto-al-barrio\/#respond\"]}]},{\"@type\":\"WebPage\",\"@id\":\"https:\/\/fadeu.urantiacos.cl\/en\/2021\/09\/03\/fadeu-firma-importante-convenio-con-la-fundacion-junto-al-barrio\/\",\"url\":\"https:\/\/fadeu.urantiacos.cl\/en\/2021\/09\/03\/fadeu-firma-importante-convenio-con-la-fundacion-junto-al-barrio\/\",\"name\":\"FADEU firma importante convenio con la fundaci\u00f3n Junto al Barrio - Facultad de Arquitectura, Dise\u00f1o y Estudios Urbanos\",\"isPartOf\":{\"@id\":\"https:\/\/fadeu.urantiacos.cl\/en\/#website\"},\"primaryImageOfPage\":{\"@id\":\"https:\/\/fadeu.urantiacos.cl\/en\/2021\/09\/03\/fadeu-firma-importante-convenio-con-la-fundacion-junto-al-barrio\/#primaryimage\"},\"image\":{\"@id\":\"https:\/\/fadeu.urantiacos.cl\/en\/2021\/09\/03\/fadeu-firma-importante-convenio-con-la-fundacion-junto-al-barrio\/#primaryimage\"},\"thumbnailUrl\":\"https:\/\/fadeu.urantiacos.cl\/wp-content\/uploads\/2023\/09\/WEB_WhatsApp_Image_2021-08-31_at_14.15.44.jpg\",\"datePublished\":\"2021-09-03T19:07:00+00:00\",\"dateModified\":\"2023-09-07T19:09:37+00:00\",\"author\":{\"@id\":\"https:\/\/fadeu.urantiacos.cl\/en\/#\/schema\/person\/d203e2e84b1c40275eac77b3061a19a2\"},\"description\":\"D\u00edas atr\u00e1s, en dependencias del Decanato de la Facultad de Arquitectura, Dise\u00f1o y Estudios Urbanos se firm\u00f3 un convenio de colaboraci\u00f3n entre la Pontificia Universidad Cat\u00f3lica y la Fundaci\u00f3n Junto al Barrio, ocasi\u00f3n que fue presidida por el decano Mario Ubilla y el director de la fundaci\u00f3n, Nicol\u00e1s Cruz.\",\"breadcrumb\":{\"@id\":\"https:\/\/fadeu.urantiacos.cl\/en\/2021\/09\/03\/fadeu-firma-importante-convenio-con-la-fundacion-junto-al-barrio\/#breadcrumb\"},\"inLanguage\":\"en-US\",\"potentialAction\":[{\"@type\":\"ReadAction\",\"target\":[\"https:\/\/fadeu.urantiacos.cl\/en\/2021\/09\/03\/fadeu-firma-importante-convenio-con-la-fundacion-junto-al-barrio\/\"]}]},{\"@type\":\"ImageObject\",\"inLanguage\":\"en-US\",\"@id\":\"https:\/\/fadeu.urantiacos.cl\/en\/2021\/09\/03\/fadeu-firma-importante-convenio-con-la-fundacion-junto-al-barrio\/#primaryimage\",\"url\":\"https:\/\/fadeu.urantiacos.cl\/wp-content\/uploads\/2023\/09\/WEB_WhatsApp_Image_2021-08-31_at_14.15.44.jpg\",\"contentUrl\":\"https:\/\/fadeu.urantiacos.cl\/wp-content\/uploads\/2023\/09\/WEB_WhatsApp_Image_2021-08-31_at_14.15.44.jpg\",\"width\":350,\"height\":250},{\"@type\":\"BreadcrumbList\",\"@id\":\"https:\/\/fadeu.urantiacos.cl\/en\/2021\/09\/03\/fadeu-firma-importante-convenio-con-la-fundacion-junto-al-barrio\/#breadcrumb\",\"itemListElement\":[{\"@type\":\"ListItem\",\"position\":1,\"name\":\"Portada\",\"item\":\"https:\/\/fadeu.urantiacos.cl\/en\/\"},{\"@type\":\"ListItem\",\"position\":2,\"name\":\"FADEU firma importante convenio con la fundaci\u00f3n Junto al Barrio\"}]},{\"@type\":\"WebSite\",\"@id\":\"https:\/\/fadeu.urantiacos.cl\/en\/#website\",\"url\":\"https:\/\/fadeu.urantiacos.cl\/en\/\",\"name\":\"Facultad de Arquitectura, Dise\u00f1o y Estudios Urbanos\",\"description\":\"Campus Lo Contador\",\"potentialAction\":[{\"@type\":\"SearchAction\",\"target\":{\"@type\":\"EntryPoint\",\"urlTemplate\":\"https:\/\/fadeu.urantiacos.cl\/en\/?s={search_term_string}\"},\"query-input\":{\"@type\":\"PropertyValueSpecification\",\"valueRequired\":true,\"valueName\":\"search_term_string\"}}],\"inLanguage\":\"en-US\"},{\"@type\":\"Person\",\"@id\":\"https:\/\/fadeu.urantiacos.cl\/en\/#\/schema\/person\/d203e2e84b1c40275eac77b3061a19a2\",\"name\":\"manadmin\",\"image\":{\"@type\":\"ImageObject\",\"inLanguage\":\"en-US\",\"@id\":\"https:\/\/fadeu.urantiacos.cl\/en\/#\/schema\/person\/image\/\",\"url\":\"https:\/\/secure.gravatar.com\/avatar\/4b1d8e3303b4a9d8968ac578947d8bc80d9aea359f388cdd4aac15cadc0e8447?s=96&d=mm&r=g\",\"contentUrl\":\"https:\/\/secure.gravatar.com\/avatar\/4b1d8e3303b4a9d8968ac578947d8bc80d9aea359f388cdd4aac15cadc0e8447?s=96&d=mm&r=g\",\"caption\":\"manadmin\"},\"sameAs\":[\"https:\/\/fadeu.urantiacos.cl\"]}]}<\/script>\n<!-- \/ Yoast SEO plugin. -->","yoast_head_json":{"title":"FADEU firma importante convenio con la fundaci\u00f3n Junto al Barrio - Facultad de Arquitectura, Dise\u00f1o y Estudios Urbanos","description":"D\u00edas atr\u00e1s, en dependencias del Decanato de la Facultad de Arquitectura, Dise\u00f1o y Estudios Urbanos se firm\u00f3 un convenio de colaboraci\u00f3n entre la Pontificia Universidad Cat\u00f3lica y la Fundaci\u00f3n Junto al Barrio, ocasi\u00f3n que fue presidida por el decano Mario Ubilla y el director de la fundaci\u00f3n, Nicol\u00e1s Cruz.","robots":{"index":"index","follow":"follow","max-snippet":"max-snippet:-1","max-image-preview":"max-image-preview:large","max-video-preview":"max-video-preview:-1"},"canonical":"https:\/\/fadeu.urantiacos.cl\/en\/2021\/09\/03\/fadeu-firma-importante-convenio-con-la-fundacion-junto-al-barrio\/","og_locale":"en_US","og_type":"article","og_title":"FADEU firma importante convenio con la fundaci\u00f3n Junto al Barrio - Facultad de Arquitectura, Dise\u00f1o y Estudios Urbanos","og_description":"D\u00edas atr\u00e1s, en dependencias del Decanato de la Facultad de Arquitectura, Dise\u00f1o y Estudios Urbanos se firm\u00f3 un convenio de colaboraci\u00f3n entre la Pontificia Universidad Cat\u00f3lica y la Fundaci\u00f3n Junto al Barrio, ocasi\u00f3n que fue presidida por el decano Mario Ubilla y el director de la fundaci\u00f3n, Nicol\u00e1s Cruz.","og_url":"https:\/\/fadeu.urantiacos.cl\/en\/2021\/09\/03\/fadeu-firma-importante-convenio-con-la-fundacion-junto-al-barrio\/","og_site_name":"Facultad de Arquitectura, Dise\u00f1o y Estudios Urbanos","article_published_time":"2021-09-03T19:07:00+00:00","article_modified_time":"2023-09-07T19:09:37+00:00","og_image":[{"width":350,"height":250,"url":"https:\/\/fadeu.urantiacos.cl\/wp-content\/uploads\/2023\/09\/WEB_WhatsApp_Image_2021-08-31_at_14.15.44.jpg","type":"image\/jpeg"}],"author":"manadmin","twitter_card":"summary_large_image","twitter_misc":{"Written by":"manadmin","Est. reading time":"3 minutes"},"schema":{"@context":"https:\/\/schema.org","@graph":[{"@type":"Article","@id":"https:\/\/fadeu.urantiacos.cl\/en\/2021\/09\/03\/fadeu-firma-importante-convenio-con-la-fundacion-junto-al-barrio\/#article","isPartOf":{"@id":"https:\/\/fadeu.urantiacos.cl\/en\/2021\/09\/03\/fadeu-firma-importante-convenio-con-la-fundacion-junto-al-barrio\/"},"author":{"name":"manadmin","@id":"https:\/\/fadeu.urantiacos.cl\/en\/#\/schema\/person\/d203e2e84b1c40275eac77b3061a19a2"},"headline":"FADEU firma importante convenio con la fundaci\u00f3n Junto al Barrio","datePublished":"2021-09-03T19:07:00+00:00","dateModified":"2023-09-07T19:09:37+00:00","mainEntityOfPage":{"@id":"https:\/\/fadeu.urantiacos.cl\/en\/2021\/09\/03\/fadeu-firma-importante-convenio-con-la-fundacion-junto-al-barrio\/"},"wordCount":551,"commentCount":0,"image":{"@id":"https:\/\/fadeu.urantiacos.cl\/en\/2021\/09\/03\/fadeu-firma-importante-convenio-con-la-fundacion-junto-al-barrio\/#primaryimage"},"thumbnailUrl":"https:\/\/fadeu.urantiacos.cl\/wp-content\/uploads\/2023\/09\/WEB_WhatsApp_Image_2021-08-31_at_14.15.44.jpg","articleSection":["Sin categorizar"],"inLanguage":"en-US","potentialAction":[{"@type":"CommentAction","name":"Comment","target":["https:\/\/fadeu.urantiacos.cl\/en\/2021\/09\/03\/fadeu-firma-importante-convenio-con-la-fundacion-junto-al-barrio\/#respond"]}]},{"@type":"WebPage","@id":"https:\/\/fadeu.urantiacos.cl\/en\/2021\/09\/03\/fadeu-firma-importante-convenio-con-la-fundacion-junto-al-barrio\/","url":"https:\/\/fadeu.urantiacos.cl\/en\/2021\/09\/03\/fadeu-firma-importante-convenio-con-la-fundacion-junto-al-barrio\/","name":"FADEU firma importante convenio con la fundaci\u00f3n Junto al Barrio - Facultad de Arquitectura, Dise\u00f1o y Estudios Urbanos","isPartOf":{"@id":"https:\/\/fadeu.urantiacos.cl\/en\/#website"},"primaryImageOfPage":{"@id":"https:\/\/fadeu.urantiacos.cl\/en\/2021\/09\/03\/fadeu-firma-importante-convenio-con-la-fundacion-junto-al-barrio\/#primaryimage"},"image":{"@id":"https:\/\/fadeu.urantiacos.cl\/en\/2021\/09\/03\/fadeu-firma-importante-convenio-con-la-fundacion-junto-al-barrio\/#primaryimage"},"thumbnailUrl":"https:\/\/fadeu.urantiacos.cl\/wp-content\/uploads\/2023\/09\/WEB_WhatsApp_Image_2021-08-31_at_14.15.44.jpg","datePublished":"2021-09-03T19:07:00+00:00","dateModified":"2023-09-07T19:09:37+00:00","author":{"@id":"https:\/\/fadeu.urantiacos.cl\/en\/#\/schema\/person\/d203e2e84b1c40275eac77b3061a19a2"},"description":"D\u00edas atr\u00e1s, en dependencias del Decanato de la Facultad de Arquitectura, Dise\u00f1o y Estudios Urbanos se firm\u00f3 un convenio de colaboraci\u00f3n entre la Pontificia Universidad Cat\u00f3lica y la Fundaci\u00f3n Junto al Barrio, ocasi\u00f3n que fue presidida por el decano Mario Ubilla y el director de la fundaci\u00f3n, Nicol\u00e1s Cruz.","breadcrumb":{"@id":"https:\/\/fadeu.urantiacos.cl\/en\/2021\/09\/03\/fadeu-firma-importante-convenio-con-la-fundacion-junto-al-barrio\/#breadcrumb"},"inLanguage":"en-US","potentialAction":[{"@type":"ReadAction","target":["https:\/\/fadeu.urantiacos.cl\/en\/2021\/09\/03\/fadeu-firma-importante-convenio-con-la-fundacion-junto-al-barrio\/"]}]},{"@type":"ImageObject","inLanguage":"en-US","@id":"https:\/\/fadeu.urantiacos.cl\/en\/2021\/09\/03\/fadeu-firma-importante-convenio-con-la-fundacion-junto-al-barrio\/#primaryimage","url":"https:\/\/fadeu.urantiacos.cl\/wp-content\/uploads\/2023\/09\/WEB_WhatsApp_Image_2021-08-31_at_14.15.44.jpg","contentUrl":"https:\/\/fadeu.urantiacos.cl\/wp-content\/uploads\/2023\/09\/WEB_WhatsApp_Image_2021-08-31_at_14.15.44.jpg","width":350,"height":250},{"@type":"BreadcrumbList","@id":"https:\/\/fadeu.urantiacos.cl\/en\/2021\/09\/03\/fadeu-firma-importante-convenio-con-la-fundacion-junto-al-barrio\/#breadcrumb","itemListElement":[{"@type":"ListItem","position":1,"name":"Portada","item":"https:\/\/fadeu.urantiacos.cl\/en\/"},{"@type":"ListItem","position":2,"name":"FADEU firma importante convenio con la fundaci\u00f3n Junto al Barrio"}]},{"@type":"WebSite","@id":"https:\/\/fadeu.urantiacos.cl\/en\/#website","url":"https:\/\/fadeu.urantiacos.cl\/en\/","name":"Facultad de Arquitectura, Dise\u00f1o y Estudios Urbanos","description":"Campus Lo Contador","potentialAction":[{"@type":"SearchAction","target":{"@type":"EntryPoint","urlTemplate":"https:\/\/fadeu.urantiacos.cl\/en\/?s={search_term_string}"},"query-input":{"@type":"PropertyValueSpecification","valueRequired":true,"valueName":"search_term_string"}}],"inLanguage":"en-US"},{"@type":"Person","@id":"https:\/\/fadeu.urantiacos.cl\/en\/#\/schema\/person\/d203e2e84b1c40275eac77b3061a19a2","name":"manadmin","image":{"@type":"ImageObject","inLanguage":"en-US","@id":"https:\/\/fadeu.urantiacos.cl\/en\/#\/schema\/person\/image\/","url":"https:\/\/secure.gravatar.com\/avatar\/4b1d8e3303b4a9d8968ac578947d8bc80d9aea359f388cdd4aac15cadc0e8447?s=96&d=mm&r=g","contentUrl":"https:\/\/secure.gravatar.com\/avatar\/4b1d8e3303b4a9d8968ac578947d8bc80d9aea359f388cdd4aac15cadc0e8447?s=96&d=mm&r=g","caption":"manadmin"},"sameAs":["https:\/\/fadeu.urantiacos.cl"]}]}},"_links":{"self":[{"href":"https:\/\/fadeu.urantiacos.cl\/en\/wp-json\/wp\/v2\/posts\/6398","targetHints":{"allow":["GET"]}}],"collection":[{"href":"https:\/\/fadeu.urantiacos.cl\/en\/wp-json\/wp\/v2\/posts"}],"about":[{"href":"https:\/\/fadeu.urantiacos.cl\/en\/wp-json\/wp\/v2\/types\/post"}],"author":[{"embeddable":true,"href":"https:\/\/fadeu.urantiacos.cl\/en\/wp-json\/wp\/v2\/users\/1"}],"replies":[{"embeddable":true,"href":"https:\/\/fadeu.urantiacos.cl\/en\/wp-json\/wp\/v2\/comments?post=6398"}],"version-history":[{"count":1,"href":"https:\/\/fadeu.urantiacos.cl\/en\/wp-json\/wp\/v2\/posts\/6398\/revisions"}],"predecessor-version":[{"id":6401,"href":"https:\/\/fadeu.urantiacos.cl\/en\/wp-json\/wp\/v2\/posts\/6398\/revisions\/6401"}],"wp:featuredmedia":[{"embeddable":true,"href":"https:\/\/fadeu.urantiacos.cl\/en\/wp-json\/wp\/v2\/media\/6399"}],"wp:attachment":[{"href":"https:\/\/fadeu.urantiacos.cl\/en\/wp-json\/wp\/v2\/media?parent=6398"}],"wp:term":[{"taxonomy":"category","embeddable":true,"href":"https:\/\/fadeu.urantiacos.cl\/en\/wp-json\/wp\/v2\/categories?post=6398"},{"taxonomy":"post_tag","embeddable":true,"href":"https:\/\/fadeu.urantiacos.cl\/en\/wp-json\/wp\/v2\/tags?post=6398"}],"curies":[{"name":"wp","href":"https:\/\/api.w.org\/{rel}","templated":true}]}}