{"id":6395,"date":"2021-09-03T16:05:00","date_gmt":"2021-09-03T19:05:00","guid":{"rendered":"https:\/\/fadeu.urantiacos.cl\/?p=6395"},"modified":"2023-09-07T16:07:08","modified_gmt":"2023-09-07T19:07:08","slug":"nuevas-jefaturas-doctorado-en-arquitectura-y-estudios-urbanos","status":"publish","type":"post","link":"https:\/\/fadeu.urantiacos.cl\/en\/2021\/09\/03\/nuevas-jefaturas-doctorado-en-arquitectura-y-estudios-urbanos\/","title":{"rendered":"Nuevas Jefaturas Doctorado en Arquitectura y Estudios Urbanos"},"content":{"rendered":"\n<figure class=\"wp-block-image size-full\"><img decoding=\"async\" width=\"350\" height=\"250\" src=\"https:\/\/fadeu.urantiacos.cl\/wp-content\/uploads\/2023\/09\/CASA_DOCTORADOFADEU_UC.jpg\" alt=\"\" class=\"wp-image-6396\" srcset=\"https:\/\/fadeu.urantiacos.cl\/wp-content\/uploads\/2023\/09\/CASA_DOCTORADOFADEU_UC.jpg 350w, https:\/\/fadeu.urantiacos.cl\/wp-content\/uploads\/2023\/09\/CASA_DOCTORADOFADEU_UC-300x214.jpg 300w\" sizes=\"(max-width: 350px) 100vw, 350px\" \/><\/figure>\n\n\n\n<p>(C) Philippe Blanc<\/p>\n\n\n\n<p>trav\u00e9s de la presente nos es grato informar a nuestra comunidad acad\u00e9mica, que el Doctorado en Arquitectura y Estudios Urbanos tiene un nuevo Jefe de programa; el docente Pedro Alonso que hasta ahora se desempe\u00f1aba como Subdirector Investigaci\u00f3n y Desarrollo de la escuela de Arquitectura. Tambi\u00e9n queremos informar la creaci\u00f3n de una nueva Jefatura de gesti\u00f3n acad\u00e9mica que asumir\u00e1 Arturo Orellana, docente del Instituto de Estudios Urbanos.<br><br>Con ello se da por finalizada la administraci\u00f3n realizada durante casi seis a\u00f1os, por el docente Jos\u00e9 Rosas, a quien queremos agradecer profundamente su trabajo y dedicaci\u00f3n al programa. Cabe destacar que durante su gesti\u00f3n, se llevaron a cabo dos procesos de acreditaci\u00f3n, adem\u00e1s de importantes avances en la inclusi\u00f3n de la Escuela de Dise\u00f1o, en la profundizaci\u00f3n de una visi\u00f3n interdisciplinar y la internacionalizaci\u00f3n, adem\u00e1s de los avances en la titulaci\u00f3n de sus m\u00e1s 83 graduados. Y a pesar de la contingencia ha mantenido altos est\u00e1ndares de admisi\u00f3n, donde de manera semestral se aceptan diez estudiantes. Por ello, queremos reconocer los enormes progresos del Doctorado en materias de gesti\u00f3n acad\u00e9mica, que con esfuerzo lider\u00f3 Jos\u00e9 Rosas.<br><br>Por otro lado, la decisi\u00f3n se ha tomado despu\u00e9s de un largo trabajo realizado por la Direcci\u00f3n de Investigaci\u00f3n y Postgrado (DIRIP) de la Facultad, dirigida por Magdalena Vicu\u00f1a, con la estrecha participaci\u00f3n de Diego Cosmelli, director de la Escuela de Graduados de la Vicerrector\u00eda de Investigaci\u00f3n de nuestra Universidad, y de los directores; Luis Eduardo Bresciani de la Escuela de Arquitectura y Luis Fuentes del Instituto de Estudios Urbanos, adem\u00e1s de\u00a0Rodrigo Ram\u00edrez de la Escuela de Dise\u00f1o<br><br>Por \u00faltimo, queremos darles la bienvenida a Pedro Alonso; quien es Ph.D en arquitectura por la Architectural Association, Mag\u00edster en Arquitectura y Arquitecto de nuestra casa de estudios (<a rel=\"noreferrer noopener\" href=\"https:\/\/cloud.correomasivo.uc.cl\/Prod\/link-tracker?redirectUrl=aHR0cCUzQSUyRiUyRmFycXVpdGVjdHVyYS51Yy5jbCUyRmVzY3VlbGElMkZwcm9mZXNvcmVzJTJGOTQxLWFsb25zby1wZWRyby5odG1s&amp;sig=512f49YVRWSQCP9bMMH9zTcnPrUbLcgRMXfSATs63sbq&amp;iat=1630676027&amp;a=223913283&amp;account=uc122%2Eactivehosted%2Ecom&amp;email=2axXe30SPAcYXZubEFwTOWrKHpdtv%2FHZS5sBPh5vVQI%3D&amp;s=127c0b1e13af680b8d1aabfa1b9180dc&amp;i=9821A19055A555A76109\" target=\"_blank\">http:\/\/arquitectura.uc.cl\/escuela\/profesores\/941-alonso-pedro.html<\/a>), y al profesor Arturo Orellana; quien es Doctor en Geograf\u00eda Humana, Universidad de Barcelona, Mag\u00edster en Desarrollo Urbano, Universidad Cat\u00f3lica de Chile e Ingeniero Comercial y Licenciado en Econom\u00eda, de la Universidad de Chile (<a rel=\"noreferrer noopener\" href=\"https:\/\/cloud.correomasivo.uc.cl\/Prod\/link-tracker?redirectUrl=aHR0cHMlM0ElMkYlMkZlc3R1ZGlvc3VyYmFub3MudWMuY2wlMkZhY2FkZW1pY29zJTJGYXJ0dXJvLW9yZWxsYW5hLW9zc2FuZG9uJTJG&amp;sig=8Ep2S9KEcKS8815zp8zDYJSLLagWetr2GHEbL4V9stE5&amp;iat=1630676027&amp;a=223913283&amp;account=uc122%2Eactivehosted%2Ecom&amp;email=2axXe30SPAcYXZubEFwTOWrKHpdtv%2FHZS5sBPh5vVQI%3D&amp;s=127c0b1e13af680b8d1aabfa1b9180dc&amp;i=9821A19055A555A76110\" target=\"_blank\">https:\/\/estudiosurbanos.uc.cl\/academicos\/arturo-orellana-ossandon\/<\/a>). Ambos trabajar\u00e1n de manera conjunta y bajo la coordinaci\u00f3n de la Direcci\u00f3n de Investigaci\u00f3n y Postgrado (DIRIP) de la Facultad.<br><br>Tanto a Pedro como a Arturo, les agradecemos haber aceptado el desaf\u00edo de guiar el programa, y les deseamos el mayor de los \u00e9xitos en esta nueva etapa que comenzamos.<\/p>\n\n\n\n<p>Saludos cordiales,<\/p>\n\n\n\n<p>Mario Ubilla Sanz<br>Decano<\/p>\n\n\n\n<p>Magdalena Vicu\u00f1a Del R\u00edo<br>Directora de Investigaci\u00f3n y Postgrado<\/p>\n","protected":false},"excerpt":{"rendered":"<p>Estimada Comunidad FADEU:<\/p>\n","protected":false},"author":1,"featured_media":6396,"comment_status":"open","ping_status":"open","sticky":false,"template":"","format":"standard","meta":{"_acf_changed":false,"footnotes":""},"categories":[1],"tags":[],"class_list":["post-6395","post","type-post","status-publish","format-standard","has-post-thumbnail","hentry","category-sin-categorizar"],"acf":[],"yoast_head":"<!-- This site is optimized with the Yoast SEO plugin v27.1.1 - https:\/\/yoast.com\/product\/yoast-seo-wordpress\/ -->\n<title>Nuevas Jefaturas Doctorado en Arquitectura y Estudios Urbanos - Facultad de Arquitectura, Dise\u00f1o y Estudios Urbanos<\/title>\n<meta name=\"description\" content=\"Estimada Comunidad FADEU:\" \/>\n<meta name=\"robots\" content=\"index, follow, max-snippet:-1, max-image-preview:large, max-video-preview:-1\" \/>\n<link rel=\"canonical\" href=\"https:\/\/fadeu.urantiacos.cl\/en\/2021\/09\/03\/nuevas-jefaturas-doctorado-en-arquitectura-y-estudios-urbanos\/\" \/>\n<meta property=\"og:locale\" content=\"en_US\" \/>\n<meta property=\"og:type\" content=\"article\" \/>\n<meta property=\"og:title\" content=\"Nuevas Jefaturas Doctorado en Arquitectura y Estudios Urbanos - Facultad de Arquitectura, Dise\u00f1o y Estudios Urbanos\" \/>\n<meta property=\"og:description\" content=\"Estimada Comunidad FADEU:\" \/>\n<meta property=\"og:url\" content=\"https:\/\/fadeu.urantiacos.cl\/en\/2021\/09\/03\/nuevas-jefaturas-doctorado-en-arquitectura-y-estudios-urbanos\/\" \/>\n<meta property=\"og:site_name\" content=\"Facultad de Arquitectura, Dise\u00f1o y Estudios Urbanos\" \/>\n<meta property=\"article:published_time\" content=\"2021-09-03T19:05:00+00:00\" \/>\n<meta property=\"article:modified_time\" content=\"2023-09-07T19:07:08+00:00\" \/>\n<meta property=\"og:image\" content=\"https:\/\/fadeu.urantiacos.cl\/wp-content\/uploads\/2023\/09\/CASA_DOCTORADOFADEU_UC.jpg\" \/>\n\t<meta property=\"og:image:width\" content=\"350\" \/>\n\t<meta property=\"og:image:height\" content=\"250\" \/>\n\t<meta property=\"og:image:type\" content=\"image\/jpeg\" \/>\n<meta name=\"author\" content=\"manadmin\" \/>\n<meta name=\"twitter:card\" content=\"summary_large_image\" \/>\n<meta name=\"twitter:label1\" content=\"Written by\" \/>\n\t<meta name=\"twitter:data1\" content=\"manadmin\" \/>\n\t<meta name=\"twitter:label2\" content=\"Est. reading time\" \/>\n\t<meta name=\"twitter:data2\" content=\"2 minutes\" \/>\n<script type=\"application\/ld+json\" class=\"yoast-schema-graph\">{\"@context\":\"https:\/\/schema.org\",\"@graph\":[{\"@type\":\"Article\",\"@id\":\"https:\/\/fadeu.urantiacos.cl\/en\/2021\/09\/03\/nuevas-jefaturas-doctorado-en-arquitectura-y-estudios-urbanos\/#article\",\"isPartOf\":{\"@id\":\"https:\/\/fadeu.urantiacos.cl\/en\/2021\/09\/03\/nuevas-jefaturas-doctorado-en-arquitectura-y-estudios-urbanos\/\"},\"author\":{\"name\":\"manadmin\",\"@id\":\"https:\/\/fadeu.urantiacos.cl\/en\/#\/schema\/person\/d203e2e84b1c40275eac77b3061a19a2\"},\"headline\":\"Nuevas Jefaturas Doctorado en Arquitectura y Estudios Urbanos\",\"datePublished\":\"2021-09-03T19:05:00+00:00\",\"dateModified\":\"2023-09-07T19:07:08+00:00\",\"mainEntityOfPage\":{\"@id\":\"https:\/\/fadeu.urantiacos.cl\/en\/2021\/09\/03\/nuevas-jefaturas-doctorado-en-arquitectura-y-estudios-urbanos\/\"},\"wordCount\":463,\"commentCount\":0,\"image\":{\"@id\":\"https:\/\/fadeu.urantiacos.cl\/en\/2021\/09\/03\/nuevas-jefaturas-doctorado-en-arquitectura-y-estudios-urbanos\/#primaryimage\"},\"thumbnailUrl\":\"https:\/\/fadeu.urantiacos.cl\/wp-content\/uploads\/2023\/09\/CASA_DOCTORADOFADEU_UC.jpg\",\"articleSection\":[\"Sin categorizar\"],\"inLanguage\":\"en-US\",\"potentialAction\":[{\"@type\":\"CommentAction\",\"name\":\"Comment\",\"target\":[\"https:\/\/fadeu.urantiacos.cl\/en\/2021\/09\/03\/nuevas-jefaturas-doctorado-en-arquitectura-y-estudios-urbanos\/#respond\"]}]},{\"@type\":\"WebPage\",\"@id\":\"https:\/\/fadeu.urantiacos.cl\/en\/2021\/09\/03\/nuevas-jefaturas-doctorado-en-arquitectura-y-estudios-urbanos\/\",\"url\":\"https:\/\/fadeu.urantiacos.cl\/en\/2021\/09\/03\/nuevas-jefaturas-doctorado-en-arquitectura-y-estudios-urbanos\/\",\"name\":\"Nuevas Jefaturas Doctorado en Arquitectura y Estudios Urbanos - Facultad de Arquitectura, Dise\u00f1o y Estudios Urbanos\",\"isPartOf\":{\"@id\":\"https:\/\/fadeu.urantiacos.cl\/en\/#website\"},\"primaryImageOfPage\":{\"@id\":\"https:\/\/fadeu.urantiacos.cl\/en\/2021\/09\/03\/nuevas-jefaturas-doctorado-en-arquitectura-y-estudios-urbanos\/#primaryimage\"},\"image\":{\"@id\":\"https:\/\/fadeu.urantiacos.cl\/en\/2021\/09\/03\/nuevas-jefaturas-doctorado-en-arquitectura-y-estudios-urbanos\/#primaryimage\"},\"thumbnailUrl\":\"https:\/\/fadeu.urantiacos.cl\/wp-content\/uploads\/2023\/09\/CASA_DOCTORADOFADEU_UC.jpg\",\"datePublished\":\"2021-09-03T19:05:00+00:00\",\"dateModified\":\"2023-09-07T19:07:08+00:00\",\"author\":{\"@id\":\"https:\/\/fadeu.urantiacos.cl\/en\/#\/schema\/person\/d203e2e84b1c40275eac77b3061a19a2\"},\"description\":\"Estimada Comunidad FADEU:\",\"breadcrumb\":{\"@id\":\"https:\/\/fadeu.urantiacos.cl\/en\/2021\/09\/03\/nuevas-jefaturas-doctorado-en-arquitectura-y-estudios-urbanos\/#breadcrumb\"},\"inLanguage\":\"en-US\",\"potentialAction\":[{\"@type\":\"ReadAction\",\"target\":[\"https:\/\/fadeu.urantiacos.cl\/en\/2021\/09\/03\/nuevas-jefaturas-doctorado-en-arquitectura-y-estudios-urbanos\/\"]}]},{\"@type\":\"ImageObject\",\"inLanguage\":\"en-US\",\"@id\":\"https:\/\/fadeu.urantiacos.cl\/en\/2021\/09\/03\/nuevas-jefaturas-doctorado-en-arquitectura-y-estudios-urbanos\/#primaryimage\",\"url\":\"https:\/\/fadeu.urantiacos.cl\/wp-content\/uploads\/2023\/09\/CASA_DOCTORADOFADEU_UC.jpg\",\"contentUrl\":\"https:\/\/fadeu.urantiacos.cl\/wp-content\/uploads\/2023\/09\/CASA_DOCTORADOFADEU_UC.jpg\",\"width\":350,\"height\":250},{\"@type\":\"BreadcrumbList\",\"@id\":\"https:\/\/fadeu.urantiacos.cl\/en\/2021\/09\/03\/nuevas-jefaturas-doctorado-en-arquitectura-y-estudios-urbanos\/#breadcrumb\",\"itemListElement\":[{\"@type\":\"ListItem\",\"position\":1,\"name\":\"Portada\",\"item\":\"https:\/\/fadeu.urantiacos.cl\/en\/\"},{\"@type\":\"ListItem\",\"position\":2,\"name\":\"Nuevas Jefaturas Doctorado en Arquitectura y Estudios Urbanos\"}]},{\"@type\":\"WebSite\",\"@id\":\"https:\/\/fadeu.urantiacos.cl\/en\/#website\",\"url\":\"https:\/\/fadeu.urantiacos.cl\/en\/\",\"name\":\"Facultad de Arquitectura, Dise\u00f1o y Estudios Urbanos\",\"description\":\"Campus Lo Contador\",\"potentialAction\":[{\"@type\":\"SearchAction\",\"target\":{\"@type\":\"EntryPoint\",\"urlTemplate\":\"https:\/\/fadeu.urantiacos.cl\/en\/?s={search_term_string}\"},\"query-input\":{\"@type\":\"PropertyValueSpecification\",\"valueRequired\":true,\"valueName\":\"search_term_string\"}}],\"inLanguage\":\"en-US\"},{\"@type\":\"Person\",\"@id\":\"https:\/\/fadeu.urantiacos.cl\/en\/#\/schema\/person\/d203e2e84b1c40275eac77b3061a19a2\",\"name\":\"manadmin\",\"image\":{\"@type\":\"ImageObject\",\"inLanguage\":\"en-US\",\"@id\":\"https:\/\/fadeu.urantiacos.cl\/en\/#\/schema\/person\/image\/\",\"url\":\"https:\/\/secure.gravatar.com\/avatar\/4b1d8e3303b4a9d8968ac578947d8bc80d9aea359f388cdd4aac15cadc0e8447?s=96&d=mm&r=g\",\"contentUrl\":\"https:\/\/secure.gravatar.com\/avatar\/4b1d8e3303b4a9d8968ac578947d8bc80d9aea359f388cdd4aac15cadc0e8447?s=96&d=mm&r=g\",\"caption\":\"manadmin\"},\"sameAs\":[\"https:\/\/fadeu.urantiacos.cl\"]}]}<\/script>\n<!-- \/ Yoast SEO plugin. -->","yoast_head_json":{"title":"Nuevas Jefaturas Doctorado en Arquitectura y Estudios Urbanos - Facultad de Arquitectura, Dise\u00f1o y Estudios Urbanos","description":"Estimada Comunidad FADEU:","robots":{"index":"index","follow":"follow","max-snippet":"max-snippet:-1","max-image-preview":"max-image-preview:large","max-video-preview":"max-video-preview:-1"},"canonical":"https:\/\/fadeu.urantiacos.cl\/en\/2021\/09\/03\/nuevas-jefaturas-doctorado-en-arquitectura-y-estudios-urbanos\/","og_locale":"en_US","og_type":"article","og_title":"Nuevas Jefaturas Doctorado en Arquitectura y Estudios Urbanos - Facultad de Arquitectura, Dise\u00f1o y Estudios Urbanos","og_description":"Estimada Comunidad FADEU:","og_url":"https:\/\/fadeu.urantiacos.cl\/en\/2021\/09\/03\/nuevas-jefaturas-doctorado-en-arquitectura-y-estudios-urbanos\/","og_site_name":"Facultad de Arquitectura, Dise\u00f1o y Estudios Urbanos","article_published_time":"2021-09-03T19:05:00+00:00","article_modified_time":"2023-09-07T19:07:08+00:00","og_image":[{"width":350,"height":250,"url":"https:\/\/fadeu.urantiacos.cl\/wp-content\/uploads\/2023\/09\/CASA_DOCTORADOFADEU_UC.jpg","type":"image\/jpeg"}],"author":"manadmin","twitter_card":"summary_large_image","twitter_misc":{"Written by":"manadmin","Est. reading time":"2 minutes"},"schema":{"@context":"https:\/\/schema.org","@graph":[{"@type":"Article","@id":"https:\/\/fadeu.urantiacos.cl\/en\/2021\/09\/03\/nuevas-jefaturas-doctorado-en-arquitectura-y-estudios-urbanos\/#article","isPartOf":{"@id":"https:\/\/fadeu.urantiacos.cl\/en\/2021\/09\/03\/nuevas-jefaturas-doctorado-en-arquitectura-y-estudios-urbanos\/"},"author":{"name":"manadmin","@id":"https:\/\/fadeu.urantiacos.cl\/en\/#\/schema\/person\/d203e2e84b1c40275eac77b3061a19a2"},"headline":"Nuevas Jefaturas Doctorado en Arquitectura y Estudios Urbanos","datePublished":"2021-09-03T19:05:00+00:00","dateModified":"2023-09-07T19:07:08+00:00","mainEntityOfPage":{"@id":"https:\/\/fadeu.urantiacos.cl\/en\/2021\/09\/03\/nuevas-jefaturas-doctorado-en-arquitectura-y-estudios-urbanos\/"},"wordCount":463,"commentCount":0,"image":{"@id":"https:\/\/fadeu.urantiacos.cl\/en\/2021\/09\/03\/nuevas-jefaturas-doctorado-en-arquitectura-y-estudios-urbanos\/#primaryimage"},"thumbnailUrl":"https:\/\/fadeu.urantiacos.cl\/wp-content\/uploads\/2023\/09\/CASA_DOCTORADOFADEU_UC.jpg","articleSection":["Sin categorizar"],"inLanguage":"en-US","potentialAction":[{"@type":"CommentAction","name":"Comment","target":["https:\/\/fadeu.urantiacos.cl\/en\/2021\/09\/03\/nuevas-jefaturas-doctorado-en-arquitectura-y-estudios-urbanos\/#respond"]}]},{"@type":"WebPage","@id":"https:\/\/fadeu.urantiacos.cl\/en\/2021\/09\/03\/nuevas-jefaturas-doctorado-en-arquitectura-y-estudios-urbanos\/","url":"https:\/\/fadeu.urantiacos.cl\/en\/2021\/09\/03\/nuevas-jefaturas-doctorado-en-arquitectura-y-estudios-urbanos\/","name":"Nuevas Jefaturas Doctorado en Arquitectura y Estudios Urbanos - Facultad de Arquitectura, Dise\u00f1o y Estudios Urbanos","isPartOf":{"@id":"https:\/\/fadeu.urantiacos.cl\/en\/#website"},"primaryImageOfPage":{"@id":"https:\/\/fadeu.urantiacos.cl\/en\/2021\/09\/03\/nuevas-jefaturas-doctorado-en-arquitectura-y-estudios-urbanos\/#primaryimage"},"image":{"@id":"https:\/\/fadeu.urantiacos.cl\/en\/2021\/09\/03\/nuevas-jefaturas-doctorado-en-arquitectura-y-estudios-urbanos\/#primaryimage"},"thumbnailUrl":"https:\/\/fadeu.urantiacos.cl\/wp-content\/uploads\/2023\/09\/CASA_DOCTORADOFADEU_UC.jpg","datePublished":"2021-09-03T19:05:00+00:00","dateModified":"2023-09-07T19:07:08+00:00","author":{"@id":"https:\/\/fadeu.urantiacos.cl\/en\/#\/schema\/person\/d203e2e84b1c40275eac77b3061a19a2"},"description":"Estimada Comunidad FADEU:","breadcrumb":{"@id":"https:\/\/fadeu.urantiacos.cl\/en\/2021\/09\/03\/nuevas-jefaturas-doctorado-en-arquitectura-y-estudios-urbanos\/#breadcrumb"},"inLanguage":"en-US","potentialAction":[{"@type":"ReadAction","target":["https:\/\/fadeu.urantiacos.cl\/en\/2021\/09\/03\/nuevas-jefaturas-doctorado-en-arquitectura-y-estudios-urbanos\/"]}]},{"@type":"ImageObject","inLanguage":"en-US","@id":"https:\/\/fadeu.urantiacos.cl\/en\/2021\/09\/03\/nuevas-jefaturas-doctorado-en-arquitectura-y-estudios-urbanos\/#primaryimage","url":"https:\/\/fadeu.urantiacos.cl\/wp-content\/uploads\/2023\/09\/CASA_DOCTORADOFADEU_UC.jpg","contentUrl":"https:\/\/fadeu.urantiacos.cl\/wp-content\/uploads\/2023\/09\/CASA_DOCTORADOFADEU_UC.jpg","width":350,"height":250},{"@type":"BreadcrumbList","@id":"https:\/\/fadeu.urantiacos.cl\/en\/2021\/09\/03\/nuevas-jefaturas-doctorado-en-arquitectura-y-estudios-urbanos\/#breadcrumb","itemListElement":[{"@type":"ListItem","position":1,"name":"Portada","item":"https:\/\/fadeu.urantiacos.cl\/en\/"},{"@type":"ListItem","position":2,"name":"Nuevas Jefaturas Doctorado en Arquitectura y Estudios Urbanos"}]},{"@type":"WebSite","@id":"https:\/\/fadeu.urantiacos.cl\/en\/#website","url":"https:\/\/fadeu.urantiacos.cl\/en\/","name":"Facultad de Arquitectura, Dise\u00f1o y Estudios Urbanos","description":"Campus Lo Contador","potentialAction":[{"@type":"SearchAction","target":{"@type":"EntryPoint","urlTemplate":"https:\/\/fadeu.urantiacos.cl\/en\/?s={search_term_string}"},"query-input":{"@type":"PropertyValueSpecification","valueRequired":true,"valueName":"search_term_string"}}],"inLanguage":"en-US"},{"@type":"Person","@id":"https:\/\/fadeu.urantiacos.cl\/en\/#\/schema\/person\/d203e2e84b1c40275eac77b3061a19a2","name":"manadmin","image":{"@type":"ImageObject","inLanguage":"en-US","@id":"https:\/\/fadeu.urantiacos.cl\/en\/#\/schema\/person\/image\/","url":"https:\/\/secure.gravatar.com\/avatar\/4b1d8e3303b4a9d8968ac578947d8bc80d9aea359f388cdd4aac15cadc0e8447?s=96&d=mm&r=g","contentUrl":"https:\/\/secure.gravatar.com\/avatar\/4b1d8e3303b4a9d8968ac578947d8bc80d9aea359f388cdd4aac15cadc0e8447?s=96&d=mm&r=g","caption":"manadmin"},"sameAs":["https:\/\/fadeu.urantiacos.cl"]}]}},"_links":{"self":[{"href":"https:\/\/fadeu.urantiacos.cl\/en\/wp-json\/wp\/v2\/posts\/6395","targetHints":{"allow":["GET"]}}],"collection":[{"href":"https:\/\/fadeu.urantiacos.cl\/en\/wp-json\/wp\/v2\/posts"}],"about":[{"href":"https:\/\/fadeu.urantiacos.cl\/en\/wp-json\/wp\/v2\/types\/post"}],"author":[{"embeddable":true,"href":"https:\/\/fadeu.urantiacos.cl\/en\/wp-json\/wp\/v2\/users\/1"}],"replies":[{"embeddable":true,"href":"https:\/\/fadeu.urantiacos.cl\/en\/wp-json\/wp\/v2\/comments?post=6395"}],"version-history":[{"count":1,"href":"https:\/\/fadeu.urantiacos.cl\/en\/wp-json\/wp\/v2\/posts\/6395\/revisions"}],"predecessor-version":[{"id":6397,"href":"https:\/\/fadeu.urantiacos.cl\/en\/wp-json\/wp\/v2\/posts\/6395\/revisions\/6397"}],"wp:featuredmedia":[{"embeddable":true,"href":"https:\/\/fadeu.urantiacos.cl\/en\/wp-json\/wp\/v2\/media\/6396"}],"wp:attachment":[{"href":"https:\/\/fadeu.urantiacos.cl\/en\/wp-json\/wp\/v2\/media?parent=6395"}],"wp:term":[{"taxonomy":"category","embeddable":true,"href":"https:\/\/fadeu.urantiacos.cl\/en\/wp-json\/wp\/v2\/categories?post=6395"},{"taxonomy":"post_tag","embeddable":true,"href":"https:\/\/fadeu.urantiacos.cl\/en\/wp-json\/wp\/v2\/tags?post=6395"}],"curies":[{"name":"wp","href":"https:\/\/api.w.org\/{rel}","templated":true}]}}