{"id":6378,"date":"2021-09-10T15:56:00","date_gmt":"2021-09-10T18:56:00","guid":{"rendered":"https:\/\/fadeu.urantiacos.cl\/?p=6378"},"modified":"2023-09-07T15:58:24","modified_gmt":"2023-09-07T18:58:24","slug":"profesores-alonso-y-orellana-asumen-la-conduccion-del-doctorado-en-arquitectura-y-estudios-urbanos","status":"publish","type":"post","link":"https:\/\/fadeu.urantiacos.cl\/en\/2021\/09\/10\/profesores-alonso-y-orellana-asumen-la-conduccion-del-doctorado-en-arquitectura-y-estudios-urbanos\/","title":{"rendered":"Profesores Alonso y Orellana asumen la conducci\u00f3n del Doctorado en Arquitectura y Estudios Urbanos"},"content":{"rendered":"\n<figure class=\"wp-block-image size-full\"><img decoding=\"async\" width=\"350\" height=\"250\" src=\"https:\/\/fadeu.urantiacos.cl\/wp-content\/uploads\/2023\/09\/PEDRO_ALONSO_ARTURO_ORELLANA.png\" alt=\"\" class=\"wp-image-6379\" srcset=\"https:\/\/fadeu.urantiacos.cl\/wp-content\/uploads\/2023\/09\/PEDRO_ALONSO_ARTURO_ORELLANA.png 350w, https:\/\/fadeu.urantiacos.cl\/wp-content\/uploads\/2023\/09\/PEDRO_ALONSO_ARTURO_ORELLANA-300x214.png 300w\" sizes=\"(max-width: 350px) 100vw, 350px\" \/><\/figure>\n\n\n\n<p>Con ello, se da por finalizada la administraci\u00f3n realizada por el profesor de la escuela de Arquitectura y del Instituto de Estudios Urbanos y Territoriales, Jos\u00e9 Rosas, quien recibi\u00f3 elogios y profundo reconocimiento por parte del decano Mario Ubilla por la gesti\u00f3n realizada, que incluy\u00f3 dos procesos de acreditaci\u00f3n y la pr\u00f3xima incorporaci\u00f3n de la escuela de Dise\u00f1o en el programa, adem\u00e1s de profundizar la visi\u00f3n interdisciplinar y robustecer la internacionalizaci\u00f3n.<\/p>\n\n\n\n<p>La decisi\u00f3n es resultado de un largo proceso conducido por el Decano Mario Ubilla, con apoyo de la Direcci\u00f3n de Investigaci\u00f3n y Postgrado, que dirige la profesora Magdalena Vicu\u00f1a, y el director de la Escuela de Graduados de la Vicerrector\u00eda de Investigaci\u00f3n, Diego Cosmelli.<\/p>\n\n\n\n<p>Desde la Facultad desearon el mayor de los \u00e9xitos a los profesores Alonso y Orellana, resaltando en ambos sus altas y probadas cualidades acad\u00e9micas, experiencia en la investigaci\u00f3n acad\u00e9mica y aplicada, y la trayectoria en la formaci\u00f3n profesional y disciplinar.<\/p>\n\n\n\n<p><strong>Alonso y Orellana<\/strong><\/p>\n\n\n\n<p>Pedro Alonso es Ph.D en arquitectura por la Architectural Association (2008); Mag\u00edster en Arquitectura y Arquitecto, por la Universidad Cat\u00f3lica de Chile, premiado como mejor alumno de su promoci\u00f3n.<\/p>\n\n\n\n<p>Se desempe\u00f1aba como Subdirector de Investigaci\u00f3n y Desarrollo de la Escuela de Arquitectura UC y profesor del Doctorado. Fue tambi\u00e9n jefe del Programa de Mag\u00edster en Arquitectura en la Escuela de Arquitectura UC (2011-14).<\/p>\n\n\n\n<p>Alonso obtuvo el Le\u00f3n de Plata por el Pabell\u00f3n de Chile Monolith Controversies, curado junto a Hugo Palmarola, para The 14th International Architecture Exhibition la Biennale di Venezia (2014), proyecto en exposici\u00f3n permanente en el Museo de la Memoria y los Derechos Humanos (desde 2018). Juntos curaron Flying Panels: How Concrete Panels Changed the World, en The Swedish Centre for Architecture and Design (2019-20).<\/p>\n\n\n\n<p>Alonso y Palmarola son autores de los libros Panel (Architectural Association, 2014), Monolith Controversies (Hatje Cantz, 2014), libro que recibi\u00f3 el Architectural Book Award del Deutsches Architekturmuseum -, as\u00ed como Flying Panels (Dom Publishers-Ediciones UC, 2019). Alonso es autor de los libros Space Race Archaeologies (Dom Publishers, 2016), Deserta (ARQ, 2012) y Acronym (ARQ, 2016).<\/p>\n\n\n\n<p>Obtuvo el RIBA Research Trust (2008) y ha sido Visiting Scholar en The Getty Research Center (2010), en The Canadian Center for Architecture (2011), en The Rockefeller Foundation (2019), as\u00ed como Mellon Fellow en Princeton University (2015-16). Fue profesor visitante en la Architectural Association (2009-19) y en The Royal Institute of Technology (2018-19). Ha realizado conferencias en Harvard University, Berlage Institute y Saint Petersburg State University, entre otras instituciones.<\/p>\n\n\n\n<p>Alonso es, adempas, responsable de dos proyectos Fondecyt sobre Pulkovo y la NASA en Chile, en co-investigaci\u00f3n con Palmarola (2015-16 \/ 2019-21), y recibi\u00f3 el Premio a la Creaci\u00f3n Art\u00edstica UC (2020).<\/p>\n\n\n\n<p>Arturo Orellana es Doctor en Geograf\u00eda Humana, por la Universidad de Barcelona (2006); Mag\u00edster en Desarrollo Urbano, por la Universidad Cat\u00f3lica de Chile (2000); e Ingeniero Comercial y Licenciado en Econom\u00eda, por la Universidad de Chile (1994).<\/p>\n\n\n\n<p>Se ha desempe\u00f1ado como docente, investigador y consultor senior en materias de gobernanza y planificaci\u00f3n urbana y territorial, pol\u00edticas p\u00fablicas, desarrollo de instrumentos de medici\u00f3n de calidad de vida urbana y rural, as\u00ed como de infraestructura territorial.<\/p>\n\n\n\n<p>Es coordinador de La Red de Investigaci\u00f3n sobre \u00c1reas Metropolitanas de Europa y Am\u00e9rica Latina (RIDEAL) desde el a\u00f1o 2002 y Coordinador del N\u00facleo de Gobernanza y Ordenamiento Territorial (NUGOT).<\/p>\n\n\n\n<p>Ha sido profesor invitado e integrante de comisiones de tesis doctoral en universidades de Canad\u00e1, Espa\u00f1a, Brasil, Colombia y M\u00e9xico. Adem\u00e1s, cuenta con amplia experiencia profesional en el sector p\u00fablico, como asesor en el Ex Ministerio de Planificaci\u00f3n y Desarrollo, Ministerio de Defensa Nacional, Transantiago, Intendencia Metropolitana y Ministerio de la Vivienda y Urbanismo.<\/p>\n\n\n\n<p>Ha publicado m\u00e1s de 50 trabajos entre art\u00edculos para revistas indexadas y cap\u00edtulos de libros, as\u00ed como tambi\u00e9n ha sido co-editor de cinco libros bajo la colecci\u00f3n Estudios Urbanos UC.<\/p>\n\n\n\n<p>Recientemente dirigi\u00f3 el equipo acad\u00e9mico y profesional de la Pontificia Universidad Cat\u00f3lica que elabor\u00f3 la Pol\u00edtica Nacional de Ordenamiento Territorial (PNOT), y que permitir\u00e1 a los nuevos Gobiernos Regionales dise\u00f1ar e implementar los respectivos Planes Regionales de Ordenamiento Territorial.<\/p>\n\n\n\n<p>INFORMACI\u00d3N PERIOD\u00cdSTICA<br>JUAN ANDR\u00c9S INZUNZA<\/p>\n","protected":false},"excerpt":{"rendered":"<p>Conforme ha informado oficialmente el Decanato de la Facultad de Arquitectura, Dise\u00f1o y Estudios Urbanos, el Doctorado en Arquitectura y Estudios Urbanos ser\u00e1 dirigido por los profesores Pedro Alonso (profesor de la escuela de Arquitectura), quien asume la Jefatura de Programa, y Arturo Orellana (profesor del Instituto de Estudios Urbanos y Territoriales), quien asume la Jefatura de Gesti\u00f3n Acad\u00e9mica.<\/p>\n","protected":false},"author":1,"featured_media":6379,"comment_status":"open","ping_status":"open","sticky":false,"template":"","format":"standard","meta":{"_acf_changed":false,"footnotes":""},"categories":[1],"tags":[],"class_list":["post-6378","post","type-post","status-publish","format-standard","has-post-thumbnail","hentry","category-sin-categorizar"],"acf":[],"yoast_head":"<!-- This site is optimized with the Yoast SEO plugin v27.1.1 - https:\/\/yoast.com\/product\/yoast-seo-wordpress\/ -->\n<title>Profesores Alonso y Orellana asumen la conducci\u00f3n del Doctorado en Arquitectura y Estudios Urbanos - Facultad de Arquitectura, Dise\u00f1o y Estudios Urbanos<\/title>\n<meta name=\"description\" content=\"Conforme ha informado oficialmente el Decanato de la Facultad de Arquitectura, Dise\u00f1o y Estudios Urbanos, el Doctorado en Arquitectura y Estudios Urbanos ser\u00e1 dirigido por los profesores Pedro Alonso (profesor de la escuela de Arquitectura), quien asume la Jefatura de Programa, y Arturo Orellana (profesor del Instituto de Estudios Urbanos y Territoriales), quien asume la Jefatura de Gesti\u00f3n Acad\u00e9mica.\" \/>\n<meta name=\"robots\" content=\"index, follow, max-snippet:-1, max-image-preview:large, max-video-preview:-1\" \/>\n<link rel=\"canonical\" href=\"https:\/\/fadeu.urantiacos.cl\/en\/2021\/09\/10\/profesores-alonso-y-orellana-asumen-la-conduccion-del-doctorado-en-arquitectura-y-estudios-urbanos\/\" \/>\n<meta property=\"og:locale\" content=\"en_US\" \/>\n<meta property=\"og:type\" content=\"article\" \/>\n<meta property=\"og:title\" content=\"Profesores Alonso y Orellana asumen la conducci\u00f3n del Doctorado en Arquitectura y Estudios Urbanos - Facultad de Arquitectura, Dise\u00f1o y Estudios Urbanos\" \/>\n<meta property=\"og:description\" content=\"Conforme ha informado oficialmente el Decanato de la Facultad de Arquitectura, Dise\u00f1o y Estudios Urbanos, el Doctorado en Arquitectura y Estudios Urbanos ser\u00e1 dirigido por los profesores Pedro Alonso (profesor de la escuela de Arquitectura), quien asume la Jefatura de Programa, y Arturo Orellana (profesor del Instituto de Estudios Urbanos y Territoriales), quien asume la Jefatura de Gesti\u00f3n Acad\u00e9mica.\" \/>\n<meta property=\"og:url\" content=\"https:\/\/fadeu.urantiacos.cl\/en\/2021\/09\/10\/profesores-alonso-y-orellana-asumen-la-conduccion-del-doctorado-en-arquitectura-y-estudios-urbanos\/\" \/>\n<meta property=\"og:site_name\" content=\"Facultad de Arquitectura, Dise\u00f1o y Estudios Urbanos\" \/>\n<meta property=\"article:published_time\" content=\"2021-09-10T18:56:00+00:00\" \/>\n<meta property=\"article:modified_time\" content=\"2023-09-07T18:58:24+00:00\" \/>\n<meta property=\"og:image\" content=\"https:\/\/fadeu.urantiacos.cl\/wp-content\/uploads\/2023\/09\/PEDRO_ALONSO_ARTURO_ORELLANA.png\" \/>\n\t<meta property=\"og:image:width\" content=\"350\" \/>\n\t<meta property=\"og:image:height\" content=\"250\" \/>\n\t<meta property=\"og:image:type\" content=\"image\/png\" \/>\n<meta name=\"author\" content=\"manadmin\" \/>\n<meta name=\"twitter:card\" content=\"summary_large_image\" \/>\n<meta name=\"twitter:label1\" content=\"Written by\" \/>\n\t<meta name=\"twitter:data1\" content=\"manadmin\" \/>\n\t<meta name=\"twitter:label2\" content=\"Est. reading time\" \/>\n\t<meta name=\"twitter:data2\" content=\"4 minutes\" \/>\n<script type=\"application\/ld+json\" class=\"yoast-schema-graph\">{\"@context\":\"https:\/\/schema.org\",\"@graph\":[{\"@type\":\"Article\",\"@id\":\"https:\/\/fadeu.urantiacos.cl\/en\/2021\/09\/10\/profesores-alonso-y-orellana-asumen-la-conduccion-del-doctorado-en-arquitectura-y-estudios-urbanos\/#article\",\"isPartOf\":{\"@id\":\"https:\/\/fadeu.urantiacos.cl\/en\/2021\/09\/10\/profesores-alonso-y-orellana-asumen-la-conduccion-del-doctorado-en-arquitectura-y-estudios-urbanos\/\"},\"author\":{\"name\":\"manadmin\",\"@id\":\"https:\/\/fadeu.urantiacos.cl\/en\/#\/schema\/person\/d203e2e84b1c40275eac77b3061a19a2\"},\"headline\":\"Profesores Alonso y Orellana asumen la conducci\u00f3n del Doctorado en Arquitectura y Estudios Urbanos\",\"datePublished\":\"2021-09-10T18:56:00+00:00\",\"dateModified\":\"2023-09-07T18:58:24+00:00\",\"mainEntityOfPage\":{\"@id\":\"https:\/\/fadeu.urantiacos.cl\/en\/2021\/09\/10\/profesores-alonso-y-orellana-asumen-la-conduccion-del-doctorado-en-arquitectura-y-estudios-urbanos\/\"},\"wordCount\":730,\"commentCount\":0,\"image\":{\"@id\":\"https:\/\/fadeu.urantiacos.cl\/en\/2021\/09\/10\/profesores-alonso-y-orellana-asumen-la-conduccion-del-doctorado-en-arquitectura-y-estudios-urbanos\/#primaryimage\"},\"thumbnailUrl\":\"https:\/\/fadeu.urantiacos.cl\/wp-content\/uploads\/2023\/09\/PEDRO_ALONSO_ARTURO_ORELLANA.png\",\"articleSection\":[\"Sin categorizar\"],\"inLanguage\":\"en-US\",\"potentialAction\":[{\"@type\":\"CommentAction\",\"name\":\"Comment\",\"target\":[\"https:\/\/fadeu.urantiacos.cl\/en\/2021\/09\/10\/profesores-alonso-y-orellana-asumen-la-conduccion-del-doctorado-en-arquitectura-y-estudios-urbanos\/#respond\"]}]},{\"@type\":\"WebPage\",\"@id\":\"https:\/\/fadeu.urantiacos.cl\/en\/2021\/09\/10\/profesores-alonso-y-orellana-asumen-la-conduccion-del-doctorado-en-arquitectura-y-estudios-urbanos\/\",\"url\":\"https:\/\/fadeu.urantiacos.cl\/en\/2021\/09\/10\/profesores-alonso-y-orellana-asumen-la-conduccion-del-doctorado-en-arquitectura-y-estudios-urbanos\/\",\"name\":\"Profesores Alonso y Orellana asumen la conducci\u00f3n del Doctorado en Arquitectura y Estudios Urbanos - Facultad de Arquitectura, Dise\u00f1o y Estudios Urbanos\",\"isPartOf\":{\"@id\":\"https:\/\/fadeu.urantiacos.cl\/en\/#website\"},\"primaryImageOfPage\":{\"@id\":\"https:\/\/fadeu.urantiacos.cl\/en\/2021\/09\/10\/profesores-alonso-y-orellana-asumen-la-conduccion-del-doctorado-en-arquitectura-y-estudios-urbanos\/#primaryimage\"},\"image\":{\"@id\":\"https:\/\/fadeu.urantiacos.cl\/en\/2021\/09\/10\/profesores-alonso-y-orellana-asumen-la-conduccion-del-doctorado-en-arquitectura-y-estudios-urbanos\/#primaryimage\"},\"thumbnailUrl\":\"https:\/\/fadeu.urantiacos.cl\/wp-content\/uploads\/2023\/09\/PEDRO_ALONSO_ARTURO_ORELLANA.png\",\"datePublished\":\"2021-09-10T18:56:00+00:00\",\"dateModified\":\"2023-09-07T18:58:24+00:00\",\"author\":{\"@id\":\"https:\/\/fadeu.urantiacos.cl\/en\/#\/schema\/person\/d203e2e84b1c40275eac77b3061a19a2\"},\"description\":\"Conforme ha informado oficialmente el Decanato de la Facultad de Arquitectura, Dise\u00f1o y Estudios Urbanos, el Doctorado en Arquitectura y Estudios Urbanos ser\u00e1 dirigido por los profesores Pedro Alonso (profesor de la escuela de Arquitectura), quien asume la Jefatura de Programa, y Arturo Orellana (profesor del Instituto de Estudios Urbanos y Territoriales), quien asume la Jefatura de Gesti\u00f3n Acad\u00e9mica.\",\"breadcrumb\":{\"@id\":\"https:\/\/fadeu.urantiacos.cl\/en\/2021\/09\/10\/profesores-alonso-y-orellana-asumen-la-conduccion-del-doctorado-en-arquitectura-y-estudios-urbanos\/#breadcrumb\"},\"inLanguage\":\"en-US\",\"potentialAction\":[{\"@type\":\"ReadAction\",\"target\":[\"https:\/\/fadeu.urantiacos.cl\/en\/2021\/09\/10\/profesores-alonso-y-orellana-asumen-la-conduccion-del-doctorado-en-arquitectura-y-estudios-urbanos\/\"]}]},{\"@type\":\"ImageObject\",\"inLanguage\":\"en-US\",\"@id\":\"https:\/\/fadeu.urantiacos.cl\/en\/2021\/09\/10\/profesores-alonso-y-orellana-asumen-la-conduccion-del-doctorado-en-arquitectura-y-estudios-urbanos\/#primaryimage\",\"url\":\"https:\/\/fadeu.urantiacos.cl\/wp-content\/uploads\/2023\/09\/PEDRO_ALONSO_ARTURO_ORELLANA.png\",\"contentUrl\":\"https:\/\/fadeu.urantiacos.cl\/wp-content\/uploads\/2023\/09\/PEDRO_ALONSO_ARTURO_ORELLANA.png\",\"width\":350,\"height\":250},{\"@type\":\"BreadcrumbList\",\"@id\":\"https:\/\/fadeu.urantiacos.cl\/en\/2021\/09\/10\/profesores-alonso-y-orellana-asumen-la-conduccion-del-doctorado-en-arquitectura-y-estudios-urbanos\/#breadcrumb\",\"itemListElement\":[{\"@type\":\"ListItem\",\"position\":1,\"name\":\"Portada\",\"item\":\"https:\/\/fadeu.urantiacos.cl\/en\/\"},{\"@type\":\"ListItem\",\"position\":2,\"name\":\"Profesores Alonso y Orellana asumen la conducci\u00f3n del Doctorado en Arquitectura y Estudios Urbanos\"}]},{\"@type\":\"WebSite\",\"@id\":\"https:\/\/fadeu.urantiacos.cl\/en\/#website\",\"url\":\"https:\/\/fadeu.urantiacos.cl\/en\/\",\"name\":\"Facultad de Arquitectura, Dise\u00f1o y Estudios Urbanos\",\"description\":\"Campus Lo Contador\",\"potentialAction\":[{\"@type\":\"SearchAction\",\"target\":{\"@type\":\"EntryPoint\",\"urlTemplate\":\"https:\/\/fadeu.urantiacos.cl\/en\/?s={search_term_string}\"},\"query-input\":{\"@type\":\"PropertyValueSpecification\",\"valueRequired\":true,\"valueName\":\"search_term_string\"}}],\"inLanguage\":\"en-US\"},{\"@type\":\"Person\",\"@id\":\"https:\/\/fadeu.urantiacos.cl\/en\/#\/schema\/person\/d203e2e84b1c40275eac77b3061a19a2\",\"name\":\"manadmin\",\"image\":{\"@type\":\"ImageObject\",\"inLanguage\":\"en-US\",\"@id\":\"https:\/\/fadeu.urantiacos.cl\/en\/#\/schema\/person\/image\/\",\"url\":\"https:\/\/secure.gravatar.com\/avatar\/4b1d8e3303b4a9d8968ac578947d8bc80d9aea359f388cdd4aac15cadc0e8447?s=96&d=mm&r=g\",\"contentUrl\":\"https:\/\/secure.gravatar.com\/avatar\/4b1d8e3303b4a9d8968ac578947d8bc80d9aea359f388cdd4aac15cadc0e8447?s=96&d=mm&r=g\",\"caption\":\"manadmin\"},\"sameAs\":[\"https:\/\/fadeu.urantiacos.cl\"]}]}<\/script>\n<!-- \/ Yoast SEO plugin. -->","yoast_head_json":{"title":"Profesores Alonso y Orellana asumen la conducci\u00f3n del Doctorado en Arquitectura y Estudios Urbanos - Facultad de Arquitectura, Dise\u00f1o y Estudios Urbanos","description":"Conforme ha informado oficialmente el Decanato de la Facultad de Arquitectura, Dise\u00f1o y Estudios Urbanos, el Doctorado en Arquitectura y Estudios Urbanos ser\u00e1 dirigido por los profesores Pedro Alonso (profesor de la escuela de Arquitectura), quien asume la Jefatura de Programa, y Arturo Orellana (profesor del Instituto de Estudios Urbanos y Territoriales), quien asume la Jefatura de Gesti\u00f3n Acad\u00e9mica.","robots":{"index":"index","follow":"follow","max-snippet":"max-snippet:-1","max-image-preview":"max-image-preview:large","max-video-preview":"max-video-preview:-1"},"canonical":"https:\/\/fadeu.urantiacos.cl\/en\/2021\/09\/10\/profesores-alonso-y-orellana-asumen-la-conduccion-del-doctorado-en-arquitectura-y-estudios-urbanos\/","og_locale":"en_US","og_type":"article","og_title":"Profesores Alonso y Orellana asumen la conducci\u00f3n del Doctorado en Arquitectura y Estudios Urbanos - Facultad de Arquitectura, Dise\u00f1o y Estudios Urbanos","og_description":"Conforme ha informado oficialmente el Decanato de la Facultad de Arquitectura, Dise\u00f1o y Estudios Urbanos, el Doctorado en Arquitectura y Estudios Urbanos ser\u00e1 dirigido por los profesores Pedro Alonso (profesor de la escuela de Arquitectura), quien asume la Jefatura de Programa, y Arturo Orellana (profesor del Instituto de Estudios Urbanos y Territoriales), quien asume la Jefatura de Gesti\u00f3n Acad\u00e9mica.","og_url":"https:\/\/fadeu.urantiacos.cl\/en\/2021\/09\/10\/profesores-alonso-y-orellana-asumen-la-conduccion-del-doctorado-en-arquitectura-y-estudios-urbanos\/","og_site_name":"Facultad de Arquitectura, Dise\u00f1o y Estudios Urbanos","article_published_time":"2021-09-10T18:56:00+00:00","article_modified_time":"2023-09-07T18:58:24+00:00","og_image":[{"width":350,"height":250,"url":"https:\/\/fadeu.urantiacos.cl\/wp-content\/uploads\/2023\/09\/PEDRO_ALONSO_ARTURO_ORELLANA.png","type":"image\/png"}],"author":"manadmin","twitter_card":"summary_large_image","twitter_misc":{"Written by":"manadmin","Est. reading time":"4 minutes"},"schema":{"@context":"https:\/\/schema.org","@graph":[{"@type":"Article","@id":"https:\/\/fadeu.urantiacos.cl\/en\/2021\/09\/10\/profesores-alonso-y-orellana-asumen-la-conduccion-del-doctorado-en-arquitectura-y-estudios-urbanos\/#article","isPartOf":{"@id":"https:\/\/fadeu.urantiacos.cl\/en\/2021\/09\/10\/profesores-alonso-y-orellana-asumen-la-conduccion-del-doctorado-en-arquitectura-y-estudios-urbanos\/"},"author":{"name":"manadmin","@id":"https:\/\/fadeu.urantiacos.cl\/en\/#\/schema\/person\/d203e2e84b1c40275eac77b3061a19a2"},"headline":"Profesores Alonso y Orellana asumen la conducci\u00f3n del Doctorado en Arquitectura y Estudios Urbanos","datePublished":"2021-09-10T18:56:00+00:00","dateModified":"2023-09-07T18:58:24+00:00","mainEntityOfPage":{"@id":"https:\/\/fadeu.urantiacos.cl\/en\/2021\/09\/10\/profesores-alonso-y-orellana-asumen-la-conduccion-del-doctorado-en-arquitectura-y-estudios-urbanos\/"},"wordCount":730,"commentCount":0,"image":{"@id":"https:\/\/fadeu.urantiacos.cl\/en\/2021\/09\/10\/profesores-alonso-y-orellana-asumen-la-conduccion-del-doctorado-en-arquitectura-y-estudios-urbanos\/#primaryimage"},"thumbnailUrl":"https:\/\/fadeu.urantiacos.cl\/wp-content\/uploads\/2023\/09\/PEDRO_ALONSO_ARTURO_ORELLANA.png","articleSection":["Sin categorizar"],"inLanguage":"en-US","potentialAction":[{"@type":"CommentAction","name":"Comment","target":["https:\/\/fadeu.urantiacos.cl\/en\/2021\/09\/10\/profesores-alonso-y-orellana-asumen-la-conduccion-del-doctorado-en-arquitectura-y-estudios-urbanos\/#respond"]}]},{"@type":"WebPage","@id":"https:\/\/fadeu.urantiacos.cl\/en\/2021\/09\/10\/profesores-alonso-y-orellana-asumen-la-conduccion-del-doctorado-en-arquitectura-y-estudios-urbanos\/","url":"https:\/\/fadeu.urantiacos.cl\/en\/2021\/09\/10\/profesores-alonso-y-orellana-asumen-la-conduccion-del-doctorado-en-arquitectura-y-estudios-urbanos\/","name":"Profesores Alonso y Orellana asumen la conducci\u00f3n del Doctorado en Arquitectura y Estudios Urbanos - Facultad de Arquitectura, Dise\u00f1o y Estudios Urbanos","isPartOf":{"@id":"https:\/\/fadeu.urantiacos.cl\/en\/#website"},"primaryImageOfPage":{"@id":"https:\/\/fadeu.urantiacos.cl\/en\/2021\/09\/10\/profesores-alonso-y-orellana-asumen-la-conduccion-del-doctorado-en-arquitectura-y-estudios-urbanos\/#primaryimage"},"image":{"@id":"https:\/\/fadeu.urantiacos.cl\/en\/2021\/09\/10\/profesores-alonso-y-orellana-asumen-la-conduccion-del-doctorado-en-arquitectura-y-estudios-urbanos\/#primaryimage"},"thumbnailUrl":"https:\/\/fadeu.urantiacos.cl\/wp-content\/uploads\/2023\/09\/PEDRO_ALONSO_ARTURO_ORELLANA.png","datePublished":"2021-09-10T18:56:00+00:00","dateModified":"2023-09-07T18:58:24+00:00","author":{"@id":"https:\/\/fadeu.urantiacos.cl\/en\/#\/schema\/person\/d203e2e84b1c40275eac77b3061a19a2"},"description":"Conforme ha informado oficialmente el Decanato de la Facultad de Arquitectura, Dise\u00f1o y Estudios Urbanos, el Doctorado en Arquitectura y Estudios Urbanos ser\u00e1 dirigido por los profesores Pedro Alonso (profesor de la escuela de Arquitectura), quien asume la Jefatura de Programa, y Arturo Orellana (profesor del Instituto de Estudios Urbanos y Territoriales), quien asume la Jefatura de Gesti\u00f3n Acad\u00e9mica.","breadcrumb":{"@id":"https:\/\/fadeu.urantiacos.cl\/en\/2021\/09\/10\/profesores-alonso-y-orellana-asumen-la-conduccion-del-doctorado-en-arquitectura-y-estudios-urbanos\/#breadcrumb"},"inLanguage":"en-US","potentialAction":[{"@type":"ReadAction","target":["https:\/\/fadeu.urantiacos.cl\/en\/2021\/09\/10\/profesores-alonso-y-orellana-asumen-la-conduccion-del-doctorado-en-arquitectura-y-estudios-urbanos\/"]}]},{"@type":"ImageObject","inLanguage":"en-US","@id":"https:\/\/fadeu.urantiacos.cl\/en\/2021\/09\/10\/profesores-alonso-y-orellana-asumen-la-conduccion-del-doctorado-en-arquitectura-y-estudios-urbanos\/#primaryimage","url":"https:\/\/fadeu.urantiacos.cl\/wp-content\/uploads\/2023\/09\/PEDRO_ALONSO_ARTURO_ORELLANA.png","contentUrl":"https:\/\/fadeu.urantiacos.cl\/wp-content\/uploads\/2023\/09\/PEDRO_ALONSO_ARTURO_ORELLANA.png","width":350,"height":250},{"@type":"BreadcrumbList","@id":"https:\/\/fadeu.urantiacos.cl\/en\/2021\/09\/10\/profesores-alonso-y-orellana-asumen-la-conduccion-del-doctorado-en-arquitectura-y-estudios-urbanos\/#breadcrumb","itemListElement":[{"@type":"ListItem","position":1,"name":"Portada","item":"https:\/\/fadeu.urantiacos.cl\/en\/"},{"@type":"ListItem","position":2,"name":"Profesores Alonso y Orellana asumen la conducci\u00f3n del Doctorado en Arquitectura y Estudios Urbanos"}]},{"@type":"WebSite","@id":"https:\/\/fadeu.urantiacos.cl\/en\/#website","url":"https:\/\/fadeu.urantiacos.cl\/en\/","name":"Facultad de Arquitectura, Dise\u00f1o y Estudios Urbanos","description":"Campus Lo Contador","potentialAction":[{"@type":"SearchAction","target":{"@type":"EntryPoint","urlTemplate":"https:\/\/fadeu.urantiacos.cl\/en\/?s={search_term_string}"},"query-input":{"@type":"PropertyValueSpecification","valueRequired":true,"valueName":"search_term_string"}}],"inLanguage":"en-US"},{"@type":"Person","@id":"https:\/\/fadeu.urantiacos.cl\/en\/#\/schema\/person\/d203e2e84b1c40275eac77b3061a19a2","name":"manadmin","image":{"@type":"ImageObject","inLanguage":"en-US","@id":"https:\/\/fadeu.urantiacos.cl\/en\/#\/schema\/person\/image\/","url":"https:\/\/secure.gravatar.com\/avatar\/4b1d8e3303b4a9d8968ac578947d8bc80d9aea359f388cdd4aac15cadc0e8447?s=96&d=mm&r=g","contentUrl":"https:\/\/secure.gravatar.com\/avatar\/4b1d8e3303b4a9d8968ac578947d8bc80d9aea359f388cdd4aac15cadc0e8447?s=96&d=mm&r=g","caption":"manadmin"},"sameAs":["https:\/\/fadeu.urantiacos.cl"]}]}},"_links":{"self":[{"href":"https:\/\/fadeu.urantiacos.cl\/en\/wp-json\/wp\/v2\/posts\/6378","targetHints":{"allow":["GET"]}}],"collection":[{"href":"https:\/\/fadeu.urantiacos.cl\/en\/wp-json\/wp\/v2\/posts"}],"about":[{"href":"https:\/\/fadeu.urantiacos.cl\/en\/wp-json\/wp\/v2\/types\/post"}],"author":[{"embeddable":true,"href":"https:\/\/fadeu.urantiacos.cl\/en\/wp-json\/wp\/v2\/users\/1"}],"replies":[{"embeddable":true,"href":"https:\/\/fadeu.urantiacos.cl\/en\/wp-json\/wp\/v2\/comments?post=6378"}],"version-history":[{"count":1,"href":"https:\/\/fadeu.urantiacos.cl\/en\/wp-json\/wp\/v2\/posts\/6378\/revisions"}],"predecessor-version":[{"id":6380,"href":"https:\/\/fadeu.urantiacos.cl\/en\/wp-json\/wp\/v2\/posts\/6378\/revisions\/6380"}],"wp:featuredmedia":[{"embeddable":true,"href":"https:\/\/fadeu.urantiacos.cl\/en\/wp-json\/wp\/v2\/media\/6379"}],"wp:attachment":[{"href":"https:\/\/fadeu.urantiacos.cl\/en\/wp-json\/wp\/v2\/media?parent=6378"}],"wp:term":[{"taxonomy":"category","embeddable":true,"href":"https:\/\/fadeu.urantiacos.cl\/en\/wp-json\/wp\/v2\/categories?post=6378"},{"taxonomy":"post_tag","embeddable":true,"href":"https:\/\/fadeu.urantiacos.cl\/en\/wp-json\/wp\/v2\/tags?post=6378"}],"curies":[{"name":"wp","href":"https:\/\/api.w.org\/{rel}","templated":true}]}}