{"id":6367,"date":"2021-09-12T15:49:00","date_gmt":"2021-09-12T18:49:00","guid":{"rendered":"https:\/\/fadeu.urantiacos.cl\/?p=6367"},"modified":"2023-09-07T15:53:06","modified_gmt":"2023-09-07T18:53:06","slug":"marq-uc-sube-al-puesto-no15-a-nivel-mundial-en-el-ranking-bam-2021","status":"publish","type":"post","link":"https:\/\/fadeu.urantiacos.cl\/en\/2021\/09\/12\/marq-uc-sube-al-puesto-no15-a-nivel-mundial-en-el-ranking-bam-2021\/","title":{"rendered":"MARQ UC sube al puesto n\u00ba15 a nivel mundial en el ranking BAM 2021"},"content":{"rendered":"\n<figure class=\"wp-block-image size-full\"><img decoding=\"async\" width=\"350\" height=\"250\" src=\"https:\/\/fadeu.urantiacos.cl\/wp-content\/uploads\/2023\/09\/MARQ_800.jpg\" alt=\"\" class=\"wp-image-6368\" srcset=\"https:\/\/fadeu.urantiacos.cl\/wp-content\/uploads\/2023\/09\/MARQ_800.jpg 350w, https:\/\/fadeu.urantiacos.cl\/wp-content\/uploads\/2023\/09\/MARQ_800-300x214.jpg 300w\" sizes=\"(max-width: 350px) 100vw, 350px\" \/><\/figure>\n\n\n\n<p>Luego de una selecci\u00f3n de programas en base a los indicadores QS de 2021, la plataforma de investigaci\u00f3n Best Architecture Masters (BAM) destac\u00f3 los programas de mag\u00edster de 22 universidades del mundo para formar parte de la edici\u00f3n 2021 del Ranking BAM. El comit\u00e9 de expertos estuvo formado por 15 profesores de las universidades mejor calificadas a nivel internacional, permitiendo realizar un estudio comparativo a nivel mundial que define los mejores programas de maestr\u00eda en arquitectura de gran parte del mundo. Los indicadores considerados incluyen la evaluaci\u00f3n del desempe\u00f1o educativo a trav\u00e9s de la Metodolog\u00eda BAM.<\/p>\n\n\n\n<p>En esta nueva edici\u00f3n del ranking, el Mag\u00edster en Arquitectura UC (MARQ), liderado por la arquitecta Alejandra Celed\u00f3n desde 2019, alcanz\u00f3 el puesto 15, reconocimiento que refleja la constante actualizaci\u00f3n y perfeccionamiento de este programa de posgrado que cumple tres d\u00e9cadas este a\u00f1o, con un cuerpo docente reconocido a nivel internacional y una participaci\u00f3n anual de figuras destacadas a nivel mundial.<\/p>\n\n\n\n<p>M\u00e1s sobre BAM_<br>Best Architecture Masters (BAM) es una plataforma de arquitectura educativa fundada en 2018 en la que colaboran diversos organismos y universidades de los cinco continentes. La misi\u00f3n de BAM es informar a estudiantes y arquitectos de todo el mundo sobre la profesi\u00f3n desde una perspectiva acad\u00e9mica. Asimismo, el BAM Ranking tiene como objetivo ayudar a arquitectos y estudiantes a conocer los mejores programas de mag\u00edster internacionales disponibles en el mundo.<\/p>\n\n\n\n<p>M\u00e1s informaci\u00f3n sobre el ranking BAM en el siguiente&nbsp;<a href=\"https:\/\/www.bestarchitecturemasters.com\/ranking-2021\/\" target=\"_blank\" rel=\"noreferrer noopener\">link<\/a><br>M\u00e1s informaci\u00f3n sobre los postgrados de la Escuela de Arquitectura UC en el siguiente&nbsp;<a href=\"https:\/\/magisterarq.cl\/\" target=\"_blank\" rel=\"noreferrer noopener\">link<\/a><br>Ver entrevista a Alejandra Celed\u00f3n en BAM sobre el MARQ del a\u00f1o 2020 en el siguiente&nbsp;<a href=\"https:\/\/www.bestarchitecturemasters.com\/interview-alejandra-celedon\/\" target=\"_blank\" rel=\"noreferrer noopener\">l<\/a><a href=\"https:\/\/www.bestarchitecturemasters.com\/interview-alejandra-celedon\/\" target=\"_blank\" rel=\"noreferrer noopener\">ink<\/a><\/p>\n\n\n\n<figure class=\"wp-block-image size-large\"><img decoding=\"async\" width=\"1024\" height=\"971\" src=\"https:\/\/fadeu.urantiacos.cl\/wp-content\/uploads\/2023\/09\/Marq_15_ranking_BAM_2021-1024x971.jpg\" alt=\"\" class=\"wp-image-6369\" srcset=\"https:\/\/fadeu.urantiacos.cl\/wp-content\/uploads\/2023\/09\/Marq_15_ranking_BAM_2021-1024x971.jpg 1024w, https:\/\/fadeu.urantiacos.cl\/wp-content\/uploads\/2023\/09\/Marq_15_ranking_BAM_2021-300x284.jpg 300w, https:\/\/fadeu.urantiacos.cl\/wp-content\/uploads\/2023\/09\/Marq_15_ranking_BAM_2021-768x728.jpg 768w, https:\/\/fadeu.urantiacos.cl\/wp-content\/uploads\/2023\/09\/Marq_15_ranking_BAM_2021.jpg 1266w\" sizes=\"(max-width: 1024px) 100vw, 1024px\" \/><\/figure>\n\n\n\n<p>Noticias<br>Contacto:&nbsp;<a href=\"mailto:redesarq@uc.cl\">redesarq@uc.cl<\/a>&nbsp;| +56 2 2354 7747<br>www.arquitectura.uc.cl<\/p>\n","protected":false},"excerpt":{"rendered":"<p>El Mag\u00edster en Arquitectura UC (MARQ) comparte esta posici\u00f3n con el M.Arch del Southern California Institute of Architecture de Los \u00c1ngeles.<\/p>\n","protected":false},"author":1,"featured_media":6368,"comment_status":"open","ping_status":"open","sticky":false,"template":"","format":"standard","meta":{"_acf_changed":false,"footnotes":""},"categories":[1],"tags":[],"class_list":["post-6367","post","type-post","status-publish","format-standard","has-post-thumbnail","hentry","category-sin-categorizar"],"acf":[],"yoast_head":"<!-- This site is optimized with the Yoast SEO plugin v27.1.1 - https:\/\/yoast.com\/product\/yoast-seo-wordpress\/ -->\n<title>MARQ UC sube al puesto n\u00ba15 a nivel mundial en el ranking BAM 2021 - Facultad de Arquitectura, Dise\u00f1o y Estudios Urbanos<\/title>\n<meta name=\"description\" content=\"El Mag\u00edster en Arquitectura UC (MARQ) comparte esta posici\u00f3n con el M.Arch del Southern California Institute of Architecture de Los \u00c1ngeles.\" \/>\n<meta name=\"robots\" content=\"index, follow, max-snippet:-1, max-image-preview:large, max-video-preview:-1\" \/>\n<link rel=\"canonical\" href=\"https:\/\/fadeu.urantiacos.cl\/en\/2021\/09\/12\/marq-uc-sube-al-puesto-no15-a-nivel-mundial-en-el-ranking-bam-2021\/\" \/>\n<meta property=\"og:locale\" content=\"en_US\" \/>\n<meta property=\"og:type\" content=\"article\" \/>\n<meta property=\"og:title\" content=\"MARQ UC sube al puesto n\u00ba15 a nivel mundial en el ranking BAM 2021 - Facultad de Arquitectura, Dise\u00f1o y Estudios Urbanos\" \/>\n<meta property=\"og:description\" content=\"El Mag\u00edster en Arquitectura UC (MARQ) comparte esta posici\u00f3n con el M.Arch del Southern California Institute of Architecture de Los \u00c1ngeles.\" \/>\n<meta property=\"og:url\" content=\"https:\/\/fadeu.urantiacos.cl\/en\/2021\/09\/12\/marq-uc-sube-al-puesto-no15-a-nivel-mundial-en-el-ranking-bam-2021\/\" \/>\n<meta property=\"og:site_name\" content=\"Facultad de Arquitectura, Dise\u00f1o y Estudios Urbanos\" \/>\n<meta property=\"article:published_time\" content=\"2021-09-12T18:49:00+00:00\" \/>\n<meta property=\"article:modified_time\" content=\"2023-09-07T18:53:06+00:00\" \/>\n<meta property=\"og:image\" content=\"https:\/\/fadeu.urantiacos.cl\/wp-content\/uploads\/2023\/09\/MARQ_800.jpg\" \/>\n\t<meta property=\"og:image:width\" content=\"350\" \/>\n\t<meta property=\"og:image:height\" content=\"250\" \/>\n\t<meta property=\"og:image:type\" content=\"image\/jpeg\" \/>\n<meta name=\"author\" content=\"manadmin\" \/>\n<meta name=\"twitter:card\" content=\"summary_large_image\" \/>\n<meta name=\"twitter:label1\" content=\"Written by\" \/>\n\t<meta name=\"twitter:data1\" content=\"manadmin\" \/>\n\t<meta name=\"twitter:label2\" content=\"Est. reading time\" \/>\n\t<meta name=\"twitter:data2\" content=\"2 minutes\" \/>\n<script type=\"application\/ld+json\" class=\"yoast-schema-graph\">{\"@context\":\"https:\/\/schema.org\",\"@graph\":[{\"@type\":\"Article\",\"@id\":\"https:\/\/fadeu.urantiacos.cl\/en\/2021\/09\/12\/marq-uc-sube-al-puesto-no15-a-nivel-mundial-en-el-ranking-bam-2021\/#article\",\"isPartOf\":{\"@id\":\"https:\/\/fadeu.urantiacos.cl\/en\/2021\/09\/12\/marq-uc-sube-al-puesto-no15-a-nivel-mundial-en-el-ranking-bam-2021\/\"},\"author\":{\"name\":\"manadmin\",\"@id\":\"https:\/\/fadeu.urantiacos.cl\/en\/#\/schema\/person\/d203e2e84b1c40275eac77b3061a19a2\"},\"headline\":\"MARQ UC sube al puesto n\u00ba15 a nivel mundial en el ranking BAM 2021\",\"datePublished\":\"2021-09-12T18:49:00+00:00\",\"dateModified\":\"2023-09-07T18:53:06+00:00\",\"mainEntityOfPage\":{\"@id\":\"https:\/\/fadeu.urantiacos.cl\/en\/2021\/09\/12\/marq-uc-sube-al-puesto-no15-a-nivel-mundial-en-el-ranking-bam-2021\/\"},\"wordCount\":318,\"commentCount\":0,\"image\":{\"@id\":\"https:\/\/fadeu.urantiacos.cl\/en\/2021\/09\/12\/marq-uc-sube-al-puesto-no15-a-nivel-mundial-en-el-ranking-bam-2021\/#primaryimage\"},\"thumbnailUrl\":\"https:\/\/fadeu.urantiacos.cl\/wp-content\/uploads\/2023\/09\/MARQ_800.jpg\",\"articleSection\":[\"Sin categorizar\"],\"inLanguage\":\"en-US\",\"potentialAction\":[{\"@type\":\"CommentAction\",\"name\":\"Comment\",\"target\":[\"https:\/\/fadeu.urantiacos.cl\/en\/2021\/09\/12\/marq-uc-sube-al-puesto-no15-a-nivel-mundial-en-el-ranking-bam-2021\/#respond\"]}]},{\"@type\":\"WebPage\",\"@id\":\"https:\/\/fadeu.urantiacos.cl\/en\/2021\/09\/12\/marq-uc-sube-al-puesto-no15-a-nivel-mundial-en-el-ranking-bam-2021\/\",\"url\":\"https:\/\/fadeu.urantiacos.cl\/en\/2021\/09\/12\/marq-uc-sube-al-puesto-no15-a-nivel-mundial-en-el-ranking-bam-2021\/\",\"name\":\"MARQ UC sube al puesto n\u00ba15 a nivel mundial en el ranking BAM 2021 - Facultad de Arquitectura, Dise\u00f1o y Estudios Urbanos\",\"isPartOf\":{\"@id\":\"https:\/\/fadeu.urantiacos.cl\/en\/#website\"},\"primaryImageOfPage\":{\"@id\":\"https:\/\/fadeu.urantiacos.cl\/en\/2021\/09\/12\/marq-uc-sube-al-puesto-no15-a-nivel-mundial-en-el-ranking-bam-2021\/#primaryimage\"},\"image\":{\"@id\":\"https:\/\/fadeu.urantiacos.cl\/en\/2021\/09\/12\/marq-uc-sube-al-puesto-no15-a-nivel-mundial-en-el-ranking-bam-2021\/#primaryimage\"},\"thumbnailUrl\":\"https:\/\/fadeu.urantiacos.cl\/wp-content\/uploads\/2023\/09\/MARQ_800.jpg\",\"datePublished\":\"2021-09-12T18:49:00+00:00\",\"dateModified\":\"2023-09-07T18:53:06+00:00\",\"author\":{\"@id\":\"https:\/\/fadeu.urantiacos.cl\/en\/#\/schema\/person\/d203e2e84b1c40275eac77b3061a19a2\"},\"description\":\"El Mag\u00edster en Arquitectura UC (MARQ) comparte esta posici\u00f3n con el M.Arch del Southern California Institute of Architecture de Los \u00c1ngeles.\",\"breadcrumb\":{\"@id\":\"https:\/\/fadeu.urantiacos.cl\/en\/2021\/09\/12\/marq-uc-sube-al-puesto-no15-a-nivel-mundial-en-el-ranking-bam-2021\/#breadcrumb\"},\"inLanguage\":\"en-US\",\"potentialAction\":[{\"@type\":\"ReadAction\",\"target\":[\"https:\/\/fadeu.urantiacos.cl\/en\/2021\/09\/12\/marq-uc-sube-al-puesto-no15-a-nivel-mundial-en-el-ranking-bam-2021\/\"]}]},{\"@type\":\"ImageObject\",\"inLanguage\":\"en-US\",\"@id\":\"https:\/\/fadeu.urantiacos.cl\/en\/2021\/09\/12\/marq-uc-sube-al-puesto-no15-a-nivel-mundial-en-el-ranking-bam-2021\/#primaryimage\",\"url\":\"https:\/\/fadeu.urantiacos.cl\/wp-content\/uploads\/2023\/09\/MARQ_800.jpg\",\"contentUrl\":\"https:\/\/fadeu.urantiacos.cl\/wp-content\/uploads\/2023\/09\/MARQ_800.jpg\",\"width\":350,\"height\":250},{\"@type\":\"BreadcrumbList\",\"@id\":\"https:\/\/fadeu.urantiacos.cl\/en\/2021\/09\/12\/marq-uc-sube-al-puesto-no15-a-nivel-mundial-en-el-ranking-bam-2021\/#breadcrumb\",\"itemListElement\":[{\"@type\":\"ListItem\",\"position\":1,\"name\":\"Portada\",\"item\":\"https:\/\/fadeu.urantiacos.cl\/en\/\"},{\"@type\":\"ListItem\",\"position\":2,\"name\":\"MARQ UC sube al puesto n\u00ba15 a nivel mundial en el ranking BAM 2021\"}]},{\"@type\":\"WebSite\",\"@id\":\"https:\/\/fadeu.urantiacos.cl\/en\/#website\",\"url\":\"https:\/\/fadeu.urantiacos.cl\/en\/\",\"name\":\"Facultad de Arquitectura, Dise\u00f1o y Estudios Urbanos\",\"description\":\"Campus Lo Contador\",\"potentialAction\":[{\"@type\":\"SearchAction\",\"target\":{\"@type\":\"EntryPoint\",\"urlTemplate\":\"https:\/\/fadeu.urantiacos.cl\/en\/?s={search_term_string}\"},\"query-input\":{\"@type\":\"PropertyValueSpecification\",\"valueRequired\":true,\"valueName\":\"search_term_string\"}}],\"inLanguage\":\"en-US\"},{\"@type\":\"Person\",\"@id\":\"https:\/\/fadeu.urantiacos.cl\/en\/#\/schema\/person\/d203e2e84b1c40275eac77b3061a19a2\",\"name\":\"manadmin\",\"image\":{\"@type\":\"ImageObject\",\"inLanguage\":\"en-US\",\"@id\":\"https:\/\/fadeu.urantiacos.cl\/en\/#\/schema\/person\/image\/\",\"url\":\"https:\/\/secure.gravatar.com\/avatar\/4b1d8e3303b4a9d8968ac578947d8bc80d9aea359f388cdd4aac15cadc0e8447?s=96&d=mm&r=g\",\"contentUrl\":\"https:\/\/secure.gravatar.com\/avatar\/4b1d8e3303b4a9d8968ac578947d8bc80d9aea359f388cdd4aac15cadc0e8447?s=96&d=mm&r=g\",\"caption\":\"manadmin\"},\"sameAs\":[\"https:\/\/fadeu.urantiacos.cl\"]}]}<\/script>\n<!-- \/ Yoast SEO plugin. -->","yoast_head_json":{"title":"MARQ UC sube al puesto n\u00ba15 a nivel mundial en el ranking BAM 2021 - Facultad de Arquitectura, Dise\u00f1o y Estudios Urbanos","description":"El Mag\u00edster en Arquitectura UC (MARQ) comparte esta posici\u00f3n con el M.Arch del Southern California Institute of Architecture de Los \u00c1ngeles.","robots":{"index":"index","follow":"follow","max-snippet":"max-snippet:-1","max-image-preview":"max-image-preview:large","max-video-preview":"max-video-preview:-1"},"canonical":"https:\/\/fadeu.urantiacos.cl\/en\/2021\/09\/12\/marq-uc-sube-al-puesto-no15-a-nivel-mundial-en-el-ranking-bam-2021\/","og_locale":"en_US","og_type":"article","og_title":"MARQ UC sube al puesto n\u00ba15 a nivel mundial en el ranking BAM 2021 - Facultad de Arquitectura, Dise\u00f1o y Estudios Urbanos","og_description":"El Mag\u00edster en Arquitectura UC (MARQ) comparte esta posici\u00f3n con el M.Arch del Southern California Institute of Architecture de Los \u00c1ngeles.","og_url":"https:\/\/fadeu.urantiacos.cl\/en\/2021\/09\/12\/marq-uc-sube-al-puesto-no15-a-nivel-mundial-en-el-ranking-bam-2021\/","og_site_name":"Facultad de Arquitectura, Dise\u00f1o y Estudios Urbanos","article_published_time":"2021-09-12T18:49:00+00:00","article_modified_time":"2023-09-07T18:53:06+00:00","og_image":[{"width":350,"height":250,"url":"https:\/\/fadeu.urantiacos.cl\/wp-content\/uploads\/2023\/09\/MARQ_800.jpg","type":"image\/jpeg"}],"author":"manadmin","twitter_card":"summary_large_image","twitter_misc":{"Written by":"manadmin","Est. reading time":"2 minutes"},"schema":{"@context":"https:\/\/schema.org","@graph":[{"@type":"Article","@id":"https:\/\/fadeu.urantiacos.cl\/en\/2021\/09\/12\/marq-uc-sube-al-puesto-no15-a-nivel-mundial-en-el-ranking-bam-2021\/#article","isPartOf":{"@id":"https:\/\/fadeu.urantiacos.cl\/en\/2021\/09\/12\/marq-uc-sube-al-puesto-no15-a-nivel-mundial-en-el-ranking-bam-2021\/"},"author":{"name":"manadmin","@id":"https:\/\/fadeu.urantiacos.cl\/en\/#\/schema\/person\/d203e2e84b1c40275eac77b3061a19a2"},"headline":"MARQ UC sube al puesto n\u00ba15 a nivel mundial en el ranking BAM 2021","datePublished":"2021-09-12T18:49:00+00:00","dateModified":"2023-09-07T18:53:06+00:00","mainEntityOfPage":{"@id":"https:\/\/fadeu.urantiacos.cl\/en\/2021\/09\/12\/marq-uc-sube-al-puesto-no15-a-nivel-mundial-en-el-ranking-bam-2021\/"},"wordCount":318,"commentCount":0,"image":{"@id":"https:\/\/fadeu.urantiacos.cl\/en\/2021\/09\/12\/marq-uc-sube-al-puesto-no15-a-nivel-mundial-en-el-ranking-bam-2021\/#primaryimage"},"thumbnailUrl":"https:\/\/fadeu.urantiacos.cl\/wp-content\/uploads\/2023\/09\/MARQ_800.jpg","articleSection":["Sin categorizar"],"inLanguage":"en-US","potentialAction":[{"@type":"CommentAction","name":"Comment","target":["https:\/\/fadeu.urantiacos.cl\/en\/2021\/09\/12\/marq-uc-sube-al-puesto-no15-a-nivel-mundial-en-el-ranking-bam-2021\/#respond"]}]},{"@type":"WebPage","@id":"https:\/\/fadeu.urantiacos.cl\/en\/2021\/09\/12\/marq-uc-sube-al-puesto-no15-a-nivel-mundial-en-el-ranking-bam-2021\/","url":"https:\/\/fadeu.urantiacos.cl\/en\/2021\/09\/12\/marq-uc-sube-al-puesto-no15-a-nivel-mundial-en-el-ranking-bam-2021\/","name":"MARQ UC sube al puesto n\u00ba15 a nivel mundial en el ranking BAM 2021 - Facultad de Arquitectura, Dise\u00f1o y Estudios Urbanos","isPartOf":{"@id":"https:\/\/fadeu.urantiacos.cl\/en\/#website"},"primaryImageOfPage":{"@id":"https:\/\/fadeu.urantiacos.cl\/en\/2021\/09\/12\/marq-uc-sube-al-puesto-no15-a-nivel-mundial-en-el-ranking-bam-2021\/#primaryimage"},"image":{"@id":"https:\/\/fadeu.urantiacos.cl\/en\/2021\/09\/12\/marq-uc-sube-al-puesto-no15-a-nivel-mundial-en-el-ranking-bam-2021\/#primaryimage"},"thumbnailUrl":"https:\/\/fadeu.urantiacos.cl\/wp-content\/uploads\/2023\/09\/MARQ_800.jpg","datePublished":"2021-09-12T18:49:00+00:00","dateModified":"2023-09-07T18:53:06+00:00","author":{"@id":"https:\/\/fadeu.urantiacos.cl\/en\/#\/schema\/person\/d203e2e84b1c40275eac77b3061a19a2"},"description":"El Mag\u00edster en Arquitectura UC (MARQ) comparte esta posici\u00f3n con el M.Arch del Southern California Institute of Architecture de Los \u00c1ngeles.","breadcrumb":{"@id":"https:\/\/fadeu.urantiacos.cl\/en\/2021\/09\/12\/marq-uc-sube-al-puesto-no15-a-nivel-mundial-en-el-ranking-bam-2021\/#breadcrumb"},"inLanguage":"en-US","potentialAction":[{"@type":"ReadAction","target":["https:\/\/fadeu.urantiacos.cl\/en\/2021\/09\/12\/marq-uc-sube-al-puesto-no15-a-nivel-mundial-en-el-ranking-bam-2021\/"]}]},{"@type":"ImageObject","inLanguage":"en-US","@id":"https:\/\/fadeu.urantiacos.cl\/en\/2021\/09\/12\/marq-uc-sube-al-puesto-no15-a-nivel-mundial-en-el-ranking-bam-2021\/#primaryimage","url":"https:\/\/fadeu.urantiacos.cl\/wp-content\/uploads\/2023\/09\/MARQ_800.jpg","contentUrl":"https:\/\/fadeu.urantiacos.cl\/wp-content\/uploads\/2023\/09\/MARQ_800.jpg","width":350,"height":250},{"@type":"BreadcrumbList","@id":"https:\/\/fadeu.urantiacos.cl\/en\/2021\/09\/12\/marq-uc-sube-al-puesto-no15-a-nivel-mundial-en-el-ranking-bam-2021\/#breadcrumb","itemListElement":[{"@type":"ListItem","position":1,"name":"Portada","item":"https:\/\/fadeu.urantiacos.cl\/en\/"},{"@type":"ListItem","position":2,"name":"MARQ UC sube al puesto n\u00ba15 a nivel mundial en el ranking BAM 2021"}]},{"@type":"WebSite","@id":"https:\/\/fadeu.urantiacos.cl\/en\/#website","url":"https:\/\/fadeu.urantiacos.cl\/en\/","name":"Facultad de Arquitectura, Dise\u00f1o y Estudios Urbanos","description":"Campus Lo Contador","potentialAction":[{"@type":"SearchAction","target":{"@type":"EntryPoint","urlTemplate":"https:\/\/fadeu.urantiacos.cl\/en\/?s={search_term_string}"},"query-input":{"@type":"PropertyValueSpecification","valueRequired":true,"valueName":"search_term_string"}}],"inLanguage":"en-US"},{"@type":"Person","@id":"https:\/\/fadeu.urantiacos.cl\/en\/#\/schema\/person\/d203e2e84b1c40275eac77b3061a19a2","name":"manadmin","image":{"@type":"ImageObject","inLanguage":"en-US","@id":"https:\/\/fadeu.urantiacos.cl\/en\/#\/schema\/person\/image\/","url":"https:\/\/secure.gravatar.com\/avatar\/4b1d8e3303b4a9d8968ac578947d8bc80d9aea359f388cdd4aac15cadc0e8447?s=96&d=mm&r=g","contentUrl":"https:\/\/secure.gravatar.com\/avatar\/4b1d8e3303b4a9d8968ac578947d8bc80d9aea359f388cdd4aac15cadc0e8447?s=96&d=mm&r=g","caption":"manadmin"},"sameAs":["https:\/\/fadeu.urantiacos.cl"]}]}},"_links":{"self":[{"href":"https:\/\/fadeu.urantiacos.cl\/en\/wp-json\/wp\/v2\/posts\/6367","targetHints":{"allow":["GET"]}}],"collection":[{"href":"https:\/\/fadeu.urantiacos.cl\/en\/wp-json\/wp\/v2\/posts"}],"about":[{"href":"https:\/\/fadeu.urantiacos.cl\/en\/wp-json\/wp\/v2\/types\/post"}],"author":[{"embeddable":true,"href":"https:\/\/fadeu.urantiacos.cl\/en\/wp-json\/wp\/v2\/users\/1"}],"replies":[{"embeddable":true,"href":"https:\/\/fadeu.urantiacos.cl\/en\/wp-json\/wp\/v2\/comments?post=6367"}],"version-history":[{"count":1,"href":"https:\/\/fadeu.urantiacos.cl\/en\/wp-json\/wp\/v2\/posts\/6367\/revisions"}],"predecessor-version":[{"id":6370,"href":"https:\/\/fadeu.urantiacos.cl\/en\/wp-json\/wp\/v2\/posts\/6367\/revisions\/6370"}],"wp:featuredmedia":[{"embeddable":true,"href":"https:\/\/fadeu.urantiacos.cl\/en\/wp-json\/wp\/v2\/media\/6368"}],"wp:attachment":[{"href":"https:\/\/fadeu.urantiacos.cl\/en\/wp-json\/wp\/v2\/media?parent=6367"}],"wp:term":[{"taxonomy":"category","embeddable":true,"href":"https:\/\/fadeu.urantiacos.cl\/en\/wp-json\/wp\/v2\/categories?post=6367"},{"taxonomy":"post_tag","embeddable":true,"href":"https:\/\/fadeu.urantiacos.cl\/en\/wp-json\/wp\/v2\/tags?post=6367"}],"curies":[{"name":"wp","href":"https:\/\/api.w.org\/{rel}","templated":true}]}}