{"id":6364,"date":"2021-09-12T15:47:00","date_gmt":"2021-09-12T18:47:00","guid":{"rendered":"https:\/\/fadeu.urantiacos.cl\/?p=6364"},"modified":"2023-09-07T15:49:39","modified_gmt":"2023-09-07T18:49:39","slug":"horacio-torrent-fue-parte-del-jurado-del-docomomo-rehabilitation-award","status":"publish","type":"post","link":"https:\/\/fadeu.urantiacos.cl\/en\/2021\/09\/12\/horacio-torrent-fue-parte-del-jurado-del-docomomo-rehabilitation-award\/","title":{"rendered":"Horacio Torrent fue parte del jurado del Docomomo Rehabilitation Award"},"content":{"rendered":"\n<figure class=\"wp-block-image size-full\"><img decoding=\"async\" width=\"350\" height=\"250\" src=\"https:\/\/fadeu.urantiacos.cl\/wp-content\/uploads\/2023\/09\/docomomo_HM_13092021.png\" alt=\"\" class=\"wp-image-6365\" srcset=\"https:\/\/fadeu.urantiacos.cl\/wp-content\/uploads\/2023\/09\/docomomo_HM_13092021.png 350w, https:\/\/fadeu.urantiacos.cl\/wp-content\/uploads\/2023\/09\/docomomo_HM_13092021-300x214.png 300w\" sizes=\"(max-width: 350px) 100vw, 350px\" \/><\/figure>\n\n\n\n<p>El 01 de septiembre de 2021 se llev\u00f3 a cabo la ceremonia de premiaci\u00f3n celebrada en la XVI Conferencia Internacional Docomomo, donde se revelaron las 18 intervenciones ganadoras y los premios a la trayectoria. Organizados en 10 categor\u00edas, los premios reconocen proyectos excepcionales de rehabilitaci\u00f3n en todo el mundo capaces de responder a las complejas y din\u00e1micas condiciones con las que debe enfrentarse la arquitectura en la actualidad.<\/p>\n\n\n\n<p>De esta forma, el Docomomo Rehabilitation Award amplifica el papel de Docomomo International en la documentaci\u00f3n y conservaci\u00f3n del legado moderno y tiene como objetivo reconocer y difundir los mejores esfuerzos para preservar la arquitectura moderna, adapt\u00e1ndola a los est\u00e1ndares contempor\u00e1neos; sensibilizando sobre el valor de las obras; inspirando una reflexi\u00f3n consciente sobre la Modernidad como patrimonio vivo; y apelando a un enfoque global y sostenible del futuro de estos edificios.<\/p>\n\n\n\n<p>Por otro lado, las obras premiadas en las 10 categor\u00edas incluyen la Neue Nationalgalerie de Mies van der Rohe en Berl\u00edn, la \u00d3pera de Sydney de J\u00f8rn Utzon and Hall, Todd &amp; Littlemore y el Orfanato Municipal de \u00c1msterdam de Aldo Van Eyck. Asimismo, la instancia destac\u00f3 tambi\u00e9n la trayectoria de Winfried Brenne, dedicando su vida a la promoci\u00f3n del legado del Movimiento Moderno.<\/p>\n\n\n\n<p>El panel de jurados estuvo compuesto por Ana Tostoes, Barry Bergdoll, Yoshiyuki Yamana, Uta Potgiesser, Scott Robertson y el profesor ARQ UC Horacio Torrent.<\/p>\n\n\n\n<p>Ver el listado completo de edificios premiados en el siguiente&nbsp;<a href=\"https:\/\/www.docomomo.com\/rehabilitation-award\" target=\"_blank\" rel=\"noreferrer noopener\">link<\/a>&nbsp;<\/p>\n\n\n\n<figure class=\"wp-block-embed is-type-video is-provider-youtube wp-block-embed-youtube wp-embed-aspect-16-9 wp-has-aspect-ratio\"><div class=\"wp-block-embed__wrapper\">\n<iframe loading=\"lazy\" title=\"Docomomo Rehabilitation Award 2021\" width=\"500\" height=\"281\" src=\"https:\/\/www.youtube.com\/embed\/Hj_9WLDXu9s?feature=oembed\" frameborder=\"0\" allow=\"accelerometer; autoplay; clipboard-write; encrypted-media; gyroscope; picture-in-picture; web-share\" referrerpolicy=\"strict-origin-when-cross-origin\" allowfullscreen><\/iframe>\n<\/div><\/figure>\n\n\n\n<p>Noticias<\/p>\n\n\n\n<p>Contacto:&nbsp;<a href=\"mailto:redesarq@uc.cl\">redesarq@uc.cl<\/a>&nbsp;| +56 2 2354 7747<br>www.arquitectura.uc.cl<\/p>\n","protected":false},"excerpt":{"rendered":"<p>El profesor ARQ UC fue parte del jurado de la primera versi\u00f3n del Premio de Rehabilitaci\u00f3n Docomomo (DRAW), enfocado a reconocer las intervenciones destacadas de los \u00faltimos 12 a\u00f1os en la arquitectura moderna.<\/p>\n","protected":false},"author":1,"featured_media":6365,"comment_status":"open","ping_status":"open","sticky":false,"template":"","format":"standard","meta":{"_acf_changed":false,"footnotes":""},"categories":[1],"tags":[],"class_list":["post-6364","post","type-post","status-publish","format-standard","has-post-thumbnail","hentry","category-sin-categorizar"],"acf":[],"yoast_head":"<!-- This site is optimized with the Yoast SEO plugin v27.1.1 - https:\/\/yoast.com\/product\/yoast-seo-wordpress\/ -->\n<title>Horacio Torrent fue parte del jurado del Docomomo Rehabilitation Award - Facultad de Arquitectura, Dise\u00f1o y Estudios Urbanos<\/title>\n<meta name=\"description\" content=\"El profesor ARQ UC fue parte del jurado de la primera versi\u00f3n del Premio de Rehabilitaci\u00f3n Docomomo (DRAW), enfocado a reconocer las intervenciones destacadas de los \u00faltimos 12 a\u00f1os en la arquitectura moderna.\" \/>\n<meta name=\"robots\" content=\"index, follow, max-snippet:-1, max-image-preview:large, max-video-preview:-1\" \/>\n<link rel=\"canonical\" href=\"https:\/\/fadeu.urantiacos.cl\/en\/2021\/09\/12\/horacio-torrent-fue-parte-del-jurado-del-docomomo-rehabilitation-award\/\" \/>\n<meta property=\"og:locale\" content=\"en_US\" \/>\n<meta property=\"og:type\" content=\"article\" \/>\n<meta property=\"og:title\" content=\"Horacio Torrent fue parte del jurado del Docomomo Rehabilitation Award - Facultad de Arquitectura, Dise\u00f1o y Estudios Urbanos\" \/>\n<meta property=\"og:description\" content=\"El profesor ARQ UC fue parte del jurado de la primera versi\u00f3n del Premio de Rehabilitaci\u00f3n Docomomo (DRAW), enfocado a reconocer las intervenciones destacadas de los \u00faltimos 12 a\u00f1os en la arquitectura moderna.\" \/>\n<meta property=\"og:url\" content=\"https:\/\/fadeu.urantiacos.cl\/en\/2021\/09\/12\/horacio-torrent-fue-parte-del-jurado-del-docomomo-rehabilitation-award\/\" \/>\n<meta property=\"og:site_name\" content=\"Facultad de Arquitectura, Dise\u00f1o y Estudios Urbanos\" \/>\n<meta property=\"article:published_time\" content=\"2021-09-12T18:47:00+00:00\" \/>\n<meta property=\"article:modified_time\" content=\"2023-09-07T18:49:39+00:00\" \/>\n<meta property=\"og:image\" content=\"https:\/\/fadeu.urantiacos.cl\/wp-content\/uploads\/2023\/09\/docomomo_HM_13092021.png\" \/>\n\t<meta property=\"og:image:width\" content=\"350\" \/>\n\t<meta property=\"og:image:height\" content=\"250\" \/>\n\t<meta property=\"og:image:type\" content=\"image\/png\" \/>\n<meta name=\"author\" content=\"manadmin\" \/>\n<meta name=\"twitter:card\" content=\"summary_large_image\" \/>\n<meta name=\"twitter:label1\" content=\"Written by\" \/>\n\t<meta name=\"twitter:data1\" content=\"manadmin\" \/>\n\t<meta name=\"twitter:label2\" content=\"Est. reading time\" \/>\n\t<meta name=\"twitter:data2\" content=\"1 minute\" \/>\n<script type=\"application\/ld+json\" class=\"yoast-schema-graph\">{\"@context\":\"https:\/\/schema.org\",\"@graph\":[{\"@type\":\"Article\",\"@id\":\"https:\/\/fadeu.urantiacos.cl\/en\/2021\/09\/12\/horacio-torrent-fue-parte-del-jurado-del-docomomo-rehabilitation-award\/#article\",\"isPartOf\":{\"@id\":\"https:\/\/fadeu.urantiacos.cl\/en\/2021\/09\/12\/horacio-torrent-fue-parte-del-jurado-del-docomomo-rehabilitation-award\/\"},\"author\":{\"name\":\"manadmin\",\"@id\":\"https:\/\/fadeu.urantiacos.cl\/en\/#\/schema\/person\/d203e2e84b1c40275eac77b3061a19a2\"},\"headline\":\"Horacio Torrent fue parte del jurado del Docomomo Rehabilitation Award\",\"datePublished\":\"2021-09-12T18:47:00+00:00\",\"dateModified\":\"2023-09-07T18:49:39+00:00\",\"mainEntityOfPage\":{\"@id\":\"https:\/\/fadeu.urantiacos.cl\/en\/2021\/09\/12\/horacio-torrent-fue-parte-del-jurado-del-docomomo-rehabilitation-award\/\"},\"wordCount\":277,\"commentCount\":0,\"image\":{\"@id\":\"https:\/\/fadeu.urantiacos.cl\/en\/2021\/09\/12\/horacio-torrent-fue-parte-del-jurado-del-docomomo-rehabilitation-award\/#primaryimage\"},\"thumbnailUrl\":\"https:\/\/fadeu.urantiacos.cl\/wp-content\/uploads\/2023\/09\/docomomo_HM_13092021.png\",\"articleSection\":[\"Sin categorizar\"],\"inLanguage\":\"en-US\",\"potentialAction\":[{\"@type\":\"CommentAction\",\"name\":\"Comment\",\"target\":[\"https:\/\/fadeu.urantiacos.cl\/en\/2021\/09\/12\/horacio-torrent-fue-parte-del-jurado-del-docomomo-rehabilitation-award\/#respond\"]}]},{\"@type\":\"WebPage\",\"@id\":\"https:\/\/fadeu.urantiacos.cl\/en\/2021\/09\/12\/horacio-torrent-fue-parte-del-jurado-del-docomomo-rehabilitation-award\/\",\"url\":\"https:\/\/fadeu.urantiacos.cl\/en\/2021\/09\/12\/horacio-torrent-fue-parte-del-jurado-del-docomomo-rehabilitation-award\/\",\"name\":\"Horacio Torrent fue parte del jurado del Docomomo Rehabilitation Award - Facultad de Arquitectura, Dise\u00f1o y Estudios Urbanos\",\"isPartOf\":{\"@id\":\"https:\/\/fadeu.urantiacos.cl\/en\/#website\"},\"primaryImageOfPage\":{\"@id\":\"https:\/\/fadeu.urantiacos.cl\/en\/2021\/09\/12\/horacio-torrent-fue-parte-del-jurado-del-docomomo-rehabilitation-award\/#primaryimage\"},\"image\":{\"@id\":\"https:\/\/fadeu.urantiacos.cl\/en\/2021\/09\/12\/horacio-torrent-fue-parte-del-jurado-del-docomomo-rehabilitation-award\/#primaryimage\"},\"thumbnailUrl\":\"https:\/\/fadeu.urantiacos.cl\/wp-content\/uploads\/2023\/09\/docomomo_HM_13092021.png\",\"datePublished\":\"2021-09-12T18:47:00+00:00\",\"dateModified\":\"2023-09-07T18:49:39+00:00\",\"author\":{\"@id\":\"https:\/\/fadeu.urantiacos.cl\/en\/#\/schema\/person\/d203e2e84b1c40275eac77b3061a19a2\"},\"description\":\"El profesor ARQ UC fue parte del jurado de la primera versi\u00f3n del Premio de Rehabilitaci\u00f3n Docomomo (DRAW), enfocado a reconocer las intervenciones destacadas de los \u00faltimos 12 a\u00f1os en la arquitectura moderna.\",\"breadcrumb\":{\"@id\":\"https:\/\/fadeu.urantiacos.cl\/en\/2021\/09\/12\/horacio-torrent-fue-parte-del-jurado-del-docomomo-rehabilitation-award\/#breadcrumb\"},\"inLanguage\":\"en-US\",\"potentialAction\":[{\"@type\":\"ReadAction\",\"target\":[\"https:\/\/fadeu.urantiacos.cl\/en\/2021\/09\/12\/horacio-torrent-fue-parte-del-jurado-del-docomomo-rehabilitation-award\/\"]}]},{\"@type\":\"ImageObject\",\"inLanguage\":\"en-US\",\"@id\":\"https:\/\/fadeu.urantiacos.cl\/en\/2021\/09\/12\/horacio-torrent-fue-parte-del-jurado-del-docomomo-rehabilitation-award\/#primaryimage\",\"url\":\"https:\/\/fadeu.urantiacos.cl\/wp-content\/uploads\/2023\/09\/docomomo_HM_13092021.png\",\"contentUrl\":\"https:\/\/fadeu.urantiacos.cl\/wp-content\/uploads\/2023\/09\/docomomo_HM_13092021.png\",\"width\":350,\"height\":250},{\"@type\":\"BreadcrumbList\",\"@id\":\"https:\/\/fadeu.urantiacos.cl\/en\/2021\/09\/12\/horacio-torrent-fue-parte-del-jurado-del-docomomo-rehabilitation-award\/#breadcrumb\",\"itemListElement\":[{\"@type\":\"ListItem\",\"position\":1,\"name\":\"Portada\",\"item\":\"https:\/\/fadeu.urantiacos.cl\/en\/\"},{\"@type\":\"ListItem\",\"position\":2,\"name\":\"Horacio Torrent fue parte del jurado del Docomomo Rehabilitation Award\"}]},{\"@type\":\"WebSite\",\"@id\":\"https:\/\/fadeu.urantiacos.cl\/en\/#website\",\"url\":\"https:\/\/fadeu.urantiacos.cl\/en\/\",\"name\":\"Facultad de Arquitectura, Dise\u00f1o y Estudios Urbanos\",\"description\":\"Campus Lo Contador\",\"potentialAction\":[{\"@type\":\"SearchAction\",\"target\":{\"@type\":\"EntryPoint\",\"urlTemplate\":\"https:\/\/fadeu.urantiacos.cl\/en\/?s={search_term_string}\"},\"query-input\":{\"@type\":\"PropertyValueSpecification\",\"valueRequired\":true,\"valueName\":\"search_term_string\"}}],\"inLanguage\":\"en-US\"},{\"@type\":\"Person\",\"@id\":\"https:\/\/fadeu.urantiacos.cl\/en\/#\/schema\/person\/d203e2e84b1c40275eac77b3061a19a2\",\"name\":\"manadmin\",\"image\":{\"@type\":\"ImageObject\",\"inLanguage\":\"en-US\",\"@id\":\"https:\/\/fadeu.urantiacos.cl\/en\/#\/schema\/person\/image\/\",\"url\":\"https:\/\/secure.gravatar.com\/avatar\/4b1d8e3303b4a9d8968ac578947d8bc80d9aea359f388cdd4aac15cadc0e8447?s=96&d=mm&r=g\",\"contentUrl\":\"https:\/\/secure.gravatar.com\/avatar\/4b1d8e3303b4a9d8968ac578947d8bc80d9aea359f388cdd4aac15cadc0e8447?s=96&d=mm&r=g\",\"caption\":\"manadmin\"},\"sameAs\":[\"https:\/\/fadeu.urantiacos.cl\"]}]}<\/script>\n<!-- \/ Yoast SEO plugin. -->","yoast_head_json":{"title":"Horacio Torrent fue parte del jurado del Docomomo Rehabilitation Award - Facultad de Arquitectura, Dise\u00f1o y Estudios Urbanos","description":"El profesor ARQ UC fue parte del jurado de la primera versi\u00f3n del Premio de Rehabilitaci\u00f3n Docomomo (DRAW), enfocado a reconocer las intervenciones destacadas de los \u00faltimos 12 a\u00f1os en la arquitectura moderna.","robots":{"index":"index","follow":"follow","max-snippet":"max-snippet:-1","max-image-preview":"max-image-preview:large","max-video-preview":"max-video-preview:-1"},"canonical":"https:\/\/fadeu.urantiacos.cl\/en\/2021\/09\/12\/horacio-torrent-fue-parte-del-jurado-del-docomomo-rehabilitation-award\/","og_locale":"en_US","og_type":"article","og_title":"Horacio Torrent fue parte del jurado del Docomomo Rehabilitation Award - Facultad de Arquitectura, Dise\u00f1o y Estudios Urbanos","og_description":"El profesor ARQ UC fue parte del jurado de la primera versi\u00f3n del Premio de Rehabilitaci\u00f3n Docomomo (DRAW), enfocado a reconocer las intervenciones destacadas de los \u00faltimos 12 a\u00f1os en la arquitectura moderna.","og_url":"https:\/\/fadeu.urantiacos.cl\/en\/2021\/09\/12\/horacio-torrent-fue-parte-del-jurado-del-docomomo-rehabilitation-award\/","og_site_name":"Facultad de Arquitectura, Dise\u00f1o y Estudios Urbanos","article_published_time":"2021-09-12T18:47:00+00:00","article_modified_time":"2023-09-07T18:49:39+00:00","og_image":[{"width":350,"height":250,"url":"https:\/\/fadeu.urantiacos.cl\/wp-content\/uploads\/2023\/09\/docomomo_HM_13092021.png","type":"image\/png"}],"author":"manadmin","twitter_card":"summary_large_image","twitter_misc":{"Written by":"manadmin","Est. reading time":"1 minute"},"schema":{"@context":"https:\/\/schema.org","@graph":[{"@type":"Article","@id":"https:\/\/fadeu.urantiacos.cl\/en\/2021\/09\/12\/horacio-torrent-fue-parte-del-jurado-del-docomomo-rehabilitation-award\/#article","isPartOf":{"@id":"https:\/\/fadeu.urantiacos.cl\/en\/2021\/09\/12\/horacio-torrent-fue-parte-del-jurado-del-docomomo-rehabilitation-award\/"},"author":{"name":"manadmin","@id":"https:\/\/fadeu.urantiacos.cl\/en\/#\/schema\/person\/d203e2e84b1c40275eac77b3061a19a2"},"headline":"Horacio Torrent fue parte del jurado del Docomomo Rehabilitation Award","datePublished":"2021-09-12T18:47:00+00:00","dateModified":"2023-09-07T18:49:39+00:00","mainEntityOfPage":{"@id":"https:\/\/fadeu.urantiacos.cl\/en\/2021\/09\/12\/horacio-torrent-fue-parte-del-jurado-del-docomomo-rehabilitation-award\/"},"wordCount":277,"commentCount":0,"image":{"@id":"https:\/\/fadeu.urantiacos.cl\/en\/2021\/09\/12\/horacio-torrent-fue-parte-del-jurado-del-docomomo-rehabilitation-award\/#primaryimage"},"thumbnailUrl":"https:\/\/fadeu.urantiacos.cl\/wp-content\/uploads\/2023\/09\/docomomo_HM_13092021.png","articleSection":["Sin categorizar"],"inLanguage":"en-US","potentialAction":[{"@type":"CommentAction","name":"Comment","target":["https:\/\/fadeu.urantiacos.cl\/en\/2021\/09\/12\/horacio-torrent-fue-parte-del-jurado-del-docomomo-rehabilitation-award\/#respond"]}]},{"@type":"WebPage","@id":"https:\/\/fadeu.urantiacos.cl\/en\/2021\/09\/12\/horacio-torrent-fue-parte-del-jurado-del-docomomo-rehabilitation-award\/","url":"https:\/\/fadeu.urantiacos.cl\/en\/2021\/09\/12\/horacio-torrent-fue-parte-del-jurado-del-docomomo-rehabilitation-award\/","name":"Horacio Torrent fue parte del jurado del Docomomo Rehabilitation Award - Facultad de Arquitectura, Dise\u00f1o y Estudios Urbanos","isPartOf":{"@id":"https:\/\/fadeu.urantiacos.cl\/en\/#website"},"primaryImageOfPage":{"@id":"https:\/\/fadeu.urantiacos.cl\/en\/2021\/09\/12\/horacio-torrent-fue-parte-del-jurado-del-docomomo-rehabilitation-award\/#primaryimage"},"image":{"@id":"https:\/\/fadeu.urantiacos.cl\/en\/2021\/09\/12\/horacio-torrent-fue-parte-del-jurado-del-docomomo-rehabilitation-award\/#primaryimage"},"thumbnailUrl":"https:\/\/fadeu.urantiacos.cl\/wp-content\/uploads\/2023\/09\/docomomo_HM_13092021.png","datePublished":"2021-09-12T18:47:00+00:00","dateModified":"2023-09-07T18:49:39+00:00","author":{"@id":"https:\/\/fadeu.urantiacos.cl\/en\/#\/schema\/person\/d203e2e84b1c40275eac77b3061a19a2"},"description":"El profesor ARQ UC fue parte del jurado de la primera versi\u00f3n del Premio de Rehabilitaci\u00f3n Docomomo (DRAW), enfocado a reconocer las intervenciones destacadas de los \u00faltimos 12 a\u00f1os en la arquitectura moderna.","breadcrumb":{"@id":"https:\/\/fadeu.urantiacos.cl\/en\/2021\/09\/12\/horacio-torrent-fue-parte-del-jurado-del-docomomo-rehabilitation-award\/#breadcrumb"},"inLanguage":"en-US","potentialAction":[{"@type":"ReadAction","target":["https:\/\/fadeu.urantiacos.cl\/en\/2021\/09\/12\/horacio-torrent-fue-parte-del-jurado-del-docomomo-rehabilitation-award\/"]}]},{"@type":"ImageObject","inLanguage":"en-US","@id":"https:\/\/fadeu.urantiacos.cl\/en\/2021\/09\/12\/horacio-torrent-fue-parte-del-jurado-del-docomomo-rehabilitation-award\/#primaryimage","url":"https:\/\/fadeu.urantiacos.cl\/wp-content\/uploads\/2023\/09\/docomomo_HM_13092021.png","contentUrl":"https:\/\/fadeu.urantiacos.cl\/wp-content\/uploads\/2023\/09\/docomomo_HM_13092021.png","width":350,"height":250},{"@type":"BreadcrumbList","@id":"https:\/\/fadeu.urantiacos.cl\/en\/2021\/09\/12\/horacio-torrent-fue-parte-del-jurado-del-docomomo-rehabilitation-award\/#breadcrumb","itemListElement":[{"@type":"ListItem","position":1,"name":"Portada","item":"https:\/\/fadeu.urantiacos.cl\/en\/"},{"@type":"ListItem","position":2,"name":"Horacio Torrent fue parte del jurado del Docomomo Rehabilitation Award"}]},{"@type":"WebSite","@id":"https:\/\/fadeu.urantiacos.cl\/en\/#website","url":"https:\/\/fadeu.urantiacos.cl\/en\/","name":"Facultad de Arquitectura, Dise\u00f1o y Estudios Urbanos","description":"Campus Lo Contador","potentialAction":[{"@type":"SearchAction","target":{"@type":"EntryPoint","urlTemplate":"https:\/\/fadeu.urantiacos.cl\/en\/?s={search_term_string}"},"query-input":{"@type":"PropertyValueSpecification","valueRequired":true,"valueName":"search_term_string"}}],"inLanguage":"en-US"},{"@type":"Person","@id":"https:\/\/fadeu.urantiacos.cl\/en\/#\/schema\/person\/d203e2e84b1c40275eac77b3061a19a2","name":"manadmin","image":{"@type":"ImageObject","inLanguage":"en-US","@id":"https:\/\/fadeu.urantiacos.cl\/en\/#\/schema\/person\/image\/","url":"https:\/\/secure.gravatar.com\/avatar\/4b1d8e3303b4a9d8968ac578947d8bc80d9aea359f388cdd4aac15cadc0e8447?s=96&d=mm&r=g","contentUrl":"https:\/\/secure.gravatar.com\/avatar\/4b1d8e3303b4a9d8968ac578947d8bc80d9aea359f388cdd4aac15cadc0e8447?s=96&d=mm&r=g","caption":"manadmin"},"sameAs":["https:\/\/fadeu.urantiacos.cl"]}]}},"_links":{"self":[{"href":"https:\/\/fadeu.urantiacos.cl\/en\/wp-json\/wp\/v2\/posts\/6364","targetHints":{"allow":["GET"]}}],"collection":[{"href":"https:\/\/fadeu.urantiacos.cl\/en\/wp-json\/wp\/v2\/posts"}],"about":[{"href":"https:\/\/fadeu.urantiacos.cl\/en\/wp-json\/wp\/v2\/types\/post"}],"author":[{"embeddable":true,"href":"https:\/\/fadeu.urantiacos.cl\/en\/wp-json\/wp\/v2\/users\/1"}],"replies":[{"embeddable":true,"href":"https:\/\/fadeu.urantiacos.cl\/en\/wp-json\/wp\/v2\/comments?post=6364"}],"version-history":[{"count":1,"href":"https:\/\/fadeu.urantiacos.cl\/en\/wp-json\/wp\/v2\/posts\/6364\/revisions"}],"predecessor-version":[{"id":6366,"href":"https:\/\/fadeu.urantiacos.cl\/en\/wp-json\/wp\/v2\/posts\/6364\/revisions\/6366"}],"wp:featuredmedia":[{"embeddable":true,"href":"https:\/\/fadeu.urantiacos.cl\/en\/wp-json\/wp\/v2\/media\/6365"}],"wp:attachment":[{"href":"https:\/\/fadeu.urantiacos.cl\/en\/wp-json\/wp\/v2\/media?parent=6364"}],"wp:term":[{"taxonomy":"category","embeddable":true,"href":"https:\/\/fadeu.urantiacos.cl\/en\/wp-json\/wp\/v2\/categories?post=6364"},{"taxonomy":"post_tag","embeddable":true,"href":"https:\/\/fadeu.urantiacos.cl\/en\/wp-json\/wp\/v2\/tags?post=6364"}],"curies":[{"name":"wp","href":"https:\/\/api.w.org\/{rel}","templated":true}]}}