{"id":6349,"date":"2021-09-13T15:38:00","date_gmt":"2021-09-13T18:38:00","guid":{"rendered":"https:\/\/fadeu.urantiacos.cl\/?p=6349"},"modified":"2023-09-07T15:41:18","modified_gmt":"2023-09-07T18:41:18","slug":"mincap-y-artesania-uc-entregaron-sello-de-excelencia-a-la-artesania-2021","status":"publish","type":"post","link":"https:\/\/fadeu.urantiacos.cl\/en\/2021\/09\/13\/mincap-y-artesania-uc-entregaron-sello-de-excelencia-a-la-artesania-2021\/","title":{"rendered":"MINCAP y Artesan\u00eda UC entregaron Sello de Excelencia a la Artesan\u00eda 2021"},"content":{"rendered":"\n<figure class=\"wp-block-image size-full\"><img decoding=\"async\" width=\"350\" height=\"250\" src=\"https:\/\/fadeu.urantiacos.cl\/wp-content\/uploads\/2023\/09\/SELLE_ARTESANIA_2021_WEB.png\" alt=\"\" class=\"wp-image-6350\" srcset=\"https:\/\/fadeu.urantiacos.cl\/wp-content\/uploads\/2023\/09\/SELLE_ARTESANIA_2021_WEB.png 350w, https:\/\/fadeu.urantiacos.cl\/wp-content\/uploads\/2023\/09\/SELLE_ARTESANIA_2021_WEB-300x214.png 300w\" sizes=\"(max-width: 350px) 100vw, 350px\" \/><\/figure>\n\n\n\n<p>Otorgado por el Comit\u00e9 Nacional de Artesan\u00eda -\u00c1rea de Artesan\u00eda del MINCAP y el Programa de Artesan\u00eda de la Escuela de Dise\u00f1o UC- con el patrocinio de la Oficina Unesco de Santiago, este reconocimiento busca destacar a artesanas y artesanos que destaquen por la proeza de su oficio, seg\u00fan par\u00e1metros de innovaci\u00f3n, tanto en el dise\u00f1o como en la fusi\u00f3n de materialidades, como tambi\u00e9n la excelencia en la t\u00e9cnica y el oficio, la autenticidad de la pieza y el respeto por el medioambiente.<\/p>\n\n\n\n<p>\u201cEl Sello de Excelencia a la Artesan\u00eda 2021 moviliza al sector artesanal a un constante reto por seguir perfeccionando, reinventando su trabajo y participando desde todo el pa\u00eds\u201d, dijo Rodrigo Ram\u00edrez, director de la Escuela de Dise\u00f1o de la UC, por su parte, la Ministra destac\u00f3 a la artesan\u00eda como una de las disciplinas que mejor refleja la diversidad cultural y geogr\u00e1fica del pa\u00eds\u201d, agregando que \u201c\u2026el Sello de Excelencia a la Artesan\u00eda ha sido una herramienta importante para potenciar la creaci\u00f3n, difusi\u00f3n y valorizaci\u00f3n del oficio de los artesanos y artesanas nacionales, quienes con su trabajo aportan a la recuperaci\u00f3n del pa\u00eds\u201d.<\/p>\n\n\n\n<p><strong>Sellos de Excelencia 2021<\/strong><\/p>\n\n\n\n<p>En 2021 fueron premiadas diez obras de las regiones de O\u2019Higgins, Metropolitana, Biob\u00edo, \u00d1uble, Los Lagos y Ays\u00e9n; entre m\u00e1s de 140 postulaciones provenientes de todo el pa\u00eds.<\/p>\n\n\n\n<p>1.- Carlos Riveros en Santa Cruz, autor de la pieza \u201cEstribo chileno tallado en madera\u201d<\/p>\n\n\n\n<p>2.- Agrupaci\u00f3n Trenzados de Catemu, en Paredones, compuesta por Roc\u00edo Schatzke, D\u00e9bora Vidal, Andrea Reyes y Zaida Mu\u00f1oz; quienes junto a las artesanas Berta C\u00e1ceres y Andrea G\u00f3mez crearon la obra \u201cSombreros Surcos\u201d.<\/p>\n\n\n\n<p>3.- Juan Carlos Orellana, de la regi\u00f3n de O\u00b4Higgins autor de la obra \u201cMicro f\u00f3sil Navidad\u201d.<\/p>\n\n\n\n<p>4.- Roberto Hern\u00e1ndez y de Daniela Poblete de Maip\u00fa, autores de la pieza la \u201cGuitarrona Mestiza N\u00ba2\u201d.<\/p>\n\n\n\n<p>5.-Cristi\u00e1n Molina, de Las Condes obtuvo sello con la pieza de orfebrer\u00eda \u201cReuni\u00f3n Ritual\u201d.<\/p>\n\n\n\n<p>6.- Jorge Olate de La Florida con \u201cUketravel, laurelia &amp; teniw\u201d.<\/p>\n\n\n\n<p>7.- Marco Mu\u00f1oz, de Ca\u00f1ete, Regi\u00f3n del Biob\u00edo, gan\u00f3 con su obra \u201cDureza de Nahuelbuta\u201d<\/p>\n\n\n\n<p>8.- Marcela Parra, de Ninhue, Regi\u00f3n de \u00d1uble, colchandera, obtuvo sello con su obra \u201cTrenzado Castellano\u201d.<\/p>\n\n\n\n<p>9.- Osvaldo Guineo, artesano textil de Quell\u00f3n, Regi\u00f3n de Los Lagos, recibi\u00f3 el reconocimiento con \u201cChilo\u00e9 en Color\u201d.<\/p>\n\n\n\n<p>10.- Rodrigo Lizama, artesano en madera de Coyhaique, Regi\u00f3n de Ays\u00e9n, gan\u00f3 este premio gracias a su obra \u201cConfluencia\u201d.<\/p>\n\n\n\n<p>Desde su creaci\u00f3n en el a\u00f1o 2008 (14 versiones), este premio ha sido entregado a un total de 159 obras (incluyendo a los 10 de este a\u00f1o).<\/p>\n\n\n\n<figure class=\"wp-block-image size-full\"><img decoding=\"async\" width=\"933\" height=\"498\" src=\"https:\/\/fadeu.urantiacos.cl\/wp-content\/uploads\/2023\/09\/Captura-de-Pantalla-2021-09-09-a-las-16.49.11.png\" alt=\"\" class=\"wp-image-6351\" srcset=\"https:\/\/fadeu.urantiacos.cl\/wp-content\/uploads\/2023\/09\/Captura-de-Pantalla-2021-09-09-a-las-16.49.11.png 933w, https:\/\/fadeu.urantiacos.cl\/wp-content\/uploads\/2023\/09\/Captura-de-Pantalla-2021-09-09-a-las-16.49.11-300x160.png 300w, https:\/\/fadeu.urantiacos.cl\/wp-content\/uploads\/2023\/09\/Captura-de-Pantalla-2021-09-09-a-las-16.49.11-768x410.png 768w\" sizes=\"(max-width: 933px) 100vw, 933px\" \/><\/figure>\n\n\n\n<p>INFORMACI\u00d3N PERIOD\u00cdSTICA<br>ESCUELA DE DISE\u00d1O UC<\/p>\n","protected":false},"excerpt":{"rendered":"<p>En una ceremonia que cont\u00f3 con la participaci\u00f3n del la Ministra de la Cultura, las Artes y el Patrimonio, Consuelo Vald\u00e9s, el director de Dise\u00f1o UC, Rodrigo Ram\u00edrez y la directora del Programa de Artesan\u00eda de la Escuela de Dise\u00f1o, Elena Alfaro, se realiz\u00f3 la entrega de los sellos de excelencia a la artesan\u00eda 2021.<\/p>\n","protected":false},"author":1,"featured_media":6350,"comment_status":"open","ping_status":"open","sticky":false,"template":"","format":"standard","meta":{"_acf_changed":false,"footnotes":""},"categories":[1],"tags":[],"class_list":["post-6349","post","type-post","status-publish","format-standard","has-post-thumbnail","hentry","category-sin-categorizar"],"acf":[],"yoast_head":"<!-- This site is optimized with the Yoast SEO plugin v27.1.1 - https:\/\/yoast.com\/product\/yoast-seo-wordpress\/ -->\n<title>MINCAP y Artesan\u00eda UC entregaron Sello de Excelencia a la Artesan\u00eda 2021 - Facultad de Arquitectura, Dise\u00f1o y Estudios Urbanos<\/title>\n<meta name=\"description\" content=\"En una ceremonia que cont\u00f3 con la participaci\u00f3n del la Ministra de la Cultura, las Artes y el Patrimonio, Consuelo Vald\u00e9s, el director de Dise\u00f1o UC, Rodrigo Ram\u00edrez y la directora del Programa de Artesan\u00eda de la Escuela de Dise\u00f1o, Elena Alfaro, se realiz\u00f3 la entrega de los sellos de excelencia a la artesan\u00eda 2021.\" \/>\n<meta name=\"robots\" content=\"index, follow, max-snippet:-1, max-image-preview:large, max-video-preview:-1\" \/>\n<link rel=\"canonical\" href=\"https:\/\/fadeu.urantiacos.cl\/en\/2021\/09\/13\/mincap-y-artesania-uc-entregaron-sello-de-excelencia-a-la-artesania-2021\/\" \/>\n<meta property=\"og:locale\" content=\"en_US\" \/>\n<meta property=\"og:type\" content=\"article\" \/>\n<meta property=\"og:title\" content=\"MINCAP y Artesan\u00eda UC entregaron Sello de Excelencia a la Artesan\u00eda 2021 - Facultad de Arquitectura, Dise\u00f1o y Estudios Urbanos\" \/>\n<meta property=\"og:description\" content=\"En una ceremonia que cont\u00f3 con la participaci\u00f3n del la Ministra de la Cultura, las Artes y el Patrimonio, Consuelo Vald\u00e9s, el director de Dise\u00f1o UC, Rodrigo Ram\u00edrez y la directora del Programa de Artesan\u00eda de la Escuela de Dise\u00f1o, Elena Alfaro, se realiz\u00f3 la entrega de los sellos de excelencia a la artesan\u00eda 2021.\" \/>\n<meta property=\"og:url\" content=\"https:\/\/fadeu.urantiacos.cl\/en\/2021\/09\/13\/mincap-y-artesania-uc-entregaron-sello-de-excelencia-a-la-artesania-2021\/\" \/>\n<meta property=\"og:site_name\" content=\"Facultad de Arquitectura, Dise\u00f1o y Estudios Urbanos\" \/>\n<meta property=\"article:published_time\" content=\"2021-09-13T18:38:00+00:00\" \/>\n<meta property=\"article:modified_time\" content=\"2023-09-07T18:41:18+00:00\" \/>\n<meta property=\"og:image\" content=\"https:\/\/fadeu.urantiacos.cl\/wp-content\/uploads\/2023\/09\/SELLE_ARTESANIA_2021_WEB.png\" \/>\n\t<meta property=\"og:image:width\" content=\"350\" \/>\n\t<meta property=\"og:image:height\" content=\"250\" \/>\n\t<meta property=\"og:image:type\" content=\"image\/png\" \/>\n<meta name=\"author\" content=\"manadmin\" \/>\n<meta name=\"twitter:card\" content=\"summary_large_image\" \/>\n<meta name=\"twitter:label1\" content=\"Written by\" \/>\n\t<meta name=\"twitter:data1\" content=\"manadmin\" \/>\n\t<meta name=\"twitter:label2\" content=\"Est. reading time\" \/>\n\t<meta name=\"twitter:data2\" content=\"2 minutes\" \/>\n<script type=\"application\/ld+json\" class=\"yoast-schema-graph\">{\"@context\":\"https:\/\/schema.org\",\"@graph\":[{\"@type\":\"Article\",\"@id\":\"https:\/\/fadeu.urantiacos.cl\/en\/2021\/09\/13\/mincap-y-artesania-uc-entregaron-sello-de-excelencia-a-la-artesania-2021\/#article\",\"isPartOf\":{\"@id\":\"https:\/\/fadeu.urantiacos.cl\/en\/2021\/09\/13\/mincap-y-artesania-uc-entregaron-sello-de-excelencia-a-la-artesania-2021\/\"},\"author\":{\"name\":\"manadmin\",\"@id\":\"https:\/\/fadeu.urantiacos.cl\/en\/#\/schema\/person\/d203e2e84b1c40275eac77b3061a19a2\"},\"headline\":\"MINCAP y Artesan\u00eda UC entregaron Sello de Excelencia a la Artesan\u00eda 2021\",\"datePublished\":\"2021-09-13T18:38:00+00:00\",\"dateModified\":\"2023-09-07T18:41:18+00:00\",\"mainEntityOfPage\":{\"@id\":\"https:\/\/fadeu.urantiacos.cl\/en\/2021\/09\/13\/mincap-y-artesania-uc-entregaron-sello-de-excelencia-a-la-artesania-2021\/\"},\"wordCount\":487,\"commentCount\":0,\"image\":{\"@id\":\"https:\/\/fadeu.urantiacos.cl\/en\/2021\/09\/13\/mincap-y-artesania-uc-entregaron-sello-de-excelencia-a-la-artesania-2021\/#primaryimage\"},\"thumbnailUrl\":\"https:\/\/fadeu.urantiacos.cl\/wp-content\/uploads\/2023\/09\/SELLE_ARTESANIA_2021_WEB.png\",\"articleSection\":[\"Sin categorizar\"],\"inLanguage\":\"en-US\",\"potentialAction\":[{\"@type\":\"CommentAction\",\"name\":\"Comment\",\"target\":[\"https:\/\/fadeu.urantiacos.cl\/en\/2021\/09\/13\/mincap-y-artesania-uc-entregaron-sello-de-excelencia-a-la-artesania-2021\/#respond\"]}]},{\"@type\":\"WebPage\",\"@id\":\"https:\/\/fadeu.urantiacos.cl\/en\/2021\/09\/13\/mincap-y-artesania-uc-entregaron-sello-de-excelencia-a-la-artesania-2021\/\",\"url\":\"https:\/\/fadeu.urantiacos.cl\/en\/2021\/09\/13\/mincap-y-artesania-uc-entregaron-sello-de-excelencia-a-la-artesania-2021\/\",\"name\":\"MINCAP y Artesan\u00eda UC entregaron Sello de Excelencia a la Artesan\u00eda 2021 - Facultad de Arquitectura, Dise\u00f1o y Estudios Urbanos\",\"isPartOf\":{\"@id\":\"https:\/\/fadeu.urantiacos.cl\/en\/#website\"},\"primaryImageOfPage\":{\"@id\":\"https:\/\/fadeu.urantiacos.cl\/en\/2021\/09\/13\/mincap-y-artesania-uc-entregaron-sello-de-excelencia-a-la-artesania-2021\/#primaryimage\"},\"image\":{\"@id\":\"https:\/\/fadeu.urantiacos.cl\/en\/2021\/09\/13\/mincap-y-artesania-uc-entregaron-sello-de-excelencia-a-la-artesania-2021\/#primaryimage\"},\"thumbnailUrl\":\"https:\/\/fadeu.urantiacos.cl\/wp-content\/uploads\/2023\/09\/SELLE_ARTESANIA_2021_WEB.png\",\"datePublished\":\"2021-09-13T18:38:00+00:00\",\"dateModified\":\"2023-09-07T18:41:18+00:00\",\"author\":{\"@id\":\"https:\/\/fadeu.urantiacos.cl\/en\/#\/schema\/person\/d203e2e84b1c40275eac77b3061a19a2\"},\"description\":\"En una ceremonia que cont\u00f3 con la participaci\u00f3n del la Ministra de la Cultura, las Artes y el Patrimonio, Consuelo Vald\u00e9s, el director de Dise\u00f1o UC, Rodrigo Ram\u00edrez y la directora del Programa de Artesan\u00eda de la Escuela de Dise\u00f1o, Elena Alfaro, se realiz\u00f3 la entrega de los sellos de excelencia a la artesan\u00eda 2021.\",\"breadcrumb\":{\"@id\":\"https:\/\/fadeu.urantiacos.cl\/en\/2021\/09\/13\/mincap-y-artesania-uc-entregaron-sello-de-excelencia-a-la-artesania-2021\/#breadcrumb\"},\"inLanguage\":\"en-US\",\"potentialAction\":[{\"@type\":\"ReadAction\",\"target\":[\"https:\/\/fadeu.urantiacos.cl\/en\/2021\/09\/13\/mincap-y-artesania-uc-entregaron-sello-de-excelencia-a-la-artesania-2021\/\"]}]},{\"@type\":\"ImageObject\",\"inLanguage\":\"en-US\",\"@id\":\"https:\/\/fadeu.urantiacos.cl\/en\/2021\/09\/13\/mincap-y-artesania-uc-entregaron-sello-de-excelencia-a-la-artesania-2021\/#primaryimage\",\"url\":\"https:\/\/fadeu.urantiacos.cl\/wp-content\/uploads\/2023\/09\/SELLE_ARTESANIA_2021_WEB.png\",\"contentUrl\":\"https:\/\/fadeu.urantiacos.cl\/wp-content\/uploads\/2023\/09\/SELLE_ARTESANIA_2021_WEB.png\",\"width\":350,\"height\":250},{\"@type\":\"BreadcrumbList\",\"@id\":\"https:\/\/fadeu.urantiacos.cl\/en\/2021\/09\/13\/mincap-y-artesania-uc-entregaron-sello-de-excelencia-a-la-artesania-2021\/#breadcrumb\",\"itemListElement\":[{\"@type\":\"ListItem\",\"position\":1,\"name\":\"Portada\",\"item\":\"https:\/\/fadeu.urantiacos.cl\/en\/\"},{\"@type\":\"ListItem\",\"position\":2,\"name\":\"MINCAP y Artesan\u00eda UC entregaron Sello de Excelencia a la Artesan\u00eda 2021\"}]},{\"@type\":\"WebSite\",\"@id\":\"https:\/\/fadeu.urantiacos.cl\/en\/#website\",\"url\":\"https:\/\/fadeu.urantiacos.cl\/en\/\",\"name\":\"Facultad de Arquitectura, Dise\u00f1o y Estudios Urbanos\",\"description\":\"Campus Lo Contador\",\"potentialAction\":[{\"@type\":\"SearchAction\",\"target\":{\"@type\":\"EntryPoint\",\"urlTemplate\":\"https:\/\/fadeu.urantiacos.cl\/en\/?s={search_term_string}\"},\"query-input\":{\"@type\":\"PropertyValueSpecification\",\"valueRequired\":true,\"valueName\":\"search_term_string\"}}],\"inLanguage\":\"en-US\"},{\"@type\":\"Person\",\"@id\":\"https:\/\/fadeu.urantiacos.cl\/en\/#\/schema\/person\/d203e2e84b1c40275eac77b3061a19a2\",\"name\":\"manadmin\",\"image\":{\"@type\":\"ImageObject\",\"inLanguage\":\"en-US\",\"@id\":\"https:\/\/fadeu.urantiacos.cl\/en\/#\/schema\/person\/image\/\",\"url\":\"https:\/\/secure.gravatar.com\/avatar\/4b1d8e3303b4a9d8968ac578947d8bc80d9aea359f388cdd4aac15cadc0e8447?s=96&d=mm&r=g\",\"contentUrl\":\"https:\/\/secure.gravatar.com\/avatar\/4b1d8e3303b4a9d8968ac578947d8bc80d9aea359f388cdd4aac15cadc0e8447?s=96&d=mm&r=g\",\"caption\":\"manadmin\"},\"sameAs\":[\"https:\/\/fadeu.urantiacos.cl\"]}]}<\/script>\n<!-- \/ Yoast SEO plugin. -->","yoast_head_json":{"title":"MINCAP y Artesan\u00eda UC entregaron Sello de Excelencia a la Artesan\u00eda 2021 - Facultad de Arquitectura, Dise\u00f1o y Estudios Urbanos","description":"En una ceremonia que cont\u00f3 con la participaci\u00f3n del la Ministra de la Cultura, las Artes y el Patrimonio, Consuelo Vald\u00e9s, el director de Dise\u00f1o UC, Rodrigo Ram\u00edrez y la directora del Programa de Artesan\u00eda de la Escuela de Dise\u00f1o, Elena Alfaro, se realiz\u00f3 la entrega de los sellos de excelencia a la artesan\u00eda 2021.","robots":{"index":"index","follow":"follow","max-snippet":"max-snippet:-1","max-image-preview":"max-image-preview:large","max-video-preview":"max-video-preview:-1"},"canonical":"https:\/\/fadeu.urantiacos.cl\/en\/2021\/09\/13\/mincap-y-artesania-uc-entregaron-sello-de-excelencia-a-la-artesania-2021\/","og_locale":"en_US","og_type":"article","og_title":"MINCAP y Artesan\u00eda UC entregaron Sello de Excelencia a la Artesan\u00eda 2021 - Facultad de Arquitectura, Dise\u00f1o y Estudios Urbanos","og_description":"En una ceremonia que cont\u00f3 con la participaci\u00f3n del la Ministra de la Cultura, las Artes y el Patrimonio, Consuelo Vald\u00e9s, el director de Dise\u00f1o UC, Rodrigo Ram\u00edrez y la directora del Programa de Artesan\u00eda de la Escuela de Dise\u00f1o, Elena Alfaro, se realiz\u00f3 la entrega de los sellos de excelencia a la artesan\u00eda 2021.","og_url":"https:\/\/fadeu.urantiacos.cl\/en\/2021\/09\/13\/mincap-y-artesania-uc-entregaron-sello-de-excelencia-a-la-artesania-2021\/","og_site_name":"Facultad de Arquitectura, Dise\u00f1o y Estudios Urbanos","article_published_time":"2021-09-13T18:38:00+00:00","article_modified_time":"2023-09-07T18:41:18+00:00","og_image":[{"width":350,"height":250,"url":"https:\/\/fadeu.urantiacos.cl\/wp-content\/uploads\/2023\/09\/SELLE_ARTESANIA_2021_WEB.png","type":"image\/png"}],"author":"manadmin","twitter_card":"summary_large_image","twitter_misc":{"Written by":"manadmin","Est. reading time":"2 minutes"},"schema":{"@context":"https:\/\/schema.org","@graph":[{"@type":"Article","@id":"https:\/\/fadeu.urantiacos.cl\/en\/2021\/09\/13\/mincap-y-artesania-uc-entregaron-sello-de-excelencia-a-la-artesania-2021\/#article","isPartOf":{"@id":"https:\/\/fadeu.urantiacos.cl\/en\/2021\/09\/13\/mincap-y-artesania-uc-entregaron-sello-de-excelencia-a-la-artesania-2021\/"},"author":{"name":"manadmin","@id":"https:\/\/fadeu.urantiacos.cl\/en\/#\/schema\/person\/d203e2e84b1c40275eac77b3061a19a2"},"headline":"MINCAP y Artesan\u00eda UC entregaron Sello de Excelencia a la Artesan\u00eda 2021","datePublished":"2021-09-13T18:38:00+00:00","dateModified":"2023-09-07T18:41:18+00:00","mainEntityOfPage":{"@id":"https:\/\/fadeu.urantiacos.cl\/en\/2021\/09\/13\/mincap-y-artesania-uc-entregaron-sello-de-excelencia-a-la-artesania-2021\/"},"wordCount":487,"commentCount":0,"image":{"@id":"https:\/\/fadeu.urantiacos.cl\/en\/2021\/09\/13\/mincap-y-artesania-uc-entregaron-sello-de-excelencia-a-la-artesania-2021\/#primaryimage"},"thumbnailUrl":"https:\/\/fadeu.urantiacos.cl\/wp-content\/uploads\/2023\/09\/SELLE_ARTESANIA_2021_WEB.png","articleSection":["Sin categorizar"],"inLanguage":"en-US","potentialAction":[{"@type":"CommentAction","name":"Comment","target":["https:\/\/fadeu.urantiacos.cl\/en\/2021\/09\/13\/mincap-y-artesania-uc-entregaron-sello-de-excelencia-a-la-artesania-2021\/#respond"]}]},{"@type":"WebPage","@id":"https:\/\/fadeu.urantiacos.cl\/en\/2021\/09\/13\/mincap-y-artesania-uc-entregaron-sello-de-excelencia-a-la-artesania-2021\/","url":"https:\/\/fadeu.urantiacos.cl\/en\/2021\/09\/13\/mincap-y-artesania-uc-entregaron-sello-de-excelencia-a-la-artesania-2021\/","name":"MINCAP y Artesan\u00eda UC entregaron Sello de Excelencia a la Artesan\u00eda 2021 - Facultad de Arquitectura, Dise\u00f1o y Estudios Urbanos","isPartOf":{"@id":"https:\/\/fadeu.urantiacos.cl\/en\/#website"},"primaryImageOfPage":{"@id":"https:\/\/fadeu.urantiacos.cl\/en\/2021\/09\/13\/mincap-y-artesania-uc-entregaron-sello-de-excelencia-a-la-artesania-2021\/#primaryimage"},"image":{"@id":"https:\/\/fadeu.urantiacos.cl\/en\/2021\/09\/13\/mincap-y-artesania-uc-entregaron-sello-de-excelencia-a-la-artesania-2021\/#primaryimage"},"thumbnailUrl":"https:\/\/fadeu.urantiacos.cl\/wp-content\/uploads\/2023\/09\/SELLE_ARTESANIA_2021_WEB.png","datePublished":"2021-09-13T18:38:00+00:00","dateModified":"2023-09-07T18:41:18+00:00","author":{"@id":"https:\/\/fadeu.urantiacos.cl\/en\/#\/schema\/person\/d203e2e84b1c40275eac77b3061a19a2"},"description":"En una ceremonia que cont\u00f3 con la participaci\u00f3n del la Ministra de la Cultura, las Artes y el Patrimonio, Consuelo Vald\u00e9s, el director de Dise\u00f1o UC, Rodrigo Ram\u00edrez y la directora del Programa de Artesan\u00eda de la Escuela de Dise\u00f1o, Elena Alfaro, se realiz\u00f3 la entrega de los sellos de excelencia a la artesan\u00eda 2021.","breadcrumb":{"@id":"https:\/\/fadeu.urantiacos.cl\/en\/2021\/09\/13\/mincap-y-artesania-uc-entregaron-sello-de-excelencia-a-la-artesania-2021\/#breadcrumb"},"inLanguage":"en-US","potentialAction":[{"@type":"ReadAction","target":["https:\/\/fadeu.urantiacos.cl\/en\/2021\/09\/13\/mincap-y-artesania-uc-entregaron-sello-de-excelencia-a-la-artesania-2021\/"]}]},{"@type":"ImageObject","inLanguage":"en-US","@id":"https:\/\/fadeu.urantiacos.cl\/en\/2021\/09\/13\/mincap-y-artesania-uc-entregaron-sello-de-excelencia-a-la-artesania-2021\/#primaryimage","url":"https:\/\/fadeu.urantiacos.cl\/wp-content\/uploads\/2023\/09\/SELLE_ARTESANIA_2021_WEB.png","contentUrl":"https:\/\/fadeu.urantiacos.cl\/wp-content\/uploads\/2023\/09\/SELLE_ARTESANIA_2021_WEB.png","width":350,"height":250},{"@type":"BreadcrumbList","@id":"https:\/\/fadeu.urantiacos.cl\/en\/2021\/09\/13\/mincap-y-artesania-uc-entregaron-sello-de-excelencia-a-la-artesania-2021\/#breadcrumb","itemListElement":[{"@type":"ListItem","position":1,"name":"Portada","item":"https:\/\/fadeu.urantiacos.cl\/en\/"},{"@type":"ListItem","position":2,"name":"MINCAP y Artesan\u00eda UC entregaron Sello de Excelencia a la Artesan\u00eda 2021"}]},{"@type":"WebSite","@id":"https:\/\/fadeu.urantiacos.cl\/en\/#website","url":"https:\/\/fadeu.urantiacos.cl\/en\/","name":"Facultad de Arquitectura, Dise\u00f1o y Estudios Urbanos","description":"Campus Lo Contador","potentialAction":[{"@type":"SearchAction","target":{"@type":"EntryPoint","urlTemplate":"https:\/\/fadeu.urantiacos.cl\/en\/?s={search_term_string}"},"query-input":{"@type":"PropertyValueSpecification","valueRequired":true,"valueName":"search_term_string"}}],"inLanguage":"en-US"},{"@type":"Person","@id":"https:\/\/fadeu.urantiacos.cl\/en\/#\/schema\/person\/d203e2e84b1c40275eac77b3061a19a2","name":"manadmin","image":{"@type":"ImageObject","inLanguage":"en-US","@id":"https:\/\/fadeu.urantiacos.cl\/en\/#\/schema\/person\/image\/","url":"https:\/\/secure.gravatar.com\/avatar\/4b1d8e3303b4a9d8968ac578947d8bc80d9aea359f388cdd4aac15cadc0e8447?s=96&d=mm&r=g","contentUrl":"https:\/\/secure.gravatar.com\/avatar\/4b1d8e3303b4a9d8968ac578947d8bc80d9aea359f388cdd4aac15cadc0e8447?s=96&d=mm&r=g","caption":"manadmin"},"sameAs":["https:\/\/fadeu.urantiacos.cl"]}]}},"_links":{"self":[{"href":"https:\/\/fadeu.urantiacos.cl\/en\/wp-json\/wp\/v2\/posts\/6349","targetHints":{"allow":["GET"]}}],"collection":[{"href":"https:\/\/fadeu.urantiacos.cl\/en\/wp-json\/wp\/v2\/posts"}],"about":[{"href":"https:\/\/fadeu.urantiacos.cl\/en\/wp-json\/wp\/v2\/types\/post"}],"author":[{"embeddable":true,"href":"https:\/\/fadeu.urantiacos.cl\/en\/wp-json\/wp\/v2\/users\/1"}],"replies":[{"embeddable":true,"href":"https:\/\/fadeu.urantiacos.cl\/en\/wp-json\/wp\/v2\/comments?post=6349"}],"version-history":[{"count":1,"href":"https:\/\/fadeu.urantiacos.cl\/en\/wp-json\/wp\/v2\/posts\/6349\/revisions"}],"predecessor-version":[{"id":6352,"href":"https:\/\/fadeu.urantiacos.cl\/en\/wp-json\/wp\/v2\/posts\/6349\/revisions\/6352"}],"wp:featuredmedia":[{"embeddable":true,"href":"https:\/\/fadeu.urantiacos.cl\/en\/wp-json\/wp\/v2\/media\/6350"}],"wp:attachment":[{"href":"https:\/\/fadeu.urantiacos.cl\/en\/wp-json\/wp\/v2\/media?parent=6349"}],"wp:term":[{"taxonomy":"category","embeddable":true,"href":"https:\/\/fadeu.urantiacos.cl\/en\/wp-json\/wp\/v2\/categories?post=6349"},{"taxonomy":"post_tag","embeddable":true,"href":"https:\/\/fadeu.urantiacos.cl\/en\/wp-json\/wp\/v2\/tags?post=6349"}],"curies":[{"name":"wp","href":"https:\/\/api.w.org\/{rel}","templated":true}]}}