{"id":6334,"date":"2021-09-15T15:30:00","date_gmt":"2021-09-15T18:30:00","guid":{"rendered":"https:\/\/fadeu.urantiacos.cl\/?p=6334"},"modified":"2023-09-07T15:33:19","modified_gmt":"2023-09-07T18:33:19","slug":"pedro-alonso-curara-exhibicion-en-la-trienal-de-arquitectura-de-lisboa-2022","status":"publish","type":"post","link":"https:\/\/fadeu.urantiacos.cl\/en\/2021\/09\/15\/pedro-alonso-curara-exhibicion-en-la-trienal-de-arquitectura-de-lisboa-2022\/","title":{"rendered":"Pedro Alonso curar\u00e1 exhibici\u00f3n en la Trienal de Arquitectura de Lisboa 2022"},"content":{"rendered":"\n<figure class=\"wp-block-image size-full\"><img decoding=\"async\" width=\"350\" height=\"250\" src=\"https:\/\/fadeu.urantiacos.cl\/wp-content\/uploads\/2023\/09\/web_GS_AT-HOME_2104_EXH-IMAGES_TC_3819.jpg\" alt=\"\" class=\"wp-image-6335\" srcset=\"https:\/\/fadeu.urantiacos.cl\/wp-content\/uploads\/2023\/09\/web_GS_AT-HOME_2104_EXH-IMAGES_TC_3819.jpg 350w, https:\/\/fadeu.urantiacos.cl\/wp-content\/uploads\/2023\/09\/web_GS_AT-HOME_2104_EXH-IMAGES_TC_3819-300x214.jpg 300w\" sizes=\"(max-width: 350px) 100vw, 350px\" \/><\/figure>\n\n\n\n<p>La Trienal de Arquitectura de Lisboa, titulada &#8220;Terra&#8221;, sugiere que, luego de un contexto de &#8220;cierre&#8221; por la pandemia, es necesario reevaluar el futuro, cruzando e intercambiando conocimientos y pr\u00e1cticas. En esa l\u00ednea, el programa del evento est\u00e1 compuesto por cuatro exposiciones, cuatro libros, tres d\u00edas de conferencias y una selecci\u00f3n de proyectos independientes.<\/p>\n\n\n\n<p>Entre esas cuatro exhibiciones principales est\u00e1 &#8220;Cycles&#8221;, muestra que ser\u00e1 curada por el profesor ARQ UC y jefe del Doctorado FADEU UC Pedro Alonso junto a Pamela Prado, y que tendr\u00e1 por lugar la galer\u00eda Garagem Sul, que pertenece al Centro Cultural Belem (CCB) y que est\u00e1 en un edificio dise\u00f1ado por el arquitecto italiano Vittorio Gregotti. A esta exposici\u00f3n la acompa\u00f1ar\u00e1 tambi\u00e9n una publicaci\u00f3n editada por ambos curadores de la muestra.<\/p>\n\n\n\n<p>En esa misma l\u00ednea, Alonso ser\u00e1 uno de los miembros del jurado del concurso de universidades de la trienal, uno de los tres premios que se entregan durante este evento internacional, a realizarse entre septiembre de 2022 y enero de 2023.<\/p>\n\n\n\n<p>Sobre \u201cCycles\u201d_<br>Como explica la propuesta curatorial para la muestra: \u201c(&#8230;) Antes de que la arquitectura ordene la materia a trav\u00e9s del dise\u00f1o, un proyecto no es m\u00e1s que una acumulaci\u00f3n informe de materiales, una pila de cosas que eventualmente reaparecer\u00e1 una vez que la forma arquitect\u00f3nica haya sido demolida, volviendo a ser nada mas que un mont\u00f3n inerte de escombros. Sin embargo, en las manos de arquitectos que nunca botan nada a la basura, estos cerros de materia informe se someten a un proceso de desclasificaci\u00f3n y reclasificaci\u00f3n, dejando de ser desechos para convertirse nuevamente en materiales, en proyectos, en el renacimiento de algo. (&#8230;) Este arte de dise\u00f1ar Ciclos reconoce y recupera la energ\u00eda, el agua, el trabajo humano y la huella de carbono originalmente contenidosen la producci\u00f3n de materiales (&#8230;)&#8221;<\/p>\n\n\n\n<figure class=\"wp-block-image size-large\"><img decoding=\"async\" width=\"1024\" height=\"683\" src=\"https:\/\/fadeu.urantiacos.cl\/wp-content\/uploads\/2023\/09\/GS_AT-HOME_2104_EXH-IMAGES_TC_3819-1024x683.jpg\" alt=\"\" class=\"wp-image-6336\" srcset=\"https:\/\/fadeu.urantiacos.cl\/wp-content\/uploads\/2023\/09\/GS_AT-HOME_2104_EXH-IMAGES_TC_3819-1024x683.jpg 1024w, https:\/\/fadeu.urantiacos.cl\/wp-content\/uploads\/2023\/09\/GS_AT-HOME_2104_EXH-IMAGES_TC_3819-300x200.jpg 300w, https:\/\/fadeu.urantiacos.cl\/wp-content\/uploads\/2023\/09\/GS_AT-HOME_2104_EXH-IMAGES_TC_3819-768x512.jpg 768w, https:\/\/fadeu.urantiacos.cl\/wp-content\/uploads\/2023\/09\/GS_AT-HOME_2104_EXH-IMAGES_TC_3819.jpg 1500w\" sizes=\"(max-width: 1024px) 100vw, 1024px\" \/><\/figure>\n\n\n\n<p>Noticias<br>Contacto:&nbsp;<a href=\"mailto:redesarq@uc.cl\">redesarq@uc.cl<\/a>&nbsp;| +56 2 2354 7747<br>www.arquitectura.uc.cl<\/p>\n","protected":false},"excerpt":{"rendered":"<p>El profesor ARQ UC y jefe del Doctorado en Arquitectura y Estudios Urbanos UC ser\u00e1 co-curador junto a Pamela Prado de la muestra \u201cCycles\u201d en la Trienal de Arquitectura de Lisboa. Alonso participar\u00e1 tambi\u00e9n como jurado del concurso de universidades de la trienal.<\/p>\n","protected":false},"author":1,"featured_media":6335,"comment_status":"open","ping_status":"open","sticky":false,"template":"","format":"standard","meta":{"_acf_changed":false,"footnotes":""},"categories":[1],"tags":[],"class_list":["post-6334","post","type-post","status-publish","format-standard","has-post-thumbnail","hentry","category-sin-categorizar"],"acf":[],"yoast_head":"<!-- This site is optimized with the Yoast SEO plugin v27.1.1 - https:\/\/yoast.com\/product\/yoast-seo-wordpress\/ -->\n<title>Pedro Alonso curar\u00e1 exhibici\u00f3n en la Trienal de Arquitectura de Lisboa 2022 - Facultad de Arquitectura, Dise\u00f1o y Estudios Urbanos<\/title>\n<meta name=\"description\" content=\"El profesor ARQ UC y jefe del Doctorado en Arquitectura y Estudios Urbanos UC ser\u00e1 co-curador junto a Pamela Prado de la muestra \u201cCycles\u201d en la Trienal de Arquitectura de Lisboa. Alonso participar\u00e1 tambi\u00e9n como jurado del concurso de universidades de la trienal.\" \/>\n<meta name=\"robots\" content=\"index, follow, max-snippet:-1, max-image-preview:large, max-video-preview:-1\" \/>\n<link rel=\"canonical\" href=\"https:\/\/fadeu.urantiacos.cl\/en\/2021\/09\/15\/pedro-alonso-curara-exhibicion-en-la-trienal-de-arquitectura-de-lisboa-2022\/\" \/>\n<meta property=\"og:locale\" content=\"en_US\" \/>\n<meta property=\"og:type\" content=\"article\" \/>\n<meta property=\"og:title\" content=\"Pedro Alonso curar\u00e1 exhibici\u00f3n en la Trienal de Arquitectura de Lisboa 2022 - Facultad de Arquitectura, Dise\u00f1o y Estudios Urbanos\" \/>\n<meta property=\"og:description\" content=\"El profesor ARQ UC y jefe del Doctorado en Arquitectura y Estudios Urbanos UC ser\u00e1 co-curador junto a Pamela Prado de la muestra \u201cCycles\u201d en la Trienal de Arquitectura de Lisboa. Alonso participar\u00e1 tambi\u00e9n como jurado del concurso de universidades de la trienal.\" \/>\n<meta property=\"og:url\" content=\"https:\/\/fadeu.urantiacos.cl\/en\/2021\/09\/15\/pedro-alonso-curara-exhibicion-en-la-trienal-de-arquitectura-de-lisboa-2022\/\" \/>\n<meta property=\"og:site_name\" content=\"Facultad de Arquitectura, Dise\u00f1o y Estudios Urbanos\" \/>\n<meta property=\"article:published_time\" content=\"2021-09-15T18:30:00+00:00\" \/>\n<meta property=\"article:modified_time\" content=\"2023-09-07T18:33:19+00:00\" \/>\n<meta property=\"og:image\" content=\"https:\/\/fadeu.urantiacos.cl\/wp-content\/uploads\/2023\/09\/web_GS_AT-HOME_2104_EXH-IMAGES_TC_3819.jpg\" \/>\n\t<meta property=\"og:image:width\" content=\"350\" \/>\n\t<meta property=\"og:image:height\" content=\"250\" \/>\n\t<meta property=\"og:image:type\" content=\"image\/jpeg\" \/>\n<meta name=\"author\" content=\"manadmin\" \/>\n<meta name=\"twitter:card\" content=\"summary_large_image\" \/>\n<meta name=\"twitter:label1\" content=\"Written by\" \/>\n\t<meta name=\"twitter:data1\" content=\"manadmin\" \/>\n\t<meta name=\"twitter:label2\" content=\"Est. reading time\" \/>\n\t<meta name=\"twitter:data2\" content=\"2 minutes\" \/>\n<script type=\"application\/ld+json\" class=\"yoast-schema-graph\">{\"@context\":\"https:\/\/schema.org\",\"@graph\":[{\"@type\":\"Article\",\"@id\":\"https:\/\/fadeu.urantiacos.cl\/en\/2021\/09\/15\/pedro-alonso-curara-exhibicion-en-la-trienal-de-arquitectura-de-lisboa-2022\/#article\",\"isPartOf\":{\"@id\":\"https:\/\/fadeu.urantiacos.cl\/en\/2021\/09\/15\/pedro-alonso-curara-exhibicion-en-la-trienal-de-arquitectura-de-lisboa-2022\/\"},\"author\":{\"name\":\"manadmin\",\"@id\":\"https:\/\/fadeu.urantiacos.cl\/en\/#\/schema\/person\/d203e2e84b1c40275eac77b3061a19a2\"},\"headline\":\"Pedro Alonso curar\u00e1 exhibici\u00f3n en la Trienal de Arquitectura de Lisboa 2022\",\"datePublished\":\"2021-09-15T18:30:00+00:00\",\"dateModified\":\"2023-09-07T18:33:19+00:00\",\"mainEntityOfPage\":{\"@id\":\"https:\/\/fadeu.urantiacos.cl\/en\/2021\/09\/15\/pedro-alonso-curara-exhibicion-en-la-trienal-de-arquitectura-de-lisboa-2022\/\"},\"wordCount\":339,\"commentCount\":0,\"image\":{\"@id\":\"https:\/\/fadeu.urantiacos.cl\/en\/2021\/09\/15\/pedro-alonso-curara-exhibicion-en-la-trienal-de-arquitectura-de-lisboa-2022\/#primaryimage\"},\"thumbnailUrl\":\"https:\/\/fadeu.urantiacos.cl\/wp-content\/uploads\/2023\/09\/web_GS_AT-HOME_2104_EXH-IMAGES_TC_3819.jpg\",\"articleSection\":[\"Sin categorizar\"],\"inLanguage\":\"en-US\",\"potentialAction\":[{\"@type\":\"CommentAction\",\"name\":\"Comment\",\"target\":[\"https:\/\/fadeu.urantiacos.cl\/en\/2021\/09\/15\/pedro-alonso-curara-exhibicion-en-la-trienal-de-arquitectura-de-lisboa-2022\/#respond\"]}]},{\"@type\":\"WebPage\",\"@id\":\"https:\/\/fadeu.urantiacos.cl\/en\/2021\/09\/15\/pedro-alonso-curara-exhibicion-en-la-trienal-de-arquitectura-de-lisboa-2022\/\",\"url\":\"https:\/\/fadeu.urantiacos.cl\/en\/2021\/09\/15\/pedro-alonso-curara-exhibicion-en-la-trienal-de-arquitectura-de-lisboa-2022\/\",\"name\":\"Pedro Alonso curar\u00e1 exhibici\u00f3n en la Trienal de Arquitectura de Lisboa 2022 - Facultad de Arquitectura, Dise\u00f1o y Estudios Urbanos\",\"isPartOf\":{\"@id\":\"https:\/\/fadeu.urantiacos.cl\/en\/#website\"},\"primaryImageOfPage\":{\"@id\":\"https:\/\/fadeu.urantiacos.cl\/en\/2021\/09\/15\/pedro-alonso-curara-exhibicion-en-la-trienal-de-arquitectura-de-lisboa-2022\/#primaryimage\"},\"image\":{\"@id\":\"https:\/\/fadeu.urantiacos.cl\/en\/2021\/09\/15\/pedro-alonso-curara-exhibicion-en-la-trienal-de-arquitectura-de-lisboa-2022\/#primaryimage\"},\"thumbnailUrl\":\"https:\/\/fadeu.urantiacos.cl\/wp-content\/uploads\/2023\/09\/web_GS_AT-HOME_2104_EXH-IMAGES_TC_3819.jpg\",\"datePublished\":\"2021-09-15T18:30:00+00:00\",\"dateModified\":\"2023-09-07T18:33:19+00:00\",\"author\":{\"@id\":\"https:\/\/fadeu.urantiacos.cl\/en\/#\/schema\/person\/d203e2e84b1c40275eac77b3061a19a2\"},\"description\":\"El profesor ARQ UC y jefe del Doctorado en Arquitectura y Estudios Urbanos UC ser\u00e1 co-curador junto a Pamela Prado de la muestra \u201cCycles\u201d en la Trienal de Arquitectura de Lisboa. Alonso participar\u00e1 tambi\u00e9n como jurado del concurso de universidades de la trienal.\",\"breadcrumb\":{\"@id\":\"https:\/\/fadeu.urantiacos.cl\/en\/2021\/09\/15\/pedro-alonso-curara-exhibicion-en-la-trienal-de-arquitectura-de-lisboa-2022\/#breadcrumb\"},\"inLanguage\":\"en-US\",\"potentialAction\":[{\"@type\":\"ReadAction\",\"target\":[\"https:\/\/fadeu.urantiacos.cl\/en\/2021\/09\/15\/pedro-alonso-curara-exhibicion-en-la-trienal-de-arquitectura-de-lisboa-2022\/\"]}]},{\"@type\":\"ImageObject\",\"inLanguage\":\"en-US\",\"@id\":\"https:\/\/fadeu.urantiacos.cl\/en\/2021\/09\/15\/pedro-alonso-curara-exhibicion-en-la-trienal-de-arquitectura-de-lisboa-2022\/#primaryimage\",\"url\":\"https:\/\/fadeu.urantiacos.cl\/wp-content\/uploads\/2023\/09\/web_GS_AT-HOME_2104_EXH-IMAGES_TC_3819.jpg\",\"contentUrl\":\"https:\/\/fadeu.urantiacos.cl\/wp-content\/uploads\/2023\/09\/web_GS_AT-HOME_2104_EXH-IMAGES_TC_3819.jpg\",\"width\":350,\"height\":250,\"caption\":\"Garagem Sul, Centro Cultural de Bel\u00e9m, 2021\"},{\"@type\":\"BreadcrumbList\",\"@id\":\"https:\/\/fadeu.urantiacos.cl\/en\/2021\/09\/15\/pedro-alonso-curara-exhibicion-en-la-trienal-de-arquitectura-de-lisboa-2022\/#breadcrumb\",\"itemListElement\":[{\"@type\":\"ListItem\",\"position\":1,\"name\":\"Portada\",\"item\":\"https:\/\/fadeu.urantiacos.cl\/en\/\"},{\"@type\":\"ListItem\",\"position\":2,\"name\":\"Pedro Alonso curar\u00e1 exhibici\u00f3n en la Trienal de Arquitectura de Lisboa 2022\"}]},{\"@type\":\"WebSite\",\"@id\":\"https:\/\/fadeu.urantiacos.cl\/en\/#website\",\"url\":\"https:\/\/fadeu.urantiacos.cl\/en\/\",\"name\":\"Facultad de Arquitectura, Dise\u00f1o y Estudios Urbanos\",\"description\":\"Campus Lo Contador\",\"potentialAction\":[{\"@type\":\"SearchAction\",\"target\":{\"@type\":\"EntryPoint\",\"urlTemplate\":\"https:\/\/fadeu.urantiacos.cl\/en\/?s={search_term_string}\"},\"query-input\":{\"@type\":\"PropertyValueSpecification\",\"valueRequired\":true,\"valueName\":\"search_term_string\"}}],\"inLanguage\":\"en-US\"},{\"@type\":\"Person\",\"@id\":\"https:\/\/fadeu.urantiacos.cl\/en\/#\/schema\/person\/d203e2e84b1c40275eac77b3061a19a2\",\"name\":\"manadmin\",\"image\":{\"@type\":\"ImageObject\",\"inLanguage\":\"en-US\",\"@id\":\"https:\/\/fadeu.urantiacos.cl\/en\/#\/schema\/person\/image\/\",\"url\":\"https:\/\/secure.gravatar.com\/avatar\/4b1d8e3303b4a9d8968ac578947d8bc80d9aea359f388cdd4aac15cadc0e8447?s=96&d=mm&r=g\",\"contentUrl\":\"https:\/\/secure.gravatar.com\/avatar\/4b1d8e3303b4a9d8968ac578947d8bc80d9aea359f388cdd4aac15cadc0e8447?s=96&d=mm&r=g\",\"caption\":\"manadmin\"},\"sameAs\":[\"https:\/\/fadeu.urantiacos.cl\"]}]}<\/script>\n<!-- \/ Yoast SEO plugin. -->","yoast_head_json":{"title":"Pedro Alonso curar\u00e1 exhibici\u00f3n en la Trienal de Arquitectura de Lisboa 2022 - Facultad de Arquitectura, Dise\u00f1o y Estudios Urbanos","description":"El profesor ARQ UC y jefe del Doctorado en Arquitectura y Estudios Urbanos UC ser\u00e1 co-curador junto a Pamela Prado de la muestra \u201cCycles\u201d en la Trienal de Arquitectura de Lisboa. Alonso participar\u00e1 tambi\u00e9n como jurado del concurso de universidades de la trienal.","robots":{"index":"index","follow":"follow","max-snippet":"max-snippet:-1","max-image-preview":"max-image-preview:large","max-video-preview":"max-video-preview:-1"},"canonical":"https:\/\/fadeu.urantiacos.cl\/en\/2021\/09\/15\/pedro-alonso-curara-exhibicion-en-la-trienal-de-arquitectura-de-lisboa-2022\/","og_locale":"en_US","og_type":"article","og_title":"Pedro Alonso curar\u00e1 exhibici\u00f3n en la Trienal de Arquitectura de Lisboa 2022 - Facultad de Arquitectura, Dise\u00f1o y Estudios Urbanos","og_description":"El profesor ARQ UC y jefe del Doctorado en Arquitectura y Estudios Urbanos UC ser\u00e1 co-curador junto a Pamela Prado de la muestra \u201cCycles\u201d en la Trienal de Arquitectura de Lisboa. Alonso participar\u00e1 tambi\u00e9n como jurado del concurso de universidades de la trienal.","og_url":"https:\/\/fadeu.urantiacos.cl\/en\/2021\/09\/15\/pedro-alonso-curara-exhibicion-en-la-trienal-de-arquitectura-de-lisboa-2022\/","og_site_name":"Facultad de Arquitectura, Dise\u00f1o y Estudios Urbanos","article_published_time":"2021-09-15T18:30:00+00:00","article_modified_time":"2023-09-07T18:33:19+00:00","og_image":[{"width":350,"height":250,"url":"https:\/\/fadeu.urantiacos.cl\/wp-content\/uploads\/2023\/09\/web_GS_AT-HOME_2104_EXH-IMAGES_TC_3819.jpg","type":"image\/jpeg"}],"author":"manadmin","twitter_card":"summary_large_image","twitter_misc":{"Written by":"manadmin","Est. reading time":"2 minutes"},"schema":{"@context":"https:\/\/schema.org","@graph":[{"@type":"Article","@id":"https:\/\/fadeu.urantiacos.cl\/en\/2021\/09\/15\/pedro-alonso-curara-exhibicion-en-la-trienal-de-arquitectura-de-lisboa-2022\/#article","isPartOf":{"@id":"https:\/\/fadeu.urantiacos.cl\/en\/2021\/09\/15\/pedro-alonso-curara-exhibicion-en-la-trienal-de-arquitectura-de-lisboa-2022\/"},"author":{"name":"manadmin","@id":"https:\/\/fadeu.urantiacos.cl\/en\/#\/schema\/person\/d203e2e84b1c40275eac77b3061a19a2"},"headline":"Pedro Alonso curar\u00e1 exhibici\u00f3n en la Trienal de Arquitectura de Lisboa 2022","datePublished":"2021-09-15T18:30:00+00:00","dateModified":"2023-09-07T18:33:19+00:00","mainEntityOfPage":{"@id":"https:\/\/fadeu.urantiacos.cl\/en\/2021\/09\/15\/pedro-alonso-curara-exhibicion-en-la-trienal-de-arquitectura-de-lisboa-2022\/"},"wordCount":339,"commentCount":0,"image":{"@id":"https:\/\/fadeu.urantiacos.cl\/en\/2021\/09\/15\/pedro-alonso-curara-exhibicion-en-la-trienal-de-arquitectura-de-lisboa-2022\/#primaryimage"},"thumbnailUrl":"https:\/\/fadeu.urantiacos.cl\/wp-content\/uploads\/2023\/09\/web_GS_AT-HOME_2104_EXH-IMAGES_TC_3819.jpg","articleSection":["Sin categorizar"],"inLanguage":"en-US","potentialAction":[{"@type":"CommentAction","name":"Comment","target":["https:\/\/fadeu.urantiacos.cl\/en\/2021\/09\/15\/pedro-alonso-curara-exhibicion-en-la-trienal-de-arquitectura-de-lisboa-2022\/#respond"]}]},{"@type":"WebPage","@id":"https:\/\/fadeu.urantiacos.cl\/en\/2021\/09\/15\/pedro-alonso-curara-exhibicion-en-la-trienal-de-arquitectura-de-lisboa-2022\/","url":"https:\/\/fadeu.urantiacos.cl\/en\/2021\/09\/15\/pedro-alonso-curara-exhibicion-en-la-trienal-de-arquitectura-de-lisboa-2022\/","name":"Pedro Alonso curar\u00e1 exhibici\u00f3n en la Trienal de Arquitectura de Lisboa 2022 - Facultad de Arquitectura, Dise\u00f1o y Estudios Urbanos","isPartOf":{"@id":"https:\/\/fadeu.urantiacos.cl\/en\/#website"},"primaryImageOfPage":{"@id":"https:\/\/fadeu.urantiacos.cl\/en\/2021\/09\/15\/pedro-alonso-curara-exhibicion-en-la-trienal-de-arquitectura-de-lisboa-2022\/#primaryimage"},"image":{"@id":"https:\/\/fadeu.urantiacos.cl\/en\/2021\/09\/15\/pedro-alonso-curara-exhibicion-en-la-trienal-de-arquitectura-de-lisboa-2022\/#primaryimage"},"thumbnailUrl":"https:\/\/fadeu.urantiacos.cl\/wp-content\/uploads\/2023\/09\/web_GS_AT-HOME_2104_EXH-IMAGES_TC_3819.jpg","datePublished":"2021-09-15T18:30:00+00:00","dateModified":"2023-09-07T18:33:19+00:00","author":{"@id":"https:\/\/fadeu.urantiacos.cl\/en\/#\/schema\/person\/d203e2e84b1c40275eac77b3061a19a2"},"description":"El profesor ARQ UC y jefe del Doctorado en Arquitectura y Estudios Urbanos UC ser\u00e1 co-curador junto a Pamela Prado de la muestra \u201cCycles\u201d en la Trienal de Arquitectura de Lisboa. Alonso participar\u00e1 tambi\u00e9n como jurado del concurso de universidades de la trienal.","breadcrumb":{"@id":"https:\/\/fadeu.urantiacos.cl\/en\/2021\/09\/15\/pedro-alonso-curara-exhibicion-en-la-trienal-de-arquitectura-de-lisboa-2022\/#breadcrumb"},"inLanguage":"en-US","potentialAction":[{"@type":"ReadAction","target":["https:\/\/fadeu.urantiacos.cl\/en\/2021\/09\/15\/pedro-alonso-curara-exhibicion-en-la-trienal-de-arquitectura-de-lisboa-2022\/"]}]},{"@type":"ImageObject","inLanguage":"en-US","@id":"https:\/\/fadeu.urantiacos.cl\/en\/2021\/09\/15\/pedro-alonso-curara-exhibicion-en-la-trienal-de-arquitectura-de-lisboa-2022\/#primaryimage","url":"https:\/\/fadeu.urantiacos.cl\/wp-content\/uploads\/2023\/09\/web_GS_AT-HOME_2104_EXH-IMAGES_TC_3819.jpg","contentUrl":"https:\/\/fadeu.urantiacos.cl\/wp-content\/uploads\/2023\/09\/web_GS_AT-HOME_2104_EXH-IMAGES_TC_3819.jpg","width":350,"height":250,"caption":"Garagem Sul, Centro Cultural de Bel\u00e9m, 2021"},{"@type":"BreadcrumbList","@id":"https:\/\/fadeu.urantiacos.cl\/en\/2021\/09\/15\/pedro-alonso-curara-exhibicion-en-la-trienal-de-arquitectura-de-lisboa-2022\/#breadcrumb","itemListElement":[{"@type":"ListItem","position":1,"name":"Portada","item":"https:\/\/fadeu.urantiacos.cl\/en\/"},{"@type":"ListItem","position":2,"name":"Pedro Alonso curar\u00e1 exhibici\u00f3n en la Trienal de Arquitectura de Lisboa 2022"}]},{"@type":"WebSite","@id":"https:\/\/fadeu.urantiacos.cl\/en\/#website","url":"https:\/\/fadeu.urantiacos.cl\/en\/","name":"Facultad de Arquitectura, Dise\u00f1o y Estudios Urbanos","description":"Campus Lo Contador","potentialAction":[{"@type":"SearchAction","target":{"@type":"EntryPoint","urlTemplate":"https:\/\/fadeu.urantiacos.cl\/en\/?s={search_term_string}"},"query-input":{"@type":"PropertyValueSpecification","valueRequired":true,"valueName":"search_term_string"}}],"inLanguage":"en-US"},{"@type":"Person","@id":"https:\/\/fadeu.urantiacos.cl\/en\/#\/schema\/person\/d203e2e84b1c40275eac77b3061a19a2","name":"manadmin","image":{"@type":"ImageObject","inLanguage":"en-US","@id":"https:\/\/fadeu.urantiacos.cl\/en\/#\/schema\/person\/image\/","url":"https:\/\/secure.gravatar.com\/avatar\/4b1d8e3303b4a9d8968ac578947d8bc80d9aea359f388cdd4aac15cadc0e8447?s=96&d=mm&r=g","contentUrl":"https:\/\/secure.gravatar.com\/avatar\/4b1d8e3303b4a9d8968ac578947d8bc80d9aea359f388cdd4aac15cadc0e8447?s=96&d=mm&r=g","caption":"manadmin"},"sameAs":["https:\/\/fadeu.urantiacos.cl"]}]}},"_links":{"self":[{"href":"https:\/\/fadeu.urantiacos.cl\/en\/wp-json\/wp\/v2\/posts\/6334","targetHints":{"allow":["GET"]}}],"collection":[{"href":"https:\/\/fadeu.urantiacos.cl\/en\/wp-json\/wp\/v2\/posts"}],"about":[{"href":"https:\/\/fadeu.urantiacos.cl\/en\/wp-json\/wp\/v2\/types\/post"}],"author":[{"embeddable":true,"href":"https:\/\/fadeu.urantiacos.cl\/en\/wp-json\/wp\/v2\/users\/1"}],"replies":[{"embeddable":true,"href":"https:\/\/fadeu.urantiacos.cl\/en\/wp-json\/wp\/v2\/comments?post=6334"}],"version-history":[{"count":1,"href":"https:\/\/fadeu.urantiacos.cl\/en\/wp-json\/wp\/v2\/posts\/6334\/revisions"}],"predecessor-version":[{"id":6337,"href":"https:\/\/fadeu.urantiacos.cl\/en\/wp-json\/wp\/v2\/posts\/6334\/revisions\/6337"}],"wp:featuredmedia":[{"embeddable":true,"href":"https:\/\/fadeu.urantiacos.cl\/en\/wp-json\/wp\/v2\/media\/6335"}],"wp:attachment":[{"href":"https:\/\/fadeu.urantiacos.cl\/en\/wp-json\/wp\/v2\/media?parent=6334"}],"wp:term":[{"taxonomy":"category","embeddable":true,"href":"https:\/\/fadeu.urantiacos.cl\/en\/wp-json\/wp\/v2\/categories?post=6334"},{"taxonomy":"post_tag","embeddable":true,"href":"https:\/\/fadeu.urantiacos.cl\/en\/wp-json\/wp\/v2\/tags?post=6334"}],"curies":[{"name":"wp","href":"https:\/\/api.w.org\/{rel}","templated":true}]}}