{"id":6327,"date":"2021-09-20T15:27:00","date_gmt":"2021-09-20T18:27:00","guid":{"rendered":"https:\/\/fadeu.urantiacos.cl\/?p=6327"},"modified":"2023-10-23T17:03:48","modified_gmt":"2023-10-23T20:03:48","slug":"la-comunidad-arq-uc-en-la-bienal-de-arquitectura-de-venecia-2021","status":"publish","type":"post","link":"https:\/\/fadeu.urantiacos.cl\/en\/2021\/09\/20\/la-comunidad-arq-uc-en-la-bienal-de-arquitectura-de-venecia-2021\/","title":{"rendered":"La comunidad ARQ UC en la Bienal de Arquitectura de Venecia 2021"},"content":{"rendered":"\n<figure class=\"wp-block-image size-full\"><img decoding=\"async\" width=\"350\" height=\"250\" src=\"https:\/\/fadeu.urantiacos.cl\/wp-content\/uploads\/2023\/09\/bienaldevenecia2021_09_web.jpg\" alt=\"\" class=\"wp-image-6329\" srcset=\"https:\/\/fadeu.urantiacos.cl\/wp-content\/uploads\/2023\/09\/bienaldevenecia2021_09_web.jpg 350w, https:\/\/fadeu.urantiacos.cl\/wp-content\/uploads\/2023\/09\/bienaldevenecia2021_09_web-300x214.jpg 300w\" sizes=\"(max-width: 350px) 100vw, 350px\" \/><\/figure>\n\n\n\n<p><strong>Pabell\u00f3n de Chile_<\/strong><br>El proyecto &#8220;Testimonial Spaces&#8221;, curado por el profesor ARQ UC Emilio Mar\u00edn junto a Rodrigo Sep\u00falveda, fue elegido a partir de un concurso de ideas convocado por el Ministerio de las Culturas, las Artes y el Patrimonio como respuesta al tema propuesto por la bienal. El pabell\u00f3n es una muestra curatorial y expositiva sobre la poblaci\u00f3n Jos\u00e9 Mar\u00eda Caro en Santiago, revisitando su historia, recogiendo su sentido comunitario y proyectando su futuro.<\/p>\n\n\n\n<p>Ver charla sobre Testimonial Spaces dictada en ARQ UC en el siguiente\u00a0link\u00a0<\/p>\n\n\n\n<p><strong>Epicenter_<\/strong><br>El ensayo \u201cEpicenter\u201d del profesor ARQ UC Rodrigo P\u00e9rez de Arce, fue incluido en el volumen&nbsp;Expansions, y fue el \u00fanico acad\u00e9mico chileno en la publicaci\u00f3n. Esta es una de las dos publicaciones oficiales de la bienal y explora el tema central de la edici\u00f3n 2021: &#8220;How do we live together?&#8221;. El volumen \u2014que ya est\u00e1 disponible a trav\u00e9s de la web de la bienal\u2014 re\u00fane una colecci\u00f3n de m\u00e1s de ochenta ensayos breves que, respondiendo a esa pregunta, revelan temas actuales de inter\u00e9s para las diferentes comunidades de arquitectura y dise\u00f1o en el mundo.<\/p>\n\n\n\n<p>Ver nota sobre libro de P\u00e9rez de Arce en el siguiente&nbsp;<a href=\"http:\/\/arquitectura.uc.cl\/proyectos\/noticias\/6239-rodrigo-perez-de-arce-publica-ensayo-en-libro-de-la-bienal-de-venecia-2021.html\" target=\"_blank\" rel=\"noreferrer noopener\">link<\/a>&nbsp;<\/p>\n\n\n\n<p><strong>K\u00fcnu_<\/strong><br>La muestra presentada por la oficina encabezada por el profesor ARQ UC Alejandro Aravena consiste en una ciudadela mapuche y se titula \u201cK\u00fcnu\u201d. El proyecto es una iniciativa de Elemental en colaboraci\u00f3n con la Asociaci\u00f3n Comunal Mapuche de Loncoche y Arauco que toma como punto de partida los conflictos hist\u00f3ricos con las comunidades locales en Chile.<\/p>\n\n\n\n<p>Ver nota sobre \u201cK\u00fcnu\u201d en el siguiente&nbsp;<a href=\"http:\/\/arquitectura.uc.cl\/proyectos\/noticias\/6229-medios-internacionales-destacan-la-muestra-de-elemental-en-venecia.html\" target=\"_blank\" rel=\"noreferrer noopener\">link<\/a>&nbsp;<\/p>\n\n\n\n<p><strong>Workshop \u201cHow do we live?\u201d<\/strong>_<br>Los resultados de estos talleres con colaboraci\u00f3n ARQ UC fueron presentados en el marco de la bienal. El proyecto \u201cHow do we live?\u201d, liderado por las arquitectas e investigadoras Jocelyn Froimovich de la Escuela de Arquitectura UC y Johanna Muszbek de la Universidad de Liverpool, es parte de la exhibici\u00f3n \u201cTime Space Existence\u201d en el European Cultural Centre (ECC) o Palazzo Mora en Venecia, y recoge el trabajo de 70 estudiantes de diferentes universidades, incluyendo estudiantes de nuestra escuela.<\/p>\n\n\n\n<p>Leer m\u00e1s sobre \u201cHow do we live?\u201d en el siguiente&nbsp;<a href=\"http:\/\/arquitectura.uc.cl\/proyectos\/noticias\/6161-resultados-de-workshops-con-colaboracion-arq-uc-fueron-presentados-en-el-marco-de-la-bienal-de-venecia-2021.html\" target=\"_blank\" rel=\"noreferrer noopener\">link<\/a>&nbsp;<\/p>\n\n\n\n<p><strong>R\u00edo Some\u0219_<\/strong><br>El estudio de arquitectura PR\u00c1CTICA \u2014del que es parte el estudiante de doctorado FADEU UC y ex profesor ARQ UC Jos\u00e9 Mayoral\u2014 realiz\u00f3 una instalaci\u00f3n en la bienal a partir de un proyecto de regeneraci\u00f3n fluvial del r\u00edo Some\u0219 en Rumania. La muestra consiste en una maqueta a escala 1:500 con 20 metros de largo que cruza todo el ancho de la nave de la Corder\u00eda en el Arsenal de Venecia. Junto a este elemento hay dos grandes paneles con secciones constructivas a escala 1:25 que ilustran las especies vegetales y animales re-introducidas por el proyecto. El equipo para la instalaci\u00f3n tambi\u00e9n cont\u00f3 en el apoyo de Jos\u00e9 Manuel Arteaga y Sebasti\u00e1n Correa, en ese momento a\u00fan estudiantes ARQ UC.<\/p>\n\n\n\n<p>Ver m\u00e1s sobre el proyecto en el siguiente&nbsp;<a href=\"https:\/\/www.labiennale.org\/en\/architecture\/2021\/emerging-communities\/pr%C3%A1ctica\" target=\"_blank\" rel=\"noreferrer noopener\">link<\/a><\/p>\n\n\n\n<p><strong>&#8220;Border Choreographies&#8221;_<\/strong><br>La arquitecta UC Mar\u00eda Gracia San Mart\u00edn, ayudante ARQ UC antes de irse a Harvard, colabor\u00f3 con el equipo que est\u00e1 representando al GSD en la bienal. &#8220;Border Choreographies: Identity, Body, Personhood&#8221; forma parte del &#8220;City x Venice: Italian Virtual Pavilion&#8221;, y presenta una investigaci\u00f3n iniciada que examina la experiencia de los cuerpos que cruzan las fronteras internacionales, tomando como casos de estudio los Aeropuertos Internacionales estadounidenses y la ruta &#8220;Caravana Migrante&#8221; desde Sudam\u00e9rica hasta la frontera entre M\u00e9xico y Estados Unidos.<\/p>\n\n\n\n<p>Ver video sobre CITY X VENICE &#8211; Harvard GSD: Border Choreographies en el siguiente&nbsp;<a href=\"https:\/\/www.youtube.com\/embed\/3zy-8462qLY\" target=\"_blank\" rel=\"noreferrer noopener\">link<\/a><\/p>\n\n\n\n<p>M\u00e1s sobre la XVII Bienal de Arquitectura de Venecia en el siguiente&nbsp;<a href=\"https:\/\/www.labiennale.org\/en\" target=\"_blank\" rel=\"noreferrer noopener\">link<\/a>&nbsp;<\/p>\n\n\n\n<p>Noticias<\/p>\n\n\n\n<p>Contacto:&nbsp;<a href=\"mailto:redesarq@uc.cl\">redesarq@uc.cl<\/a>&nbsp;| +56 2 2354 7747<br>www.arquitectura.uc.cl<\/p>\n","protected":false},"excerpt":{"rendered":"<p>Hasta el 21 de noviembre de este a\u00f1o se desarrollar\u00e1 la XVII Bienal de Arquitectura de Venecia, \u201cHow will we live together?\u201d, curada por el destacado arquitecto y acad\u00e9mico Hashim Sarkis. Acad\u00e9micos, estudiantes de doctorado y ex alumnos ARQ UC han participado del evento de diversas maneras, colaborando en exhibiciones, publicaciones y otras plataformas.<\/p>\n","protected":false},"author":1,"featured_media":6329,"comment_status":"open","ping_status":"open","sticky":false,"template":"","format":"standard","meta":{"_acf_changed":false,"footnotes":""},"categories":[1],"tags":[],"class_list":["post-6327","post","type-post","status-publish","format-standard","has-post-thumbnail","hentry","category-sin-categorizar"],"acf":[],"yoast_head":"<!-- This site is optimized with the Yoast SEO plugin v27.1.1 - https:\/\/yoast.com\/product\/yoast-seo-wordpress\/ -->\n<title>La comunidad ARQ UC en la Bienal de Arquitectura de Venecia 2021 - Facultad de Arquitectura, Dise\u00f1o y Estudios Urbanos<\/title>\n<meta name=\"description\" content=\"Hasta el 21 de noviembre de este a\u00f1o se desarrollar\u00e1 la XVII Bienal de Arquitectura de Venecia, \u201cHow will we live together?\u201d, curada por el destacado arquitecto y acad\u00e9mico Hashim Sarkis. Acad\u00e9micos, estudiantes de doctorado y ex alumnos ARQ UC han participado del evento de diversas maneras, colaborando en exhibiciones, publicaciones y otras plataformas.\" \/>\n<meta name=\"robots\" content=\"index, follow, max-snippet:-1, max-image-preview:large, max-video-preview:-1\" \/>\n<link rel=\"canonical\" href=\"https:\/\/fadeu.urantiacos.cl\/en\/2021\/09\/20\/la-comunidad-arq-uc-en-la-bienal-de-arquitectura-de-venecia-2021\/\" \/>\n<meta property=\"og:locale\" content=\"en_US\" \/>\n<meta property=\"og:type\" content=\"article\" \/>\n<meta property=\"og:title\" content=\"La comunidad ARQ UC en la Bienal de Arquitectura de Venecia 2021 - Facultad de Arquitectura, Dise\u00f1o y Estudios Urbanos\" \/>\n<meta property=\"og:description\" content=\"Hasta el 21 de noviembre de este a\u00f1o se desarrollar\u00e1 la XVII Bienal de Arquitectura de Venecia, \u201cHow will we live together?\u201d, curada por el destacado arquitecto y acad\u00e9mico Hashim Sarkis. Acad\u00e9micos, estudiantes de doctorado y ex alumnos ARQ UC han participado del evento de diversas maneras, colaborando en exhibiciones, publicaciones y otras plataformas.\" \/>\n<meta property=\"og:url\" content=\"https:\/\/fadeu.urantiacos.cl\/en\/2021\/09\/20\/la-comunidad-arq-uc-en-la-bienal-de-arquitectura-de-venecia-2021\/\" \/>\n<meta property=\"og:site_name\" content=\"Facultad de Arquitectura, Dise\u00f1o y Estudios Urbanos\" \/>\n<meta property=\"article:published_time\" content=\"2021-09-20T18:27:00+00:00\" \/>\n<meta property=\"article:modified_time\" content=\"2023-10-23T20:03:48+00:00\" \/>\n<meta property=\"og:image\" content=\"https:\/\/fadeu.urantiacos.cl\/wp-content\/uploads\/2023\/09\/bienaldevenecia2021_09_web.jpg\" \/>\n\t<meta property=\"og:image:width\" content=\"350\" \/>\n\t<meta property=\"og:image:height\" content=\"250\" \/>\n\t<meta property=\"og:image:type\" content=\"image\/jpeg\" \/>\n<meta name=\"author\" content=\"manadmin\" \/>\n<meta name=\"twitter:card\" content=\"summary_large_image\" \/>\n<meta name=\"twitter:label1\" content=\"Written by\" \/>\n\t<meta name=\"twitter:data1\" content=\"manadmin\" \/>\n\t<meta name=\"twitter:label2\" content=\"Est. reading time\" \/>\n\t<meta name=\"twitter:data2\" content=\"3 minutes\" \/>\n<script type=\"application\/ld+json\" class=\"yoast-schema-graph\">{\"@context\":\"https:\/\/schema.org\",\"@graph\":[{\"@type\":\"Article\",\"@id\":\"https:\/\/fadeu.urantiacos.cl\/en\/2021\/09\/20\/la-comunidad-arq-uc-en-la-bienal-de-arquitectura-de-venecia-2021\/#article\",\"isPartOf\":{\"@id\":\"https:\/\/fadeu.urantiacos.cl\/en\/2021\/09\/20\/la-comunidad-arq-uc-en-la-bienal-de-arquitectura-de-venecia-2021\/\"},\"author\":{\"name\":\"manadmin\",\"@id\":\"https:\/\/fadeu.urantiacos.cl\/en\/#\/schema\/person\/d203e2e84b1c40275eac77b3061a19a2\"},\"headline\":\"La comunidad ARQ UC en la Bienal de Arquitectura de Venecia 2021\",\"datePublished\":\"2021-09-20T18:27:00+00:00\",\"dateModified\":\"2023-10-23T20:03:48+00:00\",\"mainEntityOfPage\":{\"@id\":\"https:\/\/fadeu.urantiacos.cl\/en\/2021\/09\/20\/la-comunidad-arq-uc-en-la-bienal-de-arquitectura-de-venecia-2021\/\"},\"wordCount\":670,\"commentCount\":0,\"image\":{\"@id\":\"https:\/\/fadeu.urantiacos.cl\/en\/2021\/09\/20\/la-comunidad-arq-uc-en-la-bienal-de-arquitectura-de-venecia-2021\/#primaryimage\"},\"thumbnailUrl\":\"https:\/\/fadeu.urantiacos.cl\/wp-content\/uploads\/2023\/09\/bienaldevenecia2021_09_web.jpg\",\"articleSection\":[\"Sin categorizar\"],\"inLanguage\":\"en-US\",\"potentialAction\":[{\"@type\":\"CommentAction\",\"name\":\"Comment\",\"target\":[\"https:\/\/fadeu.urantiacos.cl\/en\/2021\/09\/20\/la-comunidad-arq-uc-en-la-bienal-de-arquitectura-de-venecia-2021\/#respond\"]}]},{\"@type\":\"WebPage\",\"@id\":\"https:\/\/fadeu.urantiacos.cl\/en\/2021\/09\/20\/la-comunidad-arq-uc-en-la-bienal-de-arquitectura-de-venecia-2021\/\",\"url\":\"https:\/\/fadeu.urantiacos.cl\/en\/2021\/09\/20\/la-comunidad-arq-uc-en-la-bienal-de-arquitectura-de-venecia-2021\/\",\"name\":\"La comunidad ARQ UC en la Bienal de Arquitectura de Venecia 2021 - Facultad de Arquitectura, Dise\u00f1o y Estudios Urbanos\",\"isPartOf\":{\"@id\":\"https:\/\/fadeu.urantiacos.cl\/en\/#website\"},\"primaryImageOfPage\":{\"@id\":\"https:\/\/fadeu.urantiacos.cl\/en\/2021\/09\/20\/la-comunidad-arq-uc-en-la-bienal-de-arquitectura-de-venecia-2021\/#primaryimage\"},\"image\":{\"@id\":\"https:\/\/fadeu.urantiacos.cl\/en\/2021\/09\/20\/la-comunidad-arq-uc-en-la-bienal-de-arquitectura-de-venecia-2021\/#primaryimage\"},\"thumbnailUrl\":\"https:\/\/fadeu.urantiacos.cl\/wp-content\/uploads\/2023\/09\/bienaldevenecia2021_09_web.jpg\",\"datePublished\":\"2021-09-20T18:27:00+00:00\",\"dateModified\":\"2023-10-23T20:03:48+00:00\",\"author\":{\"@id\":\"https:\/\/fadeu.urantiacos.cl\/en\/#\/schema\/person\/d203e2e84b1c40275eac77b3061a19a2\"},\"description\":\"Hasta el 21 de noviembre de este a\u00f1o se desarrollar\u00e1 la XVII Bienal de Arquitectura de Venecia, \u201cHow will we live together?\u201d, curada por el destacado arquitecto y acad\u00e9mico Hashim Sarkis. Acad\u00e9micos, estudiantes de doctorado y ex alumnos ARQ UC han participado del evento de diversas maneras, colaborando en exhibiciones, publicaciones y otras plataformas.\",\"breadcrumb\":{\"@id\":\"https:\/\/fadeu.urantiacos.cl\/en\/2021\/09\/20\/la-comunidad-arq-uc-en-la-bienal-de-arquitectura-de-venecia-2021\/#breadcrumb\"},\"inLanguage\":\"en-US\",\"potentialAction\":[{\"@type\":\"ReadAction\",\"target\":[\"https:\/\/fadeu.urantiacos.cl\/en\/2021\/09\/20\/la-comunidad-arq-uc-en-la-bienal-de-arquitectura-de-venecia-2021\/\"]}]},{\"@type\":\"ImageObject\",\"inLanguage\":\"en-US\",\"@id\":\"https:\/\/fadeu.urantiacos.cl\/en\/2021\/09\/20\/la-comunidad-arq-uc-en-la-bienal-de-arquitectura-de-venecia-2021\/#primaryimage\",\"url\":\"https:\/\/fadeu.urantiacos.cl\/wp-content\/uploads\/2023\/09\/bienaldevenecia2021_09_web.jpg\",\"contentUrl\":\"https:\/\/fadeu.urantiacos.cl\/wp-content\/uploads\/2023\/09\/bienaldevenecia2021_09_web.jpg\",\"width\":350,\"height\":250},{\"@type\":\"BreadcrumbList\",\"@id\":\"https:\/\/fadeu.urantiacos.cl\/en\/2021\/09\/20\/la-comunidad-arq-uc-en-la-bienal-de-arquitectura-de-venecia-2021\/#breadcrumb\",\"itemListElement\":[{\"@type\":\"ListItem\",\"position\":1,\"name\":\"Portada\",\"item\":\"https:\/\/fadeu.urantiacos.cl\/en\/\"},{\"@type\":\"ListItem\",\"position\":2,\"name\":\"La comunidad ARQ UC en la Bienal de Arquitectura de Venecia 2021\"}]},{\"@type\":\"WebSite\",\"@id\":\"https:\/\/fadeu.urantiacos.cl\/en\/#website\",\"url\":\"https:\/\/fadeu.urantiacos.cl\/en\/\",\"name\":\"Facultad de Arquitectura, Dise\u00f1o y Estudios Urbanos\",\"description\":\"Campus Lo Contador\",\"potentialAction\":[{\"@type\":\"SearchAction\",\"target\":{\"@type\":\"EntryPoint\",\"urlTemplate\":\"https:\/\/fadeu.urantiacos.cl\/en\/?s={search_term_string}\"},\"query-input\":{\"@type\":\"PropertyValueSpecification\",\"valueRequired\":true,\"valueName\":\"search_term_string\"}}],\"inLanguage\":\"en-US\"},{\"@type\":\"Person\",\"@id\":\"https:\/\/fadeu.urantiacos.cl\/en\/#\/schema\/person\/d203e2e84b1c40275eac77b3061a19a2\",\"name\":\"manadmin\",\"image\":{\"@type\":\"ImageObject\",\"inLanguage\":\"en-US\",\"@id\":\"https:\/\/fadeu.urantiacos.cl\/en\/#\/schema\/person\/image\/\",\"url\":\"https:\/\/secure.gravatar.com\/avatar\/4b1d8e3303b4a9d8968ac578947d8bc80d9aea359f388cdd4aac15cadc0e8447?s=96&d=mm&r=g\",\"contentUrl\":\"https:\/\/secure.gravatar.com\/avatar\/4b1d8e3303b4a9d8968ac578947d8bc80d9aea359f388cdd4aac15cadc0e8447?s=96&d=mm&r=g\",\"caption\":\"manadmin\"},\"sameAs\":[\"https:\/\/fadeu.urantiacos.cl\"]}]}<\/script>\n<!-- \/ Yoast SEO plugin. -->","yoast_head_json":{"title":"La comunidad ARQ UC en la Bienal de Arquitectura de Venecia 2021 - Facultad de Arquitectura, Dise\u00f1o y Estudios Urbanos","description":"Hasta el 21 de noviembre de este a\u00f1o se desarrollar\u00e1 la XVII Bienal de Arquitectura de Venecia, \u201cHow will we live together?\u201d, curada por el destacado arquitecto y acad\u00e9mico Hashim Sarkis. Acad\u00e9micos, estudiantes de doctorado y ex alumnos ARQ UC han participado del evento de diversas maneras, colaborando en exhibiciones, publicaciones y otras plataformas.","robots":{"index":"index","follow":"follow","max-snippet":"max-snippet:-1","max-image-preview":"max-image-preview:large","max-video-preview":"max-video-preview:-1"},"canonical":"https:\/\/fadeu.urantiacos.cl\/en\/2021\/09\/20\/la-comunidad-arq-uc-en-la-bienal-de-arquitectura-de-venecia-2021\/","og_locale":"en_US","og_type":"article","og_title":"La comunidad ARQ UC en la Bienal de Arquitectura de Venecia 2021 - Facultad de Arquitectura, Dise\u00f1o y Estudios Urbanos","og_description":"Hasta el 21 de noviembre de este a\u00f1o se desarrollar\u00e1 la XVII Bienal de Arquitectura de Venecia, \u201cHow will we live together?\u201d, curada por el destacado arquitecto y acad\u00e9mico Hashim Sarkis. Acad\u00e9micos, estudiantes de doctorado y ex alumnos ARQ UC han participado del evento de diversas maneras, colaborando en exhibiciones, publicaciones y otras plataformas.","og_url":"https:\/\/fadeu.urantiacos.cl\/en\/2021\/09\/20\/la-comunidad-arq-uc-en-la-bienal-de-arquitectura-de-venecia-2021\/","og_site_name":"Facultad de Arquitectura, Dise\u00f1o y Estudios Urbanos","article_published_time":"2021-09-20T18:27:00+00:00","article_modified_time":"2023-10-23T20:03:48+00:00","og_image":[{"width":350,"height":250,"url":"https:\/\/fadeu.urantiacos.cl\/wp-content\/uploads\/2023\/09\/bienaldevenecia2021_09_web.jpg","type":"image\/jpeg"}],"author":"manadmin","twitter_card":"summary_large_image","twitter_misc":{"Written by":"manadmin","Est. reading time":"3 minutes"},"schema":{"@context":"https:\/\/schema.org","@graph":[{"@type":"Article","@id":"https:\/\/fadeu.urantiacos.cl\/en\/2021\/09\/20\/la-comunidad-arq-uc-en-la-bienal-de-arquitectura-de-venecia-2021\/#article","isPartOf":{"@id":"https:\/\/fadeu.urantiacos.cl\/en\/2021\/09\/20\/la-comunidad-arq-uc-en-la-bienal-de-arquitectura-de-venecia-2021\/"},"author":{"name":"manadmin","@id":"https:\/\/fadeu.urantiacos.cl\/en\/#\/schema\/person\/d203e2e84b1c40275eac77b3061a19a2"},"headline":"La comunidad ARQ UC en la Bienal de Arquitectura de Venecia 2021","datePublished":"2021-09-20T18:27:00+00:00","dateModified":"2023-10-23T20:03:48+00:00","mainEntityOfPage":{"@id":"https:\/\/fadeu.urantiacos.cl\/en\/2021\/09\/20\/la-comunidad-arq-uc-en-la-bienal-de-arquitectura-de-venecia-2021\/"},"wordCount":670,"commentCount":0,"image":{"@id":"https:\/\/fadeu.urantiacos.cl\/en\/2021\/09\/20\/la-comunidad-arq-uc-en-la-bienal-de-arquitectura-de-venecia-2021\/#primaryimage"},"thumbnailUrl":"https:\/\/fadeu.urantiacos.cl\/wp-content\/uploads\/2023\/09\/bienaldevenecia2021_09_web.jpg","articleSection":["Sin categorizar"],"inLanguage":"en-US","potentialAction":[{"@type":"CommentAction","name":"Comment","target":["https:\/\/fadeu.urantiacos.cl\/en\/2021\/09\/20\/la-comunidad-arq-uc-en-la-bienal-de-arquitectura-de-venecia-2021\/#respond"]}]},{"@type":"WebPage","@id":"https:\/\/fadeu.urantiacos.cl\/en\/2021\/09\/20\/la-comunidad-arq-uc-en-la-bienal-de-arquitectura-de-venecia-2021\/","url":"https:\/\/fadeu.urantiacos.cl\/en\/2021\/09\/20\/la-comunidad-arq-uc-en-la-bienal-de-arquitectura-de-venecia-2021\/","name":"La comunidad ARQ UC en la Bienal de Arquitectura de Venecia 2021 - Facultad de Arquitectura, Dise\u00f1o y Estudios Urbanos","isPartOf":{"@id":"https:\/\/fadeu.urantiacos.cl\/en\/#website"},"primaryImageOfPage":{"@id":"https:\/\/fadeu.urantiacos.cl\/en\/2021\/09\/20\/la-comunidad-arq-uc-en-la-bienal-de-arquitectura-de-venecia-2021\/#primaryimage"},"image":{"@id":"https:\/\/fadeu.urantiacos.cl\/en\/2021\/09\/20\/la-comunidad-arq-uc-en-la-bienal-de-arquitectura-de-venecia-2021\/#primaryimage"},"thumbnailUrl":"https:\/\/fadeu.urantiacos.cl\/wp-content\/uploads\/2023\/09\/bienaldevenecia2021_09_web.jpg","datePublished":"2021-09-20T18:27:00+00:00","dateModified":"2023-10-23T20:03:48+00:00","author":{"@id":"https:\/\/fadeu.urantiacos.cl\/en\/#\/schema\/person\/d203e2e84b1c40275eac77b3061a19a2"},"description":"Hasta el 21 de noviembre de este a\u00f1o se desarrollar\u00e1 la XVII Bienal de Arquitectura de Venecia, \u201cHow will we live together?\u201d, curada por el destacado arquitecto y acad\u00e9mico Hashim Sarkis. Acad\u00e9micos, estudiantes de doctorado y ex alumnos ARQ UC han participado del evento de diversas maneras, colaborando en exhibiciones, publicaciones y otras plataformas.","breadcrumb":{"@id":"https:\/\/fadeu.urantiacos.cl\/en\/2021\/09\/20\/la-comunidad-arq-uc-en-la-bienal-de-arquitectura-de-venecia-2021\/#breadcrumb"},"inLanguage":"en-US","potentialAction":[{"@type":"ReadAction","target":["https:\/\/fadeu.urantiacos.cl\/en\/2021\/09\/20\/la-comunidad-arq-uc-en-la-bienal-de-arquitectura-de-venecia-2021\/"]}]},{"@type":"ImageObject","inLanguage":"en-US","@id":"https:\/\/fadeu.urantiacos.cl\/en\/2021\/09\/20\/la-comunidad-arq-uc-en-la-bienal-de-arquitectura-de-venecia-2021\/#primaryimage","url":"https:\/\/fadeu.urantiacos.cl\/wp-content\/uploads\/2023\/09\/bienaldevenecia2021_09_web.jpg","contentUrl":"https:\/\/fadeu.urantiacos.cl\/wp-content\/uploads\/2023\/09\/bienaldevenecia2021_09_web.jpg","width":350,"height":250},{"@type":"BreadcrumbList","@id":"https:\/\/fadeu.urantiacos.cl\/en\/2021\/09\/20\/la-comunidad-arq-uc-en-la-bienal-de-arquitectura-de-venecia-2021\/#breadcrumb","itemListElement":[{"@type":"ListItem","position":1,"name":"Portada","item":"https:\/\/fadeu.urantiacos.cl\/en\/"},{"@type":"ListItem","position":2,"name":"La comunidad ARQ UC en la Bienal de Arquitectura de Venecia 2021"}]},{"@type":"WebSite","@id":"https:\/\/fadeu.urantiacos.cl\/en\/#website","url":"https:\/\/fadeu.urantiacos.cl\/en\/","name":"Facultad de Arquitectura, Dise\u00f1o y Estudios Urbanos","description":"Campus Lo Contador","potentialAction":[{"@type":"SearchAction","target":{"@type":"EntryPoint","urlTemplate":"https:\/\/fadeu.urantiacos.cl\/en\/?s={search_term_string}"},"query-input":{"@type":"PropertyValueSpecification","valueRequired":true,"valueName":"search_term_string"}}],"inLanguage":"en-US"},{"@type":"Person","@id":"https:\/\/fadeu.urantiacos.cl\/en\/#\/schema\/person\/d203e2e84b1c40275eac77b3061a19a2","name":"manadmin","image":{"@type":"ImageObject","inLanguage":"en-US","@id":"https:\/\/fadeu.urantiacos.cl\/en\/#\/schema\/person\/image\/","url":"https:\/\/secure.gravatar.com\/avatar\/4b1d8e3303b4a9d8968ac578947d8bc80d9aea359f388cdd4aac15cadc0e8447?s=96&d=mm&r=g","contentUrl":"https:\/\/secure.gravatar.com\/avatar\/4b1d8e3303b4a9d8968ac578947d8bc80d9aea359f388cdd4aac15cadc0e8447?s=96&d=mm&r=g","caption":"manadmin"},"sameAs":["https:\/\/fadeu.urantiacos.cl"]}]}},"_links":{"self":[{"href":"https:\/\/fadeu.urantiacos.cl\/en\/wp-json\/wp\/v2\/posts\/6327","targetHints":{"allow":["GET"]}}],"collection":[{"href":"https:\/\/fadeu.urantiacos.cl\/en\/wp-json\/wp\/v2\/posts"}],"about":[{"href":"https:\/\/fadeu.urantiacos.cl\/en\/wp-json\/wp\/v2\/types\/post"}],"author":[{"embeddable":true,"href":"https:\/\/fadeu.urantiacos.cl\/en\/wp-json\/wp\/v2\/users\/1"}],"replies":[{"embeddable":true,"href":"https:\/\/fadeu.urantiacos.cl\/en\/wp-json\/wp\/v2\/comments?post=6327"}],"version-history":[{"count":2,"href":"https:\/\/fadeu.urantiacos.cl\/en\/wp-json\/wp\/v2\/posts\/6327\/revisions"}],"predecessor-version":[{"id":17657,"href":"https:\/\/fadeu.urantiacos.cl\/en\/wp-json\/wp\/v2\/posts\/6327\/revisions\/17657"}],"wp:featuredmedia":[{"embeddable":true,"href":"https:\/\/fadeu.urantiacos.cl\/en\/wp-json\/wp\/v2\/media\/6329"}],"wp:attachment":[{"href":"https:\/\/fadeu.urantiacos.cl\/en\/wp-json\/wp\/v2\/media?parent=6327"}],"wp:term":[{"taxonomy":"category","embeddable":true,"href":"https:\/\/fadeu.urantiacos.cl\/en\/wp-json\/wp\/v2\/categories?post=6327"},{"taxonomy":"post_tag","embeddable":true,"href":"https:\/\/fadeu.urantiacos.cl\/en\/wp-json\/wp\/v2\/tags?post=6327"}],"curies":[{"name":"wp","href":"https:\/\/api.w.org\/{rel}","templated":true}]}}