{"id":6290,"date":"2021-09-27T15:03:00","date_gmt":"2021-09-27T18:03:00","guid":{"rendered":"https:\/\/fadeu.urantiacos.cl\/?p=6290"},"modified":"2023-09-07T15:06:20","modified_gmt":"2023-09-07T18:06:20","slug":"alejandra-celedon-fue-una-de-las-conferencistas-del-ciclo-de-la-universidad-de-anahuac","status":"publish","type":"post","link":"https:\/\/fadeu.urantiacos.cl\/en\/2021\/09\/27\/alejandra-celedon-fue-una-de-las-conferencistas-del-ciclo-de-la-universidad-de-anahuac\/","title":{"rendered":"Alejandra Celed\u00f3n fue una de las conferencistas del ciclo de la Universidad de An\u00e1huac"},"content":{"rendered":"\n<figure class=\"wp-block-image size-full\"><img decoding=\"async\" width=\"350\" height=\"250\" src=\"https:\/\/fadeu.urantiacos.cl\/wp-content\/uploads\/2023\/09\/WEB_Captura_de_Pantalla_2021-09-27_a_las_11.19.09.png\" alt=\"\" class=\"wp-image-6291\" srcset=\"https:\/\/fadeu.urantiacos.cl\/wp-content\/uploads\/2023\/09\/WEB_Captura_de_Pantalla_2021-09-27_a_las_11.19.09.png 350w, https:\/\/fadeu.urantiacos.cl\/wp-content\/uploads\/2023\/09\/WEB_Captura_de_Pantalla_2021-09-27_a_las_11.19.09-300x214.png 300w\" sizes=\"(max-width: 350px) 100vw, 350px\" \/><\/figure>\n\n\n\n<p>En ese contexto, Alejandra Celed\u00f3n present\u00f3 sus participaciones en las bienales de Venecia y Chicago (con &#8220;Stadium&#8221; y &#8220;The Plot&#8221;, respectivamente), explicando c\u00f3mo el trabajo arquitect\u00f3nico para el &#8216;museo&#8217; se puede transformar \u201cen la puesta en escena de ciertas maneras de ver problemas disciplinares para la arquitectura\u201d. Sobre sus proyectos en particular, la profesora ARQ UC sostuvo: \u201cUna podr\u00eda pensar que son te\u00f3ricos, pero a m\u00ed me gusta verlos como un modo de pr\u00e1ctica en la que la arquitectura ha ampliado sus posibilidades de acci\u00f3n\u201d.<\/p>\n\n\n\n<p>El ciclo de este semestre de la Facultad de Arquitectura de la Universidad de An\u00e1huac tiene entre sus expositores a arquitectos como Eduardo Gorozpe de A-001 Taller de Arquitectura en Ciudad de M\u00e9xico, Luc\u00eda de la Mora de NACTO en Nueva York y Dariela Hentschel de Patrick Genard y Asociados en Barcelona.<\/p>\n\n\n\n<p>La conferencia se realiz\u00f3 el mi\u00e9rcoles 15 de septiembre de 2021 en formato online y fue transmitida a trav\u00e9s de las plataformas de la Facultad de Arquitectura de la Universidad de An\u00e1huac.<\/p>\n\n\n\n<figure class=\"wp-block-video\"><video controls src=\"blob:https:\/\/www.facebook.com\/b8cff9a9-e2ed-4426-b60c-1926dc835cdf\"><\/video><\/figure>\n\n\n\n<p>Noticias<\/p>\n\n\n\n<p>Contacto:&nbsp;<a href=\"mailto:redesarq@uc.cl\">redesarq@uc.cl<\/a>&nbsp;| +56 2 2354 7747<br>www.arquitectura.uc.cl<\/p>\n","protected":false},"excerpt":{"rendered":"<p>La profesora ARQ UC y jefe del Mag\u00edster en Arquitectura UC (MARQ) dict\u00f3 la charla &#8220;Artefactos para ver&#8221; en el marco del ciclo organizado por la Facultad de Arquitectura de la casa de estudios mexicana.<\/p>\n","protected":false},"author":1,"featured_media":6291,"comment_status":"open","ping_status":"open","sticky":false,"template":"","format":"standard","meta":{"_acf_changed":false,"footnotes":""},"categories":[1],"tags":[],"class_list":["post-6290","post","type-post","status-publish","format-standard","has-post-thumbnail","hentry","category-sin-categorizar"],"acf":[],"yoast_head":"<!-- This site is optimized with the Yoast SEO plugin v27.1.1 - https:\/\/yoast.com\/product\/yoast-seo-wordpress\/ -->\n<title>Alejandra Celed\u00f3n fue una de las conferencistas del ciclo de la Universidad de An\u00e1huac - Facultad de Arquitectura, Dise\u00f1o y Estudios Urbanos<\/title>\n<meta name=\"description\" content=\"La profesora ARQ UC y jefe del Mag\u00edster en Arquitectura UC (MARQ) dict\u00f3 la charla &quot;Artefactos para ver&quot; en el marco del ciclo organizado por la Facultad de Arquitectura de la casa de estudios mexicana.\" \/>\n<meta name=\"robots\" content=\"index, follow, max-snippet:-1, max-image-preview:large, max-video-preview:-1\" \/>\n<link rel=\"canonical\" href=\"https:\/\/fadeu.urantiacos.cl\/en\/2021\/09\/27\/alejandra-celedon-fue-una-de-las-conferencistas-del-ciclo-de-la-universidad-de-anahuac\/\" \/>\n<meta property=\"og:locale\" content=\"en_US\" \/>\n<meta property=\"og:type\" content=\"article\" \/>\n<meta property=\"og:title\" content=\"Alejandra Celed\u00f3n fue una de las conferencistas del ciclo de la Universidad de An\u00e1huac - Facultad de Arquitectura, Dise\u00f1o y Estudios Urbanos\" \/>\n<meta property=\"og:description\" content=\"La profesora ARQ UC y jefe del Mag\u00edster en Arquitectura UC (MARQ) dict\u00f3 la charla &quot;Artefactos para ver&quot; en el marco del ciclo organizado por la Facultad de Arquitectura de la casa de estudios mexicana.\" \/>\n<meta property=\"og:url\" content=\"https:\/\/fadeu.urantiacos.cl\/en\/2021\/09\/27\/alejandra-celedon-fue-una-de-las-conferencistas-del-ciclo-de-la-universidad-de-anahuac\/\" \/>\n<meta property=\"og:site_name\" content=\"Facultad de Arquitectura, Dise\u00f1o y Estudios Urbanos\" \/>\n<meta property=\"article:published_time\" content=\"2021-09-27T18:03:00+00:00\" \/>\n<meta property=\"article:modified_time\" content=\"2023-09-07T18:06:20+00:00\" \/>\n<meta property=\"og:image\" content=\"https:\/\/fadeu.urantiacos.cl\/wp-content\/uploads\/2023\/09\/WEB_Captura_de_Pantalla_2021-09-27_a_las_11.19.09.png\" \/>\n\t<meta property=\"og:image:width\" content=\"350\" \/>\n\t<meta property=\"og:image:height\" content=\"250\" \/>\n\t<meta property=\"og:image:type\" content=\"image\/png\" \/>\n<meta name=\"author\" content=\"manadmin\" \/>\n<meta name=\"twitter:card\" content=\"summary_large_image\" \/>\n<meta name=\"twitter:label1\" content=\"Written by\" \/>\n\t<meta name=\"twitter:data1\" content=\"manadmin\" \/>\n\t<meta name=\"twitter:label2\" content=\"Est. reading time\" \/>\n\t<meta name=\"twitter:data2\" content=\"1 minute\" \/>\n<script type=\"application\/ld+json\" class=\"yoast-schema-graph\">{\"@context\":\"https:\/\/schema.org\",\"@graph\":[{\"@type\":\"Article\",\"@id\":\"https:\/\/fadeu.urantiacos.cl\/en\/2021\/09\/27\/alejandra-celedon-fue-una-de-las-conferencistas-del-ciclo-de-la-universidad-de-anahuac\/#article\",\"isPartOf\":{\"@id\":\"https:\/\/fadeu.urantiacos.cl\/en\/2021\/09\/27\/alejandra-celedon-fue-una-de-las-conferencistas-del-ciclo-de-la-universidad-de-anahuac\/\"},\"author\":{\"name\":\"manadmin\",\"@id\":\"https:\/\/fadeu.urantiacos.cl\/en\/#\/schema\/person\/d203e2e84b1c40275eac77b3061a19a2\"},\"headline\":\"Alejandra Celed\u00f3n fue una de las conferencistas del ciclo de la Universidad de An\u00e1huac\",\"datePublished\":\"2021-09-27T18:03:00+00:00\",\"dateModified\":\"2023-09-07T18:06:20+00:00\",\"mainEntityOfPage\":{\"@id\":\"https:\/\/fadeu.urantiacos.cl\/en\/2021\/09\/27\/alejandra-celedon-fue-una-de-las-conferencistas-del-ciclo-de-la-universidad-de-anahuac\/\"},\"wordCount\":207,\"commentCount\":0,\"image\":{\"@id\":\"https:\/\/fadeu.urantiacos.cl\/en\/2021\/09\/27\/alejandra-celedon-fue-una-de-las-conferencistas-del-ciclo-de-la-universidad-de-anahuac\/#primaryimage\"},\"thumbnailUrl\":\"https:\/\/fadeu.urantiacos.cl\/wp-content\/uploads\/2023\/09\/WEB_Captura_de_Pantalla_2021-09-27_a_las_11.19.09.png\",\"articleSection\":[\"Sin categorizar\"],\"inLanguage\":\"en-US\",\"potentialAction\":[{\"@type\":\"CommentAction\",\"name\":\"Comment\",\"target\":[\"https:\/\/fadeu.urantiacos.cl\/en\/2021\/09\/27\/alejandra-celedon-fue-una-de-las-conferencistas-del-ciclo-de-la-universidad-de-anahuac\/#respond\"]}]},{\"@type\":\"WebPage\",\"@id\":\"https:\/\/fadeu.urantiacos.cl\/en\/2021\/09\/27\/alejandra-celedon-fue-una-de-las-conferencistas-del-ciclo-de-la-universidad-de-anahuac\/\",\"url\":\"https:\/\/fadeu.urantiacos.cl\/en\/2021\/09\/27\/alejandra-celedon-fue-una-de-las-conferencistas-del-ciclo-de-la-universidad-de-anahuac\/\",\"name\":\"Alejandra Celed\u00f3n fue una de las conferencistas del ciclo de la Universidad de An\u00e1huac - Facultad de Arquitectura, Dise\u00f1o y Estudios Urbanos\",\"isPartOf\":{\"@id\":\"https:\/\/fadeu.urantiacos.cl\/en\/#website\"},\"primaryImageOfPage\":{\"@id\":\"https:\/\/fadeu.urantiacos.cl\/en\/2021\/09\/27\/alejandra-celedon-fue-una-de-las-conferencistas-del-ciclo-de-la-universidad-de-anahuac\/#primaryimage\"},\"image\":{\"@id\":\"https:\/\/fadeu.urantiacos.cl\/en\/2021\/09\/27\/alejandra-celedon-fue-una-de-las-conferencistas-del-ciclo-de-la-universidad-de-anahuac\/#primaryimage\"},\"thumbnailUrl\":\"https:\/\/fadeu.urantiacos.cl\/wp-content\/uploads\/2023\/09\/WEB_Captura_de_Pantalla_2021-09-27_a_las_11.19.09.png\",\"datePublished\":\"2021-09-27T18:03:00+00:00\",\"dateModified\":\"2023-09-07T18:06:20+00:00\",\"author\":{\"@id\":\"https:\/\/fadeu.urantiacos.cl\/en\/#\/schema\/person\/d203e2e84b1c40275eac77b3061a19a2\"},\"description\":\"La profesora ARQ UC y jefe del Mag\u00edster en Arquitectura UC (MARQ) dict\u00f3 la charla \\\"Artefactos para ver\\\" en el marco del ciclo organizado por la Facultad de Arquitectura de la casa de estudios mexicana.\",\"breadcrumb\":{\"@id\":\"https:\/\/fadeu.urantiacos.cl\/en\/2021\/09\/27\/alejandra-celedon-fue-una-de-las-conferencistas-del-ciclo-de-la-universidad-de-anahuac\/#breadcrumb\"},\"inLanguage\":\"en-US\",\"potentialAction\":[{\"@type\":\"ReadAction\",\"target\":[\"https:\/\/fadeu.urantiacos.cl\/en\/2021\/09\/27\/alejandra-celedon-fue-una-de-las-conferencistas-del-ciclo-de-la-universidad-de-anahuac\/\"]}]},{\"@type\":\"ImageObject\",\"inLanguage\":\"en-US\",\"@id\":\"https:\/\/fadeu.urantiacos.cl\/en\/2021\/09\/27\/alejandra-celedon-fue-una-de-las-conferencistas-del-ciclo-de-la-universidad-de-anahuac\/#primaryimage\",\"url\":\"https:\/\/fadeu.urantiacos.cl\/wp-content\/uploads\/2023\/09\/WEB_Captura_de_Pantalla_2021-09-27_a_las_11.19.09.png\",\"contentUrl\":\"https:\/\/fadeu.urantiacos.cl\/wp-content\/uploads\/2023\/09\/WEB_Captura_de_Pantalla_2021-09-27_a_las_11.19.09.png\",\"width\":350,\"height\":250},{\"@type\":\"BreadcrumbList\",\"@id\":\"https:\/\/fadeu.urantiacos.cl\/en\/2021\/09\/27\/alejandra-celedon-fue-una-de-las-conferencistas-del-ciclo-de-la-universidad-de-anahuac\/#breadcrumb\",\"itemListElement\":[{\"@type\":\"ListItem\",\"position\":1,\"name\":\"Portada\",\"item\":\"https:\/\/fadeu.urantiacos.cl\/en\/\"},{\"@type\":\"ListItem\",\"position\":2,\"name\":\"Alejandra Celed\u00f3n fue una de las conferencistas del ciclo de la Universidad de An\u00e1huac\"}]},{\"@type\":\"WebSite\",\"@id\":\"https:\/\/fadeu.urantiacos.cl\/en\/#website\",\"url\":\"https:\/\/fadeu.urantiacos.cl\/en\/\",\"name\":\"Facultad de Arquitectura, Dise\u00f1o y Estudios Urbanos\",\"description\":\"Campus Lo Contador\",\"potentialAction\":[{\"@type\":\"SearchAction\",\"target\":{\"@type\":\"EntryPoint\",\"urlTemplate\":\"https:\/\/fadeu.urantiacos.cl\/en\/?s={search_term_string}\"},\"query-input\":{\"@type\":\"PropertyValueSpecification\",\"valueRequired\":true,\"valueName\":\"search_term_string\"}}],\"inLanguage\":\"en-US\"},{\"@type\":\"Person\",\"@id\":\"https:\/\/fadeu.urantiacos.cl\/en\/#\/schema\/person\/d203e2e84b1c40275eac77b3061a19a2\",\"name\":\"manadmin\",\"image\":{\"@type\":\"ImageObject\",\"inLanguage\":\"en-US\",\"@id\":\"https:\/\/fadeu.urantiacos.cl\/en\/#\/schema\/person\/image\/\",\"url\":\"https:\/\/secure.gravatar.com\/avatar\/4b1d8e3303b4a9d8968ac578947d8bc80d9aea359f388cdd4aac15cadc0e8447?s=96&d=mm&r=g\",\"contentUrl\":\"https:\/\/secure.gravatar.com\/avatar\/4b1d8e3303b4a9d8968ac578947d8bc80d9aea359f388cdd4aac15cadc0e8447?s=96&d=mm&r=g\",\"caption\":\"manadmin\"},\"sameAs\":[\"https:\/\/fadeu.urantiacos.cl\"]}]}<\/script>\n<!-- \/ Yoast SEO plugin. -->","yoast_head_json":{"title":"Alejandra Celed\u00f3n fue una de las conferencistas del ciclo de la Universidad de An\u00e1huac - Facultad de Arquitectura, Dise\u00f1o y Estudios Urbanos","description":"La profesora ARQ UC y jefe del Mag\u00edster en Arquitectura UC (MARQ) dict\u00f3 la charla \"Artefactos para ver\" en el marco del ciclo organizado por la Facultad de Arquitectura de la casa de estudios mexicana.","robots":{"index":"index","follow":"follow","max-snippet":"max-snippet:-1","max-image-preview":"max-image-preview:large","max-video-preview":"max-video-preview:-1"},"canonical":"https:\/\/fadeu.urantiacos.cl\/en\/2021\/09\/27\/alejandra-celedon-fue-una-de-las-conferencistas-del-ciclo-de-la-universidad-de-anahuac\/","og_locale":"en_US","og_type":"article","og_title":"Alejandra Celed\u00f3n fue una de las conferencistas del ciclo de la Universidad de An\u00e1huac - Facultad de Arquitectura, Dise\u00f1o y Estudios Urbanos","og_description":"La profesora ARQ UC y jefe del Mag\u00edster en Arquitectura UC (MARQ) dict\u00f3 la charla \"Artefactos para ver\" en el marco del ciclo organizado por la Facultad de Arquitectura de la casa de estudios mexicana.","og_url":"https:\/\/fadeu.urantiacos.cl\/en\/2021\/09\/27\/alejandra-celedon-fue-una-de-las-conferencistas-del-ciclo-de-la-universidad-de-anahuac\/","og_site_name":"Facultad de Arquitectura, Dise\u00f1o y Estudios Urbanos","article_published_time":"2021-09-27T18:03:00+00:00","article_modified_time":"2023-09-07T18:06:20+00:00","og_image":[{"width":350,"height":250,"url":"https:\/\/fadeu.urantiacos.cl\/wp-content\/uploads\/2023\/09\/WEB_Captura_de_Pantalla_2021-09-27_a_las_11.19.09.png","type":"image\/png"}],"author":"manadmin","twitter_card":"summary_large_image","twitter_misc":{"Written by":"manadmin","Est. reading time":"1 minute"},"schema":{"@context":"https:\/\/schema.org","@graph":[{"@type":"Article","@id":"https:\/\/fadeu.urantiacos.cl\/en\/2021\/09\/27\/alejandra-celedon-fue-una-de-las-conferencistas-del-ciclo-de-la-universidad-de-anahuac\/#article","isPartOf":{"@id":"https:\/\/fadeu.urantiacos.cl\/en\/2021\/09\/27\/alejandra-celedon-fue-una-de-las-conferencistas-del-ciclo-de-la-universidad-de-anahuac\/"},"author":{"name":"manadmin","@id":"https:\/\/fadeu.urantiacos.cl\/en\/#\/schema\/person\/d203e2e84b1c40275eac77b3061a19a2"},"headline":"Alejandra Celed\u00f3n fue una de las conferencistas del ciclo de la Universidad de An\u00e1huac","datePublished":"2021-09-27T18:03:00+00:00","dateModified":"2023-09-07T18:06:20+00:00","mainEntityOfPage":{"@id":"https:\/\/fadeu.urantiacos.cl\/en\/2021\/09\/27\/alejandra-celedon-fue-una-de-las-conferencistas-del-ciclo-de-la-universidad-de-anahuac\/"},"wordCount":207,"commentCount":0,"image":{"@id":"https:\/\/fadeu.urantiacos.cl\/en\/2021\/09\/27\/alejandra-celedon-fue-una-de-las-conferencistas-del-ciclo-de-la-universidad-de-anahuac\/#primaryimage"},"thumbnailUrl":"https:\/\/fadeu.urantiacos.cl\/wp-content\/uploads\/2023\/09\/WEB_Captura_de_Pantalla_2021-09-27_a_las_11.19.09.png","articleSection":["Sin categorizar"],"inLanguage":"en-US","potentialAction":[{"@type":"CommentAction","name":"Comment","target":["https:\/\/fadeu.urantiacos.cl\/en\/2021\/09\/27\/alejandra-celedon-fue-una-de-las-conferencistas-del-ciclo-de-la-universidad-de-anahuac\/#respond"]}]},{"@type":"WebPage","@id":"https:\/\/fadeu.urantiacos.cl\/en\/2021\/09\/27\/alejandra-celedon-fue-una-de-las-conferencistas-del-ciclo-de-la-universidad-de-anahuac\/","url":"https:\/\/fadeu.urantiacos.cl\/en\/2021\/09\/27\/alejandra-celedon-fue-una-de-las-conferencistas-del-ciclo-de-la-universidad-de-anahuac\/","name":"Alejandra Celed\u00f3n fue una de las conferencistas del ciclo de la Universidad de An\u00e1huac - Facultad de Arquitectura, Dise\u00f1o y Estudios Urbanos","isPartOf":{"@id":"https:\/\/fadeu.urantiacos.cl\/en\/#website"},"primaryImageOfPage":{"@id":"https:\/\/fadeu.urantiacos.cl\/en\/2021\/09\/27\/alejandra-celedon-fue-una-de-las-conferencistas-del-ciclo-de-la-universidad-de-anahuac\/#primaryimage"},"image":{"@id":"https:\/\/fadeu.urantiacos.cl\/en\/2021\/09\/27\/alejandra-celedon-fue-una-de-las-conferencistas-del-ciclo-de-la-universidad-de-anahuac\/#primaryimage"},"thumbnailUrl":"https:\/\/fadeu.urantiacos.cl\/wp-content\/uploads\/2023\/09\/WEB_Captura_de_Pantalla_2021-09-27_a_las_11.19.09.png","datePublished":"2021-09-27T18:03:00+00:00","dateModified":"2023-09-07T18:06:20+00:00","author":{"@id":"https:\/\/fadeu.urantiacos.cl\/en\/#\/schema\/person\/d203e2e84b1c40275eac77b3061a19a2"},"description":"La profesora ARQ UC y jefe del Mag\u00edster en Arquitectura UC (MARQ) dict\u00f3 la charla \"Artefactos para ver\" en el marco del ciclo organizado por la Facultad de Arquitectura de la casa de estudios mexicana.","breadcrumb":{"@id":"https:\/\/fadeu.urantiacos.cl\/en\/2021\/09\/27\/alejandra-celedon-fue-una-de-las-conferencistas-del-ciclo-de-la-universidad-de-anahuac\/#breadcrumb"},"inLanguage":"en-US","potentialAction":[{"@type":"ReadAction","target":["https:\/\/fadeu.urantiacos.cl\/en\/2021\/09\/27\/alejandra-celedon-fue-una-de-las-conferencistas-del-ciclo-de-la-universidad-de-anahuac\/"]}]},{"@type":"ImageObject","inLanguage":"en-US","@id":"https:\/\/fadeu.urantiacos.cl\/en\/2021\/09\/27\/alejandra-celedon-fue-una-de-las-conferencistas-del-ciclo-de-la-universidad-de-anahuac\/#primaryimage","url":"https:\/\/fadeu.urantiacos.cl\/wp-content\/uploads\/2023\/09\/WEB_Captura_de_Pantalla_2021-09-27_a_las_11.19.09.png","contentUrl":"https:\/\/fadeu.urantiacos.cl\/wp-content\/uploads\/2023\/09\/WEB_Captura_de_Pantalla_2021-09-27_a_las_11.19.09.png","width":350,"height":250},{"@type":"BreadcrumbList","@id":"https:\/\/fadeu.urantiacos.cl\/en\/2021\/09\/27\/alejandra-celedon-fue-una-de-las-conferencistas-del-ciclo-de-la-universidad-de-anahuac\/#breadcrumb","itemListElement":[{"@type":"ListItem","position":1,"name":"Portada","item":"https:\/\/fadeu.urantiacos.cl\/en\/"},{"@type":"ListItem","position":2,"name":"Alejandra Celed\u00f3n fue una de las conferencistas del ciclo de la Universidad de An\u00e1huac"}]},{"@type":"WebSite","@id":"https:\/\/fadeu.urantiacos.cl\/en\/#website","url":"https:\/\/fadeu.urantiacos.cl\/en\/","name":"Facultad de Arquitectura, Dise\u00f1o y Estudios Urbanos","description":"Campus Lo Contador","potentialAction":[{"@type":"SearchAction","target":{"@type":"EntryPoint","urlTemplate":"https:\/\/fadeu.urantiacos.cl\/en\/?s={search_term_string}"},"query-input":{"@type":"PropertyValueSpecification","valueRequired":true,"valueName":"search_term_string"}}],"inLanguage":"en-US"},{"@type":"Person","@id":"https:\/\/fadeu.urantiacos.cl\/en\/#\/schema\/person\/d203e2e84b1c40275eac77b3061a19a2","name":"manadmin","image":{"@type":"ImageObject","inLanguage":"en-US","@id":"https:\/\/fadeu.urantiacos.cl\/en\/#\/schema\/person\/image\/","url":"https:\/\/secure.gravatar.com\/avatar\/4b1d8e3303b4a9d8968ac578947d8bc80d9aea359f388cdd4aac15cadc0e8447?s=96&d=mm&r=g","contentUrl":"https:\/\/secure.gravatar.com\/avatar\/4b1d8e3303b4a9d8968ac578947d8bc80d9aea359f388cdd4aac15cadc0e8447?s=96&d=mm&r=g","caption":"manadmin"},"sameAs":["https:\/\/fadeu.urantiacos.cl"]}]}},"_links":{"self":[{"href":"https:\/\/fadeu.urantiacos.cl\/en\/wp-json\/wp\/v2\/posts\/6290","targetHints":{"allow":["GET"]}}],"collection":[{"href":"https:\/\/fadeu.urantiacos.cl\/en\/wp-json\/wp\/v2\/posts"}],"about":[{"href":"https:\/\/fadeu.urantiacos.cl\/en\/wp-json\/wp\/v2\/types\/post"}],"author":[{"embeddable":true,"href":"https:\/\/fadeu.urantiacos.cl\/en\/wp-json\/wp\/v2\/users\/1"}],"replies":[{"embeddable":true,"href":"https:\/\/fadeu.urantiacos.cl\/en\/wp-json\/wp\/v2\/comments?post=6290"}],"version-history":[{"count":1,"href":"https:\/\/fadeu.urantiacos.cl\/en\/wp-json\/wp\/v2\/posts\/6290\/revisions"}],"predecessor-version":[{"id":6292,"href":"https:\/\/fadeu.urantiacos.cl\/en\/wp-json\/wp\/v2\/posts\/6290\/revisions\/6292"}],"wp:featuredmedia":[{"embeddable":true,"href":"https:\/\/fadeu.urantiacos.cl\/en\/wp-json\/wp\/v2\/media\/6291"}],"wp:attachment":[{"href":"https:\/\/fadeu.urantiacos.cl\/en\/wp-json\/wp\/v2\/media?parent=6290"}],"wp:term":[{"taxonomy":"category","embeddable":true,"href":"https:\/\/fadeu.urantiacos.cl\/en\/wp-json\/wp\/v2\/categories?post=6290"},{"taxonomy":"post_tag","embeddable":true,"href":"https:\/\/fadeu.urantiacos.cl\/en\/wp-json\/wp\/v2\/tags?post=6290"}],"curies":[{"name":"wp","href":"https:\/\/api.w.org\/{rel}","templated":true}]}}