{"id":6285,"date":"2021-09-27T15:00:00","date_gmt":"2021-09-27T18:00:00","guid":{"rendered":"https:\/\/fadeu.urantiacos.cl\/?p=6285"},"modified":"2023-09-07T15:02:57","modified_gmt":"2023-09-07T18:02:57","slug":"profesores-arq-uc-inauguran-la-construccion-de-su-proyecto-para-el-mausoleo-dignidad","status":"publish","type":"post","link":"https:\/\/fadeu.urantiacos.cl\/en\/2021\/09\/27\/profesores-arq-uc-inauguran-la-construccion-de-su-proyecto-para-el-mausoleo-dignidad\/","title":{"rendered":"Profesores ARQ UC inauguran la construcci\u00f3n de su proyecto para el Mausoleo Dignidad"},"content":{"rendered":"\n<figure class=\"wp-block-image size-full\"><img decoding=\"async\" width=\"350\" height=\"250\" src=\"https:\/\/fadeu.urantiacos.cl\/wp-content\/uploads\/2023\/09\/WEB_Captura_de_Pantalla_2021-09-27_a_las_11.24.08.png\" alt=\"\" class=\"wp-image-6287\" srcset=\"https:\/\/fadeu.urantiacos.cl\/wp-content\/uploads\/2023\/09\/WEB_Captura_de_Pantalla_2021-09-27_a_las_11.24.08.png 350w, https:\/\/fadeu.urantiacos.cl\/wp-content\/uploads\/2023\/09\/WEB_Captura_de_Pantalla_2021-09-27_a_las_11.24.08-300x214.png 300w\" sizes=\"(max-width: 350px) 100vw, 350px\" \/><\/figure>\n\n\n\n<p>El proyecto \u2014premiado en 2018 por el XVI Concurso de Investigaci\u00f3n y Creaci\u00f3n para Acad\u00e9micos UC\u2014, se enmarca en un convenio de colaboraci\u00f3n entre la escuela y la Fundaci\u00f3n Gente de la Calle, organizaci\u00f3n que se ha dedicado desde m\u00e1s de 25 a\u00f1os en generar propuestas en torno a la problem\u00e1tica de la personas en situaci\u00f3n de calle en Chile.<\/p>\n\n\n\n<p>La obra continuar\u00e1 hasta diciembre de este a\u00f1o, sumando un total de m\u00e1s de 360 nichos, incluyendo el traslado de 80 cuerpos actualmente ubicados en el mismo cementerio bajo un techo de 100 metros de largo.<\/p>\n\n\n\n<p>En la ceremonia estuvo presente tambi\u00e9n el director ARQ UC Luis Eduardo Bresciani; Francisco Rom\u00e1n, director ejecutivo de Fundaci\u00f3n Gente de la Calle; Juan Sutil, presidente de CPC; Daniel Jadue, alcalde de Recoleta; y Rashid Saud, director del Cementerio General.<\/p>\n\n\n\n<p>La inauguraci\u00f3n fue destacada en un reportaje en&nbsp;<a href=\"https:\/\/www.youtube.com\/watch?v=1vNYs6ZSdJQ\" target=\"_blank\" rel=\"noreferrer noopener\">Mega<\/a>,&nbsp;<a href=\"https:\/\/www.youtube.com\/watch?v=v-Fg_GnDaE0\" target=\"_blank\" rel=\"noreferrer noopener\">Teletrece<\/a>&nbsp;y&nbsp;<a href=\"https:\/\/www.eldinamo.cl\/pais\/2021\/09\/21\/instauran-la-primera-piedra-de-mausoleo-y-memorial-para-personas-en-situacion-de-calle-en-cementerio-general\/\" target=\"_blank\" rel=\"noreferrer noopener\">El D\u00ednamo<\/a>.<\/p>\n\n\n\n<figure class=\"wp-block-image size-large\"><img decoding=\"async\" width=\"682\" height=\"1024\" src=\"https:\/\/fadeu.urantiacos.cl\/wp-content\/uploads\/2023\/09\/1-1-682x1024.jpg\" alt=\"\" class=\"wp-image-6288\" srcset=\"https:\/\/fadeu.urantiacos.cl\/wp-content\/uploads\/2023\/09\/1-1-682x1024.jpg 682w, https:\/\/fadeu.urantiacos.cl\/wp-content\/uploads\/2023\/09\/1-1-200x300.jpg 200w, https:\/\/fadeu.urantiacos.cl\/wp-content\/uploads\/2023\/09\/1-1-768x1152.jpg 768w, https:\/\/fadeu.urantiacos.cl\/wp-content\/uploads\/2023\/09\/1-1-1024x1536.jpg 1024w, https:\/\/fadeu.urantiacos.cl\/wp-content\/uploads\/2023\/09\/1-1.jpg 800w\" sizes=\"(max-width: 682px) 100vw, 682px\" \/><\/figure>\n\n\n\n<p>Thomas&nbsp;Batzenschlager en reportaje en el mausoleo, cortes\u00eda del profesor ARQ UC<\/p>\n\n\n\n<p>Noticias<br>Contacto:&nbsp;<a href=\"mailto:redesarq@uc.cl\">redesarq@uc.cl<\/a>&nbsp;| +56 2 2354 7747<br>www.arquitectura.uc.cl<\/p>\n","protected":false},"excerpt":{"rendered":"<p>El 21 de septiembre se realiz\u00f3 la ceremonia de primera piedra del proyecto &#8220;Mausoleo dignidad. Sepultura para personas fallecidas en situaci\u00f3n calle&#8221; en el Cementerio General, proyecto desarrollado por los profesores ARQ UC Diego Grass y Thomas Batzenschlager, en colaboraci\u00f3n con los arquitectos UC Jos\u00e9 Hassi y David Quezada.<\/p>\n","protected":false},"author":1,"featured_media":6287,"comment_status":"open","ping_status":"open","sticky":false,"template":"","format":"standard","meta":{"_acf_changed":false,"footnotes":""},"categories":[1],"tags":[],"class_list":["post-6285","post","type-post","status-publish","format-standard","has-post-thumbnail","hentry","category-sin-categorizar"],"acf":[],"yoast_head":"<!-- This site is optimized with the Yoast SEO plugin v27.1.1 - https:\/\/yoast.com\/product\/yoast-seo-wordpress\/ -->\n<title>Profesores ARQ UC inauguran la construcci\u00f3n de su proyecto para el Mausoleo Dignidad - Facultad de Arquitectura, Dise\u00f1o y Estudios Urbanos<\/title>\n<meta name=\"description\" content=\"El 21 de septiembre se realiz\u00f3 la ceremonia de primera piedra del proyecto &quot;Mausoleo dignidad. Sepultura para personas fallecidas en situaci\u00f3n calle&quot; en el Cementerio General, proyecto desarrollado por los profesores ARQ UC Diego Grass y Thomas Batzenschlager, en colaboraci\u00f3n con los arquitectos UC Jos\u00e9 Hassi y David Quezada.\" \/>\n<meta name=\"robots\" content=\"index, follow, max-snippet:-1, max-image-preview:large, max-video-preview:-1\" \/>\n<link rel=\"canonical\" href=\"https:\/\/fadeu.urantiacos.cl\/en\/2021\/09\/27\/profesores-arq-uc-inauguran-la-construccion-de-su-proyecto-para-el-mausoleo-dignidad\/\" \/>\n<meta property=\"og:locale\" content=\"en_US\" \/>\n<meta property=\"og:type\" content=\"article\" \/>\n<meta property=\"og:title\" content=\"Profesores ARQ UC inauguran la construcci\u00f3n de su proyecto para el Mausoleo Dignidad - Facultad de Arquitectura, Dise\u00f1o y Estudios Urbanos\" \/>\n<meta property=\"og:description\" content=\"El 21 de septiembre se realiz\u00f3 la ceremonia de primera piedra del proyecto &quot;Mausoleo dignidad. Sepultura para personas fallecidas en situaci\u00f3n calle&quot; en el Cementerio General, proyecto desarrollado por los profesores ARQ UC Diego Grass y Thomas Batzenschlager, en colaboraci\u00f3n con los arquitectos UC Jos\u00e9 Hassi y David Quezada.\" \/>\n<meta property=\"og:url\" content=\"https:\/\/fadeu.urantiacos.cl\/en\/2021\/09\/27\/profesores-arq-uc-inauguran-la-construccion-de-su-proyecto-para-el-mausoleo-dignidad\/\" \/>\n<meta property=\"og:site_name\" content=\"Facultad de Arquitectura, Dise\u00f1o y Estudios Urbanos\" \/>\n<meta property=\"article:published_time\" content=\"2021-09-27T18:00:00+00:00\" \/>\n<meta property=\"article:modified_time\" content=\"2023-09-07T18:02:57+00:00\" \/>\n<meta property=\"og:image\" content=\"https:\/\/fadeu.urantiacos.cl\/wp-content\/uploads\/2023\/09\/WEB_Captura_de_Pantalla_2021-09-27_a_las_11.24.08.png\" \/>\n\t<meta property=\"og:image:width\" content=\"350\" \/>\n\t<meta property=\"og:image:height\" content=\"250\" \/>\n\t<meta property=\"og:image:type\" content=\"image\/png\" \/>\n<meta name=\"author\" content=\"manadmin\" \/>\n<meta name=\"twitter:card\" content=\"summary_large_image\" \/>\n<meta name=\"twitter:label1\" content=\"Written by\" \/>\n\t<meta name=\"twitter:data1\" content=\"manadmin\" \/>\n\t<meta name=\"twitter:label2\" content=\"Est. reading time\" \/>\n\t<meta name=\"twitter:data2\" content=\"1 minute\" \/>\n<script type=\"application\/ld+json\" class=\"yoast-schema-graph\">{\"@context\":\"https:\/\/schema.org\",\"@graph\":[{\"@type\":\"Article\",\"@id\":\"https:\/\/fadeu.urantiacos.cl\/en\/2021\/09\/27\/profesores-arq-uc-inauguran-la-construccion-de-su-proyecto-para-el-mausoleo-dignidad\/#article\",\"isPartOf\":{\"@id\":\"https:\/\/fadeu.urantiacos.cl\/en\/2021\/09\/27\/profesores-arq-uc-inauguran-la-construccion-de-su-proyecto-para-el-mausoleo-dignidad\/\"},\"author\":{\"name\":\"manadmin\",\"@id\":\"https:\/\/fadeu.urantiacos.cl\/en\/#\/schema\/person\/d203e2e84b1c40275eac77b3061a19a2\"},\"headline\":\"Profesores ARQ UC inauguran la construcci\u00f3n de su proyecto para el Mausoleo Dignidad\",\"datePublished\":\"2021-09-27T18:00:00+00:00\",\"dateModified\":\"2023-09-07T18:02:57+00:00\",\"mainEntityOfPage\":{\"@id\":\"https:\/\/fadeu.urantiacos.cl\/en\/2021\/09\/27\/profesores-arq-uc-inauguran-la-construccion-de-su-proyecto-para-el-mausoleo-dignidad\/\"},\"wordCount\":203,\"commentCount\":0,\"image\":{\"@id\":\"https:\/\/fadeu.urantiacos.cl\/en\/2021\/09\/27\/profesores-arq-uc-inauguran-la-construccion-de-su-proyecto-para-el-mausoleo-dignidad\/#primaryimage\"},\"thumbnailUrl\":\"https:\/\/fadeu.urantiacos.cl\/wp-content\/uploads\/2023\/09\/WEB_Captura_de_Pantalla_2021-09-27_a_las_11.24.08.png\",\"articleSection\":[\"Sin categorizar\"],\"inLanguage\":\"en-US\",\"potentialAction\":[{\"@type\":\"CommentAction\",\"name\":\"Comment\",\"target\":[\"https:\/\/fadeu.urantiacos.cl\/en\/2021\/09\/27\/profesores-arq-uc-inauguran-la-construccion-de-su-proyecto-para-el-mausoleo-dignidad\/#respond\"]}]},{\"@type\":\"WebPage\",\"@id\":\"https:\/\/fadeu.urantiacos.cl\/en\/2021\/09\/27\/profesores-arq-uc-inauguran-la-construccion-de-su-proyecto-para-el-mausoleo-dignidad\/\",\"url\":\"https:\/\/fadeu.urantiacos.cl\/en\/2021\/09\/27\/profesores-arq-uc-inauguran-la-construccion-de-su-proyecto-para-el-mausoleo-dignidad\/\",\"name\":\"Profesores ARQ UC inauguran la construcci\u00f3n de su proyecto para el Mausoleo Dignidad - Facultad de Arquitectura, Dise\u00f1o y Estudios Urbanos\",\"isPartOf\":{\"@id\":\"https:\/\/fadeu.urantiacos.cl\/en\/#website\"},\"primaryImageOfPage\":{\"@id\":\"https:\/\/fadeu.urantiacos.cl\/en\/2021\/09\/27\/profesores-arq-uc-inauguran-la-construccion-de-su-proyecto-para-el-mausoleo-dignidad\/#primaryimage\"},\"image\":{\"@id\":\"https:\/\/fadeu.urantiacos.cl\/en\/2021\/09\/27\/profesores-arq-uc-inauguran-la-construccion-de-su-proyecto-para-el-mausoleo-dignidad\/#primaryimage\"},\"thumbnailUrl\":\"https:\/\/fadeu.urantiacos.cl\/wp-content\/uploads\/2023\/09\/WEB_Captura_de_Pantalla_2021-09-27_a_las_11.24.08.png\",\"datePublished\":\"2021-09-27T18:00:00+00:00\",\"dateModified\":\"2023-09-07T18:02:57+00:00\",\"author\":{\"@id\":\"https:\/\/fadeu.urantiacos.cl\/en\/#\/schema\/person\/d203e2e84b1c40275eac77b3061a19a2\"},\"description\":\"El 21 de septiembre se realiz\u00f3 la ceremonia de primera piedra del proyecto \\\"Mausoleo dignidad. Sepultura para personas fallecidas en situaci\u00f3n calle\\\" en el Cementerio General, proyecto desarrollado por los profesores ARQ UC Diego Grass y Thomas Batzenschlager, en colaboraci\u00f3n con los arquitectos UC Jos\u00e9 Hassi y David Quezada.\",\"breadcrumb\":{\"@id\":\"https:\/\/fadeu.urantiacos.cl\/en\/2021\/09\/27\/profesores-arq-uc-inauguran-la-construccion-de-su-proyecto-para-el-mausoleo-dignidad\/#breadcrumb\"},\"inLanguage\":\"en-US\",\"potentialAction\":[{\"@type\":\"ReadAction\",\"target\":[\"https:\/\/fadeu.urantiacos.cl\/en\/2021\/09\/27\/profesores-arq-uc-inauguran-la-construccion-de-su-proyecto-para-el-mausoleo-dignidad\/\"]}]},{\"@type\":\"ImageObject\",\"inLanguage\":\"en-US\",\"@id\":\"https:\/\/fadeu.urantiacos.cl\/en\/2021\/09\/27\/profesores-arq-uc-inauguran-la-construccion-de-su-proyecto-para-el-mausoleo-dignidad\/#primaryimage\",\"url\":\"https:\/\/fadeu.urantiacos.cl\/wp-content\/uploads\/2023\/09\/WEB_Captura_de_Pantalla_2021-09-27_a_las_11.24.08.png\",\"contentUrl\":\"https:\/\/fadeu.urantiacos.cl\/wp-content\/uploads\/2023\/09\/WEB_Captura_de_Pantalla_2021-09-27_a_las_11.24.08.png\",\"width\":350,\"height\":250},{\"@type\":\"BreadcrumbList\",\"@id\":\"https:\/\/fadeu.urantiacos.cl\/en\/2021\/09\/27\/profesores-arq-uc-inauguran-la-construccion-de-su-proyecto-para-el-mausoleo-dignidad\/#breadcrumb\",\"itemListElement\":[{\"@type\":\"ListItem\",\"position\":1,\"name\":\"Portada\",\"item\":\"https:\/\/fadeu.urantiacos.cl\/en\/\"},{\"@type\":\"ListItem\",\"position\":2,\"name\":\"Profesores ARQ UC inauguran la construcci\u00f3n de su proyecto para el Mausoleo Dignidad\"}]},{\"@type\":\"WebSite\",\"@id\":\"https:\/\/fadeu.urantiacos.cl\/en\/#website\",\"url\":\"https:\/\/fadeu.urantiacos.cl\/en\/\",\"name\":\"Facultad de Arquitectura, Dise\u00f1o y Estudios Urbanos\",\"description\":\"Campus Lo Contador\",\"potentialAction\":[{\"@type\":\"SearchAction\",\"target\":{\"@type\":\"EntryPoint\",\"urlTemplate\":\"https:\/\/fadeu.urantiacos.cl\/en\/?s={search_term_string}\"},\"query-input\":{\"@type\":\"PropertyValueSpecification\",\"valueRequired\":true,\"valueName\":\"search_term_string\"}}],\"inLanguage\":\"en-US\"},{\"@type\":\"Person\",\"@id\":\"https:\/\/fadeu.urantiacos.cl\/en\/#\/schema\/person\/d203e2e84b1c40275eac77b3061a19a2\",\"name\":\"manadmin\",\"image\":{\"@type\":\"ImageObject\",\"inLanguage\":\"en-US\",\"@id\":\"https:\/\/fadeu.urantiacos.cl\/en\/#\/schema\/person\/image\/\",\"url\":\"https:\/\/secure.gravatar.com\/avatar\/4b1d8e3303b4a9d8968ac578947d8bc80d9aea359f388cdd4aac15cadc0e8447?s=96&d=mm&r=g\",\"contentUrl\":\"https:\/\/secure.gravatar.com\/avatar\/4b1d8e3303b4a9d8968ac578947d8bc80d9aea359f388cdd4aac15cadc0e8447?s=96&d=mm&r=g\",\"caption\":\"manadmin\"},\"sameAs\":[\"https:\/\/fadeu.urantiacos.cl\"]}]}<\/script>\n<!-- \/ Yoast SEO plugin. -->","yoast_head_json":{"title":"Profesores ARQ UC inauguran la construcci\u00f3n de su proyecto para el Mausoleo Dignidad - Facultad de Arquitectura, Dise\u00f1o y Estudios Urbanos","description":"El 21 de septiembre se realiz\u00f3 la ceremonia de primera piedra del proyecto \"Mausoleo dignidad. Sepultura para personas fallecidas en situaci\u00f3n calle\" en el Cementerio General, proyecto desarrollado por los profesores ARQ UC Diego Grass y Thomas Batzenschlager, en colaboraci\u00f3n con los arquitectos UC Jos\u00e9 Hassi y David Quezada.","robots":{"index":"index","follow":"follow","max-snippet":"max-snippet:-1","max-image-preview":"max-image-preview:large","max-video-preview":"max-video-preview:-1"},"canonical":"https:\/\/fadeu.urantiacos.cl\/en\/2021\/09\/27\/profesores-arq-uc-inauguran-la-construccion-de-su-proyecto-para-el-mausoleo-dignidad\/","og_locale":"en_US","og_type":"article","og_title":"Profesores ARQ UC inauguran la construcci\u00f3n de su proyecto para el Mausoleo Dignidad - Facultad de Arquitectura, Dise\u00f1o y Estudios Urbanos","og_description":"El 21 de septiembre se realiz\u00f3 la ceremonia de primera piedra del proyecto \"Mausoleo dignidad. Sepultura para personas fallecidas en situaci\u00f3n calle\" en el Cementerio General, proyecto desarrollado por los profesores ARQ UC Diego Grass y Thomas Batzenschlager, en colaboraci\u00f3n con los arquitectos UC Jos\u00e9 Hassi y David Quezada.","og_url":"https:\/\/fadeu.urantiacos.cl\/en\/2021\/09\/27\/profesores-arq-uc-inauguran-la-construccion-de-su-proyecto-para-el-mausoleo-dignidad\/","og_site_name":"Facultad de Arquitectura, Dise\u00f1o y Estudios Urbanos","article_published_time":"2021-09-27T18:00:00+00:00","article_modified_time":"2023-09-07T18:02:57+00:00","og_image":[{"width":350,"height":250,"url":"https:\/\/fadeu.urantiacos.cl\/wp-content\/uploads\/2023\/09\/WEB_Captura_de_Pantalla_2021-09-27_a_las_11.24.08.png","type":"image\/png"}],"author":"manadmin","twitter_card":"summary_large_image","twitter_misc":{"Written by":"manadmin","Est. reading time":"1 minute"},"schema":{"@context":"https:\/\/schema.org","@graph":[{"@type":"Article","@id":"https:\/\/fadeu.urantiacos.cl\/en\/2021\/09\/27\/profesores-arq-uc-inauguran-la-construccion-de-su-proyecto-para-el-mausoleo-dignidad\/#article","isPartOf":{"@id":"https:\/\/fadeu.urantiacos.cl\/en\/2021\/09\/27\/profesores-arq-uc-inauguran-la-construccion-de-su-proyecto-para-el-mausoleo-dignidad\/"},"author":{"name":"manadmin","@id":"https:\/\/fadeu.urantiacos.cl\/en\/#\/schema\/person\/d203e2e84b1c40275eac77b3061a19a2"},"headline":"Profesores ARQ UC inauguran la construcci\u00f3n de su proyecto para el Mausoleo Dignidad","datePublished":"2021-09-27T18:00:00+00:00","dateModified":"2023-09-07T18:02:57+00:00","mainEntityOfPage":{"@id":"https:\/\/fadeu.urantiacos.cl\/en\/2021\/09\/27\/profesores-arq-uc-inauguran-la-construccion-de-su-proyecto-para-el-mausoleo-dignidad\/"},"wordCount":203,"commentCount":0,"image":{"@id":"https:\/\/fadeu.urantiacos.cl\/en\/2021\/09\/27\/profesores-arq-uc-inauguran-la-construccion-de-su-proyecto-para-el-mausoleo-dignidad\/#primaryimage"},"thumbnailUrl":"https:\/\/fadeu.urantiacos.cl\/wp-content\/uploads\/2023\/09\/WEB_Captura_de_Pantalla_2021-09-27_a_las_11.24.08.png","articleSection":["Sin categorizar"],"inLanguage":"en-US","potentialAction":[{"@type":"CommentAction","name":"Comment","target":["https:\/\/fadeu.urantiacos.cl\/en\/2021\/09\/27\/profesores-arq-uc-inauguran-la-construccion-de-su-proyecto-para-el-mausoleo-dignidad\/#respond"]}]},{"@type":"WebPage","@id":"https:\/\/fadeu.urantiacos.cl\/en\/2021\/09\/27\/profesores-arq-uc-inauguran-la-construccion-de-su-proyecto-para-el-mausoleo-dignidad\/","url":"https:\/\/fadeu.urantiacos.cl\/en\/2021\/09\/27\/profesores-arq-uc-inauguran-la-construccion-de-su-proyecto-para-el-mausoleo-dignidad\/","name":"Profesores ARQ UC inauguran la construcci\u00f3n de su proyecto para el Mausoleo Dignidad - Facultad de Arquitectura, Dise\u00f1o y Estudios Urbanos","isPartOf":{"@id":"https:\/\/fadeu.urantiacos.cl\/en\/#website"},"primaryImageOfPage":{"@id":"https:\/\/fadeu.urantiacos.cl\/en\/2021\/09\/27\/profesores-arq-uc-inauguran-la-construccion-de-su-proyecto-para-el-mausoleo-dignidad\/#primaryimage"},"image":{"@id":"https:\/\/fadeu.urantiacos.cl\/en\/2021\/09\/27\/profesores-arq-uc-inauguran-la-construccion-de-su-proyecto-para-el-mausoleo-dignidad\/#primaryimage"},"thumbnailUrl":"https:\/\/fadeu.urantiacos.cl\/wp-content\/uploads\/2023\/09\/WEB_Captura_de_Pantalla_2021-09-27_a_las_11.24.08.png","datePublished":"2021-09-27T18:00:00+00:00","dateModified":"2023-09-07T18:02:57+00:00","author":{"@id":"https:\/\/fadeu.urantiacos.cl\/en\/#\/schema\/person\/d203e2e84b1c40275eac77b3061a19a2"},"description":"El 21 de septiembre se realiz\u00f3 la ceremonia de primera piedra del proyecto \"Mausoleo dignidad. Sepultura para personas fallecidas en situaci\u00f3n calle\" en el Cementerio General, proyecto desarrollado por los profesores ARQ UC Diego Grass y Thomas Batzenschlager, en colaboraci\u00f3n con los arquitectos UC Jos\u00e9 Hassi y David Quezada.","breadcrumb":{"@id":"https:\/\/fadeu.urantiacos.cl\/en\/2021\/09\/27\/profesores-arq-uc-inauguran-la-construccion-de-su-proyecto-para-el-mausoleo-dignidad\/#breadcrumb"},"inLanguage":"en-US","potentialAction":[{"@type":"ReadAction","target":["https:\/\/fadeu.urantiacos.cl\/en\/2021\/09\/27\/profesores-arq-uc-inauguran-la-construccion-de-su-proyecto-para-el-mausoleo-dignidad\/"]}]},{"@type":"ImageObject","inLanguage":"en-US","@id":"https:\/\/fadeu.urantiacos.cl\/en\/2021\/09\/27\/profesores-arq-uc-inauguran-la-construccion-de-su-proyecto-para-el-mausoleo-dignidad\/#primaryimage","url":"https:\/\/fadeu.urantiacos.cl\/wp-content\/uploads\/2023\/09\/WEB_Captura_de_Pantalla_2021-09-27_a_las_11.24.08.png","contentUrl":"https:\/\/fadeu.urantiacos.cl\/wp-content\/uploads\/2023\/09\/WEB_Captura_de_Pantalla_2021-09-27_a_las_11.24.08.png","width":350,"height":250},{"@type":"BreadcrumbList","@id":"https:\/\/fadeu.urantiacos.cl\/en\/2021\/09\/27\/profesores-arq-uc-inauguran-la-construccion-de-su-proyecto-para-el-mausoleo-dignidad\/#breadcrumb","itemListElement":[{"@type":"ListItem","position":1,"name":"Portada","item":"https:\/\/fadeu.urantiacos.cl\/en\/"},{"@type":"ListItem","position":2,"name":"Profesores ARQ UC inauguran la construcci\u00f3n de su proyecto para el Mausoleo Dignidad"}]},{"@type":"WebSite","@id":"https:\/\/fadeu.urantiacos.cl\/en\/#website","url":"https:\/\/fadeu.urantiacos.cl\/en\/","name":"Facultad de Arquitectura, Dise\u00f1o y Estudios Urbanos","description":"Campus Lo Contador","potentialAction":[{"@type":"SearchAction","target":{"@type":"EntryPoint","urlTemplate":"https:\/\/fadeu.urantiacos.cl\/en\/?s={search_term_string}"},"query-input":{"@type":"PropertyValueSpecification","valueRequired":true,"valueName":"search_term_string"}}],"inLanguage":"en-US"},{"@type":"Person","@id":"https:\/\/fadeu.urantiacos.cl\/en\/#\/schema\/person\/d203e2e84b1c40275eac77b3061a19a2","name":"manadmin","image":{"@type":"ImageObject","inLanguage":"en-US","@id":"https:\/\/fadeu.urantiacos.cl\/en\/#\/schema\/person\/image\/","url":"https:\/\/secure.gravatar.com\/avatar\/4b1d8e3303b4a9d8968ac578947d8bc80d9aea359f388cdd4aac15cadc0e8447?s=96&d=mm&r=g","contentUrl":"https:\/\/secure.gravatar.com\/avatar\/4b1d8e3303b4a9d8968ac578947d8bc80d9aea359f388cdd4aac15cadc0e8447?s=96&d=mm&r=g","caption":"manadmin"},"sameAs":["https:\/\/fadeu.urantiacos.cl"]}]}},"_links":{"self":[{"href":"https:\/\/fadeu.urantiacos.cl\/en\/wp-json\/wp\/v2\/posts\/6285","targetHints":{"allow":["GET"]}}],"collection":[{"href":"https:\/\/fadeu.urantiacos.cl\/en\/wp-json\/wp\/v2\/posts"}],"about":[{"href":"https:\/\/fadeu.urantiacos.cl\/en\/wp-json\/wp\/v2\/types\/post"}],"author":[{"embeddable":true,"href":"https:\/\/fadeu.urantiacos.cl\/en\/wp-json\/wp\/v2\/users\/1"}],"replies":[{"embeddable":true,"href":"https:\/\/fadeu.urantiacos.cl\/en\/wp-json\/wp\/v2\/comments?post=6285"}],"version-history":[{"count":1,"href":"https:\/\/fadeu.urantiacos.cl\/en\/wp-json\/wp\/v2\/posts\/6285\/revisions"}],"predecessor-version":[{"id":6289,"href":"https:\/\/fadeu.urantiacos.cl\/en\/wp-json\/wp\/v2\/posts\/6285\/revisions\/6289"}],"wp:featuredmedia":[{"embeddable":true,"href":"https:\/\/fadeu.urantiacos.cl\/en\/wp-json\/wp\/v2\/media\/6287"}],"wp:attachment":[{"href":"https:\/\/fadeu.urantiacos.cl\/en\/wp-json\/wp\/v2\/media?parent=6285"}],"wp:term":[{"taxonomy":"category","embeddable":true,"href":"https:\/\/fadeu.urantiacos.cl\/en\/wp-json\/wp\/v2\/categories?post=6285"},{"taxonomy":"post_tag","embeddable":true,"href":"https:\/\/fadeu.urantiacos.cl\/en\/wp-json\/wp\/v2\/tags?post=6285"}],"curies":[{"name":"wp","href":"https:\/\/api.w.org\/{rel}","templated":true}]}}