{"id":6276,"date":"2021-09-27T14:54:00","date_gmt":"2021-09-27T17:54:00","guid":{"rendered":"https:\/\/fadeu.urantiacos.cl\/?p=6276"},"modified":"2023-09-07T14:58:10","modified_gmt":"2023-09-07T17:58:10","slug":"titulados-de-diseno-uc-participan-del-iii-laboratorio-de-proyectos-de-arte-y-diseno-pucp","status":"publish","type":"post","link":"https:\/\/fadeu.urantiacos.cl\/en\/2021\/09\/27\/titulados-de-diseno-uc-participan-del-iii-laboratorio-de-proyectos-de-arte-y-diseno-pucp\/","title":{"rendered":"Titulados de Dise\u00f1o UC participan del III Laboratorio de Proyectos de Arte y Dise\u00f1o PUCP"},"content":{"rendered":"\n<figure class=\"wp-block-image size-full\"><img decoding=\"async\" width=\"350\" height=\"250\" src=\"https:\/\/fadeu.urantiacos.cl\/wp-content\/uploads\/2023\/09\/WEB_Captura_de_Pantalla_2021-09-27_a_las_13.34.40.png\" alt=\"\" class=\"wp-image-6277\" srcset=\"https:\/\/fadeu.urantiacos.cl\/wp-content\/uploads\/2023\/09\/WEB_Captura_de_Pantalla_2021-09-27_a_las_13.34.40.png 350w, https:\/\/fadeu.urantiacos.cl\/wp-content\/uploads\/2023\/09\/WEB_Captura_de_Pantalla_2021-09-27_a_las_13.34.40-300x214.png 300w\" sizes=\"(max-width: 350px) 100vw, 350px\" \/><\/figure>\n\n\n\n<p>El evento, que reuni\u00f3 a instituciones educativas de arte y dise\u00f1o a nivel local e internacional y que busca convertirse en un\u00a0espacio para el intercambio de ideas, procesos y metodolog\u00edas de investigaci\u00f3n y experimentaci\u00f3n en Arte y Dise\u00f1o, tambi\u00e9n cont\u00f3 con la participaci\u00f3n de\u00a0<a href=\"https:\/\/diseno.uc.cl\/persona\/ramirez-rodrigo\/\">Rodrigo Ram\u00edrez<\/a>, Director de Dise\u00f1o UC, quien expuso sobre el Dise\u00f1o de Informaci\u00f3n para el riesgo, la crisis y la emergencia.<\/p>\n\n\n\n<figure class=\"wp-block-image size-full\"><img decoding=\"async\" width=\"992\" height=\"620\" src=\"https:\/\/fadeu.urantiacos.cl\/wp-content\/uploads\/2023\/09\/Captura-de-Pantalla-2021-09-22-a-las-13.38.53-992x620-1.png\" alt=\"\" class=\"wp-image-6278\" srcset=\"https:\/\/fadeu.urantiacos.cl\/wp-content\/uploads\/2023\/09\/Captura-de-Pantalla-2021-09-22-a-las-13.38.53-992x620-1.png 992w, https:\/\/fadeu.urantiacos.cl\/wp-content\/uploads\/2023\/09\/Captura-de-Pantalla-2021-09-22-a-las-13.38.53-992x620-1-300x188.png 300w, https:\/\/fadeu.urantiacos.cl\/wp-content\/uploads\/2023\/09\/Captura-de-Pantalla-2021-09-22-a-las-13.38.53-992x620-1-768x480.png 768w\" sizes=\"(max-width: 992px) 100vw, 992px\" \/><\/figure>\n\n\n\n<p>Felipe Lorenzini\u00a0present\u00f3 su proyecto\u00a0Bagual, sistema para cruce de r\u00edos de gran envergadura de peque\u00f1a escala para comunidades aisladas, que permite transportar personas y carga de forma segura, simple y autosuficiente, a trav\u00e9s de intersecciones h\u00eddricas en un rango de 40 a 100 metros de distancia.<\/p>\n\n\n\n<figure class=\"wp-block-image size-full\"><img decoding=\"async\" width=\"586\" height=\"349\" src=\"https:\/\/fadeu.urantiacos.cl\/wp-content\/uploads\/2023\/09\/Captura-de-Pantalla-2021-09-23-a-las-21.18.16.png\" alt=\"\" class=\"wp-image-6279\" srcset=\"https:\/\/fadeu.urantiacos.cl\/wp-content\/uploads\/2023\/09\/Captura-de-Pantalla-2021-09-23-a-las-21.18.16.png 586w, https:\/\/fadeu.urantiacos.cl\/wp-content\/uploads\/2023\/09\/Captura-de-Pantalla-2021-09-23-a-las-21.18.16-300x179.png 300w\" sizes=\"(max-width: 586px) 100vw, 586px\" \/><\/figure>\n\n\n\n<p>\u201cEste proyecto ve una oportunidad de dise\u00f1o al evaluar los sistemas actuales para cruzar r\u00edos, y detectar que no existe uno que se adapte a las peque\u00f1as comunidades, que permita el transporte de personas y carga de forma accesible y eficaz, con la oportunidad de ser replicado en la gran cantidad de zonas aisladas por motivo de intersecci\u00f3n fluvial. Las localidades aisladas por motivo fluvial se integren a la red vial, teniendo acceso a bienes y servicios b\u00e1sicos del estado y de privados, mejorando as\u00ed, su situaci\u00f3n de desventaja y desigualdad social respecto del desarrollo del pa\u00eds\u201d, explic\u00f3 Felipe de su proyecto.<br><br>El proyecto busc\u00f3 dise\u00f1ar un sistema que permitiera implementarse en la mayor cantidad de puntos cr\u00edticos de aislamiento por motivo de intersecci\u00f3n de r\u00edo, mejorando la conectividad y facilitando el desarrollo de comunidades rurales sin acceso a la red vial y lejanas de los bienes b\u00e1sicos p\u00fablicos y privados. El desaf\u00edo de dise\u00f1o radic\u00f3 en comprender la variedad de actores que influyen en el contexto de un cruce fluvial y las relaciones entre ellos. De esta forma se pudo proponer un flujo que generara el cruce sin pasar a llevar el equilibrio y la continuidad de los<br>actores involucrados.<\/p>\n\n\n\n<p>Por su parte,&nbsp;Isidora Iglesias&nbsp;present\u00f3 su proyecto&nbsp;Primeros V\u00ednculos, un sistema que promueve un apego seguro entre las madres privadas de libertad y sus hijos hasta los dos a\u00f1os de edad.&nbsp;\u201cPrimeros V\u00ednculos es un sistema que a trav\u00e9s del fortalecimiento de la sensibilidad materna y las interacciones esenciales del apego a trav\u00e9s de momentos de calidad, en donde la madre ayude a su hijo a construir una base segura desde la cual el menor pueda conocer su alrededor.&nbsp;Se ha estudiado que en los ni\u00f1os que por diversas razones han sido separados de su familia<br>de origen, permanece un trasfondo de desconfianza b\u00e1sica que dificulta la llegada de posteriores cuidadores y los posiciona con un factor de riesgo mayor de padecer trastornos de apego (Robinson, 2002; Pearce &amp; Pezzot-Pearce, 2001; Timmer et al., 2006).\u201d<\/p>\n\n\n\n<figure class=\"wp-block-image size-full\"><img decoding=\"async\" width=\"635\" height=\"263\" src=\"https:\/\/fadeu.urantiacos.cl\/wp-content\/uploads\/2023\/09\/Captura-de-Pantalla-2021-09-23-a-las-21.19.13-1.png\" alt=\"\" class=\"wp-image-6280\" srcset=\"https:\/\/fadeu.urantiacos.cl\/wp-content\/uploads\/2023\/09\/Captura-de-Pantalla-2021-09-23-a-las-21.19.13-1.png 635w, https:\/\/fadeu.urantiacos.cl\/wp-content\/uploads\/2023\/09\/Captura-de-Pantalla-2021-09-23-a-las-21.19.13-1-300x124.png 300w\" sizes=\"(max-width: 635px) 100vw, 635px\" \/><\/figure>\n\n\n\n<p><a href=\"https:\/\/www.youtube.com\/watch?v=uErV6pT5kKo\">https:\/\/www.youtube.com\/watch?v=uErV6pT5kKo<\/a>INFORMACI\u00d3N PERIOD\u00cdSTICA<br>ESCUELA DE DISE\u00d1O UC<\/p>\n","protected":false},"excerpt":{"rendered":"<p>En el marco de la tercera edici\u00f3n del Laboratorio de Proyectos de Arte y Dise\u00f1o organizado por la Universidad Cat\u00f3lica del Per\u00fa, se presentaron los reci\u00e9n titulados de Dise\u00f1o UC, Felipe Lorenzini e Isidora Iglesias. Ambos con ponencias que daban cuanta de los proyectos de t\u00edtulo con los que obtuvieron el grado de Dise\u00f1adores.<\/p>\n","protected":false},"author":1,"featured_media":6277,"comment_status":"open","ping_status":"open","sticky":false,"template":"","format":"standard","meta":{"_acf_changed":false,"footnotes":""},"categories":[1],"tags":[],"class_list":["post-6276","post","type-post","status-publish","format-standard","has-post-thumbnail","hentry","category-sin-categorizar"],"acf":[],"yoast_head":"<!-- This site is optimized with the Yoast SEO plugin v27.1.1 - https:\/\/yoast.com\/product\/yoast-seo-wordpress\/ -->\n<title>Titulados de Dise\u00f1o UC participan del III Laboratorio de Proyectos de Arte y Dise\u00f1o PUCP - Facultad de Arquitectura, Dise\u00f1o y Estudios Urbanos<\/title>\n<meta name=\"description\" content=\"En el marco de la tercera edici\u00f3n del Laboratorio de Proyectos de Arte y Dise\u00f1o organizado por la Universidad Cat\u00f3lica del Per\u00fa, se presentaron los reci\u00e9n titulados de Dise\u00f1o UC, Felipe Lorenzini e Isidora Iglesias. Ambos con ponencias que daban cuanta de los proyectos de t\u00edtulo con los que obtuvieron el grado de Dise\u00f1adores.\" \/>\n<meta name=\"robots\" content=\"index, follow, max-snippet:-1, max-image-preview:large, max-video-preview:-1\" \/>\n<link rel=\"canonical\" href=\"https:\/\/fadeu.urantiacos.cl\/en\/2021\/09\/27\/titulados-de-diseno-uc-participan-del-iii-laboratorio-de-proyectos-de-arte-y-diseno-pucp\/\" \/>\n<meta property=\"og:locale\" content=\"en_US\" \/>\n<meta property=\"og:type\" content=\"article\" \/>\n<meta property=\"og:title\" content=\"Titulados de Dise\u00f1o UC participan del III Laboratorio de Proyectos de Arte y Dise\u00f1o PUCP - Facultad de Arquitectura, Dise\u00f1o y Estudios Urbanos\" \/>\n<meta property=\"og:description\" content=\"En el marco de la tercera edici\u00f3n del Laboratorio de Proyectos de Arte y Dise\u00f1o organizado por la Universidad Cat\u00f3lica del Per\u00fa, se presentaron los reci\u00e9n titulados de Dise\u00f1o UC, Felipe Lorenzini e Isidora Iglesias. Ambos con ponencias que daban cuanta de los proyectos de t\u00edtulo con los que obtuvieron el grado de Dise\u00f1adores.\" \/>\n<meta property=\"og:url\" content=\"https:\/\/fadeu.urantiacos.cl\/en\/2021\/09\/27\/titulados-de-diseno-uc-participan-del-iii-laboratorio-de-proyectos-de-arte-y-diseno-pucp\/\" \/>\n<meta property=\"og:site_name\" content=\"Facultad de Arquitectura, Dise\u00f1o y Estudios Urbanos\" \/>\n<meta property=\"article:published_time\" content=\"2021-09-27T17:54:00+00:00\" \/>\n<meta property=\"article:modified_time\" content=\"2023-09-07T17:58:10+00:00\" \/>\n<meta property=\"og:image\" content=\"https:\/\/fadeu.urantiacos.cl\/wp-content\/uploads\/2023\/09\/WEB_Captura_de_Pantalla_2021-09-27_a_las_13.34.40.png\" \/>\n\t<meta property=\"og:image:width\" content=\"350\" \/>\n\t<meta property=\"og:image:height\" content=\"250\" \/>\n\t<meta property=\"og:image:type\" content=\"image\/png\" \/>\n<meta name=\"author\" content=\"manadmin\" \/>\n<meta name=\"twitter:card\" content=\"summary_large_image\" \/>\n<meta name=\"twitter:label1\" content=\"Written by\" \/>\n\t<meta name=\"twitter:data1\" content=\"manadmin\" \/>\n\t<meta name=\"twitter:label2\" content=\"Est. reading time\" \/>\n\t<meta name=\"twitter:data2\" content=\"3 minutes\" \/>\n<script type=\"application\/ld+json\" class=\"yoast-schema-graph\">{\"@context\":\"https:\/\/schema.org\",\"@graph\":[{\"@type\":\"Article\",\"@id\":\"https:\/\/fadeu.urantiacos.cl\/en\/2021\/09\/27\/titulados-de-diseno-uc-participan-del-iii-laboratorio-de-proyectos-de-arte-y-diseno-pucp\/#article\",\"isPartOf\":{\"@id\":\"https:\/\/fadeu.urantiacos.cl\/en\/2021\/09\/27\/titulados-de-diseno-uc-participan-del-iii-laboratorio-de-proyectos-de-arte-y-diseno-pucp\/\"},\"author\":{\"name\":\"manadmin\",\"@id\":\"https:\/\/fadeu.urantiacos.cl\/en\/#\/schema\/person\/d203e2e84b1c40275eac77b3061a19a2\"},\"headline\":\"Titulados de Dise\u00f1o UC participan del III Laboratorio de Proyectos de Arte y Dise\u00f1o PUCP\",\"datePublished\":\"2021-09-27T17:54:00+00:00\",\"dateModified\":\"2023-09-07T17:58:10+00:00\",\"mainEntityOfPage\":{\"@id\":\"https:\/\/fadeu.urantiacos.cl\/en\/2021\/09\/27\/titulados-de-diseno-uc-participan-del-iii-laboratorio-de-proyectos-de-arte-y-diseno-pucp\/\"},\"wordCount\":518,\"commentCount\":0,\"image\":{\"@id\":\"https:\/\/fadeu.urantiacos.cl\/en\/2021\/09\/27\/titulados-de-diseno-uc-participan-del-iii-laboratorio-de-proyectos-de-arte-y-diseno-pucp\/#primaryimage\"},\"thumbnailUrl\":\"https:\/\/fadeu.urantiacos.cl\/wp-content\/uploads\/2023\/09\/WEB_Captura_de_Pantalla_2021-09-27_a_las_13.34.40.png\",\"articleSection\":[\"Sin categorizar\"],\"inLanguage\":\"en-US\",\"potentialAction\":[{\"@type\":\"CommentAction\",\"name\":\"Comment\",\"target\":[\"https:\/\/fadeu.urantiacos.cl\/en\/2021\/09\/27\/titulados-de-diseno-uc-participan-del-iii-laboratorio-de-proyectos-de-arte-y-diseno-pucp\/#respond\"]}]},{\"@type\":\"WebPage\",\"@id\":\"https:\/\/fadeu.urantiacos.cl\/en\/2021\/09\/27\/titulados-de-diseno-uc-participan-del-iii-laboratorio-de-proyectos-de-arte-y-diseno-pucp\/\",\"url\":\"https:\/\/fadeu.urantiacos.cl\/en\/2021\/09\/27\/titulados-de-diseno-uc-participan-del-iii-laboratorio-de-proyectos-de-arte-y-diseno-pucp\/\",\"name\":\"Titulados de Dise\u00f1o UC participan del III Laboratorio de Proyectos de Arte y Dise\u00f1o PUCP - Facultad de Arquitectura, Dise\u00f1o y Estudios Urbanos\",\"isPartOf\":{\"@id\":\"https:\/\/fadeu.urantiacos.cl\/en\/#website\"},\"primaryImageOfPage\":{\"@id\":\"https:\/\/fadeu.urantiacos.cl\/en\/2021\/09\/27\/titulados-de-diseno-uc-participan-del-iii-laboratorio-de-proyectos-de-arte-y-diseno-pucp\/#primaryimage\"},\"image\":{\"@id\":\"https:\/\/fadeu.urantiacos.cl\/en\/2021\/09\/27\/titulados-de-diseno-uc-participan-del-iii-laboratorio-de-proyectos-de-arte-y-diseno-pucp\/#primaryimage\"},\"thumbnailUrl\":\"https:\/\/fadeu.urantiacos.cl\/wp-content\/uploads\/2023\/09\/WEB_Captura_de_Pantalla_2021-09-27_a_las_13.34.40.png\",\"datePublished\":\"2021-09-27T17:54:00+00:00\",\"dateModified\":\"2023-09-07T17:58:10+00:00\",\"author\":{\"@id\":\"https:\/\/fadeu.urantiacos.cl\/en\/#\/schema\/person\/d203e2e84b1c40275eac77b3061a19a2\"},\"description\":\"En el marco de la tercera edici\u00f3n del Laboratorio de Proyectos de Arte y Dise\u00f1o organizado por la Universidad Cat\u00f3lica del Per\u00fa, se presentaron los reci\u00e9n titulados de Dise\u00f1o UC, Felipe Lorenzini e Isidora Iglesias. Ambos con ponencias que daban cuanta de los proyectos de t\u00edtulo con los que obtuvieron el grado de Dise\u00f1adores.\",\"breadcrumb\":{\"@id\":\"https:\/\/fadeu.urantiacos.cl\/en\/2021\/09\/27\/titulados-de-diseno-uc-participan-del-iii-laboratorio-de-proyectos-de-arte-y-diseno-pucp\/#breadcrumb\"},\"inLanguage\":\"en-US\",\"potentialAction\":[{\"@type\":\"ReadAction\",\"target\":[\"https:\/\/fadeu.urantiacos.cl\/en\/2021\/09\/27\/titulados-de-diseno-uc-participan-del-iii-laboratorio-de-proyectos-de-arte-y-diseno-pucp\/\"]}]},{\"@type\":\"ImageObject\",\"inLanguage\":\"en-US\",\"@id\":\"https:\/\/fadeu.urantiacos.cl\/en\/2021\/09\/27\/titulados-de-diseno-uc-participan-del-iii-laboratorio-de-proyectos-de-arte-y-diseno-pucp\/#primaryimage\",\"url\":\"https:\/\/fadeu.urantiacos.cl\/wp-content\/uploads\/2023\/09\/WEB_Captura_de_Pantalla_2021-09-27_a_las_13.34.40.png\",\"contentUrl\":\"https:\/\/fadeu.urantiacos.cl\/wp-content\/uploads\/2023\/09\/WEB_Captura_de_Pantalla_2021-09-27_a_las_13.34.40.png\",\"width\":350,\"height\":250},{\"@type\":\"BreadcrumbList\",\"@id\":\"https:\/\/fadeu.urantiacos.cl\/en\/2021\/09\/27\/titulados-de-diseno-uc-participan-del-iii-laboratorio-de-proyectos-de-arte-y-diseno-pucp\/#breadcrumb\",\"itemListElement\":[{\"@type\":\"ListItem\",\"position\":1,\"name\":\"Portada\",\"item\":\"https:\/\/fadeu.urantiacos.cl\/en\/\"},{\"@type\":\"ListItem\",\"position\":2,\"name\":\"Titulados de Dise\u00f1o UC participan del III Laboratorio de Proyectos de Arte y Dise\u00f1o PUCP\"}]},{\"@type\":\"WebSite\",\"@id\":\"https:\/\/fadeu.urantiacos.cl\/en\/#website\",\"url\":\"https:\/\/fadeu.urantiacos.cl\/en\/\",\"name\":\"Facultad de Arquitectura, Dise\u00f1o y Estudios Urbanos\",\"description\":\"Campus Lo Contador\",\"potentialAction\":[{\"@type\":\"SearchAction\",\"target\":{\"@type\":\"EntryPoint\",\"urlTemplate\":\"https:\/\/fadeu.urantiacos.cl\/en\/?s={search_term_string}\"},\"query-input\":{\"@type\":\"PropertyValueSpecification\",\"valueRequired\":true,\"valueName\":\"search_term_string\"}}],\"inLanguage\":\"en-US\"},{\"@type\":\"Person\",\"@id\":\"https:\/\/fadeu.urantiacos.cl\/en\/#\/schema\/person\/d203e2e84b1c40275eac77b3061a19a2\",\"name\":\"manadmin\",\"image\":{\"@type\":\"ImageObject\",\"inLanguage\":\"en-US\",\"@id\":\"https:\/\/fadeu.urantiacos.cl\/en\/#\/schema\/person\/image\/\",\"url\":\"https:\/\/secure.gravatar.com\/avatar\/4b1d8e3303b4a9d8968ac578947d8bc80d9aea359f388cdd4aac15cadc0e8447?s=96&d=mm&r=g\",\"contentUrl\":\"https:\/\/secure.gravatar.com\/avatar\/4b1d8e3303b4a9d8968ac578947d8bc80d9aea359f388cdd4aac15cadc0e8447?s=96&d=mm&r=g\",\"caption\":\"manadmin\"},\"sameAs\":[\"https:\/\/fadeu.urantiacos.cl\"]}]}<\/script>\n<!-- \/ Yoast SEO plugin. -->","yoast_head_json":{"title":"Titulados de Dise\u00f1o UC participan del III Laboratorio de Proyectos de Arte y Dise\u00f1o PUCP - Facultad de Arquitectura, Dise\u00f1o y Estudios Urbanos","description":"En el marco de la tercera edici\u00f3n del Laboratorio de Proyectos de Arte y Dise\u00f1o organizado por la Universidad Cat\u00f3lica del Per\u00fa, se presentaron los reci\u00e9n titulados de Dise\u00f1o UC, Felipe Lorenzini e Isidora Iglesias. Ambos con ponencias que daban cuanta de los proyectos de t\u00edtulo con los que obtuvieron el grado de Dise\u00f1adores.","robots":{"index":"index","follow":"follow","max-snippet":"max-snippet:-1","max-image-preview":"max-image-preview:large","max-video-preview":"max-video-preview:-1"},"canonical":"https:\/\/fadeu.urantiacos.cl\/en\/2021\/09\/27\/titulados-de-diseno-uc-participan-del-iii-laboratorio-de-proyectos-de-arte-y-diseno-pucp\/","og_locale":"en_US","og_type":"article","og_title":"Titulados de Dise\u00f1o UC participan del III Laboratorio de Proyectos de Arte y Dise\u00f1o PUCP - Facultad de Arquitectura, Dise\u00f1o y Estudios Urbanos","og_description":"En el marco de la tercera edici\u00f3n del Laboratorio de Proyectos de Arte y Dise\u00f1o organizado por la Universidad Cat\u00f3lica del Per\u00fa, se presentaron los reci\u00e9n titulados de Dise\u00f1o UC, Felipe Lorenzini e Isidora Iglesias. Ambos con ponencias que daban cuanta de los proyectos de t\u00edtulo con los que obtuvieron el grado de Dise\u00f1adores.","og_url":"https:\/\/fadeu.urantiacos.cl\/en\/2021\/09\/27\/titulados-de-diseno-uc-participan-del-iii-laboratorio-de-proyectos-de-arte-y-diseno-pucp\/","og_site_name":"Facultad de Arquitectura, Dise\u00f1o y Estudios Urbanos","article_published_time":"2021-09-27T17:54:00+00:00","article_modified_time":"2023-09-07T17:58:10+00:00","og_image":[{"width":350,"height":250,"url":"https:\/\/fadeu.urantiacos.cl\/wp-content\/uploads\/2023\/09\/WEB_Captura_de_Pantalla_2021-09-27_a_las_13.34.40.png","type":"image\/png"}],"author":"manadmin","twitter_card":"summary_large_image","twitter_misc":{"Written by":"manadmin","Est. reading time":"3 minutes"},"schema":{"@context":"https:\/\/schema.org","@graph":[{"@type":"Article","@id":"https:\/\/fadeu.urantiacos.cl\/en\/2021\/09\/27\/titulados-de-diseno-uc-participan-del-iii-laboratorio-de-proyectos-de-arte-y-diseno-pucp\/#article","isPartOf":{"@id":"https:\/\/fadeu.urantiacos.cl\/en\/2021\/09\/27\/titulados-de-diseno-uc-participan-del-iii-laboratorio-de-proyectos-de-arte-y-diseno-pucp\/"},"author":{"name":"manadmin","@id":"https:\/\/fadeu.urantiacos.cl\/en\/#\/schema\/person\/d203e2e84b1c40275eac77b3061a19a2"},"headline":"Titulados de Dise\u00f1o UC participan del III Laboratorio de Proyectos de Arte y Dise\u00f1o PUCP","datePublished":"2021-09-27T17:54:00+00:00","dateModified":"2023-09-07T17:58:10+00:00","mainEntityOfPage":{"@id":"https:\/\/fadeu.urantiacos.cl\/en\/2021\/09\/27\/titulados-de-diseno-uc-participan-del-iii-laboratorio-de-proyectos-de-arte-y-diseno-pucp\/"},"wordCount":518,"commentCount":0,"image":{"@id":"https:\/\/fadeu.urantiacos.cl\/en\/2021\/09\/27\/titulados-de-diseno-uc-participan-del-iii-laboratorio-de-proyectos-de-arte-y-diseno-pucp\/#primaryimage"},"thumbnailUrl":"https:\/\/fadeu.urantiacos.cl\/wp-content\/uploads\/2023\/09\/WEB_Captura_de_Pantalla_2021-09-27_a_las_13.34.40.png","articleSection":["Sin categorizar"],"inLanguage":"en-US","potentialAction":[{"@type":"CommentAction","name":"Comment","target":["https:\/\/fadeu.urantiacos.cl\/en\/2021\/09\/27\/titulados-de-diseno-uc-participan-del-iii-laboratorio-de-proyectos-de-arte-y-diseno-pucp\/#respond"]}]},{"@type":"WebPage","@id":"https:\/\/fadeu.urantiacos.cl\/en\/2021\/09\/27\/titulados-de-diseno-uc-participan-del-iii-laboratorio-de-proyectos-de-arte-y-diseno-pucp\/","url":"https:\/\/fadeu.urantiacos.cl\/en\/2021\/09\/27\/titulados-de-diseno-uc-participan-del-iii-laboratorio-de-proyectos-de-arte-y-diseno-pucp\/","name":"Titulados de Dise\u00f1o UC participan del III Laboratorio de Proyectos de Arte y Dise\u00f1o PUCP - Facultad de Arquitectura, Dise\u00f1o y Estudios Urbanos","isPartOf":{"@id":"https:\/\/fadeu.urantiacos.cl\/en\/#website"},"primaryImageOfPage":{"@id":"https:\/\/fadeu.urantiacos.cl\/en\/2021\/09\/27\/titulados-de-diseno-uc-participan-del-iii-laboratorio-de-proyectos-de-arte-y-diseno-pucp\/#primaryimage"},"image":{"@id":"https:\/\/fadeu.urantiacos.cl\/en\/2021\/09\/27\/titulados-de-diseno-uc-participan-del-iii-laboratorio-de-proyectos-de-arte-y-diseno-pucp\/#primaryimage"},"thumbnailUrl":"https:\/\/fadeu.urantiacos.cl\/wp-content\/uploads\/2023\/09\/WEB_Captura_de_Pantalla_2021-09-27_a_las_13.34.40.png","datePublished":"2021-09-27T17:54:00+00:00","dateModified":"2023-09-07T17:58:10+00:00","author":{"@id":"https:\/\/fadeu.urantiacos.cl\/en\/#\/schema\/person\/d203e2e84b1c40275eac77b3061a19a2"},"description":"En el marco de la tercera edici\u00f3n del Laboratorio de Proyectos de Arte y Dise\u00f1o organizado por la Universidad Cat\u00f3lica del Per\u00fa, se presentaron los reci\u00e9n titulados de Dise\u00f1o UC, Felipe Lorenzini e Isidora Iglesias. Ambos con ponencias que daban cuanta de los proyectos de t\u00edtulo con los que obtuvieron el grado de Dise\u00f1adores.","breadcrumb":{"@id":"https:\/\/fadeu.urantiacos.cl\/en\/2021\/09\/27\/titulados-de-diseno-uc-participan-del-iii-laboratorio-de-proyectos-de-arte-y-diseno-pucp\/#breadcrumb"},"inLanguage":"en-US","potentialAction":[{"@type":"ReadAction","target":["https:\/\/fadeu.urantiacos.cl\/en\/2021\/09\/27\/titulados-de-diseno-uc-participan-del-iii-laboratorio-de-proyectos-de-arte-y-diseno-pucp\/"]}]},{"@type":"ImageObject","inLanguage":"en-US","@id":"https:\/\/fadeu.urantiacos.cl\/en\/2021\/09\/27\/titulados-de-diseno-uc-participan-del-iii-laboratorio-de-proyectos-de-arte-y-diseno-pucp\/#primaryimage","url":"https:\/\/fadeu.urantiacos.cl\/wp-content\/uploads\/2023\/09\/WEB_Captura_de_Pantalla_2021-09-27_a_las_13.34.40.png","contentUrl":"https:\/\/fadeu.urantiacos.cl\/wp-content\/uploads\/2023\/09\/WEB_Captura_de_Pantalla_2021-09-27_a_las_13.34.40.png","width":350,"height":250},{"@type":"BreadcrumbList","@id":"https:\/\/fadeu.urantiacos.cl\/en\/2021\/09\/27\/titulados-de-diseno-uc-participan-del-iii-laboratorio-de-proyectos-de-arte-y-diseno-pucp\/#breadcrumb","itemListElement":[{"@type":"ListItem","position":1,"name":"Portada","item":"https:\/\/fadeu.urantiacos.cl\/en\/"},{"@type":"ListItem","position":2,"name":"Titulados de Dise\u00f1o UC participan del III Laboratorio de Proyectos de Arte y Dise\u00f1o PUCP"}]},{"@type":"WebSite","@id":"https:\/\/fadeu.urantiacos.cl\/en\/#website","url":"https:\/\/fadeu.urantiacos.cl\/en\/","name":"Facultad de Arquitectura, Dise\u00f1o y Estudios Urbanos","description":"Campus Lo Contador","potentialAction":[{"@type":"SearchAction","target":{"@type":"EntryPoint","urlTemplate":"https:\/\/fadeu.urantiacos.cl\/en\/?s={search_term_string}"},"query-input":{"@type":"PropertyValueSpecification","valueRequired":true,"valueName":"search_term_string"}}],"inLanguage":"en-US"},{"@type":"Person","@id":"https:\/\/fadeu.urantiacos.cl\/en\/#\/schema\/person\/d203e2e84b1c40275eac77b3061a19a2","name":"manadmin","image":{"@type":"ImageObject","inLanguage":"en-US","@id":"https:\/\/fadeu.urantiacos.cl\/en\/#\/schema\/person\/image\/","url":"https:\/\/secure.gravatar.com\/avatar\/4b1d8e3303b4a9d8968ac578947d8bc80d9aea359f388cdd4aac15cadc0e8447?s=96&d=mm&r=g","contentUrl":"https:\/\/secure.gravatar.com\/avatar\/4b1d8e3303b4a9d8968ac578947d8bc80d9aea359f388cdd4aac15cadc0e8447?s=96&d=mm&r=g","caption":"manadmin"},"sameAs":["https:\/\/fadeu.urantiacos.cl"]}]}},"_links":{"self":[{"href":"https:\/\/fadeu.urantiacos.cl\/en\/wp-json\/wp\/v2\/posts\/6276","targetHints":{"allow":["GET"]}}],"collection":[{"href":"https:\/\/fadeu.urantiacos.cl\/en\/wp-json\/wp\/v2\/posts"}],"about":[{"href":"https:\/\/fadeu.urantiacos.cl\/en\/wp-json\/wp\/v2\/types\/post"}],"author":[{"embeddable":true,"href":"https:\/\/fadeu.urantiacos.cl\/en\/wp-json\/wp\/v2\/users\/1"}],"replies":[{"embeddable":true,"href":"https:\/\/fadeu.urantiacos.cl\/en\/wp-json\/wp\/v2\/comments?post=6276"}],"version-history":[{"count":1,"href":"https:\/\/fadeu.urantiacos.cl\/en\/wp-json\/wp\/v2\/posts\/6276\/revisions"}],"predecessor-version":[{"id":6281,"href":"https:\/\/fadeu.urantiacos.cl\/en\/wp-json\/wp\/v2\/posts\/6276\/revisions\/6281"}],"wp:featuredmedia":[{"embeddable":true,"href":"https:\/\/fadeu.urantiacos.cl\/en\/wp-json\/wp\/v2\/media\/6277"}],"wp:attachment":[{"href":"https:\/\/fadeu.urantiacos.cl\/en\/wp-json\/wp\/v2\/media?parent=6276"}],"wp:term":[{"taxonomy":"category","embeddable":true,"href":"https:\/\/fadeu.urantiacos.cl\/en\/wp-json\/wp\/v2\/categories?post=6276"},{"taxonomy":"post_tag","embeddable":true,"href":"https:\/\/fadeu.urantiacos.cl\/en\/wp-json\/wp\/v2\/tags?post=6276"}],"curies":[{"name":"wp","href":"https:\/\/api.w.org\/{rel}","templated":true}]}}