{"id":6271,"date":"2021-09-27T14:51:00","date_gmt":"2021-09-27T17:51:00","guid":{"rendered":"https:\/\/fadeu.urantiacos.cl\/?p=6271"},"modified":"2023-09-07T14:54:11","modified_gmt":"2023-09-07T17:54:11","slug":"disena-19_metodos-visuales-para-imagenes-en-linea-recoleccion-circulacion-y-co-creacion-con-maquinas","status":"publish","type":"post","link":"https:\/\/fadeu.urantiacos.cl\/en\/2021\/09\/27\/disena-19_metodos-visuales-para-imagenes-en-linea-recoleccion-circulacion-y-co-creacion-con-maquinas\/","title":{"rendered":"Dise\u00f1a 19_M\u00e9todos visuales para im\u00e1genes en l\u00ednea: Recolecci\u00f3n, circulaci\u00f3n y co-creaci\u00f3n con m\u00e1quinas"},"content":{"rendered":"\n<figure class=\"wp-block-image size-full\"><img decoding=\"async\" width=\"350\" height=\"250\" src=\"https:\/\/fadeu.urantiacos.cl\/wp-content\/uploads\/2023\/09\/WEB_Tapa-Disena-19entrevistas.jpg\" alt=\"\" class=\"wp-image-6273\" srcset=\"https:\/\/fadeu.urantiacos.cl\/wp-content\/uploads\/2023\/09\/WEB_Tapa-Disena-19entrevistas.jpg 350w, https:\/\/fadeu.urantiacos.cl\/wp-content\/uploads\/2023\/09\/WEB_Tapa-Disena-19entrevistas-300x214.jpg 300w\" sizes=\"(max-width: 350px) 100vw, 350px\" \/><\/figure>\n\n\n\n<p><a href=\"http:\/\/ojs.uc.cl\/index.php\/Disena\">Art\u00edculos originales:<\/a><br>EL POTENCIAL DE LAS REDES BASADAS EN LA API GOOGLE VISION PARA EL ESTUDIO DE IM\u00c1GENES DIGITALES NATIVAS<br>Janna Joceli Omena | Center for Advanced Internet Studies (CAIS)<br>Pilipets Elena | Universit\u00e4t Klagenfurt, Departamento de Medios y Comunicaciones<br>Beatrice Gobbo | Politecnico di Milano, DensityDesign Lab<br>Chao Jason | Universit\u00e4t Siegen, Centro Colaborativo de Investigaci\u00f3n \u201cMedios de Cooperaci\u00f3n\u201d<\/p>\n\n\n\n<p>DESARROLLO DE IM\u00c1GENES EN L\u00cdNEA: DE LAS HUELLAS VISUALES A LAS VOCES P\u00daBLICAS<br>Donato Ricci | SciencesPo medialab Calibro | Grupo de investigaci\u00f3n independiente<br>Duncan Evennou | Investigador independiente<br>Beno\u00eet Verjat| CNRS \u2013 Universit\u00e9 Paris Nanterre, Laboratoire d\u2019ethnologie et de sociologie comparative<\/p>\n\n\n\n<p>Art\u00edculos originales \u201cm\u00e1s-que-textuales\u201d<\/p>\n\n\n\n<p>GOOGLE IMAGES, CAMBIO CLIM\u00c1TICO Y LA DESAPARICI\u00d3N DE LOS HUMANOS<br>Warren Pearce | University of Sheffield, Departamento de Estudios Sociol\u00f3gicos<br>Carlo De Gaetano | Universidad de Ciencias Aplicadas de \u00c1msterdam, Colectivo de Metodolog\u00edas Visuales<\/p>\n\n\n\n<p>Proyectos<br>CAT\u00c1LOGOS DE VIDEO CON PROCESO CURATORIAL BASADO EN DATOS: REPUBLICACI\u00d3N DE SECUENCIAS DE VIDEO<br>Gabriele Colombo | Universidad de \u00c1msterdam, Facultad de Humanidades, Departamento de Estudios Mediales<br>Federica Bardelli | Universidad de \u00c1msterdam, Facultad de Humanidades, Departamento de Estudios Mediales<\/p>\n\n\n\n<p>CREATING AI ART RESPONSIBLY: A FIELD GUIDE FOR ARTISTS<br>Claire Leibowicz | Partnership on AI<br>Emily Saltz | The New York Times<br>Lia Coleman | Rhode Island School of Design<\/p>\n\n\n\n<p>Entrevistas<br>LA PR\u00c1CTICA DEL FEMINISMO DE DATOS: CONVERSACIONES CON CATHERINE D\u02bcIGNAZIO, LAUREN KLEIN Y MAYA LIVIO<br>Entrevista de Sabine Niederer y Gabriele Colombo<\/p>\n\n\n\n<p>DESCOLONIZAR LA IMAGINACI\u00d3N EN TIEMPOS DE CRISIS. GESTOS PARA UN SENTIR-PENSAR ESPECULATIVO: ENTREVISTA A MARTIN SAVRANSKY<br>Entrevista de Mart\u00edn Tironi<\/p>\n\n\n\n<figure class=\"wp-block-image size-full\"><img decoding=\"async\" width=\"699\" height=\"992\" src=\"https:\/\/fadeu.urantiacos.cl\/wp-content\/uploads\/2023\/09\/Tapa-Disena-19entrevistas-699x992-1.jpg\" alt=\"\" class=\"wp-image-6274\" srcset=\"https:\/\/fadeu.urantiacos.cl\/wp-content\/uploads\/2023\/09\/Tapa-Disena-19entrevistas-699x992-1.jpg 699w, https:\/\/fadeu.urantiacos.cl\/wp-content\/uploads\/2023\/09\/Tapa-Disena-19entrevistas-699x992-1-211x300.jpg 211w\" sizes=\"(max-width: 699px) 100vw, 699px\" \/><\/figure>\n\n\n\n<p>INFORMACI\u00d3N PERIOD\u00cdSTICA<br>ESCUELA DE DISE\u00d1O UC<\/p>\n","protected":false},"excerpt":{"rendered":"<p>Editado por Gabriele Colombo (Universit\u00e0 Iuav di Venezia y Politecnico di Milano) y Sabine Niederer (Colectivo de Metodolog\u00edas Visuales de la Universidad de Ciencias Aplicadas de \u00c1msterdam), este n\u00famero de Dise\u00f1a explora el \u00e1mbito de las im\u00e1genes en l\u00ednea como un sitio para la investigaci\u00f3n y el dise\u00f1o visual. Las contribuciones abordan la diversidad de formatos y usos de las im\u00e1genes en l\u00ednea; su recolecci\u00f3n, circulaci\u00f3n y co-creaci\u00f3n con m\u00e1quinas; y reflexionan sobre enfoques materiales, participativos y feministas del trabajo visual digital.<\/p>\n","protected":false},"author":1,"featured_media":6273,"comment_status":"open","ping_status":"open","sticky":false,"template":"","format":"standard","meta":{"_acf_changed":false,"footnotes":""},"categories":[1],"tags":[],"class_list":["post-6271","post","type-post","status-publish","format-standard","has-post-thumbnail","hentry","category-sin-categorizar"],"acf":[],"yoast_head":"<!-- This site is optimized with the Yoast SEO plugin v27.1.1 - https:\/\/yoast.com\/product\/yoast-seo-wordpress\/ -->\n<title>Dise\u00f1a 19_M\u00e9todos visuales para im\u00e1genes en l\u00ednea: Recolecci\u00f3n, circulaci\u00f3n y co-creaci\u00f3n con m\u00e1quinas - Facultad de Arquitectura, Dise\u00f1o y Estudios Urbanos<\/title>\n<meta name=\"description\" content=\"Editado por Gabriele Colombo (Universit\u00e0 Iuav di Venezia y Politecnico di Milano) y Sabine Niederer (Colectivo de Metodolog\u00edas Visuales de la Universidad de Ciencias Aplicadas de \u00c1msterdam), este n\u00famero de Dise\u00f1a explora el \u00e1mbito de las im\u00e1genes en l\u00ednea como un sitio para la investigaci\u00f3n y el dise\u00f1o visual. Las contribuciones abordan la diversidad de formatos y usos de las im\u00e1genes en l\u00ednea; su recolecci\u00f3n, circulaci\u00f3n y co-creaci\u00f3n con m\u00e1quinas; y reflexionan sobre enfoques materiales, participativos y feministas del trabajo visual digital.\" \/>\n<meta name=\"robots\" content=\"index, follow, max-snippet:-1, max-image-preview:large, max-video-preview:-1\" \/>\n<link rel=\"canonical\" href=\"https:\/\/fadeu.urantiacos.cl\/en\/2021\/09\/27\/disena-19_metodos-visuales-para-imagenes-en-linea-recoleccion-circulacion-y-co-creacion-con-maquinas\/\" \/>\n<meta property=\"og:locale\" content=\"en_US\" \/>\n<meta property=\"og:type\" content=\"article\" \/>\n<meta property=\"og:title\" content=\"Dise\u00f1a 19_M\u00e9todos visuales para im\u00e1genes en l\u00ednea: Recolecci\u00f3n, circulaci\u00f3n y co-creaci\u00f3n con m\u00e1quinas - Facultad de Arquitectura, Dise\u00f1o y Estudios Urbanos\" \/>\n<meta property=\"og:description\" content=\"Editado por Gabriele Colombo (Universit\u00e0 Iuav di Venezia y Politecnico di Milano) y Sabine Niederer (Colectivo de Metodolog\u00edas Visuales de la Universidad de Ciencias Aplicadas de \u00c1msterdam), este n\u00famero de Dise\u00f1a explora el \u00e1mbito de las im\u00e1genes en l\u00ednea como un sitio para la investigaci\u00f3n y el dise\u00f1o visual. Las contribuciones abordan la diversidad de formatos y usos de las im\u00e1genes en l\u00ednea; su recolecci\u00f3n, circulaci\u00f3n y co-creaci\u00f3n con m\u00e1quinas; y reflexionan sobre enfoques materiales, participativos y feministas del trabajo visual digital.\" \/>\n<meta property=\"og:url\" content=\"https:\/\/fadeu.urantiacos.cl\/en\/2021\/09\/27\/disena-19_metodos-visuales-para-imagenes-en-linea-recoleccion-circulacion-y-co-creacion-con-maquinas\/\" \/>\n<meta property=\"og:site_name\" content=\"Facultad de Arquitectura, Dise\u00f1o y Estudios Urbanos\" \/>\n<meta property=\"article:published_time\" content=\"2021-09-27T17:51:00+00:00\" \/>\n<meta property=\"article:modified_time\" content=\"2023-09-07T17:54:11+00:00\" \/>\n<meta property=\"og:image\" content=\"https:\/\/fadeu.urantiacos.cl\/wp-content\/uploads\/2023\/09\/WEB_Tapa-Disena-19entrevistas.jpg\" \/>\n\t<meta property=\"og:image:width\" content=\"350\" \/>\n\t<meta property=\"og:image:height\" content=\"250\" \/>\n\t<meta property=\"og:image:type\" content=\"image\/jpeg\" \/>\n<meta name=\"author\" content=\"manadmin\" \/>\n<meta name=\"twitter:card\" content=\"summary_large_image\" \/>\n<meta name=\"twitter:label1\" content=\"Written by\" \/>\n\t<meta name=\"twitter:data1\" content=\"manadmin\" \/>\n\t<meta name=\"twitter:label2\" content=\"Est. reading time\" \/>\n\t<meta name=\"twitter:data2\" content=\"1 minute\" \/>\n<script type=\"application\/ld+json\" class=\"yoast-schema-graph\">{\"@context\":\"https:\/\/schema.org\",\"@graph\":[{\"@type\":\"Article\",\"@id\":\"https:\/\/fadeu.urantiacos.cl\/en\/2021\/09\/27\/disena-19_metodos-visuales-para-imagenes-en-linea-recoleccion-circulacion-y-co-creacion-con-maquinas\/#article\",\"isPartOf\":{\"@id\":\"https:\/\/fadeu.urantiacos.cl\/en\/2021\/09\/27\/disena-19_metodos-visuales-para-imagenes-en-linea-recoleccion-circulacion-y-co-creacion-con-maquinas\/\"},\"author\":{\"name\":\"manadmin\",\"@id\":\"https:\/\/fadeu.urantiacos.cl\/en\/#\/schema\/person\/d203e2e84b1c40275eac77b3061a19a2\"},\"headline\":\"Dise\u00f1a 19_M\u00e9todos visuales para im\u00e1genes en l\u00ednea: Recolecci\u00f3n, circulaci\u00f3n y co-creaci\u00f3n con m\u00e1quinas\",\"datePublished\":\"2021-09-27T17:51:00+00:00\",\"dateModified\":\"2023-09-07T17:54:11+00:00\",\"mainEntityOfPage\":{\"@id\":\"https:\/\/fadeu.urantiacos.cl\/en\/2021\/09\/27\/disena-19_metodos-visuales-para-imagenes-en-linea-recoleccion-circulacion-y-co-creacion-con-maquinas\/\"},\"wordCount\":274,\"commentCount\":0,\"image\":{\"@id\":\"https:\/\/fadeu.urantiacos.cl\/en\/2021\/09\/27\/disena-19_metodos-visuales-para-imagenes-en-linea-recoleccion-circulacion-y-co-creacion-con-maquinas\/#primaryimage\"},\"thumbnailUrl\":\"https:\/\/fadeu.urantiacos.cl\/wp-content\/uploads\/2023\/09\/WEB_Tapa-Disena-19entrevistas.jpg\",\"articleSection\":[\"Sin categorizar\"],\"inLanguage\":\"en-US\",\"potentialAction\":[{\"@type\":\"CommentAction\",\"name\":\"Comment\",\"target\":[\"https:\/\/fadeu.urantiacos.cl\/en\/2021\/09\/27\/disena-19_metodos-visuales-para-imagenes-en-linea-recoleccion-circulacion-y-co-creacion-con-maquinas\/#respond\"]}]},{\"@type\":\"WebPage\",\"@id\":\"https:\/\/fadeu.urantiacos.cl\/en\/2021\/09\/27\/disena-19_metodos-visuales-para-imagenes-en-linea-recoleccion-circulacion-y-co-creacion-con-maquinas\/\",\"url\":\"https:\/\/fadeu.urantiacos.cl\/en\/2021\/09\/27\/disena-19_metodos-visuales-para-imagenes-en-linea-recoleccion-circulacion-y-co-creacion-con-maquinas\/\",\"name\":\"Dise\u00f1a 19_M\u00e9todos visuales para im\u00e1genes en l\u00ednea: Recolecci\u00f3n, circulaci\u00f3n y co-creaci\u00f3n con m\u00e1quinas - Facultad de Arquitectura, Dise\u00f1o y Estudios Urbanos\",\"isPartOf\":{\"@id\":\"https:\/\/fadeu.urantiacos.cl\/en\/#website\"},\"primaryImageOfPage\":{\"@id\":\"https:\/\/fadeu.urantiacos.cl\/en\/2021\/09\/27\/disena-19_metodos-visuales-para-imagenes-en-linea-recoleccion-circulacion-y-co-creacion-con-maquinas\/#primaryimage\"},\"image\":{\"@id\":\"https:\/\/fadeu.urantiacos.cl\/en\/2021\/09\/27\/disena-19_metodos-visuales-para-imagenes-en-linea-recoleccion-circulacion-y-co-creacion-con-maquinas\/#primaryimage\"},\"thumbnailUrl\":\"https:\/\/fadeu.urantiacos.cl\/wp-content\/uploads\/2023\/09\/WEB_Tapa-Disena-19entrevistas.jpg\",\"datePublished\":\"2021-09-27T17:51:00+00:00\",\"dateModified\":\"2023-09-07T17:54:11+00:00\",\"author\":{\"@id\":\"https:\/\/fadeu.urantiacos.cl\/en\/#\/schema\/person\/d203e2e84b1c40275eac77b3061a19a2\"},\"description\":\"Editado por Gabriele Colombo (Universit\u00e0 Iuav di Venezia y Politecnico di Milano) y Sabine Niederer (Colectivo de Metodolog\u00edas Visuales de la Universidad de Ciencias Aplicadas de \u00c1msterdam), este n\u00famero de Dise\u00f1a explora el \u00e1mbito de las im\u00e1genes en l\u00ednea como un sitio para la investigaci\u00f3n y el dise\u00f1o visual. Las contribuciones abordan la diversidad de formatos y usos de las im\u00e1genes en l\u00ednea; su recolecci\u00f3n, circulaci\u00f3n y co-creaci\u00f3n con m\u00e1quinas; y reflexionan sobre enfoques materiales, participativos y feministas del trabajo visual digital.\",\"breadcrumb\":{\"@id\":\"https:\/\/fadeu.urantiacos.cl\/en\/2021\/09\/27\/disena-19_metodos-visuales-para-imagenes-en-linea-recoleccion-circulacion-y-co-creacion-con-maquinas\/#breadcrumb\"},\"inLanguage\":\"en-US\",\"potentialAction\":[{\"@type\":\"ReadAction\",\"target\":[\"https:\/\/fadeu.urantiacos.cl\/en\/2021\/09\/27\/disena-19_metodos-visuales-para-imagenes-en-linea-recoleccion-circulacion-y-co-creacion-con-maquinas\/\"]}]},{\"@type\":\"ImageObject\",\"inLanguage\":\"en-US\",\"@id\":\"https:\/\/fadeu.urantiacos.cl\/en\/2021\/09\/27\/disena-19_metodos-visuales-para-imagenes-en-linea-recoleccion-circulacion-y-co-creacion-con-maquinas\/#primaryimage\",\"url\":\"https:\/\/fadeu.urantiacos.cl\/wp-content\/uploads\/2023\/09\/WEB_Tapa-Disena-19entrevistas.jpg\",\"contentUrl\":\"https:\/\/fadeu.urantiacos.cl\/wp-content\/uploads\/2023\/09\/WEB_Tapa-Disena-19entrevistas.jpg\",\"width\":350,\"height\":250},{\"@type\":\"BreadcrumbList\",\"@id\":\"https:\/\/fadeu.urantiacos.cl\/en\/2021\/09\/27\/disena-19_metodos-visuales-para-imagenes-en-linea-recoleccion-circulacion-y-co-creacion-con-maquinas\/#breadcrumb\",\"itemListElement\":[{\"@type\":\"ListItem\",\"position\":1,\"name\":\"Portada\",\"item\":\"https:\/\/fadeu.urantiacos.cl\/en\/\"},{\"@type\":\"ListItem\",\"position\":2,\"name\":\"Dise\u00f1a 19_M\u00e9todos visuales para im\u00e1genes en l\u00ednea: Recolecci\u00f3n, circulaci\u00f3n y co-creaci\u00f3n con m\u00e1quinas\"}]},{\"@type\":\"WebSite\",\"@id\":\"https:\/\/fadeu.urantiacos.cl\/en\/#website\",\"url\":\"https:\/\/fadeu.urantiacos.cl\/en\/\",\"name\":\"Facultad de Arquitectura, Dise\u00f1o y Estudios Urbanos\",\"description\":\"Campus Lo Contador\",\"potentialAction\":[{\"@type\":\"SearchAction\",\"target\":{\"@type\":\"EntryPoint\",\"urlTemplate\":\"https:\/\/fadeu.urantiacos.cl\/en\/?s={search_term_string}\"},\"query-input\":{\"@type\":\"PropertyValueSpecification\",\"valueRequired\":true,\"valueName\":\"search_term_string\"}}],\"inLanguage\":\"en-US\"},{\"@type\":\"Person\",\"@id\":\"https:\/\/fadeu.urantiacos.cl\/en\/#\/schema\/person\/d203e2e84b1c40275eac77b3061a19a2\",\"name\":\"manadmin\",\"image\":{\"@type\":\"ImageObject\",\"inLanguage\":\"en-US\",\"@id\":\"https:\/\/fadeu.urantiacos.cl\/en\/#\/schema\/person\/image\/\",\"url\":\"https:\/\/secure.gravatar.com\/avatar\/4b1d8e3303b4a9d8968ac578947d8bc80d9aea359f388cdd4aac15cadc0e8447?s=96&d=mm&r=g\",\"contentUrl\":\"https:\/\/secure.gravatar.com\/avatar\/4b1d8e3303b4a9d8968ac578947d8bc80d9aea359f388cdd4aac15cadc0e8447?s=96&d=mm&r=g\",\"caption\":\"manadmin\"},\"sameAs\":[\"https:\/\/fadeu.urantiacos.cl\"]}]}<\/script>\n<!-- \/ Yoast SEO plugin. -->","yoast_head_json":{"title":"Dise\u00f1a 19_M\u00e9todos visuales para im\u00e1genes en l\u00ednea: Recolecci\u00f3n, circulaci\u00f3n y co-creaci\u00f3n con m\u00e1quinas - Facultad de Arquitectura, Dise\u00f1o y Estudios Urbanos","description":"Editado por Gabriele Colombo (Universit\u00e0 Iuav di Venezia y Politecnico di Milano) y Sabine Niederer (Colectivo de Metodolog\u00edas Visuales de la Universidad de Ciencias Aplicadas de \u00c1msterdam), este n\u00famero de Dise\u00f1a explora el \u00e1mbito de las im\u00e1genes en l\u00ednea como un sitio para la investigaci\u00f3n y el dise\u00f1o visual. Las contribuciones abordan la diversidad de formatos y usos de las im\u00e1genes en l\u00ednea; su recolecci\u00f3n, circulaci\u00f3n y co-creaci\u00f3n con m\u00e1quinas; y reflexionan sobre enfoques materiales, participativos y feministas del trabajo visual digital.","robots":{"index":"index","follow":"follow","max-snippet":"max-snippet:-1","max-image-preview":"max-image-preview:large","max-video-preview":"max-video-preview:-1"},"canonical":"https:\/\/fadeu.urantiacos.cl\/en\/2021\/09\/27\/disena-19_metodos-visuales-para-imagenes-en-linea-recoleccion-circulacion-y-co-creacion-con-maquinas\/","og_locale":"en_US","og_type":"article","og_title":"Dise\u00f1a 19_M\u00e9todos visuales para im\u00e1genes en l\u00ednea: Recolecci\u00f3n, circulaci\u00f3n y co-creaci\u00f3n con m\u00e1quinas - Facultad de Arquitectura, Dise\u00f1o y Estudios Urbanos","og_description":"Editado por Gabriele Colombo (Universit\u00e0 Iuav di Venezia y Politecnico di Milano) y Sabine Niederer (Colectivo de Metodolog\u00edas Visuales de la Universidad de Ciencias Aplicadas de \u00c1msterdam), este n\u00famero de Dise\u00f1a explora el \u00e1mbito de las im\u00e1genes en l\u00ednea como un sitio para la investigaci\u00f3n y el dise\u00f1o visual. Las contribuciones abordan la diversidad de formatos y usos de las im\u00e1genes en l\u00ednea; su recolecci\u00f3n, circulaci\u00f3n y co-creaci\u00f3n con m\u00e1quinas; y reflexionan sobre enfoques materiales, participativos y feministas del trabajo visual digital.","og_url":"https:\/\/fadeu.urantiacos.cl\/en\/2021\/09\/27\/disena-19_metodos-visuales-para-imagenes-en-linea-recoleccion-circulacion-y-co-creacion-con-maquinas\/","og_site_name":"Facultad de Arquitectura, Dise\u00f1o y Estudios Urbanos","article_published_time":"2021-09-27T17:51:00+00:00","article_modified_time":"2023-09-07T17:54:11+00:00","og_image":[{"width":350,"height":250,"url":"https:\/\/fadeu.urantiacos.cl\/wp-content\/uploads\/2023\/09\/WEB_Tapa-Disena-19entrevistas.jpg","type":"image\/jpeg"}],"author":"manadmin","twitter_card":"summary_large_image","twitter_misc":{"Written by":"manadmin","Est. reading time":"1 minute"},"schema":{"@context":"https:\/\/schema.org","@graph":[{"@type":"Article","@id":"https:\/\/fadeu.urantiacos.cl\/en\/2021\/09\/27\/disena-19_metodos-visuales-para-imagenes-en-linea-recoleccion-circulacion-y-co-creacion-con-maquinas\/#article","isPartOf":{"@id":"https:\/\/fadeu.urantiacos.cl\/en\/2021\/09\/27\/disena-19_metodos-visuales-para-imagenes-en-linea-recoleccion-circulacion-y-co-creacion-con-maquinas\/"},"author":{"name":"manadmin","@id":"https:\/\/fadeu.urantiacos.cl\/en\/#\/schema\/person\/d203e2e84b1c40275eac77b3061a19a2"},"headline":"Dise\u00f1a 19_M\u00e9todos visuales para im\u00e1genes en l\u00ednea: Recolecci\u00f3n, circulaci\u00f3n y co-creaci\u00f3n con m\u00e1quinas","datePublished":"2021-09-27T17:51:00+00:00","dateModified":"2023-09-07T17:54:11+00:00","mainEntityOfPage":{"@id":"https:\/\/fadeu.urantiacos.cl\/en\/2021\/09\/27\/disena-19_metodos-visuales-para-imagenes-en-linea-recoleccion-circulacion-y-co-creacion-con-maquinas\/"},"wordCount":274,"commentCount":0,"image":{"@id":"https:\/\/fadeu.urantiacos.cl\/en\/2021\/09\/27\/disena-19_metodos-visuales-para-imagenes-en-linea-recoleccion-circulacion-y-co-creacion-con-maquinas\/#primaryimage"},"thumbnailUrl":"https:\/\/fadeu.urantiacos.cl\/wp-content\/uploads\/2023\/09\/WEB_Tapa-Disena-19entrevistas.jpg","articleSection":["Sin categorizar"],"inLanguage":"en-US","potentialAction":[{"@type":"CommentAction","name":"Comment","target":["https:\/\/fadeu.urantiacos.cl\/en\/2021\/09\/27\/disena-19_metodos-visuales-para-imagenes-en-linea-recoleccion-circulacion-y-co-creacion-con-maquinas\/#respond"]}]},{"@type":"WebPage","@id":"https:\/\/fadeu.urantiacos.cl\/en\/2021\/09\/27\/disena-19_metodos-visuales-para-imagenes-en-linea-recoleccion-circulacion-y-co-creacion-con-maquinas\/","url":"https:\/\/fadeu.urantiacos.cl\/en\/2021\/09\/27\/disena-19_metodos-visuales-para-imagenes-en-linea-recoleccion-circulacion-y-co-creacion-con-maquinas\/","name":"Dise\u00f1a 19_M\u00e9todos visuales para im\u00e1genes en l\u00ednea: Recolecci\u00f3n, circulaci\u00f3n y co-creaci\u00f3n con m\u00e1quinas - Facultad de Arquitectura, Dise\u00f1o y Estudios Urbanos","isPartOf":{"@id":"https:\/\/fadeu.urantiacos.cl\/en\/#website"},"primaryImageOfPage":{"@id":"https:\/\/fadeu.urantiacos.cl\/en\/2021\/09\/27\/disena-19_metodos-visuales-para-imagenes-en-linea-recoleccion-circulacion-y-co-creacion-con-maquinas\/#primaryimage"},"image":{"@id":"https:\/\/fadeu.urantiacos.cl\/en\/2021\/09\/27\/disena-19_metodos-visuales-para-imagenes-en-linea-recoleccion-circulacion-y-co-creacion-con-maquinas\/#primaryimage"},"thumbnailUrl":"https:\/\/fadeu.urantiacos.cl\/wp-content\/uploads\/2023\/09\/WEB_Tapa-Disena-19entrevistas.jpg","datePublished":"2021-09-27T17:51:00+00:00","dateModified":"2023-09-07T17:54:11+00:00","author":{"@id":"https:\/\/fadeu.urantiacos.cl\/en\/#\/schema\/person\/d203e2e84b1c40275eac77b3061a19a2"},"description":"Editado por Gabriele Colombo (Universit\u00e0 Iuav di Venezia y Politecnico di Milano) y Sabine Niederer (Colectivo de Metodolog\u00edas Visuales de la Universidad de Ciencias Aplicadas de \u00c1msterdam), este n\u00famero de Dise\u00f1a explora el \u00e1mbito de las im\u00e1genes en l\u00ednea como un sitio para la investigaci\u00f3n y el dise\u00f1o visual. Las contribuciones abordan la diversidad de formatos y usos de las im\u00e1genes en l\u00ednea; su recolecci\u00f3n, circulaci\u00f3n y co-creaci\u00f3n con m\u00e1quinas; y reflexionan sobre enfoques materiales, participativos y feministas del trabajo visual digital.","breadcrumb":{"@id":"https:\/\/fadeu.urantiacos.cl\/en\/2021\/09\/27\/disena-19_metodos-visuales-para-imagenes-en-linea-recoleccion-circulacion-y-co-creacion-con-maquinas\/#breadcrumb"},"inLanguage":"en-US","potentialAction":[{"@type":"ReadAction","target":["https:\/\/fadeu.urantiacos.cl\/en\/2021\/09\/27\/disena-19_metodos-visuales-para-imagenes-en-linea-recoleccion-circulacion-y-co-creacion-con-maquinas\/"]}]},{"@type":"ImageObject","inLanguage":"en-US","@id":"https:\/\/fadeu.urantiacos.cl\/en\/2021\/09\/27\/disena-19_metodos-visuales-para-imagenes-en-linea-recoleccion-circulacion-y-co-creacion-con-maquinas\/#primaryimage","url":"https:\/\/fadeu.urantiacos.cl\/wp-content\/uploads\/2023\/09\/WEB_Tapa-Disena-19entrevistas.jpg","contentUrl":"https:\/\/fadeu.urantiacos.cl\/wp-content\/uploads\/2023\/09\/WEB_Tapa-Disena-19entrevistas.jpg","width":350,"height":250},{"@type":"BreadcrumbList","@id":"https:\/\/fadeu.urantiacos.cl\/en\/2021\/09\/27\/disena-19_metodos-visuales-para-imagenes-en-linea-recoleccion-circulacion-y-co-creacion-con-maquinas\/#breadcrumb","itemListElement":[{"@type":"ListItem","position":1,"name":"Portada","item":"https:\/\/fadeu.urantiacos.cl\/en\/"},{"@type":"ListItem","position":2,"name":"Dise\u00f1a 19_M\u00e9todos visuales para im\u00e1genes en l\u00ednea: Recolecci\u00f3n, circulaci\u00f3n y co-creaci\u00f3n con m\u00e1quinas"}]},{"@type":"WebSite","@id":"https:\/\/fadeu.urantiacos.cl\/en\/#website","url":"https:\/\/fadeu.urantiacos.cl\/en\/","name":"Facultad de Arquitectura, Dise\u00f1o y Estudios Urbanos","description":"Campus Lo Contador","potentialAction":[{"@type":"SearchAction","target":{"@type":"EntryPoint","urlTemplate":"https:\/\/fadeu.urantiacos.cl\/en\/?s={search_term_string}"},"query-input":{"@type":"PropertyValueSpecification","valueRequired":true,"valueName":"search_term_string"}}],"inLanguage":"en-US"},{"@type":"Person","@id":"https:\/\/fadeu.urantiacos.cl\/en\/#\/schema\/person\/d203e2e84b1c40275eac77b3061a19a2","name":"manadmin","image":{"@type":"ImageObject","inLanguage":"en-US","@id":"https:\/\/fadeu.urantiacos.cl\/en\/#\/schema\/person\/image\/","url":"https:\/\/secure.gravatar.com\/avatar\/4b1d8e3303b4a9d8968ac578947d8bc80d9aea359f388cdd4aac15cadc0e8447?s=96&d=mm&r=g","contentUrl":"https:\/\/secure.gravatar.com\/avatar\/4b1d8e3303b4a9d8968ac578947d8bc80d9aea359f388cdd4aac15cadc0e8447?s=96&d=mm&r=g","caption":"manadmin"},"sameAs":["https:\/\/fadeu.urantiacos.cl"]}]}},"_links":{"self":[{"href":"https:\/\/fadeu.urantiacos.cl\/en\/wp-json\/wp\/v2\/posts\/6271","targetHints":{"allow":["GET"]}}],"collection":[{"href":"https:\/\/fadeu.urantiacos.cl\/en\/wp-json\/wp\/v2\/posts"}],"about":[{"href":"https:\/\/fadeu.urantiacos.cl\/en\/wp-json\/wp\/v2\/types\/post"}],"author":[{"embeddable":true,"href":"https:\/\/fadeu.urantiacos.cl\/en\/wp-json\/wp\/v2\/users\/1"}],"replies":[{"embeddable":true,"href":"https:\/\/fadeu.urantiacos.cl\/en\/wp-json\/wp\/v2\/comments?post=6271"}],"version-history":[{"count":1,"href":"https:\/\/fadeu.urantiacos.cl\/en\/wp-json\/wp\/v2\/posts\/6271\/revisions"}],"predecessor-version":[{"id":6275,"href":"https:\/\/fadeu.urantiacos.cl\/en\/wp-json\/wp\/v2\/posts\/6271\/revisions\/6275"}],"wp:featuredmedia":[{"embeddable":true,"href":"https:\/\/fadeu.urantiacos.cl\/en\/wp-json\/wp\/v2\/media\/6273"}],"wp:attachment":[{"href":"https:\/\/fadeu.urantiacos.cl\/en\/wp-json\/wp\/v2\/media?parent=6271"}],"wp:term":[{"taxonomy":"category","embeddable":true,"href":"https:\/\/fadeu.urantiacos.cl\/en\/wp-json\/wp\/v2\/categories?post=6271"},{"taxonomy":"post_tag","embeddable":true,"href":"https:\/\/fadeu.urantiacos.cl\/en\/wp-json\/wp\/v2\/tags?post=6271"}],"curies":[{"name":"wp","href":"https:\/\/api.w.org\/{rel}","templated":true}]}}