{"id":6267,"date":"2021-09-27T14:48:00","date_gmt":"2021-09-27T17:48:00","guid":{"rendered":"https:\/\/fadeu.urantiacos.cl\/?p=6267"},"modified":"2023-09-07T14:51:00","modified_gmt":"2023-09-07T17:51:00","slug":"adjudicacion-de-centro-basal-agencia-nacional-de-investigacion-y-desarrollo","status":"publish","type":"post","link":"https:\/\/fadeu.urantiacos.cl\/en\/2021\/09\/27\/adjudicacion-de-centro-basal-agencia-nacional-de-investigacion-y-desarrollo\/","title":{"rendered":"Adjudicaci\u00f3n de Centro Basal Agencia Nacional de Investigaci\u00f3n y Desarrollo"},"content":{"rendered":"\n<figure class=\"wp-block-image size-full\"><img decoding=\"async\" width=\"350\" height=\"250\" src=\"https:\/\/fadeu.urantiacos.cl\/wp-content\/uploads\/2023\/09\/centro_WEB_2021.jpg\" alt=\"\" class=\"wp-image-6268\" srcset=\"https:\/\/fadeu.urantiacos.cl\/wp-content\/uploads\/2023\/09\/centro_WEB_2021.jpg 350w, https:\/\/fadeu.urantiacos.cl\/wp-content\/uploads\/2023\/09\/centro_WEB_2021-300x214.jpg 300w\" sizes=\"(max-width: 350px) 100vw, 350px\" \/><\/figure>\n\n\n\n<p>La postulaci\u00f3n liderada por la Universidad de Magallanes, implic\u00f3 una serie de definiciones y articulaciones para liderar un proyecto que permitir\u00e1 estudiar y cuidar una Reserva Mundial de la Bi\u00f3sfera, junto con implementar distintas estrategias de v\u00ednculo entre cient\u00edficos y la comunidad de Puerto Williams para el desarrollo sustentable de la comunidad.<\/p>\n\n\n\n<p>Para el profesor Vivanco, \u201c\u2026esto tiene un impacto muy positivo para el Fab Lab Austral y para la Escuela de Dise\u00f1o UC, otorgando de un ecosistema de investigaci\u00f3n de excelencia para que tanto acad\u00e9micos como estudiantes puedan articular y desarrollar proyectos globales de impacto positivo para nuestro planeta, desde una escala local, comunitaria y tecnol\u00f3gica.&nbsp;Abordando los desaf\u00edos inmediatos y futuros de nuestra disciplina\u201d.<\/p>\n\n\n\n<p>Para el vicerrector de Investigaci\u00f3n, Pedro Buch\u00f3n \u201c\u2026estos concursos son extremadamente competitivos. Son por lejos los m\u00e1s complejos del sistema nacional y con una evaluaci\u00f3n por expertos internacionales, muy exigentes y con un amplio conocimiento disciplinar\u201d.<\/p>\n\n\n\n<figure class=\"wp-block-image size-full is-resized\"><img decoding=\"async\" src=\"https:\/\/fadeu.urantiacos.cl\/wp-content\/uploads\/2023\/09\/centro-992x615-1.jpeg\" alt=\"\" class=\"wp-image-6269\" style=\"width:1051px;height:1051px\" width=\"1051\" height=\"1051\"\/><\/figure>\n\n\n\n<p>INFORMACI\u00d3N PERIOD\u00cdSTICA\u00a0<br>ESCUELA DE DISE\u00d1O UC<\/p>\n","protected":false},"excerpt":{"rendered":"<p>El acad\u00e9mico y director del Fab Lab Austral, Tom\u00e1s Vivanco particip\u00f3 del equipo de investigadores de la Universidad Cat\u00f3lica que, como instituci\u00f3n asociada, se adjudic\u00f3 el financiamiento para el Centro Basal SubAnt\u00e1rtico Cabo de Hornos en Puerto Williams. Dentro del equipo UC tambi\u00e9n participaron la ex-decana de la Facultad de Educaci\u00f3n Lorena Media e Investigadores del Campus Villarrica, incluyendo tambi\u00e9n al Fab Lab Austral.<\/p>\n","protected":false},"author":1,"featured_media":6268,"comment_status":"open","ping_status":"open","sticky":false,"template":"","format":"standard","meta":{"_acf_changed":false,"footnotes":""},"categories":[1],"tags":[],"class_list":["post-6267","post","type-post","status-publish","format-standard","has-post-thumbnail","hentry","category-sin-categorizar"],"acf":[],"yoast_head":"<!-- This site is optimized with the Yoast SEO plugin v27.1.1 - https:\/\/yoast.com\/product\/yoast-seo-wordpress\/ -->\n<title>Adjudicaci\u00f3n de Centro Basal Agencia Nacional de Investigaci\u00f3n y Desarrollo - Facultad de Arquitectura, Dise\u00f1o y Estudios Urbanos<\/title>\n<meta name=\"description\" content=\"El acad\u00e9mico y director del Fab Lab Austral, Tom\u00e1s Vivanco particip\u00f3 del equipo de investigadores de la Universidad Cat\u00f3lica que, como instituci\u00f3n asociada, se adjudic\u00f3 el financiamiento para el Centro Basal SubAnt\u00e1rtico Cabo de Hornos en Puerto Williams. Dentro del equipo UC tambi\u00e9n participaron la ex-decana de la Facultad de Educaci\u00f3n Lorena Media e Investigadores del Campus Villarrica, incluyendo tambi\u00e9n al Fab Lab Austral.\" \/>\n<meta name=\"robots\" content=\"index, follow, max-snippet:-1, max-image-preview:large, max-video-preview:-1\" \/>\n<link rel=\"canonical\" href=\"https:\/\/fadeu.urantiacos.cl\/en\/2021\/09\/27\/adjudicacion-de-centro-basal-agencia-nacional-de-investigacion-y-desarrollo\/\" \/>\n<meta property=\"og:locale\" content=\"en_US\" \/>\n<meta property=\"og:type\" content=\"article\" \/>\n<meta property=\"og:title\" content=\"Adjudicaci\u00f3n de Centro Basal Agencia Nacional de Investigaci\u00f3n y Desarrollo - Facultad de Arquitectura, Dise\u00f1o y Estudios Urbanos\" \/>\n<meta property=\"og:description\" content=\"El acad\u00e9mico y director del Fab Lab Austral, Tom\u00e1s Vivanco particip\u00f3 del equipo de investigadores de la Universidad Cat\u00f3lica que, como instituci\u00f3n asociada, se adjudic\u00f3 el financiamiento para el Centro Basal SubAnt\u00e1rtico Cabo de Hornos en Puerto Williams. Dentro del equipo UC tambi\u00e9n participaron la ex-decana de la Facultad de Educaci\u00f3n Lorena Media e Investigadores del Campus Villarrica, incluyendo tambi\u00e9n al Fab Lab Austral.\" \/>\n<meta property=\"og:url\" content=\"https:\/\/fadeu.urantiacos.cl\/en\/2021\/09\/27\/adjudicacion-de-centro-basal-agencia-nacional-de-investigacion-y-desarrollo\/\" \/>\n<meta property=\"og:site_name\" content=\"Facultad de Arquitectura, Dise\u00f1o y Estudios Urbanos\" \/>\n<meta property=\"article:published_time\" content=\"2021-09-27T17:48:00+00:00\" \/>\n<meta property=\"article:modified_time\" content=\"2023-09-07T17:51:00+00:00\" \/>\n<meta property=\"og:image\" content=\"https:\/\/fadeu.urantiacos.cl\/wp-content\/uploads\/2023\/09\/centro_WEB_2021.jpg\" \/>\n\t<meta property=\"og:image:width\" content=\"350\" \/>\n\t<meta property=\"og:image:height\" content=\"250\" \/>\n\t<meta property=\"og:image:type\" content=\"image\/jpeg\" \/>\n<meta name=\"author\" content=\"manadmin\" \/>\n<meta name=\"twitter:card\" content=\"summary_large_image\" \/>\n<meta name=\"twitter:label1\" content=\"Written by\" \/>\n\t<meta name=\"twitter:data1\" content=\"manadmin\" \/>\n\t<meta name=\"twitter:label2\" content=\"Est. reading time\" \/>\n\t<meta name=\"twitter:data2\" content=\"1 minute\" \/>\n<script type=\"application\/ld+json\" class=\"yoast-schema-graph\">{\"@context\":\"https:\/\/schema.org\",\"@graph\":[{\"@type\":\"Article\",\"@id\":\"https:\/\/fadeu.urantiacos.cl\/en\/2021\/09\/27\/adjudicacion-de-centro-basal-agencia-nacional-de-investigacion-y-desarrollo\/#article\",\"isPartOf\":{\"@id\":\"https:\/\/fadeu.urantiacos.cl\/en\/2021\/09\/27\/adjudicacion-de-centro-basal-agencia-nacional-de-investigacion-y-desarrollo\/\"},\"author\":{\"name\":\"manadmin\",\"@id\":\"https:\/\/fadeu.urantiacos.cl\/en\/#\/schema\/person\/d203e2e84b1c40275eac77b3061a19a2\"},\"headline\":\"Adjudicaci\u00f3n de Centro Basal Agencia Nacional de Investigaci\u00f3n y Desarrollo\",\"datePublished\":\"2021-09-27T17:48:00+00:00\",\"dateModified\":\"2023-09-07T17:51:00+00:00\",\"mainEntityOfPage\":{\"@id\":\"https:\/\/fadeu.urantiacos.cl\/en\/2021\/09\/27\/adjudicacion-de-centro-basal-agencia-nacional-de-investigacion-y-desarrollo\/\"},\"wordCount\":187,\"commentCount\":0,\"image\":{\"@id\":\"https:\/\/fadeu.urantiacos.cl\/en\/2021\/09\/27\/adjudicacion-de-centro-basal-agencia-nacional-de-investigacion-y-desarrollo\/#primaryimage\"},\"thumbnailUrl\":\"https:\/\/fadeu.urantiacos.cl\/wp-content\/uploads\/2023\/09\/centro_WEB_2021.jpg\",\"articleSection\":[\"Sin categorizar\"],\"inLanguage\":\"en-US\",\"potentialAction\":[{\"@type\":\"CommentAction\",\"name\":\"Comment\",\"target\":[\"https:\/\/fadeu.urantiacos.cl\/en\/2021\/09\/27\/adjudicacion-de-centro-basal-agencia-nacional-de-investigacion-y-desarrollo\/#respond\"]}]},{\"@type\":\"WebPage\",\"@id\":\"https:\/\/fadeu.urantiacos.cl\/en\/2021\/09\/27\/adjudicacion-de-centro-basal-agencia-nacional-de-investigacion-y-desarrollo\/\",\"url\":\"https:\/\/fadeu.urantiacos.cl\/en\/2021\/09\/27\/adjudicacion-de-centro-basal-agencia-nacional-de-investigacion-y-desarrollo\/\",\"name\":\"Adjudicaci\u00f3n de Centro Basal Agencia Nacional de Investigaci\u00f3n y Desarrollo - Facultad de Arquitectura, Dise\u00f1o y Estudios Urbanos\",\"isPartOf\":{\"@id\":\"https:\/\/fadeu.urantiacos.cl\/en\/#website\"},\"primaryImageOfPage\":{\"@id\":\"https:\/\/fadeu.urantiacos.cl\/en\/2021\/09\/27\/adjudicacion-de-centro-basal-agencia-nacional-de-investigacion-y-desarrollo\/#primaryimage\"},\"image\":{\"@id\":\"https:\/\/fadeu.urantiacos.cl\/en\/2021\/09\/27\/adjudicacion-de-centro-basal-agencia-nacional-de-investigacion-y-desarrollo\/#primaryimage\"},\"thumbnailUrl\":\"https:\/\/fadeu.urantiacos.cl\/wp-content\/uploads\/2023\/09\/centro_WEB_2021.jpg\",\"datePublished\":\"2021-09-27T17:48:00+00:00\",\"dateModified\":\"2023-09-07T17:51:00+00:00\",\"author\":{\"@id\":\"https:\/\/fadeu.urantiacos.cl\/en\/#\/schema\/person\/d203e2e84b1c40275eac77b3061a19a2\"},\"description\":\"El acad\u00e9mico y director del Fab Lab Austral, Tom\u00e1s Vivanco particip\u00f3 del equipo de investigadores de la Universidad Cat\u00f3lica que, como instituci\u00f3n asociada, se adjudic\u00f3 el financiamiento para el Centro Basal SubAnt\u00e1rtico Cabo de Hornos en Puerto Williams. Dentro del equipo UC tambi\u00e9n participaron la ex-decana de la Facultad de Educaci\u00f3n Lorena Media e Investigadores del Campus Villarrica, incluyendo tambi\u00e9n al Fab Lab Austral.\",\"breadcrumb\":{\"@id\":\"https:\/\/fadeu.urantiacos.cl\/en\/2021\/09\/27\/adjudicacion-de-centro-basal-agencia-nacional-de-investigacion-y-desarrollo\/#breadcrumb\"},\"inLanguage\":\"en-US\",\"potentialAction\":[{\"@type\":\"ReadAction\",\"target\":[\"https:\/\/fadeu.urantiacos.cl\/en\/2021\/09\/27\/adjudicacion-de-centro-basal-agencia-nacional-de-investigacion-y-desarrollo\/\"]}]},{\"@type\":\"ImageObject\",\"inLanguage\":\"en-US\",\"@id\":\"https:\/\/fadeu.urantiacos.cl\/en\/2021\/09\/27\/adjudicacion-de-centro-basal-agencia-nacional-de-investigacion-y-desarrollo\/#primaryimage\",\"url\":\"https:\/\/fadeu.urantiacos.cl\/wp-content\/uploads\/2023\/09\/centro_WEB_2021.jpg\",\"contentUrl\":\"https:\/\/fadeu.urantiacos.cl\/wp-content\/uploads\/2023\/09\/centro_WEB_2021.jpg\",\"width\":350,\"height\":250},{\"@type\":\"BreadcrumbList\",\"@id\":\"https:\/\/fadeu.urantiacos.cl\/en\/2021\/09\/27\/adjudicacion-de-centro-basal-agencia-nacional-de-investigacion-y-desarrollo\/#breadcrumb\",\"itemListElement\":[{\"@type\":\"ListItem\",\"position\":1,\"name\":\"Portada\",\"item\":\"https:\/\/fadeu.urantiacos.cl\/en\/\"},{\"@type\":\"ListItem\",\"position\":2,\"name\":\"Adjudicaci\u00f3n de Centro Basal Agencia Nacional de Investigaci\u00f3n y Desarrollo\"}]},{\"@type\":\"WebSite\",\"@id\":\"https:\/\/fadeu.urantiacos.cl\/en\/#website\",\"url\":\"https:\/\/fadeu.urantiacos.cl\/en\/\",\"name\":\"Facultad de Arquitectura, Dise\u00f1o y Estudios Urbanos\",\"description\":\"Campus Lo Contador\",\"potentialAction\":[{\"@type\":\"SearchAction\",\"target\":{\"@type\":\"EntryPoint\",\"urlTemplate\":\"https:\/\/fadeu.urantiacos.cl\/en\/?s={search_term_string}\"},\"query-input\":{\"@type\":\"PropertyValueSpecification\",\"valueRequired\":true,\"valueName\":\"search_term_string\"}}],\"inLanguage\":\"en-US\"},{\"@type\":\"Person\",\"@id\":\"https:\/\/fadeu.urantiacos.cl\/en\/#\/schema\/person\/d203e2e84b1c40275eac77b3061a19a2\",\"name\":\"manadmin\",\"image\":{\"@type\":\"ImageObject\",\"inLanguage\":\"en-US\",\"@id\":\"https:\/\/fadeu.urantiacos.cl\/en\/#\/schema\/person\/image\/\",\"url\":\"https:\/\/secure.gravatar.com\/avatar\/4b1d8e3303b4a9d8968ac578947d8bc80d9aea359f388cdd4aac15cadc0e8447?s=96&d=mm&r=g\",\"contentUrl\":\"https:\/\/secure.gravatar.com\/avatar\/4b1d8e3303b4a9d8968ac578947d8bc80d9aea359f388cdd4aac15cadc0e8447?s=96&d=mm&r=g\",\"caption\":\"manadmin\"},\"sameAs\":[\"https:\/\/fadeu.urantiacos.cl\"]}]}<\/script>\n<!-- \/ Yoast SEO plugin. -->","yoast_head_json":{"title":"Adjudicaci\u00f3n de Centro Basal Agencia Nacional de Investigaci\u00f3n y Desarrollo - Facultad de Arquitectura, Dise\u00f1o y Estudios Urbanos","description":"El acad\u00e9mico y director del Fab Lab Austral, Tom\u00e1s Vivanco particip\u00f3 del equipo de investigadores de la Universidad Cat\u00f3lica que, como instituci\u00f3n asociada, se adjudic\u00f3 el financiamiento para el Centro Basal SubAnt\u00e1rtico Cabo de Hornos en Puerto Williams. Dentro del equipo UC tambi\u00e9n participaron la ex-decana de la Facultad de Educaci\u00f3n Lorena Media e Investigadores del Campus Villarrica, incluyendo tambi\u00e9n al Fab Lab Austral.","robots":{"index":"index","follow":"follow","max-snippet":"max-snippet:-1","max-image-preview":"max-image-preview:large","max-video-preview":"max-video-preview:-1"},"canonical":"https:\/\/fadeu.urantiacos.cl\/en\/2021\/09\/27\/adjudicacion-de-centro-basal-agencia-nacional-de-investigacion-y-desarrollo\/","og_locale":"en_US","og_type":"article","og_title":"Adjudicaci\u00f3n de Centro Basal Agencia Nacional de Investigaci\u00f3n y Desarrollo - Facultad de Arquitectura, Dise\u00f1o y Estudios Urbanos","og_description":"El acad\u00e9mico y director del Fab Lab Austral, Tom\u00e1s Vivanco particip\u00f3 del equipo de investigadores de la Universidad Cat\u00f3lica que, como instituci\u00f3n asociada, se adjudic\u00f3 el financiamiento para el Centro Basal SubAnt\u00e1rtico Cabo de Hornos en Puerto Williams. Dentro del equipo UC tambi\u00e9n participaron la ex-decana de la Facultad de Educaci\u00f3n Lorena Media e Investigadores del Campus Villarrica, incluyendo tambi\u00e9n al Fab Lab Austral.","og_url":"https:\/\/fadeu.urantiacos.cl\/en\/2021\/09\/27\/adjudicacion-de-centro-basal-agencia-nacional-de-investigacion-y-desarrollo\/","og_site_name":"Facultad de Arquitectura, Dise\u00f1o y Estudios Urbanos","article_published_time":"2021-09-27T17:48:00+00:00","article_modified_time":"2023-09-07T17:51:00+00:00","og_image":[{"width":350,"height":250,"url":"https:\/\/fadeu.urantiacos.cl\/wp-content\/uploads\/2023\/09\/centro_WEB_2021.jpg","type":"image\/jpeg"}],"author":"manadmin","twitter_card":"summary_large_image","twitter_misc":{"Written by":"manadmin","Est. reading time":"1 minute"},"schema":{"@context":"https:\/\/schema.org","@graph":[{"@type":"Article","@id":"https:\/\/fadeu.urantiacos.cl\/en\/2021\/09\/27\/adjudicacion-de-centro-basal-agencia-nacional-de-investigacion-y-desarrollo\/#article","isPartOf":{"@id":"https:\/\/fadeu.urantiacos.cl\/en\/2021\/09\/27\/adjudicacion-de-centro-basal-agencia-nacional-de-investigacion-y-desarrollo\/"},"author":{"name":"manadmin","@id":"https:\/\/fadeu.urantiacos.cl\/en\/#\/schema\/person\/d203e2e84b1c40275eac77b3061a19a2"},"headline":"Adjudicaci\u00f3n de Centro Basal Agencia Nacional de Investigaci\u00f3n y Desarrollo","datePublished":"2021-09-27T17:48:00+00:00","dateModified":"2023-09-07T17:51:00+00:00","mainEntityOfPage":{"@id":"https:\/\/fadeu.urantiacos.cl\/en\/2021\/09\/27\/adjudicacion-de-centro-basal-agencia-nacional-de-investigacion-y-desarrollo\/"},"wordCount":187,"commentCount":0,"image":{"@id":"https:\/\/fadeu.urantiacos.cl\/en\/2021\/09\/27\/adjudicacion-de-centro-basal-agencia-nacional-de-investigacion-y-desarrollo\/#primaryimage"},"thumbnailUrl":"https:\/\/fadeu.urantiacos.cl\/wp-content\/uploads\/2023\/09\/centro_WEB_2021.jpg","articleSection":["Sin categorizar"],"inLanguage":"en-US","potentialAction":[{"@type":"CommentAction","name":"Comment","target":["https:\/\/fadeu.urantiacos.cl\/en\/2021\/09\/27\/adjudicacion-de-centro-basal-agencia-nacional-de-investigacion-y-desarrollo\/#respond"]}]},{"@type":"WebPage","@id":"https:\/\/fadeu.urantiacos.cl\/en\/2021\/09\/27\/adjudicacion-de-centro-basal-agencia-nacional-de-investigacion-y-desarrollo\/","url":"https:\/\/fadeu.urantiacos.cl\/en\/2021\/09\/27\/adjudicacion-de-centro-basal-agencia-nacional-de-investigacion-y-desarrollo\/","name":"Adjudicaci\u00f3n de Centro Basal Agencia Nacional de Investigaci\u00f3n y Desarrollo - Facultad de Arquitectura, Dise\u00f1o y Estudios Urbanos","isPartOf":{"@id":"https:\/\/fadeu.urantiacos.cl\/en\/#website"},"primaryImageOfPage":{"@id":"https:\/\/fadeu.urantiacos.cl\/en\/2021\/09\/27\/adjudicacion-de-centro-basal-agencia-nacional-de-investigacion-y-desarrollo\/#primaryimage"},"image":{"@id":"https:\/\/fadeu.urantiacos.cl\/en\/2021\/09\/27\/adjudicacion-de-centro-basal-agencia-nacional-de-investigacion-y-desarrollo\/#primaryimage"},"thumbnailUrl":"https:\/\/fadeu.urantiacos.cl\/wp-content\/uploads\/2023\/09\/centro_WEB_2021.jpg","datePublished":"2021-09-27T17:48:00+00:00","dateModified":"2023-09-07T17:51:00+00:00","author":{"@id":"https:\/\/fadeu.urantiacos.cl\/en\/#\/schema\/person\/d203e2e84b1c40275eac77b3061a19a2"},"description":"El acad\u00e9mico y director del Fab Lab Austral, Tom\u00e1s Vivanco particip\u00f3 del equipo de investigadores de la Universidad Cat\u00f3lica que, como instituci\u00f3n asociada, se adjudic\u00f3 el financiamiento para el Centro Basal SubAnt\u00e1rtico Cabo de Hornos en Puerto Williams. Dentro del equipo UC tambi\u00e9n participaron la ex-decana de la Facultad de Educaci\u00f3n Lorena Media e Investigadores del Campus Villarrica, incluyendo tambi\u00e9n al Fab Lab Austral.","breadcrumb":{"@id":"https:\/\/fadeu.urantiacos.cl\/en\/2021\/09\/27\/adjudicacion-de-centro-basal-agencia-nacional-de-investigacion-y-desarrollo\/#breadcrumb"},"inLanguage":"en-US","potentialAction":[{"@type":"ReadAction","target":["https:\/\/fadeu.urantiacos.cl\/en\/2021\/09\/27\/adjudicacion-de-centro-basal-agencia-nacional-de-investigacion-y-desarrollo\/"]}]},{"@type":"ImageObject","inLanguage":"en-US","@id":"https:\/\/fadeu.urantiacos.cl\/en\/2021\/09\/27\/adjudicacion-de-centro-basal-agencia-nacional-de-investigacion-y-desarrollo\/#primaryimage","url":"https:\/\/fadeu.urantiacos.cl\/wp-content\/uploads\/2023\/09\/centro_WEB_2021.jpg","contentUrl":"https:\/\/fadeu.urantiacos.cl\/wp-content\/uploads\/2023\/09\/centro_WEB_2021.jpg","width":350,"height":250},{"@type":"BreadcrumbList","@id":"https:\/\/fadeu.urantiacos.cl\/en\/2021\/09\/27\/adjudicacion-de-centro-basal-agencia-nacional-de-investigacion-y-desarrollo\/#breadcrumb","itemListElement":[{"@type":"ListItem","position":1,"name":"Portada","item":"https:\/\/fadeu.urantiacos.cl\/en\/"},{"@type":"ListItem","position":2,"name":"Adjudicaci\u00f3n de Centro Basal Agencia Nacional de Investigaci\u00f3n y Desarrollo"}]},{"@type":"WebSite","@id":"https:\/\/fadeu.urantiacos.cl\/en\/#website","url":"https:\/\/fadeu.urantiacos.cl\/en\/","name":"Facultad de Arquitectura, Dise\u00f1o y Estudios Urbanos","description":"Campus Lo Contador","potentialAction":[{"@type":"SearchAction","target":{"@type":"EntryPoint","urlTemplate":"https:\/\/fadeu.urantiacos.cl\/en\/?s={search_term_string}"},"query-input":{"@type":"PropertyValueSpecification","valueRequired":true,"valueName":"search_term_string"}}],"inLanguage":"en-US"},{"@type":"Person","@id":"https:\/\/fadeu.urantiacos.cl\/en\/#\/schema\/person\/d203e2e84b1c40275eac77b3061a19a2","name":"manadmin","image":{"@type":"ImageObject","inLanguage":"en-US","@id":"https:\/\/fadeu.urantiacos.cl\/en\/#\/schema\/person\/image\/","url":"https:\/\/secure.gravatar.com\/avatar\/4b1d8e3303b4a9d8968ac578947d8bc80d9aea359f388cdd4aac15cadc0e8447?s=96&d=mm&r=g","contentUrl":"https:\/\/secure.gravatar.com\/avatar\/4b1d8e3303b4a9d8968ac578947d8bc80d9aea359f388cdd4aac15cadc0e8447?s=96&d=mm&r=g","caption":"manadmin"},"sameAs":["https:\/\/fadeu.urantiacos.cl"]}]}},"_links":{"self":[{"href":"https:\/\/fadeu.urantiacos.cl\/en\/wp-json\/wp\/v2\/posts\/6267","targetHints":{"allow":["GET"]}}],"collection":[{"href":"https:\/\/fadeu.urantiacos.cl\/en\/wp-json\/wp\/v2\/posts"}],"about":[{"href":"https:\/\/fadeu.urantiacos.cl\/en\/wp-json\/wp\/v2\/types\/post"}],"author":[{"embeddable":true,"href":"https:\/\/fadeu.urantiacos.cl\/en\/wp-json\/wp\/v2\/users\/1"}],"replies":[{"embeddable":true,"href":"https:\/\/fadeu.urantiacos.cl\/en\/wp-json\/wp\/v2\/comments?post=6267"}],"version-history":[{"count":1,"href":"https:\/\/fadeu.urantiacos.cl\/en\/wp-json\/wp\/v2\/posts\/6267\/revisions"}],"predecessor-version":[{"id":6270,"href":"https:\/\/fadeu.urantiacos.cl\/en\/wp-json\/wp\/v2\/posts\/6267\/revisions\/6270"}],"wp:featuredmedia":[{"embeddable":true,"href":"https:\/\/fadeu.urantiacos.cl\/en\/wp-json\/wp\/v2\/media\/6268"}],"wp:attachment":[{"href":"https:\/\/fadeu.urantiacos.cl\/en\/wp-json\/wp\/v2\/media?parent=6267"}],"wp:term":[{"taxonomy":"category","embeddable":true,"href":"https:\/\/fadeu.urantiacos.cl\/en\/wp-json\/wp\/v2\/categories?post=6267"},{"taxonomy":"post_tag","embeddable":true,"href":"https:\/\/fadeu.urantiacos.cl\/en\/wp-json\/wp\/v2\/tags?post=6267"}],"curies":[{"name":"wp","href":"https:\/\/api.w.org\/{rel}","templated":true}]}}